{"id":80776,"date":"2025-07-21T15:20:57","date_gmt":"2025-07-21T13:20:57","guid":{"rendered":"https:\/\/vosgesinfo.fr\/gerardmerinfo\/?p=80776"},"modified":"2025-07-21T14:56:17","modified_gmt":"2025-07-21T12:56:17","slug":"le-centre-de-secours-de-gerardmer-accueille-un-nouveau-chef","status":"publish","type":"post","link":"https:\/\/vosgesinfo.fr\/gerardmerinfo\/2025\/07\/le-centre-de-secours-de-gerardmer-accueille-un-nouveau-chef\/","title":{"rendered":"Le centre de secours de G\u00e9rardmer accueille un nouveau chef"},"content":{"rendered":"<h3 data-pm-slice=\"1 1 []\">G\u00e9rardmer accueille un nouveau chef de centre en la personne du lieutenant Francis Hans, qui succ\u00e8dera donc au capitaine Yvan Ertzbischoff, une vieille connaissance qui \u00e9tait en poste depuis plus de 8 ans.<\/h3>\n<p>R\u00e9sidant \u00e0 Saint-Etienne-l\u00e8s-Remiremont, Francis Hants est entr\u00e9 chez les sapeurs-pompiers en 1983 en tant que volontaire avant de passer professionnel en 1989. Il est donc pass\u00e9 par la brigade des sapeurs-pompiers de Paris avant de faire ses d\u00e9buts professionnels dans la Meuse et de prolonger sa carri\u00e8re dans les Vosges. Sans \u00eatre exhaustif, il est pass\u00e9 par les centres d&rsquo;\u00c9pinal, Neufch\u00e2teau, Charmes, Rambervillers avant d&rsquo;\u00eatre nomm\u00e9 \u00e0 G\u00e9rardmer.<\/p>\n<div id=\"attachment_80777\" style=\"width: 235px\" class=\"wp-caption alignright\"><a href=\"https:\/\/vosgesinfo.fr\/app\/uploads\/sites\/6\/2025\/07\/francis-hants-yvan-h-centre-de-secours-de-gerardmer.jpg\"><img decoding=\"async\" aria-describedby=\"caption-attachment-80777\" class=\"size-medium wp-image-80777\" src=\"https:\/\/vosgesinfo.fr\/app\/uploads\/sites\/6\/2025\/07\/francis-hants-yvan-h-centre-de-secours-de-gerardmer-225x300.jpg\" alt=\"\" width=\"225\" height=\"300\" srcset=\"https:\/\/vosgesinfo.fr\/app\/uploads\/sites\/6\/2025\/07\/francis-hants-yvan-h-centre-de-secours-de-gerardmer-225x300.jpg 225w, https:\/\/vosgesinfo.fr\/app\/uploads\/sites\/6\/2025\/07\/francis-hants-yvan-h-centre-de-secours-de-gerardmer-768x1024.jpg 768w, https:\/\/vosgesinfo.fr\/app\/uploads\/sites\/6\/2025\/07\/francis-hants-yvan-h-centre-de-secours-de-gerardmer-1152x1536.jpg 1152w, https:\/\/vosgesinfo.fr\/app\/uploads\/sites\/6\/2025\/07\/francis-hants-yvan-h-centre-de-secours-de-gerardmer.jpg 1536w\" sizes=\"(max-width: 225px) 100vw, 225px\" \/><\/a><p id=\"caption-attachment-80777\" class=\"wp-caption-text\">De gauche \u00e0 droite : Yvan Ertzbischoff et Francis Hans.<\/p><\/div>\n<p>Des nouvelles fonctions qui semblent ravir le lieutenant qui va d\u00e9sirer \u00e9voluer dans un centre de montagne qui d\u00e9fend une zone touristique avec un bassin de population cons\u00e9quent en p\u00e9riode de vacances et un calendrier rythm\u00e9 par de grands \u00e9v\u00e9nements festifs, sportifs et culturels tout au long de l&rsquo;ann\u00e9e : \u00a0\u00bb Cela demande une gestion particuli\u00e8re \u00e9t\u00e9 comme hiver sur un site sp\u00e9cifique, avec \u00e9galement une pr\u00e9sence importante d&rsquo;industries textiles ou encore agroalimentaires (au Tholy et \u00e0 Corcieux), \u00a0\u00bb pr\u00e9cise Francis Hans qui ne tarit pas d&rsquo;\u00e9loges sur le site lui-m\u00eame \u00e9galement : \u00ab\u00a0C&rsquo;est un beau centre de secours, proche du centre-ville, ce qui lui donne une \u00e2me : nous sommes proches de la population, et c&rsquo;est un peu comme une institution de type mairie, o\u00f9 les gens peuvent s&rsquo;arr\u00eater. Les locaux sont r\u00e9cents, il y a une belle vue et un beau cadre de vie, et le SDIS a mis le paquet au niveau des \u00e9quipements et des v\u00e9hicules. C&rsquo;est aussi un centre avec beaucoup de sp\u00e9cialit\u00e9s.<\/p>\n<p>\u00c9galement \u00e9lu au sein de la municipalit\u00e9 de Saint-\u00c9tienne, Francis Hans se veut rassurant : \u00ab\u00a0Je suis sapeur-pompier avant tout et il y a des priorit\u00e9s. Je serai pr\u00e9sent sur les grosses interventions, aupr\u00e8s de mes hommes. C&rsquo;est dans la nature des sapeurs-pompiers de s&rsquo;engager, de donner de son temps, que ce soit dans des associations ou en tant qu&rsquo;\u00e9lu. Mais il faut bien faire la part des choses et veiller \u00e0 ce qu&rsquo;il n&rsquo;y ait pas une fonction qui compense l&rsquo;autre. Il faut \u00eatre vigilant sur les paroles et les postures&rsquo;. En parlant d&rsquo;engagement, le lieutenant a rappel\u00e9 que le centre de secours \u00e9tait ouvert \u00e0 toutes et \u00e0 tous, \u00e0 toute personne qui veut donner de son temps. Et si chaque chef de centre apporte g\u00e9n\u00e9ralement \u00ab\u00a0sa patte\u00a0\u00bb, pas de grands changements \u00e0 venir dans l&rsquo;imm\u00e9diat : \u00ab\u00a0Sans le vouloir, on s&rsquo;est un peu suivi avec Yvan, on se connait bien et on a une vision assez similaire\u00a0\u00bb, conclut Francis Hans. Un passage de flambeaux officiel devrait donc \u00eatre programm\u00e9 prochainement, en septembre si les plan\u00e8tes s\u2019alignent bien.<\/p>\n","protected":false},"excerpt":{"rendered":"<p>G\u00e9rardmer accueille un nouveau chef de centre en la personne du lieutenant Francis Hans, qui succ\u00e8dera donc au capitaine Yvan [&hellip;]<\/p>\n","protected":false},"author":42,"featured_media":80777,"comment_status":"open","ping_status":"open","sticky":false,"template":"","format":"standard","meta":{"footnotes":""},"categories":[20,25,5647],"tags":[],"class_list":["post-80776","post","type-post","status-publish","format-standard","has-post-thumbnail","hentry","category-a-la-une","category-gerardmer","category-gerardmer-autres-sites"],"acf":[],"yoast_head":"<!-- This site is optimized with the Yoast SEO plugin v22.5 - https:\/\/yoast.com\/wordpress\/plugins\/seo\/ -->\n<title>Le centre de secours de G\u00e9rardmer accueille un nouveau chef - Gerardmer Info<\/title>\n<meta name=\"robots\" content=\"index, follow, max-snippet:-1, max-image-preview:large, max-video-preview:-1\" \/>\n<link rel=\"canonical\" href=\"https:\/\/vosgesinfo.fr\/gerardmerinfo\/2025\/07\/le-centre-de-secours-de-gerardmer-accueille-un-nouveau-chef\/\" \/>\n<meta name=\"twitter:card\" content=\"summary_large_image\" \/>\n<meta name=\"twitter:title\" content=\"Le centre de secours de G\u00e9rardmer accueille un nouveau chef - Gerardmer Info\" \/>\n<meta name=\"twitter:description\" content=\"G\u00e9rardmer accueille un nouveau chef de centre en la personne du lieutenant Francis Hans, qui succ\u00e8dera donc au capitaine Yvan [&hellip;]\" \/>\n<meta name=\"twitter:image\" content=\"https:\/\/vosgesinfo.fr\/app\/uploads\/sites\/6\/2025\/07\/francis-hants-yvan-h-centre-de-secours-de-gerardmer.jpg\" \/>\n<meta name=\"twitter:creator\" content=\"@VosgesInfo88\" \/>\n<meta name=\"twitter:site\" content=\"@VosgesInfo88\" \/>\n<meta name=\"twitter:label1\" content=\"\u00c9crit par\" \/>\n\t<meta name=\"twitter:data1\" content=\"QG\" \/>\n\t<meta name=\"twitter:label2\" content=\"Dur\u00e9e de lecture estim\u00e9e\" \/>\n\t<meta name=\"twitter:data2\" content=\"2 minutes\" \/>\n<script type=\"application\/ld+json\" class=\"yoast-schema-graph\">{\"@context\":\"https:\/\/schema.org\",\"@graph\":[{\"@type\":\"Article\",\"@id\":\"https:\/\/vosgesinfo.fr\/gerardmerinfo\/2025\/07\/le-centre-de-secours-de-gerardmer-accueille-un-nouveau-chef\/#article\",\"isPartOf\":{\"@id\":\"https:\/\/vosgesinfo.fr\/gerardmerinfo\/2025\/07\/le-centre-de-secours-de-gerardmer-accueille-un-nouveau-chef\/\"},\"author\":{\"name\":\"QG\",\"@id\":\"https:\/\/vosgesinfo.fr\/gerardmerinfo\/#\/schema\/person\/db5605779a843dad16b5368f3e7613a5\"},\"headline\":\"Le centre de secours de G\u00e9rardmer accueille un nouveau chef\",\"datePublished\":\"2025-07-21T13:20:57+00:00\",\"dateModified\":\"2025-07-21T12:56:17+00:00\",\"mainEntityOfPage\":{\"@id\":\"https:\/\/vosgesinfo.fr\/gerardmerinfo\/2025\/07\/le-centre-de-secours-de-gerardmer-accueille-un-nouveau-chef\/\"},\"wordCount\":508,\"commentCount\":0,\"publisher\":{\"@id\":\"https:\/\/vosgesinfo.fr\/gerardmerinfo\/#organization\"},\"image\":{\"@id\":\"https:\/\/vosgesinfo.fr\/gerardmerinfo\/2025\/07\/le-centre-de-secours-de-gerardmer-accueille-un-nouveau-chef\/#primaryimage\"},\"thumbnailUrl\":\"https:\/\/vosgesinfo.fr\/app\/uploads\/sites\/6\/2025\/07\/francis-hants-yvan-h-centre-de-secours-de-gerardmer.jpg\",\"articleSection\":[\"A la une\",\"G\u00e9rardmer\",\"Gerardmer\"],\"inLanguage\":\"fr-FR\",\"potentialAction\":[{\"@type\":\"CommentAction\",\"name\":\"Comment\",\"target\":[\"https:\/\/vosgesinfo.fr\/gerardmerinfo\/2025\/07\/le-centre-de-secours-de-gerardmer-accueille-un-nouveau-chef\/#respond\"]}]},{\"@type\":\"WebPage\",\"@id\":\"https:\/\/vosgesinfo.fr\/gerardmerinfo\/2025\/07\/le-centre-de-secours-de-gerardmer-accueille-un-nouveau-chef\/\",\"url\":\"https:\/\/vosgesinfo.fr\/gerardmerinfo\/2025\/07\/le-centre-de-secours-de-gerardmer-accueille-un-nouveau-chef\/\",\"name\":\"Le centre de secours de G\u00e9rardmer accueille un nouveau chef - Gerardmer Info\",\"isPartOf\":{\"@id\":\"https:\/\/vosgesinfo.fr\/gerardmerinfo\/#website\"},\"primaryImageOfPage\":{\"@id\":\"https:\/\/vosgesinfo.fr\/gerardmerinfo\/2025\/07\/le-centre-de-secours-de-gerardmer-accueille-un-nouveau-chef\/#primaryimage\"},\"image\":{\"@id\":\"https:\/\/vosgesinfo.fr\/gerardmerinfo\/2025\/07\/le-centre-de-secours-de-gerardmer-accueille-un-nouveau-chef\/#primaryimage\"},\"thumbnailUrl\":\"https:\/\/vosgesinfo.fr\/app\/uploads\/sites\/6\/2025\/07\/francis-hants-yvan-h-centre-de-secours-de-gerardmer.jpg\",\"datePublished\":\"2025-07-21T13:20:57+00:00\",\"dateModified\":\"2025-07-21T12:56:17+00:00\",\"breadcrumb\":{\"@id\":\"https:\/\/vosgesinfo.fr\/gerardmerinfo\/2025\/07\/le-centre-de-secours-de-gerardmer-accueille-un-nouveau-chef\/#breadcrumb\"},\"inLanguage\":\"fr-FR\",\"potentialAction\":[{\"@type\":\"ReadAction\",\"target\":[\"https:\/\/vosgesinfo.fr\/gerardmerinfo\/2025\/07\/le-centre-de-secours-de-gerardmer-accueille-un-nouveau-chef\/\"]}]},{\"@type\":\"ImageObject\",\"inLanguage\":\"fr-FR\",\"@id\":\"https:\/\/vosgesinfo.fr\/gerardmerinfo\/2025\/07\/le-centre-de-secours-de-gerardmer-accueille-un-nouveau-chef\/#primaryimage\",\"url\":\"https:\/\/vosgesinfo.fr\/app\/uploads\/sites\/6\/2025\/07\/francis-hants-yvan-h-centre-de-secours-de-gerardmer.jpg\",\"contentUrl\":\"https:\/\/vosgesinfo.fr\/app\/uploads\/sites\/6\/2025\/07\/francis-hants-yvan-h-centre-de-secours-de-gerardmer.jpg\",\"width\":1536,\"height\":2048,\"caption\":\"De gauche \u00e0 droite : Yvan Ertzbischoff et Francis Hans.\"},{\"@type\":\"BreadcrumbList\",\"@id\":\"https:\/\/vosgesinfo.fr\/gerardmerinfo\/2025\/07\/le-centre-de-secours-de-gerardmer-accueille-un-nouveau-chef\/#breadcrumb\",\"itemListElement\":[{\"@type\":\"ListItem\",\"position\":1,\"name\":\"Home\",\"item\":\"https:\/\/vosgesinfo.fr\/gerardmerinfo\/\"},{\"@type\":\"ListItem\",\"position\":2,\"name\":\"Le centre de secours de G\u00e9rardmer accueille un nouveau chef\"}]},{\"@type\":\"WebSite\",\"@id\":\"https:\/\/vosgesinfo.fr\/gerardmerinfo\/#website\",\"url\":\"https:\/\/vosgesinfo.fr\/gerardmerinfo\/\",\"name\":\"Gerardmer Info\",\"description\":\"Toute l&#039;actualit\u00e9 de G\u00e9rardmer\",\"publisher\":{\"@id\":\"https:\/\/vosgesinfo.fr\/gerardmerinfo\/#organization\"},\"alternateName\":\"Toute l'actualit\u00e9 de G\u00e9rardmer\",\"potentialAction\":[{\"@type\":\"SearchAction\",\"target\":{\"@type\":\"EntryPoint\",\"urlTemplate\":\"https:\/\/vosgesinfo.fr\/gerardmerinfo\/?s={search_term_string}\"},\"query-input\":\"required name=search_term_string\"}],\"inLanguage\":\"fr-FR\"},{\"@type\":\"Organization\",\"@id\":\"https:\/\/vosgesinfo.fr\/gerardmerinfo\/#organization\",\"name\":\"Gerardmer Info\",\"url\":\"https:\/\/vosgesinfo.fr\/gerardmerinfo\/\",\"logo\":{\"@type\":\"ImageObject\",\"inLanguage\":\"fr-FR\",\"@id\":\"https:\/\/vosgesinfo.fr\/gerardmerinfo\/#\/schema\/logo\/image\/\",\"url\":\"https:\/\/vosgesinfo.fr\/app\/uploads\/sites\/6\/2023\/08\/favicon-gerardmerinfo.png\",\"contentUrl\":\"https:\/\/vosgesinfo.fr\/app\/uploads\/sites\/6\/2023\/08\/favicon-gerardmerinfo.png\",\"width\":512,\"height\":512,\"caption\":\"Gerardmer Info\"},\"image\":{\"@id\":\"https:\/\/vosgesinfo.fr\/gerardmerinfo\/#\/schema\/logo\/image\/\"},\"sameAs\":[\"https:\/\/www.facebook.com\/profile.php?id=100049475262660\",\"https:\/\/x.com\/VosgesInfo88\",\"https:\/\/www.youtube.com\/@vosgesinfo\"]},{\"@type\":\"Person\",\"@id\":\"https:\/\/vosgesinfo.fr\/gerardmerinfo\/#\/schema\/person\/db5605779a843dad16b5368f3e7613a5\",\"name\":\"QG\",\"image\":{\"@type\":\"ImageObject\",\"inLanguage\":\"fr-FR\",\"@id\":\"https:\/\/vosgesinfo.fr\/gerardmerinfo\/#\/schema\/person\/image\/\",\"url\":\"https:\/\/secure.gravatar.com\/avatar\/ea80c42c204b534408512832fde52504ecabb9706bcb6151cf6175e5b64e6793?s=96&d=mm&r=g\",\"contentUrl\":\"https:\/\/secure.gravatar.com\/avatar\/ea80c42c204b534408512832fde52504ecabb9706bcb6151cf6175e5b64e6793?s=96&d=mm&r=g\",\"caption\":\"QG\"},\"url\":\"https:\/\/vosgesinfo.fr\/gerardmerinfo\/author\/quentin88\/\"}]}<\/script>\n<!-- \/ Yoast SEO plugin. -->","yoast_head_json":{"title":"Le centre de secours de G\u00e9rardmer accueille un nouveau chef - Gerardmer Info","robots":{"index":"index","follow":"follow","max-snippet":"max-snippet:-1","max-image-preview":"max-image-preview:large","max-video-preview":"max-video-preview:-1"},"canonical":"https:\/\/vosgesinfo.fr\/gerardmerinfo\/2025\/07\/le-centre-de-secours-de-gerardmer-accueille-un-nouveau-chef\/","twitter_card":"summary_large_image","twitter_title":"Le centre de secours de G\u00e9rardmer accueille un nouveau chef - Gerardmer Info","twitter_description":"G\u00e9rardmer accueille un nouveau chef de centre en la personne du lieutenant Francis Hans, qui succ\u00e8dera donc au capitaine Yvan [&hellip;]","twitter_image":"https:\/\/vosgesinfo.fr\/app\/uploads\/sites\/6\/2025\/07\/francis-hants-yvan-h-centre-de-secours-de-gerardmer.jpg","twitter_creator":"@VosgesInfo88","twitter_site":"@VosgesInfo88","twitter_misc":{"\u00c9crit par":"QG","Dur\u00e9e de lecture estim\u00e9e":"2 minutes"},"schema":{"@context":"https:\/\/schema.org","@graph":[{"@type":"Article","@id":"https:\/\/vosgesinfo.fr\/gerardmerinfo\/2025\/07\/le-centre-de-secours-de-gerardmer-accueille-un-nouveau-chef\/#article","isPartOf":{"@id":"https:\/\/vosgesinfo.fr\/gerardmerinfo\/2025\/07\/le-centre-de-secours-de-gerardmer-accueille-un-nouveau-chef\/"},"author":{"name":"QG","@id":"https:\/\/vosgesinfo.fr\/gerardmerinfo\/#\/schema\/person\/db5605779a843dad16b5368f3e7613a5"},"headline":"Le centre de secours de G\u00e9rardmer accueille un nouveau chef","datePublished":"2025-07-21T13:20:57+00:00","dateModified":"2025-07-21T12:56:17+00:00","mainEntityOfPage":{"@id":"https:\/\/vosgesinfo.fr\/gerardmerinfo\/2025\/07\/le-centre-de-secours-de-gerardmer-accueille-un-nouveau-chef\/"},"wordCount":508,"commentCount":0,"publisher":{"@id":"https:\/\/vosgesinfo.fr\/gerardmerinfo\/#organization"},"image":{"@id":"https:\/\/vosgesinfo.fr\/gerardmerinfo\/2025\/07\/le-centre-de-secours-de-gerardmer-accueille-un-nouveau-chef\/#primaryimage"},"thumbnailUrl":"https:\/\/vosgesinfo.fr\/app\/uploads\/sites\/6\/2025\/07\/francis-hants-yvan-h-centre-de-secours-de-gerardmer.jpg","articleSection":["A la une","G\u00e9rardmer","Gerardmer"],"inLanguage":"fr-FR","potentialAction":[{"@type":"CommentAction","name":"Comment","target":["https:\/\/vosgesinfo.fr\/gerardmerinfo\/2025\/07\/le-centre-de-secours-de-gerardmer-accueille-un-nouveau-chef\/#respond"]}]},{"@type":"WebPage","@id":"https:\/\/vosgesinfo.fr\/gerardmerinfo\/2025\/07\/le-centre-de-secours-de-gerardmer-accueille-un-nouveau-chef\/","url":"https:\/\/vosgesinfo.fr\/gerardmerinfo\/2025\/07\/le-centre-de-secours-de-gerardmer-accueille-un-nouveau-chef\/","name":"Le centre de secours de G\u00e9rardmer accueille un nouveau chef - Gerardmer Info","isPartOf":{"@id":"https:\/\/vosgesinfo.fr\/gerardmerinfo\/#website"},"primaryImageOfPage":{"@id":"https:\/\/vosgesinfo.fr\/gerardmerinfo\/2025\/07\/le-centre-de-secours-de-gerardmer-accueille-un-nouveau-chef\/#primaryimage"},"image":{"@id":"https:\/\/vosgesinfo.fr\/gerardmerinfo\/2025\/07\/le-centre-de-secours-de-gerardmer-accueille-un-nouveau-chef\/#primaryimage"},"thumbnailUrl":"https:\/\/vosgesinfo.fr\/app\/uploads\/sites\/6\/2025\/07\/francis-hants-yvan-h-centre-de-secours-de-gerardmer.jpg","datePublished":"2025-07-21T13:20:57+00:00","dateModified":"2025-07-21T12:56:17+00:00","breadcrumb":{"@id":"https:\/\/vosgesinfo.fr\/gerardmerinfo\/2025\/07\/le-centre-de-secours-de-gerardmer-accueille-un-nouveau-chef\/#breadcrumb"},"inLanguage":"fr-FR","potentialAction":[{"@type":"ReadAction","target":["https:\/\/vosgesinfo.fr\/gerardmerinfo\/2025\/07\/le-centre-de-secours-de-gerardmer-accueille-un-nouveau-chef\/"]}]},{"@type":"ImageObject","inLanguage":"fr-FR","@id":"https:\/\/vosgesinfo.fr\/gerardmerinfo\/2025\/07\/le-centre-de-secours-de-gerardmer-accueille-un-nouveau-chef\/#primaryimage","url":"https:\/\/vosgesinfo.fr\/app\/uploads\/sites\/6\/2025\/07\/francis-hants-yvan-h-centre-de-secours-de-gerardmer.jpg","contentUrl":"https:\/\/vosgesinfo.fr\/app\/uploads\/sites\/6\/2025\/07\/francis-hants-yvan-h-centre-de-secours-de-gerardmer.jpg","width":1536,"height":2048,"caption":"De gauche \u00e0 droite : Yvan Ertzbischoff et Francis Hans."},{"@type":"BreadcrumbList","@id":"https:\/\/vosgesinfo.fr\/gerardmerinfo\/2025\/07\/le-centre-de-secours-de-gerardmer-accueille-un-nouveau-chef\/#breadcrumb","itemListElement":[{"@type":"ListItem","position":1,"name":"Home","item":"https:\/\/vosgesinfo.fr\/gerardmerinfo\/"},{"@type":"ListItem","position":2,"name":"Le centre de secours de G\u00e9rardmer accueille un nouveau chef"}]},{"@type":"WebSite","@id":"https:\/\/vosgesinfo.fr\/gerardmerinfo\/#website","url":"https:\/\/vosgesinfo.fr\/gerardmerinfo\/","name":"Gerardmer Info","description":"Toute l&#039;actualit\u00e9 de G\u00e9rardmer","publisher":{"@id":"https:\/\/vosgesinfo.fr\/gerardmerinfo\/#organization"},"alternateName":"Toute l'actualit\u00e9 de G\u00e9rardmer","potentialAction":[{"@type":"SearchAction","target":{"@type":"EntryPoint","urlTemplate":"https:\/\/vosgesinfo.fr\/gerardmerinfo\/?s={search_term_string}"},"query-input":"required name=search_term_string"}],"inLanguage":"fr-FR"},{"@type":"Organization","@id":"https:\/\/vosgesinfo.fr\/gerardmerinfo\/#organization","name":"Gerardmer Info","url":"https:\/\/vosgesinfo.fr\/gerardmerinfo\/","logo":{"@type":"ImageObject","inLanguage":"fr-FR","@id":"https:\/\/vosgesinfo.fr\/gerardmerinfo\/#\/schema\/logo\/image\/","url":"https:\/\/vosgesinfo.fr\/app\/uploads\/sites\/6\/2023\/08\/favicon-gerardmerinfo.png","contentUrl":"https:\/\/vosgesinfo.fr\/app\/uploads\/sites\/6\/2023\/08\/favicon-gerardmerinfo.png","width":512,"height":512,"caption":"Gerardmer Info"},"image":{"@id":"https:\/\/vosgesinfo.fr\/gerardmerinfo\/#\/schema\/logo\/image\/"},"sameAs":["https:\/\/www.facebook.com\/profile.php?id=100049475262660","https:\/\/x.com\/VosgesInfo88","https:\/\/www.youtube.com\/@vosgesinfo"]},{"@type":"Person","@id":"https:\/\/vosgesinfo.fr\/gerardmerinfo\/#\/schema\/person\/db5605779a843dad16b5368f3e7613a5","name":"QG","image":{"@type":"ImageObject","inLanguage":"fr-FR","@id":"https:\/\/vosgesinfo.fr\/gerardmerinfo\/#\/schema\/person\/image\/","url":"https:\/\/secure.gravatar.com\/avatar\/ea80c42c204b534408512832fde52504ecabb9706bcb6151cf6175e5b64e6793?s=96&d=mm&r=g","contentUrl":"https:\/\/secure.gravatar.com\/avatar\/ea80c42c204b534408512832fde52504ecabb9706bcb6151cf6175e5b64e6793?s=96&d=mm&r=g","caption":"QG"},"url":"https:\/\/vosgesinfo.fr\/gerardmerinfo\/author\/quentin88\/"}]}},"_links":{"self":[{"href":"https:\/\/vosgesinfo.fr\/gerardmerinfo\/wp-json\/wp\/v2\/posts\/80776","targetHints":{"allow":["GET"]}}],"collection":[{"href":"https:\/\/vosgesinfo.fr\/gerardmerinfo\/wp-json\/wp\/v2\/posts"}],"about":[{"href":"https:\/\/vosgesinfo.fr\/gerardmerinfo\/wp-json\/wp\/v2\/types\/post"}],"author":[{"embeddable":true,"href":"https:\/\/vosgesinfo.fr\/gerardmerinfo\/wp-json\/wp\/v2\/users\/42"}],"replies":[{"embeddable":true,"href":"https:\/\/vosgesinfo.fr\/gerardmerinfo\/wp-json\/wp\/v2\/comments?post=80776"}],"version-history":[{"count":2,"href":"https:\/\/vosgesinfo.fr\/gerardmerinfo\/wp-json\/wp\/v2\/posts\/80776\/revisions"}],"predecessor-version":[{"id":80779,"href":"https:\/\/vosgesinfo.fr\/gerardmerinfo\/wp-json\/wp\/v2\/posts\/80776\/revisions\/80779"}],"wp:featuredmedia":[{"embeddable":true,"href":"https:\/\/vosgesinfo.fr\/gerardmerinfo\/wp-json\/wp\/v2\/media\/80777"}],"wp:attachment":[{"href":"https:\/\/vosgesinfo.fr\/gerardmerinfo\/wp-json\/wp\/v2\/media?parent=80776"}],"wp:term":[{"taxonomy":"category","embeddable":true,"href":"https:\/\/vosgesinfo.fr\/gerardmerinfo\/wp-json\/wp\/v2\/categories?post=80776"},{"taxonomy":"post_tag","embeddable":true,"href":"https:\/\/vosgesinfo.fr\/gerardmerinfo\/wp-json\/wp\/v2\/tags?post=80776"}],"curies":[{"name":"wp","href":"https:\/\/api.w.org\/{rel}","templated":true}]}}