{"id":80785,"date":"2025-07-22T05:57:24","date_gmt":"2025-07-22T03:57:24","guid":{"rendered":"https:\/\/vosgesinfo.fr\/gerardmerinfo\/?p=80785"},"modified":"2025-07-21T16:06:32","modified_gmt":"2025-07-21T14:06:32","slug":"marche-du-terroir-de-lartisanat-le-vendredi-25-juillet-2025-au-tholy","status":"publish","type":"post","link":"https:\/\/vosgesinfo.fr\/gerardmerinfo\/2025\/07\/marche-du-terroir-de-lartisanat-le-vendredi-25-juillet-2025-au-tholy\/","title":{"rendered":"March\u00e9 du Terroir &#038; de l\u2019Artisanat le vendredi 25 juillet 2025 au THOLY"},"content":{"rendered":"<div><a href=\"https:\/\/vosgesinfo.fr\/app\/uploads\/sites\/6\/2025\/07\/marche-terroir-artisanat-le-tholy.jpg\"><img decoding=\"async\" class=\"aligncenter size-medium wp-image-80789\" src=\"https:\/\/vosgesinfo.fr\/app\/uploads\/sites\/6\/2025\/07\/marche-terroir-artisanat-le-tholy-225x300.jpg\" alt=\"\" width=\"225\" height=\"300\" srcset=\"https:\/\/vosgesinfo.fr\/app\/uploads\/sites\/6\/2025\/07\/marche-terroir-artisanat-le-tholy-225x300.jpg 225w, https:\/\/vosgesinfo.fr\/app\/uploads\/sites\/6\/2025\/07\/marche-terroir-artisanat-le-tholy-768x1024.jpg 768w, https:\/\/vosgesinfo.fr\/app\/uploads\/sites\/6\/2025\/07\/marche-terroir-artisanat-le-tholy-1152x1536.jpg 1152w, https:\/\/vosgesinfo.fr\/app\/uploads\/sites\/6\/2025\/07\/marche-terroir-artisanat-le-tholy.jpg 1200w\" sizes=\"(max-width: 225px) 100vw, 225px\" \/><\/a><\/div>\n<div><\/div>\n<div><span style=\"font-size: 12pt;\"><strong>Le\u00a0March\u00e9 du Terroir &amp; de l\u2019Artisanat\u00a0se d\u00e9roulera le vendredi 25 juillet 2025\u00a0au centre du village\u00a0de LE THOLY (<i>\u00e0 c\u00f4t\u00e9\u00a0de l&rsquo;\u00e9glise<\/i>)<i>\u00a0<\/i>de 17h \u00e0 22h\u00a0o\u00f9 une vingtaine d&rsquo;exposants seront pr\u00e9sents (<i>artistes, artisans &amp; producteurs locaux<\/i>).<\/strong><br \/>\n<\/span><\/div>\n<div>\n<div><span style=\"font-size: 12pt;\">\u00a0<\/span><\/div>\n<div><span style=\"font-size: 12pt;\"><a href=\"https:\/\/vosgesinfo.fr\/app\/uploads\/sites\/6\/2025\/07\/duo-cafranc-stann-duguet-et-johann-riche.jpg\"><img decoding=\"async\" class=\"alignright size-medium wp-image-80787\" src=\"https:\/\/vosgesinfo.fr\/app\/uploads\/sites\/6\/2025\/07\/duo-cafranc-stann-duguet-et-johann-riche-210x300.jpg\" alt=\"\" width=\"210\" height=\"300\" srcset=\"https:\/\/vosgesinfo.fr\/app\/uploads\/sites\/6\/2025\/07\/duo-cafranc-stann-duguet-et-johann-riche-210x300.jpg 210w, https:\/\/vosgesinfo.fr\/app\/uploads\/sites\/6\/2025\/07\/duo-cafranc-stann-duguet-et-johann-riche-717x1024.jpg 717w, https:\/\/vosgesinfo.fr\/app\/uploads\/sites\/6\/2025\/07\/duo-cafranc-stann-duguet-et-johann-riche-768x1096.jpg 768w, https:\/\/vosgesinfo.fr\/app\/uploads\/sites\/6\/2025\/07\/duo-cafranc-stann-duguet-et-johann-riche.jpg 819w\" sizes=\"(max-width: 210px) 100vw, 210px\" \/><\/a>Vers 19h30, <b>cette\u00a0<\/b><b>10<sup>\u00e8me<\/sup> \u00e9dition sera ponctu\u00e9e de sonorit\u00e9s issues de la toute premi\u00e8re collaboration de deux artistes \u00ab\u00a0100 % cafranc\u00a0\u00bb<\/b> :\u00a0 l\u2019accord\u00e9oniste Johann RICHE\u00a0et\u00a0le violoncelliste Stann DUGUET\u00a0!<\/span><\/div>\n<div><span style=\"font-size: 12pt;\">\u00a0<\/span><\/div>\n<\/div>\n<div><span style=\"font-size: 12pt;\">L&rsquo;organisation de cet \u00e9v\u00e9nement est assur\u00e9e par le Comit\u00e9 des F\u00eates\u00a0 et sa section de \u00ab\u00a0Le Tholy Tourisme\u00a0\u00bb [partenaire de l&rsquo;Office de Tourisme Communautaire G\u00e9rardmer Hautes Vosges].<\/span><\/div>\n<div><span style=\"font-size: 12pt;\">\u00a0<\/span><\/div>\n<div><span style=\"font-size: 12pt;\">Une buvette avec restauration sur site proposera quelques sp\u00e9cialit\u00e9s\u00a0: flamm&rsquo; Cafranc, beignets r\u00e2p\u00e9s, lard, crochons (<em>petit pain garni &amp; gratin\u00e9<\/em>).\u00a0<\/span><\/div>\n<div><span style=\"font-size: 12pt;\">\u00a0<\/span><\/div>\n<div><span style=\"font-size: 12pt;\"><strong>NOTA :<\/strong> en cas d&rsquo;intemp\u00e9rie, la manifestation se d\u00e9roulera en int\u00e9rieur, \u00e0 la salle polyvalente, situ\u00e9e juste derri\u00e8re l&rsquo;\u00e9glise.<\/span><\/div>\n<div><a href=\"https:\/\/vosgesinfo.fr\/app\/uploads\/sites\/6\/2025\/07\/affiche-cdf-ltt-marche-terroir-et-artisanat-le-tholy-25-07-2025.jpg\"><img decoding=\"async\" class=\"aligncenter size-large wp-image-80788\" src=\"https:\/\/vosgesinfo.fr\/app\/uploads\/sites\/6\/2025\/07\/affiche-cdf-ltt-marche-terroir-et-artisanat-le-tholy-25-07-2025-724x1024.jpg\" alt=\"\" width=\"724\" height=\"1024\" srcset=\"https:\/\/vosgesinfo.fr\/app\/uploads\/sites\/6\/2025\/07\/affiche-cdf-ltt-marche-terroir-et-artisanat-le-tholy-25-07-2025-724x1024.jpg 724w, https:\/\/vosgesinfo.fr\/app\/uploads\/sites\/6\/2025\/07\/affiche-cdf-ltt-marche-terroir-et-artisanat-le-tholy-25-07-2025-212x300.jpg 212w, https:\/\/vosgesinfo.fr\/app\/uploads\/sites\/6\/2025\/07\/affiche-cdf-ltt-marche-terroir-et-artisanat-le-tholy-25-07-2025-768x1086.jpg 768w, https:\/\/vosgesinfo.fr\/app\/uploads\/sites\/6\/2025\/07\/affiche-cdf-ltt-marche-terroir-et-artisanat-le-tholy-25-07-2025-1086x1536.jpg 1086w, https:\/\/vosgesinfo.fr\/app\/uploads\/sites\/6\/2025\/07\/affiche-cdf-ltt-marche-terroir-et-artisanat-le-tholy-25-07-2025.jpg 1414w\" sizes=\"(max-width: 724px) 100vw, 724px\" \/><\/a><\/div>\n","protected":false},"excerpt":{"rendered":"<p>Le\u00a0March\u00e9 du Terroir &amp; de l\u2019Artisanat\u00a0se d\u00e9roulera le vendredi 25 juillet 2025\u00a0au centre du village\u00a0de LE THOLY (\u00e0 c\u00f4t\u00e9\u00a0de l&rsquo;\u00e9glise)\u00a0de [&hellip;]<\/p>\n","protected":false},"author":391,"featured_media":80788,"comment_status":"open","ping_status":"open","sticky":false,"template":"","format":"standard","meta":{"footnotes":""},"categories":[20,34,5647,868],"tags":[1162,432,433,1408],"class_list":["post-80785","post","type-post","status-publish","format-standard","has-post-thumbnail","hentry","category-a-la-une","category-concert","category-gerardmer-autres-sites","category-remiremont","tag-johann-riche","tag-le-tholy","tag-marche-du-terroir-et-de-lartisanat","tag-stann-duguet"],"acf":[],"yoast_head":"<!-- This site is optimized with the Yoast SEO plugin v22.5 - https:\/\/yoast.com\/wordpress\/plugins\/seo\/ -->\n<title>March\u00e9 du Terroir &amp; de l\u2019Artisanat le vendredi 25 juillet 2025 au THOLY - Gerardmer Info<\/title>\n<meta name=\"robots\" content=\"index, follow, max-snippet:-1, max-image-preview:large, max-video-preview:-1\" \/>\n<link rel=\"canonical\" href=\"https:\/\/vosgesinfo.fr\/gerardmerinfo\/2025\/07\/marche-du-terroir-de-lartisanat-le-vendredi-25-juillet-2025-au-tholy\/\" \/>\n<meta name=\"twitter:card\" content=\"summary_large_image\" \/>\n<meta name=\"twitter:title\" content=\"March\u00e9 du Terroir &amp; de l\u2019Artisanat le vendredi 25 juillet 2025 au THOLY - Gerardmer Info\" \/>\n<meta name=\"twitter:description\" content=\"Le\u00a0March\u00e9 du Terroir &amp; de l\u2019Artisanat\u00a0se d\u00e9roulera le vendredi 25 juillet 2025\u00a0au centre du village\u00a0de LE THOLY (\u00e0 c\u00f4t\u00e9\u00a0de l&rsquo;\u00e9glise)\u00a0de [&hellip;]\" \/>\n<meta name=\"twitter:image\" content=\"https:\/\/vosgesinfo.fr\/app\/uploads\/sites\/6\/2025\/07\/affiche-cdf-ltt-marche-terroir-et-artisanat-le-tholy-25-07-2025.jpg\" \/>\n<meta name=\"twitter:creator\" content=\"@VosgesInfo88\" \/>\n<meta name=\"twitter:site\" content=\"@VosgesInfo88\" \/>\n<meta name=\"twitter:label1\" content=\"\u00c9crit par\" \/>\n\t<meta name=\"twitter:data1\" content=\"La redaction\" \/>\n\t<meta name=\"twitter:label2\" content=\"Dur\u00e9e de lecture estim\u00e9e\" \/>\n\t<meta name=\"twitter:data2\" content=\"1 minute\" \/>\n<script type=\"application\/ld+json\" class=\"yoast-schema-graph\">{\"@context\":\"https:\/\/schema.org\",\"@graph\":[{\"@type\":\"Article\",\"@id\":\"https:\/\/vosgesinfo.fr\/gerardmerinfo\/2025\/07\/marche-du-terroir-de-lartisanat-le-vendredi-25-juillet-2025-au-tholy\/#article\",\"isPartOf\":{\"@id\":\"https:\/\/vosgesinfo.fr\/gerardmerinfo\/2025\/07\/marche-du-terroir-de-lartisanat-le-vendredi-25-juillet-2025-au-tholy\/\"},\"author\":{\"name\":\"La redaction\",\"@id\":\"https:\/\/vosgesinfo.fr\/gerardmerinfo\/#\/schema\/person\/27a3695b06db98895b354c0765cdfc31\"},\"headline\":\"March\u00e9 du Terroir &#038; de l\u2019Artisanat le vendredi 25 juillet 2025 au THOLY\",\"datePublished\":\"2025-07-22T03:57:24+00:00\",\"dateModified\":\"2025-07-21T14:06:32+00:00\",\"mainEntityOfPage\":{\"@id\":\"https:\/\/vosgesinfo.fr\/gerardmerinfo\/2025\/07\/marche-du-terroir-de-lartisanat-le-vendredi-25-juillet-2025-au-tholy\/\"},\"wordCount\":166,\"commentCount\":0,\"publisher\":{\"@id\":\"https:\/\/vosgesinfo.fr\/gerardmerinfo\/#organization\"},\"image\":{\"@id\":\"https:\/\/vosgesinfo.fr\/gerardmerinfo\/2025\/07\/marche-du-terroir-de-lartisanat-le-vendredi-25-juillet-2025-au-tholy\/#primaryimage\"},\"thumbnailUrl\":\"https:\/\/vosgesinfo.fr\/app\/uploads\/sites\/6\/2025\/07\/affiche-cdf-ltt-marche-terroir-et-artisanat-le-tholy-25-07-2025.jpg\",\"keywords\":[\"Johann Riche\",\"Le Tholy\",\"March\u00e9 du Terroir et de l'artisanat\",\"Stann Duguet\"],\"articleSection\":[\"A la une\",\"Concert\",\"Gerardmer\",\"Remiremont\"],\"inLanguage\":\"fr-FR\",\"potentialAction\":[{\"@type\":\"CommentAction\",\"name\":\"Comment\",\"target\":[\"https:\/\/vosgesinfo.fr\/gerardmerinfo\/2025\/07\/marche-du-terroir-de-lartisanat-le-vendredi-25-juillet-2025-au-tholy\/#respond\"]}]},{\"@type\":\"WebPage\",\"@id\":\"https:\/\/vosgesinfo.fr\/gerardmerinfo\/2025\/07\/marche-du-terroir-de-lartisanat-le-vendredi-25-juillet-2025-au-tholy\/\",\"url\":\"https:\/\/vosgesinfo.fr\/gerardmerinfo\/2025\/07\/marche-du-terroir-de-lartisanat-le-vendredi-25-juillet-2025-au-tholy\/\",\"name\":\"March\u00e9 du Terroir & de l\u2019Artisanat le vendredi 25 juillet 2025 au THOLY - Gerardmer Info\",\"isPartOf\":{\"@id\":\"https:\/\/vosgesinfo.fr\/gerardmerinfo\/#website\"},\"primaryImageOfPage\":{\"@id\":\"https:\/\/vosgesinfo.fr\/gerardmerinfo\/2025\/07\/marche-du-terroir-de-lartisanat-le-vendredi-25-juillet-2025-au-tholy\/#primaryimage\"},\"image\":{\"@id\":\"https:\/\/vosgesinfo.fr\/gerardmerinfo\/2025\/07\/marche-du-terroir-de-lartisanat-le-vendredi-25-juillet-2025-au-tholy\/#primaryimage\"},\"thumbnailUrl\":\"https:\/\/vosgesinfo.fr\/app\/uploads\/sites\/6\/2025\/07\/affiche-cdf-ltt-marche-terroir-et-artisanat-le-tholy-25-07-2025.jpg\",\"datePublished\":\"2025-07-22T03:57:24+00:00\",\"dateModified\":\"2025-07-21T14:06:32+00:00\",\"breadcrumb\":{\"@id\":\"https:\/\/vosgesinfo.fr\/gerardmerinfo\/2025\/07\/marche-du-terroir-de-lartisanat-le-vendredi-25-juillet-2025-au-tholy\/#breadcrumb\"},\"inLanguage\":\"fr-FR\",\"potentialAction\":[{\"@type\":\"ReadAction\",\"target\":[\"https:\/\/vosgesinfo.fr\/gerardmerinfo\/2025\/07\/marche-du-terroir-de-lartisanat-le-vendredi-25-juillet-2025-au-tholy\/\"]}]},{\"@type\":\"ImageObject\",\"inLanguage\":\"fr-FR\",\"@id\":\"https:\/\/vosgesinfo.fr\/gerardmerinfo\/2025\/07\/marche-du-terroir-de-lartisanat-le-vendredi-25-juillet-2025-au-tholy\/#primaryimage\",\"url\":\"https:\/\/vosgesinfo.fr\/app\/uploads\/sites\/6\/2025\/07\/affiche-cdf-ltt-marche-terroir-et-artisanat-le-tholy-25-07-2025.jpg\",\"contentUrl\":\"https:\/\/vosgesinfo.fr\/app\/uploads\/sites\/6\/2025\/07\/affiche-cdf-ltt-marche-terroir-et-artisanat-le-tholy-25-07-2025.jpg\",\"width\":1414,\"height\":2000},{\"@type\":\"BreadcrumbList\",\"@id\":\"https:\/\/vosgesinfo.fr\/gerardmerinfo\/2025\/07\/marche-du-terroir-de-lartisanat-le-vendredi-25-juillet-2025-au-tholy\/#breadcrumb\",\"itemListElement\":[{\"@type\":\"ListItem\",\"position\":1,\"name\":\"Home\",\"item\":\"https:\/\/vosgesinfo.fr\/gerardmerinfo\/\"},{\"@type\":\"ListItem\",\"position\":2,\"name\":\"March\u00e9 du Terroir &#038; de l\u2019Artisanat le vendredi 25 juillet 2025 au THOLY\"}]},{\"@type\":\"WebSite\",\"@id\":\"https:\/\/vosgesinfo.fr\/gerardmerinfo\/#website\",\"url\":\"https:\/\/vosgesinfo.fr\/gerardmerinfo\/\",\"name\":\"Gerardmer Info\",\"description\":\"Toute l&#039;actualit\u00e9 de G\u00e9rardmer\",\"publisher\":{\"@id\":\"https:\/\/vosgesinfo.fr\/gerardmerinfo\/#organization\"},\"alternateName\":\"Toute l'actualit\u00e9 de G\u00e9rardmer\",\"potentialAction\":[{\"@type\":\"SearchAction\",\"target\":{\"@type\":\"EntryPoint\",\"urlTemplate\":\"https:\/\/vosgesinfo.fr\/gerardmerinfo\/?s={search_term_string}\"},\"query-input\":\"required name=search_term_string\"}],\"inLanguage\":\"fr-FR\"},{\"@type\":\"Organization\",\"@id\":\"https:\/\/vosgesinfo.fr\/gerardmerinfo\/#organization\",\"name\":\"Gerardmer Info\",\"url\":\"https:\/\/vosgesinfo.fr\/gerardmerinfo\/\",\"logo\":{\"@type\":\"ImageObject\",\"inLanguage\":\"fr-FR\",\"@id\":\"https:\/\/vosgesinfo.fr\/gerardmerinfo\/#\/schema\/logo\/image\/\",\"url\":\"https:\/\/vosgesinfo.fr\/app\/uploads\/sites\/6\/2023\/08\/favicon-gerardmerinfo.png\",\"contentUrl\":\"https:\/\/vosgesinfo.fr\/app\/uploads\/sites\/6\/2023\/08\/favicon-gerardmerinfo.png\",\"width\":512,\"height\":512,\"caption\":\"Gerardmer Info\"},\"image\":{\"@id\":\"https:\/\/vosgesinfo.fr\/gerardmerinfo\/#\/schema\/logo\/image\/\"},\"sameAs\":[\"https:\/\/www.facebook.com\/profile.php?id=100049475262660\",\"https:\/\/x.com\/VosgesInfo88\",\"https:\/\/www.youtube.com\/@vosgesinfo\"]},{\"@type\":\"Person\",\"@id\":\"https:\/\/vosgesinfo.fr\/gerardmerinfo\/#\/schema\/person\/27a3695b06db98895b354c0765cdfc31\",\"name\":\"La redaction\",\"image\":{\"@type\":\"ImageObject\",\"inLanguage\":\"fr-FR\",\"@id\":\"https:\/\/vosgesinfo.fr\/gerardmerinfo\/#\/schema\/person\/image\/\",\"url\":\"https:\/\/secure.gravatar.com\/avatar\/64c76a78e501cedee55736f43f332df901e1896ae9cd8fad269ae2236dd0e8b6?s=96&d=mm&r=g\",\"contentUrl\":\"https:\/\/secure.gravatar.com\/avatar\/64c76a78e501cedee55736f43f332df901e1896ae9cd8fad269ae2236dd0e8b6?s=96&d=mm&r=g\",\"caption\":\"La redaction\"},\"url\":\"https:\/\/vosgesinfo.fr\/gerardmerinfo\/author\/la-redaction\/\"}]}<\/script>\n<!-- \/ Yoast SEO plugin. -->","yoast_head_json":{"title":"March\u00e9 du Terroir & de l\u2019Artisanat le vendredi 25 juillet 2025 au THOLY - Gerardmer Info","robots":{"index":"index","follow":"follow","max-snippet":"max-snippet:-1","max-image-preview":"max-image-preview:large","max-video-preview":"max-video-preview:-1"},"canonical":"https:\/\/vosgesinfo.fr\/gerardmerinfo\/2025\/07\/marche-du-terroir-de-lartisanat-le-vendredi-25-juillet-2025-au-tholy\/","twitter_card":"summary_large_image","twitter_title":"March\u00e9 du Terroir & de l\u2019Artisanat le vendredi 25 juillet 2025 au THOLY - Gerardmer Info","twitter_description":"Le\u00a0March\u00e9 du Terroir &amp; de l\u2019Artisanat\u00a0se d\u00e9roulera le vendredi 25 juillet 2025\u00a0au centre du village\u00a0de LE THOLY (\u00e0 c\u00f4t\u00e9\u00a0de l&rsquo;\u00e9glise)\u00a0de [&hellip;]","twitter_image":"https:\/\/vosgesinfo.fr\/app\/uploads\/sites\/6\/2025\/07\/affiche-cdf-ltt-marche-terroir-et-artisanat-le-tholy-25-07-2025.jpg","twitter_creator":"@VosgesInfo88","twitter_site":"@VosgesInfo88","twitter_misc":{"\u00c9crit par":"La redaction","Dur\u00e9e de lecture estim\u00e9e":"1 minute"},"schema":{"@context":"https:\/\/schema.org","@graph":[{"@type":"Article","@id":"https:\/\/vosgesinfo.fr\/gerardmerinfo\/2025\/07\/marche-du-terroir-de-lartisanat-le-vendredi-25-juillet-2025-au-tholy\/#article","isPartOf":{"@id":"https:\/\/vosgesinfo.fr\/gerardmerinfo\/2025\/07\/marche-du-terroir-de-lartisanat-le-vendredi-25-juillet-2025-au-tholy\/"},"author":{"name":"La redaction","@id":"https:\/\/vosgesinfo.fr\/gerardmerinfo\/#\/schema\/person\/27a3695b06db98895b354c0765cdfc31"},"headline":"March\u00e9 du Terroir &#038; de l\u2019Artisanat le vendredi 25 juillet 2025 au THOLY","datePublished":"2025-07-22T03:57:24+00:00","dateModified":"2025-07-21T14:06:32+00:00","mainEntityOfPage":{"@id":"https:\/\/vosgesinfo.fr\/gerardmerinfo\/2025\/07\/marche-du-terroir-de-lartisanat-le-vendredi-25-juillet-2025-au-tholy\/"},"wordCount":166,"commentCount":0,"publisher":{"@id":"https:\/\/vosgesinfo.fr\/gerardmerinfo\/#organization"},"image":{"@id":"https:\/\/vosgesinfo.fr\/gerardmerinfo\/2025\/07\/marche-du-terroir-de-lartisanat-le-vendredi-25-juillet-2025-au-tholy\/#primaryimage"},"thumbnailUrl":"https:\/\/vosgesinfo.fr\/app\/uploads\/sites\/6\/2025\/07\/affiche-cdf-ltt-marche-terroir-et-artisanat-le-tholy-25-07-2025.jpg","keywords":["Johann Riche","Le Tholy","March\u00e9 du Terroir et de l'artisanat","Stann Duguet"],"articleSection":["A la une","Concert","Gerardmer","Remiremont"],"inLanguage":"fr-FR","potentialAction":[{"@type":"CommentAction","name":"Comment","target":["https:\/\/vosgesinfo.fr\/gerardmerinfo\/2025\/07\/marche-du-terroir-de-lartisanat-le-vendredi-25-juillet-2025-au-tholy\/#respond"]}]},{"@type":"WebPage","@id":"https:\/\/vosgesinfo.fr\/gerardmerinfo\/2025\/07\/marche-du-terroir-de-lartisanat-le-vendredi-25-juillet-2025-au-tholy\/","url":"https:\/\/vosgesinfo.fr\/gerardmerinfo\/2025\/07\/marche-du-terroir-de-lartisanat-le-vendredi-25-juillet-2025-au-tholy\/","name":"March\u00e9 du Terroir & de l\u2019Artisanat le vendredi 25 juillet 2025 au THOLY - Gerardmer Info","isPartOf":{"@id":"https:\/\/vosgesinfo.fr\/gerardmerinfo\/#website"},"primaryImageOfPage":{"@id":"https:\/\/vosgesinfo.fr\/gerardmerinfo\/2025\/07\/marche-du-terroir-de-lartisanat-le-vendredi-25-juillet-2025-au-tholy\/#primaryimage"},"image":{"@id":"https:\/\/vosgesinfo.fr\/gerardmerinfo\/2025\/07\/marche-du-terroir-de-lartisanat-le-vendredi-25-juillet-2025-au-tholy\/#primaryimage"},"thumbnailUrl":"https:\/\/vosgesinfo.fr\/app\/uploads\/sites\/6\/2025\/07\/affiche-cdf-ltt-marche-terroir-et-artisanat-le-tholy-25-07-2025.jpg","datePublished":"2025-07-22T03:57:24+00:00","dateModified":"2025-07-21T14:06:32+00:00","breadcrumb":{"@id":"https:\/\/vosgesinfo.fr\/gerardmerinfo\/2025\/07\/marche-du-terroir-de-lartisanat-le-vendredi-25-juillet-2025-au-tholy\/#breadcrumb"},"inLanguage":"fr-FR","potentialAction":[{"@type":"ReadAction","target":["https:\/\/vosgesinfo.fr\/gerardmerinfo\/2025\/07\/marche-du-terroir-de-lartisanat-le-vendredi-25-juillet-2025-au-tholy\/"]}]},{"@type":"ImageObject","inLanguage":"fr-FR","@id":"https:\/\/vosgesinfo.fr\/gerardmerinfo\/2025\/07\/marche-du-terroir-de-lartisanat-le-vendredi-25-juillet-2025-au-tholy\/#primaryimage","url":"https:\/\/vosgesinfo.fr\/app\/uploads\/sites\/6\/2025\/07\/affiche-cdf-ltt-marche-terroir-et-artisanat-le-tholy-25-07-2025.jpg","contentUrl":"https:\/\/vosgesinfo.fr\/app\/uploads\/sites\/6\/2025\/07\/affiche-cdf-ltt-marche-terroir-et-artisanat-le-tholy-25-07-2025.jpg","width":1414,"height":2000},{"@type":"BreadcrumbList","@id":"https:\/\/vosgesinfo.fr\/gerardmerinfo\/2025\/07\/marche-du-terroir-de-lartisanat-le-vendredi-25-juillet-2025-au-tholy\/#breadcrumb","itemListElement":[{"@type":"ListItem","position":1,"name":"Home","item":"https:\/\/vosgesinfo.fr\/gerardmerinfo\/"},{"@type":"ListItem","position":2,"name":"March\u00e9 du Terroir &#038; de l\u2019Artisanat le vendredi 25 juillet 2025 au THOLY"}]},{"@type":"WebSite","@id":"https:\/\/vosgesinfo.fr\/gerardmerinfo\/#website","url":"https:\/\/vosgesinfo.fr\/gerardmerinfo\/","name":"Gerardmer Info","description":"Toute l&#039;actualit\u00e9 de G\u00e9rardmer","publisher":{"@id":"https:\/\/vosgesinfo.fr\/gerardmerinfo\/#organization"},"alternateName":"Toute l'actualit\u00e9 de G\u00e9rardmer","potentialAction":[{"@type":"SearchAction","target":{"@type":"EntryPoint","urlTemplate":"https:\/\/vosgesinfo.fr\/gerardmerinfo\/?s={search_term_string}"},"query-input":"required name=search_term_string"}],"inLanguage":"fr-FR"},{"@type":"Organization","@id":"https:\/\/vosgesinfo.fr\/gerardmerinfo\/#organization","name":"Gerardmer Info","url":"https:\/\/vosgesinfo.fr\/gerardmerinfo\/","logo":{"@type":"ImageObject","inLanguage":"fr-FR","@id":"https:\/\/vosgesinfo.fr\/gerardmerinfo\/#\/schema\/logo\/image\/","url":"https:\/\/vosgesinfo.fr\/app\/uploads\/sites\/6\/2023\/08\/favicon-gerardmerinfo.png","contentUrl":"https:\/\/vosgesinfo.fr\/app\/uploads\/sites\/6\/2023\/08\/favicon-gerardmerinfo.png","width":512,"height":512,"caption":"Gerardmer Info"},"image":{"@id":"https:\/\/vosgesinfo.fr\/gerardmerinfo\/#\/schema\/logo\/image\/"},"sameAs":["https:\/\/www.facebook.com\/profile.php?id=100049475262660","https:\/\/x.com\/VosgesInfo88","https:\/\/www.youtube.com\/@vosgesinfo"]},{"@type":"Person","@id":"https:\/\/vosgesinfo.fr\/gerardmerinfo\/#\/schema\/person\/27a3695b06db98895b354c0765cdfc31","name":"La redaction","image":{"@type":"ImageObject","inLanguage":"fr-FR","@id":"https:\/\/vosgesinfo.fr\/gerardmerinfo\/#\/schema\/person\/image\/","url":"https:\/\/secure.gravatar.com\/avatar\/64c76a78e501cedee55736f43f332df901e1896ae9cd8fad269ae2236dd0e8b6?s=96&d=mm&r=g","contentUrl":"https:\/\/secure.gravatar.com\/avatar\/64c76a78e501cedee55736f43f332df901e1896ae9cd8fad269ae2236dd0e8b6?s=96&d=mm&r=g","caption":"La redaction"},"url":"https:\/\/vosgesinfo.fr\/gerardmerinfo\/author\/la-redaction\/"}]}},"_links":{"self":[{"href":"https:\/\/vosgesinfo.fr\/gerardmerinfo\/wp-json\/wp\/v2\/posts\/80785","targetHints":{"allow":["GET"]}}],"collection":[{"href":"https:\/\/vosgesinfo.fr\/gerardmerinfo\/wp-json\/wp\/v2\/posts"}],"about":[{"href":"https:\/\/vosgesinfo.fr\/gerardmerinfo\/wp-json\/wp\/v2\/types\/post"}],"author":[{"embeddable":true,"href":"https:\/\/vosgesinfo.fr\/gerardmerinfo\/wp-json\/wp\/v2\/users\/391"}],"replies":[{"embeddable":true,"href":"https:\/\/vosgesinfo.fr\/gerardmerinfo\/wp-json\/wp\/v2\/comments?post=80785"}],"version-history":[{"count":1,"href":"https:\/\/vosgesinfo.fr\/gerardmerinfo\/wp-json\/wp\/v2\/posts\/80785\/revisions"}],"predecessor-version":[{"id":80790,"href":"https:\/\/vosgesinfo.fr\/gerardmerinfo\/wp-json\/wp\/v2\/posts\/80785\/revisions\/80790"}],"wp:featuredmedia":[{"embeddable":true,"href":"https:\/\/vosgesinfo.fr\/gerardmerinfo\/wp-json\/wp\/v2\/media\/80788"}],"wp:attachment":[{"href":"https:\/\/vosgesinfo.fr\/gerardmerinfo\/wp-json\/wp\/v2\/media?parent=80785"}],"wp:term":[{"taxonomy":"category","embeddable":true,"href":"https:\/\/vosgesinfo.fr\/gerardmerinfo\/wp-json\/wp\/v2\/categories?post=80785"},{"taxonomy":"post_tag","embeddable":true,"href":"https:\/\/vosgesinfo.fr\/gerardmerinfo\/wp-json\/wp\/v2\/tags?post=80785"}],"curies":[{"name":"wp","href":"https:\/\/api.w.org\/{rel}","templated":true}]}}