{"id":80791,"date":"2025-07-22T06:00:13","date_gmt":"2025-07-22T04:00:13","guid":{"rendered":"https:\/\/vosgesinfo.fr\/gerardmerinfo\/?p=80791"},"modified":"2025-07-22T06:00:13","modified_gmt":"2025-07-22T04:00:13","slug":"au-programme-de-la-21eme-saison-estivale-du-theatre-de-verdure","status":"publish","type":"post","link":"https:\/\/vosgesinfo.fr\/gerardmerinfo\/2025\/07\/au-programme-de-la-21eme-saison-estivale-du-theatre-de-verdure\/","title":{"rendered":"Au programme de la 21\u00e8me saison estivale du Th\u00e9\u00e2tre de Verdure"},"content":{"rendered":"<p><a href=\"https:\/\/vosgesinfo.fr\/app\/uploads\/sites\/5\/2025\/07\/\u00a9-florian-jeandel---the\u0301a\u0302tre-de-verdure.jpg\"><img decoding=\"async\" class=\"aligncenter wp-image-83884 size-large\" src=\"https:\/\/vosgesinfo.fr\/app\/uploads\/sites\/5\/2025\/07\/\u00a9-florian-jeandel---the\u0301a\u0302tre-de-verdure-1024x576.jpg\" alt=\"\" width=\"1024\" height=\"576\" \/><\/a><\/p>\n<p>Samedi 26 juillet :<br \/>\n\u00e0 18h : H\u00e9l\u00e8ne et Sophocle \/ Cie Mamaille \/ Th\u00e9\u00e2tre (8\u20ac\/10\u20ac\/12\u20ac, \u00e0 partir de 10 ans )<br \/>\nUne com\u00e9dienne entreprend de monter seule trois trag\u00e9dies de Sophocle. On la suit dans son \u00e9pop\u00e9e impossible et l\u2019on d\u00e9couvre l\u2019univers p\u00e9tulant et grotesque d\u2019H\u00e9l\u00e8ne, en conversation avec les grands textes antiques et leur auteur. Dans une approche tr\u00e8s clownesque, sans jamais tomber dans la d\u00e9rision, H\u00e9l\u00e8ne nous joue Sophocle avec une na\u00efvet\u00e9 d\u00e9concertante. Confront\u00e9e \u00e0 la r\u00e9alit\u00e9, sa d\u00e9termination, \u00e0 la limite de la folie, nous fait rire d\u2019elle comme de nous-m\u00eames.<br \/>\n\u00e0 19h : Banquet antique et magique \/ La Petite Reine et Cie Le Plateau Ivre (20\u20ac repas+spectacle)<br \/>\nUn moment festif, propos\u00e9 par notre cheffe associ\u00e9e La Petite Reine et le magicien Pierre-Marie Paturel.<br \/>\nDans un d\u00e9cor sympathiquement antique, venez vous r\u00e9galer et vous \u00e9merveiller.<br \/>\nPensez \u00e0 apporter un drap blanc, et ensemble nous fabriquerons de jolies toges.<br \/>\nAu menu : Assiette m\u00e9diterran\u00e9enne de Rome \u00e0 Ath\u00e8nes en passant par VAGNEY : cuisine maison et locale. Brochettes aux \u00e9pices (boeuf ou carottes) accompagnements fra\u00eecheur (crudit\u00e9s, c\u00e9r\u00e9ales, tapenades\u2026) &#8211; Salade de fruits frais. R\u00e9servations indispensables au 06 59 48 89 44.<br \/>\nPierre-Marie vous proposera le long du repas de la magie de table en table.<br \/>\nAussi pr\u00eat que \u00e7a, vous ne l\u2019avez jamais vu : cartes, cordes, pi\u00e8ces, il fait tout dispara\u00eetre et r\u00e9appara\u00eetre sous vos yeux \u00e9bahis.<br \/>\nMercredi 30 juillet :<br \/>\n\u00e0 20h30 : Cassos \/ Cie Le Cirque du D\u00e9sastre \/ Cirque sous chapiteau (8\u20ac\/10\u20ac\/12\u20ac )<br \/>\nR\u00e9servez vite, il ne faut pas manquez \u00e7a !<br \/>\nLe spectacle Cassos c\u2019est de la po\u00e9sie, de l\u2019humour, de la musique en direct et de la haute acrobatie !<br \/>\nUn chapiteau sera install\u00e9 sur le parking (200 places disponibles \u2013 pas une de plus !)<br \/>\nAvec l\u00e9g\u00e8ret\u00e9 et ironie, tendresse et sinc\u00e9rit\u00e9, ils racontent et vivent les aventures de Cassos, qui leur ressemble, nous ressemble, tout en se questionnant sur ce qui nous d\u00e9finit, nos \u00e9tapes de vie.Cassos, un personnage, des personnages, une figure de style ?On s&rsquo;y perd pour mieux revenir, se retrouver, et rire ensemble.Une cr\u00e9ation collective de 7 personnes \u00e0 la fois artistes, r\u00e9gisseurs et techniciens manipulant tour \u00e0 tour techniques de cirque, jeu d&rsquo;acteur et Musique live et directe.<br \/>\nJeudi 31 juillet :<br \/>\n\u00e0 20h : Ma petite musique \/ Cie Le Plateau Ivre \/ Restitution de fin de stage (entr\u00e9e libre)<br \/>\nVendredi 1 ao\u00fbt :<br \/>\n<a href=\"https:\/\/vosgesinfo.fr\/app\/uploads\/sites\/5\/2025\/07\/\u00a9-les-fils-de-flute.jpg\"><img decoding=\"async\" class=\"alignright size-full wp-image-83885\" src=\"https:\/\/vosgesinfo.fr\/app\/uploads\/sites\/5\/2025\/07\/\u00a9-les-fils-de-flute.jpg\" alt=\"\" width=\"288\" height=\"175\" \/><\/a>\u00e0 18h : Les fils de fl\u00fbte \/ Concert et quizz g\u00e9ant (6\u20ac)<br \/>\nPur produit de la g\u00e9n\u00e9ration Covid, ce duo d\u00e9cadent, d\u00e9cal\u00e9 revisite les standards de la soul musique et du disco. Au del\u00e0 de vous faire groover jusqu&rsquo;au bout de la nuit&#8230; leur mission : vous r\u00e9concilier avec la fl\u00fbte \u00e0 bec.<\/p>\n<p>\u00e0 20h30 : Cassos \/ Cie Le Cirque du D\u00e9sastre \/ Cirque sous chapiteau (8\u20ac\/10\u20ac\/12\u20ac )<br \/>\nR\u00e9servez vite, il ne faut pas manquez \u00e7a !<br \/>\nLe spectacle Cassos c\u2019est de la po\u00e9sie, de l\u2019humour, de la musique en direct et de la haute acrobatie !<br \/>\n<a href=\"https:\/\/vosgesinfo.fr\/app\/uploads\/sites\/5\/2025\/07\/\u00a9-alain-doucet-cirque-du-de\u0301sastre-cassos.jpeg\"><img decoding=\"async\" class=\"alignright size-medium wp-image-83883\" src=\"https:\/\/vosgesinfo.fr\/app\/uploads\/sites\/5\/2025\/07\/\u00a9-alain-doucet-cirque-du-de\u0301sastre-cassos-300x194.jpeg\" alt=\"\" width=\"300\" height=\"194\" \/><\/a>Un chapiteau sera install\u00e9 sur le parking (200 places disponibles \u2013 pas une de plus !)<br \/>\nAvec l\u00e9g\u00e8ret\u00e9 et ironie, tendresse et sinc\u00e9rit\u00e9, ils racontent et vivent les aventures de Cassos, qui leur ressemble, nous ressemble, tout en se questionnant sur ce qui nous d\u00e9finit, nos \u00e9tapes de vie.Cassos, un personnage, des personnages, une figure de style ?On s&rsquo;y perd pour mieux revenir, se retrouver, et rire ensemble.Une cr\u00e9ation collective de 7 personnes \u00e0 la fois artistes, r\u00e9gisseurs et techniciens manipulant tour \u00e0 tour techniques de cirque, jeu d&rsquo;acteur et musique live et directe<br \/>\nAteliers et stages au Th\u00e9\u00e2tre de Verdure:<br \/>\nDu lundi 28 au jeudi 31 juillet : Stage de cr\u00e9ation th\u00e9\u00e2trale pour enfants, adolescents, adultes.<br \/>\nSur la th\u00e9matique : \u00ab Ma petite musique int\u00e9rieure \u00bb<br \/>\n\u201cQui dis \u201cje\u201d en moi?<br \/>\nC\u2019est qui cette voix qui r\u00e9sonne dans ma t\u00eate? Pourquoi je l\u2019entends? D\u2019o\u00f9 vient-elle?<br \/>\nPens\u00e9es vagabondes, angoisses, sensations, souvenirs, temp\u00eates, ruminations, spleen, doute, inqui\u00e9tude, certitude, r\u00eave ou\u2026.caaaaaalme, s\u00e9r\u00e9nit\u00e9, respiration !<br \/>\nSi nous donnions corps \u00e0 ce th\u00e9\u00e2tre int\u00e9rieur pour fabriquer un objet th\u00e9\u00e2tral polymorphe, polyphonique, collectif, spectaculaire !<br \/>\nUn grand bazar humain en somme, \u00e0 partir d\u2019\u00e9criture, d\u2019improvisations, et de toutes sources qui nous inspirerons po\u00e8mes, chansons, textes, peinture &#8230;<br \/>\nTout est \u00e0 imaginer \u2026 laissons nous surprendre.<br \/>\nInformations pratiques :<br \/>\nRetrouvez la programmation compl\u00e8te sur le site www.leplateauivre.com<br \/>\nTeaser de la saison estivale 2025 : https:\/\/www.youtube.com\/watch?v=D7eeoE88fUI<br \/>\nAdresse du Th\u00e9\u00e2tre de Verdure : rue des angles 88120 Vagney (88)<br \/>\nAu Th\u00e9\u00e2tre de Verdure, chaque jour de spectacle bar et restauration par \u00ab La Petite Reine \u00bb<br \/>\nBilletterie, informations : 06 59 48 89 44 ou leplateauivreinfo@gmail.com<br \/>\nTarif enfant de moins de 12 ans : 8 \u20ac \/ Tarif r\u00e9duit : 10 \u20ac \/ Tarif plein : 12 \u20ac \/ Tarif unique : 6 \u20ac \/ Billets suspendus<br \/>\nPour information : Les billets appel\u00e9s \u00ab billets suspendus \u00bb sont gratuits et financ\u00e9s par un autre spectateur ou un organisme dans un principe de solidarit\u00e9. Vous pouvez aussi participer \u00e0 leur financement. Ils sont disponibles sur simple demande (dans la limite des billets disponibles) : Aux Restos du Coeur de Vagney, \u00e0 La Pause Bouquins de Vagney, \u00e0 la Mission Locale du Pays de Remiremont et de ses Vall\u00e9es, \u00e0 L\u2019Espace Culturel et Social de la Pranzi\u00e8re \u00e0 Cornimont, au Chant de l\u2019eau \u00e0 Vagney. Renseignements : 06 59 48 89 44.<\/p>\n","protected":false},"excerpt":{"rendered":"<p>Samedi 26 juillet : \u00e0 18h : H\u00e9l\u00e8ne et Sophocle \/ Cie Mamaille \/ Th\u00e9\u00e2tre (8\u20ac\/10\u20ac\/12\u20ac, \u00e0 partir de 10 [&hellip;]<\/p>\n","protected":false},"author":391,"featured_media":80792,"comment_status":"open","ping_status":"open","sticky":false,"template":"","format":"standard","meta":{"footnotes":""},"categories":[20,25,868],"tags":[5895],"class_list":["post-80791","post","type-post","status-publish","format-standard","has-post-thumbnail","hentry","category-a-la-une","category-gerardmer","category-remiremont","tag-la-compagnie-du-plateau-ivre"],"acf":[],"yoast_head":"<!-- This site is optimized with the Yoast SEO plugin v22.5 - https:\/\/yoast.com\/wordpress\/plugins\/seo\/ -->\n<title>Au programme de la 21\u00e8me saison estivale du Th\u00e9\u00e2tre de Verdure - Gerardmer Info<\/title>\n<meta name=\"robots\" content=\"index, follow, max-snippet:-1, max-image-preview:large, max-video-preview:-1\" \/>\n<link rel=\"canonical\" href=\"https:\/\/vosgesinfo.fr\/gerardmerinfo\/2025\/07\/au-programme-de-la-21eme-saison-estivale-du-theatre-de-verdure\/\" \/>\n<meta name=\"twitter:card\" content=\"summary_large_image\" \/>\n<meta name=\"twitter:title\" content=\"Au programme de la 21\u00e8me saison estivale du Th\u00e9\u00e2tre de Verdure - Gerardmer Info\" \/>\n<meta name=\"twitter:description\" content=\"Samedi 26 juillet : \u00e0 18h : H\u00e9l\u00e8ne et Sophocle \/ Cie Mamaille \/ Th\u00e9\u00e2tre (8\u20ac\/10\u20ac\/12\u20ac, \u00e0 partir de 10 [&hellip;]\" \/>\n<meta name=\"twitter:image\" content=\"https:\/\/vosgesinfo.fr\/app\/uploads\/sites\/6\/2025\/07\/\u00a9-alain-doucet-cirque-du-de\u0301sastre-cassos.jpeg\" \/>\n<meta name=\"twitter:creator\" content=\"@VosgesInfo88\" \/>\n<meta name=\"twitter:site\" content=\"@VosgesInfo88\" \/>\n<meta name=\"twitter:label1\" content=\"\u00c9crit par\" \/>\n\t<meta name=\"twitter:data1\" content=\"La redaction\" \/>\n\t<meta name=\"twitter:label2\" content=\"Dur\u00e9e de lecture estim\u00e9e\" \/>\n\t<meta name=\"twitter:data2\" content=\"4 minutes\" \/>\n<script type=\"application\/ld+json\" class=\"yoast-schema-graph\">{\"@context\":\"https:\/\/schema.org\",\"@graph\":[{\"@type\":\"Article\",\"@id\":\"https:\/\/vosgesinfo.fr\/gerardmerinfo\/2025\/07\/au-programme-de-la-21eme-saison-estivale-du-theatre-de-verdure\/#article\",\"isPartOf\":{\"@id\":\"https:\/\/vosgesinfo.fr\/gerardmerinfo\/2025\/07\/au-programme-de-la-21eme-saison-estivale-du-theatre-de-verdure\/\"},\"author\":{\"name\":\"La redaction\",\"@id\":\"https:\/\/vosgesinfo.fr\/gerardmerinfo\/#\/schema\/person\/27a3695b06db98895b354c0765cdfc31\"},\"headline\":\"Au programme de la 21\u00e8me saison estivale du Th\u00e9\u00e2tre de Verdure\",\"datePublished\":\"2025-07-22T04:00:13+00:00\",\"dateModified\":\"2025-07-22T04:00:13+00:00\",\"mainEntityOfPage\":{\"@id\":\"https:\/\/vosgesinfo.fr\/gerardmerinfo\/2025\/07\/au-programme-de-la-21eme-saison-estivale-du-theatre-de-verdure\/\"},\"wordCount\":903,\"commentCount\":0,\"publisher\":{\"@id\":\"https:\/\/vosgesinfo.fr\/gerardmerinfo\/#organization\"},\"image\":{\"@id\":\"https:\/\/vosgesinfo.fr\/gerardmerinfo\/2025\/07\/au-programme-de-la-21eme-saison-estivale-du-theatre-de-verdure\/#primaryimage\"},\"thumbnailUrl\":\"https:\/\/vosgesinfo.fr\/app\/uploads\/sites\/6\/2025\/07\/\u00a9-alain-doucet-cirque-du-de\u0301sastre-cassos.jpeg\",\"keywords\":[\"La Compagnie du Plateau Ivre\"],\"articleSection\":[\"A la une\",\"G\u00e9rardmer\",\"Remiremont\"],\"inLanguage\":\"fr-FR\",\"potentialAction\":[{\"@type\":\"CommentAction\",\"name\":\"Comment\",\"target\":[\"https:\/\/vosgesinfo.fr\/gerardmerinfo\/2025\/07\/au-programme-de-la-21eme-saison-estivale-du-theatre-de-verdure\/#respond\"]}]},{\"@type\":\"WebPage\",\"@id\":\"https:\/\/vosgesinfo.fr\/gerardmerinfo\/2025\/07\/au-programme-de-la-21eme-saison-estivale-du-theatre-de-verdure\/\",\"url\":\"https:\/\/vosgesinfo.fr\/gerardmerinfo\/2025\/07\/au-programme-de-la-21eme-saison-estivale-du-theatre-de-verdure\/\",\"name\":\"Au programme de la 21\u00e8me saison estivale du Th\u00e9\u00e2tre de Verdure - Gerardmer Info\",\"isPartOf\":{\"@id\":\"https:\/\/vosgesinfo.fr\/gerardmerinfo\/#website\"},\"primaryImageOfPage\":{\"@id\":\"https:\/\/vosgesinfo.fr\/gerardmerinfo\/2025\/07\/au-programme-de-la-21eme-saison-estivale-du-theatre-de-verdure\/#primaryimage\"},\"image\":{\"@id\":\"https:\/\/vosgesinfo.fr\/gerardmerinfo\/2025\/07\/au-programme-de-la-21eme-saison-estivale-du-theatre-de-verdure\/#primaryimage\"},\"thumbnailUrl\":\"https:\/\/vosgesinfo.fr\/app\/uploads\/sites\/6\/2025\/07\/\u00a9-alain-doucet-cirque-du-de\u0301sastre-cassos.jpeg\",\"datePublished\":\"2025-07-22T04:00:13+00:00\",\"dateModified\":\"2025-07-22T04:00:13+00:00\",\"breadcrumb\":{\"@id\":\"https:\/\/vosgesinfo.fr\/gerardmerinfo\/2025\/07\/au-programme-de-la-21eme-saison-estivale-du-theatre-de-verdure\/#breadcrumb\"},\"inLanguage\":\"fr-FR\",\"potentialAction\":[{\"@type\":\"ReadAction\",\"target\":[\"https:\/\/vosgesinfo.fr\/gerardmerinfo\/2025\/07\/au-programme-de-la-21eme-saison-estivale-du-theatre-de-verdure\/\"]}]},{\"@type\":\"ImageObject\",\"inLanguage\":\"fr-FR\",\"@id\":\"https:\/\/vosgesinfo.fr\/gerardmerinfo\/2025\/07\/au-programme-de-la-21eme-saison-estivale-du-theatre-de-verdure\/#primaryimage\",\"url\":\"https:\/\/vosgesinfo.fr\/app\/uploads\/sites\/6\/2025\/07\/\u00a9-alain-doucet-cirque-du-de\u0301sastre-cassos.jpeg\",\"contentUrl\":\"https:\/\/vosgesinfo.fr\/app\/uploads\/sites\/6\/2025\/07\/\u00a9-alain-doucet-cirque-du-de\u0301sastre-cassos.jpeg\",\"width\":829,\"height\":537},{\"@type\":\"BreadcrumbList\",\"@id\":\"https:\/\/vosgesinfo.fr\/gerardmerinfo\/2025\/07\/au-programme-de-la-21eme-saison-estivale-du-theatre-de-verdure\/#breadcrumb\",\"itemListElement\":[{\"@type\":\"ListItem\",\"position\":1,\"name\":\"Home\",\"item\":\"https:\/\/vosgesinfo.fr\/gerardmerinfo\/\"},{\"@type\":\"ListItem\",\"position\":2,\"name\":\"Au programme de la 21\u00e8me saison estivale du Th\u00e9\u00e2tre de Verdure\"}]},{\"@type\":\"WebSite\",\"@id\":\"https:\/\/vosgesinfo.fr\/gerardmerinfo\/#website\",\"url\":\"https:\/\/vosgesinfo.fr\/gerardmerinfo\/\",\"name\":\"Gerardmer Info\",\"description\":\"Toute l&#039;actualit\u00e9 de G\u00e9rardmer\",\"publisher\":{\"@id\":\"https:\/\/vosgesinfo.fr\/gerardmerinfo\/#organization\"},\"alternateName\":\"Toute l'actualit\u00e9 de G\u00e9rardmer\",\"potentialAction\":[{\"@type\":\"SearchAction\",\"target\":{\"@type\":\"EntryPoint\",\"urlTemplate\":\"https:\/\/vosgesinfo.fr\/gerardmerinfo\/?s={search_term_string}\"},\"query-input\":\"required name=search_term_string\"}],\"inLanguage\":\"fr-FR\"},{\"@type\":\"Organization\",\"@id\":\"https:\/\/vosgesinfo.fr\/gerardmerinfo\/#organization\",\"name\":\"Gerardmer Info\",\"url\":\"https:\/\/vosgesinfo.fr\/gerardmerinfo\/\",\"logo\":{\"@type\":\"ImageObject\",\"inLanguage\":\"fr-FR\",\"@id\":\"https:\/\/vosgesinfo.fr\/gerardmerinfo\/#\/schema\/logo\/image\/\",\"url\":\"https:\/\/vosgesinfo.fr\/app\/uploads\/sites\/6\/2023\/08\/favicon-gerardmerinfo.png\",\"contentUrl\":\"https:\/\/vosgesinfo.fr\/app\/uploads\/sites\/6\/2023\/08\/favicon-gerardmerinfo.png\",\"width\":512,\"height\":512,\"caption\":\"Gerardmer Info\"},\"image\":{\"@id\":\"https:\/\/vosgesinfo.fr\/gerardmerinfo\/#\/schema\/logo\/image\/\"},\"sameAs\":[\"https:\/\/www.facebook.com\/profile.php?id=100049475262660\",\"https:\/\/x.com\/VosgesInfo88\",\"https:\/\/www.youtube.com\/@vosgesinfo\"]},{\"@type\":\"Person\",\"@id\":\"https:\/\/vosgesinfo.fr\/gerardmerinfo\/#\/schema\/person\/27a3695b06db98895b354c0765cdfc31\",\"name\":\"La redaction\",\"image\":{\"@type\":\"ImageObject\",\"inLanguage\":\"fr-FR\",\"@id\":\"https:\/\/vosgesinfo.fr\/gerardmerinfo\/#\/schema\/person\/image\/\",\"url\":\"https:\/\/secure.gravatar.com\/avatar\/64c76a78e501cedee55736f43f332df901e1896ae9cd8fad269ae2236dd0e8b6?s=96&d=mm&r=g\",\"contentUrl\":\"https:\/\/secure.gravatar.com\/avatar\/64c76a78e501cedee55736f43f332df901e1896ae9cd8fad269ae2236dd0e8b6?s=96&d=mm&r=g\",\"caption\":\"La redaction\"},\"url\":\"https:\/\/vosgesinfo.fr\/gerardmerinfo\/author\/la-redaction\/\"}]}<\/script>\n<!-- \/ Yoast SEO plugin. -->","yoast_head_json":{"title":"Au programme de la 21\u00e8me saison estivale du Th\u00e9\u00e2tre de Verdure - Gerardmer Info","robots":{"index":"index","follow":"follow","max-snippet":"max-snippet:-1","max-image-preview":"max-image-preview:large","max-video-preview":"max-video-preview:-1"},"canonical":"https:\/\/vosgesinfo.fr\/gerardmerinfo\/2025\/07\/au-programme-de-la-21eme-saison-estivale-du-theatre-de-verdure\/","twitter_card":"summary_large_image","twitter_title":"Au programme de la 21\u00e8me saison estivale du Th\u00e9\u00e2tre de Verdure - Gerardmer Info","twitter_description":"Samedi 26 juillet : \u00e0 18h : H\u00e9l\u00e8ne et Sophocle \/ Cie Mamaille \/ Th\u00e9\u00e2tre (8\u20ac\/10\u20ac\/12\u20ac, \u00e0 partir de 10 [&hellip;]","twitter_image":"https:\/\/vosgesinfo.fr\/app\/uploads\/sites\/6\/2025\/07\/\u00a9-alain-doucet-cirque-du-de\u0301sastre-cassos.jpeg","twitter_creator":"@VosgesInfo88","twitter_site":"@VosgesInfo88","twitter_misc":{"\u00c9crit par":"La redaction","Dur\u00e9e de lecture estim\u00e9e":"4 minutes"},"schema":{"@context":"https:\/\/schema.org","@graph":[{"@type":"Article","@id":"https:\/\/vosgesinfo.fr\/gerardmerinfo\/2025\/07\/au-programme-de-la-21eme-saison-estivale-du-theatre-de-verdure\/#article","isPartOf":{"@id":"https:\/\/vosgesinfo.fr\/gerardmerinfo\/2025\/07\/au-programme-de-la-21eme-saison-estivale-du-theatre-de-verdure\/"},"author":{"name":"La redaction","@id":"https:\/\/vosgesinfo.fr\/gerardmerinfo\/#\/schema\/person\/27a3695b06db98895b354c0765cdfc31"},"headline":"Au programme de la 21\u00e8me saison estivale du Th\u00e9\u00e2tre de Verdure","datePublished":"2025-07-22T04:00:13+00:00","dateModified":"2025-07-22T04:00:13+00:00","mainEntityOfPage":{"@id":"https:\/\/vosgesinfo.fr\/gerardmerinfo\/2025\/07\/au-programme-de-la-21eme-saison-estivale-du-theatre-de-verdure\/"},"wordCount":903,"commentCount":0,"publisher":{"@id":"https:\/\/vosgesinfo.fr\/gerardmerinfo\/#organization"},"image":{"@id":"https:\/\/vosgesinfo.fr\/gerardmerinfo\/2025\/07\/au-programme-de-la-21eme-saison-estivale-du-theatre-de-verdure\/#primaryimage"},"thumbnailUrl":"https:\/\/vosgesinfo.fr\/app\/uploads\/sites\/6\/2025\/07\/\u00a9-alain-doucet-cirque-du-de\u0301sastre-cassos.jpeg","keywords":["La Compagnie du Plateau Ivre"],"articleSection":["A la une","G\u00e9rardmer","Remiremont"],"inLanguage":"fr-FR","potentialAction":[{"@type":"CommentAction","name":"Comment","target":["https:\/\/vosgesinfo.fr\/gerardmerinfo\/2025\/07\/au-programme-de-la-21eme-saison-estivale-du-theatre-de-verdure\/#respond"]}]},{"@type":"WebPage","@id":"https:\/\/vosgesinfo.fr\/gerardmerinfo\/2025\/07\/au-programme-de-la-21eme-saison-estivale-du-theatre-de-verdure\/","url":"https:\/\/vosgesinfo.fr\/gerardmerinfo\/2025\/07\/au-programme-de-la-21eme-saison-estivale-du-theatre-de-verdure\/","name":"Au programme de la 21\u00e8me saison estivale du Th\u00e9\u00e2tre de Verdure - Gerardmer Info","isPartOf":{"@id":"https:\/\/vosgesinfo.fr\/gerardmerinfo\/#website"},"primaryImageOfPage":{"@id":"https:\/\/vosgesinfo.fr\/gerardmerinfo\/2025\/07\/au-programme-de-la-21eme-saison-estivale-du-theatre-de-verdure\/#primaryimage"},"image":{"@id":"https:\/\/vosgesinfo.fr\/gerardmerinfo\/2025\/07\/au-programme-de-la-21eme-saison-estivale-du-theatre-de-verdure\/#primaryimage"},"thumbnailUrl":"https:\/\/vosgesinfo.fr\/app\/uploads\/sites\/6\/2025\/07\/\u00a9-alain-doucet-cirque-du-de\u0301sastre-cassos.jpeg","datePublished":"2025-07-22T04:00:13+00:00","dateModified":"2025-07-22T04:00:13+00:00","breadcrumb":{"@id":"https:\/\/vosgesinfo.fr\/gerardmerinfo\/2025\/07\/au-programme-de-la-21eme-saison-estivale-du-theatre-de-verdure\/#breadcrumb"},"inLanguage":"fr-FR","potentialAction":[{"@type":"ReadAction","target":["https:\/\/vosgesinfo.fr\/gerardmerinfo\/2025\/07\/au-programme-de-la-21eme-saison-estivale-du-theatre-de-verdure\/"]}]},{"@type":"ImageObject","inLanguage":"fr-FR","@id":"https:\/\/vosgesinfo.fr\/gerardmerinfo\/2025\/07\/au-programme-de-la-21eme-saison-estivale-du-theatre-de-verdure\/#primaryimage","url":"https:\/\/vosgesinfo.fr\/app\/uploads\/sites\/6\/2025\/07\/\u00a9-alain-doucet-cirque-du-de\u0301sastre-cassos.jpeg","contentUrl":"https:\/\/vosgesinfo.fr\/app\/uploads\/sites\/6\/2025\/07\/\u00a9-alain-doucet-cirque-du-de\u0301sastre-cassos.jpeg","width":829,"height":537},{"@type":"BreadcrumbList","@id":"https:\/\/vosgesinfo.fr\/gerardmerinfo\/2025\/07\/au-programme-de-la-21eme-saison-estivale-du-theatre-de-verdure\/#breadcrumb","itemListElement":[{"@type":"ListItem","position":1,"name":"Home","item":"https:\/\/vosgesinfo.fr\/gerardmerinfo\/"},{"@type":"ListItem","position":2,"name":"Au programme de la 21\u00e8me saison estivale du Th\u00e9\u00e2tre de Verdure"}]},{"@type":"WebSite","@id":"https:\/\/vosgesinfo.fr\/gerardmerinfo\/#website","url":"https:\/\/vosgesinfo.fr\/gerardmerinfo\/","name":"Gerardmer Info","description":"Toute l&#039;actualit\u00e9 de G\u00e9rardmer","publisher":{"@id":"https:\/\/vosgesinfo.fr\/gerardmerinfo\/#organization"},"alternateName":"Toute l'actualit\u00e9 de G\u00e9rardmer","potentialAction":[{"@type":"SearchAction","target":{"@type":"EntryPoint","urlTemplate":"https:\/\/vosgesinfo.fr\/gerardmerinfo\/?s={search_term_string}"},"query-input":"required name=search_term_string"}],"inLanguage":"fr-FR"},{"@type":"Organization","@id":"https:\/\/vosgesinfo.fr\/gerardmerinfo\/#organization","name":"Gerardmer Info","url":"https:\/\/vosgesinfo.fr\/gerardmerinfo\/","logo":{"@type":"ImageObject","inLanguage":"fr-FR","@id":"https:\/\/vosgesinfo.fr\/gerardmerinfo\/#\/schema\/logo\/image\/","url":"https:\/\/vosgesinfo.fr\/app\/uploads\/sites\/6\/2023\/08\/favicon-gerardmerinfo.png","contentUrl":"https:\/\/vosgesinfo.fr\/app\/uploads\/sites\/6\/2023\/08\/favicon-gerardmerinfo.png","width":512,"height":512,"caption":"Gerardmer Info"},"image":{"@id":"https:\/\/vosgesinfo.fr\/gerardmerinfo\/#\/schema\/logo\/image\/"},"sameAs":["https:\/\/www.facebook.com\/profile.php?id=100049475262660","https:\/\/x.com\/VosgesInfo88","https:\/\/www.youtube.com\/@vosgesinfo"]},{"@type":"Person","@id":"https:\/\/vosgesinfo.fr\/gerardmerinfo\/#\/schema\/person\/27a3695b06db98895b354c0765cdfc31","name":"La redaction","image":{"@type":"ImageObject","inLanguage":"fr-FR","@id":"https:\/\/vosgesinfo.fr\/gerardmerinfo\/#\/schema\/person\/image\/","url":"https:\/\/secure.gravatar.com\/avatar\/64c76a78e501cedee55736f43f332df901e1896ae9cd8fad269ae2236dd0e8b6?s=96&d=mm&r=g","contentUrl":"https:\/\/secure.gravatar.com\/avatar\/64c76a78e501cedee55736f43f332df901e1896ae9cd8fad269ae2236dd0e8b6?s=96&d=mm&r=g","caption":"La redaction"},"url":"https:\/\/vosgesinfo.fr\/gerardmerinfo\/author\/la-redaction\/"}]}},"_links":{"self":[{"href":"https:\/\/vosgesinfo.fr\/gerardmerinfo\/wp-json\/wp\/v2\/posts\/80791","targetHints":{"allow":["GET"]}}],"collection":[{"href":"https:\/\/vosgesinfo.fr\/gerardmerinfo\/wp-json\/wp\/v2\/posts"}],"about":[{"href":"https:\/\/vosgesinfo.fr\/gerardmerinfo\/wp-json\/wp\/v2\/types\/post"}],"author":[{"embeddable":true,"href":"https:\/\/vosgesinfo.fr\/gerardmerinfo\/wp-json\/wp\/v2\/users\/391"}],"replies":[{"embeddable":true,"href":"https:\/\/vosgesinfo.fr\/gerardmerinfo\/wp-json\/wp\/v2\/comments?post=80791"}],"version-history":[{"count":0,"href":"https:\/\/vosgesinfo.fr\/gerardmerinfo\/wp-json\/wp\/v2\/posts\/80791\/revisions"}],"wp:featuredmedia":[{"embeddable":true,"href":"https:\/\/vosgesinfo.fr\/gerardmerinfo\/wp-json\/wp\/v2\/media\/80792"}],"wp:attachment":[{"href":"https:\/\/vosgesinfo.fr\/gerardmerinfo\/wp-json\/wp\/v2\/media?parent=80791"}],"wp:term":[{"taxonomy":"category","embeddable":true,"href":"https:\/\/vosgesinfo.fr\/gerardmerinfo\/wp-json\/wp\/v2\/categories?post=80791"},{"taxonomy":"post_tag","embeddable":true,"href":"https:\/\/vosgesinfo.fr\/gerardmerinfo\/wp-json\/wp\/v2\/tags?post=80791"}],"curies":[{"name":"wp","href":"https:\/\/api.w.org\/{rel}","templated":true}]}}