{"id":80806,"date":"2025-07-22T14:40:28","date_gmt":"2025-07-22T12:40:28","guid":{"rendered":"https:\/\/vosgesinfo.fr\/gerardmerinfo\/?p=80806"},"modified":"2025-07-22T14:40:28","modified_gmt":"2025-07-22T12:40:28","slug":"vosges-la-petition-contre-la-fermeture-du-centre-de-depistage-du-cancer-depasse-les-2500-signatures","status":"publish","type":"post","link":"https:\/\/vosgesinfo.fr\/gerardmerinfo\/2025\/07\/vosges-la-petition-contre-la-fermeture-du-centre-de-depistage-du-cancer-depasse-les-2500-signatures\/","title":{"rendered":"Vosges \u2013 La p\u00e9tition contre la fermeture du centre de d\u00e9pistage du cancer d\u00e9passe les 2500 signatures"},"content":{"rendered":"<h3><a href=\"https:\/\/vosgesinfo.fr\/app\/uploads\/sites\/4\/2025\/07\/vosges-petition-contre-fermeture-centre-depistage-cancer.webp\"><img decoding=\"async\" class=\"alignnone size-full wp-image-80492\" src=\"https:\/\/vosgesinfo.fr\/app\/uploads\/sites\/4\/2025\/07\/vosges-petition-contre-fermeture-centre-depistage-cancer.webp\" alt=\"\" width=\"800\" height=\"450\" \/><\/a><\/h3>\n<h2><strong>La fermeture annonc\u00e9e pour octobre 2025 du centre de d\u00e9pistage du cancer des Vosges, situ\u00e9 \u00e0 \u00c9pinal, suscite une forte inqui\u00e9tude.<\/strong><\/h2>\n<p><!--more--><\/p>\n<p>Le <strong>centre d\u00e9partemental<\/strong>, qui emploie <strong>6 salari\u00e9s<\/strong> et qui accueille chaque ann\u00e9e de <strong>nombreux habitants<\/strong> du d\u00e9partement, propose un <strong>accompagnement de proximit\u00e9<\/strong> en mati\u00e8re de <strong>pr\u00e9vention<\/strong>, <strong>information<\/strong> et <strong>d\u00e9pistage<\/strong>.<\/p>\n<p>Cette d\u00e9cision de fermeture intervient <strong>sans concertation pr\u00e9alable<\/strong>, alors m\u00eame que la <strong>pr\u00e9vention<\/strong> constitue un <strong>axe important dans la lutte contre le cancer<\/strong>, en compl\u00e9ment du travail men\u00e9 par les <strong>\u00e9tablissements de sant\u00e9<\/strong> et les <strong>acteurs associatifs locaux<\/strong>.<\/p>\n<p>En r\u00e9action, le <strong>d\u00e9put\u00e9 de la Premi\u00e8re Circonscription des Vosges St\u00e9phane Viry<\/strong> a ouvert une <strong>p\u00e9tition<\/strong>, sur la plateforme <strong>change.org<\/strong>, pour demander le <strong>maintien du centre<\/strong>.<br \/>\n\u00ab\u202f<strong>Nous refusons que la sant\u00e9 des Vosgiens soit sacrifi\u00e9e pour des raisons budg\u00e9taires.<\/strong> Fermer ce centre, c\u2019est <strong>\u00e9loigner les habitants d\u2019un service vital<\/strong>. C\u2019est <strong>faire reculer la pr\u00e9vention<\/strong>, et donc la lutte contre le cancer. <strong>Ensemble, disons non \u00e0 cette d\u00e9cision injuste.<\/strong> Ensemble, montrons que les Vosgiens ne se laisseront pas faire.\u202f\u00bb<\/p>\n<p>Lanc\u00e9e il y a <strong>3 jours<\/strong>, la p\u00e9tition a d\u00e9pass\u00e9 la barre des <strong>2000 signatures<\/strong> ce <strong>mardi matin<\/strong>, et vient d&rsquo;atteindre les <strong>2500 signatures<\/strong> en ce <strong>d\u00e9but d&rsquo;apr\u00e8s-midi<\/strong>. <a href=\"https:\/\/www.change.org\/p\/cancer-non-%C3%A0-la-fermeture-du-centre-de-d%C3%A9pistage-d-%C3%A9pinal\" target=\"_blank\" rel=\"noopener\">La p\u00e9tition est accessible <strong>en cliquant ici<\/strong>.<\/a><\/p>\n","protected":false},"excerpt":{"rendered":"<p>La fermeture annonc\u00e9e pour octobre 2025 du centre de d\u00e9pistage du cancer des Vosges, situ\u00e9 \u00e0 \u00c9pinal, suscite une forte [&hellip;]<\/p>\n","protected":false},"author":46,"featured_media":80807,"comment_status":"open","ping_status":"open","sticky":false,"template":"","format":"standard","meta":{"footnotes":""},"categories":[20,878,25,328,868,12,18],"tags":[7653,7654,237,7655,6771],"class_list":["post-80806","post","type-post","status-publish","format-standard","has-post-thumbnail","hentry","category-a-la-une","category-epinal","category-gerardmer","category-la-plaine-des-vosges","category-remiremont","category-sante","category-vosges","tag-centre-de-depistage-du-cancer-des-vosges","tag-depute-de-la-premiere-circonscription-des-vosges","tag-epinal","tag-la-petition-contre-la-fermeture-du-centre-de-depistage-du-cancer-depinal-depasse-les-2400-signatures","tag-stephane-viry"],"acf":[],"yoast_head":"<!-- This site is optimized with the Yoast SEO plugin v22.5 - https:\/\/yoast.com\/wordpress\/plugins\/seo\/ -->\n<title>Vosges \u2013 La p\u00e9tition contre la fermeture du centre de d\u00e9pistage du cancer d\u00e9passe les 2500 signatures - Gerardmer Info<\/title>\n<meta name=\"robots\" content=\"index, follow, max-snippet:-1, max-image-preview:large, max-video-preview:-1\" \/>\n<link rel=\"canonical\" href=\"https:\/\/vosgesinfo.fr\/gerardmerinfo\/2025\/07\/vosges-la-petition-contre-la-fermeture-du-centre-de-depistage-du-cancer-depasse-les-2500-signatures\/\" \/>\n<meta name=\"twitter:card\" content=\"summary_large_image\" \/>\n<meta name=\"twitter:title\" content=\"Vosges \u2013 La p\u00e9tition contre la fermeture du centre de d\u00e9pistage du cancer d\u00e9passe les 2500 signatures - Gerardmer Info\" \/>\n<meta name=\"twitter:description\" content=\"La fermeture annonc\u00e9e pour octobre 2025 du centre de d\u00e9pistage du cancer des Vosges, situ\u00e9 \u00e0 \u00c9pinal, suscite une forte [&hellip;]\" \/>\n<meta name=\"twitter:image\" content=\"https:\/\/vosgesinfo.fr\/app\/uploads\/sites\/6\/2025\/07\/vosges-petition-contre-fermeture-centre-depistage-cancer.webp\" \/>\n<meta name=\"twitter:creator\" content=\"@VosgesInfo88\" \/>\n<meta name=\"twitter:site\" content=\"@VosgesInfo88\" \/>\n<meta name=\"twitter:label1\" content=\"\u00c9crit par\" \/>\n\t<meta name=\"twitter:data1\" content=\"J.J.\" \/>\n\t<meta name=\"twitter:label2\" content=\"Dur\u00e9e de lecture estim\u00e9e\" \/>\n\t<meta name=\"twitter:data2\" content=\"1 minute\" \/>\n<script type=\"application\/ld+json\" class=\"yoast-schema-graph\">{\"@context\":\"https:\/\/schema.org\",\"@graph\":[{\"@type\":\"Article\",\"@id\":\"https:\/\/vosgesinfo.fr\/gerardmerinfo\/2025\/07\/vosges-la-petition-contre-la-fermeture-du-centre-de-depistage-du-cancer-depasse-les-2500-signatures\/#article\",\"isPartOf\":{\"@id\":\"https:\/\/vosgesinfo.fr\/gerardmerinfo\/2025\/07\/vosges-la-petition-contre-la-fermeture-du-centre-de-depistage-du-cancer-depasse-les-2500-signatures\/\"},\"author\":{\"name\":\"J.J.\",\"@id\":\"https:\/\/vosgesinfo.fr\/gerardmerinfo\/#\/schema\/person\/fa73e9f726d67bb88f46d5b7943cb572\"},\"headline\":\"Vosges \u2013 La p\u00e9tition contre la fermeture du centre de d\u00e9pistage du cancer d\u00e9passe les 2500 signatures\",\"datePublished\":\"2025-07-22T12:40:28+00:00\",\"dateModified\":\"2025-07-22T12:40:28+00:00\",\"mainEntityOfPage\":{\"@id\":\"https:\/\/vosgesinfo.fr\/gerardmerinfo\/2025\/07\/vosges-la-petition-contre-la-fermeture-du-centre-de-depistage-du-cancer-depasse-les-2500-signatures\/\"},\"wordCount\":248,\"commentCount\":1,\"publisher\":{\"@id\":\"https:\/\/vosgesinfo.fr\/gerardmerinfo\/#organization\"},\"image\":{\"@id\":\"https:\/\/vosgesinfo.fr\/gerardmerinfo\/2025\/07\/vosges-la-petition-contre-la-fermeture-du-centre-de-depistage-du-cancer-depasse-les-2500-signatures\/#primaryimage\"},\"thumbnailUrl\":\"https:\/\/vosgesinfo.fr\/app\/uploads\/sites\/6\/2025\/07\/vosges-petition-contre-fermeture-centre-depistage-cancer.webp\",\"keywords\":[\"Centre de d\u00e9pistage du cancer des Vosges\",\"D\u00e9put\u00e9 de la Premi\u00e8re Circonscription des Vosges\",\"\u00c9pinal\",\"La p\u00e9tition contre la fermeture du centre de d\u00e9pistage du cancer d'Epinal d\u00e9passe les 2400 signatures\",\"St\u00e9phane Viry\"],\"articleSection\":[\"A la une\",\"Epinal\",\"G\u00e9rardmer\",\"La plaine des vosges\",\"Remiremont\",\"Sant\u00e9\",\"Vosges\"],\"inLanguage\":\"fr-FR\",\"potentialAction\":[{\"@type\":\"CommentAction\",\"name\":\"Comment\",\"target\":[\"https:\/\/vosgesinfo.fr\/gerardmerinfo\/2025\/07\/vosges-la-petition-contre-la-fermeture-du-centre-de-depistage-du-cancer-depasse-les-2500-signatures\/#respond\"]}]},{\"@type\":\"WebPage\",\"@id\":\"https:\/\/vosgesinfo.fr\/gerardmerinfo\/2025\/07\/vosges-la-petition-contre-la-fermeture-du-centre-de-depistage-du-cancer-depasse-les-2500-signatures\/\",\"url\":\"https:\/\/vosgesinfo.fr\/gerardmerinfo\/2025\/07\/vosges-la-petition-contre-la-fermeture-du-centre-de-depistage-du-cancer-depasse-les-2500-signatures\/\",\"name\":\"Vosges \u2013 La p\u00e9tition contre la fermeture du centre de d\u00e9pistage du cancer d\u00e9passe les 2500 signatures - Gerardmer Info\",\"isPartOf\":{\"@id\":\"https:\/\/vosgesinfo.fr\/gerardmerinfo\/#website\"},\"primaryImageOfPage\":{\"@id\":\"https:\/\/vosgesinfo.fr\/gerardmerinfo\/2025\/07\/vosges-la-petition-contre-la-fermeture-du-centre-de-depistage-du-cancer-depasse-les-2500-signatures\/#primaryimage\"},\"image\":{\"@id\":\"https:\/\/vosgesinfo.fr\/gerardmerinfo\/2025\/07\/vosges-la-petition-contre-la-fermeture-du-centre-de-depistage-du-cancer-depasse-les-2500-signatures\/#primaryimage\"},\"thumbnailUrl\":\"https:\/\/vosgesinfo.fr\/app\/uploads\/sites\/6\/2025\/07\/vosges-petition-contre-fermeture-centre-depistage-cancer.webp\",\"datePublished\":\"2025-07-22T12:40:28+00:00\",\"dateModified\":\"2025-07-22T12:40:28+00:00\",\"breadcrumb\":{\"@id\":\"https:\/\/vosgesinfo.fr\/gerardmerinfo\/2025\/07\/vosges-la-petition-contre-la-fermeture-du-centre-de-depistage-du-cancer-depasse-les-2500-signatures\/#breadcrumb\"},\"inLanguage\":\"fr-FR\",\"potentialAction\":[{\"@type\":\"ReadAction\",\"target\":[\"https:\/\/vosgesinfo.fr\/gerardmerinfo\/2025\/07\/vosges-la-petition-contre-la-fermeture-du-centre-de-depistage-du-cancer-depasse-les-2500-signatures\/\"]}]},{\"@type\":\"ImageObject\",\"inLanguage\":\"fr-FR\",\"@id\":\"https:\/\/vosgesinfo.fr\/gerardmerinfo\/2025\/07\/vosges-la-petition-contre-la-fermeture-du-centre-de-depistage-du-cancer-depasse-les-2500-signatures\/#primaryimage\",\"url\":\"https:\/\/vosgesinfo.fr\/app\/uploads\/sites\/6\/2025\/07\/vosges-petition-contre-fermeture-centre-depistage-cancer.webp\",\"contentUrl\":\"https:\/\/vosgesinfo.fr\/app\/uploads\/sites\/6\/2025\/07\/vosges-petition-contre-fermeture-centre-depistage-cancer.webp\",\"width\":800,\"height\":450},{\"@type\":\"BreadcrumbList\",\"@id\":\"https:\/\/vosgesinfo.fr\/gerardmerinfo\/2025\/07\/vosges-la-petition-contre-la-fermeture-du-centre-de-depistage-du-cancer-depasse-les-2500-signatures\/#breadcrumb\",\"itemListElement\":[{\"@type\":\"ListItem\",\"position\":1,\"name\":\"Home\",\"item\":\"https:\/\/vosgesinfo.fr\/gerardmerinfo\/\"},{\"@type\":\"ListItem\",\"position\":2,\"name\":\"Vosges \u2013 La p\u00e9tition contre la fermeture du centre de d\u00e9pistage du cancer d\u00e9passe les 2500 signatures\"}]},{\"@type\":\"WebSite\",\"@id\":\"https:\/\/vosgesinfo.fr\/gerardmerinfo\/#website\",\"url\":\"https:\/\/vosgesinfo.fr\/gerardmerinfo\/\",\"name\":\"Gerardmer Info\",\"description\":\"Toute l&#039;actualit\u00e9 de G\u00e9rardmer\",\"publisher\":{\"@id\":\"https:\/\/vosgesinfo.fr\/gerardmerinfo\/#organization\"},\"alternateName\":\"Toute l'actualit\u00e9 de G\u00e9rardmer\",\"potentialAction\":[{\"@type\":\"SearchAction\",\"target\":{\"@type\":\"EntryPoint\",\"urlTemplate\":\"https:\/\/vosgesinfo.fr\/gerardmerinfo\/?s={search_term_string}\"},\"query-input\":\"required name=search_term_string\"}],\"inLanguage\":\"fr-FR\"},{\"@type\":\"Organization\",\"@id\":\"https:\/\/vosgesinfo.fr\/gerardmerinfo\/#organization\",\"name\":\"Gerardmer Info\",\"url\":\"https:\/\/vosgesinfo.fr\/gerardmerinfo\/\",\"logo\":{\"@type\":\"ImageObject\",\"inLanguage\":\"fr-FR\",\"@id\":\"https:\/\/vosgesinfo.fr\/gerardmerinfo\/#\/schema\/logo\/image\/\",\"url\":\"https:\/\/vosgesinfo.fr\/app\/uploads\/sites\/6\/2023\/08\/favicon-gerardmerinfo.png\",\"contentUrl\":\"https:\/\/vosgesinfo.fr\/app\/uploads\/sites\/6\/2023\/08\/favicon-gerardmerinfo.png\",\"width\":512,\"height\":512,\"caption\":\"Gerardmer Info\"},\"image\":{\"@id\":\"https:\/\/vosgesinfo.fr\/gerardmerinfo\/#\/schema\/logo\/image\/\"},\"sameAs\":[\"https:\/\/www.facebook.com\/profile.php?id=100049475262660\",\"https:\/\/x.com\/VosgesInfo88\",\"https:\/\/www.youtube.com\/@vosgesinfo\"]},{\"@type\":\"Person\",\"@id\":\"https:\/\/vosgesinfo.fr\/gerardmerinfo\/#\/schema\/person\/fa73e9f726d67bb88f46d5b7943cb572\",\"name\":\"J.J.\",\"image\":{\"@type\":\"ImageObject\",\"inLanguage\":\"fr-FR\",\"@id\":\"https:\/\/vosgesinfo.fr\/gerardmerinfo\/#\/schema\/person\/image\/\",\"url\":\"https:\/\/secure.gravatar.com\/avatar\/219e749e47ffbcca018a360ae4add7d4cdf1cdaaf8bc7676b27efade3fe65615?s=96&d=mm&r=g\",\"contentUrl\":\"https:\/\/secure.gravatar.com\/avatar\/219e749e47ffbcca018a360ae4add7d4cdf1cdaaf8bc7676b27efade3fe65615?s=96&d=mm&r=g\",\"caption\":\"J.J.\"},\"url\":\"https:\/\/vosgesinfo.fr\/gerardmerinfo\/author\/j-j\/\"}]}<\/script>\n<!-- \/ Yoast SEO plugin. -->","yoast_head_json":{"title":"Vosges \u2013 La p\u00e9tition contre la fermeture du centre de d\u00e9pistage du cancer d\u00e9passe les 2500 signatures - Gerardmer Info","robots":{"index":"index","follow":"follow","max-snippet":"max-snippet:-1","max-image-preview":"max-image-preview:large","max-video-preview":"max-video-preview:-1"},"canonical":"https:\/\/vosgesinfo.fr\/gerardmerinfo\/2025\/07\/vosges-la-petition-contre-la-fermeture-du-centre-de-depistage-du-cancer-depasse-les-2500-signatures\/","twitter_card":"summary_large_image","twitter_title":"Vosges \u2013 La p\u00e9tition contre la fermeture du centre de d\u00e9pistage du cancer d\u00e9passe les 2500 signatures - Gerardmer Info","twitter_description":"La fermeture annonc\u00e9e pour octobre 2025 du centre de d\u00e9pistage du cancer des Vosges, situ\u00e9 \u00e0 \u00c9pinal, suscite une forte [&hellip;]","twitter_image":"https:\/\/vosgesinfo.fr\/app\/uploads\/sites\/6\/2025\/07\/vosges-petition-contre-fermeture-centre-depistage-cancer.webp","twitter_creator":"@VosgesInfo88","twitter_site":"@VosgesInfo88","twitter_misc":{"\u00c9crit par":"J.J.","Dur\u00e9e de lecture estim\u00e9e":"1 minute"},"schema":{"@context":"https:\/\/schema.org","@graph":[{"@type":"Article","@id":"https:\/\/vosgesinfo.fr\/gerardmerinfo\/2025\/07\/vosges-la-petition-contre-la-fermeture-du-centre-de-depistage-du-cancer-depasse-les-2500-signatures\/#article","isPartOf":{"@id":"https:\/\/vosgesinfo.fr\/gerardmerinfo\/2025\/07\/vosges-la-petition-contre-la-fermeture-du-centre-de-depistage-du-cancer-depasse-les-2500-signatures\/"},"author":{"name":"J.J.","@id":"https:\/\/vosgesinfo.fr\/gerardmerinfo\/#\/schema\/person\/fa73e9f726d67bb88f46d5b7943cb572"},"headline":"Vosges \u2013 La p\u00e9tition contre la fermeture du centre de d\u00e9pistage du cancer d\u00e9passe les 2500 signatures","datePublished":"2025-07-22T12:40:28+00:00","dateModified":"2025-07-22T12:40:28+00:00","mainEntityOfPage":{"@id":"https:\/\/vosgesinfo.fr\/gerardmerinfo\/2025\/07\/vosges-la-petition-contre-la-fermeture-du-centre-de-depistage-du-cancer-depasse-les-2500-signatures\/"},"wordCount":248,"commentCount":1,"publisher":{"@id":"https:\/\/vosgesinfo.fr\/gerardmerinfo\/#organization"},"image":{"@id":"https:\/\/vosgesinfo.fr\/gerardmerinfo\/2025\/07\/vosges-la-petition-contre-la-fermeture-du-centre-de-depistage-du-cancer-depasse-les-2500-signatures\/#primaryimage"},"thumbnailUrl":"https:\/\/vosgesinfo.fr\/app\/uploads\/sites\/6\/2025\/07\/vosges-petition-contre-fermeture-centre-depistage-cancer.webp","keywords":["Centre de d\u00e9pistage du cancer des Vosges","D\u00e9put\u00e9 de la Premi\u00e8re Circonscription des Vosges","\u00c9pinal","La p\u00e9tition contre la fermeture du centre de d\u00e9pistage du cancer d'Epinal d\u00e9passe les 2400 signatures","St\u00e9phane Viry"],"articleSection":["A la une","Epinal","G\u00e9rardmer","La plaine des vosges","Remiremont","Sant\u00e9","Vosges"],"inLanguage":"fr-FR","potentialAction":[{"@type":"CommentAction","name":"Comment","target":["https:\/\/vosgesinfo.fr\/gerardmerinfo\/2025\/07\/vosges-la-petition-contre-la-fermeture-du-centre-de-depistage-du-cancer-depasse-les-2500-signatures\/#respond"]}]},{"@type":"WebPage","@id":"https:\/\/vosgesinfo.fr\/gerardmerinfo\/2025\/07\/vosges-la-petition-contre-la-fermeture-du-centre-de-depistage-du-cancer-depasse-les-2500-signatures\/","url":"https:\/\/vosgesinfo.fr\/gerardmerinfo\/2025\/07\/vosges-la-petition-contre-la-fermeture-du-centre-de-depistage-du-cancer-depasse-les-2500-signatures\/","name":"Vosges \u2013 La p\u00e9tition contre la fermeture du centre de d\u00e9pistage du cancer d\u00e9passe les 2500 signatures - Gerardmer Info","isPartOf":{"@id":"https:\/\/vosgesinfo.fr\/gerardmerinfo\/#website"},"primaryImageOfPage":{"@id":"https:\/\/vosgesinfo.fr\/gerardmerinfo\/2025\/07\/vosges-la-petition-contre-la-fermeture-du-centre-de-depistage-du-cancer-depasse-les-2500-signatures\/#primaryimage"},"image":{"@id":"https:\/\/vosgesinfo.fr\/gerardmerinfo\/2025\/07\/vosges-la-petition-contre-la-fermeture-du-centre-de-depistage-du-cancer-depasse-les-2500-signatures\/#primaryimage"},"thumbnailUrl":"https:\/\/vosgesinfo.fr\/app\/uploads\/sites\/6\/2025\/07\/vosges-petition-contre-fermeture-centre-depistage-cancer.webp","datePublished":"2025-07-22T12:40:28+00:00","dateModified":"2025-07-22T12:40:28+00:00","breadcrumb":{"@id":"https:\/\/vosgesinfo.fr\/gerardmerinfo\/2025\/07\/vosges-la-petition-contre-la-fermeture-du-centre-de-depistage-du-cancer-depasse-les-2500-signatures\/#breadcrumb"},"inLanguage":"fr-FR","potentialAction":[{"@type":"ReadAction","target":["https:\/\/vosgesinfo.fr\/gerardmerinfo\/2025\/07\/vosges-la-petition-contre-la-fermeture-du-centre-de-depistage-du-cancer-depasse-les-2500-signatures\/"]}]},{"@type":"ImageObject","inLanguage":"fr-FR","@id":"https:\/\/vosgesinfo.fr\/gerardmerinfo\/2025\/07\/vosges-la-petition-contre-la-fermeture-du-centre-de-depistage-du-cancer-depasse-les-2500-signatures\/#primaryimage","url":"https:\/\/vosgesinfo.fr\/app\/uploads\/sites\/6\/2025\/07\/vosges-petition-contre-fermeture-centre-depistage-cancer.webp","contentUrl":"https:\/\/vosgesinfo.fr\/app\/uploads\/sites\/6\/2025\/07\/vosges-petition-contre-fermeture-centre-depistage-cancer.webp","width":800,"height":450},{"@type":"BreadcrumbList","@id":"https:\/\/vosgesinfo.fr\/gerardmerinfo\/2025\/07\/vosges-la-petition-contre-la-fermeture-du-centre-de-depistage-du-cancer-depasse-les-2500-signatures\/#breadcrumb","itemListElement":[{"@type":"ListItem","position":1,"name":"Home","item":"https:\/\/vosgesinfo.fr\/gerardmerinfo\/"},{"@type":"ListItem","position":2,"name":"Vosges \u2013 La p\u00e9tition contre la fermeture du centre de d\u00e9pistage du cancer d\u00e9passe les 2500 signatures"}]},{"@type":"WebSite","@id":"https:\/\/vosgesinfo.fr\/gerardmerinfo\/#website","url":"https:\/\/vosgesinfo.fr\/gerardmerinfo\/","name":"Gerardmer Info","description":"Toute l&#039;actualit\u00e9 de G\u00e9rardmer","publisher":{"@id":"https:\/\/vosgesinfo.fr\/gerardmerinfo\/#organization"},"alternateName":"Toute l'actualit\u00e9 de G\u00e9rardmer","potentialAction":[{"@type":"SearchAction","target":{"@type":"EntryPoint","urlTemplate":"https:\/\/vosgesinfo.fr\/gerardmerinfo\/?s={search_term_string}"},"query-input":"required name=search_term_string"}],"inLanguage":"fr-FR"},{"@type":"Organization","@id":"https:\/\/vosgesinfo.fr\/gerardmerinfo\/#organization","name":"Gerardmer Info","url":"https:\/\/vosgesinfo.fr\/gerardmerinfo\/","logo":{"@type":"ImageObject","inLanguage":"fr-FR","@id":"https:\/\/vosgesinfo.fr\/gerardmerinfo\/#\/schema\/logo\/image\/","url":"https:\/\/vosgesinfo.fr\/app\/uploads\/sites\/6\/2023\/08\/favicon-gerardmerinfo.png","contentUrl":"https:\/\/vosgesinfo.fr\/app\/uploads\/sites\/6\/2023\/08\/favicon-gerardmerinfo.png","width":512,"height":512,"caption":"Gerardmer Info"},"image":{"@id":"https:\/\/vosgesinfo.fr\/gerardmerinfo\/#\/schema\/logo\/image\/"},"sameAs":["https:\/\/www.facebook.com\/profile.php?id=100049475262660","https:\/\/x.com\/VosgesInfo88","https:\/\/www.youtube.com\/@vosgesinfo"]},{"@type":"Person","@id":"https:\/\/vosgesinfo.fr\/gerardmerinfo\/#\/schema\/person\/fa73e9f726d67bb88f46d5b7943cb572","name":"J.J.","image":{"@type":"ImageObject","inLanguage":"fr-FR","@id":"https:\/\/vosgesinfo.fr\/gerardmerinfo\/#\/schema\/person\/image\/","url":"https:\/\/secure.gravatar.com\/avatar\/219e749e47ffbcca018a360ae4add7d4cdf1cdaaf8bc7676b27efade3fe65615?s=96&d=mm&r=g","contentUrl":"https:\/\/secure.gravatar.com\/avatar\/219e749e47ffbcca018a360ae4add7d4cdf1cdaaf8bc7676b27efade3fe65615?s=96&d=mm&r=g","caption":"J.J."},"url":"https:\/\/vosgesinfo.fr\/gerardmerinfo\/author\/j-j\/"}]}},"_links":{"self":[{"href":"https:\/\/vosgesinfo.fr\/gerardmerinfo\/wp-json\/wp\/v2\/posts\/80806","targetHints":{"allow":["GET"]}}],"collection":[{"href":"https:\/\/vosgesinfo.fr\/gerardmerinfo\/wp-json\/wp\/v2\/posts"}],"about":[{"href":"https:\/\/vosgesinfo.fr\/gerardmerinfo\/wp-json\/wp\/v2\/types\/post"}],"author":[{"embeddable":true,"href":"https:\/\/vosgesinfo.fr\/gerardmerinfo\/wp-json\/wp\/v2\/users\/46"}],"replies":[{"embeddable":true,"href":"https:\/\/vosgesinfo.fr\/gerardmerinfo\/wp-json\/wp\/v2\/comments?post=80806"}],"version-history":[{"count":0,"href":"https:\/\/vosgesinfo.fr\/gerardmerinfo\/wp-json\/wp\/v2\/posts\/80806\/revisions"}],"wp:featuredmedia":[{"embeddable":true,"href":"https:\/\/vosgesinfo.fr\/gerardmerinfo\/wp-json\/wp\/v2\/media\/80807"}],"wp:attachment":[{"href":"https:\/\/vosgesinfo.fr\/gerardmerinfo\/wp-json\/wp\/v2\/media?parent=80806"}],"wp:term":[{"taxonomy":"category","embeddable":true,"href":"https:\/\/vosgesinfo.fr\/gerardmerinfo\/wp-json\/wp\/v2\/categories?post=80806"},{"taxonomy":"post_tag","embeddable":true,"href":"https:\/\/vosgesinfo.fr\/gerardmerinfo\/wp-json\/wp\/v2\/tags?post=80806"}],"curies":[{"name":"wp","href":"https:\/\/api.w.org\/{rel}","templated":true}]}}