{"id":80808,"date":"2025-07-22T17:30:02","date_gmt":"2025-07-22T15:30:02","guid":{"rendered":"https:\/\/vosgesinfo.fr\/gerardmerinfo\/?p=80808"},"modified":"2025-07-22T17:14:42","modified_gmt":"2025-07-22T15:14:42","slug":"cen-lorraine-appel-a-benevoles-sur-le-secteur-de-pouxeux","status":"publish","type":"post","link":"https:\/\/vosgesinfo.fr\/gerardmerinfo\/2025\/07\/cen-lorraine-appel-a-benevoles-sur-le-secteur-de-pouxeux\/","title":{"rendered":"CEN Lorraine &#8211; Appel \u00e0 b\u00e9n\u00e9voles sur le secteur de Pouxeux"},"content":{"rendered":"<p>Prospection scientifique \u00e0 Pouxeux (88) &#8211; 26\/07\/2025<br \/>\n\u00ad<\/p>\n<p>De 8h30 \u00e0 12h, rejoignez Camille Gunder pour nous aider \u00e0 localiser le Mimulus. Une fois cartographi\u00e9e, cette Esp\u00e8ce Exotique Envahissante sera arrach\u00e9e.<\/p>\n<p>\ud83d\udccdRendez-vous \u00e0 la Mairie de Pouxeux.<\/p>\n<p>\ud83e\udde4Pr\u00e9voir bottes et gants.<\/p>\n<p>Inscription avant le 24\/07 aupr\u00e8s de M\u00e9lanie Picart &#8211; 03 82 83 62 84<\/p>\n<div id=\"attachment_80809\" style=\"width: 310px\" class=\"wp-caption aligncenter\"><a href=\"https:\/\/vosgesinfo.fr\/app\/uploads\/sites\/6\/2025\/07\/cen-pouxeux-prospection2.jpg\"><img decoding=\"async\" aria-describedby=\"caption-attachment-80809\" class=\"size-medium wp-image-80809\" src=\"https:\/\/vosgesinfo.fr\/app\/uploads\/sites\/6\/2025\/07\/cen-pouxeux-prospection2-300x200.jpg\" alt=\"\" width=\"300\" height=\"200\" srcset=\"https:\/\/vosgesinfo.fr\/app\/uploads\/sites\/6\/2025\/07\/cen-pouxeux-prospection2-300x200.jpg 300w, https:\/\/vosgesinfo.fr\/app\/uploads\/sites\/6\/2025\/07\/cen-pouxeux-prospection2-1024x683.jpg 1024w, https:\/\/vosgesinfo.fr\/app\/uploads\/sites\/6\/2025\/07\/cen-pouxeux-prospection2-768x512.jpg 768w, https:\/\/vosgesinfo.fr\/app\/uploads\/sites\/6\/2025\/07\/cen-pouxeux-prospection2.jpg 1500w\" sizes=\"(max-width: 300px) 100vw, 300px\" \/><\/a><p id=\"caption-attachment-80809\" class=\"wp-caption-text\">\u00a9\ufe0fCEN Lorraine<\/p><\/div>\n","protected":false},"excerpt":{"rendered":"<p>Prospection scientifique \u00e0 Pouxeux (88) &#8211; 26\/07\/2025 \u00ad De 8h30 \u00e0 12h, rejoignez Camille Gunder pour nous aider \u00e0 localiser [&hellip;]<\/p>\n","protected":false},"author":391,"featured_media":80809,"comment_status":"open","ping_status":"open","sticky":false,"template":"","format":"standard","meta":{"footnotes":""},"categories":[20,878,5647,868],"tags":[84],"class_list":["post-80808","post","type-post","status-publish","format-standard","has-post-thumbnail","hentry","category-a-la-une","category-epinal","category-gerardmer-autres-sites","category-remiremont","tag-cen-lorraine"],"acf":[],"yoast_head":"<!-- This site is optimized with the Yoast SEO plugin v22.5 - https:\/\/yoast.com\/wordpress\/plugins\/seo\/ -->\n<title>CEN Lorraine - Appel \u00e0 b\u00e9n\u00e9voles sur le secteur de Pouxeux - Gerardmer Info<\/title>\n<meta name=\"robots\" content=\"index, follow, max-snippet:-1, max-image-preview:large, max-video-preview:-1\" \/>\n<link rel=\"canonical\" href=\"https:\/\/vosgesinfo.fr\/gerardmerinfo\/2025\/07\/cen-lorraine-appel-a-benevoles-sur-le-secteur-de-pouxeux\/\" \/>\n<meta name=\"twitter:card\" content=\"summary_large_image\" \/>\n<meta name=\"twitter:title\" content=\"CEN Lorraine - Appel \u00e0 b\u00e9n\u00e9voles sur le secteur de Pouxeux - Gerardmer Info\" \/>\n<meta name=\"twitter:description\" content=\"Prospection scientifique \u00e0 Pouxeux (88) &#8211; 26\/07\/2025 \u00ad De 8h30 \u00e0 12h, rejoignez Camille Gunder pour nous aider \u00e0 localiser [&hellip;]\" \/>\n<meta name=\"twitter:image\" content=\"https:\/\/vosgesinfo.fr\/app\/uploads\/sites\/6\/2025\/07\/cen-pouxeux-prospection2.jpg\" \/>\n<meta name=\"twitter:creator\" content=\"@VosgesInfo88\" \/>\n<meta name=\"twitter:site\" content=\"@VosgesInfo88\" \/>\n<meta name=\"twitter:label1\" content=\"\u00c9crit par\" \/>\n\t<meta name=\"twitter:data1\" content=\"La redaction\" \/>\n\t<meta name=\"twitter:label2\" content=\"Dur\u00e9e de lecture estim\u00e9e\" \/>\n\t<meta name=\"twitter:data2\" content=\"1 minute\" \/>\n<script type=\"application\/ld+json\" class=\"yoast-schema-graph\">{\"@context\":\"https:\/\/schema.org\",\"@graph\":[{\"@type\":\"Article\",\"@id\":\"https:\/\/vosgesinfo.fr\/gerardmerinfo\/2025\/07\/cen-lorraine-appel-a-benevoles-sur-le-secteur-de-pouxeux\/#article\",\"isPartOf\":{\"@id\":\"https:\/\/vosgesinfo.fr\/gerardmerinfo\/2025\/07\/cen-lorraine-appel-a-benevoles-sur-le-secteur-de-pouxeux\/\"},\"author\":{\"name\":\"La redaction\",\"@id\":\"https:\/\/vosgesinfo.fr\/gerardmerinfo\/#\/schema\/person\/27a3695b06db98895b354c0765cdfc31\"},\"headline\":\"CEN Lorraine &#8211; Appel \u00e0 b\u00e9n\u00e9voles sur le secteur de Pouxeux\",\"datePublished\":\"2025-07-22T15:30:02+00:00\",\"dateModified\":\"2025-07-22T15:14:42+00:00\",\"mainEntityOfPage\":{\"@id\":\"https:\/\/vosgesinfo.fr\/gerardmerinfo\/2025\/07\/cen-lorraine-appel-a-benevoles-sur-le-secteur-de-pouxeux\/\"},\"wordCount\":69,\"commentCount\":0,\"publisher\":{\"@id\":\"https:\/\/vosgesinfo.fr\/gerardmerinfo\/#organization\"},\"image\":{\"@id\":\"https:\/\/vosgesinfo.fr\/gerardmerinfo\/2025\/07\/cen-lorraine-appel-a-benevoles-sur-le-secteur-de-pouxeux\/#primaryimage\"},\"thumbnailUrl\":\"https:\/\/vosgesinfo.fr\/app\/uploads\/sites\/6\/2025\/07\/cen-pouxeux-prospection2.jpg\",\"keywords\":[\"CEN Lorraine\"],\"articleSection\":[\"A la une\",\"Epinal\",\"Gerardmer\",\"Remiremont\"],\"inLanguage\":\"fr-FR\",\"potentialAction\":[{\"@type\":\"CommentAction\",\"name\":\"Comment\",\"target\":[\"https:\/\/vosgesinfo.fr\/gerardmerinfo\/2025\/07\/cen-lorraine-appel-a-benevoles-sur-le-secteur-de-pouxeux\/#respond\"]}]},{\"@type\":\"WebPage\",\"@id\":\"https:\/\/vosgesinfo.fr\/gerardmerinfo\/2025\/07\/cen-lorraine-appel-a-benevoles-sur-le-secteur-de-pouxeux\/\",\"url\":\"https:\/\/vosgesinfo.fr\/gerardmerinfo\/2025\/07\/cen-lorraine-appel-a-benevoles-sur-le-secteur-de-pouxeux\/\",\"name\":\"CEN Lorraine - Appel \u00e0 b\u00e9n\u00e9voles sur le secteur de Pouxeux - Gerardmer Info\",\"isPartOf\":{\"@id\":\"https:\/\/vosgesinfo.fr\/gerardmerinfo\/#website\"},\"primaryImageOfPage\":{\"@id\":\"https:\/\/vosgesinfo.fr\/gerardmerinfo\/2025\/07\/cen-lorraine-appel-a-benevoles-sur-le-secteur-de-pouxeux\/#primaryimage\"},\"image\":{\"@id\":\"https:\/\/vosgesinfo.fr\/gerardmerinfo\/2025\/07\/cen-lorraine-appel-a-benevoles-sur-le-secteur-de-pouxeux\/#primaryimage\"},\"thumbnailUrl\":\"https:\/\/vosgesinfo.fr\/app\/uploads\/sites\/6\/2025\/07\/cen-pouxeux-prospection2.jpg\",\"datePublished\":\"2025-07-22T15:30:02+00:00\",\"dateModified\":\"2025-07-22T15:14:42+00:00\",\"breadcrumb\":{\"@id\":\"https:\/\/vosgesinfo.fr\/gerardmerinfo\/2025\/07\/cen-lorraine-appel-a-benevoles-sur-le-secteur-de-pouxeux\/#breadcrumb\"},\"inLanguage\":\"fr-FR\",\"potentialAction\":[{\"@type\":\"ReadAction\",\"target\":[\"https:\/\/vosgesinfo.fr\/gerardmerinfo\/2025\/07\/cen-lorraine-appel-a-benevoles-sur-le-secteur-de-pouxeux\/\"]}]},{\"@type\":\"ImageObject\",\"inLanguage\":\"fr-FR\",\"@id\":\"https:\/\/vosgesinfo.fr\/gerardmerinfo\/2025\/07\/cen-lorraine-appel-a-benevoles-sur-le-secteur-de-pouxeux\/#primaryimage\",\"url\":\"https:\/\/vosgesinfo.fr\/app\/uploads\/sites\/6\/2025\/07\/cen-pouxeux-prospection2.jpg\",\"contentUrl\":\"https:\/\/vosgesinfo.fr\/app\/uploads\/sites\/6\/2025\/07\/cen-pouxeux-prospection2.jpg\",\"width\":1500,\"height\":1000,\"caption\":\"\u00a9\ufe0fCEN Lorraine\"},{\"@type\":\"BreadcrumbList\",\"@id\":\"https:\/\/vosgesinfo.fr\/gerardmerinfo\/2025\/07\/cen-lorraine-appel-a-benevoles-sur-le-secteur-de-pouxeux\/#breadcrumb\",\"itemListElement\":[{\"@type\":\"ListItem\",\"position\":1,\"name\":\"Home\",\"item\":\"https:\/\/vosgesinfo.fr\/gerardmerinfo\/\"},{\"@type\":\"ListItem\",\"position\":2,\"name\":\"CEN Lorraine &#8211; Appel \u00e0 b\u00e9n\u00e9voles sur le secteur de Pouxeux\"}]},{\"@type\":\"WebSite\",\"@id\":\"https:\/\/vosgesinfo.fr\/gerardmerinfo\/#website\",\"url\":\"https:\/\/vosgesinfo.fr\/gerardmerinfo\/\",\"name\":\"Gerardmer Info\",\"description\":\"Toute l&#039;actualit\u00e9 de G\u00e9rardmer\",\"publisher\":{\"@id\":\"https:\/\/vosgesinfo.fr\/gerardmerinfo\/#organization\"},\"alternateName\":\"Toute l'actualit\u00e9 de G\u00e9rardmer\",\"potentialAction\":[{\"@type\":\"SearchAction\",\"target\":{\"@type\":\"EntryPoint\",\"urlTemplate\":\"https:\/\/vosgesinfo.fr\/gerardmerinfo\/?s={search_term_string}\"},\"query-input\":\"required name=search_term_string\"}],\"inLanguage\":\"fr-FR\"},{\"@type\":\"Organization\",\"@id\":\"https:\/\/vosgesinfo.fr\/gerardmerinfo\/#organization\",\"name\":\"Gerardmer Info\",\"url\":\"https:\/\/vosgesinfo.fr\/gerardmerinfo\/\",\"logo\":{\"@type\":\"ImageObject\",\"inLanguage\":\"fr-FR\",\"@id\":\"https:\/\/vosgesinfo.fr\/gerardmerinfo\/#\/schema\/logo\/image\/\",\"url\":\"https:\/\/vosgesinfo.fr\/app\/uploads\/sites\/6\/2023\/08\/favicon-gerardmerinfo.png\",\"contentUrl\":\"https:\/\/vosgesinfo.fr\/app\/uploads\/sites\/6\/2023\/08\/favicon-gerardmerinfo.png\",\"width\":512,\"height\":512,\"caption\":\"Gerardmer Info\"},\"image\":{\"@id\":\"https:\/\/vosgesinfo.fr\/gerardmerinfo\/#\/schema\/logo\/image\/\"},\"sameAs\":[\"https:\/\/www.facebook.com\/profile.php?id=100049475262660\",\"https:\/\/x.com\/VosgesInfo88\",\"https:\/\/www.youtube.com\/@vosgesinfo\"]},{\"@type\":\"Person\",\"@id\":\"https:\/\/vosgesinfo.fr\/gerardmerinfo\/#\/schema\/person\/27a3695b06db98895b354c0765cdfc31\",\"name\":\"La redaction\",\"image\":{\"@type\":\"ImageObject\",\"inLanguage\":\"fr-FR\",\"@id\":\"https:\/\/vosgesinfo.fr\/gerardmerinfo\/#\/schema\/person\/image\/\",\"url\":\"https:\/\/secure.gravatar.com\/avatar\/64c76a78e501cedee55736f43f332df901e1896ae9cd8fad269ae2236dd0e8b6?s=96&d=mm&r=g\",\"contentUrl\":\"https:\/\/secure.gravatar.com\/avatar\/64c76a78e501cedee55736f43f332df901e1896ae9cd8fad269ae2236dd0e8b6?s=96&d=mm&r=g\",\"caption\":\"La redaction\"},\"url\":\"https:\/\/vosgesinfo.fr\/gerardmerinfo\/author\/la-redaction\/\"}]}<\/script>\n<!-- \/ Yoast SEO plugin. -->","yoast_head_json":{"title":"CEN Lorraine - Appel \u00e0 b\u00e9n\u00e9voles sur le secteur de Pouxeux - Gerardmer Info","robots":{"index":"index","follow":"follow","max-snippet":"max-snippet:-1","max-image-preview":"max-image-preview:large","max-video-preview":"max-video-preview:-1"},"canonical":"https:\/\/vosgesinfo.fr\/gerardmerinfo\/2025\/07\/cen-lorraine-appel-a-benevoles-sur-le-secteur-de-pouxeux\/","twitter_card":"summary_large_image","twitter_title":"CEN Lorraine - Appel \u00e0 b\u00e9n\u00e9voles sur le secteur de Pouxeux - Gerardmer Info","twitter_description":"Prospection scientifique \u00e0 Pouxeux (88) &#8211; 26\/07\/2025 \u00ad De 8h30 \u00e0 12h, rejoignez Camille Gunder pour nous aider \u00e0 localiser [&hellip;]","twitter_image":"https:\/\/vosgesinfo.fr\/app\/uploads\/sites\/6\/2025\/07\/cen-pouxeux-prospection2.jpg","twitter_creator":"@VosgesInfo88","twitter_site":"@VosgesInfo88","twitter_misc":{"\u00c9crit par":"La redaction","Dur\u00e9e de lecture estim\u00e9e":"1 minute"},"schema":{"@context":"https:\/\/schema.org","@graph":[{"@type":"Article","@id":"https:\/\/vosgesinfo.fr\/gerardmerinfo\/2025\/07\/cen-lorraine-appel-a-benevoles-sur-le-secteur-de-pouxeux\/#article","isPartOf":{"@id":"https:\/\/vosgesinfo.fr\/gerardmerinfo\/2025\/07\/cen-lorraine-appel-a-benevoles-sur-le-secteur-de-pouxeux\/"},"author":{"name":"La redaction","@id":"https:\/\/vosgesinfo.fr\/gerardmerinfo\/#\/schema\/person\/27a3695b06db98895b354c0765cdfc31"},"headline":"CEN Lorraine &#8211; Appel \u00e0 b\u00e9n\u00e9voles sur le secteur de Pouxeux","datePublished":"2025-07-22T15:30:02+00:00","dateModified":"2025-07-22T15:14:42+00:00","mainEntityOfPage":{"@id":"https:\/\/vosgesinfo.fr\/gerardmerinfo\/2025\/07\/cen-lorraine-appel-a-benevoles-sur-le-secteur-de-pouxeux\/"},"wordCount":69,"commentCount":0,"publisher":{"@id":"https:\/\/vosgesinfo.fr\/gerardmerinfo\/#organization"},"image":{"@id":"https:\/\/vosgesinfo.fr\/gerardmerinfo\/2025\/07\/cen-lorraine-appel-a-benevoles-sur-le-secteur-de-pouxeux\/#primaryimage"},"thumbnailUrl":"https:\/\/vosgesinfo.fr\/app\/uploads\/sites\/6\/2025\/07\/cen-pouxeux-prospection2.jpg","keywords":["CEN Lorraine"],"articleSection":["A la une","Epinal","Gerardmer","Remiremont"],"inLanguage":"fr-FR","potentialAction":[{"@type":"CommentAction","name":"Comment","target":["https:\/\/vosgesinfo.fr\/gerardmerinfo\/2025\/07\/cen-lorraine-appel-a-benevoles-sur-le-secteur-de-pouxeux\/#respond"]}]},{"@type":"WebPage","@id":"https:\/\/vosgesinfo.fr\/gerardmerinfo\/2025\/07\/cen-lorraine-appel-a-benevoles-sur-le-secteur-de-pouxeux\/","url":"https:\/\/vosgesinfo.fr\/gerardmerinfo\/2025\/07\/cen-lorraine-appel-a-benevoles-sur-le-secteur-de-pouxeux\/","name":"CEN Lorraine - Appel \u00e0 b\u00e9n\u00e9voles sur le secteur de Pouxeux - Gerardmer Info","isPartOf":{"@id":"https:\/\/vosgesinfo.fr\/gerardmerinfo\/#website"},"primaryImageOfPage":{"@id":"https:\/\/vosgesinfo.fr\/gerardmerinfo\/2025\/07\/cen-lorraine-appel-a-benevoles-sur-le-secteur-de-pouxeux\/#primaryimage"},"image":{"@id":"https:\/\/vosgesinfo.fr\/gerardmerinfo\/2025\/07\/cen-lorraine-appel-a-benevoles-sur-le-secteur-de-pouxeux\/#primaryimage"},"thumbnailUrl":"https:\/\/vosgesinfo.fr\/app\/uploads\/sites\/6\/2025\/07\/cen-pouxeux-prospection2.jpg","datePublished":"2025-07-22T15:30:02+00:00","dateModified":"2025-07-22T15:14:42+00:00","breadcrumb":{"@id":"https:\/\/vosgesinfo.fr\/gerardmerinfo\/2025\/07\/cen-lorraine-appel-a-benevoles-sur-le-secteur-de-pouxeux\/#breadcrumb"},"inLanguage":"fr-FR","potentialAction":[{"@type":"ReadAction","target":["https:\/\/vosgesinfo.fr\/gerardmerinfo\/2025\/07\/cen-lorraine-appel-a-benevoles-sur-le-secteur-de-pouxeux\/"]}]},{"@type":"ImageObject","inLanguage":"fr-FR","@id":"https:\/\/vosgesinfo.fr\/gerardmerinfo\/2025\/07\/cen-lorraine-appel-a-benevoles-sur-le-secteur-de-pouxeux\/#primaryimage","url":"https:\/\/vosgesinfo.fr\/app\/uploads\/sites\/6\/2025\/07\/cen-pouxeux-prospection2.jpg","contentUrl":"https:\/\/vosgesinfo.fr\/app\/uploads\/sites\/6\/2025\/07\/cen-pouxeux-prospection2.jpg","width":1500,"height":1000,"caption":"\u00a9\ufe0fCEN Lorraine"},{"@type":"BreadcrumbList","@id":"https:\/\/vosgesinfo.fr\/gerardmerinfo\/2025\/07\/cen-lorraine-appel-a-benevoles-sur-le-secteur-de-pouxeux\/#breadcrumb","itemListElement":[{"@type":"ListItem","position":1,"name":"Home","item":"https:\/\/vosgesinfo.fr\/gerardmerinfo\/"},{"@type":"ListItem","position":2,"name":"CEN Lorraine &#8211; Appel \u00e0 b\u00e9n\u00e9voles sur le secteur de Pouxeux"}]},{"@type":"WebSite","@id":"https:\/\/vosgesinfo.fr\/gerardmerinfo\/#website","url":"https:\/\/vosgesinfo.fr\/gerardmerinfo\/","name":"Gerardmer Info","description":"Toute l&#039;actualit\u00e9 de G\u00e9rardmer","publisher":{"@id":"https:\/\/vosgesinfo.fr\/gerardmerinfo\/#organization"},"alternateName":"Toute l'actualit\u00e9 de G\u00e9rardmer","potentialAction":[{"@type":"SearchAction","target":{"@type":"EntryPoint","urlTemplate":"https:\/\/vosgesinfo.fr\/gerardmerinfo\/?s={search_term_string}"},"query-input":"required name=search_term_string"}],"inLanguage":"fr-FR"},{"@type":"Organization","@id":"https:\/\/vosgesinfo.fr\/gerardmerinfo\/#organization","name":"Gerardmer Info","url":"https:\/\/vosgesinfo.fr\/gerardmerinfo\/","logo":{"@type":"ImageObject","inLanguage":"fr-FR","@id":"https:\/\/vosgesinfo.fr\/gerardmerinfo\/#\/schema\/logo\/image\/","url":"https:\/\/vosgesinfo.fr\/app\/uploads\/sites\/6\/2023\/08\/favicon-gerardmerinfo.png","contentUrl":"https:\/\/vosgesinfo.fr\/app\/uploads\/sites\/6\/2023\/08\/favicon-gerardmerinfo.png","width":512,"height":512,"caption":"Gerardmer Info"},"image":{"@id":"https:\/\/vosgesinfo.fr\/gerardmerinfo\/#\/schema\/logo\/image\/"},"sameAs":["https:\/\/www.facebook.com\/profile.php?id=100049475262660","https:\/\/x.com\/VosgesInfo88","https:\/\/www.youtube.com\/@vosgesinfo"]},{"@type":"Person","@id":"https:\/\/vosgesinfo.fr\/gerardmerinfo\/#\/schema\/person\/27a3695b06db98895b354c0765cdfc31","name":"La redaction","image":{"@type":"ImageObject","inLanguage":"fr-FR","@id":"https:\/\/vosgesinfo.fr\/gerardmerinfo\/#\/schema\/person\/image\/","url":"https:\/\/secure.gravatar.com\/avatar\/64c76a78e501cedee55736f43f332df901e1896ae9cd8fad269ae2236dd0e8b6?s=96&d=mm&r=g","contentUrl":"https:\/\/secure.gravatar.com\/avatar\/64c76a78e501cedee55736f43f332df901e1896ae9cd8fad269ae2236dd0e8b6?s=96&d=mm&r=g","caption":"La redaction"},"url":"https:\/\/vosgesinfo.fr\/gerardmerinfo\/author\/la-redaction\/"}]}},"_links":{"self":[{"href":"https:\/\/vosgesinfo.fr\/gerardmerinfo\/wp-json\/wp\/v2\/posts\/80808","targetHints":{"allow":["GET"]}}],"collection":[{"href":"https:\/\/vosgesinfo.fr\/gerardmerinfo\/wp-json\/wp\/v2\/posts"}],"about":[{"href":"https:\/\/vosgesinfo.fr\/gerardmerinfo\/wp-json\/wp\/v2\/types\/post"}],"author":[{"embeddable":true,"href":"https:\/\/vosgesinfo.fr\/gerardmerinfo\/wp-json\/wp\/v2\/users\/391"}],"replies":[{"embeddable":true,"href":"https:\/\/vosgesinfo.fr\/gerardmerinfo\/wp-json\/wp\/v2\/comments?post=80808"}],"version-history":[{"count":1,"href":"https:\/\/vosgesinfo.fr\/gerardmerinfo\/wp-json\/wp\/v2\/posts\/80808\/revisions"}],"predecessor-version":[{"id":80810,"href":"https:\/\/vosgesinfo.fr\/gerardmerinfo\/wp-json\/wp\/v2\/posts\/80808\/revisions\/80810"}],"wp:featuredmedia":[{"embeddable":true,"href":"https:\/\/vosgesinfo.fr\/gerardmerinfo\/wp-json\/wp\/v2\/media\/80809"}],"wp:attachment":[{"href":"https:\/\/vosgesinfo.fr\/gerardmerinfo\/wp-json\/wp\/v2\/media?parent=80808"}],"wp:term":[{"taxonomy":"category","embeddable":true,"href":"https:\/\/vosgesinfo.fr\/gerardmerinfo\/wp-json\/wp\/v2\/categories?post=80808"},{"taxonomy":"post_tag","embeddable":true,"href":"https:\/\/vosgesinfo.fr\/gerardmerinfo\/wp-json\/wp\/v2\/tags?post=80808"}],"curies":[{"name":"wp","href":"https:\/\/api.w.org\/{rel}","templated":true}]}}