{"id":80811,"date":"2025-07-22T17:45:24","date_gmt":"2025-07-22T15:45:24","guid":{"rendered":"https:\/\/vosgesinfo.fr\/gerardmerinfo\/?p=80811"},"modified":"2025-07-22T17:45:24","modified_gmt":"2025-07-22T15:45:24","slug":"vosges-le-conseil-departemental-demande-le-maintien-du-centre-de-depistage-du-cancer","status":"publish","type":"post","link":"https:\/\/vosgesinfo.fr\/gerardmerinfo\/2025\/07\/vosges-le-conseil-departemental-demande-le-maintien-du-centre-de-depistage-du-cancer\/","title":{"rendered":"Vosges \u2013 Le Conseil D\u00e9partemental demande le maintien du centre de d\u00e9pistage du cancer"},"content":{"rendered":"<div id=\"attachment_54777\" style=\"width: 810px\" class=\"wp-caption alignnone\"><a href=\"https:\/\/vosgesinfo.fr\/app\/uploads\/sites\/4\/2024\/08\/202011cd88-conseil.jpg\"><img decoding=\"async\" aria-describedby=\"caption-attachment-54777\" class=\"size-full wp-image-54777\" src=\"https:\/\/vosgesinfo.fr\/app\/uploads\/sites\/4\/2024\/08\/202011cd88-conseil.jpg\" alt=\"\" width=\"800\" height=\"450\" \/><\/a><p id=\"caption-attachment-54777\" class=\"wp-caption-text\">(Photographie Conseil D\u00e9partemental des Vosges)<\/p><\/div>\n<h2 data-start=\"306\" data-end=\"626\">Lors de sa r\u00e9union de ce <strong data-start=\"331\" data-end=\"351\">mardi 22 juillet<\/strong>, la <strong data-start=\"356\" data-end=\"417\">commission permanente du Conseil d\u00e9partemental des Vosges<\/strong> a adopt\u00e9 un v\u0153u demandant le <strong data-start=\"447\" data-end=\"557\">maintien du site vosgien du Centre r\u00e9gional de coordination des d\u00e9pistages des cancers \u2013 CRCDC \u2013 Grand Est<\/strong>, menac\u00e9 de fermeture dans le cadre d\u2019une <strong data-start=\"599\" data-end=\"625\">r\u00e9organisation interne<\/strong>.<\/h2>\n<p data-start=\"306\" data-end=\"626\"><!--more--><\/p>\n<p data-start=\"674\" data-end=\"1406\">Bas\u00e9e \u00e0 <strong data-start=\"682\" data-end=\"692\">\u00c9pinal<\/strong>, cette antenne joue un r\u00f4le essentiel dans la <strong data-start=\"739\" data-end=\"753\">pr\u00e9vention<\/strong> et l\u2019<strong data-start=\"759\" data-end=\"781\">acc\u00e8s au d\u00e9pistage<\/strong> sur le territoire. Comme le souligne le pr\u00e9sident du Conseil d\u00e9partemental <strong data-start=\"857\" data-end=\"877\">Fran\u00e7ois Vannson<\/strong> : \u00ab\u202fLe d\u00e9partement des Vosges se situe en <strong data-start=\"920\" data-end=\"986\">premi\u00e8re place pour le d\u00e9pistage organis\u00e9 du cancer colorectal<\/strong> (taux de participation de <strong data-start=\"1013\" data-end=\"1023\">37,1\u202f%<\/strong>) et en <strong data-start=\"1031\" data-end=\"1112\">quatri\u00e8me place pour la participation au d\u00e9pistage organis\u00e9 du cancer du sein<\/strong> (<strong data-start=\"1114\" data-end=\"1124\">47,4\u202f%<\/strong>). Ces chiffres \u00e9tant le r\u00e9sultat du travail accompli depuis plusieurs ann\u00e9es par l\u2019antenne locale du CRCDC situ\u00e9e \u00e0 \u00c9pinal, en partenariat avec le <strong data-start=\"1272\" data-end=\"1322\">Comit\u00e9 des Vosges de la Ligue contre le cancer<\/strong>, la <strong data-start=\"1327\" data-end=\"1366\">Caisse primaire d\u2019assurance maladie<\/strong> et la <strong data-start=\"1373\" data-end=\"1403\">Mutualit\u00e9 sociale agricole<\/strong>. \u00bb<\/p>\n<p data-start=\"1450\" data-end=\"1853\">Le Conseil d\u00e9partemental affirme que cette fermeture risquerait d\u2019<strong data-start=\"1516\" data-end=\"1594\">aggraver les difficult\u00e9s d\u00e9j\u00e0 pr\u00e9sentes en mati\u00e8re de d\u00e9mographie m\u00e9dicale<\/strong>, de <strong data-start=\"1599\" data-end=\"1635\">freiner les actions de proximit\u00e9<\/strong> et d\u2019<strong data-start=\"1641\" data-end=\"1677\">accro\u00eetre le sentiment d\u2019abandon<\/strong> dans un <strong data-start=\"1686\" data-end=\"1707\">d\u00e9partement rural<\/strong> comme les Vosges. Il demande \u00e0 la <strong data-start=\"1742\" data-end=\"1766\">ministre de la Sant\u00e9<\/strong> et \u00e0 la <strong data-start=\"1775\" data-end=\"1818\">directrice r\u00e9gionale du CRCDC Grand Est<\/strong> de <strong data-start=\"1822\" data-end=\"1852\">revenir sur cette d\u00e9cision<\/strong>.<\/p>\n<p data-start=\"1896\" data-end=\"2167\" data-is-last-node=\"\" data-is-only-node=\"\">Ce v\u0153u s\u2019inscrit dans le cadre de la <strong data-start=\"1933\" data-end=\"1994\">strat\u00e9gie d\u00e9cennale de lutte contre les cancers 2021-2030<\/strong>, qui pr\u00e9voit une <strong data-start=\"2012\" data-end=\"2077\">augmentation significative du nombre de d\u00e9pistages d\u2019ici 2025<\/strong>, avec pour ambition de <strong data-start=\"2101\" data-end=\"2166\">r\u00e9duire de 60\u202f000 par an les cancers \u00e9vitables \u00e0 horizon 2040<\/strong>.<\/p>\n","protected":false},"excerpt":{"rendered":"<p>Lors de sa r\u00e9union de ce mardi 22 juillet, la commission permanente du Conseil d\u00e9partemental des Vosges a adopt\u00e9 un [&hellip;]<\/p>\n","protected":false},"author":46,"featured_media":80812,"comment_status":"open","ping_status":"open","sticky":false,"template":"","format":"standard","meta":{"footnotes":""},"categories":[20,878,25,328,10,868,908,12,18],"tags":[7656,1053,7657,662,7658],"class_list":["post-80811","post","type-post","status-publish","format-standard","has-post-thumbnail","hentry","category-a-la-une","category-epinal","category-gerardmer","category-la-plaine-des-vosges","category-politique","category-remiremont","category-saint-die-des-vosges-et-son-agglomeration","category-sante","category-vosges","tag-centre-regional-de-coordination-des-depistages-des-cancers-grand-est","tag-conseil-departemental-des-vosges","tag-crcdc-grand-est","tag-francois-vannson","tag-le-conseil-departemental-soppose-a-la-fermeture-du-centre-de-depistage-depinal"],"acf":[],"yoast_head":"<!-- This site is optimized with the Yoast SEO plugin v22.5 - https:\/\/yoast.com\/wordpress\/plugins\/seo\/ -->\n<title>Vosges \u2013 Le Conseil D\u00e9partemental demande le maintien du centre de d\u00e9pistage du cancer - Gerardmer Info<\/title>\n<meta name=\"robots\" content=\"index, follow, max-snippet:-1, max-image-preview:large, max-video-preview:-1\" \/>\n<link rel=\"canonical\" href=\"https:\/\/vosgesinfo.fr\/gerardmerinfo\/2025\/07\/vosges-le-conseil-departemental-demande-le-maintien-du-centre-de-depistage-du-cancer\/\" \/>\n<meta name=\"twitter:card\" content=\"summary_large_image\" \/>\n<meta name=\"twitter:title\" content=\"Vosges \u2013 Le Conseil D\u00e9partemental demande le maintien du centre de d\u00e9pistage du cancer - Gerardmer Info\" \/>\n<meta name=\"twitter:description\" content=\"Lors de sa r\u00e9union de ce mardi 22 juillet, la commission permanente du Conseil d\u00e9partemental des Vosges a adopt\u00e9 un [&hellip;]\" \/>\n<meta name=\"twitter:image\" content=\"https:\/\/vosgesinfo.fr\/app\/uploads\/sites\/6\/2025\/07\/202011cd88-conseil.jpg\" \/>\n<meta name=\"twitter:creator\" content=\"@VosgesInfo88\" \/>\n<meta name=\"twitter:site\" content=\"@VosgesInfo88\" \/>\n<meta name=\"twitter:label1\" content=\"\u00c9crit par\" \/>\n\t<meta name=\"twitter:data1\" content=\"J.J.\" \/>\n\t<meta name=\"twitter:label2\" content=\"Dur\u00e9e de lecture estim\u00e9e\" \/>\n\t<meta name=\"twitter:data2\" content=\"2 minutes\" \/>\n<script type=\"application\/ld+json\" class=\"yoast-schema-graph\">{\"@context\":\"https:\/\/schema.org\",\"@graph\":[{\"@type\":\"Article\",\"@id\":\"https:\/\/vosgesinfo.fr\/gerardmerinfo\/2025\/07\/vosges-le-conseil-departemental-demande-le-maintien-du-centre-de-depistage-du-cancer\/#article\",\"isPartOf\":{\"@id\":\"https:\/\/vosgesinfo.fr\/gerardmerinfo\/2025\/07\/vosges-le-conseil-departemental-demande-le-maintien-du-centre-de-depistage-du-cancer\/\"},\"author\":{\"name\":\"J.J.\",\"@id\":\"https:\/\/vosgesinfo.fr\/gerardmerinfo\/#\/schema\/person\/fa73e9f726d67bb88f46d5b7943cb572\"},\"headline\":\"Vosges \u2013 Le Conseil D\u00e9partemental demande le maintien du centre de d\u00e9pistage du cancer\",\"datePublished\":\"2025-07-22T15:45:24+00:00\",\"dateModified\":\"2025-07-22T15:45:24+00:00\",\"mainEntityOfPage\":{\"@id\":\"https:\/\/vosgesinfo.fr\/gerardmerinfo\/2025\/07\/vosges-le-conseil-departemental-demande-le-maintien-du-centre-de-depistage-du-cancer\/\"},\"wordCount\":320,\"commentCount\":0,\"publisher\":{\"@id\":\"https:\/\/vosgesinfo.fr\/gerardmerinfo\/#organization\"},\"image\":{\"@id\":\"https:\/\/vosgesinfo.fr\/gerardmerinfo\/2025\/07\/vosges-le-conseil-departemental-demande-le-maintien-du-centre-de-depistage-du-cancer\/#primaryimage\"},\"thumbnailUrl\":\"https:\/\/vosgesinfo.fr\/app\/uploads\/sites\/6\/2025\/07\/202011cd88-conseil.jpg\",\"keywords\":[\"Centre r\u00e9gional de coordination des d\u00e9pistages des cancers Grand Est\",\"Conseil d\u00e9partemental des Vosges\",\"CRCDC Grand Est\",\"Fran\u00e7ois Vannson\",\"Le Conseil D\u00e9partemental s\u2019oppose \u00e0 la fermeture du centre de d\u00e9pistage d\u2019\u00c9pinal\"],\"articleSection\":[\"A la une\",\"Epinal\",\"G\u00e9rardmer\",\"La plaine des vosges\",\"Politique\",\"Remiremont\",\"Saint-Di\u00e9-des-Vosges et son Agglom\u00e9ration\",\"Sant\u00e9\",\"Vosges\"],\"inLanguage\":\"fr-FR\",\"potentialAction\":[{\"@type\":\"CommentAction\",\"name\":\"Comment\",\"target\":[\"https:\/\/vosgesinfo.fr\/gerardmerinfo\/2025\/07\/vosges-le-conseil-departemental-demande-le-maintien-du-centre-de-depistage-du-cancer\/#respond\"]}]},{\"@type\":\"WebPage\",\"@id\":\"https:\/\/vosgesinfo.fr\/gerardmerinfo\/2025\/07\/vosges-le-conseil-departemental-demande-le-maintien-du-centre-de-depistage-du-cancer\/\",\"url\":\"https:\/\/vosgesinfo.fr\/gerardmerinfo\/2025\/07\/vosges-le-conseil-departemental-demande-le-maintien-du-centre-de-depistage-du-cancer\/\",\"name\":\"Vosges \u2013 Le Conseil D\u00e9partemental demande le maintien du centre de d\u00e9pistage du cancer - Gerardmer Info\",\"isPartOf\":{\"@id\":\"https:\/\/vosgesinfo.fr\/gerardmerinfo\/#website\"},\"primaryImageOfPage\":{\"@id\":\"https:\/\/vosgesinfo.fr\/gerardmerinfo\/2025\/07\/vosges-le-conseil-departemental-demande-le-maintien-du-centre-de-depistage-du-cancer\/#primaryimage\"},\"image\":{\"@id\":\"https:\/\/vosgesinfo.fr\/gerardmerinfo\/2025\/07\/vosges-le-conseil-departemental-demande-le-maintien-du-centre-de-depistage-du-cancer\/#primaryimage\"},\"thumbnailUrl\":\"https:\/\/vosgesinfo.fr\/app\/uploads\/sites\/6\/2025\/07\/202011cd88-conseil.jpg\",\"datePublished\":\"2025-07-22T15:45:24+00:00\",\"dateModified\":\"2025-07-22T15:45:24+00:00\",\"breadcrumb\":{\"@id\":\"https:\/\/vosgesinfo.fr\/gerardmerinfo\/2025\/07\/vosges-le-conseil-departemental-demande-le-maintien-du-centre-de-depistage-du-cancer\/#breadcrumb\"},\"inLanguage\":\"fr-FR\",\"potentialAction\":[{\"@type\":\"ReadAction\",\"target\":[\"https:\/\/vosgesinfo.fr\/gerardmerinfo\/2025\/07\/vosges-le-conseil-departemental-demande-le-maintien-du-centre-de-depistage-du-cancer\/\"]}]},{\"@type\":\"ImageObject\",\"inLanguage\":\"fr-FR\",\"@id\":\"https:\/\/vosgesinfo.fr\/gerardmerinfo\/2025\/07\/vosges-le-conseil-departemental-demande-le-maintien-du-centre-de-depistage-du-cancer\/#primaryimage\",\"url\":\"https:\/\/vosgesinfo.fr\/app\/uploads\/sites\/6\/2025\/07\/202011cd88-conseil.jpg\",\"contentUrl\":\"https:\/\/vosgesinfo.fr\/app\/uploads\/sites\/6\/2025\/07\/202011cd88-conseil.jpg\",\"width\":800,\"height\":450},{\"@type\":\"BreadcrumbList\",\"@id\":\"https:\/\/vosgesinfo.fr\/gerardmerinfo\/2025\/07\/vosges-le-conseil-departemental-demande-le-maintien-du-centre-de-depistage-du-cancer\/#breadcrumb\",\"itemListElement\":[{\"@type\":\"ListItem\",\"position\":1,\"name\":\"Home\",\"item\":\"https:\/\/vosgesinfo.fr\/gerardmerinfo\/\"},{\"@type\":\"ListItem\",\"position\":2,\"name\":\"Vosges \u2013 Le Conseil D\u00e9partemental demande le maintien du centre de d\u00e9pistage du cancer\"}]},{\"@type\":\"WebSite\",\"@id\":\"https:\/\/vosgesinfo.fr\/gerardmerinfo\/#website\",\"url\":\"https:\/\/vosgesinfo.fr\/gerardmerinfo\/\",\"name\":\"Gerardmer Info\",\"description\":\"Toute l&#039;actualit\u00e9 de G\u00e9rardmer\",\"publisher\":{\"@id\":\"https:\/\/vosgesinfo.fr\/gerardmerinfo\/#organization\"},\"alternateName\":\"Toute l'actualit\u00e9 de G\u00e9rardmer\",\"potentialAction\":[{\"@type\":\"SearchAction\",\"target\":{\"@type\":\"EntryPoint\",\"urlTemplate\":\"https:\/\/vosgesinfo.fr\/gerardmerinfo\/?s={search_term_string}\"},\"query-input\":\"required name=search_term_string\"}],\"inLanguage\":\"fr-FR\"},{\"@type\":\"Organization\",\"@id\":\"https:\/\/vosgesinfo.fr\/gerardmerinfo\/#organization\",\"name\":\"Gerardmer Info\",\"url\":\"https:\/\/vosgesinfo.fr\/gerardmerinfo\/\",\"logo\":{\"@type\":\"ImageObject\",\"inLanguage\":\"fr-FR\",\"@id\":\"https:\/\/vosgesinfo.fr\/gerardmerinfo\/#\/schema\/logo\/image\/\",\"url\":\"https:\/\/vosgesinfo.fr\/app\/uploads\/sites\/6\/2023\/08\/favicon-gerardmerinfo.png\",\"contentUrl\":\"https:\/\/vosgesinfo.fr\/app\/uploads\/sites\/6\/2023\/08\/favicon-gerardmerinfo.png\",\"width\":512,\"height\":512,\"caption\":\"Gerardmer Info\"},\"image\":{\"@id\":\"https:\/\/vosgesinfo.fr\/gerardmerinfo\/#\/schema\/logo\/image\/\"},\"sameAs\":[\"https:\/\/www.facebook.com\/profile.php?id=100049475262660\",\"https:\/\/x.com\/VosgesInfo88\",\"https:\/\/www.youtube.com\/@vosgesinfo\"]},{\"@type\":\"Person\",\"@id\":\"https:\/\/vosgesinfo.fr\/gerardmerinfo\/#\/schema\/person\/fa73e9f726d67bb88f46d5b7943cb572\",\"name\":\"J.J.\",\"image\":{\"@type\":\"ImageObject\",\"inLanguage\":\"fr-FR\",\"@id\":\"https:\/\/vosgesinfo.fr\/gerardmerinfo\/#\/schema\/person\/image\/\",\"url\":\"https:\/\/secure.gravatar.com\/avatar\/219e749e47ffbcca018a360ae4add7d4cdf1cdaaf8bc7676b27efade3fe65615?s=96&d=mm&r=g\",\"contentUrl\":\"https:\/\/secure.gravatar.com\/avatar\/219e749e47ffbcca018a360ae4add7d4cdf1cdaaf8bc7676b27efade3fe65615?s=96&d=mm&r=g\",\"caption\":\"J.J.\"},\"url\":\"https:\/\/vosgesinfo.fr\/gerardmerinfo\/author\/j-j\/\"}]}<\/script>\n<!-- \/ Yoast SEO plugin. -->","yoast_head_json":{"title":"Vosges \u2013 Le Conseil D\u00e9partemental demande le maintien du centre de d\u00e9pistage du cancer - Gerardmer Info","robots":{"index":"index","follow":"follow","max-snippet":"max-snippet:-1","max-image-preview":"max-image-preview:large","max-video-preview":"max-video-preview:-1"},"canonical":"https:\/\/vosgesinfo.fr\/gerardmerinfo\/2025\/07\/vosges-le-conseil-departemental-demande-le-maintien-du-centre-de-depistage-du-cancer\/","twitter_card":"summary_large_image","twitter_title":"Vosges \u2013 Le Conseil D\u00e9partemental demande le maintien du centre de d\u00e9pistage du cancer - Gerardmer Info","twitter_description":"Lors de sa r\u00e9union de ce mardi 22 juillet, la commission permanente du Conseil d\u00e9partemental des Vosges a adopt\u00e9 un [&hellip;]","twitter_image":"https:\/\/vosgesinfo.fr\/app\/uploads\/sites\/6\/2025\/07\/202011cd88-conseil.jpg","twitter_creator":"@VosgesInfo88","twitter_site":"@VosgesInfo88","twitter_misc":{"\u00c9crit par":"J.J.","Dur\u00e9e de lecture estim\u00e9e":"2 minutes"},"schema":{"@context":"https:\/\/schema.org","@graph":[{"@type":"Article","@id":"https:\/\/vosgesinfo.fr\/gerardmerinfo\/2025\/07\/vosges-le-conseil-departemental-demande-le-maintien-du-centre-de-depistage-du-cancer\/#article","isPartOf":{"@id":"https:\/\/vosgesinfo.fr\/gerardmerinfo\/2025\/07\/vosges-le-conseil-departemental-demande-le-maintien-du-centre-de-depistage-du-cancer\/"},"author":{"name":"J.J.","@id":"https:\/\/vosgesinfo.fr\/gerardmerinfo\/#\/schema\/person\/fa73e9f726d67bb88f46d5b7943cb572"},"headline":"Vosges \u2013 Le Conseil D\u00e9partemental demande le maintien du centre de d\u00e9pistage du cancer","datePublished":"2025-07-22T15:45:24+00:00","dateModified":"2025-07-22T15:45:24+00:00","mainEntityOfPage":{"@id":"https:\/\/vosgesinfo.fr\/gerardmerinfo\/2025\/07\/vosges-le-conseil-departemental-demande-le-maintien-du-centre-de-depistage-du-cancer\/"},"wordCount":320,"commentCount":0,"publisher":{"@id":"https:\/\/vosgesinfo.fr\/gerardmerinfo\/#organization"},"image":{"@id":"https:\/\/vosgesinfo.fr\/gerardmerinfo\/2025\/07\/vosges-le-conseil-departemental-demande-le-maintien-du-centre-de-depistage-du-cancer\/#primaryimage"},"thumbnailUrl":"https:\/\/vosgesinfo.fr\/app\/uploads\/sites\/6\/2025\/07\/202011cd88-conseil.jpg","keywords":["Centre r\u00e9gional de coordination des d\u00e9pistages des cancers Grand Est","Conseil d\u00e9partemental des Vosges","CRCDC Grand Est","Fran\u00e7ois Vannson","Le Conseil D\u00e9partemental s\u2019oppose \u00e0 la fermeture du centre de d\u00e9pistage d\u2019\u00c9pinal"],"articleSection":["A la une","Epinal","G\u00e9rardmer","La plaine des vosges","Politique","Remiremont","Saint-Di\u00e9-des-Vosges et son Agglom\u00e9ration","Sant\u00e9","Vosges"],"inLanguage":"fr-FR","potentialAction":[{"@type":"CommentAction","name":"Comment","target":["https:\/\/vosgesinfo.fr\/gerardmerinfo\/2025\/07\/vosges-le-conseil-departemental-demande-le-maintien-du-centre-de-depistage-du-cancer\/#respond"]}]},{"@type":"WebPage","@id":"https:\/\/vosgesinfo.fr\/gerardmerinfo\/2025\/07\/vosges-le-conseil-departemental-demande-le-maintien-du-centre-de-depistage-du-cancer\/","url":"https:\/\/vosgesinfo.fr\/gerardmerinfo\/2025\/07\/vosges-le-conseil-departemental-demande-le-maintien-du-centre-de-depistage-du-cancer\/","name":"Vosges \u2013 Le Conseil D\u00e9partemental demande le maintien du centre de d\u00e9pistage du cancer - Gerardmer Info","isPartOf":{"@id":"https:\/\/vosgesinfo.fr\/gerardmerinfo\/#website"},"primaryImageOfPage":{"@id":"https:\/\/vosgesinfo.fr\/gerardmerinfo\/2025\/07\/vosges-le-conseil-departemental-demande-le-maintien-du-centre-de-depistage-du-cancer\/#primaryimage"},"image":{"@id":"https:\/\/vosgesinfo.fr\/gerardmerinfo\/2025\/07\/vosges-le-conseil-departemental-demande-le-maintien-du-centre-de-depistage-du-cancer\/#primaryimage"},"thumbnailUrl":"https:\/\/vosgesinfo.fr\/app\/uploads\/sites\/6\/2025\/07\/202011cd88-conseil.jpg","datePublished":"2025-07-22T15:45:24+00:00","dateModified":"2025-07-22T15:45:24+00:00","breadcrumb":{"@id":"https:\/\/vosgesinfo.fr\/gerardmerinfo\/2025\/07\/vosges-le-conseil-departemental-demande-le-maintien-du-centre-de-depistage-du-cancer\/#breadcrumb"},"inLanguage":"fr-FR","potentialAction":[{"@type":"ReadAction","target":["https:\/\/vosgesinfo.fr\/gerardmerinfo\/2025\/07\/vosges-le-conseil-departemental-demande-le-maintien-du-centre-de-depistage-du-cancer\/"]}]},{"@type":"ImageObject","inLanguage":"fr-FR","@id":"https:\/\/vosgesinfo.fr\/gerardmerinfo\/2025\/07\/vosges-le-conseil-departemental-demande-le-maintien-du-centre-de-depistage-du-cancer\/#primaryimage","url":"https:\/\/vosgesinfo.fr\/app\/uploads\/sites\/6\/2025\/07\/202011cd88-conseil.jpg","contentUrl":"https:\/\/vosgesinfo.fr\/app\/uploads\/sites\/6\/2025\/07\/202011cd88-conseil.jpg","width":800,"height":450},{"@type":"BreadcrumbList","@id":"https:\/\/vosgesinfo.fr\/gerardmerinfo\/2025\/07\/vosges-le-conseil-departemental-demande-le-maintien-du-centre-de-depistage-du-cancer\/#breadcrumb","itemListElement":[{"@type":"ListItem","position":1,"name":"Home","item":"https:\/\/vosgesinfo.fr\/gerardmerinfo\/"},{"@type":"ListItem","position":2,"name":"Vosges \u2013 Le Conseil D\u00e9partemental demande le maintien du centre de d\u00e9pistage du cancer"}]},{"@type":"WebSite","@id":"https:\/\/vosgesinfo.fr\/gerardmerinfo\/#website","url":"https:\/\/vosgesinfo.fr\/gerardmerinfo\/","name":"Gerardmer Info","description":"Toute l&#039;actualit\u00e9 de G\u00e9rardmer","publisher":{"@id":"https:\/\/vosgesinfo.fr\/gerardmerinfo\/#organization"},"alternateName":"Toute l'actualit\u00e9 de G\u00e9rardmer","potentialAction":[{"@type":"SearchAction","target":{"@type":"EntryPoint","urlTemplate":"https:\/\/vosgesinfo.fr\/gerardmerinfo\/?s={search_term_string}"},"query-input":"required name=search_term_string"}],"inLanguage":"fr-FR"},{"@type":"Organization","@id":"https:\/\/vosgesinfo.fr\/gerardmerinfo\/#organization","name":"Gerardmer Info","url":"https:\/\/vosgesinfo.fr\/gerardmerinfo\/","logo":{"@type":"ImageObject","inLanguage":"fr-FR","@id":"https:\/\/vosgesinfo.fr\/gerardmerinfo\/#\/schema\/logo\/image\/","url":"https:\/\/vosgesinfo.fr\/app\/uploads\/sites\/6\/2023\/08\/favicon-gerardmerinfo.png","contentUrl":"https:\/\/vosgesinfo.fr\/app\/uploads\/sites\/6\/2023\/08\/favicon-gerardmerinfo.png","width":512,"height":512,"caption":"Gerardmer Info"},"image":{"@id":"https:\/\/vosgesinfo.fr\/gerardmerinfo\/#\/schema\/logo\/image\/"},"sameAs":["https:\/\/www.facebook.com\/profile.php?id=100049475262660","https:\/\/x.com\/VosgesInfo88","https:\/\/www.youtube.com\/@vosgesinfo"]},{"@type":"Person","@id":"https:\/\/vosgesinfo.fr\/gerardmerinfo\/#\/schema\/person\/fa73e9f726d67bb88f46d5b7943cb572","name":"J.J.","image":{"@type":"ImageObject","inLanguage":"fr-FR","@id":"https:\/\/vosgesinfo.fr\/gerardmerinfo\/#\/schema\/person\/image\/","url":"https:\/\/secure.gravatar.com\/avatar\/219e749e47ffbcca018a360ae4add7d4cdf1cdaaf8bc7676b27efade3fe65615?s=96&d=mm&r=g","contentUrl":"https:\/\/secure.gravatar.com\/avatar\/219e749e47ffbcca018a360ae4add7d4cdf1cdaaf8bc7676b27efade3fe65615?s=96&d=mm&r=g","caption":"J.J."},"url":"https:\/\/vosgesinfo.fr\/gerardmerinfo\/author\/j-j\/"}]}},"_links":{"self":[{"href":"https:\/\/vosgesinfo.fr\/gerardmerinfo\/wp-json\/wp\/v2\/posts\/80811","targetHints":{"allow":["GET"]}}],"collection":[{"href":"https:\/\/vosgesinfo.fr\/gerardmerinfo\/wp-json\/wp\/v2\/posts"}],"about":[{"href":"https:\/\/vosgesinfo.fr\/gerardmerinfo\/wp-json\/wp\/v2\/types\/post"}],"author":[{"embeddable":true,"href":"https:\/\/vosgesinfo.fr\/gerardmerinfo\/wp-json\/wp\/v2\/users\/46"}],"replies":[{"embeddable":true,"href":"https:\/\/vosgesinfo.fr\/gerardmerinfo\/wp-json\/wp\/v2\/comments?post=80811"}],"version-history":[{"count":0,"href":"https:\/\/vosgesinfo.fr\/gerardmerinfo\/wp-json\/wp\/v2\/posts\/80811\/revisions"}],"wp:featuredmedia":[{"embeddable":true,"href":"https:\/\/vosgesinfo.fr\/gerardmerinfo\/wp-json\/wp\/v2\/media\/80812"}],"wp:attachment":[{"href":"https:\/\/vosgesinfo.fr\/gerardmerinfo\/wp-json\/wp\/v2\/media?parent=80811"}],"wp:term":[{"taxonomy":"category","embeddable":true,"href":"https:\/\/vosgesinfo.fr\/gerardmerinfo\/wp-json\/wp\/v2\/categories?post=80811"},{"taxonomy":"post_tag","embeddable":true,"href":"https:\/\/vosgesinfo.fr\/gerardmerinfo\/wp-json\/wp\/v2\/tags?post=80811"}],"curies":[{"name":"wp","href":"https:\/\/api.w.org\/{rel}","templated":true}]}}