{"id":80818,"date":"2025-07-24T05:55:29","date_gmt":"2025-07-24T03:55:29","guid":{"rendered":"https:\/\/vosgesinfo.fr\/gerardmerinfo\/?p=80818"},"modified":"2025-07-23T10:54:39","modified_gmt":"2025-07-23T08:54:39","slug":"resonuances-les-prochaines-dates-dans-les-vosges","status":"publish","type":"post","link":"https:\/\/vosgesinfo.fr\/gerardmerinfo\/2025\/07\/resonuances-les-prochaines-dates-dans-les-vosges\/","title":{"rendered":"R\u00e9soNuances &#8211; Les prochaines dates dans les Vosges"},"content":{"rendered":"<div data-olk-copy-source=\"MessageBody\">Voici le d\u00e9tail des prochains concerts dans les Vosges pour le mois de juillet\/ao\u00fbt<\/div>\n<div>Si vous cliquez sur le lieu de la date, vous serez directement redirig\u00e9 vers la billetterie ou les infos qui lui correspond :<\/div>\n<div><\/div>\n<div><span style=\"font-size: large;\"><b><i>\ud83e\udd13\u00a0IMPORTANT : Les concerts initialement pr\u00e9vus en ext\u00e9rieur seront rabattus en int\u00e9rieur en cas d&rsquo;intemp\u00e9ries&#8230;<\/i><\/b><\/span><\/div>\n<div><\/div>\n<div><b><span style=\"font-size: large;\">Johann RICHE \/\/ Stann DUGUET<\/span><\/b><\/div>\n<div><b><span style=\"font-size: small;\">Duo Accord\u00e9on et Violoncelle<\/span><\/b><\/div>\n<div><b>Ven 25\/07 19h30<\/b>, F\u00eate du Terroir LE THOLY (pr\u00e9vu \u00e0 la salle polyvalente du Tholy)<\/div>\n<div><b>Sam 26\/07 20h00<\/b>, <a title=\"https:\/\/www.helloasso.com\/associations\/resonuances\/evenements\/johann-riche-et-stann-duguet-2\" href=\"https:\/\/www.helloasso.com\/associations\/resonuances\/evenements\/johann-riche-et-stann-duguet-2\" target=\"_blank\" rel=\"noopener noreferrer\" data-auth=\"NotApplicable\" data-linkindex=\"0\">Jardin Une Figue dans le Poirier GIRMONT VAL D\u2019AJOL<\/a>\u00a0(pr\u00e9vu \u00e0 la Halle couverte du Girmont Val d&rsquo;Ajol)<\/div>\n<div><b>Dim 27\/07 19h30<\/b>, <a title=\"https:\/\/www.helloasso.com\/associations\/resonuances\/evenements\/27-07-johann-riche-et-stann-duguet\" href=\"https:\/\/www.helloasso.com\/associations\/resonuances\/evenements\/27-07-johann-riche-et-stann-duguet\" target=\"_blank\" rel=\"noopener noreferrer\" data-auth=\"NotApplicable\" data-linkindex=\"1\">Le Grimaubois HURBACHE<\/a>\u00a0(pr\u00e9vu en int\u00e9rieur sur le lieu)<\/div>\n<div><\/div>\n<div><b><span style=\"font-size: large;\"><a title=\"https:\/\/www.youtube.com\/watch?v=caVhpuqc3VQ&amp;list=RDcaVhpuqc3VQ&amp;start_radio=1\" href=\"https:\/\/www.youtube.com\/watch?v=caVhpuqc3VQ&amp;list=RDcaVhpuqc3VQ&amp;start_radio=1\" target=\"_blank\" rel=\"noopener noreferrer\" data-auth=\"NotApplicable\" data-linkindex=\"2\">Les Elles de la For\u00eat <\/a><\/span><\/b><\/div>\n<div><b>Mapie Caburet (conteuse) , Pascale Berthomier (violoncelliste), Stann Duguet (violoncelliste)<\/b><\/div>\n<div><b>Mar 29\/07 20h00, <\/b>salle des f\u00eates\u00a0<a title=\"https:\/\/alalueurdescontes.fr\/agenda\/\" href=\"https:\/\/alalueurdescontes.fr\/agenda\/\" target=\"_blank\" rel=\"noopener noreferrer\" data-auth=\"NotApplicable\" data-linkindex=\"3\">Fresse-sur-Moselle (70)<\/a><\/div>\n<div><b>Mer 30\/07 20h00<\/b>, <a title=\"https:\/\/www.jardin-aquatique-acorus.fr\/\" href=\"https:\/\/www.jardin-aquatique-acorus.fr\/\" target=\"_blank\" rel=\"noopener noreferrer\" data-auth=\"NotApplicable\" data-linkindex=\"4\">Jardin Aquatique Autoreille<\/a><\/div>\n<div><\/div>\n<div><\/div>\n<div>\n<div><b><span style=\"font-size: large;\">Tu sculpteras\u00a0mon visage dans un bout de mon os<\/span><\/b><\/div>\n<div><b>Texte<\/b>, Florent Kieffer \/\/ <b>Peinture<\/b>, Clair Arthur \/\/ <b>Violoncelle<\/b>, Stann Duguet \/\/ <b>Sc\u00e9nographie<\/b>, Jean-Luc Malavasi<\/div>\n<div><b>\u00a0<\/b><\/div>\n<div><b>Jeu 21\/08 20h00<\/b>, <a title=\"https:\/\/www.helloasso.com\/associations\/resonuances\/evenements\/tu-sculpetras-mon-visage\" href=\"https:\/\/www.helloasso.com\/associations\/resonuances\/evenements\/tu-sculpetras-mon-visage\" target=\"_blank\" rel=\"noopener noreferrer\" data-auth=\"NotApplicable\" data-linkindex=\"5\">Atelier de l\u2019homme debout MADECOURT<\/a><\/div>\n<div><b>Ven 22\/08 15h00 et 20h00<\/b>, <a title=\"https:\/\/www.helloasso.com\/associations\/resonuances\/evenements\/tu-sculpetras-mon-visage\" href=\"https:\/\/www.helloasso.com\/associations\/resonuances\/evenements\/tu-sculpetras-mon-visage\" target=\"_blank\" rel=\"noopener noreferrer\" data-auth=\"NotApplicable\" data-linkindex=\"6\">Atelier de l\u2019homme debout MADECOURT<\/a><\/div>\n<div><\/div>\n<div>Au plaisir de vous voir nombreux \u00e0 ces \u00e9v\u00e9nements !!<\/div>\n<\/div>\n","protected":false},"excerpt":{"rendered":"<p>Voici le d\u00e9tail des prochains concerts dans les Vosges pour le mois de juillet\/ao\u00fbt Si vous cliquez sur le lieu [&hellip;]<\/p>\n","protected":false},"author":391,"featured_media":80787,"comment_status":"open","ping_status":"open","sticky":false,"template":"","format":"standard","meta":{"footnotes":""},"categories":[20,34,4,5647,868],"tags":[30],"class_list":["post-80818","post","type-post","status-publish","format-standard","has-post-thumbnail","hentry","category-a-la-une","category-concert","category-culture","category-gerardmer-autres-sites","category-remiremont","tag-resonuances"],"acf":[],"yoast_head":"<!-- This site is optimized with the Yoast SEO plugin v22.5 - https:\/\/yoast.com\/wordpress\/plugins\/seo\/ -->\n<title>R\u00e9soNuances - Les prochaines dates dans les Vosges - Gerardmer Info<\/title>\n<meta name=\"robots\" content=\"index, follow, max-snippet:-1, max-image-preview:large, max-video-preview:-1\" \/>\n<link rel=\"canonical\" href=\"https:\/\/vosgesinfo.fr\/gerardmerinfo\/2025\/07\/resonuances-les-prochaines-dates-dans-les-vosges\/\" \/>\n<meta name=\"twitter:card\" content=\"summary_large_image\" \/>\n<meta name=\"twitter:title\" content=\"R\u00e9soNuances - Les prochaines dates dans les Vosges - Gerardmer Info\" \/>\n<meta name=\"twitter:description\" content=\"Voici le d\u00e9tail des prochains concerts dans les Vosges pour le mois de juillet\/ao\u00fbt Si vous cliquez sur le lieu [&hellip;]\" \/>\n<meta name=\"twitter:image\" content=\"https:\/\/vosgesinfo.fr\/app\/uploads\/sites\/6\/2025\/07\/duo-cafranc-stann-duguet-et-johann-riche.jpg\" \/>\n<meta name=\"twitter:creator\" content=\"@VosgesInfo88\" \/>\n<meta name=\"twitter:site\" content=\"@VosgesInfo88\" \/>\n<meta name=\"twitter:label1\" content=\"\u00c9crit par\" \/>\n\t<meta name=\"twitter:data1\" content=\"La redaction\" \/>\n\t<meta name=\"twitter:label2\" content=\"Dur\u00e9e de lecture estim\u00e9e\" \/>\n\t<meta name=\"twitter:data2\" content=\"1 minute\" \/>\n<script type=\"application\/ld+json\" class=\"yoast-schema-graph\">{\"@context\":\"https:\/\/schema.org\",\"@graph\":[{\"@type\":\"Article\",\"@id\":\"https:\/\/vosgesinfo.fr\/gerardmerinfo\/2025\/07\/resonuances-les-prochaines-dates-dans-les-vosges\/#article\",\"isPartOf\":{\"@id\":\"https:\/\/vosgesinfo.fr\/gerardmerinfo\/2025\/07\/resonuances-les-prochaines-dates-dans-les-vosges\/\"},\"author\":{\"name\":\"La redaction\",\"@id\":\"https:\/\/vosgesinfo.fr\/gerardmerinfo\/#\/schema\/person\/27a3695b06db98895b354c0765cdfc31\"},\"headline\":\"R\u00e9soNuances &#8211; Les prochaines dates dans les Vosges\",\"datePublished\":\"2025-07-24T03:55:29+00:00\",\"dateModified\":\"2025-07-23T08:54:39+00:00\",\"mainEntityOfPage\":{\"@id\":\"https:\/\/vosgesinfo.fr\/gerardmerinfo\/2025\/07\/resonuances-les-prochaines-dates-dans-les-vosges\/\"},\"wordCount\":203,\"commentCount\":0,\"publisher\":{\"@id\":\"https:\/\/vosgesinfo.fr\/gerardmerinfo\/#organization\"},\"image\":{\"@id\":\"https:\/\/vosgesinfo.fr\/gerardmerinfo\/2025\/07\/resonuances-les-prochaines-dates-dans-les-vosges\/#primaryimage\"},\"thumbnailUrl\":\"https:\/\/vosgesinfo.fr\/app\/uploads\/sites\/6\/2025\/07\/duo-cafranc-stann-duguet-et-johann-riche.jpg\",\"keywords\":[\"r\u00e9soNuances\"],\"articleSection\":[\"A la une\",\"Concert\",\"Culture\",\"Gerardmer\",\"Remiremont\"],\"inLanguage\":\"fr-FR\",\"potentialAction\":[{\"@type\":\"CommentAction\",\"name\":\"Comment\",\"target\":[\"https:\/\/vosgesinfo.fr\/gerardmerinfo\/2025\/07\/resonuances-les-prochaines-dates-dans-les-vosges\/#respond\"]}]},{\"@type\":\"WebPage\",\"@id\":\"https:\/\/vosgesinfo.fr\/gerardmerinfo\/2025\/07\/resonuances-les-prochaines-dates-dans-les-vosges\/\",\"url\":\"https:\/\/vosgesinfo.fr\/gerardmerinfo\/2025\/07\/resonuances-les-prochaines-dates-dans-les-vosges\/\",\"name\":\"R\u00e9soNuances - Les prochaines dates dans les Vosges - Gerardmer Info\",\"isPartOf\":{\"@id\":\"https:\/\/vosgesinfo.fr\/gerardmerinfo\/#website\"},\"primaryImageOfPage\":{\"@id\":\"https:\/\/vosgesinfo.fr\/gerardmerinfo\/2025\/07\/resonuances-les-prochaines-dates-dans-les-vosges\/#primaryimage\"},\"image\":{\"@id\":\"https:\/\/vosgesinfo.fr\/gerardmerinfo\/2025\/07\/resonuances-les-prochaines-dates-dans-les-vosges\/#primaryimage\"},\"thumbnailUrl\":\"https:\/\/vosgesinfo.fr\/app\/uploads\/sites\/6\/2025\/07\/duo-cafranc-stann-duguet-et-johann-riche.jpg\",\"datePublished\":\"2025-07-24T03:55:29+00:00\",\"dateModified\":\"2025-07-23T08:54:39+00:00\",\"breadcrumb\":{\"@id\":\"https:\/\/vosgesinfo.fr\/gerardmerinfo\/2025\/07\/resonuances-les-prochaines-dates-dans-les-vosges\/#breadcrumb\"},\"inLanguage\":\"fr-FR\",\"potentialAction\":[{\"@type\":\"ReadAction\",\"target\":[\"https:\/\/vosgesinfo.fr\/gerardmerinfo\/2025\/07\/resonuances-les-prochaines-dates-dans-les-vosges\/\"]}]},{\"@type\":\"ImageObject\",\"inLanguage\":\"fr-FR\",\"@id\":\"https:\/\/vosgesinfo.fr\/gerardmerinfo\/2025\/07\/resonuances-les-prochaines-dates-dans-les-vosges\/#primaryimage\",\"url\":\"https:\/\/vosgesinfo.fr\/app\/uploads\/sites\/6\/2025\/07\/duo-cafranc-stann-duguet-et-johann-riche.jpg\",\"contentUrl\":\"https:\/\/vosgesinfo.fr\/app\/uploads\/sites\/6\/2025\/07\/duo-cafranc-stann-duguet-et-johann-riche.jpg\",\"width\":819,\"height\":1169},{\"@type\":\"BreadcrumbList\",\"@id\":\"https:\/\/vosgesinfo.fr\/gerardmerinfo\/2025\/07\/resonuances-les-prochaines-dates-dans-les-vosges\/#breadcrumb\",\"itemListElement\":[{\"@type\":\"ListItem\",\"position\":1,\"name\":\"Home\",\"item\":\"https:\/\/vosgesinfo.fr\/gerardmerinfo\/\"},{\"@type\":\"ListItem\",\"position\":2,\"name\":\"R\u00e9soNuances &#8211; Les prochaines dates dans les Vosges\"}]},{\"@type\":\"WebSite\",\"@id\":\"https:\/\/vosgesinfo.fr\/gerardmerinfo\/#website\",\"url\":\"https:\/\/vosgesinfo.fr\/gerardmerinfo\/\",\"name\":\"Gerardmer Info\",\"description\":\"Toute l&#039;actualit\u00e9 de G\u00e9rardmer\",\"publisher\":{\"@id\":\"https:\/\/vosgesinfo.fr\/gerardmerinfo\/#organization\"},\"alternateName\":\"Toute l'actualit\u00e9 de G\u00e9rardmer\",\"potentialAction\":[{\"@type\":\"SearchAction\",\"target\":{\"@type\":\"EntryPoint\",\"urlTemplate\":\"https:\/\/vosgesinfo.fr\/gerardmerinfo\/?s={search_term_string}\"},\"query-input\":\"required name=search_term_string\"}],\"inLanguage\":\"fr-FR\"},{\"@type\":\"Organization\",\"@id\":\"https:\/\/vosgesinfo.fr\/gerardmerinfo\/#organization\",\"name\":\"Gerardmer Info\",\"url\":\"https:\/\/vosgesinfo.fr\/gerardmerinfo\/\",\"logo\":{\"@type\":\"ImageObject\",\"inLanguage\":\"fr-FR\",\"@id\":\"https:\/\/vosgesinfo.fr\/gerardmerinfo\/#\/schema\/logo\/image\/\",\"url\":\"https:\/\/vosgesinfo.fr\/app\/uploads\/sites\/6\/2023\/08\/favicon-gerardmerinfo.png\",\"contentUrl\":\"https:\/\/vosgesinfo.fr\/app\/uploads\/sites\/6\/2023\/08\/favicon-gerardmerinfo.png\",\"width\":512,\"height\":512,\"caption\":\"Gerardmer Info\"},\"image\":{\"@id\":\"https:\/\/vosgesinfo.fr\/gerardmerinfo\/#\/schema\/logo\/image\/\"},\"sameAs\":[\"https:\/\/www.facebook.com\/profile.php?id=100049475262660\",\"https:\/\/x.com\/VosgesInfo88\",\"https:\/\/www.youtube.com\/@vosgesinfo\"]},{\"@type\":\"Person\",\"@id\":\"https:\/\/vosgesinfo.fr\/gerardmerinfo\/#\/schema\/person\/27a3695b06db98895b354c0765cdfc31\",\"name\":\"La redaction\",\"image\":{\"@type\":\"ImageObject\",\"inLanguage\":\"fr-FR\",\"@id\":\"https:\/\/vosgesinfo.fr\/gerardmerinfo\/#\/schema\/person\/image\/\",\"url\":\"https:\/\/secure.gravatar.com\/avatar\/64c76a78e501cedee55736f43f332df901e1896ae9cd8fad269ae2236dd0e8b6?s=96&d=mm&r=g\",\"contentUrl\":\"https:\/\/secure.gravatar.com\/avatar\/64c76a78e501cedee55736f43f332df901e1896ae9cd8fad269ae2236dd0e8b6?s=96&d=mm&r=g\",\"caption\":\"La redaction\"},\"url\":\"https:\/\/vosgesinfo.fr\/gerardmerinfo\/author\/la-redaction\/\"}]}<\/script>\n<!-- \/ Yoast SEO plugin. -->","yoast_head_json":{"title":"R\u00e9soNuances - Les prochaines dates dans les Vosges - Gerardmer Info","robots":{"index":"index","follow":"follow","max-snippet":"max-snippet:-1","max-image-preview":"max-image-preview:large","max-video-preview":"max-video-preview:-1"},"canonical":"https:\/\/vosgesinfo.fr\/gerardmerinfo\/2025\/07\/resonuances-les-prochaines-dates-dans-les-vosges\/","twitter_card":"summary_large_image","twitter_title":"R\u00e9soNuances - Les prochaines dates dans les Vosges - Gerardmer Info","twitter_description":"Voici le d\u00e9tail des prochains concerts dans les Vosges pour le mois de juillet\/ao\u00fbt Si vous cliquez sur le lieu [&hellip;]","twitter_image":"https:\/\/vosgesinfo.fr\/app\/uploads\/sites\/6\/2025\/07\/duo-cafranc-stann-duguet-et-johann-riche.jpg","twitter_creator":"@VosgesInfo88","twitter_site":"@VosgesInfo88","twitter_misc":{"\u00c9crit par":"La redaction","Dur\u00e9e de lecture estim\u00e9e":"1 minute"},"schema":{"@context":"https:\/\/schema.org","@graph":[{"@type":"Article","@id":"https:\/\/vosgesinfo.fr\/gerardmerinfo\/2025\/07\/resonuances-les-prochaines-dates-dans-les-vosges\/#article","isPartOf":{"@id":"https:\/\/vosgesinfo.fr\/gerardmerinfo\/2025\/07\/resonuances-les-prochaines-dates-dans-les-vosges\/"},"author":{"name":"La redaction","@id":"https:\/\/vosgesinfo.fr\/gerardmerinfo\/#\/schema\/person\/27a3695b06db98895b354c0765cdfc31"},"headline":"R\u00e9soNuances &#8211; Les prochaines dates dans les Vosges","datePublished":"2025-07-24T03:55:29+00:00","dateModified":"2025-07-23T08:54:39+00:00","mainEntityOfPage":{"@id":"https:\/\/vosgesinfo.fr\/gerardmerinfo\/2025\/07\/resonuances-les-prochaines-dates-dans-les-vosges\/"},"wordCount":203,"commentCount":0,"publisher":{"@id":"https:\/\/vosgesinfo.fr\/gerardmerinfo\/#organization"},"image":{"@id":"https:\/\/vosgesinfo.fr\/gerardmerinfo\/2025\/07\/resonuances-les-prochaines-dates-dans-les-vosges\/#primaryimage"},"thumbnailUrl":"https:\/\/vosgesinfo.fr\/app\/uploads\/sites\/6\/2025\/07\/duo-cafranc-stann-duguet-et-johann-riche.jpg","keywords":["r\u00e9soNuances"],"articleSection":["A la une","Concert","Culture","Gerardmer","Remiremont"],"inLanguage":"fr-FR","potentialAction":[{"@type":"CommentAction","name":"Comment","target":["https:\/\/vosgesinfo.fr\/gerardmerinfo\/2025\/07\/resonuances-les-prochaines-dates-dans-les-vosges\/#respond"]}]},{"@type":"WebPage","@id":"https:\/\/vosgesinfo.fr\/gerardmerinfo\/2025\/07\/resonuances-les-prochaines-dates-dans-les-vosges\/","url":"https:\/\/vosgesinfo.fr\/gerardmerinfo\/2025\/07\/resonuances-les-prochaines-dates-dans-les-vosges\/","name":"R\u00e9soNuances - Les prochaines dates dans les Vosges - Gerardmer Info","isPartOf":{"@id":"https:\/\/vosgesinfo.fr\/gerardmerinfo\/#website"},"primaryImageOfPage":{"@id":"https:\/\/vosgesinfo.fr\/gerardmerinfo\/2025\/07\/resonuances-les-prochaines-dates-dans-les-vosges\/#primaryimage"},"image":{"@id":"https:\/\/vosgesinfo.fr\/gerardmerinfo\/2025\/07\/resonuances-les-prochaines-dates-dans-les-vosges\/#primaryimage"},"thumbnailUrl":"https:\/\/vosgesinfo.fr\/app\/uploads\/sites\/6\/2025\/07\/duo-cafranc-stann-duguet-et-johann-riche.jpg","datePublished":"2025-07-24T03:55:29+00:00","dateModified":"2025-07-23T08:54:39+00:00","breadcrumb":{"@id":"https:\/\/vosgesinfo.fr\/gerardmerinfo\/2025\/07\/resonuances-les-prochaines-dates-dans-les-vosges\/#breadcrumb"},"inLanguage":"fr-FR","potentialAction":[{"@type":"ReadAction","target":["https:\/\/vosgesinfo.fr\/gerardmerinfo\/2025\/07\/resonuances-les-prochaines-dates-dans-les-vosges\/"]}]},{"@type":"ImageObject","inLanguage":"fr-FR","@id":"https:\/\/vosgesinfo.fr\/gerardmerinfo\/2025\/07\/resonuances-les-prochaines-dates-dans-les-vosges\/#primaryimage","url":"https:\/\/vosgesinfo.fr\/app\/uploads\/sites\/6\/2025\/07\/duo-cafranc-stann-duguet-et-johann-riche.jpg","contentUrl":"https:\/\/vosgesinfo.fr\/app\/uploads\/sites\/6\/2025\/07\/duo-cafranc-stann-duguet-et-johann-riche.jpg","width":819,"height":1169},{"@type":"BreadcrumbList","@id":"https:\/\/vosgesinfo.fr\/gerardmerinfo\/2025\/07\/resonuances-les-prochaines-dates-dans-les-vosges\/#breadcrumb","itemListElement":[{"@type":"ListItem","position":1,"name":"Home","item":"https:\/\/vosgesinfo.fr\/gerardmerinfo\/"},{"@type":"ListItem","position":2,"name":"R\u00e9soNuances &#8211; Les prochaines dates dans les Vosges"}]},{"@type":"WebSite","@id":"https:\/\/vosgesinfo.fr\/gerardmerinfo\/#website","url":"https:\/\/vosgesinfo.fr\/gerardmerinfo\/","name":"Gerardmer Info","description":"Toute l&#039;actualit\u00e9 de G\u00e9rardmer","publisher":{"@id":"https:\/\/vosgesinfo.fr\/gerardmerinfo\/#organization"},"alternateName":"Toute l'actualit\u00e9 de G\u00e9rardmer","potentialAction":[{"@type":"SearchAction","target":{"@type":"EntryPoint","urlTemplate":"https:\/\/vosgesinfo.fr\/gerardmerinfo\/?s={search_term_string}"},"query-input":"required name=search_term_string"}],"inLanguage":"fr-FR"},{"@type":"Organization","@id":"https:\/\/vosgesinfo.fr\/gerardmerinfo\/#organization","name":"Gerardmer Info","url":"https:\/\/vosgesinfo.fr\/gerardmerinfo\/","logo":{"@type":"ImageObject","inLanguage":"fr-FR","@id":"https:\/\/vosgesinfo.fr\/gerardmerinfo\/#\/schema\/logo\/image\/","url":"https:\/\/vosgesinfo.fr\/app\/uploads\/sites\/6\/2023\/08\/favicon-gerardmerinfo.png","contentUrl":"https:\/\/vosgesinfo.fr\/app\/uploads\/sites\/6\/2023\/08\/favicon-gerardmerinfo.png","width":512,"height":512,"caption":"Gerardmer Info"},"image":{"@id":"https:\/\/vosgesinfo.fr\/gerardmerinfo\/#\/schema\/logo\/image\/"},"sameAs":["https:\/\/www.facebook.com\/profile.php?id=100049475262660","https:\/\/x.com\/VosgesInfo88","https:\/\/www.youtube.com\/@vosgesinfo"]},{"@type":"Person","@id":"https:\/\/vosgesinfo.fr\/gerardmerinfo\/#\/schema\/person\/27a3695b06db98895b354c0765cdfc31","name":"La redaction","image":{"@type":"ImageObject","inLanguage":"fr-FR","@id":"https:\/\/vosgesinfo.fr\/gerardmerinfo\/#\/schema\/person\/image\/","url":"https:\/\/secure.gravatar.com\/avatar\/64c76a78e501cedee55736f43f332df901e1896ae9cd8fad269ae2236dd0e8b6?s=96&d=mm&r=g","contentUrl":"https:\/\/secure.gravatar.com\/avatar\/64c76a78e501cedee55736f43f332df901e1896ae9cd8fad269ae2236dd0e8b6?s=96&d=mm&r=g","caption":"La redaction"},"url":"https:\/\/vosgesinfo.fr\/gerardmerinfo\/author\/la-redaction\/"}]}},"_links":{"self":[{"href":"https:\/\/vosgesinfo.fr\/gerardmerinfo\/wp-json\/wp\/v2\/posts\/80818","targetHints":{"allow":["GET"]}}],"collection":[{"href":"https:\/\/vosgesinfo.fr\/gerardmerinfo\/wp-json\/wp\/v2\/posts"}],"about":[{"href":"https:\/\/vosgesinfo.fr\/gerardmerinfo\/wp-json\/wp\/v2\/types\/post"}],"author":[{"embeddable":true,"href":"https:\/\/vosgesinfo.fr\/gerardmerinfo\/wp-json\/wp\/v2\/users\/391"}],"replies":[{"embeddable":true,"href":"https:\/\/vosgesinfo.fr\/gerardmerinfo\/wp-json\/wp\/v2\/comments?post=80818"}],"version-history":[{"count":1,"href":"https:\/\/vosgesinfo.fr\/gerardmerinfo\/wp-json\/wp\/v2\/posts\/80818\/revisions"}],"predecessor-version":[{"id":80819,"href":"https:\/\/vosgesinfo.fr\/gerardmerinfo\/wp-json\/wp\/v2\/posts\/80818\/revisions\/80819"}],"wp:featuredmedia":[{"embeddable":true,"href":"https:\/\/vosgesinfo.fr\/gerardmerinfo\/wp-json\/wp\/v2\/media\/80787"}],"wp:attachment":[{"href":"https:\/\/vosgesinfo.fr\/gerardmerinfo\/wp-json\/wp\/v2\/media?parent=80818"}],"wp:term":[{"taxonomy":"category","embeddable":true,"href":"https:\/\/vosgesinfo.fr\/gerardmerinfo\/wp-json\/wp\/v2\/categories?post=80818"},{"taxonomy":"post_tag","embeddable":true,"href":"https:\/\/vosgesinfo.fr\/gerardmerinfo\/wp-json\/wp\/v2\/tags?post=80818"}],"curies":[{"name":"wp","href":"https:\/\/api.w.org\/{rel}","templated":true}]}}