{"id":80824,"date":"2025-07-24T05:57:01","date_gmt":"2025-07-24T03:57:01","guid":{"rendered":"https:\/\/vosgesinfo.fr\/gerardmerinfo\/?p=80824"},"modified":"2025-07-23T14:02:41","modified_gmt":"2025-07-23T12:02:41","slug":"eliane-jeandon-nous-a-quittes","status":"publish","type":"post","link":"https:\/\/vosgesinfo.fr\/gerardmerinfo\/2025\/07\/eliane-jeandon-nous-a-quittes\/","title":{"rendered":"\u00c9liane Jeandon nous a quitt\u00e9s"},"content":{"rendered":"<p data-start=\"263\" data-end=\"415\">La commune de G\u00e9rardmer est en deuil apr\u00e8s le d\u00e9c\u00e8s d\u2019\u00c9liane Jeandon, survenu mardi 22 juillet \u00e0 l\u2019\u00e2ge de 85 ans.<\/p>\n<p data-start=\"417\" data-end=\"740\"><a href=\"https:\/\/vosgesinfo.fr\/app\/uploads\/sites\/6\/2025\/07\/e.-jeandon.jpg\"><img decoding=\"async\" class=\"alignright size-medium wp-image-80821\" src=\"https:\/\/vosgesinfo.fr\/app\/uploads\/sites\/6\/2025\/07\/e.-jeandon-213x300.jpg\" alt=\"\" width=\"213\" height=\"300\" srcset=\"https:\/\/vosgesinfo.fr\/app\/uploads\/sites\/6\/2025\/07\/e.-jeandon-213x300.jpg 213w, https:\/\/vosgesinfo.fr\/app\/uploads\/sites\/6\/2025\/07\/e.-jeandon.jpg 589w\" sizes=\"(max-width: 213px) 100vw, 213px\" \/><\/a>N\u00e9e \u00c9liane Houot le 11 f\u00e9vrier 1940 \u00e0 G\u00e9rardmer, elle \u00e9tait la quatri\u00e8me d\u2019une fratrie de cinq enfants. Tr\u00e8s t\u00f4t passionn\u00e9e par la couture, elle en fit son m\u00e9tier apr\u00e8s avoir suivi une formation sp\u00e9cialis\u00e9e, travaillant aux \u00e9tablissements Meny Confection jusqu\u2019\u00e0 son mariage avec Marcel Jeandon, c\u00e9l\u00e9br\u00e9 le 12 f\u00e9vrier 1962.<\/p>\n<p data-start=\"742\" data-end=\"1103\">Aux c\u00f4t\u00e9s de son mari, elle participa activement \u00e0 l\u2019entreprise familiale de transport, jusqu\u2019\u00e0 sa retraite. Le couple s\u2019installa \u00e0 G\u00e9rardmer, o\u00f9 ils fond\u00e8rent une famille : Olivier, Evelyne et Sandrine virent le jour, faisant d\u2019\u00c9liane une grand-m\u00e8re combl\u00e9e de neuf petits-enfants, treize arri\u00e8re-petits-enfants, et m\u00eame un arri\u00e8re-arri\u00e8re-petit-fils, Marceau.<\/p>\n<p data-start=\"1105\" data-end=\"1496\">Tr\u00e8s attach\u00e9e \u00e0 son foyer, \u00c9liane Jeandon aimait prendre soin de son jardin et de ses fleurs, profiter de balades en voiture avec son \u00e9poux, et surtout, exercer son talent pour la couture. Cr\u00e9ative et minutieuse, elle confectionnait avec amour nounours, dessus de lit et v\u00eatements pour ses proches. Femme joviale au caract\u00e8re affirm\u00e9, elle ch\u00e9rissait la tranquillit\u00e9 de son univers familial. Elle s&rsquo;est \u00e9teinte apr\u00e8s deux semaines d\u2019hospitalisation. Ses proches et amis sont convi\u00e9s \u00e0 la c\u00e9r\u00e9monie religieuse qui se tiendra le vendredi 25 juillet 2025 \u00e0 14h30 en l\u2019\u00e9glise Saint-Barth\u00e9lemy de G\u00e9rardmer, suivie de l\u2019inhumation.<\/p>\n<p data-start=\"1676\" data-end=\"1754\">Nos sinc\u00e8res condol\u00e9ances.<\/p>\n","protected":false},"excerpt":{"rendered":"<p>La commune de G\u00e9rardmer est en deuil apr\u00e8s le d\u00e9c\u00e8s d\u2019\u00c9liane Jeandon, survenu mardi 22 juillet \u00e0 l\u2019\u00e2ge de 85 [&hellip;]<\/p>\n","protected":false},"author":391,"featured_media":80821,"comment_status":"open","ping_status":"open","sticky":false,"template":"","format":"standard","meta":{"footnotes":""},"categories":[20,25,5647,9,43],"tags":[],"class_list":["post-80824","post","type-post","status-publish","format-standard","has-post-thumbnail","hentry","category-a-la-une","category-gerardmer","category-gerardmer-autres-sites","category-necro","category-necrologie"],"acf":[],"yoast_head":"<!-- This site is optimized with the Yoast SEO plugin v22.5 - https:\/\/yoast.com\/wordpress\/plugins\/seo\/ -->\n<title>\u00c9liane Jeandon nous a quitt\u00e9s - Gerardmer Info<\/title>\n<meta name=\"robots\" content=\"index, follow, max-snippet:-1, max-image-preview:large, max-video-preview:-1\" \/>\n<link rel=\"canonical\" href=\"https:\/\/vosgesinfo.fr\/gerardmerinfo\/2025\/07\/eliane-jeandon-nous-a-quittes\/\" \/>\n<meta name=\"twitter:card\" content=\"summary_large_image\" \/>\n<meta name=\"twitter:title\" content=\"\u00c9liane Jeandon nous a quitt\u00e9s - Gerardmer Info\" \/>\n<meta name=\"twitter:description\" content=\"La commune de G\u00e9rardmer est en deuil apr\u00e8s le d\u00e9c\u00e8s d\u2019\u00c9liane Jeandon, survenu mardi 22 juillet \u00e0 l\u2019\u00e2ge de 85 [&hellip;]\" \/>\n<meta name=\"twitter:image\" content=\"https:\/\/vosgesinfo.fr\/app\/uploads\/sites\/6\/2025\/07\/e.-jeandon.jpg\" \/>\n<meta name=\"twitter:creator\" content=\"@VosgesInfo88\" \/>\n<meta name=\"twitter:site\" content=\"@VosgesInfo88\" \/>\n<meta name=\"twitter:label1\" content=\"\u00c9crit par\" \/>\n\t<meta name=\"twitter:data1\" content=\"La redaction\" \/>\n\t<meta name=\"twitter:label2\" content=\"Dur\u00e9e de lecture estim\u00e9e\" \/>\n\t<meta name=\"twitter:data2\" content=\"1 minute\" \/>\n<script type=\"application\/ld+json\" class=\"yoast-schema-graph\">{\"@context\":\"https:\/\/schema.org\",\"@graph\":[{\"@type\":\"Article\",\"@id\":\"https:\/\/vosgesinfo.fr\/gerardmerinfo\/2025\/07\/eliane-jeandon-nous-a-quittes\/#article\",\"isPartOf\":{\"@id\":\"https:\/\/vosgesinfo.fr\/gerardmerinfo\/2025\/07\/eliane-jeandon-nous-a-quittes\/\"},\"author\":{\"name\":\"La redaction\",\"@id\":\"https:\/\/vosgesinfo.fr\/gerardmerinfo\/#\/schema\/person\/27a3695b06db98895b354c0765cdfc31\"},\"headline\":\"\u00c9liane Jeandon nous a quitt\u00e9s\",\"datePublished\":\"2025-07-24T03:57:01+00:00\",\"dateModified\":\"2025-07-23T12:02:41+00:00\",\"mainEntityOfPage\":{\"@id\":\"https:\/\/vosgesinfo.fr\/gerardmerinfo\/2025\/07\/eliane-jeandon-nous-a-quittes\/\"},\"wordCount\":263,\"commentCount\":6,\"publisher\":{\"@id\":\"https:\/\/vosgesinfo.fr\/gerardmerinfo\/#organization\"},\"image\":{\"@id\":\"https:\/\/vosgesinfo.fr\/gerardmerinfo\/2025\/07\/eliane-jeandon-nous-a-quittes\/#primaryimage\"},\"thumbnailUrl\":\"https:\/\/vosgesinfo.fr\/app\/uploads\/sites\/6\/2025\/07\/e.-jeandon.jpg\",\"articleSection\":[\"A la une\",\"G\u00e9rardmer\",\"Gerardmer\",\"N\u00e9cro\",\"N\u00e9crologie\"],\"inLanguage\":\"fr-FR\",\"potentialAction\":[{\"@type\":\"CommentAction\",\"name\":\"Comment\",\"target\":[\"https:\/\/vosgesinfo.fr\/gerardmerinfo\/2025\/07\/eliane-jeandon-nous-a-quittes\/#respond\"]}]},{\"@type\":\"WebPage\",\"@id\":\"https:\/\/vosgesinfo.fr\/gerardmerinfo\/2025\/07\/eliane-jeandon-nous-a-quittes\/\",\"url\":\"https:\/\/vosgesinfo.fr\/gerardmerinfo\/2025\/07\/eliane-jeandon-nous-a-quittes\/\",\"name\":\"\u00c9liane Jeandon nous a quitt\u00e9s - Gerardmer Info\",\"isPartOf\":{\"@id\":\"https:\/\/vosgesinfo.fr\/gerardmerinfo\/#website\"},\"primaryImageOfPage\":{\"@id\":\"https:\/\/vosgesinfo.fr\/gerardmerinfo\/2025\/07\/eliane-jeandon-nous-a-quittes\/#primaryimage\"},\"image\":{\"@id\":\"https:\/\/vosgesinfo.fr\/gerardmerinfo\/2025\/07\/eliane-jeandon-nous-a-quittes\/#primaryimage\"},\"thumbnailUrl\":\"https:\/\/vosgesinfo.fr\/app\/uploads\/sites\/6\/2025\/07\/e.-jeandon.jpg\",\"datePublished\":\"2025-07-24T03:57:01+00:00\",\"dateModified\":\"2025-07-23T12:02:41+00:00\",\"breadcrumb\":{\"@id\":\"https:\/\/vosgesinfo.fr\/gerardmerinfo\/2025\/07\/eliane-jeandon-nous-a-quittes\/#breadcrumb\"},\"inLanguage\":\"fr-FR\",\"potentialAction\":[{\"@type\":\"ReadAction\",\"target\":[\"https:\/\/vosgesinfo.fr\/gerardmerinfo\/2025\/07\/eliane-jeandon-nous-a-quittes\/\"]}]},{\"@type\":\"ImageObject\",\"inLanguage\":\"fr-FR\",\"@id\":\"https:\/\/vosgesinfo.fr\/gerardmerinfo\/2025\/07\/eliane-jeandon-nous-a-quittes\/#primaryimage\",\"url\":\"https:\/\/vosgesinfo.fr\/app\/uploads\/sites\/6\/2025\/07\/e.-jeandon.jpg\",\"contentUrl\":\"https:\/\/vosgesinfo.fr\/app\/uploads\/sites\/6\/2025\/07\/e.-jeandon.jpg\",\"width\":589,\"height\":829},{\"@type\":\"BreadcrumbList\",\"@id\":\"https:\/\/vosgesinfo.fr\/gerardmerinfo\/2025\/07\/eliane-jeandon-nous-a-quittes\/#breadcrumb\",\"itemListElement\":[{\"@type\":\"ListItem\",\"position\":1,\"name\":\"Home\",\"item\":\"https:\/\/vosgesinfo.fr\/gerardmerinfo\/\"},{\"@type\":\"ListItem\",\"position\":2,\"name\":\"\u00c9liane Jeandon nous a quitt\u00e9s\"}]},{\"@type\":\"WebSite\",\"@id\":\"https:\/\/vosgesinfo.fr\/gerardmerinfo\/#website\",\"url\":\"https:\/\/vosgesinfo.fr\/gerardmerinfo\/\",\"name\":\"Gerardmer Info\",\"description\":\"Toute l&#039;actualit\u00e9 de G\u00e9rardmer\",\"publisher\":{\"@id\":\"https:\/\/vosgesinfo.fr\/gerardmerinfo\/#organization\"},\"alternateName\":\"Toute l'actualit\u00e9 de G\u00e9rardmer\",\"potentialAction\":[{\"@type\":\"SearchAction\",\"target\":{\"@type\":\"EntryPoint\",\"urlTemplate\":\"https:\/\/vosgesinfo.fr\/gerardmerinfo\/?s={search_term_string}\"},\"query-input\":\"required name=search_term_string\"}],\"inLanguage\":\"fr-FR\"},{\"@type\":\"Organization\",\"@id\":\"https:\/\/vosgesinfo.fr\/gerardmerinfo\/#organization\",\"name\":\"Gerardmer Info\",\"url\":\"https:\/\/vosgesinfo.fr\/gerardmerinfo\/\",\"logo\":{\"@type\":\"ImageObject\",\"inLanguage\":\"fr-FR\",\"@id\":\"https:\/\/vosgesinfo.fr\/gerardmerinfo\/#\/schema\/logo\/image\/\",\"url\":\"https:\/\/vosgesinfo.fr\/app\/uploads\/sites\/6\/2023\/08\/favicon-gerardmerinfo.png\",\"contentUrl\":\"https:\/\/vosgesinfo.fr\/app\/uploads\/sites\/6\/2023\/08\/favicon-gerardmerinfo.png\",\"width\":512,\"height\":512,\"caption\":\"Gerardmer Info\"},\"image\":{\"@id\":\"https:\/\/vosgesinfo.fr\/gerardmerinfo\/#\/schema\/logo\/image\/\"},\"sameAs\":[\"https:\/\/www.facebook.com\/profile.php?id=100049475262660\",\"https:\/\/x.com\/VosgesInfo88\",\"https:\/\/www.youtube.com\/@vosgesinfo\"]},{\"@type\":\"Person\",\"@id\":\"https:\/\/vosgesinfo.fr\/gerardmerinfo\/#\/schema\/person\/27a3695b06db98895b354c0765cdfc31\",\"name\":\"La redaction\",\"image\":{\"@type\":\"ImageObject\",\"inLanguage\":\"fr-FR\",\"@id\":\"https:\/\/vosgesinfo.fr\/gerardmerinfo\/#\/schema\/person\/image\/\",\"url\":\"https:\/\/secure.gravatar.com\/avatar\/64c76a78e501cedee55736f43f332df901e1896ae9cd8fad269ae2236dd0e8b6?s=96&d=mm&r=g\",\"contentUrl\":\"https:\/\/secure.gravatar.com\/avatar\/64c76a78e501cedee55736f43f332df901e1896ae9cd8fad269ae2236dd0e8b6?s=96&d=mm&r=g\",\"caption\":\"La redaction\"},\"url\":\"https:\/\/vosgesinfo.fr\/gerardmerinfo\/author\/la-redaction\/\"}]}<\/script>\n<!-- \/ Yoast SEO plugin. -->","yoast_head_json":{"title":"\u00c9liane Jeandon nous a quitt\u00e9s - Gerardmer Info","robots":{"index":"index","follow":"follow","max-snippet":"max-snippet:-1","max-image-preview":"max-image-preview:large","max-video-preview":"max-video-preview:-1"},"canonical":"https:\/\/vosgesinfo.fr\/gerardmerinfo\/2025\/07\/eliane-jeandon-nous-a-quittes\/","twitter_card":"summary_large_image","twitter_title":"\u00c9liane Jeandon nous a quitt\u00e9s - Gerardmer Info","twitter_description":"La commune de G\u00e9rardmer est en deuil apr\u00e8s le d\u00e9c\u00e8s d\u2019\u00c9liane Jeandon, survenu mardi 22 juillet \u00e0 l\u2019\u00e2ge de 85 [&hellip;]","twitter_image":"https:\/\/vosgesinfo.fr\/app\/uploads\/sites\/6\/2025\/07\/e.-jeandon.jpg","twitter_creator":"@VosgesInfo88","twitter_site":"@VosgesInfo88","twitter_misc":{"\u00c9crit par":"La redaction","Dur\u00e9e de lecture estim\u00e9e":"1 minute"},"schema":{"@context":"https:\/\/schema.org","@graph":[{"@type":"Article","@id":"https:\/\/vosgesinfo.fr\/gerardmerinfo\/2025\/07\/eliane-jeandon-nous-a-quittes\/#article","isPartOf":{"@id":"https:\/\/vosgesinfo.fr\/gerardmerinfo\/2025\/07\/eliane-jeandon-nous-a-quittes\/"},"author":{"name":"La redaction","@id":"https:\/\/vosgesinfo.fr\/gerardmerinfo\/#\/schema\/person\/27a3695b06db98895b354c0765cdfc31"},"headline":"\u00c9liane Jeandon nous a quitt\u00e9s","datePublished":"2025-07-24T03:57:01+00:00","dateModified":"2025-07-23T12:02:41+00:00","mainEntityOfPage":{"@id":"https:\/\/vosgesinfo.fr\/gerardmerinfo\/2025\/07\/eliane-jeandon-nous-a-quittes\/"},"wordCount":263,"commentCount":6,"publisher":{"@id":"https:\/\/vosgesinfo.fr\/gerardmerinfo\/#organization"},"image":{"@id":"https:\/\/vosgesinfo.fr\/gerardmerinfo\/2025\/07\/eliane-jeandon-nous-a-quittes\/#primaryimage"},"thumbnailUrl":"https:\/\/vosgesinfo.fr\/app\/uploads\/sites\/6\/2025\/07\/e.-jeandon.jpg","articleSection":["A la une","G\u00e9rardmer","Gerardmer","N\u00e9cro","N\u00e9crologie"],"inLanguage":"fr-FR","potentialAction":[{"@type":"CommentAction","name":"Comment","target":["https:\/\/vosgesinfo.fr\/gerardmerinfo\/2025\/07\/eliane-jeandon-nous-a-quittes\/#respond"]}]},{"@type":"WebPage","@id":"https:\/\/vosgesinfo.fr\/gerardmerinfo\/2025\/07\/eliane-jeandon-nous-a-quittes\/","url":"https:\/\/vosgesinfo.fr\/gerardmerinfo\/2025\/07\/eliane-jeandon-nous-a-quittes\/","name":"\u00c9liane Jeandon nous a quitt\u00e9s - Gerardmer Info","isPartOf":{"@id":"https:\/\/vosgesinfo.fr\/gerardmerinfo\/#website"},"primaryImageOfPage":{"@id":"https:\/\/vosgesinfo.fr\/gerardmerinfo\/2025\/07\/eliane-jeandon-nous-a-quittes\/#primaryimage"},"image":{"@id":"https:\/\/vosgesinfo.fr\/gerardmerinfo\/2025\/07\/eliane-jeandon-nous-a-quittes\/#primaryimage"},"thumbnailUrl":"https:\/\/vosgesinfo.fr\/app\/uploads\/sites\/6\/2025\/07\/e.-jeandon.jpg","datePublished":"2025-07-24T03:57:01+00:00","dateModified":"2025-07-23T12:02:41+00:00","breadcrumb":{"@id":"https:\/\/vosgesinfo.fr\/gerardmerinfo\/2025\/07\/eliane-jeandon-nous-a-quittes\/#breadcrumb"},"inLanguage":"fr-FR","potentialAction":[{"@type":"ReadAction","target":["https:\/\/vosgesinfo.fr\/gerardmerinfo\/2025\/07\/eliane-jeandon-nous-a-quittes\/"]}]},{"@type":"ImageObject","inLanguage":"fr-FR","@id":"https:\/\/vosgesinfo.fr\/gerardmerinfo\/2025\/07\/eliane-jeandon-nous-a-quittes\/#primaryimage","url":"https:\/\/vosgesinfo.fr\/app\/uploads\/sites\/6\/2025\/07\/e.-jeandon.jpg","contentUrl":"https:\/\/vosgesinfo.fr\/app\/uploads\/sites\/6\/2025\/07\/e.-jeandon.jpg","width":589,"height":829},{"@type":"BreadcrumbList","@id":"https:\/\/vosgesinfo.fr\/gerardmerinfo\/2025\/07\/eliane-jeandon-nous-a-quittes\/#breadcrumb","itemListElement":[{"@type":"ListItem","position":1,"name":"Home","item":"https:\/\/vosgesinfo.fr\/gerardmerinfo\/"},{"@type":"ListItem","position":2,"name":"\u00c9liane Jeandon nous a quitt\u00e9s"}]},{"@type":"WebSite","@id":"https:\/\/vosgesinfo.fr\/gerardmerinfo\/#website","url":"https:\/\/vosgesinfo.fr\/gerardmerinfo\/","name":"Gerardmer Info","description":"Toute l&#039;actualit\u00e9 de G\u00e9rardmer","publisher":{"@id":"https:\/\/vosgesinfo.fr\/gerardmerinfo\/#organization"},"alternateName":"Toute l'actualit\u00e9 de G\u00e9rardmer","potentialAction":[{"@type":"SearchAction","target":{"@type":"EntryPoint","urlTemplate":"https:\/\/vosgesinfo.fr\/gerardmerinfo\/?s={search_term_string}"},"query-input":"required name=search_term_string"}],"inLanguage":"fr-FR"},{"@type":"Organization","@id":"https:\/\/vosgesinfo.fr\/gerardmerinfo\/#organization","name":"Gerardmer Info","url":"https:\/\/vosgesinfo.fr\/gerardmerinfo\/","logo":{"@type":"ImageObject","inLanguage":"fr-FR","@id":"https:\/\/vosgesinfo.fr\/gerardmerinfo\/#\/schema\/logo\/image\/","url":"https:\/\/vosgesinfo.fr\/app\/uploads\/sites\/6\/2023\/08\/favicon-gerardmerinfo.png","contentUrl":"https:\/\/vosgesinfo.fr\/app\/uploads\/sites\/6\/2023\/08\/favicon-gerardmerinfo.png","width":512,"height":512,"caption":"Gerardmer Info"},"image":{"@id":"https:\/\/vosgesinfo.fr\/gerardmerinfo\/#\/schema\/logo\/image\/"},"sameAs":["https:\/\/www.facebook.com\/profile.php?id=100049475262660","https:\/\/x.com\/VosgesInfo88","https:\/\/www.youtube.com\/@vosgesinfo"]},{"@type":"Person","@id":"https:\/\/vosgesinfo.fr\/gerardmerinfo\/#\/schema\/person\/27a3695b06db98895b354c0765cdfc31","name":"La redaction","image":{"@type":"ImageObject","inLanguage":"fr-FR","@id":"https:\/\/vosgesinfo.fr\/gerardmerinfo\/#\/schema\/person\/image\/","url":"https:\/\/secure.gravatar.com\/avatar\/64c76a78e501cedee55736f43f332df901e1896ae9cd8fad269ae2236dd0e8b6?s=96&d=mm&r=g","contentUrl":"https:\/\/secure.gravatar.com\/avatar\/64c76a78e501cedee55736f43f332df901e1896ae9cd8fad269ae2236dd0e8b6?s=96&d=mm&r=g","caption":"La redaction"},"url":"https:\/\/vosgesinfo.fr\/gerardmerinfo\/author\/la-redaction\/"}]}},"_links":{"self":[{"href":"https:\/\/vosgesinfo.fr\/gerardmerinfo\/wp-json\/wp\/v2\/posts\/80824","targetHints":{"allow":["GET"]}}],"collection":[{"href":"https:\/\/vosgesinfo.fr\/gerardmerinfo\/wp-json\/wp\/v2\/posts"}],"about":[{"href":"https:\/\/vosgesinfo.fr\/gerardmerinfo\/wp-json\/wp\/v2\/types\/post"}],"author":[{"embeddable":true,"href":"https:\/\/vosgesinfo.fr\/gerardmerinfo\/wp-json\/wp\/v2\/users\/391"}],"replies":[{"embeddable":true,"href":"https:\/\/vosgesinfo.fr\/gerardmerinfo\/wp-json\/wp\/v2\/comments?post=80824"}],"version-history":[{"count":1,"href":"https:\/\/vosgesinfo.fr\/gerardmerinfo\/wp-json\/wp\/v2\/posts\/80824\/revisions"}],"predecessor-version":[{"id":80825,"href":"https:\/\/vosgesinfo.fr\/gerardmerinfo\/wp-json\/wp\/v2\/posts\/80824\/revisions\/80825"}],"wp:featuredmedia":[{"embeddable":true,"href":"https:\/\/vosgesinfo.fr\/gerardmerinfo\/wp-json\/wp\/v2\/media\/80821"}],"wp:attachment":[{"href":"https:\/\/vosgesinfo.fr\/gerardmerinfo\/wp-json\/wp\/v2\/media?parent=80824"}],"wp:term":[{"taxonomy":"category","embeddable":true,"href":"https:\/\/vosgesinfo.fr\/gerardmerinfo\/wp-json\/wp\/v2\/categories?post=80824"},{"taxonomy":"post_tag","embeddable":true,"href":"https:\/\/vosgesinfo.fr\/gerardmerinfo\/wp-json\/wp\/v2\/tags?post=80824"}],"curies":[{"name":"wp","href":"https:\/\/api.w.org\/{rel}","templated":true}]}}