{"id":80829,"date":"2025-07-23T15:00:58","date_gmt":"2025-07-23T13:00:58","guid":{"rendered":"https:\/\/vosgesinfo.fr\/gerardmerinfo\/?p=80829"},"modified":"2025-07-23T15:00:58","modified_gmt":"2025-07-23T13:00:58","slug":"lorchestre-de-luniversite-de-liege-en-mini-tournee-vosgienne","status":"publish","type":"post","link":"https:\/\/vosgesinfo.fr\/gerardmerinfo\/2025\/07\/lorchestre-de-luniversite-de-liege-en-mini-tournee-vosgienne\/","title":{"rendered":"L\u2019Orchestre de l\u2019Universit\u00e9 de Li\u00e8ge en mini tourn\u00e9e vosgienne"},"content":{"rendered":"<h2>Pr\u00e9sent dans les Vosges \u00e0 l\u2019occasion de <strong>\u00ab\u202fvacances musicales\u202f\u00bb<\/strong>, <strong>l\u2019orchestre \u00e0 cordes de l\u2019Universit\u00e9 de Li\u00e8ge<\/strong> \u2013 le <strong>CIMI<\/strong> (<strong>Cercle Interfacultaire de Musique Instrumentale<\/strong>) \u2013 propose <strong>trois concerts gratuits<\/strong> ces prochains jours, apr\u00e8s des <strong>r\u00e9p\u00e9titions \u00e0 Nompatelize<\/strong> o\u00f9 il est actuellement bas\u00e9.<\/h2>\n<p><!--more--><\/p>\n<h3><strong>Direction Guy Van Waas<\/strong><\/h3>\n<p>Sous la direction de <strong>Guy Van Waas<\/strong>, les musiciens interpr\u00e9teront des \u0153uvres de <strong>Gluck<\/strong>, <strong>Tchaikovsky<\/strong>, <strong>Rossini<\/strong> et <strong>Vaughan Williams<\/strong>.<\/p>\n<h3><strong>Trois repr\u00e9sentations, trois lieux<\/strong><\/h3>\n<p>Les concerts auront respectivement lieu <strong>ce mardi 23 juillet en l\u2019\u00e9glise de Nompatelize<\/strong>, <strong>demain mercredi 24 juillet en l\u2019\u00e9glise de La Bresse<\/strong>, puis <strong>jeudi 25 juillet \u00e0 l\u2019\u00e9glise Notre-Dame de Galil\u00e9e de Saint-Di\u00e9-des-Vosges<\/strong>. Dans les <strong>3 cas<\/strong>, les concerts d\u00e9buteront <strong>\u00e0 20h<\/strong>. <strong>L\u2019entr\u00e9e est libre<\/strong>.<\/p>\n<p><a href=\"https:\/\/vosgesinfo.fr\/app\/uploads\/sites\/4\/2025\/07\/concerts-orchestre-cordes-liege.jpeg\"><img decoding=\"async\" class=\"alignnone size-large wp-image-80526\" src=\"https:\/\/vosgesinfo.fr\/app\/uploads\/sites\/4\/2025\/07\/concerts-orchestre-cordes-liege-730x1024.jpeg\" alt=\"\" width=\"730\" height=\"1024\" \/><\/a><\/p>\n","protected":false},"excerpt":{"rendered":"<p>Pr\u00e9sent dans les Vosges \u00e0 l\u2019occasion de \u00ab\u202fvacances musicales\u202f\u00bb, l\u2019orchestre \u00e0 cordes de l\u2019Universit\u00e9 de Li\u00e8ge \u2013 le CIMI (Cercle [&hellip;]<\/p>\n","protected":false},"author":46,"featured_media":80830,"comment_status":"open","ping_status":"open","sticky":false,"template":"","format":"standard","meta":{"footnotes":""},"categories":[3,34,25,908],"tags":[7660,7661,7662,7663],"class_list":["post-80829","post","type-post","status-publish","format-standard","has-post-thumbnail","hentry","category-breves","category-concert","category-gerardmer","category-saint-die-des-vosges-et-son-agglomeration","tag-cercle-interfacultaire-de-musique-instrumentale","tag-nompatelize","tag-orchestre-a-cordes-de-luniversite-de-liege","tag-universite-de-liege"],"acf":[],"yoast_head":"<!-- This site is optimized with the Yoast SEO plugin v22.5 - https:\/\/yoast.com\/wordpress\/plugins\/seo\/ -->\n<title>L\u2019Orchestre de l\u2019Universit\u00e9 de Li\u00e8ge en mini tourn\u00e9e vosgienne - Gerardmer Info<\/title>\n<meta name=\"robots\" content=\"index, follow, max-snippet:-1, max-image-preview:large, max-video-preview:-1\" \/>\n<link rel=\"canonical\" href=\"https:\/\/vosgesinfo.fr\/gerardmerinfo\/2025\/07\/lorchestre-de-luniversite-de-liege-en-mini-tournee-vosgienne\/\" \/>\n<meta name=\"twitter:card\" content=\"summary_large_image\" \/>\n<meta name=\"twitter:title\" content=\"L\u2019Orchestre de l\u2019Universit\u00e9 de Li\u00e8ge en mini tourn\u00e9e vosgienne - Gerardmer Info\" \/>\n<meta name=\"twitter:description\" content=\"Pr\u00e9sent dans les Vosges \u00e0 l\u2019occasion de \u00ab\u202fvacances musicales\u202f\u00bb, l\u2019orchestre \u00e0 cordes de l\u2019Universit\u00e9 de Li\u00e8ge \u2013 le CIMI (Cercle [&hellip;]\" \/>\n<meta name=\"twitter:image\" content=\"https:\/\/vosgesinfo.fr\/app\/uploads\/sites\/6\/2025\/07\/concerts-orchestre-cordes-liege.jpeg\" \/>\n<meta name=\"twitter:creator\" content=\"@VosgesInfo88\" \/>\n<meta name=\"twitter:site\" content=\"@VosgesInfo88\" \/>\n<meta name=\"twitter:label1\" content=\"\u00c9crit par\" \/>\n\t<meta name=\"twitter:data1\" content=\"J.J.\" \/>\n\t<meta name=\"twitter:label2\" content=\"Dur\u00e9e de lecture estim\u00e9e\" \/>\n\t<meta name=\"twitter:data2\" content=\"1 minute\" \/>\n<script type=\"application\/ld+json\" class=\"yoast-schema-graph\">{\"@context\":\"https:\/\/schema.org\",\"@graph\":[{\"@type\":\"Article\",\"@id\":\"https:\/\/vosgesinfo.fr\/gerardmerinfo\/2025\/07\/lorchestre-de-luniversite-de-liege-en-mini-tournee-vosgienne\/#article\",\"isPartOf\":{\"@id\":\"https:\/\/vosgesinfo.fr\/gerardmerinfo\/2025\/07\/lorchestre-de-luniversite-de-liege-en-mini-tournee-vosgienne\/\"},\"author\":{\"name\":\"J.J.\",\"@id\":\"https:\/\/vosgesinfo.fr\/gerardmerinfo\/#\/schema\/person\/fa73e9f726d67bb88f46d5b7943cb572\"},\"headline\":\"L\u2019Orchestre de l\u2019Universit\u00e9 de Li\u00e8ge en mini tourn\u00e9e vosgienne\",\"datePublished\":\"2025-07-23T13:00:58+00:00\",\"dateModified\":\"2025-07-23T13:00:58+00:00\",\"mainEntityOfPage\":{\"@id\":\"https:\/\/vosgesinfo.fr\/gerardmerinfo\/2025\/07\/lorchestre-de-luniversite-de-liege-en-mini-tournee-vosgienne\/\"},\"wordCount\":134,\"commentCount\":0,\"publisher\":{\"@id\":\"https:\/\/vosgesinfo.fr\/gerardmerinfo\/#organization\"},\"image\":{\"@id\":\"https:\/\/vosgesinfo.fr\/gerardmerinfo\/2025\/07\/lorchestre-de-luniversite-de-liege-en-mini-tournee-vosgienne\/#primaryimage\"},\"thumbnailUrl\":\"https:\/\/vosgesinfo.fr\/app\/uploads\/sites\/6\/2025\/07\/concerts-orchestre-cordes-liege.jpeg\",\"keywords\":[\"Cercle Interfacultaire de Musique Instrumentale\",\"Nompatelize\",\"Orchestre \u00e0 cordes de l'Universit\u00e9 de Li\u00e8ge\",\"Universit\u00e9 de Li\u00e8ge\"],\"articleSection\":[\"Br\u00e8ves\",\"Concert\",\"G\u00e9rardmer\",\"Saint-Di\u00e9-des-Vosges et son Agglom\u00e9ration\"],\"inLanguage\":\"fr-FR\",\"potentialAction\":[{\"@type\":\"CommentAction\",\"name\":\"Comment\",\"target\":[\"https:\/\/vosgesinfo.fr\/gerardmerinfo\/2025\/07\/lorchestre-de-luniversite-de-liege-en-mini-tournee-vosgienne\/#respond\"]}]},{\"@type\":\"WebPage\",\"@id\":\"https:\/\/vosgesinfo.fr\/gerardmerinfo\/2025\/07\/lorchestre-de-luniversite-de-liege-en-mini-tournee-vosgienne\/\",\"url\":\"https:\/\/vosgesinfo.fr\/gerardmerinfo\/2025\/07\/lorchestre-de-luniversite-de-liege-en-mini-tournee-vosgienne\/\",\"name\":\"L\u2019Orchestre de l\u2019Universit\u00e9 de Li\u00e8ge en mini tourn\u00e9e vosgienne - Gerardmer Info\",\"isPartOf\":{\"@id\":\"https:\/\/vosgesinfo.fr\/gerardmerinfo\/#website\"},\"primaryImageOfPage\":{\"@id\":\"https:\/\/vosgesinfo.fr\/gerardmerinfo\/2025\/07\/lorchestre-de-luniversite-de-liege-en-mini-tournee-vosgienne\/#primaryimage\"},\"image\":{\"@id\":\"https:\/\/vosgesinfo.fr\/gerardmerinfo\/2025\/07\/lorchestre-de-luniversite-de-liege-en-mini-tournee-vosgienne\/#primaryimage\"},\"thumbnailUrl\":\"https:\/\/vosgesinfo.fr\/app\/uploads\/sites\/6\/2025\/07\/concerts-orchestre-cordes-liege.jpeg\",\"datePublished\":\"2025-07-23T13:00:58+00:00\",\"dateModified\":\"2025-07-23T13:00:58+00:00\",\"breadcrumb\":{\"@id\":\"https:\/\/vosgesinfo.fr\/gerardmerinfo\/2025\/07\/lorchestre-de-luniversite-de-liege-en-mini-tournee-vosgienne\/#breadcrumb\"},\"inLanguage\":\"fr-FR\",\"potentialAction\":[{\"@type\":\"ReadAction\",\"target\":[\"https:\/\/vosgesinfo.fr\/gerardmerinfo\/2025\/07\/lorchestre-de-luniversite-de-liege-en-mini-tournee-vosgienne\/\"]}]},{\"@type\":\"ImageObject\",\"inLanguage\":\"fr-FR\",\"@id\":\"https:\/\/vosgesinfo.fr\/gerardmerinfo\/2025\/07\/lorchestre-de-luniversite-de-liege-en-mini-tournee-vosgienne\/#primaryimage\",\"url\":\"https:\/\/vosgesinfo.fr\/app\/uploads\/sites\/6\/2025\/07\/concerts-orchestre-cordes-liege.jpeg\",\"contentUrl\":\"https:\/\/vosgesinfo.fr\/app\/uploads\/sites\/6\/2025\/07\/concerts-orchestre-cordes-liege.jpeg\",\"width\":1276,\"height\":1789},{\"@type\":\"BreadcrumbList\",\"@id\":\"https:\/\/vosgesinfo.fr\/gerardmerinfo\/2025\/07\/lorchestre-de-luniversite-de-liege-en-mini-tournee-vosgienne\/#breadcrumb\",\"itemListElement\":[{\"@type\":\"ListItem\",\"position\":1,\"name\":\"Home\",\"item\":\"https:\/\/vosgesinfo.fr\/gerardmerinfo\/\"},{\"@type\":\"ListItem\",\"position\":2,\"name\":\"L\u2019Orchestre de l\u2019Universit\u00e9 de Li\u00e8ge en mini tourn\u00e9e vosgienne\"}]},{\"@type\":\"WebSite\",\"@id\":\"https:\/\/vosgesinfo.fr\/gerardmerinfo\/#website\",\"url\":\"https:\/\/vosgesinfo.fr\/gerardmerinfo\/\",\"name\":\"Gerardmer Info\",\"description\":\"Toute l&#039;actualit\u00e9 de G\u00e9rardmer\",\"publisher\":{\"@id\":\"https:\/\/vosgesinfo.fr\/gerardmerinfo\/#organization\"},\"alternateName\":\"Toute l'actualit\u00e9 de G\u00e9rardmer\",\"potentialAction\":[{\"@type\":\"SearchAction\",\"target\":{\"@type\":\"EntryPoint\",\"urlTemplate\":\"https:\/\/vosgesinfo.fr\/gerardmerinfo\/?s={search_term_string}\"},\"query-input\":\"required name=search_term_string\"}],\"inLanguage\":\"fr-FR\"},{\"@type\":\"Organization\",\"@id\":\"https:\/\/vosgesinfo.fr\/gerardmerinfo\/#organization\",\"name\":\"Gerardmer Info\",\"url\":\"https:\/\/vosgesinfo.fr\/gerardmerinfo\/\",\"logo\":{\"@type\":\"ImageObject\",\"inLanguage\":\"fr-FR\",\"@id\":\"https:\/\/vosgesinfo.fr\/gerardmerinfo\/#\/schema\/logo\/image\/\",\"url\":\"https:\/\/vosgesinfo.fr\/app\/uploads\/sites\/6\/2023\/08\/favicon-gerardmerinfo.png\",\"contentUrl\":\"https:\/\/vosgesinfo.fr\/app\/uploads\/sites\/6\/2023\/08\/favicon-gerardmerinfo.png\",\"width\":512,\"height\":512,\"caption\":\"Gerardmer Info\"},\"image\":{\"@id\":\"https:\/\/vosgesinfo.fr\/gerardmerinfo\/#\/schema\/logo\/image\/\"},\"sameAs\":[\"https:\/\/www.facebook.com\/profile.php?id=100049475262660\",\"https:\/\/x.com\/VosgesInfo88\",\"https:\/\/www.youtube.com\/@vosgesinfo\"]},{\"@type\":\"Person\",\"@id\":\"https:\/\/vosgesinfo.fr\/gerardmerinfo\/#\/schema\/person\/fa73e9f726d67bb88f46d5b7943cb572\",\"name\":\"J.J.\",\"image\":{\"@type\":\"ImageObject\",\"inLanguage\":\"fr-FR\",\"@id\":\"https:\/\/vosgesinfo.fr\/gerardmerinfo\/#\/schema\/person\/image\/\",\"url\":\"https:\/\/secure.gravatar.com\/avatar\/219e749e47ffbcca018a360ae4add7d4cdf1cdaaf8bc7676b27efade3fe65615?s=96&d=mm&r=g\",\"contentUrl\":\"https:\/\/secure.gravatar.com\/avatar\/219e749e47ffbcca018a360ae4add7d4cdf1cdaaf8bc7676b27efade3fe65615?s=96&d=mm&r=g\",\"caption\":\"J.J.\"},\"url\":\"https:\/\/vosgesinfo.fr\/gerardmerinfo\/author\/j-j\/\"}]}<\/script>\n<!-- \/ Yoast SEO plugin. -->","yoast_head_json":{"title":"L\u2019Orchestre de l\u2019Universit\u00e9 de Li\u00e8ge en mini tourn\u00e9e vosgienne - Gerardmer Info","robots":{"index":"index","follow":"follow","max-snippet":"max-snippet:-1","max-image-preview":"max-image-preview:large","max-video-preview":"max-video-preview:-1"},"canonical":"https:\/\/vosgesinfo.fr\/gerardmerinfo\/2025\/07\/lorchestre-de-luniversite-de-liege-en-mini-tournee-vosgienne\/","twitter_card":"summary_large_image","twitter_title":"L\u2019Orchestre de l\u2019Universit\u00e9 de Li\u00e8ge en mini tourn\u00e9e vosgienne - Gerardmer Info","twitter_description":"Pr\u00e9sent dans les Vosges \u00e0 l\u2019occasion de \u00ab\u202fvacances musicales\u202f\u00bb, l\u2019orchestre \u00e0 cordes de l\u2019Universit\u00e9 de Li\u00e8ge \u2013 le CIMI (Cercle [&hellip;]","twitter_image":"https:\/\/vosgesinfo.fr\/app\/uploads\/sites\/6\/2025\/07\/concerts-orchestre-cordes-liege.jpeg","twitter_creator":"@VosgesInfo88","twitter_site":"@VosgesInfo88","twitter_misc":{"\u00c9crit par":"J.J.","Dur\u00e9e de lecture estim\u00e9e":"1 minute"},"schema":{"@context":"https:\/\/schema.org","@graph":[{"@type":"Article","@id":"https:\/\/vosgesinfo.fr\/gerardmerinfo\/2025\/07\/lorchestre-de-luniversite-de-liege-en-mini-tournee-vosgienne\/#article","isPartOf":{"@id":"https:\/\/vosgesinfo.fr\/gerardmerinfo\/2025\/07\/lorchestre-de-luniversite-de-liege-en-mini-tournee-vosgienne\/"},"author":{"name":"J.J.","@id":"https:\/\/vosgesinfo.fr\/gerardmerinfo\/#\/schema\/person\/fa73e9f726d67bb88f46d5b7943cb572"},"headline":"L\u2019Orchestre de l\u2019Universit\u00e9 de Li\u00e8ge en mini tourn\u00e9e vosgienne","datePublished":"2025-07-23T13:00:58+00:00","dateModified":"2025-07-23T13:00:58+00:00","mainEntityOfPage":{"@id":"https:\/\/vosgesinfo.fr\/gerardmerinfo\/2025\/07\/lorchestre-de-luniversite-de-liege-en-mini-tournee-vosgienne\/"},"wordCount":134,"commentCount":0,"publisher":{"@id":"https:\/\/vosgesinfo.fr\/gerardmerinfo\/#organization"},"image":{"@id":"https:\/\/vosgesinfo.fr\/gerardmerinfo\/2025\/07\/lorchestre-de-luniversite-de-liege-en-mini-tournee-vosgienne\/#primaryimage"},"thumbnailUrl":"https:\/\/vosgesinfo.fr\/app\/uploads\/sites\/6\/2025\/07\/concerts-orchestre-cordes-liege.jpeg","keywords":["Cercle Interfacultaire de Musique Instrumentale","Nompatelize","Orchestre \u00e0 cordes de l'Universit\u00e9 de Li\u00e8ge","Universit\u00e9 de Li\u00e8ge"],"articleSection":["Br\u00e8ves","Concert","G\u00e9rardmer","Saint-Di\u00e9-des-Vosges et son Agglom\u00e9ration"],"inLanguage":"fr-FR","potentialAction":[{"@type":"CommentAction","name":"Comment","target":["https:\/\/vosgesinfo.fr\/gerardmerinfo\/2025\/07\/lorchestre-de-luniversite-de-liege-en-mini-tournee-vosgienne\/#respond"]}]},{"@type":"WebPage","@id":"https:\/\/vosgesinfo.fr\/gerardmerinfo\/2025\/07\/lorchestre-de-luniversite-de-liege-en-mini-tournee-vosgienne\/","url":"https:\/\/vosgesinfo.fr\/gerardmerinfo\/2025\/07\/lorchestre-de-luniversite-de-liege-en-mini-tournee-vosgienne\/","name":"L\u2019Orchestre de l\u2019Universit\u00e9 de Li\u00e8ge en mini tourn\u00e9e vosgienne - Gerardmer Info","isPartOf":{"@id":"https:\/\/vosgesinfo.fr\/gerardmerinfo\/#website"},"primaryImageOfPage":{"@id":"https:\/\/vosgesinfo.fr\/gerardmerinfo\/2025\/07\/lorchestre-de-luniversite-de-liege-en-mini-tournee-vosgienne\/#primaryimage"},"image":{"@id":"https:\/\/vosgesinfo.fr\/gerardmerinfo\/2025\/07\/lorchestre-de-luniversite-de-liege-en-mini-tournee-vosgienne\/#primaryimage"},"thumbnailUrl":"https:\/\/vosgesinfo.fr\/app\/uploads\/sites\/6\/2025\/07\/concerts-orchestre-cordes-liege.jpeg","datePublished":"2025-07-23T13:00:58+00:00","dateModified":"2025-07-23T13:00:58+00:00","breadcrumb":{"@id":"https:\/\/vosgesinfo.fr\/gerardmerinfo\/2025\/07\/lorchestre-de-luniversite-de-liege-en-mini-tournee-vosgienne\/#breadcrumb"},"inLanguage":"fr-FR","potentialAction":[{"@type":"ReadAction","target":["https:\/\/vosgesinfo.fr\/gerardmerinfo\/2025\/07\/lorchestre-de-luniversite-de-liege-en-mini-tournee-vosgienne\/"]}]},{"@type":"ImageObject","inLanguage":"fr-FR","@id":"https:\/\/vosgesinfo.fr\/gerardmerinfo\/2025\/07\/lorchestre-de-luniversite-de-liege-en-mini-tournee-vosgienne\/#primaryimage","url":"https:\/\/vosgesinfo.fr\/app\/uploads\/sites\/6\/2025\/07\/concerts-orchestre-cordes-liege.jpeg","contentUrl":"https:\/\/vosgesinfo.fr\/app\/uploads\/sites\/6\/2025\/07\/concerts-orchestre-cordes-liege.jpeg","width":1276,"height":1789},{"@type":"BreadcrumbList","@id":"https:\/\/vosgesinfo.fr\/gerardmerinfo\/2025\/07\/lorchestre-de-luniversite-de-liege-en-mini-tournee-vosgienne\/#breadcrumb","itemListElement":[{"@type":"ListItem","position":1,"name":"Home","item":"https:\/\/vosgesinfo.fr\/gerardmerinfo\/"},{"@type":"ListItem","position":2,"name":"L\u2019Orchestre de l\u2019Universit\u00e9 de Li\u00e8ge en mini tourn\u00e9e vosgienne"}]},{"@type":"WebSite","@id":"https:\/\/vosgesinfo.fr\/gerardmerinfo\/#website","url":"https:\/\/vosgesinfo.fr\/gerardmerinfo\/","name":"Gerardmer Info","description":"Toute l&#039;actualit\u00e9 de G\u00e9rardmer","publisher":{"@id":"https:\/\/vosgesinfo.fr\/gerardmerinfo\/#organization"},"alternateName":"Toute l'actualit\u00e9 de G\u00e9rardmer","potentialAction":[{"@type":"SearchAction","target":{"@type":"EntryPoint","urlTemplate":"https:\/\/vosgesinfo.fr\/gerardmerinfo\/?s={search_term_string}"},"query-input":"required name=search_term_string"}],"inLanguage":"fr-FR"},{"@type":"Organization","@id":"https:\/\/vosgesinfo.fr\/gerardmerinfo\/#organization","name":"Gerardmer Info","url":"https:\/\/vosgesinfo.fr\/gerardmerinfo\/","logo":{"@type":"ImageObject","inLanguage":"fr-FR","@id":"https:\/\/vosgesinfo.fr\/gerardmerinfo\/#\/schema\/logo\/image\/","url":"https:\/\/vosgesinfo.fr\/app\/uploads\/sites\/6\/2023\/08\/favicon-gerardmerinfo.png","contentUrl":"https:\/\/vosgesinfo.fr\/app\/uploads\/sites\/6\/2023\/08\/favicon-gerardmerinfo.png","width":512,"height":512,"caption":"Gerardmer Info"},"image":{"@id":"https:\/\/vosgesinfo.fr\/gerardmerinfo\/#\/schema\/logo\/image\/"},"sameAs":["https:\/\/www.facebook.com\/profile.php?id=100049475262660","https:\/\/x.com\/VosgesInfo88","https:\/\/www.youtube.com\/@vosgesinfo"]},{"@type":"Person","@id":"https:\/\/vosgesinfo.fr\/gerardmerinfo\/#\/schema\/person\/fa73e9f726d67bb88f46d5b7943cb572","name":"J.J.","image":{"@type":"ImageObject","inLanguage":"fr-FR","@id":"https:\/\/vosgesinfo.fr\/gerardmerinfo\/#\/schema\/person\/image\/","url":"https:\/\/secure.gravatar.com\/avatar\/219e749e47ffbcca018a360ae4add7d4cdf1cdaaf8bc7676b27efade3fe65615?s=96&d=mm&r=g","contentUrl":"https:\/\/secure.gravatar.com\/avatar\/219e749e47ffbcca018a360ae4add7d4cdf1cdaaf8bc7676b27efade3fe65615?s=96&d=mm&r=g","caption":"J.J."},"url":"https:\/\/vosgesinfo.fr\/gerardmerinfo\/author\/j-j\/"}]}},"_links":{"self":[{"href":"https:\/\/vosgesinfo.fr\/gerardmerinfo\/wp-json\/wp\/v2\/posts\/80829","targetHints":{"allow":["GET"]}}],"collection":[{"href":"https:\/\/vosgesinfo.fr\/gerardmerinfo\/wp-json\/wp\/v2\/posts"}],"about":[{"href":"https:\/\/vosgesinfo.fr\/gerardmerinfo\/wp-json\/wp\/v2\/types\/post"}],"author":[{"embeddable":true,"href":"https:\/\/vosgesinfo.fr\/gerardmerinfo\/wp-json\/wp\/v2\/users\/46"}],"replies":[{"embeddable":true,"href":"https:\/\/vosgesinfo.fr\/gerardmerinfo\/wp-json\/wp\/v2\/comments?post=80829"}],"version-history":[{"count":0,"href":"https:\/\/vosgesinfo.fr\/gerardmerinfo\/wp-json\/wp\/v2\/posts\/80829\/revisions"}],"wp:featuredmedia":[{"embeddable":true,"href":"https:\/\/vosgesinfo.fr\/gerardmerinfo\/wp-json\/wp\/v2\/media\/80830"}],"wp:attachment":[{"href":"https:\/\/vosgesinfo.fr\/gerardmerinfo\/wp-json\/wp\/v2\/media?parent=80829"}],"wp:term":[{"taxonomy":"category","embeddable":true,"href":"https:\/\/vosgesinfo.fr\/gerardmerinfo\/wp-json\/wp\/v2\/categories?post=80829"},{"taxonomy":"post_tag","embeddable":true,"href":"https:\/\/vosgesinfo.fr\/gerardmerinfo\/wp-json\/wp\/v2\/tags?post=80829"}],"curies":[{"name":"wp","href":"https:\/\/api.w.org\/{rel}","templated":true}]}}