{"id":80831,"date":"2025-07-24T05:59:44","date_gmt":"2025-07-24T03:59:44","guid":{"rendered":"https:\/\/vosgesinfo.fr\/gerardmerinfo\/?p=80831"},"modified":"2025-07-23T22:43:16","modified_gmt":"2025-07-23T20:43:16","slug":"nos-rues-notre-histoire-une-plaque-pour-celebrer-les-150-ans-de-loffice-de-tourisme","status":"publish","type":"post","link":"https:\/\/vosgesinfo.fr\/gerardmerinfo\/2025\/07\/nos-rues-notre-histoire-une-plaque-pour-celebrer-les-150-ans-de-loffice-de-tourisme\/","title":{"rendered":"Nos rues, notre histoire &#8211; Une Plaque pour c\u00e9l\u00e9brer les 150 ans de l\u2019Office de Tourisme"},"content":{"rendered":"<p><strong><a href=\"https:\/\/vosgesinfo.fr\/app\/uploads\/sites\/6\/2025\/07\/plaque-150-ans-ot-3-rotated.jpeg\"><img decoding=\"async\" class=\"aligncenter size-large wp-image-80834\" src=\"https:\/\/vosgesinfo.fr\/app\/uploads\/sites\/6\/2025\/07\/plaque-150-ans-ot-3-1024x768.jpeg\" alt=\"\" width=\"1024\" height=\"768\" srcset=\"https:\/\/vosgesinfo.fr\/app\/uploads\/sites\/6\/2025\/07\/plaque-150-ans-ot-3-1024x768.jpeg 1024w, https:\/\/vosgesinfo.fr\/app\/uploads\/sites\/6\/2025\/07\/plaque-150-ans-ot-3-300x225.jpeg 300w, https:\/\/vosgesinfo.fr\/app\/uploads\/sites\/6\/2025\/07\/plaque-150-ans-ot-3-768x576.jpeg 768w, https:\/\/vosgesinfo.fr\/app\/uploads\/sites\/6\/2025\/07\/plaque-150-ans-ot-3-1536x1152.jpeg 1536w, https:\/\/vosgesinfo.fr\/app\/uploads\/sites\/6\/2025\/07\/plaque-150-ans-ot-3-rotated.jpeg 2016w\" sizes=\"(max-width: 1024px) 100vw, 1024px\" \/><\/a><\/strong><\/p>\n<p>&nbsp;<\/p>\n<p><strong>Poursuivant sa d\u00e9marche de \u00ab Nos rues, notre histoire \u00bb, la ville de G\u00e9rardmer inaugurait ce mercredi 23 juillet une plaque pour les 150 ans de l\u2019Office de Tourisme\u00a0 intercommunal..<\/strong><\/p>\n<p>Le maire Stessy Speissmann Mozas accompagn\u00e9 de ses adjoints Anne Chwaliszewski et Jamel Ghom\u00e9rani et de son service communication ont \u00e9t\u00e9 accueillis par l\u2019\u00e9quipe de l\u2019office du tourisme devant l\u2019\u00e9tablissement pour d\u00e9couvrir la nouvelle plaque. \u00ab Pour montrer tant aux visiteurs qu\u2019aux G\u00e9r\u00f4mois que G\u00e9rardmer est le 1er office de tourisme de France et qu\u2019il f\u00eate cette ann\u00e9e son 150<sup>e<\/sup> anniversaire\u00a0\u00bb tenait \u00e0 souligner le maire. Il rappelait que\u00a0\u00ab\u00a0c\u2019est gr\u00e2ce \u00e0 l\u2019\u00e9conomie touristique que la ville b\u00e9n\u00e9ficie du plein emploi\u00a0\u00bb et \u00e9galement que\u00a0\u00ab\u00a0l\u2019office de Tourisme se trouve dans les locaux de la SNCF qui est un symbole, la ville s\u2019est d\u00e9velopp\u00e9e aussi gr\u00e2ce aux voyageurs.\u00a0\u00bb<\/p>\n<p>Il s\u2019agit de la 26<sup>e<\/sup> plaque de \u00ab\u00a0Nos rues, notre histoire\u00a0\u00bb depuis 10 ans. La 1<sup>\u00e8re<\/sup> plaque a \u00e9t\u00e9 pos\u00e9e en 2015, les 2 derni\u00e8res le seront \u00a0fin septembre pour les journ\u00e9es du patrimoine, ce qui portera leur nombre \u00e0 28 au total.<\/p>\n<p>Une grande soir\u00e9e festive son et lumi\u00e8re est pr\u00e9vue <strong>le samedi 26 juillet prochain<\/strong> en l\u2019honneur de cet anniversaire.<\/p>\n<p>&nbsp;<\/p>\n<p><a href=\"https:\/\/vosgesinfo.fr\/app\/uploads\/sites\/6\/2025\/07\/plaque-150-ans-ot-2-rotated.jpeg\"><img decoding=\"async\" class=\"aligncenter size-large wp-image-80836\" src=\"https:\/\/vosgesinfo.fr\/app\/uploads\/sites\/6\/2025\/07\/plaque-150-ans-ot-2-768x1024.jpeg\" alt=\"\" width=\"768\" height=\"1024\" srcset=\"https:\/\/vosgesinfo.fr\/app\/uploads\/sites\/6\/2025\/07\/plaque-150-ans-ot-2-768x1024.jpeg 768w, https:\/\/vosgesinfo.fr\/app\/uploads\/sites\/6\/2025\/07\/plaque-150-ans-ot-2-225x300.jpeg 225w, https:\/\/vosgesinfo.fr\/app\/uploads\/sites\/6\/2025\/07\/plaque-150-ans-ot-2-1152x1536.jpeg 1152w, https:\/\/vosgesinfo.fr\/app\/uploads\/sites\/6\/2025\/07\/plaque-150-ans-ot-2-rotated.jpeg 1512w\" sizes=\"(max-width: 768px) 100vw, 768px\" \/><\/a><\/p>\n<p>&nbsp;<\/p>\n","protected":false},"excerpt":{"rendered":"<p>&nbsp; Poursuivant sa d\u00e9marche de \u00ab Nos rues, notre histoire \u00bb, la ville de G\u00e9rardmer inaugurait ce mercredi 23 juillet [&hellip;]<\/p>\n","protected":false},"author":258,"featured_media":80834,"comment_status":"open","ping_status":"open","sticky":false,"template":"","format":"standard","meta":{"footnotes":""},"categories":[20,5647,5724,15],"tags":[7664,7665,3655,5687],"class_list":["post-80831","post","type-post","status-publish","format-standard","has-post-thumbnail","hentry","category-a-la-une","category-gerardmer-autres-sites","category-hommage","category-tourisme","tag-nos-rues","tag-notre-histoire","tag-office-du-tourisme-intercommunal","tag-ville-de-gerardmer"],"acf":[],"yoast_head":"<!-- This site is optimized with the Yoast SEO plugin v22.5 - https:\/\/yoast.com\/wordpress\/plugins\/seo\/ -->\n<title>Nos rues, notre histoire - Une Plaque pour c\u00e9l\u00e9brer les 150 ans de l\u2019Office de Tourisme - Gerardmer Info<\/title>\n<meta name=\"robots\" content=\"index, follow, max-snippet:-1, max-image-preview:large, max-video-preview:-1\" \/>\n<link rel=\"canonical\" href=\"https:\/\/vosgesinfo.fr\/gerardmerinfo\/2025\/07\/nos-rues-notre-histoire-une-plaque-pour-celebrer-les-150-ans-de-loffice-de-tourisme\/\" \/>\n<meta name=\"twitter:card\" content=\"summary_large_image\" \/>\n<meta name=\"twitter:title\" content=\"Nos rues, notre histoire - Une Plaque pour c\u00e9l\u00e9brer les 150 ans de l\u2019Office de Tourisme - Gerardmer Info\" \/>\n<meta name=\"twitter:description\" content=\"&nbsp; Poursuivant sa d\u00e9marche de \u00ab Nos rues, notre histoire \u00bb, la ville de G\u00e9rardmer inaugurait ce mercredi 23 juillet [&hellip;]\" \/>\n<meta name=\"twitter:image\" content=\"https:\/\/vosgesinfo.fr\/app\/uploads\/sites\/6\/2025\/07\/plaque-150-ans-ot-3-rotated.jpeg\" \/>\n<meta name=\"twitter:creator\" content=\"@VosgesInfo88\" \/>\n<meta name=\"twitter:site\" content=\"@VosgesInfo88\" \/>\n<meta name=\"twitter:label1\" content=\"\u00c9crit par\" \/>\n\t<meta name=\"twitter:data1\" content=\"I.N\" \/>\n\t<meta name=\"twitter:label2\" content=\"Dur\u00e9e de lecture estim\u00e9e\" \/>\n\t<meta name=\"twitter:data2\" content=\"2 minutes\" \/>\n<script type=\"application\/ld+json\" class=\"yoast-schema-graph\">{\"@context\":\"https:\/\/schema.org\",\"@graph\":[{\"@type\":\"Article\",\"@id\":\"https:\/\/vosgesinfo.fr\/gerardmerinfo\/2025\/07\/nos-rues-notre-histoire-une-plaque-pour-celebrer-les-150-ans-de-loffice-de-tourisme\/#article\",\"isPartOf\":{\"@id\":\"https:\/\/vosgesinfo.fr\/gerardmerinfo\/2025\/07\/nos-rues-notre-histoire-une-plaque-pour-celebrer-les-150-ans-de-loffice-de-tourisme\/\"},\"author\":{\"name\":\"I.N\",\"@id\":\"https:\/\/vosgesinfo.fr\/gerardmerinfo\/#\/schema\/person\/bb210d3430e59ff5cd247deaccb63615\"},\"headline\":\"Nos rues, notre histoire &#8211; Une Plaque pour c\u00e9l\u00e9brer les 150 ans de l\u2019Office de Tourisme\",\"datePublished\":\"2025-07-24T03:59:44+00:00\",\"dateModified\":\"2025-07-23T20:43:16+00:00\",\"mainEntityOfPage\":{\"@id\":\"https:\/\/vosgesinfo.fr\/gerardmerinfo\/2025\/07\/nos-rues-notre-histoire-une-plaque-pour-celebrer-les-150-ans-de-loffice-de-tourisme\/\"},\"wordCount\":240,\"commentCount\":3,\"publisher\":{\"@id\":\"https:\/\/vosgesinfo.fr\/gerardmerinfo\/#organization\"},\"image\":{\"@id\":\"https:\/\/vosgesinfo.fr\/gerardmerinfo\/2025\/07\/nos-rues-notre-histoire-une-plaque-pour-celebrer-les-150-ans-de-loffice-de-tourisme\/#primaryimage\"},\"thumbnailUrl\":\"https:\/\/vosgesinfo.fr\/app\/uploads\/sites\/6\/2025\/07\/plaque-150-ans-ot-3-rotated.jpeg\",\"keywords\":[\"Nos rues\",\"notre histoire\",\"Office du tourisme intercommunal\",\"Ville de G\u00e9rardmer\"],\"articleSection\":[\"A la une\",\"Gerardmer\",\"Hommage\",\"Tourisme\"],\"inLanguage\":\"fr-FR\",\"potentialAction\":[{\"@type\":\"CommentAction\",\"name\":\"Comment\",\"target\":[\"https:\/\/vosgesinfo.fr\/gerardmerinfo\/2025\/07\/nos-rues-notre-histoire-une-plaque-pour-celebrer-les-150-ans-de-loffice-de-tourisme\/#respond\"]}]},{\"@type\":\"WebPage\",\"@id\":\"https:\/\/vosgesinfo.fr\/gerardmerinfo\/2025\/07\/nos-rues-notre-histoire-une-plaque-pour-celebrer-les-150-ans-de-loffice-de-tourisme\/\",\"url\":\"https:\/\/vosgesinfo.fr\/gerardmerinfo\/2025\/07\/nos-rues-notre-histoire-une-plaque-pour-celebrer-les-150-ans-de-loffice-de-tourisme\/\",\"name\":\"Nos rues, notre histoire - Une Plaque pour c\u00e9l\u00e9brer les 150 ans de l\u2019Office de Tourisme - Gerardmer Info\",\"isPartOf\":{\"@id\":\"https:\/\/vosgesinfo.fr\/gerardmerinfo\/#website\"},\"primaryImageOfPage\":{\"@id\":\"https:\/\/vosgesinfo.fr\/gerardmerinfo\/2025\/07\/nos-rues-notre-histoire-une-plaque-pour-celebrer-les-150-ans-de-loffice-de-tourisme\/#primaryimage\"},\"image\":{\"@id\":\"https:\/\/vosgesinfo.fr\/gerardmerinfo\/2025\/07\/nos-rues-notre-histoire-une-plaque-pour-celebrer-les-150-ans-de-loffice-de-tourisme\/#primaryimage\"},\"thumbnailUrl\":\"https:\/\/vosgesinfo.fr\/app\/uploads\/sites\/6\/2025\/07\/plaque-150-ans-ot-3-rotated.jpeg\",\"datePublished\":\"2025-07-24T03:59:44+00:00\",\"dateModified\":\"2025-07-23T20:43:16+00:00\",\"breadcrumb\":{\"@id\":\"https:\/\/vosgesinfo.fr\/gerardmerinfo\/2025\/07\/nos-rues-notre-histoire-une-plaque-pour-celebrer-les-150-ans-de-loffice-de-tourisme\/#breadcrumb\"},\"inLanguage\":\"fr-FR\",\"potentialAction\":[{\"@type\":\"ReadAction\",\"target\":[\"https:\/\/vosgesinfo.fr\/gerardmerinfo\/2025\/07\/nos-rues-notre-histoire-une-plaque-pour-celebrer-les-150-ans-de-loffice-de-tourisme\/\"]}]},{\"@type\":\"ImageObject\",\"inLanguage\":\"fr-FR\",\"@id\":\"https:\/\/vosgesinfo.fr\/gerardmerinfo\/2025\/07\/nos-rues-notre-histoire-une-plaque-pour-celebrer-les-150-ans-de-loffice-de-tourisme\/#primaryimage\",\"url\":\"https:\/\/vosgesinfo.fr\/app\/uploads\/sites\/6\/2025\/07\/plaque-150-ans-ot-3-rotated.jpeg\",\"contentUrl\":\"https:\/\/vosgesinfo.fr\/app\/uploads\/sites\/6\/2025\/07\/plaque-150-ans-ot-3-rotated.jpeg\",\"width\":2016,\"height\":1512},{\"@type\":\"BreadcrumbList\",\"@id\":\"https:\/\/vosgesinfo.fr\/gerardmerinfo\/2025\/07\/nos-rues-notre-histoire-une-plaque-pour-celebrer-les-150-ans-de-loffice-de-tourisme\/#breadcrumb\",\"itemListElement\":[{\"@type\":\"ListItem\",\"position\":1,\"name\":\"Home\",\"item\":\"https:\/\/vosgesinfo.fr\/gerardmerinfo\/\"},{\"@type\":\"ListItem\",\"position\":2,\"name\":\"Nos rues, notre histoire &#8211; Une Plaque pour c\u00e9l\u00e9brer les 150 ans de l\u2019Office de Tourisme\"}]},{\"@type\":\"WebSite\",\"@id\":\"https:\/\/vosgesinfo.fr\/gerardmerinfo\/#website\",\"url\":\"https:\/\/vosgesinfo.fr\/gerardmerinfo\/\",\"name\":\"Gerardmer Info\",\"description\":\"Toute l&#039;actualit\u00e9 de G\u00e9rardmer\",\"publisher\":{\"@id\":\"https:\/\/vosgesinfo.fr\/gerardmerinfo\/#organization\"},\"alternateName\":\"Toute l'actualit\u00e9 de G\u00e9rardmer\",\"potentialAction\":[{\"@type\":\"SearchAction\",\"target\":{\"@type\":\"EntryPoint\",\"urlTemplate\":\"https:\/\/vosgesinfo.fr\/gerardmerinfo\/?s={search_term_string}\"},\"query-input\":\"required name=search_term_string\"}],\"inLanguage\":\"fr-FR\"},{\"@type\":\"Organization\",\"@id\":\"https:\/\/vosgesinfo.fr\/gerardmerinfo\/#organization\",\"name\":\"Gerardmer Info\",\"url\":\"https:\/\/vosgesinfo.fr\/gerardmerinfo\/\",\"logo\":{\"@type\":\"ImageObject\",\"inLanguage\":\"fr-FR\",\"@id\":\"https:\/\/vosgesinfo.fr\/gerardmerinfo\/#\/schema\/logo\/image\/\",\"url\":\"https:\/\/vosgesinfo.fr\/app\/uploads\/sites\/6\/2023\/08\/favicon-gerardmerinfo.png\",\"contentUrl\":\"https:\/\/vosgesinfo.fr\/app\/uploads\/sites\/6\/2023\/08\/favicon-gerardmerinfo.png\",\"width\":512,\"height\":512,\"caption\":\"Gerardmer Info\"},\"image\":{\"@id\":\"https:\/\/vosgesinfo.fr\/gerardmerinfo\/#\/schema\/logo\/image\/\"},\"sameAs\":[\"https:\/\/www.facebook.com\/profile.php?id=100049475262660\",\"https:\/\/x.com\/VosgesInfo88\",\"https:\/\/www.youtube.com\/@vosgesinfo\"]},{\"@type\":\"Person\",\"@id\":\"https:\/\/vosgesinfo.fr\/gerardmerinfo\/#\/schema\/person\/bb210d3430e59ff5cd247deaccb63615\",\"name\":\"I.N\",\"image\":{\"@type\":\"ImageObject\",\"inLanguage\":\"fr-FR\",\"@id\":\"https:\/\/vosgesinfo.fr\/gerardmerinfo\/#\/schema\/person\/image\/\",\"url\":\"https:\/\/secure.gravatar.com\/avatar\/612d5c20a39b1c8bc5675cc8e3d99e120730e7d080423fdafec485619845af71?s=96&d=mm&r=g\",\"contentUrl\":\"https:\/\/secure.gravatar.com\/avatar\/612d5c20a39b1c8bc5675cc8e3d99e120730e7d080423fdafec485619845af71?s=96&d=mm&r=g\",\"caption\":\"I.N\"},\"url\":\"https:\/\/vosgesinfo.fr\/gerardmerinfo\/author\/i-ngerardmer\/\"}]}<\/script>\n<!-- \/ Yoast SEO plugin. -->","yoast_head_json":{"title":"Nos rues, notre histoire - Une Plaque pour c\u00e9l\u00e9brer les 150 ans de l\u2019Office de Tourisme - Gerardmer Info","robots":{"index":"index","follow":"follow","max-snippet":"max-snippet:-1","max-image-preview":"max-image-preview:large","max-video-preview":"max-video-preview:-1"},"canonical":"https:\/\/vosgesinfo.fr\/gerardmerinfo\/2025\/07\/nos-rues-notre-histoire-une-plaque-pour-celebrer-les-150-ans-de-loffice-de-tourisme\/","twitter_card":"summary_large_image","twitter_title":"Nos rues, notre histoire - Une Plaque pour c\u00e9l\u00e9brer les 150 ans de l\u2019Office de Tourisme - Gerardmer Info","twitter_description":"&nbsp; Poursuivant sa d\u00e9marche de \u00ab Nos rues, notre histoire \u00bb, la ville de G\u00e9rardmer inaugurait ce mercredi 23 juillet [&hellip;]","twitter_image":"https:\/\/vosgesinfo.fr\/app\/uploads\/sites\/6\/2025\/07\/plaque-150-ans-ot-3-rotated.jpeg","twitter_creator":"@VosgesInfo88","twitter_site":"@VosgesInfo88","twitter_misc":{"\u00c9crit par":"I.N","Dur\u00e9e de lecture estim\u00e9e":"2 minutes"},"schema":{"@context":"https:\/\/schema.org","@graph":[{"@type":"Article","@id":"https:\/\/vosgesinfo.fr\/gerardmerinfo\/2025\/07\/nos-rues-notre-histoire-une-plaque-pour-celebrer-les-150-ans-de-loffice-de-tourisme\/#article","isPartOf":{"@id":"https:\/\/vosgesinfo.fr\/gerardmerinfo\/2025\/07\/nos-rues-notre-histoire-une-plaque-pour-celebrer-les-150-ans-de-loffice-de-tourisme\/"},"author":{"name":"I.N","@id":"https:\/\/vosgesinfo.fr\/gerardmerinfo\/#\/schema\/person\/bb210d3430e59ff5cd247deaccb63615"},"headline":"Nos rues, notre histoire &#8211; Une Plaque pour c\u00e9l\u00e9brer les 150 ans de l\u2019Office de Tourisme","datePublished":"2025-07-24T03:59:44+00:00","dateModified":"2025-07-23T20:43:16+00:00","mainEntityOfPage":{"@id":"https:\/\/vosgesinfo.fr\/gerardmerinfo\/2025\/07\/nos-rues-notre-histoire-une-plaque-pour-celebrer-les-150-ans-de-loffice-de-tourisme\/"},"wordCount":240,"commentCount":3,"publisher":{"@id":"https:\/\/vosgesinfo.fr\/gerardmerinfo\/#organization"},"image":{"@id":"https:\/\/vosgesinfo.fr\/gerardmerinfo\/2025\/07\/nos-rues-notre-histoire-une-plaque-pour-celebrer-les-150-ans-de-loffice-de-tourisme\/#primaryimage"},"thumbnailUrl":"https:\/\/vosgesinfo.fr\/app\/uploads\/sites\/6\/2025\/07\/plaque-150-ans-ot-3-rotated.jpeg","keywords":["Nos rues","notre histoire","Office du tourisme intercommunal","Ville de G\u00e9rardmer"],"articleSection":["A la une","Gerardmer","Hommage","Tourisme"],"inLanguage":"fr-FR","potentialAction":[{"@type":"CommentAction","name":"Comment","target":["https:\/\/vosgesinfo.fr\/gerardmerinfo\/2025\/07\/nos-rues-notre-histoire-une-plaque-pour-celebrer-les-150-ans-de-loffice-de-tourisme\/#respond"]}]},{"@type":"WebPage","@id":"https:\/\/vosgesinfo.fr\/gerardmerinfo\/2025\/07\/nos-rues-notre-histoire-une-plaque-pour-celebrer-les-150-ans-de-loffice-de-tourisme\/","url":"https:\/\/vosgesinfo.fr\/gerardmerinfo\/2025\/07\/nos-rues-notre-histoire-une-plaque-pour-celebrer-les-150-ans-de-loffice-de-tourisme\/","name":"Nos rues, notre histoire - Une Plaque pour c\u00e9l\u00e9brer les 150 ans de l\u2019Office de Tourisme - Gerardmer Info","isPartOf":{"@id":"https:\/\/vosgesinfo.fr\/gerardmerinfo\/#website"},"primaryImageOfPage":{"@id":"https:\/\/vosgesinfo.fr\/gerardmerinfo\/2025\/07\/nos-rues-notre-histoire-une-plaque-pour-celebrer-les-150-ans-de-loffice-de-tourisme\/#primaryimage"},"image":{"@id":"https:\/\/vosgesinfo.fr\/gerardmerinfo\/2025\/07\/nos-rues-notre-histoire-une-plaque-pour-celebrer-les-150-ans-de-loffice-de-tourisme\/#primaryimage"},"thumbnailUrl":"https:\/\/vosgesinfo.fr\/app\/uploads\/sites\/6\/2025\/07\/plaque-150-ans-ot-3-rotated.jpeg","datePublished":"2025-07-24T03:59:44+00:00","dateModified":"2025-07-23T20:43:16+00:00","breadcrumb":{"@id":"https:\/\/vosgesinfo.fr\/gerardmerinfo\/2025\/07\/nos-rues-notre-histoire-une-plaque-pour-celebrer-les-150-ans-de-loffice-de-tourisme\/#breadcrumb"},"inLanguage":"fr-FR","potentialAction":[{"@type":"ReadAction","target":["https:\/\/vosgesinfo.fr\/gerardmerinfo\/2025\/07\/nos-rues-notre-histoire-une-plaque-pour-celebrer-les-150-ans-de-loffice-de-tourisme\/"]}]},{"@type":"ImageObject","inLanguage":"fr-FR","@id":"https:\/\/vosgesinfo.fr\/gerardmerinfo\/2025\/07\/nos-rues-notre-histoire-une-plaque-pour-celebrer-les-150-ans-de-loffice-de-tourisme\/#primaryimage","url":"https:\/\/vosgesinfo.fr\/app\/uploads\/sites\/6\/2025\/07\/plaque-150-ans-ot-3-rotated.jpeg","contentUrl":"https:\/\/vosgesinfo.fr\/app\/uploads\/sites\/6\/2025\/07\/plaque-150-ans-ot-3-rotated.jpeg","width":2016,"height":1512},{"@type":"BreadcrumbList","@id":"https:\/\/vosgesinfo.fr\/gerardmerinfo\/2025\/07\/nos-rues-notre-histoire-une-plaque-pour-celebrer-les-150-ans-de-loffice-de-tourisme\/#breadcrumb","itemListElement":[{"@type":"ListItem","position":1,"name":"Home","item":"https:\/\/vosgesinfo.fr\/gerardmerinfo\/"},{"@type":"ListItem","position":2,"name":"Nos rues, notre histoire &#8211; Une Plaque pour c\u00e9l\u00e9brer les 150 ans de l\u2019Office de Tourisme"}]},{"@type":"WebSite","@id":"https:\/\/vosgesinfo.fr\/gerardmerinfo\/#website","url":"https:\/\/vosgesinfo.fr\/gerardmerinfo\/","name":"Gerardmer Info","description":"Toute l&#039;actualit\u00e9 de G\u00e9rardmer","publisher":{"@id":"https:\/\/vosgesinfo.fr\/gerardmerinfo\/#organization"},"alternateName":"Toute l'actualit\u00e9 de G\u00e9rardmer","potentialAction":[{"@type":"SearchAction","target":{"@type":"EntryPoint","urlTemplate":"https:\/\/vosgesinfo.fr\/gerardmerinfo\/?s={search_term_string}"},"query-input":"required name=search_term_string"}],"inLanguage":"fr-FR"},{"@type":"Organization","@id":"https:\/\/vosgesinfo.fr\/gerardmerinfo\/#organization","name":"Gerardmer Info","url":"https:\/\/vosgesinfo.fr\/gerardmerinfo\/","logo":{"@type":"ImageObject","inLanguage":"fr-FR","@id":"https:\/\/vosgesinfo.fr\/gerardmerinfo\/#\/schema\/logo\/image\/","url":"https:\/\/vosgesinfo.fr\/app\/uploads\/sites\/6\/2023\/08\/favicon-gerardmerinfo.png","contentUrl":"https:\/\/vosgesinfo.fr\/app\/uploads\/sites\/6\/2023\/08\/favicon-gerardmerinfo.png","width":512,"height":512,"caption":"Gerardmer Info"},"image":{"@id":"https:\/\/vosgesinfo.fr\/gerardmerinfo\/#\/schema\/logo\/image\/"},"sameAs":["https:\/\/www.facebook.com\/profile.php?id=100049475262660","https:\/\/x.com\/VosgesInfo88","https:\/\/www.youtube.com\/@vosgesinfo"]},{"@type":"Person","@id":"https:\/\/vosgesinfo.fr\/gerardmerinfo\/#\/schema\/person\/bb210d3430e59ff5cd247deaccb63615","name":"I.N","image":{"@type":"ImageObject","inLanguage":"fr-FR","@id":"https:\/\/vosgesinfo.fr\/gerardmerinfo\/#\/schema\/person\/image\/","url":"https:\/\/secure.gravatar.com\/avatar\/612d5c20a39b1c8bc5675cc8e3d99e120730e7d080423fdafec485619845af71?s=96&d=mm&r=g","contentUrl":"https:\/\/secure.gravatar.com\/avatar\/612d5c20a39b1c8bc5675cc8e3d99e120730e7d080423fdafec485619845af71?s=96&d=mm&r=g","caption":"I.N"},"url":"https:\/\/vosgesinfo.fr\/gerardmerinfo\/author\/i-ngerardmer\/"}]}},"_links":{"self":[{"href":"https:\/\/vosgesinfo.fr\/gerardmerinfo\/wp-json\/wp\/v2\/posts\/80831","targetHints":{"allow":["GET"]}}],"collection":[{"href":"https:\/\/vosgesinfo.fr\/gerardmerinfo\/wp-json\/wp\/v2\/posts"}],"about":[{"href":"https:\/\/vosgesinfo.fr\/gerardmerinfo\/wp-json\/wp\/v2\/types\/post"}],"author":[{"embeddable":true,"href":"https:\/\/vosgesinfo.fr\/gerardmerinfo\/wp-json\/wp\/v2\/users\/258"}],"replies":[{"embeddable":true,"href":"https:\/\/vosgesinfo.fr\/gerardmerinfo\/wp-json\/wp\/v2\/comments?post=80831"}],"version-history":[{"count":5,"href":"https:\/\/vosgesinfo.fr\/gerardmerinfo\/wp-json\/wp\/v2\/posts\/80831\/revisions"}],"predecessor-version":[{"id":80850,"href":"https:\/\/vosgesinfo.fr\/gerardmerinfo\/wp-json\/wp\/v2\/posts\/80831\/revisions\/80850"}],"wp:featuredmedia":[{"embeddable":true,"href":"https:\/\/vosgesinfo.fr\/gerardmerinfo\/wp-json\/wp\/v2\/media\/80834"}],"wp:attachment":[{"href":"https:\/\/vosgesinfo.fr\/gerardmerinfo\/wp-json\/wp\/v2\/media?parent=80831"}],"wp:term":[{"taxonomy":"category","embeddable":true,"href":"https:\/\/vosgesinfo.fr\/gerardmerinfo\/wp-json\/wp\/v2\/categories?post=80831"},{"taxonomy":"post_tag","embeddable":true,"href":"https:\/\/vosgesinfo.fr\/gerardmerinfo\/wp-json\/wp\/v2\/tags?post=80831"}],"curies":[{"name":"wp","href":"https:\/\/api.w.org\/{rel}","templated":true}]}}