{"id":8115,"date":"2024-04-15T05:58:50","date_gmt":"2024-04-15T03:58:50","guid":{"rendered":"https:\/\/vosgesinfo.fr\/gerardmerinfo\/?p=8115"},"modified":"2024-04-14T20:41:09","modified_gmt":"2024-04-14T18:41:09","slug":"asg-natation-bilan-positif-pour-cette-annee-de-reprise","status":"publish","type":"post","link":"https:\/\/vosgesinfo.fr\/gerardmerinfo\/2024\/04\/asg-natation-bilan-positif-pour-cette-annee-de-reprise\/","title":{"rendered":"ASG Natation &#8211; Bilan positif pour cette ann\u00e9e de reprise"},"content":{"rendered":"<p><strong><a href=\"https:\/\/vosgesinfo.fr\/app\/uploads\/sites\/6\/2024\/04\/ag-club-de-natation-scaled.jpeg\"><img decoding=\"async\" class=\"aligncenter size-large wp-image-8117\" src=\"https:\/\/vosgesinfo.fr\/app\/uploads\/sites\/6\/2024\/04\/ag-club-de-natation-1024x824.jpeg\" alt=\"\" width=\"1024\" height=\"824\" srcset=\"https:\/\/vosgesinfo.fr\/app\/uploads\/sites\/6\/2024\/04\/ag-club-de-natation-1024x824.jpeg 1024w, https:\/\/vosgesinfo.fr\/app\/uploads\/sites\/6\/2024\/04\/ag-club-de-natation-300x241.jpeg 300w, https:\/\/vosgesinfo.fr\/app\/uploads\/sites\/6\/2024\/04\/ag-club-de-natation-768x618.jpeg 768w, https:\/\/vosgesinfo.fr\/app\/uploads\/sites\/6\/2024\/04\/ag-club-de-natation-1536x1236.jpeg 1536w, https:\/\/vosgesinfo.fr\/app\/uploads\/sites\/6\/2024\/04\/ag-club-de-natation-2048x1648.jpeg 2048w\" sizes=\"(max-width: 1024px) 100vw, 1024px\" \/><\/a><\/strong><\/p>\n<p>&nbsp;<\/p>\n<p><strong>L\u2019Assembl\u00e9e G\u00e9n\u00e9rale de l\u2019AS G\u00e9rardmer Natation a eu lieu ce vendredi soir 12 avril \u00e0 la Base Nautique.<\/strong><\/p>\n<p>Le pr\u00e9sident et entra\u00eeneur Jacky Lecoanet a ouvert la s\u00e9ance en pr\u00e9sence de son bureau et de son pr\u00e9sident d\u2019honneur Jacques Laurenti. Il a pr\u00e9sent\u00e9 le bilan d\u2019activit\u00e9 2022-2023 et le bilan financier 2023. \u00ab Le club va bien \u00bb dit il apr\u00e8s 3 ann\u00e9es de sommeil li\u00e9 \u00e0 la fermeture de la piscine, il compte aujourd\u2019hui 78 licenci\u00e9s o\u00f9 les f\u00e9minines sont en force. \u00ab pour la reprise du club les comp\u00e9titeurs de l\u2019AS G\u00e9rardmer Natation portent haut les couleurs du club, de la ville, des Vosges et de la R\u00e9gion Grand Est avec de nombreux podiums et places d\u2019honneur\u00bb ajoute t il fi\u00e8rement. Sur 18 comp\u00e9titeurs (trices) 10 sont class\u00e9s au niveau d\u00e9partemental, 7 en s\u00e9rie r\u00e9gionale et \u00e9voluent sur les s\u00e9lectifs nationaux, une est class\u00e9e en s\u00e9rie nationale. L\u2019\u00e9cole de natation Fran\u00e7aise du club compte 23 enfants et a d\u00e9livr\u00e9 des dipl\u00f4mes du Sauv\u2019nage \u00e0 14 d\u2019entre eux. 25 adultes fr\u00e9quentent la section loisir et perfectionnement.<\/p>\n<p>&nbsp;<\/p>\n<p>Pour l\u2019ann\u00e9e \u00e0 venir le pr\u00e9sident voudrait surtout renforcer l\u2019encadrement et va faire passer des brevets d\u2019Etat et f\u00e9d\u00e9raux. Etoffer \u00e9galement le staff, il manque de b\u00e9n\u00e9voles. Il pr\u00e9pare ses nageurs \u00e0 l\u2019\u00e9preuve natation du BAC ainsi qu\u2019\u00e0 l\u2019examen du BNSSA, que le club finance, incluant les brevets de secourisme PSE1 &#8211; PSE2. En contrepartie les apprenants l\u2019aident \u00e0 l\u2019encadrement en piscine le mardi soir. Un ma\u00eetre nageur l&rsquo;a rejoint cette ann\u00e9e. Il souhaite bien s\u00fbr amener ses nageurs au niveau sup\u00e9rieur et aurait besoin de d\u2019avantage de cr\u00e9neaux piscine. Il aimerait proposer un stage \u00e0 l\u2019ext\u00e9rieur, \u00ab pourquoi pas en Espagne ? \u00bb Il \u00e9voque la travers\u00e9e du lac avec nostalgie, n\u2019a pas renonc\u00e9 \u00e0 l\u2019organiser \u00e0 nouveau. Il regrette de ne pouvoir mettre en place des comp\u00e9titions \u00e0 domicile expliquant que le bassin de la piscine de G\u00e9rardmer n\u2019est pas adapt\u00e9 pour recevoir les drapeaux, repaires obligatoires pour les virages des nageurs dos, entre autre, et pour mat\u00e9rialiser les d\u00e9parts, milieu et faux d\u00e9parts. \u00ab Ce serait un petit plus pour le club \u00bb ajoute t\u2019il. En conclusion il f\u00e9licite \u00ab la motivation et l\u2019enthousiasme \u00bb de chacun et remercie les partenaires pour leur aide. Il s\u2019\u00e9merveille de voir \u00ab Comment un si petit club avec peu de moyens fait l\u2019admiration de tous \u00bb.<\/p>\n","protected":false},"excerpt":{"rendered":"<p>&nbsp; L\u2019Assembl\u00e9e G\u00e9n\u00e9rale de l\u2019AS G\u00e9rardmer Natation a eu lieu ce vendredi soir 12 avril \u00e0 la Base Nautique. Le [&hellip;]<\/p>\n","protected":false},"author":258,"featured_media":8117,"comment_status":"open","ping_status":"open","sticky":false,"template":"","format":"standard","meta":{"footnotes":""},"categories":[20,25,14,17],"tags":[1050,197],"class_list":["post-8115","post","type-post","status-publish","format-standard","has-post-thumbnail","hentry","category-a-la-une","category-gerardmer","category-sport","category-vie-associative","tag-as-gerardmer-natation","tag-assemblee-generale"],"acf":[],"yoast_head":"<!-- This site is optimized with the Yoast SEO plugin v22.5 - https:\/\/yoast.com\/wordpress\/plugins\/seo\/ -->\n<title>ASG Natation - Bilan positif pour cette ann\u00e9e de reprise - Gerardmer Info<\/title>\n<meta name=\"robots\" content=\"index, follow, max-snippet:-1, max-image-preview:large, max-video-preview:-1\" \/>\n<link rel=\"canonical\" href=\"https:\/\/vosgesinfo.fr\/gerardmerinfo\/2024\/04\/asg-natation-bilan-positif-pour-cette-annee-de-reprise\/\" \/>\n<meta name=\"twitter:card\" content=\"summary_large_image\" \/>\n<meta name=\"twitter:title\" content=\"ASG Natation - Bilan positif pour cette ann\u00e9e de reprise - Gerardmer Info\" \/>\n<meta name=\"twitter:description\" content=\"&nbsp; L\u2019Assembl\u00e9e G\u00e9n\u00e9rale de l\u2019AS G\u00e9rardmer Natation a eu lieu ce vendredi soir 12 avril \u00e0 la Base Nautique. Le [&hellip;]\" \/>\n<meta name=\"twitter:image\" content=\"https:\/\/vosgesinfo.fr\/app\/uploads\/sites\/6\/2024\/04\/ag-club-de-natation-scaled.jpeg\" \/>\n<meta name=\"twitter:creator\" content=\"@VosgesInfo88\" \/>\n<meta name=\"twitter:site\" content=\"@VosgesInfo88\" \/>\n<meta name=\"twitter:label1\" content=\"\u00c9crit par\" \/>\n\t<meta name=\"twitter:data1\" content=\"I.N\" \/>\n\t<meta name=\"twitter:label2\" content=\"Dur\u00e9e de lecture estim\u00e9e\" \/>\n\t<meta name=\"twitter:data2\" content=\"2 minutes\" \/>\n<script type=\"application\/ld+json\" class=\"yoast-schema-graph\">{\"@context\":\"https:\/\/schema.org\",\"@graph\":[{\"@type\":\"Article\",\"@id\":\"https:\/\/vosgesinfo.fr\/gerardmerinfo\/2024\/04\/asg-natation-bilan-positif-pour-cette-annee-de-reprise\/#article\",\"isPartOf\":{\"@id\":\"https:\/\/vosgesinfo.fr\/gerardmerinfo\/2024\/04\/asg-natation-bilan-positif-pour-cette-annee-de-reprise\/\"},\"author\":{\"name\":\"I.N\",\"@id\":\"https:\/\/vosgesinfo.fr\/gerardmerinfo\/#\/schema\/person\/bb210d3430e59ff5cd247deaccb63615\"},\"headline\":\"ASG Natation &#8211; Bilan positif pour cette ann\u00e9e de reprise\",\"datePublished\":\"2024-04-15T03:58:50+00:00\",\"dateModified\":\"2024-04-14T18:41:09+00:00\",\"mainEntityOfPage\":{\"@id\":\"https:\/\/vosgesinfo.fr\/gerardmerinfo\/2024\/04\/asg-natation-bilan-positif-pour-cette-annee-de-reprise\/\"},\"wordCount\":451,\"commentCount\":0,\"publisher\":{\"@id\":\"https:\/\/vosgesinfo.fr\/gerardmerinfo\/#organization\"},\"image\":{\"@id\":\"https:\/\/vosgesinfo.fr\/gerardmerinfo\/2024\/04\/asg-natation-bilan-positif-pour-cette-annee-de-reprise\/#primaryimage\"},\"thumbnailUrl\":\"https:\/\/vosgesinfo.fr\/app\/uploads\/sites\/6\/2024\/04\/ag-club-de-natation-scaled.jpeg\",\"keywords\":[\"AS G\u00e9rardmer natation\",\"Assembl\u00e9e G\u00e9n\u00e9rale\"],\"articleSection\":[\"A la une\",\"G\u00e9rardmer\",\"Sport\",\"Vie Associative\"],\"inLanguage\":\"fr-FR\",\"potentialAction\":[{\"@type\":\"CommentAction\",\"name\":\"Comment\",\"target\":[\"https:\/\/vosgesinfo.fr\/gerardmerinfo\/2024\/04\/asg-natation-bilan-positif-pour-cette-annee-de-reprise\/#respond\"]}]},{\"@type\":\"WebPage\",\"@id\":\"https:\/\/vosgesinfo.fr\/gerardmerinfo\/2024\/04\/asg-natation-bilan-positif-pour-cette-annee-de-reprise\/\",\"url\":\"https:\/\/vosgesinfo.fr\/gerardmerinfo\/2024\/04\/asg-natation-bilan-positif-pour-cette-annee-de-reprise\/\",\"name\":\"ASG Natation - Bilan positif pour cette ann\u00e9e de reprise - Gerardmer Info\",\"isPartOf\":{\"@id\":\"https:\/\/vosgesinfo.fr\/gerardmerinfo\/#website\"},\"primaryImageOfPage\":{\"@id\":\"https:\/\/vosgesinfo.fr\/gerardmerinfo\/2024\/04\/asg-natation-bilan-positif-pour-cette-annee-de-reprise\/#primaryimage\"},\"image\":{\"@id\":\"https:\/\/vosgesinfo.fr\/gerardmerinfo\/2024\/04\/asg-natation-bilan-positif-pour-cette-annee-de-reprise\/#primaryimage\"},\"thumbnailUrl\":\"https:\/\/vosgesinfo.fr\/app\/uploads\/sites\/6\/2024\/04\/ag-club-de-natation-scaled.jpeg\",\"datePublished\":\"2024-04-15T03:58:50+00:00\",\"dateModified\":\"2024-04-14T18:41:09+00:00\",\"breadcrumb\":{\"@id\":\"https:\/\/vosgesinfo.fr\/gerardmerinfo\/2024\/04\/asg-natation-bilan-positif-pour-cette-annee-de-reprise\/#breadcrumb\"},\"inLanguage\":\"fr-FR\",\"potentialAction\":[{\"@type\":\"ReadAction\",\"target\":[\"https:\/\/vosgesinfo.fr\/gerardmerinfo\/2024\/04\/asg-natation-bilan-positif-pour-cette-annee-de-reprise\/\"]}]},{\"@type\":\"ImageObject\",\"inLanguage\":\"fr-FR\",\"@id\":\"https:\/\/vosgesinfo.fr\/gerardmerinfo\/2024\/04\/asg-natation-bilan-positif-pour-cette-annee-de-reprise\/#primaryimage\",\"url\":\"https:\/\/vosgesinfo.fr\/app\/uploads\/sites\/6\/2024\/04\/ag-club-de-natation-scaled.jpeg\",\"contentUrl\":\"https:\/\/vosgesinfo.fr\/app\/uploads\/sites\/6\/2024\/04\/ag-club-de-natation-scaled.jpeg\",\"width\":2560,\"height\":2060},{\"@type\":\"BreadcrumbList\",\"@id\":\"https:\/\/vosgesinfo.fr\/gerardmerinfo\/2024\/04\/asg-natation-bilan-positif-pour-cette-annee-de-reprise\/#breadcrumb\",\"itemListElement\":[{\"@type\":\"ListItem\",\"position\":1,\"name\":\"Home\",\"item\":\"https:\/\/vosgesinfo.fr\/gerardmerinfo\/\"},{\"@type\":\"ListItem\",\"position\":2,\"name\":\"ASG Natation &#8211; Bilan positif pour cette ann\u00e9e de reprise\"}]},{\"@type\":\"WebSite\",\"@id\":\"https:\/\/vosgesinfo.fr\/gerardmerinfo\/#website\",\"url\":\"https:\/\/vosgesinfo.fr\/gerardmerinfo\/\",\"name\":\"Gerardmer Info\",\"description\":\"Toute l&#039;actualit\u00e9 de G\u00e9rardmer\",\"publisher\":{\"@id\":\"https:\/\/vosgesinfo.fr\/gerardmerinfo\/#organization\"},\"alternateName\":\"Toute l'actualit\u00e9 de G\u00e9rardmer\",\"potentialAction\":[{\"@type\":\"SearchAction\",\"target\":{\"@type\":\"EntryPoint\",\"urlTemplate\":\"https:\/\/vosgesinfo.fr\/gerardmerinfo\/?s={search_term_string}\"},\"query-input\":\"required name=search_term_string\"}],\"inLanguage\":\"fr-FR\"},{\"@type\":\"Organization\",\"@id\":\"https:\/\/vosgesinfo.fr\/gerardmerinfo\/#organization\",\"name\":\"Gerardmer Info\",\"url\":\"https:\/\/vosgesinfo.fr\/gerardmerinfo\/\",\"logo\":{\"@type\":\"ImageObject\",\"inLanguage\":\"fr-FR\",\"@id\":\"https:\/\/vosgesinfo.fr\/gerardmerinfo\/#\/schema\/logo\/image\/\",\"url\":\"https:\/\/vosgesinfo.fr\/app\/uploads\/sites\/6\/2023\/08\/favicon-gerardmerinfo.png\",\"contentUrl\":\"https:\/\/vosgesinfo.fr\/app\/uploads\/sites\/6\/2023\/08\/favicon-gerardmerinfo.png\",\"width\":512,\"height\":512,\"caption\":\"Gerardmer Info\"},\"image\":{\"@id\":\"https:\/\/vosgesinfo.fr\/gerardmerinfo\/#\/schema\/logo\/image\/\"},\"sameAs\":[\"https:\/\/www.facebook.com\/profile.php?id=100049475262660\",\"https:\/\/x.com\/VosgesInfo88\",\"https:\/\/www.youtube.com\/@vosgesinfo\"]},{\"@type\":\"Person\",\"@id\":\"https:\/\/vosgesinfo.fr\/gerardmerinfo\/#\/schema\/person\/bb210d3430e59ff5cd247deaccb63615\",\"name\":\"I.N\",\"image\":{\"@type\":\"ImageObject\",\"inLanguage\":\"fr-FR\",\"@id\":\"https:\/\/vosgesinfo.fr\/gerardmerinfo\/#\/schema\/person\/image\/\",\"url\":\"https:\/\/secure.gravatar.com\/avatar\/612d5c20a39b1c8bc5675cc8e3d99e120730e7d080423fdafec485619845af71?s=96&d=mm&r=g\",\"contentUrl\":\"https:\/\/secure.gravatar.com\/avatar\/612d5c20a39b1c8bc5675cc8e3d99e120730e7d080423fdafec485619845af71?s=96&d=mm&r=g\",\"caption\":\"I.N\"},\"url\":\"https:\/\/vosgesinfo.fr\/gerardmerinfo\/author\/i-ngerardmer\/\"}]}<\/script>\n<!-- \/ Yoast SEO plugin. -->","yoast_head_json":{"title":"ASG Natation - Bilan positif pour cette ann\u00e9e de reprise - Gerardmer Info","robots":{"index":"index","follow":"follow","max-snippet":"max-snippet:-1","max-image-preview":"max-image-preview:large","max-video-preview":"max-video-preview:-1"},"canonical":"https:\/\/vosgesinfo.fr\/gerardmerinfo\/2024\/04\/asg-natation-bilan-positif-pour-cette-annee-de-reprise\/","twitter_card":"summary_large_image","twitter_title":"ASG Natation - Bilan positif pour cette ann\u00e9e de reprise - Gerardmer Info","twitter_description":"&nbsp; L\u2019Assembl\u00e9e G\u00e9n\u00e9rale de l\u2019AS G\u00e9rardmer Natation a eu lieu ce vendredi soir 12 avril \u00e0 la Base Nautique. Le [&hellip;]","twitter_image":"https:\/\/vosgesinfo.fr\/app\/uploads\/sites\/6\/2024\/04\/ag-club-de-natation-scaled.jpeg","twitter_creator":"@VosgesInfo88","twitter_site":"@VosgesInfo88","twitter_misc":{"\u00c9crit par":"I.N","Dur\u00e9e de lecture estim\u00e9e":"2 minutes"},"schema":{"@context":"https:\/\/schema.org","@graph":[{"@type":"Article","@id":"https:\/\/vosgesinfo.fr\/gerardmerinfo\/2024\/04\/asg-natation-bilan-positif-pour-cette-annee-de-reprise\/#article","isPartOf":{"@id":"https:\/\/vosgesinfo.fr\/gerardmerinfo\/2024\/04\/asg-natation-bilan-positif-pour-cette-annee-de-reprise\/"},"author":{"name":"I.N","@id":"https:\/\/vosgesinfo.fr\/gerardmerinfo\/#\/schema\/person\/bb210d3430e59ff5cd247deaccb63615"},"headline":"ASG Natation &#8211; Bilan positif pour cette ann\u00e9e de reprise","datePublished":"2024-04-15T03:58:50+00:00","dateModified":"2024-04-14T18:41:09+00:00","mainEntityOfPage":{"@id":"https:\/\/vosgesinfo.fr\/gerardmerinfo\/2024\/04\/asg-natation-bilan-positif-pour-cette-annee-de-reprise\/"},"wordCount":451,"commentCount":0,"publisher":{"@id":"https:\/\/vosgesinfo.fr\/gerardmerinfo\/#organization"},"image":{"@id":"https:\/\/vosgesinfo.fr\/gerardmerinfo\/2024\/04\/asg-natation-bilan-positif-pour-cette-annee-de-reprise\/#primaryimage"},"thumbnailUrl":"https:\/\/vosgesinfo.fr\/app\/uploads\/sites\/6\/2024\/04\/ag-club-de-natation-scaled.jpeg","keywords":["AS G\u00e9rardmer natation","Assembl\u00e9e G\u00e9n\u00e9rale"],"articleSection":["A la une","G\u00e9rardmer","Sport","Vie Associative"],"inLanguage":"fr-FR","potentialAction":[{"@type":"CommentAction","name":"Comment","target":["https:\/\/vosgesinfo.fr\/gerardmerinfo\/2024\/04\/asg-natation-bilan-positif-pour-cette-annee-de-reprise\/#respond"]}]},{"@type":"WebPage","@id":"https:\/\/vosgesinfo.fr\/gerardmerinfo\/2024\/04\/asg-natation-bilan-positif-pour-cette-annee-de-reprise\/","url":"https:\/\/vosgesinfo.fr\/gerardmerinfo\/2024\/04\/asg-natation-bilan-positif-pour-cette-annee-de-reprise\/","name":"ASG Natation - Bilan positif pour cette ann\u00e9e de reprise - Gerardmer Info","isPartOf":{"@id":"https:\/\/vosgesinfo.fr\/gerardmerinfo\/#website"},"primaryImageOfPage":{"@id":"https:\/\/vosgesinfo.fr\/gerardmerinfo\/2024\/04\/asg-natation-bilan-positif-pour-cette-annee-de-reprise\/#primaryimage"},"image":{"@id":"https:\/\/vosgesinfo.fr\/gerardmerinfo\/2024\/04\/asg-natation-bilan-positif-pour-cette-annee-de-reprise\/#primaryimage"},"thumbnailUrl":"https:\/\/vosgesinfo.fr\/app\/uploads\/sites\/6\/2024\/04\/ag-club-de-natation-scaled.jpeg","datePublished":"2024-04-15T03:58:50+00:00","dateModified":"2024-04-14T18:41:09+00:00","breadcrumb":{"@id":"https:\/\/vosgesinfo.fr\/gerardmerinfo\/2024\/04\/asg-natation-bilan-positif-pour-cette-annee-de-reprise\/#breadcrumb"},"inLanguage":"fr-FR","potentialAction":[{"@type":"ReadAction","target":["https:\/\/vosgesinfo.fr\/gerardmerinfo\/2024\/04\/asg-natation-bilan-positif-pour-cette-annee-de-reprise\/"]}]},{"@type":"ImageObject","inLanguage":"fr-FR","@id":"https:\/\/vosgesinfo.fr\/gerardmerinfo\/2024\/04\/asg-natation-bilan-positif-pour-cette-annee-de-reprise\/#primaryimage","url":"https:\/\/vosgesinfo.fr\/app\/uploads\/sites\/6\/2024\/04\/ag-club-de-natation-scaled.jpeg","contentUrl":"https:\/\/vosgesinfo.fr\/app\/uploads\/sites\/6\/2024\/04\/ag-club-de-natation-scaled.jpeg","width":2560,"height":2060},{"@type":"BreadcrumbList","@id":"https:\/\/vosgesinfo.fr\/gerardmerinfo\/2024\/04\/asg-natation-bilan-positif-pour-cette-annee-de-reprise\/#breadcrumb","itemListElement":[{"@type":"ListItem","position":1,"name":"Home","item":"https:\/\/vosgesinfo.fr\/gerardmerinfo\/"},{"@type":"ListItem","position":2,"name":"ASG Natation &#8211; Bilan positif pour cette ann\u00e9e de reprise"}]},{"@type":"WebSite","@id":"https:\/\/vosgesinfo.fr\/gerardmerinfo\/#website","url":"https:\/\/vosgesinfo.fr\/gerardmerinfo\/","name":"Gerardmer Info","description":"Toute l&#039;actualit\u00e9 de G\u00e9rardmer","publisher":{"@id":"https:\/\/vosgesinfo.fr\/gerardmerinfo\/#organization"},"alternateName":"Toute l'actualit\u00e9 de G\u00e9rardmer","potentialAction":[{"@type":"SearchAction","target":{"@type":"EntryPoint","urlTemplate":"https:\/\/vosgesinfo.fr\/gerardmerinfo\/?s={search_term_string}"},"query-input":"required name=search_term_string"}],"inLanguage":"fr-FR"},{"@type":"Organization","@id":"https:\/\/vosgesinfo.fr\/gerardmerinfo\/#organization","name":"Gerardmer Info","url":"https:\/\/vosgesinfo.fr\/gerardmerinfo\/","logo":{"@type":"ImageObject","inLanguage":"fr-FR","@id":"https:\/\/vosgesinfo.fr\/gerardmerinfo\/#\/schema\/logo\/image\/","url":"https:\/\/vosgesinfo.fr\/app\/uploads\/sites\/6\/2023\/08\/favicon-gerardmerinfo.png","contentUrl":"https:\/\/vosgesinfo.fr\/app\/uploads\/sites\/6\/2023\/08\/favicon-gerardmerinfo.png","width":512,"height":512,"caption":"Gerardmer Info"},"image":{"@id":"https:\/\/vosgesinfo.fr\/gerardmerinfo\/#\/schema\/logo\/image\/"},"sameAs":["https:\/\/www.facebook.com\/profile.php?id=100049475262660","https:\/\/x.com\/VosgesInfo88","https:\/\/www.youtube.com\/@vosgesinfo"]},{"@type":"Person","@id":"https:\/\/vosgesinfo.fr\/gerardmerinfo\/#\/schema\/person\/bb210d3430e59ff5cd247deaccb63615","name":"I.N","image":{"@type":"ImageObject","inLanguage":"fr-FR","@id":"https:\/\/vosgesinfo.fr\/gerardmerinfo\/#\/schema\/person\/image\/","url":"https:\/\/secure.gravatar.com\/avatar\/612d5c20a39b1c8bc5675cc8e3d99e120730e7d080423fdafec485619845af71?s=96&d=mm&r=g","contentUrl":"https:\/\/secure.gravatar.com\/avatar\/612d5c20a39b1c8bc5675cc8e3d99e120730e7d080423fdafec485619845af71?s=96&d=mm&r=g","caption":"I.N"},"url":"https:\/\/vosgesinfo.fr\/gerardmerinfo\/author\/i-ngerardmer\/"}]}},"_links":{"self":[{"href":"https:\/\/vosgesinfo.fr\/gerardmerinfo\/wp-json\/wp\/v2\/posts\/8115","targetHints":{"allow":["GET"]}}],"collection":[{"href":"https:\/\/vosgesinfo.fr\/gerardmerinfo\/wp-json\/wp\/v2\/posts"}],"about":[{"href":"https:\/\/vosgesinfo.fr\/gerardmerinfo\/wp-json\/wp\/v2\/types\/post"}],"author":[{"embeddable":true,"href":"https:\/\/vosgesinfo.fr\/gerardmerinfo\/wp-json\/wp\/v2\/users\/258"}],"replies":[{"embeddable":true,"href":"https:\/\/vosgesinfo.fr\/gerardmerinfo\/wp-json\/wp\/v2\/comments?post=8115"}],"version-history":[{"count":4,"href":"https:\/\/vosgesinfo.fr\/gerardmerinfo\/wp-json\/wp\/v2\/posts\/8115\/revisions"}],"predecessor-version":[{"id":8125,"href":"https:\/\/vosgesinfo.fr\/gerardmerinfo\/wp-json\/wp\/v2\/posts\/8115\/revisions\/8125"}],"wp:featuredmedia":[{"embeddable":true,"href":"https:\/\/vosgesinfo.fr\/gerardmerinfo\/wp-json\/wp\/v2\/media\/8117"}],"wp:attachment":[{"href":"https:\/\/vosgesinfo.fr\/gerardmerinfo\/wp-json\/wp\/v2\/media?parent=8115"}],"wp:term":[{"taxonomy":"category","embeddable":true,"href":"https:\/\/vosgesinfo.fr\/gerardmerinfo\/wp-json\/wp\/v2\/categories?post=8115"},{"taxonomy":"post_tag","embeddable":true,"href":"https:\/\/vosgesinfo.fr\/gerardmerinfo\/wp-json\/wp\/v2\/tags?post=8115"}],"curies":[{"name":"wp","href":"https:\/\/api.w.org\/{rel}","templated":true}]}}