{"id":8119,"date":"2024-04-14T19:44:33","date_gmt":"2024-04-14T17:44:33","guid":{"rendered":"https:\/\/vosgesinfo.fr\/gerardmerinfo\/?p=8119"},"modified":"2024-04-14T20:23:33","modified_gmt":"2024-04-14T18:23:33","slug":"deces-de-mme-valerie-poclet","status":"publish","type":"post","link":"https:\/\/vosgesinfo.fr\/gerardmerinfo\/2024\/04\/deces-de-mme-valerie-poclet\/","title":{"rendered":"D\u00e9c\u00e8s de Mme Val\u00e9rie Poclet"},"content":{"rendered":"<p align=\"center\"><span style=\"font-family: Times New Roman, serif;\"><span style=\"font-size: large;\"><b><a href=\"https:\/\/vosgesinfo.fr\/app\/uploads\/sites\/6\/2022\/05\/marchal-e1689088498333.jpg\"><img decoding=\"async\" class=\"aligncenter size-full wp-image-210\" src=\"https:\/\/vosgesinfo.fr\/app\/uploads\/sites\/6\/2022\/05\/marchal-e1689088498333.jpg\" alt=\"\" width=\"650\" height=\"130\" srcset=\"https:\/\/vosgesinfo.fr\/app\/uploads\/sites\/6\/2022\/05\/marchal-e1689088498333.jpg 650w, https:\/\/vosgesinfo.fr\/app\/uploads\/sites\/6\/2022\/05\/marchal-e1689088498333-300x60.jpg 300w\" sizes=\"(max-width: 650px) 100vw, 650px\" \/><\/a><\/b><\/span><\/span><\/p>\n<p align=\"center\">\n<p align=\"center\"><span style=\"font-family: Times New Roman, serif;\"><span style=\"font-size: large;\"><b>AVIS DE D\u00c9C\u00c8S<\/b><\/span><\/span><\/p>\n<p><span style=\"font-family: Times New Roman, serif;\">LES ARRENT\u00c9S- DE-CORCIEUX <\/span><\/p>\n<p><span style=\"font-family: Times New Roman, serif; font-size: 12pt;\"><a href=\"https:\/\/vosgesinfo.fr\/app\/uploads\/sites\/6\/2024\/04\/valerie-poclet.jpg\"><img decoding=\"async\" class=\"alignright size-medium wp-image-8120\" src=\"https:\/\/vosgesinfo.fr\/app\/uploads\/sites\/6\/2024\/04\/valerie-poclet-231x300.jpg\" alt=\"\" width=\"231\" height=\"300\" srcset=\"https:\/\/vosgesinfo.fr\/app\/uploads\/sites\/6\/2024\/04\/valerie-poclet-231x300.jpg 231w, https:\/\/vosgesinfo.fr\/app\/uploads\/sites\/6\/2024\/04\/valerie-poclet-788x1024.jpg 788w, https:\/\/vosgesinfo.fr\/app\/uploads\/sites\/6\/2024\/04\/valerie-poclet-768x998.jpg 768w, https:\/\/vosgesinfo.fr\/app\/uploads\/sites\/6\/2024\/04\/valerie-poclet.jpg 895w\" sizes=\"(max-width: 231px) 100vw, 231px\" \/><\/a>Monsieur Pascal POCLET<\/span><\/p>\n<p><span style=\"font-size: 12pt;\"><a name=\"_GoBack\"><\/a> <span style=\"font-family: Times New Roman, serif;\">Son \u00e9poux<\/span><\/span><\/p>\n<p><span style=\"font-size: 12pt;\"><span style=\"font-family: Times New Roman, serif;\">A<\/span><span style=\"font-family: Times New Roman, serif;\"><span id=\"Cadre1\" dir=\"ltr\"><\/span>mandine et Victor<\/span><\/span><\/p>\n<p><span style=\"font-family: Times New Roman, serif; font-size: 12pt;\">Alexandre et Audrey<\/span><\/p>\n<p><span style=\"font-family: Times New Roman, serif; font-size: 12pt;\">Ses enfants et leurs conjoints <\/span><\/p>\n<p><span style=\"font-family: Times New Roman, serif; font-size: 12pt;\">Monsieur et Madame Marie-France et Alain MOREL<\/span><\/p>\n<p><span style=\"font-family: Times New Roman, serif; font-size: 12pt;\">Ses parents<\/span><\/p>\n<p><span style=\"font-family: Times New Roman, serif; font-size: 12pt;\">Sonia et Sylvain<\/span><\/p>\n<p><span style=\"font-family: Times New Roman, serif; font-size: 12pt;\">Julien et Karine<\/span><\/p>\n<p><span style=\"font-family: Times New Roman, serif; font-size: 12pt;\">Sa s\u0153ur son fr\u00e8re et leurs conjoints<\/span><\/p>\n<p><span style=\"font-family: Times New Roman, serif; font-size: 12pt;\">Th\u00e9r\u00e8se et Didier<\/span><\/p>\n<p><span style=\"font-family: Times New Roman, serif; font-size: 12pt;\">Agn\u00e8s et Arnaud<\/span><\/p>\n<p><span style=\"font-family: Times New Roman, serif; font-size: 12pt;\">Ses belles- s\u0153urs et ses beaux-fr\u00e8res<\/span><\/p>\n<p><span style=\"font-family: Times New Roman, serif; font-size: 12pt;\">Christine et Bruno<\/span><\/p>\n<p><span style=\"font-family: Times New Roman, serif; font-size: 12pt;\">Ses amis.<\/span><\/p>\n<p><span style=\"font-family: Times New Roman, serif; font-size: 12pt;\">Ses tantes, Oncles<\/span><\/p>\n<p><span style=\"font-family: Times New Roman, serif; font-size: 12pt;\">Ni\u00e8ces, neveux, cousines et cousins.<\/span><\/p>\n<p><span style=\"font-family: Times New Roman, serif; font-size: 12pt;\">Toute la parent\u00e9, ses voisins et amis\u00a0<\/span><\/p>\n<p><span style=\"font-family: Times New Roman, serif;\"><span style=\"font-size: medium;\"><span style=\"font-size: 12pt;\">Ont la tristesse de vous faire part du d\u00e9c\u00e8s de<\/span> <\/span><\/span><\/p>\n<p align=\"center\"><span style=\"font-family: Times New Roman, serif;\"><span style=\"font-size: xx-large;\"><b>Madame Val\u00e9rie POCLET<\/b><\/span><\/span><\/p>\n<p align=\"center\"><span style=\"font-family: Times New Roman, serif;\"><span style=\"font-size: xx-large;\"><b>N\u00e9e MOREL <\/b><\/span><\/span><\/p>\n<p><span style=\"font-family: Times New Roman, serif; font-size: 12pt;\">Le 13 avril 2024 \u00e0 l\u2019\u00e2ge de 51 ans <\/span><\/p>\n<p><span style=\"font-family: Times New Roman, serif; font-size: 12pt;\">Une c\u00e9r\u00e9monie religieuse sera c\u00e9l\u00e9br\u00e9e le mardi 16 avril 2024 \u00e0 14h30 en l\u2019\u00e9glise Notre Dame de l\u2019Assomption de Corcieux.<\/span><\/p>\n<p><span style=\"font-family: Times New Roman, serif; font-size: 12pt;\">Selon sa volont\u00e9, son corps sera cr\u00e9matis\u00e9 au cr\u00e9matorium d\u2019Epinal.<\/span><\/p>\n<p><span style=\"font-family: Times New Roman, serif; font-size: 12pt;\">Val\u00e9rie repose au fun\u00e9rarium de Granges\/Aumontzey \u00e0 partir du lundi 15 avril 2024 de 14h \u00e0 18h et le mardi 16 avril 2024 jusqu\u2019\u00e0 12h.<\/span><\/p>\n<p><span style=\"font-family: Times New Roman, serif; font-size: 12pt;\">Val\u00e9rie \u00e9tait domicili\u00e9e 2, La Charmelle au Arrent\u00e8s de Corcieux.<\/span><\/p>\n<p><span style=\"font-family: Times New Roman, serif; font-size: 12pt;\">La famille remercie ses infirmi\u00e8res et le service de L\u2019 H-A-D.<\/span><\/p>\n<p><span style=\"font-family: Times New Roman, serif;\"><span style=\"font-size: large;\"><b>P as de fleurs coup\u00e9es ni de plaques.<\/b><\/span><\/span><\/p>\n<p><span style=\"font-family: Times New Roman, serif;\"><span style=\"font-size: large;\"><b>Cet avis tient lieu de faire-part et de remerciements<\/b><\/span><\/span><\/p>\n<p><span style=\"font-family: Times New Roman, serif;\"><span style=\"font-size: xx-small;\"><a href=\"https:\/\/vosgesinfo.fr\/app\/uploads\/sites\/6\/2024\/03\/logo-pf-marchal-fondblanc.jpeg\"><img decoding=\"async\" class=\"size-medium wp-image-7221 alignleft\" src=\"https:\/\/vosgesinfo.fr\/app\/uploads\/sites\/6\/2024\/03\/logo-pf-marchal-fondblanc-300x220.jpeg\" alt=\"\" width=\"300\" height=\"220\" srcset=\"https:\/\/vosgesinfo.fr\/app\/uploads\/sites\/6\/2024\/03\/logo-pf-marchal-fondblanc-300x220.jpeg 300w, https:\/\/vosgesinfo.fr\/app\/uploads\/sites\/6\/2024\/03\/logo-pf-marchal-fondblanc-1024x751.jpeg 1024w, https:\/\/vosgesinfo.fr\/app\/uploads\/sites\/6\/2024\/03\/logo-pf-marchal-fondblanc-768x563.jpeg 768w, https:\/\/vosgesinfo.fr\/app\/uploads\/sites\/6\/2024\/03\/logo-pf-marchal-fondblanc-1536x1126.jpeg 1536w, https:\/\/vosgesinfo.fr\/app\/uploads\/sites\/6\/2024\/03\/logo-pf-marchal-fondblanc.jpeg 1596w\" sizes=\"(max-width: 300px) 100vw, 300px\" \/><\/a><span style=\"font-size: 12pt;\">68, Boulevard de Saint-Di\u00e9 \u00e0 la Croisette<\/span><\/span><\/span><\/p>\n<p><span style=\"font-family: Times New Roman, serif; font-size: 12pt;\">88400 G\u00e9rardmer<\/span><\/p>\n<p><span style=\"font-family: Times New Roman, serif; font-size: 12pt;\">Tel 03.29.50.67.83\u00a0\/ 06\u00a0.12.88.84.62<\/span><\/p>\n<p><span style=\"color: #0563c1; font-size: 12pt;\"><a href=\"mailto:pompes-funebres-marchal@orange.fr\"><span style=\"color: #000000;\"><span style=\"font-family: Times New Roman, serif;\">pompes-funebres-marchal@orange.fr<\/span><\/span><\/a><\/span><\/p>\n<p><span style=\"color: #000000; font-size: 12pt;\"><span style=\"font-family: Times New Roman, serif;\"> www.pompes-funebres-marchal.fr<\/span><\/span><\/p>\n","protected":false},"excerpt":{"rendered":"<p>AVIS DE D\u00c9C\u00c8S LES ARRENT\u00c9S- DE-CORCIEUX Monsieur Pascal POCLET Son \u00e9poux Amandine et Victor Alexandre et Audrey Ses enfants et [&hellip;]<\/p>\n","protected":false},"author":1,"featured_media":213,"comment_status":"open","ping_status":"open","sticky":false,"template":"","format":"standard","meta":{"footnotes":""},"categories":[20,36,25],"tags":[],"class_list":["post-8119","post","type-post","status-publish","format-standard","has-post-thumbnail","hentry","category-a-la-une","category-avis-de-deces","category-gerardmer"],"acf":[],"yoast_head":"<!-- This site is optimized with the Yoast SEO plugin v22.5 - https:\/\/yoast.com\/wordpress\/plugins\/seo\/ -->\n<title>D\u00e9c\u00e8s de Mme Val\u00e9rie Poclet - Gerardmer Info<\/title>\n<meta name=\"robots\" content=\"index, follow, max-snippet:-1, max-image-preview:large, max-video-preview:-1\" \/>\n<link rel=\"canonical\" href=\"https:\/\/vosgesinfo.fr\/gerardmerinfo\/2024\/04\/deces-de-mme-valerie-poclet\/\" \/>\n<meta name=\"twitter:card\" content=\"summary_large_image\" \/>\n<meta name=\"twitter:title\" content=\"D\u00e9c\u00e8s de Mme Val\u00e9rie Poclet - Gerardmer Info\" \/>\n<meta name=\"twitter:description\" content=\"AVIS DE D\u00c9C\u00c8S LES ARRENT\u00c9S- DE-CORCIEUX Monsieur Pascal POCLET Son \u00e9poux Amandine et Victor Alexandre et Audrey Ses enfants et [&hellip;]\" \/>\n<meta name=\"twitter:image\" content=\"https:\/\/vosgesinfo.fr\/app\/uploads\/sites\/6\/2020\/09\/avis-de-decces-bougie.jpg\" \/>\n<meta name=\"twitter:creator\" content=\"@VosgesInfo88\" \/>\n<meta name=\"twitter:site\" content=\"@VosgesInfo88\" \/>\n<meta name=\"twitter:label1\" content=\"\u00c9crit par\" \/>\n\t<meta name=\"twitter:data1\" content=\"qs_admin\" \/>\n\t<meta name=\"twitter:label2\" content=\"Dur\u00e9e de lecture estim\u00e9e\" \/>\n\t<meta name=\"twitter:data2\" content=\"1 minute\" \/>\n<script type=\"application\/ld+json\" class=\"yoast-schema-graph\">{\"@context\":\"https:\/\/schema.org\",\"@graph\":[{\"@type\":\"Article\",\"@id\":\"https:\/\/vosgesinfo.fr\/gerardmerinfo\/2024\/04\/deces-de-mme-valerie-poclet\/#article\",\"isPartOf\":{\"@id\":\"https:\/\/vosgesinfo.fr\/gerardmerinfo\/2024\/04\/deces-de-mme-valerie-poclet\/\"},\"author\":{\"name\":\"qs_admin\",\"@id\":\"https:\/\/vosgesinfo.fr\/gerardmerinfo\/#\/schema\/person\/bc5d02d71e6932e81b6dadb7386667b1\"},\"headline\":\"D\u00e9c\u00e8s de Mme Val\u00e9rie Poclet\",\"datePublished\":\"2024-04-14T17:44:33+00:00\",\"dateModified\":\"2024-04-14T18:23:33+00:00\",\"mainEntityOfPage\":{\"@id\":\"https:\/\/vosgesinfo.fr\/gerardmerinfo\/2024\/04\/deces-de-mme-valerie-poclet\/\"},\"wordCount\":236,\"commentCount\":30,\"publisher\":{\"@id\":\"https:\/\/vosgesinfo.fr\/gerardmerinfo\/#organization\"},\"image\":{\"@id\":\"https:\/\/vosgesinfo.fr\/gerardmerinfo\/2024\/04\/deces-de-mme-valerie-poclet\/#primaryimage\"},\"thumbnailUrl\":\"https:\/\/vosgesinfo.fr\/app\/uploads\/sites\/6\/2020\/09\/avis-de-decces-bougie.jpg\",\"articleSection\":[\"A la une\",\"Avis de d\u00e9c\u00e8s\",\"G\u00e9rardmer\"],\"inLanguage\":\"fr-FR\",\"potentialAction\":[{\"@type\":\"CommentAction\",\"name\":\"Comment\",\"target\":[\"https:\/\/vosgesinfo.fr\/gerardmerinfo\/2024\/04\/deces-de-mme-valerie-poclet\/#respond\"]}]},{\"@type\":\"WebPage\",\"@id\":\"https:\/\/vosgesinfo.fr\/gerardmerinfo\/2024\/04\/deces-de-mme-valerie-poclet\/\",\"url\":\"https:\/\/vosgesinfo.fr\/gerardmerinfo\/2024\/04\/deces-de-mme-valerie-poclet\/\",\"name\":\"D\u00e9c\u00e8s de Mme Val\u00e9rie Poclet - Gerardmer Info\",\"isPartOf\":{\"@id\":\"https:\/\/vosgesinfo.fr\/gerardmerinfo\/#website\"},\"primaryImageOfPage\":{\"@id\":\"https:\/\/vosgesinfo.fr\/gerardmerinfo\/2024\/04\/deces-de-mme-valerie-poclet\/#primaryimage\"},\"image\":{\"@id\":\"https:\/\/vosgesinfo.fr\/gerardmerinfo\/2024\/04\/deces-de-mme-valerie-poclet\/#primaryimage\"},\"thumbnailUrl\":\"https:\/\/vosgesinfo.fr\/app\/uploads\/sites\/6\/2020\/09\/avis-de-decces-bougie.jpg\",\"datePublished\":\"2024-04-14T17:44:33+00:00\",\"dateModified\":\"2024-04-14T18:23:33+00:00\",\"breadcrumb\":{\"@id\":\"https:\/\/vosgesinfo.fr\/gerardmerinfo\/2024\/04\/deces-de-mme-valerie-poclet\/#breadcrumb\"},\"inLanguage\":\"fr-FR\",\"potentialAction\":[{\"@type\":\"ReadAction\",\"target\":[\"https:\/\/vosgesinfo.fr\/gerardmerinfo\/2024\/04\/deces-de-mme-valerie-poclet\/\"]}]},{\"@type\":\"ImageObject\",\"inLanguage\":\"fr-FR\",\"@id\":\"https:\/\/vosgesinfo.fr\/gerardmerinfo\/2024\/04\/deces-de-mme-valerie-poclet\/#primaryimage\",\"url\":\"https:\/\/vosgesinfo.fr\/app\/uploads\/sites\/6\/2020\/09\/avis-de-decces-bougie.jpg\",\"contentUrl\":\"https:\/\/vosgesinfo.fr\/app\/uploads\/sites\/6\/2020\/09\/avis-de-decces-bougie.jpg\",\"width\":700,\"height\":321},{\"@type\":\"BreadcrumbList\",\"@id\":\"https:\/\/vosgesinfo.fr\/gerardmerinfo\/2024\/04\/deces-de-mme-valerie-poclet\/#breadcrumb\",\"itemListElement\":[{\"@type\":\"ListItem\",\"position\":1,\"name\":\"Home\",\"item\":\"https:\/\/vosgesinfo.fr\/gerardmerinfo\/\"},{\"@type\":\"ListItem\",\"position\":2,\"name\":\"D\u00e9c\u00e8s de Mme Val\u00e9rie Poclet\"}]},{\"@type\":\"WebSite\",\"@id\":\"https:\/\/vosgesinfo.fr\/gerardmerinfo\/#website\",\"url\":\"https:\/\/vosgesinfo.fr\/gerardmerinfo\/\",\"name\":\"Gerardmer Info\",\"description\":\"Toute l&#039;actualit\u00e9 de G\u00e9rardmer\",\"publisher\":{\"@id\":\"https:\/\/vosgesinfo.fr\/gerardmerinfo\/#organization\"},\"alternateName\":\"Toute l'actualit\u00e9 de G\u00e9rardmer\",\"potentialAction\":[{\"@type\":\"SearchAction\",\"target\":{\"@type\":\"EntryPoint\",\"urlTemplate\":\"https:\/\/vosgesinfo.fr\/gerardmerinfo\/?s={search_term_string}\"},\"query-input\":\"required name=search_term_string\"}],\"inLanguage\":\"fr-FR\"},{\"@type\":\"Organization\",\"@id\":\"https:\/\/vosgesinfo.fr\/gerardmerinfo\/#organization\",\"name\":\"Gerardmer Info\",\"url\":\"https:\/\/vosgesinfo.fr\/gerardmerinfo\/\",\"logo\":{\"@type\":\"ImageObject\",\"inLanguage\":\"fr-FR\",\"@id\":\"https:\/\/vosgesinfo.fr\/gerardmerinfo\/#\/schema\/logo\/image\/\",\"url\":\"https:\/\/vosgesinfo.fr\/app\/uploads\/sites\/6\/2023\/08\/favicon-gerardmerinfo.png\",\"contentUrl\":\"https:\/\/vosgesinfo.fr\/app\/uploads\/sites\/6\/2023\/08\/favicon-gerardmerinfo.png\",\"width\":512,\"height\":512,\"caption\":\"Gerardmer Info\"},\"image\":{\"@id\":\"https:\/\/vosgesinfo.fr\/gerardmerinfo\/#\/schema\/logo\/image\/\"},\"sameAs\":[\"https:\/\/www.facebook.com\/profile.php?id=100049475262660\",\"https:\/\/x.com\/VosgesInfo88\",\"https:\/\/www.youtube.com\/@vosgesinfo\"]},{\"@type\":\"Person\",\"@id\":\"https:\/\/vosgesinfo.fr\/gerardmerinfo\/#\/schema\/person\/bc5d02d71e6932e81b6dadb7386667b1\",\"name\":\"qs_admin\",\"image\":{\"@type\":\"ImageObject\",\"inLanguage\":\"fr-FR\",\"@id\":\"https:\/\/vosgesinfo.fr\/gerardmerinfo\/#\/schema\/person\/image\/\",\"url\":\"https:\/\/secure.gravatar.com\/avatar\/94b18ee0ed79e4a42ea2f2931277b6841a8999fc6fde214600c78057cf1fe1de?s=96&d=mm&r=g\",\"contentUrl\":\"https:\/\/secure.gravatar.com\/avatar\/94b18ee0ed79e4a42ea2f2931277b6841a8999fc6fde214600c78057cf1fe1de?s=96&d=mm&r=g\",\"caption\":\"qs_admin\"},\"sameAs\":[\"https:\/\/vosgesinfo.fr\/wp\"],\"url\":\"https:\/\/vosgesinfo.fr\/gerardmerinfo\/author\/qs_admin\/\"}]}<\/script>\n<!-- \/ Yoast SEO plugin. -->","yoast_head_json":{"title":"D\u00e9c\u00e8s de Mme Val\u00e9rie Poclet - Gerardmer Info","robots":{"index":"index","follow":"follow","max-snippet":"max-snippet:-1","max-image-preview":"max-image-preview:large","max-video-preview":"max-video-preview:-1"},"canonical":"https:\/\/vosgesinfo.fr\/gerardmerinfo\/2024\/04\/deces-de-mme-valerie-poclet\/","twitter_card":"summary_large_image","twitter_title":"D\u00e9c\u00e8s de Mme Val\u00e9rie Poclet - Gerardmer Info","twitter_description":"AVIS DE D\u00c9C\u00c8S LES ARRENT\u00c9S- DE-CORCIEUX Monsieur Pascal POCLET Son \u00e9poux Amandine et Victor Alexandre et Audrey Ses enfants et [&hellip;]","twitter_image":"https:\/\/vosgesinfo.fr\/app\/uploads\/sites\/6\/2020\/09\/avis-de-decces-bougie.jpg","twitter_creator":"@VosgesInfo88","twitter_site":"@VosgesInfo88","twitter_misc":{"\u00c9crit par":"qs_admin","Dur\u00e9e de lecture estim\u00e9e":"1 minute"},"schema":{"@context":"https:\/\/schema.org","@graph":[{"@type":"Article","@id":"https:\/\/vosgesinfo.fr\/gerardmerinfo\/2024\/04\/deces-de-mme-valerie-poclet\/#article","isPartOf":{"@id":"https:\/\/vosgesinfo.fr\/gerardmerinfo\/2024\/04\/deces-de-mme-valerie-poclet\/"},"author":{"name":"qs_admin","@id":"https:\/\/vosgesinfo.fr\/gerardmerinfo\/#\/schema\/person\/bc5d02d71e6932e81b6dadb7386667b1"},"headline":"D\u00e9c\u00e8s de Mme Val\u00e9rie Poclet","datePublished":"2024-04-14T17:44:33+00:00","dateModified":"2024-04-14T18:23:33+00:00","mainEntityOfPage":{"@id":"https:\/\/vosgesinfo.fr\/gerardmerinfo\/2024\/04\/deces-de-mme-valerie-poclet\/"},"wordCount":236,"commentCount":30,"publisher":{"@id":"https:\/\/vosgesinfo.fr\/gerardmerinfo\/#organization"},"image":{"@id":"https:\/\/vosgesinfo.fr\/gerardmerinfo\/2024\/04\/deces-de-mme-valerie-poclet\/#primaryimage"},"thumbnailUrl":"https:\/\/vosgesinfo.fr\/app\/uploads\/sites\/6\/2020\/09\/avis-de-decces-bougie.jpg","articleSection":["A la une","Avis de d\u00e9c\u00e8s","G\u00e9rardmer"],"inLanguage":"fr-FR","potentialAction":[{"@type":"CommentAction","name":"Comment","target":["https:\/\/vosgesinfo.fr\/gerardmerinfo\/2024\/04\/deces-de-mme-valerie-poclet\/#respond"]}]},{"@type":"WebPage","@id":"https:\/\/vosgesinfo.fr\/gerardmerinfo\/2024\/04\/deces-de-mme-valerie-poclet\/","url":"https:\/\/vosgesinfo.fr\/gerardmerinfo\/2024\/04\/deces-de-mme-valerie-poclet\/","name":"D\u00e9c\u00e8s de Mme Val\u00e9rie Poclet - Gerardmer Info","isPartOf":{"@id":"https:\/\/vosgesinfo.fr\/gerardmerinfo\/#website"},"primaryImageOfPage":{"@id":"https:\/\/vosgesinfo.fr\/gerardmerinfo\/2024\/04\/deces-de-mme-valerie-poclet\/#primaryimage"},"image":{"@id":"https:\/\/vosgesinfo.fr\/gerardmerinfo\/2024\/04\/deces-de-mme-valerie-poclet\/#primaryimage"},"thumbnailUrl":"https:\/\/vosgesinfo.fr\/app\/uploads\/sites\/6\/2020\/09\/avis-de-decces-bougie.jpg","datePublished":"2024-04-14T17:44:33+00:00","dateModified":"2024-04-14T18:23:33+00:00","breadcrumb":{"@id":"https:\/\/vosgesinfo.fr\/gerardmerinfo\/2024\/04\/deces-de-mme-valerie-poclet\/#breadcrumb"},"inLanguage":"fr-FR","potentialAction":[{"@type":"ReadAction","target":["https:\/\/vosgesinfo.fr\/gerardmerinfo\/2024\/04\/deces-de-mme-valerie-poclet\/"]}]},{"@type":"ImageObject","inLanguage":"fr-FR","@id":"https:\/\/vosgesinfo.fr\/gerardmerinfo\/2024\/04\/deces-de-mme-valerie-poclet\/#primaryimage","url":"https:\/\/vosgesinfo.fr\/app\/uploads\/sites\/6\/2020\/09\/avis-de-decces-bougie.jpg","contentUrl":"https:\/\/vosgesinfo.fr\/app\/uploads\/sites\/6\/2020\/09\/avis-de-decces-bougie.jpg","width":700,"height":321},{"@type":"BreadcrumbList","@id":"https:\/\/vosgesinfo.fr\/gerardmerinfo\/2024\/04\/deces-de-mme-valerie-poclet\/#breadcrumb","itemListElement":[{"@type":"ListItem","position":1,"name":"Home","item":"https:\/\/vosgesinfo.fr\/gerardmerinfo\/"},{"@type":"ListItem","position":2,"name":"D\u00e9c\u00e8s de Mme Val\u00e9rie Poclet"}]},{"@type":"WebSite","@id":"https:\/\/vosgesinfo.fr\/gerardmerinfo\/#website","url":"https:\/\/vosgesinfo.fr\/gerardmerinfo\/","name":"Gerardmer Info","description":"Toute l&#039;actualit\u00e9 de G\u00e9rardmer","publisher":{"@id":"https:\/\/vosgesinfo.fr\/gerardmerinfo\/#organization"},"alternateName":"Toute l'actualit\u00e9 de G\u00e9rardmer","potentialAction":[{"@type":"SearchAction","target":{"@type":"EntryPoint","urlTemplate":"https:\/\/vosgesinfo.fr\/gerardmerinfo\/?s={search_term_string}"},"query-input":"required name=search_term_string"}],"inLanguage":"fr-FR"},{"@type":"Organization","@id":"https:\/\/vosgesinfo.fr\/gerardmerinfo\/#organization","name":"Gerardmer Info","url":"https:\/\/vosgesinfo.fr\/gerardmerinfo\/","logo":{"@type":"ImageObject","inLanguage":"fr-FR","@id":"https:\/\/vosgesinfo.fr\/gerardmerinfo\/#\/schema\/logo\/image\/","url":"https:\/\/vosgesinfo.fr\/app\/uploads\/sites\/6\/2023\/08\/favicon-gerardmerinfo.png","contentUrl":"https:\/\/vosgesinfo.fr\/app\/uploads\/sites\/6\/2023\/08\/favicon-gerardmerinfo.png","width":512,"height":512,"caption":"Gerardmer Info"},"image":{"@id":"https:\/\/vosgesinfo.fr\/gerardmerinfo\/#\/schema\/logo\/image\/"},"sameAs":["https:\/\/www.facebook.com\/profile.php?id=100049475262660","https:\/\/x.com\/VosgesInfo88","https:\/\/www.youtube.com\/@vosgesinfo"]},{"@type":"Person","@id":"https:\/\/vosgesinfo.fr\/gerardmerinfo\/#\/schema\/person\/bc5d02d71e6932e81b6dadb7386667b1","name":"qs_admin","image":{"@type":"ImageObject","inLanguage":"fr-FR","@id":"https:\/\/vosgesinfo.fr\/gerardmerinfo\/#\/schema\/person\/image\/","url":"https:\/\/secure.gravatar.com\/avatar\/94b18ee0ed79e4a42ea2f2931277b6841a8999fc6fde214600c78057cf1fe1de?s=96&d=mm&r=g","contentUrl":"https:\/\/secure.gravatar.com\/avatar\/94b18ee0ed79e4a42ea2f2931277b6841a8999fc6fde214600c78057cf1fe1de?s=96&d=mm&r=g","caption":"qs_admin"},"sameAs":["https:\/\/vosgesinfo.fr\/wp"],"url":"https:\/\/vosgesinfo.fr\/gerardmerinfo\/author\/qs_admin\/"}]}},"_links":{"self":[{"href":"https:\/\/vosgesinfo.fr\/gerardmerinfo\/wp-json\/wp\/v2\/posts\/8119","targetHints":{"allow":["GET"]}}],"collection":[{"href":"https:\/\/vosgesinfo.fr\/gerardmerinfo\/wp-json\/wp\/v2\/posts"}],"about":[{"href":"https:\/\/vosgesinfo.fr\/gerardmerinfo\/wp-json\/wp\/v2\/types\/post"}],"author":[{"embeddable":true,"href":"https:\/\/vosgesinfo.fr\/gerardmerinfo\/wp-json\/wp\/v2\/users\/1"}],"replies":[{"embeddable":true,"href":"https:\/\/vosgesinfo.fr\/gerardmerinfo\/wp-json\/wp\/v2\/comments?post=8119"}],"version-history":[{"count":1,"href":"https:\/\/vosgesinfo.fr\/gerardmerinfo\/wp-json\/wp\/v2\/posts\/8119\/revisions"}],"predecessor-version":[{"id":8121,"href":"https:\/\/vosgesinfo.fr\/gerardmerinfo\/wp-json\/wp\/v2\/posts\/8119\/revisions\/8121"}],"wp:featuredmedia":[{"embeddable":true,"href":"https:\/\/vosgesinfo.fr\/gerardmerinfo\/wp-json\/wp\/v2\/media\/213"}],"wp:attachment":[{"href":"https:\/\/vosgesinfo.fr\/gerardmerinfo\/wp-json\/wp\/v2\/media?parent=8119"}],"wp:term":[{"taxonomy":"category","embeddable":true,"href":"https:\/\/vosgesinfo.fr\/gerardmerinfo\/wp-json\/wp\/v2\/categories?post=8119"},{"taxonomy":"post_tag","embeddable":true,"href":"https:\/\/vosgesinfo.fr\/gerardmerinfo\/wp-json\/wp\/v2\/tags?post=8119"}],"curies":[{"name":"wp","href":"https:\/\/api.w.org\/{rel}","templated":true}]}}