{"id":81766,"date":"2025-08-29T09:52:35","date_gmt":"2025-08-29T07:52:35","guid":{"rendered":"https:\/\/vosgesinfo.fr\/gerardmerinfo\/?p=81766"},"modified":"2025-08-29T12:36:07","modified_gmt":"2025-08-29T10:36:07","slug":"le-secteur-montagne-grand-absent-de-la-chanson-de-jeane-manson","status":"publish","type":"post","link":"https:\/\/vosgesinfo.fr\/gerardmerinfo\/2025\/08\/le-secteur-montagne-grand-absent-de-la-chanson-de-jeane-manson\/","title":{"rendered":"Le secteur \u00ab montagne \u00bb : grand absent de la chanson de Jeane Manson"},"content":{"rendered":"<p>&nbsp;<\/p>\n<p class=\"western\" align=\"left\">L\u2019art est toujours sujet \u00e0 critique et il y a souvent de la <span lang=\"fr-FR\">subjectivit\u00e9 dans son appr\u00e9ciation\/\u00e9valuation. C\u2019est donc sans surprise que la chanson de Jeane Manson \u00ab\u00a0<em>Je vois la vie en Vosges\u00a0<\/em>\u00bb poss\u00e8de d\u00e9j\u00e0 ses promoteurs et ses d\u00e9tracteurs. Joli clin d\u2019\u0153il au lien entre Saint-Di\u00e9 et les \u00c9tats Unis pour certains, d\u00e9ception pour d&rsquo;autres de ne pas voir la t\u00e2che confi\u00e9e \u00e0 un(e) artiste plus local(e) : les arguments ne manquent pas.<\/span><\/p>\n<p class=\"western\" align=\"left\"><span lang=\"fr-FR\">N\u00e9anmoins, une question se pose pour certains auditeurs (accompagn\u00e9e l\u00e0 aussi, souvent, de quelques regrets) : comment se fait-il que la chanteuse et auteure des paroles ait omis de faire une petite place aux villes situ\u00e9es dans les montagnes vosgiennes ? Pas de G\u00e9rardmer, pas plus de La Bresse. Pourtant, au niveau touristique, comme le rappelait r\u00e9cemment le maire de la perle des Vosges, \u00ab\u00a0<em>le secteur \u00a0\u00bbmontagne\u00a0\u00bb repr\u00e9sente tout de m\u00eame les trois quarts des nuit\u00e9es sur le territoire vosgiens\u2026<\/em> \u00bb Alors, serait-ce un point de vue un peu chauvin des montagnards marris de s\u2019\u00eatre fais squeezer ? Peut-\u00eatre, peut-\u00eatre pas, l\u00e0 encore, \u00e7a se discute. <\/span><\/p>\n<p class=\"western\" align=\"left\">Et comme le pr\u00e9cise Fran\u00e7ois Vannson, pr\u00e9sident du conseil d\u00e9partemental, sur les r\u00e9seaux\u00a0: \u00ab\u00a0<i>Cette initiative a pour objectif de promouvoir les Vosges\u00a0<\/i>\u00bb. Toutes les Vosges\u00a0?\u00a0; se demandent certains Vosgiens qui n\u2019habitent pas forc\u00e9ment les hauts. Concernant le co\u00fbt de l\u2019op\u00e9ration, qui int\u00e9resse forc\u00e9ment les auditeurs de la chanson, \u00ab\u00a0<i>L&rsquo;artiste percevra une r\u00e9mun\u00e9ration par un reversement \u00ab\u00a0via\u00a0\u00bb les plateformes. (\u2026) Le co\u00fbt de l&rsquo;op\u00e9ration est de 1500 \u20ac par an sur 10 ans ! Nous sommes propri\u00e9taires des droits ce qui est raisonnable !\u00a0<\/i>\u00bb ajoute Fran\u00e7ois Vannson. L\u2019avenir le dira\u00a0!<\/p>\n","protected":false},"excerpt":{"rendered":"<p>&nbsp; L\u2019art est toujours sujet \u00e0 critique et il y a souvent de la subjectivit\u00e9 dans son appr\u00e9ciation\/\u00e9valuation. C\u2019est donc [&hellip;]<\/p>\n","protected":false},"author":42,"featured_media":65315,"comment_status":"closed","ping_status":"open","sticky":false,"template":"","format":"standard","meta":{"footnotes":""},"categories":[20,878,5647,328,868,946],"tags":[],"class_list":["post-81766","post","type-post","status-publish","format-standard","has-post-thumbnail","hentry","category-a-la-une","category-epinal","category-gerardmer-autres-sites","category-la-plaine-des-vosges","category-remiremont","category-saint-die"],"acf":[],"yoast_head":"<!-- This site is optimized with the Yoast SEO plugin v22.5 - https:\/\/yoast.com\/wordpress\/plugins\/seo\/ -->\n<title>Le secteur \u00ab montagne \u00bb : grand absent de la chanson de Jeane Manson - Gerardmer Info<\/title>\n<meta name=\"robots\" content=\"index, follow, max-snippet:-1, max-image-preview:large, max-video-preview:-1\" \/>\n<link rel=\"canonical\" href=\"https:\/\/vosgesinfo.fr\/gerardmerinfo\/2025\/08\/le-secteur-montagne-grand-absent-de-la-chanson-de-jeane-manson\/\" \/>\n<meta name=\"twitter:card\" content=\"summary_large_image\" \/>\n<meta name=\"twitter:title\" content=\"Le secteur \u00ab montagne \u00bb : grand absent de la chanson de Jeane Manson - Gerardmer Info\" \/>\n<meta name=\"twitter:description\" content=\"&nbsp; L\u2019art est toujours sujet \u00e0 critique et il y a souvent de la subjectivit\u00e9 dans son appr\u00e9ciation\/\u00e9valuation. C\u2019est donc [&hellip;]\" \/>\n<meta name=\"twitter:image\" content=\"https:\/\/vosgesinfo.fr\/app\/uploads\/sites\/6\/2024\/07\/202104xettes-hiver-5.jpg\" \/>\n<meta name=\"twitter:creator\" content=\"@VosgesInfo88\" \/>\n<meta name=\"twitter:site\" content=\"@VosgesInfo88\" \/>\n<meta name=\"twitter:label1\" content=\"\u00c9crit par\" \/>\n\t<meta name=\"twitter:data1\" content=\"QG\" \/>\n\t<meta name=\"twitter:label2\" content=\"Dur\u00e9e de lecture estim\u00e9e\" \/>\n\t<meta name=\"twitter:data2\" content=\"2 minutes\" \/>\n<script type=\"application\/ld+json\" class=\"yoast-schema-graph\">{\"@context\":\"https:\/\/schema.org\",\"@graph\":[{\"@type\":\"Article\",\"@id\":\"https:\/\/vosgesinfo.fr\/gerardmerinfo\/2025\/08\/le-secteur-montagne-grand-absent-de-la-chanson-de-jeane-manson\/#article\",\"isPartOf\":{\"@id\":\"https:\/\/vosgesinfo.fr\/gerardmerinfo\/2025\/08\/le-secteur-montagne-grand-absent-de-la-chanson-de-jeane-manson\/\"},\"author\":{\"name\":\"QG\",\"@id\":\"https:\/\/vosgesinfo.fr\/gerardmerinfo\/#\/schema\/person\/db5605779a843dad16b5368f3e7613a5\"},\"headline\":\"Le secteur \u00ab montagne \u00bb : grand absent de la chanson de Jeane Manson\",\"datePublished\":\"2025-08-29T07:52:35+00:00\",\"dateModified\":\"2025-08-29T10:36:07+00:00\",\"mainEntityOfPage\":{\"@id\":\"https:\/\/vosgesinfo.fr\/gerardmerinfo\/2025\/08\/le-secteur-montagne-grand-absent-de-la-chanson-de-jeane-manson\/\"},\"wordCount\":314,\"publisher\":{\"@id\":\"https:\/\/vosgesinfo.fr\/gerardmerinfo\/#organization\"},\"image\":{\"@id\":\"https:\/\/vosgesinfo.fr\/gerardmerinfo\/2025\/08\/le-secteur-montagne-grand-absent-de-la-chanson-de-jeane-manson\/#primaryimage\"},\"thumbnailUrl\":\"https:\/\/vosgesinfo.fr\/app\/uploads\/sites\/6\/2024\/07\/202104xettes-hiver-5.jpg\",\"articleSection\":[\"A la une\",\"Epinal\",\"Gerardmer\",\"La plaine des vosges\",\"Remiremont\",\"Saint-di\u00e9\"],\"inLanguage\":\"fr-FR\"},{\"@type\":\"WebPage\",\"@id\":\"https:\/\/vosgesinfo.fr\/gerardmerinfo\/2025\/08\/le-secteur-montagne-grand-absent-de-la-chanson-de-jeane-manson\/\",\"url\":\"https:\/\/vosgesinfo.fr\/gerardmerinfo\/2025\/08\/le-secteur-montagne-grand-absent-de-la-chanson-de-jeane-manson\/\",\"name\":\"Le secteur \u00ab montagne \u00bb : grand absent de la chanson de Jeane Manson - Gerardmer Info\",\"isPartOf\":{\"@id\":\"https:\/\/vosgesinfo.fr\/gerardmerinfo\/#website\"},\"primaryImageOfPage\":{\"@id\":\"https:\/\/vosgesinfo.fr\/gerardmerinfo\/2025\/08\/le-secteur-montagne-grand-absent-de-la-chanson-de-jeane-manson\/#primaryimage\"},\"image\":{\"@id\":\"https:\/\/vosgesinfo.fr\/gerardmerinfo\/2025\/08\/le-secteur-montagne-grand-absent-de-la-chanson-de-jeane-manson\/#primaryimage\"},\"thumbnailUrl\":\"https:\/\/vosgesinfo.fr\/app\/uploads\/sites\/6\/2024\/07\/202104xettes-hiver-5.jpg\",\"datePublished\":\"2025-08-29T07:52:35+00:00\",\"dateModified\":\"2025-08-29T10:36:07+00:00\",\"breadcrumb\":{\"@id\":\"https:\/\/vosgesinfo.fr\/gerardmerinfo\/2025\/08\/le-secteur-montagne-grand-absent-de-la-chanson-de-jeane-manson\/#breadcrumb\"},\"inLanguage\":\"fr-FR\",\"potentialAction\":[{\"@type\":\"ReadAction\",\"target\":[\"https:\/\/vosgesinfo.fr\/gerardmerinfo\/2025\/08\/le-secteur-montagne-grand-absent-de-la-chanson-de-jeane-manson\/\"]}]},{\"@type\":\"ImageObject\",\"inLanguage\":\"fr-FR\",\"@id\":\"https:\/\/vosgesinfo.fr\/gerardmerinfo\/2025\/08\/le-secteur-montagne-grand-absent-de-la-chanson-de-jeane-manson\/#primaryimage\",\"url\":\"https:\/\/vosgesinfo.fr\/app\/uploads\/sites\/6\/2024\/07\/202104xettes-hiver-5.jpg\",\"contentUrl\":\"https:\/\/vosgesinfo.fr\/app\/uploads\/sites\/6\/2024\/07\/202104xettes-hiver-5.jpg\",\"width\":800,\"height\":600},{\"@type\":\"BreadcrumbList\",\"@id\":\"https:\/\/vosgesinfo.fr\/gerardmerinfo\/2025\/08\/le-secteur-montagne-grand-absent-de-la-chanson-de-jeane-manson\/#breadcrumb\",\"itemListElement\":[{\"@type\":\"ListItem\",\"position\":1,\"name\":\"Home\",\"item\":\"https:\/\/vosgesinfo.fr\/gerardmerinfo\/\"},{\"@type\":\"ListItem\",\"position\":2,\"name\":\"Le secteur \u00ab montagne \u00bb : grand absent de la chanson de Jeane Manson\"}]},{\"@type\":\"WebSite\",\"@id\":\"https:\/\/vosgesinfo.fr\/gerardmerinfo\/#website\",\"url\":\"https:\/\/vosgesinfo.fr\/gerardmerinfo\/\",\"name\":\"Gerardmer Info\",\"description\":\"Toute l&#039;actualit\u00e9 de G\u00e9rardmer\",\"publisher\":{\"@id\":\"https:\/\/vosgesinfo.fr\/gerardmerinfo\/#organization\"},\"alternateName\":\"Toute l'actualit\u00e9 de G\u00e9rardmer\",\"potentialAction\":[{\"@type\":\"SearchAction\",\"target\":{\"@type\":\"EntryPoint\",\"urlTemplate\":\"https:\/\/vosgesinfo.fr\/gerardmerinfo\/?s={search_term_string}\"},\"query-input\":\"required name=search_term_string\"}],\"inLanguage\":\"fr-FR\"},{\"@type\":\"Organization\",\"@id\":\"https:\/\/vosgesinfo.fr\/gerardmerinfo\/#organization\",\"name\":\"Gerardmer Info\",\"url\":\"https:\/\/vosgesinfo.fr\/gerardmerinfo\/\",\"logo\":{\"@type\":\"ImageObject\",\"inLanguage\":\"fr-FR\",\"@id\":\"https:\/\/vosgesinfo.fr\/gerardmerinfo\/#\/schema\/logo\/image\/\",\"url\":\"https:\/\/vosgesinfo.fr\/app\/uploads\/sites\/6\/2023\/08\/favicon-gerardmerinfo.png\",\"contentUrl\":\"https:\/\/vosgesinfo.fr\/app\/uploads\/sites\/6\/2023\/08\/favicon-gerardmerinfo.png\",\"width\":512,\"height\":512,\"caption\":\"Gerardmer Info\"},\"image\":{\"@id\":\"https:\/\/vosgesinfo.fr\/gerardmerinfo\/#\/schema\/logo\/image\/\"},\"sameAs\":[\"https:\/\/www.facebook.com\/profile.php?id=100049475262660\",\"https:\/\/x.com\/VosgesInfo88\",\"https:\/\/www.youtube.com\/@vosgesinfo\"]},{\"@type\":\"Person\",\"@id\":\"https:\/\/vosgesinfo.fr\/gerardmerinfo\/#\/schema\/person\/db5605779a843dad16b5368f3e7613a5\",\"name\":\"QG\",\"image\":{\"@type\":\"ImageObject\",\"inLanguage\":\"fr-FR\",\"@id\":\"https:\/\/vosgesinfo.fr\/gerardmerinfo\/#\/schema\/person\/image\/\",\"url\":\"https:\/\/secure.gravatar.com\/avatar\/ea80c42c204b534408512832fde52504ecabb9706bcb6151cf6175e5b64e6793?s=96&d=mm&r=g\",\"contentUrl\":\"https:\/\/secure.gravatar.com\/avatar\/ea80c42c204b534408512832fde52504ecabb9706bcb6151cf6175e5b64e6793?s=96&d=mm&r=g\",\"caption\":\"QG\"},\"url\":\"https:\/\/vosgesinfo.fr\/gerardmerinfo\/author\/quentin88\/\"}]}<\/script>\n<!-- \/ Yoast SEO plugin. -->","yoast_head_json":{"title":"Le secteur \u00ab montagne \u00bb : grand absent de la chanson de Jeane Manson - Gerardmer Info","robots":{"index":"index","follow":"follow","max-snippet":"max-snippet:-1","max-image-preview":"max-image-preview:large","max-video-preview":"max-video-preview:-1"},"canonical":"https:\/\/vosgesinfo.fr\/gerardmerinfo\/2025\/08\/le-secteur-montagne-grand-absent-de-la-chanson-de-jeane-manson\/","twitter_card":"summary_large_image","twitter_title":"Le secteur \u00ab montagne \u00bb : grand absent de la chanson de Jeane Manson - Gerardmer Info","twitter_description":"&nbsp; L\u2019art est toujours sujet \u00e0 critique et il y a souvent de la subjectivit\u00e9 dans son appr\u00e9ciation\/\u00e9valuation. C\u2019est donc [&hellip;]","twitter_image":"https:\/\/vosgesinfo.fr\/app\/uploads\/sites\/6\/2024\/07\/202104xettes-hiver-5.jpg","twitter_creator":"@VosgesInfo88","twitter_site":"@VosgesInfo88","twitter_misc":{"\u00c9crit par":"QG","Dur\u00e9e de lecture estim\u00e9e":"2 minutes"},"schema":{"@context":"https:\/\/schema.org","@graph":[{"@type":"Article","@id":"https:\/\/vosgesinfo.fr\/gerardmerinfo\/2025\/08\/le-secteur-montagne-grand-absent-de-la-chanson-de-jeane-manson\/#article","isPartOf":{"@id":"https:\/\/vosgesinfo.fr\/gerardmerinfo\/2025\/08\/le-secteur-montagne-grand-absent-de-la-chanson-de-jeane-manson\/"},"author":{"name":"QG","@id":"https:\/\/vosgesinfo.fr\/gerardmerinfo\/#\/schema\/person\/db5605779a843dad16b5368f3e7613a5"},"headline":"Le secteur \u00ab montagne \u00bb : grand absent de la chanson de Jeane Manson","datePublished":"2025-08-29T07:52:35+00:00","dateModified":"2025-08-29T10:36:07+00:00","mainEntityOfPage":{"@id":"https:\/\/vosgesinfo.fr\/gerardmerinfo\/2025\/08\/le-secteur-montagne-grand-absent-de-la-chanson-de-jeane-manson\/"},"wordCount":314,"publisher":{"@id":"https:\/\/vosgesinfo.fr\/gerardmerinfo\/#organization"},"image":{"@id":"https:\/\/vosgesinfo.fr\/gerardmerinfo\/2025\/08\/le-secteur-montagne-grand-absent-de-la-chanson-de-jeane-manson\/#primaryimage"},"thumbnailUrl":"https:\/\/vosgesinfo.fr\/app\/uploads\/sites\/6\/2024\/07\/202104xettes-hiver-5.jpg","articleSection":["A la une","Epinal","Gerardmer","La plaine des vosges","Remiremont","Saint-di\u00e9"],"inLanguage":"fr-FR"},{"@type":"WebPage","@id":"https:\/\/vosgesinfo.fr\/gerardmerinfo\/2025\/08\/le-secteur-montagne-grand-absent-de-la-chanson-de-jeane-manson\/","url":"https:\/\/vosgesinfo.fr\/gerardmerinfo\/2025\/08\/le-secteur-montagne-grand-absent-de-la-chanson-de-jeane-manson\/","name":"Le secteur \u00ab montagne \u00bb : grand absent de la chanson de Jeane Manson - Gerardmer Info","isPartOf":{"@id":"https:\/\/vosgesinfo.fr\/gerardmerinfo\/#website"},"primaryImageOfPage":{"@id":"https:\/\/vosgesinfo.fr\/gerardmerinfo\/2025\/08\/le-secteur-montagne-grand-absent-de-la-chanson-de-jeane-manson\/#primaryimage"},"image":{"@id":"https:\/\/vosgesinfo.fr\/gerardmerinfo\/2025\/08\/le-secteur-montagne-grand-absent-de-la-chanson-de-jeane-manson\/#primaryimage"},"thumbnailUrl":"https:\/\/vosgesinfo.fr\/app\/uploads\/sites\/6\/2024\/07\/202104xettes-hiver-5.jpg","datePublished":"2025-08-29T07:52:35+00:00","dateModified":"2025-08-29T10:36:07+00:00","breadcrumb":{"@id":"https:\/\/vosgesinfo.fr\/gerardmerinfo\/2025\/08\/le-secteur-montagne-grand-absent-de-la-chanson-de-jeane-manson\/#breadcrumb"},"inLanguage":"fr-FR","potentialAction":[{"@type":"ReadAction","target":["https:\/\/vosgesinfo.fr\/gerardmerinfo\/2025\/08\/le-secteur-montagne-grand-absent-de-la-chanson-de-jeane-manson\/"]}]},{"@type":"ImageObject","inLanguage":"fr-FR","@id":"https:\/\/vosgesinfo.fr\/gerardmerinfo\/2025\/08\/le-secteur-montagne-grand-absent-de-la-chanson-de-jeane-manson\/#primaryimage","url":"https:\/\/vosgesinfo.fr\/app\/uploads\/sites\/6\/2024\/07\/202104xettes-hiver-5.jpg","contentUrl":"https:\/\/vosgesinfo.fr\/app\/uploads\/sites\/6\/2024\/07\/202104xettes-hiver-5.jpg","width":800,"height":600},{"@type":"BreadcrumbList","@id":"https:\/\/vosgesinfo.fr\/gerardmerinfo\/2025\/08\/le-secteur-montagne-grand-absent-de-la-chanson-de-jeane-manson\/#breadcrumb","itemListElement":[{"@type":"ListItem","position":1,"name":"Home","item":"https:\/\/vosgesinfo.fr\/gerardmerinfo\/"},{"@type":"ListItem","position":2,"name":"Le secteur \u00ab montagne \u00bb : grand absent de la chanson de Jeane Manson"}]},{"@type":"WebSite","@id":"https:\/\/vosgesinfo.fr\/gerardmerinfo\/#website","url":"https:\/\/vosgesinfo.fr\/gerardmerinfo\/","name":"Gerardmer Info","description":"Toute l&#039;actualit\u00e9 de G\u00e9rardmer","publisher":{"@id":"https:\/\/vosgesinfo.fr\/gerardmerinfo\/#organization"},"alternateName":"Toute l'actualit\u00e9 de G\u00e9rardmer","potentialAction":[{"@type":"SearchAction","target":{"@type":"EntryPoint","urlTemplate":"https:\/\/vosgesinfo.fr\/gerardmerinfo\/?s={search_term_string}"},"query-input":"required name=search_term_string"}],"inLanguage":"fr-FR"},{"@type":"Organization","@id":"https:\/\/vosgesinfo.fr\/gerardmerinfo\/#organization","name":"Gerardmer Info","url":"https:\/\/vosgesinfo.fr\/gerardmerinfo\/","logo":{"@type":"ImageObject","inLanguage":"fr-FR","@id":"https:\/\/vosgesinfo.fr\/gerardmerinfo\/#\/schema\/logo\/image\/","url":"https:\/\/vosgesinfo.fr\/app\/uploads\/sites\/6\/2023\/08\/favicon-gerardmerinfo.png","contentUrl":"https:\/\/vosgesinfo.fr\/app\/uploads\/sites\/6\/2023\/08\/favicon-gerardmerinfo.png","width":512,"height":512,"caption":"Gerardmer Info"},"image":{"@id":"https:\/\/vosgesinfo.fr\/gerardmerinfo\/#\/schema\/logo\/image\/"},"sameAs":["https:\/\/www.facebook.com\/profile.php?id=100049475262660","https:\/\/x.com\/VosgesInfo88","https:\/\/www.youtube.com\/@vosgesinfo"]},{"@type":"Person","@id":"https:\/\/vosgesinfo.fr\/gerardmerinfo\/#\/schema\/person\/db5605779a843dad16b5368f3e7613a5","name":"QG","image":{"@type":"ImageObject","inLanguage":"fr-FR","@id":"https:\/\/vosgesinfo.fr\/gerardmerinfo\/#\/schema\/person\/image\/","url":"https:\/\/secure.gravatar.com\/avatar\/ea80c42c204b534408512832fde52504ecabb9706bcb6151cf6175e5b64e6793?s=96&d=mm&r=g","contentUrl":"https:\/\/secure.gravatar.com\/avatar\/ea80c42c204b534408512832fde52504ecabb9706bcb6151cf6175e5b64e6793?s=96&d=mm&r=g","caption":"QG"},"url":"https:\/\/vosgesinfo.fr\/gerardmerinfo\/author\/quentin88\/"}]}},"_links":{"self":[{"href":"https:\/\/vosgesinfo.fr\/gerardmerinfo\/wp-json\/wp\/v2\/posts\/81766","targetHints":{"allow":["GET"]}}],"collection":[{"href":"https:\/\/vosgesinfo.fr\/gerardmerinfo\/wp-json\/wp\/v2\/posts"}],"about":[{"href":"https:\/\/vosgesinfo.fr\/gerardmerinfo\/wp-json\/wp\/v2\/types\/post"}],"author":[{"embeddable":true,"href":"https:\/\/vosgesinfo.fr\/gerardmerinfo\/wp-json\/wp\/v2\/users\/42"}],"replies":[{"embeddable":true,"href":"https:\/\/vosgesinfo.fr\/gerardmerinfo\/wp-json\/wp\/v2\/comments?post=81766"}],"version-history":[{"count":4,"href":"https:\/\/vosgesinfo.fr\/gerardmerinfo\/wp-json\/wp\/v2\/posts\/81766\/revisions"}],"predecessor-version":[{"id":81785,"href":"https:\/\/vosgesinfo.fr\/gerardmerinfo\/wp-json\/wp\/v2\/posts\/81766\/revisions\/81785"}],"wp:featuredmedia":[{"embeddable":true,"href":"https:\/\/vosgesinfo.fr\/gerardmerinfo\/wp-json\/wp\/v2\/media\/65315"}],"wp:attachment":[{"href":"https:\/\/vosgesinfo.fr\/gerardmerinfo\/wp-json\/wp\/v2\/media?parent=81766"}],"wp:term":[{"taxonomy":"category","embeddable":true,"href":"https:\/\/vosgesinfo.fr\/gerardmerinfo\/wp-json\/wp\/v2\/categories?post=81766"},{"taxonomy":"post_tag","embeddable":true,"href":"https:\/\/vosgesinfo.fr\/gerardmerinfo\/wp-json\/wp\/v2\/tags?post=81766"}],"curies":[{"name":"wp","href":"https:\/\/api.w.org\/{rel}","templated":true}]}}