{"id":81768,"date":"2025-08-29T11:06:42","date_gmt":"2025-08-29T09:06:42","guid":{"rendered":"https:\/\/vosgesinfo.fr\/gerardmerinfo\/?p=81768"},"modified":"2025-08-29T10:46:58","modified_gmt":"2025-08-29T08:46:58","slug":"rentree-a-la-haie-griselle-une-stabilite-pour-construire-ensemble","status":"publish","type":"post","link":"https:\/\/vosgesinfo.fr\/gerardmerinfo\/2025\/08\/rentree-a-la-haie-griselle-une-stabilite-pour-construire-ensemble\/","title":{"rendered":"Rentr\u00e9e \u00e0 la Haie Griselle\u00a0: une stabilit\u00e9 pour construire ensemble"},"content":{"rendered":"<div id=\"attachment_81771\" style=\"width: 1034px\" class=\"wp-caption aligncenter\"><a href=\"https:\/\/vosgesinfo.fr\/app\/uploads\/sites\/6\/2025\/08\/rentree-haie-griselle-2025-3-scaled.jpeg\"><img decoding=\"async\" aria-describedby=\"caption-attachment-81771\" class=\"wp-image-81771 size-large\" src=\"https:\/\/vosgesinfo.fr\/app\/uploads\/sites\/6\/2025\/08\/rentree-haie-griselle-2025-3-1024x740.jpeg\" alt=\"\" width=\"1024\" height=\"740\" srcset=\"https:\/\/vosgesinfo.fr\/app\/uploads\/sites\/6\/2025\/08\/rentree-haie-griselle-2025-3-1024x740.jpeg 1024w, https:\/\/vosgesinfo.fr\/app\/uploads\/sites\/6\/2025\/08\/rentree-haie-griselle-2025-3-300x217.jpeg 300w, https:\/\/vosgesinfo.fr\/app\/uploads\/sites\/6\/2025\/08\/rentree-haie-griselle-2025-3-768x555.jpeg 768w, https:\/\/vosgesinfo.fr\/app\/uploads\/sites\/6\/2025\/08\/rentree-haie-griselle-2025-3-1536x1109.jpeg 1536w, https:\/\/vosgesinfo.fr\/app\/uploads\/sites\/6\/2025\/08\/rentree-haie-griselle-2025-3-2048x1479.jpeg 2048w\" sizes=\"(max-width: 1024px) 100vw, 1024px\" \/><\/a><p id=\"caption-attachment-81771\" class=\"wp-caption-text\">C. Georget &#8211; P. Villemin &#8211; M. Bougel<\/p><\/div>\n<p><strong>A la veille de la rentr\u00e9e \u00e0 la cit\u00e9 scolaire de la Haie Griselle, le principale Pascal Villemin a pr\u00e9sent\u00e9 ses 2 nouvelles collaboratrices et d\u00e9voil\u00e9 les nouveaut\u00e9s attendues pour l\u2019ann\u00e9e 2025-2026.<\/strong><\/p>\n<p>La nouvelle principale adjointe Marie Bougel rejoint cette ann\u00e9e le coll\u00e8ge de la Haie Griselle. Elle a occup\u00e9 ce poste pr\u00e9c\u00e9demment au coll\u00e8ge du Thillot o\u00f9 elle a exerc\u00e9 durant 7 ans, ainsi qu\u2019au coll\u00e8ge de la Bresse jusqu\u2019\u00e0 sa fermeture. Sa carri\u00e8re a d\u00e9but\u00e9 en tant que CPE dans des lyc\u00e9es agricoles qui lui ont permis de voyager en France et jusqu\u2019en Nouvelle Cal\u00e9donie. Et c\u2019est Pascal Villemin qui l\u2019a aid\u00e9e en 2012 \u00e0 pr\u00e9parer le concours des personnels de direction et \u00e0 passer du minist\u00e8re de l\u2019agriculture \u00e0 l\u2019\u00e9ducation nationale. Aimant la montagne, la randonn\u00e9e et la course \u00e0 pied, elle est heureuse de rejoindre un coll\u00e8ge avec des sections sportives et de travailler avec des \u00e9ducateurs et des \u00e9l\u00e8ves sportifs. \u00ab C\u2019est une belle cit\u00e9 scolaire avec une belle dynamique qui permet aux \u00e9l\u00e8ves de se r\u00e9v\u00e9ler autrement. Ils ont un d\u00e9fi \u00e0 relever gr\u00e2ce au sport. \u00bb Marie Bougel aime la jeunesse et d\u00e9fend les valeurs de respect, l\u2019\u00e9panouissement de tous. Elle souhaite mettre en place un travail \u00ab participatif \u00bb pour \u00ab avancer ensemble \u00bb. Titulaire de sa fonction, elle souhaite s\u2019installer pour quelques ann\u00e9es. Le principal salue cette \u00ab stabilit\u00e9 qui offre un nouvel enjeu de pilotage p\u00e9dagogique \u00bb.<\/p>\n<p>La cit\u00e9 scolaire accueille \u00e9galement une CPE titulaire, Christine Georget qui travaillera avec Sarah Suchetet au lyc\u00e9e. Elle arrive de Tours o\u00f9 elle a pass\u00e9 21 ans au lyc\u00e9e Jacques de Vaucusson. Elle a suivi son conjoint pour un retour aux sources vosgiennes et pos\u00e9 ses valises \u00e0 Bussang. Passionn\u00e9e d\u2019art et particuli\u00e8rement de th\u00e9\u00e2tre, ce choix est un \u00ab ancrage du c\u0153ur \u00bb confie t-elle. Elle aimerait d\u2019ailleurs travailler avec le th\u00e9\u00e2tre du Peuple et y emmener les lyc\u00e9ens. Investie depuis 20 ans dans la vie lyc\u00e9enne, elle en sera la r\u00e9f\u00e9rente. Elle a \u00e9galement l\u2019exp\u00e9rience du sport puisqu\u2019il y avait un p\u00f4le rugby \u00e0 Tours, discipline qu\u2019elle a elle-m\u00eame pratiqu\u00e9e.<\/p>\n<p>Parmi les nouveaut\u00e9s de la rentr\u00e9e, Pascal Villemin annonce, d\u2019une part, \u00a0l\u2019arriv\u00e9e de 2 enseignantes, Alexandra Rudatis en dessin et Thiphaine Laport en anglais et une \u00e9quipe p\u00e9dagogique au complet avec 60 professeurs et 11 assistants d\u2019\u00e9ducation pour 700 \u00e9l\u00e8ves, 300 au lyc\u00e9e et 400 au coll\u00e8ge. Et d\u2019autre part l\u2019ouverture d\u2019une classe ULIS pour 12 \u00e9l\u00e8ves en situation de handicap cognitif, de la 6<sup>e<\/sup> \u00e0 la 3<sup>e,<\/sup> qui sera coordonn\u00e9e par Fabrice Mercier. Un service \u00e0 la carte, selon les profils des \u00e9l\u00e8ves. \u00ab Ce dispositif est une r\u00e9elle plus-value pour l\u2019\u00e9tablissement et le secteur de la montagne \u00bb soulignait le proviseur. Les autres changements souhait\u00e9s par la politique minist\u00e9rielle se feront progressivement.<\/p>\n<p>&nbsp;<\/p>\n","protected":false},"excerpt":{"rendered":"<p>A la veille de la rentr\u00e9e \u00e0 la cit\u00e9 scolaire de la Haie Griselle, le principale Pascal Villemin a pr\u00e9sent\u00e9 [&hellip;]<\/p>\n","protected":false},"author":258,"featured_media":81771,"comment_status":"open","ping_status":"open","sticky":false,"template":"","format":"standard","meta":{"footnotes":""},"categories":[20,6,5901,5647],"tags":[311,3250],"class_list":["post-81768","post","type-post","status-publish","format-standard","has-post-thumbnail","hentry","category-a-la-une","category-education","category-enseignement","category-gerardmer-autres-sites","tag-cite-scolaire-la-haie-griselle","tag-rentree-scolaire"],"acf":[],"yoast_head":"<!-- This site is optimized with the Yoast SEO plugin v22.5 - https:\/\/yoast.com\/wordpress\/plugins\/seo\/ -->\n<title>Rentr\u00e9e \u00e0 la Haie Griselle\u00a0: une stabilit\u00e9 pour construire ensemble - Gerardmer Info<\/title>\n<meta name=\"robots\" content=\"index, follow, max-snippet:-1, max-image-preview:large, max-video-preview:-1\" \/>\n<link rel=\"canonical\" href=\"https:\/\/vosgesinfo.fr\/gerardmerinfo\/2025\/08\/rentree-a-la-haie-griselle-une-stabilite-pour-construire-ensemble\/\" \/>\n<meta name=\"twitter:card\" content=\"summary_large_image\" \/>\n<meta name=\"twitter:title\" content=\"Rentr\u00e9e \u00e0 la Haie Griselle\u00a0: une stabilit\u00e9 pour construire ensemble - Gerardmer Info\" \/>\n<meta name=\"twitter:description\" content=\"A la veille de la rentr\u00e9e \u00e0 la cit\u00e9 scolaire de la Haie Griselle, le principale Pascal Villemin a pr\u00e9sent\u00e9 [&hellip;]\" \/>\n<meta name=\"twitter:image\" content=\"https:\/\/vosgesinfo.fr\/app\/uploads\/sites\/6\/2025\/08\/rentree-haie-griselle-2025-3-scaled.jpeg\" \/>\n<meta name=\"twitter:creator\" content=\"@VosgesInfo88\" \/>\n<meta name=\"twitter:site\" content=\"@VosgesInfo88\" \/>\n<meta name=\"twitter:label1\" content=\"\u00c9crit par\" \/>\n\t<meta name=\"twitter:data1\" content=\"I.N\" \/>\n\t<meta name=\"twitter:label2\" content=\"Dur\u00e9e de lecture estim\u00e9e\" \/>\n\t<meta name=\"twitter:data2\" content=\"3 minutes\" \/>\n<script type=\"application\/ld+json\" class=\"yoast-schema-graph\">{\"@context\":\"https:\/\/schema.org\",\"@graph\":[{\"@type\":\"Article\",\"@id\":\"https:\/\/vosgesinfo.fr\/gerardmerinfo\/2025\/08\/rentree-a-la-haie-griselle-une-stabilite-pour-construire-ensemble\/#article\",\"isPartOf\":{\"@id\":\"https:\/\/vosgesinfo.fr\/gerardmerinfo\/2025\/08\/rentree-a-la-haie-griselle-une-stabilite-pour-construire-ensemble\/\"},\"author\":{\"name\":\"I.N\",\"@id\":\"https:\/\/vosgesinfo.fr\/gerardmerinfo\/#\/schema\/person\/bb210d3430e59ff5cd247deaccb63615\"},\"headline\":\"Rentr\u00e9e \u00e0 la Haie Griselle\u00a0: une stabilit\u00e9 pour construire ensemble\",\"datePublished\":\"2025-08-29T09:06:42+00:00\",\"dateModified\":\"2025-08-29T08:46:58+00:00\",\"mainEntityOfPage\":{\"@id\":\"https:\/\/vosgesinfo.fr\/gerardmerinfo\/2025\/08\/rentree-a-la-haie-griselle-une-stabilite-pour-construire-ensemble\/\"},\"wordCount\":534,\"commentCount\":0,\"publisher\":{\"@id\":\"https:\/\/vosgesinfo.fr\/gerardmerinfo\/#organization\"},\"image\":{\"@id\":\"https:\/\/vosgesinfo.fr\/gerardmerinfo\/2025\/08\/rentree-a-la-haie-griselle-une-stabilite-pour-construire-ensemble\/#primaryimage\"},\"thumbnailUrl\":\"https:\/\/vosgesinfo.fr\/app\/uploads\/sites\/6\/2025\/08\/rentree-haie-griselle-2025-3-scaled.jpeg\",\"keywords\":[\"Cit\u00e9 scolaire La Haie Griselle\",\"rentr\u00e9e scolaire\"],\"articleSection\":[\"A la une\",\"\u00c9ducation\",\"Enseignement\",\"Gerardmer\"],\"inLanguage\":\"fr-FR\",\"potentialAction\":[{\"@type\":\"CommentAction\",\"name\":\"Comment\",\"target\":[\"https:\/\/vosgesinfo.fr\/gerardmerinfo\/2025\/08\/rentree-a-la-haie-griselle-une-stabilite-pour-construire-ensemble\/#respond\"]}]},{\"@type\":\"WebPage\",\"@id\":\"https:\/\/vosgesinfo.fr\/gerardmerinfo\/2025\/08\/rentree-a-la-haie-griselle-une-stabilite-pour-construire-ensemble\/\",\"url\":\"https:\/\/vosgesinfo.fr\/gerardmerinfo\/2025\/08\/rentree-a-la-haie-griselle-une-stabilite-pour-construire-ensemble\/\",\"name\":\"Rentr\u00e9e \u00e0 la Haie Griselle\u00a0: une stabilit\u00e9 pour construire ensemble - Gerardmer Info\",\"isPartOf\":{\"@id\":\"https:\/\/vosgesinfo.fr\/gerardmerinfo\/#website\"},\"primaryImageOfPage\":{\"@id\":\"https:\/\/vosgesinfo.fr\/gerardmerinfo\/2025\/08\/rentree-a-la-haie-griselle-une-stabilite-pour-construire-ensemble\/#primaryimage\"},\"image\":{\"@id\":\"https:\/\/vosgesinfo.fr\/gerardmerinfo\/2025\/08\/rentree-a-la-haie-griselle-une-stabilite-pour-construire-ensemble\/#primaryimage\"},\"thumbnailUrl\":\"https:\/\/vosgesinfo.fr\/app\/uploads\/sites\/6\/2025\/08\/rentree-haie-griselle-2025-3-scaled.jpeg\",\"datePublished\":\"2025-08-29T09:06:42+00:00\",\"dateModified\":\"2025-08-29T08:46:58+00:00\",\"breadcrumb\":{\"@id\":\"https:\/\/vosgesinfo.fr\/gerardmerinfo\/2025\/08\/rentree-a-la-haie-griselle-une-stabilite-pour-construire-ensemble\/#breadcrumb\"},\"inLanguage\":\"fr-FR\",\"potentialAction\":[{\"@type\":\"ReadAction\",\"target\":[\"https:\/\/vosgesinfo.fr\/gerardmerinfo\/2025\/08\/rentree-a-la-haie-griselle-une-stabilite-pour-construire-ensemble\/\"]}]},{\"@type\":\"ImageObject\",\"inLanguage\":\"fr-FR\",\"@id\":\"https:\/\/vosgesinfo.fr\/gerardmerinfo\/2025\/08\/rentree-a-la-haie-griselle-une-stabilite-pour-construire-ensemble\/#primaryimage\",\"url\":\"https:\/\/vosgesinfo.fr\/app\/uploads\/sites\/6\/2025\/08\/rentree-haie-griselle-2025-3-scaled.jpeg\",\"contentUrl\":\"https:\/\/vosgesinfo.fr\/app\/uploads\/sites\/6\/2025\/08\/rentree-haie-griselle-2025-3-scaled.jpeg\",\"width\":2560,\"height\":1849},{\"@type\":\"BreadcrumbList\",\"@id\":\"https:\/\/vosgesinfo.fr\/gerardmerinfo\/2025\/08\/rentree-a-la-haie-griselle-une-stabilite-pour-construire-ensemble\/#breadcrumb\",\"itemListElement\":[{\"@type\":\"ListItem\",\"position\":1,\"name\":\"Home\",\"item\":\"https:\/\/vosgesinfo.fr\/gerardmerinfo\/\"},{\"@type\":\"ListItem\",\"position\":2,\"name\":\"Rentr\u00e9e \u00e0 la Haie Griselle\u00a0: une stabilit\u00e9 pour construire ensemble\"}]},{\"@type\":\"WebSite\",\"@id\":\"https:\/\/vosgesinfo.fr\/gerardmerinfo\/#website\",\"url\":\"https:\/\/vosgesinfo.fr\/gerardmerinfo\/\",\"name\":\"Gerardmer Info\",\"description\":\"Toute l&#039;actualit\u00e9 de G\u00e9rardmer\",\"publisher\":{\"@id\":\"https:\/\/vosgesinfo.fr\/gerardmerinfo\/#organization\"},\"alternateName\":\"Toute l'actualit\u00e9 de G\u00e9rardmer\",\"potentialAction\":[{\"@type\":\"SearchAction\",\"target\":{\"@type\":\"EntryPoint\",\"urlTemplate\":\"https:\/\/vosgesinfo.fr\/gerardmerinfo\/?s={search_term_string}\"},\"query-input\":\"required name=search_term_string\"}],\"inLanguage\":\"fr-FR\"},{\"@type\":\"Organization\",\"@id\":\"https:\/\/vosgesinfo.fr\/gerardmerinfo\/#organization\",\"name\":\"Gerardmer Info\",\"url\":\"https:\/\/vosgesinfo.fr\/gerardmerinfo\/\",\"logo\":{\"@type\":\"ImageObject\",\"inLanguage\":\"fr-FR\",\"@id\":\"https:\/\/vosgesinfo.fr\/gerardmerinfo\/#\/schema\/logo\/image\/\",\"url\":\"https:\/\/vosgesinfo.fr\/app\/uploads\/sites\/6\/2023\/08\/favicon-gerardmerinfo.png\",\"contentUrl\":\"https:\/\/vosgesinfo.fr\/app\/uploads\/sites\/6\/2023\/08\/favicon-gerardmerinfo.png\",\"width\":512,\"height\":512,\"caption\":\"Gerardmer Info\"},\"image\":{\"@id\":\"https:\/\/vosgesinfo.fr\/gerardmerinfo\/#\/schema\/logo\/image\/\"},\"sameAs\":[\"https:\/\/www.facebook.com\/profile.php?id=100049475262660\",\"https:\/\/x.com\/VosgesInfo88\",\"https:\/\/www.youtube.com\/@vosgesinfo\"]},{\"@type\":\"Person\",\"@id\":\"https:\/\/vosgesinfo.fr\/gerardmerinfo\/#\/schema\/person\/bb210d3430e59ff5cd247deaccb63615\",\"name\":\"I.N\",\"image\":{\"@type\":\"ImageObject\",\"inLanguage\":\"fr-FR\",\"@id\":\"https:\/\/vosgesinfo.fr\/gerardmerinfo\/#\/schema\/person\/image\/\",\"url\":\"https:\/\/secure.gravatar.com\/avatar\/612d5c20a39b1c8bc5675cc8e3d99e120730e7d080423fdafec485619845af71?s=96&d=mm&r=g\",\"contentUrl\":\"https:\/\/secure.gravatar.com\/avatar\/612d5c20a39b1c8bc5675cc8e3d99e120730e7d080423fdafec485619845af71?s=96&d=mm&r=g\",\"caption\":\"I.N\"},\"url\":\"https:\/\/vosgesinfo.fr\/gerardmerinfo\/author\/i-ngerardmer\/\"}]}<\/script>\n<!-- \/ Yoast SEO plugin. -->","yoast_head_json":{"title":"Rentr\u00e9e \u00e0 la Haie Griselle\u00a0: une stabilit\u00e9 pour construire ensemble - Gerardmer Info","robots":{"index":"index","follow":"follow","max-snippet":"max-snippet:-1","max-image-preview":"max-image-preview:large","max-video-preview":"max-video-preview:-1"},"canonical":"https:\/\/vosgesinfo.fr\/gerardmerinfo\/2025\/08\/rentree-a-la-haie-griselle-une-stabilite-pour-construire-ensemble\/","twitter_card":"summary_large_image","twitter_title":"Rentr\u00e9e \u00e0 la Haie Griselle\u00a0: une stabilit\u00e9 pour construire ensemble - Gerardmer Info","twitter_description":"A la veille de la rentr\u00e9e \u00e0 la cit\u00e9 scolaire de la Haie Griselle, le principale Pascal Villemin a pr\u00e9sent\u00e9 [&hellip;]","twitter_image":"https:\/\/vosgesinfo.fr\/app\/uploads\/sites\/6\/2025\/08\/rentree-haie-griselle-2025-3-scaled.jpeg","twitter_creator":"@VosgesInfo88","twitter_site":"@VosgesInfo88","twitter_misc":{"\u00c9crit par":"I.N","Dur\u00e9e de lecture estim\u00e9e":"3 minutes"},"schema":{"@context":"https:\/\/schema.org","@graph":[{"@type":"Article","@id":"https:\/\/vosgesinfo.fr\/gerardmerinfo\/2025\/08\/rentree-a-la-haie-griselle-une-stabilite-pour-construire-ensemble\/#article","isPartOf":{"@id":"https:\/\/vosgesinfo.fr\/gerardmerinfo\/2025\/08\/rentree-a-la-haie-griselle-une-stabilite-pour-construire-ensemble\/"},"author":{"name":"I.N","@id":"https:\/\/vosgesinfo.fr\/gerardmerinfo\/#\/schema\/person\/bb210d3430e59ff5cd247deaccb63615"},"headline":"Rentr\u00e9e \u00e0 la Haie Griselle\u00a0: une stabilit\u00e9 pour construire ensemble","datePublished":"2025-08-29T09:06:42+00:00","dateModified":"2025-08-29T08:46:58+00:00","mainEntityOfPage":{"@id":"https:\/\/vosgesinfo.fr\/gerardmerinfo\/2025\/08\/rentree-a-la-haie-griselle-une-stabilite-pour-construire-ensemble\/"},"wordCount":534,"commentCount":0,"publisher":{"@id":"https:\/\/vosgesinfo.fr\/gerardmerinfo\/#organization"},"image":{"@id":"https:\/\/vosgesinfo.fr\/gerardmerinfo\/2025\/08\/rentree-a-la-haie-griselle-une-stabilite-pour-construire-ensemble\/#primaryimage"},"thumbnailUrl":"https:\/\/vosgesinfo.fr\/app\/uploads\/sites\/6\/2025\/08\/rentree-haie-griselle-2025-3-scaled.jpeg","keywords":["Cit\u00e9 scolaire La Haie Griselle","rentr\u00e9e scolaire"],"articleSection":["A la une","\u00c9ducation","Enseignement","Gerardmer"],"inLanguage":"fr-FR","potentialAction":[{"@type":"CommentAction","name":"Comment","target":["https:\/\/vosgesinfo.fr\/gerardmerinfo\/2025\/08\/rentree-a-la-haie-griselle-une-stabilite-pour-construire-ensemble\/#respond"]}]},{"@type":"WebPage","@id":"https:\/\/vosgesinfo.fr\/gerardmerinfo\/2025\/08\/rentree-a-la-haie-griselle-une-stabilite-pour-construire-ensemble\/","url":"https:\/\/vosgesinfo.fr\/gerardmerinfo\/2025\/08\/rentree-a-la-haie-griselle-une-stabilite-pour-construire-ensemble\/","name":"Rentr\u00e9e \u00e0 la Haie Griselle\u00a0: une stabilit\u00e9 pour construire ensemble - Gerardmer Info","isPartOf":{"@id":"https:\/\/vosgesinfo.fr\/gerardmerinfo\/#website"},"primaryImageOfPage":{"@id":"https:\/\/vosgesinfo.fr\/gerardmerinfo\/2025\/08\/rentree-a-la-haie-griselle-une-stabilite-pour-construire-ensemble\/#primaryimage"},"image":{"@id":"https:\/\/vosgesinfo.fr\/gerardmerinfo\/2025\/08\/rentree-a-la-haie-griselle-une-stabilite-pour-construire-ensemble\/#primaryimage"},"thumbnailUrl":"https:\/\/vosgesinfo.fr\/app\/uploads\/sites\/6\/2025\/08\/rentree-haie-griselle-2025-3-scaled.jpeg","datePublished":"2025-08-29T09:06:42+00:00","dateModified":"2025-08-29T08:46:58+00:00","breadcrumb":{"@id":"https:\/\/vosgesinfo.fr\/gerardmerinfo\/2025\/08\/rentree-a-la-haie-griselle-une-stabilite-pour-construire-ensemble\/#breadcrumb"},"inLanguage":"fr-FR","potentialAction":[{"@type":"ReadAction","target":["https:\/\/vosgesinfo.fr\/gerardmerinfo\/2025\/08\/rentree-a-la-haie-griselle-une-stabilite-pour-construire-ensemble\/"]}]},{"@type":"ImageObject","inLanguage":"fr-FR","@id":"https:\/\/vosgesinfo.fr\/gerardmerinfo\/2025\/08\/rentree-a-la-haie-griselle-une-stabilite-pour-construire-ensemble\/#primaryimage","url":"https:\/\/vosgesinfo.fr\/app\/uploads\/sites\/6\/2025\/08\/rentree-haie-griselle-2025-3-scaled.jpeg","contentUrl":"https:\/\/vosgesinfo.fr\/app\/uploads\/sites\/6\/2025\/08\/rentree-haie-griselle-2025-3-scaled.jpeg","width":2560,"height":1849},{"@type":"BreadcrumbList","@id":"https:\/\/vosgesinfo.fr\/gerardmerinfo\/2025\/08\/rentree-a-la-haie-griselle-une-stabilite-pour-construire-ensemble\/#breadcrumb","itemListElement":[{"@type":"ListItem","position":1,"name":"Home","item":"https:\/\/vosgesinfo.fr\/gerardmerinfo\/"},{"@type":"ListItem","position":2,"name":"Rentr\u00e9e \u00e0 la Haie Griselle\u00a0: une stabilit\u00e9 pour construire ensemble"}]},{"@type":"WebSite","@id":"https:\/\/vosgesinfo.fr\/gerardmerinfo\/#website","url":"https:\/\/vosgesinfo.fr\/gerardmerinfo\/","name":"Gerardmer Info","description":"Toute l&#039;actualit\u00e9 de G\u00e9rardmer","publisher":{"@id":"https:\/\/vosgesinfo.fr\/gerardmerinfo\/#organization"},"alternateName":"Toute l'actualit\u00e9 de G\u00e9rardmer","potentialAction":[{"@type":"SearchAction","target":{"@type":"EntryPoint","urlTemplate":"https:\/\/vosgesinfo.fr\/gerardmerinfo\/?s={search_term_string}"},"query-input":"required name=search_term_string"}],"inLanguage":"fr-FR"},{"@type":"Organization","@id":"https:\/\/vosgesinfo.fr\/gerardmerinfo\/#organization","name":"Gerardmer Info","url":"https:\/\/vosgesinfo.fr\/gerardmerinfo\/","logo":{"@type":"ImageObject","inLanguage":"fr-FR","@id":"https:\/\/vosgesinfo.fr\/gerardmerinfo\/#\/schema\/logo\/image\/","url":"https:\/\/vosgesinfo.fr\/app\/uploads\/sites\/6\/2023\/08\/favicon-gerardmerinfo.png","contentUrl":"https:\/\/vosgesinfo.fr\/app\/uploads\/sites\/6\/2023\/08\/favicon-gerardmerinfo.png","width":512,"height":512,"caption":"Gerardmer Info"},"image":{"@id":"https:\/\/vosgesinfo.fr\/gerardmerinfo\/#\/schema\/logo\/image\/"},"sameAs":["https:\/\/www.facebook.com\/profile.php?id=100049475262660","https:\/\/x.com\/VosgesInfo88","https:\/\/www.youtube.com\/@vosgesinfo"]},{"@type":"Person","@id":"https:\/\/vosgesinfo.fr\/gerardmerinfo\/#\/schema\/person\/bb210d3430e59ff5cd247deaccb63615","name":"I.N","image":{"@type":"ImageObject","inLanguage":"fr-FR","@id":"https:\/\/vosgesinfo.fr\/gerardmerinfo\/#\/schema\/person\/image\/","url":"https:\/\/secure.gravatar.com\/avatar\/612d5c20a39b1c8bc5675cc8e3d99e120730e7d080423fdafec485619845af71?s=96&d=mm&r=g","contentUrl":"https:\/\/secure.gravatar.com\/avatar\/612d5c20a39b1c8bc5675cc8e3d99e120730e7d080423fdafec485619845af71?s=96&d=mm&r=g","caption":"I.N"},"url":"https:\/\/vosgesinfo.fr\/gerardmerinfo\/author\/i-ngerardmer\/"}]}},"_links":{"self":[{"href":"https:\/\/vosgesinfo.fr\/gerardmerinfo\/wp-json\/wp\/v2\/posts\/81768","targetHints":{"allow":["GET"]}}],"collection":[{"href":"https:\/\/vosgesinfo.fr\/gerardmerinfo\/wp-json\/wp\/v2\/posts"}],"about":[{"href":"https:\/\/vosgesinfo.fr\/gerardmerinfo\/wp-json\/wp\/v2\/types\/post"}],"author":[{"embeddable":true,"href":"https:\/\/vosgesinfo.fr\/gerardmerinfo\/wp-json\/wp\/v2\/users\/258"}],"replies":[{"embeddable":true,"href":"https:\/\/vosgesinfo.fr\/gerardmerinfo\/wp-json\/wp\/v2\/comments?post=81768"}],"version-history":[{"count":5,"href":"https:\/\/vosgesinfo.fr\/gerardmerinfo\/wp-json\/wp\/v2\/posts\/81768\/revisions"}],"predecessor-version":[{"id":81782,"href":"https:\/\/vosgesinfo.fr\/gerardmerinfo\/wp-json\/wp\/v2\/posts\/81768\/revisions\/81782"}],"wp:featuredmedia":[{"embeddable":true,"href":"https:\/\/vosgesinfo.fr\/gerardmerinfo\/wp-json\/wp\/v2\/media\/81771"}],"wp:attachment":[{"href":"https:\/\/vosgesinfo.fr\/gerardmerinfo\/wp-json\/wp\/v2\/media?parent=81768"}],"wp:term":[{"taxonomy":"category","embeddable":true,"href":"https:\/\/vosgesinfo.fr\/gerardmerinfo\/wp-json\/wp\/v2\/categories?post=81768"},{"taxonomy":"post_tag","embeddable":true,"href":"https:\/\/vosgesinfo.fr\/gerardmerinfo\/wp-json\/wp\/v2\/tags?post=81768"}],"curies":[{"name":"wp","href":"https:\/\/api.w.org\/{rel}","templated":true}]}}