{"id":81871,"date":"2025-09-07T17:33:53","date_gmt":"2025-09-07T15:33:53","guid":{"rendered":"https:\/\/vosgesinfo.fr\/gerardmerinfo\/?p=81871"},"modified":"2025-09-07T18:47:48","modified_gmt":"2025-09-07T16:47:48","slug":"150-ans-office-de-tourisme-de-gerardmer-conference-sur-lhistoire-du-tramway","status":"publish","type":"post","link":"https:\/\/vosgesinfo.fr\/gerardmerinfo\/2025\/09\/150-ans-office-de-tourisme-de-gerardmer-conference-sur-lhistoire-du-tramway\/","title":{"rendered":"150 ans Office de Tourisme de G\u00e9rardmer : conf\u00e9rence sur l&rsquo;histoire du tramway"},"content":{"rendered":"<h3 class=\"x_MsoNormal\" style=\"text-align: center;\"><b data-olk-copy-source=\"MessageBody\">Le 9 septembre 2025 \u00e0 G\u00e9rardmer<\/b><\/h3>\n<h3 class=\"x_MsoNormal\" style=\"text-align: center;\"><b>\u00c0 la d\u00e9couverte du \u00ab\u00a0tacot\u00a0\u00bb vosgien\u00a0:<\/b><\/h3>\n<h3 class=\"x_MsoNormal\" style=\"text-align: center;\"><b>Conf\u00e9rence in\u00e9dite sur le tramway de G\u00e9rardmer<\/b><\/h3>\n<p>&nbsp;<\/p>\n<p class=\"x_MsoNormal\">Dans le cadre des 150 ans de l\u2019Office de Tourisme, \u00e0 l\u2019occasion d\u2019une conf\u00e9rence unique, le public est invit\u00e9 \u00e0 remonter le temps et \u00e0 revivre l\u2019incroyable \u00e9pop\u00e9e du tramway de G\u00e9rardmer, cette ligne mythique qui reliait autrefois le c\u0153ur de la ville aux sommets vosgiens, jusqu\u2019au Hohneck.<\/p>\n<p class=\"x_MsoNormal\"><a href=\"https:\/\/vosgesinfo.fr\/app\/uploads\/sites\/6\/2025\/09\/affiche-conf-tram-texture1.jpg\"><img decoding=\"async\" class=\"alignright size-medium wp-image-81872\" src=\"https:\/\/vosgesinfo.fr\/app\/uploads\/sites\/6\/2025\/09\/affiche-conf-tram-texture1-212x300.jpg\" alt=\"\" width=\"212\" height=\"300\" srcset=\"https:\/\/vosgesinfo.fr\/app\/uploads\/sites\/6\/2025\/09\/affiche-conf-tram-texture1-212x300.jpg 212w, https:\/\/vosgesinfo.fr\/app\/uploads\/sites\/6\/2025\/09\/affiche-conf-tram-texture1-724x1024.jpg 724w, https:\/\/vosgesinfo.fr\/app\/uploads\/sites\/6\/2025\/09\/affiche-conf-tram-texture1-768x1086.jpg 768w, https:\/\/vosgesinfo.fr\/app\/uploads\/sites\/6\/2025\/09\/affiche-conf-tram-texture1.jpg 842w\" sizes=\"(max-width: 212px) 100vw, 212px\" \/><\/a>Cette conf\u00e9rence de une heure, anim\u00e9e par Ren\u00e9 Bourquin, plonge les participants dans l\u2019univers fascinant de ce moyen de transport pionnier, n\u00e9 \u00e0 la fin du XIX<sup>\u00e8me<\/sup> si\u00e8cle sous l\u2019impulsion d\u2019un homme visionnaire : <b>Henry Gutton<\/b>, architecte et polytechnicien nanc\u00e9en.<\/p>\n<p class=\"x_MsoNormal\">De l\u2019inauguration de la premi\u00e8re ligne en 1897 \u00e0 sa disparition d\u00e9finitive en 1950, en passant par les heures de gloire touristique, les services rendus \u00e0 l\u2019arm\u00e9e pendant la Grande Guerre, les innovations techniques et m\u00eame le drame de 1923, c\u2019est toute une page de l\u2019histoire locale et vosgienne qui sera racont\u00e9e, illustr\u00e9e et mise en perspective.<\/p>\n<p class=\"x_MsoNormal\">L&rsquo;\u00e9v\u00e9nement s\u2019appuiera sur de <b>nombreux visuels historiques<\/b> et une <b>reconstitution illustr\u00e9e du parcours<\/b>, offrant une immersion sensible et document\u00e9e dans ce patrimoine ferroviaire m\u00e9connu.<\/p>\n<p class=\"x_MsoNormal\">Une m\u00e9moire \u00e0 faire revivre<\/p>\n<p class=\"x_MsoNormal\">Avec son c\u00e9l\u00e8bre \u00ab tacot \u00bb, le tramway de G\u00e9rardmer reste un symbole du d\u00e9veloppement touristique et technique de la r\u00e9gion. Un pan de l\u2019histoire locale \u00e0 red\u00e9couvrir\u2026 et \u00e0 transmettre.<\/p>\n<p class=\"x_MsoNormal\"><b>La conf\u00e9rence aura lieu le mardi 9 septembre \u00e0 18h00 \u00e0 la Maison de la Culture et des Loisirs de G\u00e9rardmer, 1 boulevard de Saint-Di\u00e9. Entr\u00e9e libre.<\/b><\/p>\n","protected":false},"excerpt":{"rendered":"<p>Le 9 septembre 2025 \u00e0 G\u00e9rardmer \u00c0 la d\u00e9couverte du \u00ab\u00a0tacot\u00a0\u00bb vosgien\u00a0: Conf\u00e9rence in\u00e9dite sur le tramway de G\u00e9rardmer &nbsp; [&hellip;]<\/p>\n","protected":false},"author":391,"featured_media":81872,"comment_status":"open","ping_status":"open","sticky":false,"template":"","format":"standard","meta":{"footnotes":""},"categories":[20,4,25,5647],"tags":[103,655,7747],"class_list":["post-81871","post","type-post","status-publish","format-standard","has-post-thumbnail","hentry","category-a-la-une","category-culture","category-gerardmer","category-gerardmer-autres-sites","tag-mcl-gerardmer","tag-office-de-tourisme","tag-tramway-vosgien"],"acf":[],"yoast_head":"<!-- This site is optimized with the Yoast SEO plugin v22.5 - https:\/\/yoast.com\/wordpress\/plugins\/seo\/ -->\n<title>150 ans Office de Tourisme de G\u00e9rardmer : conf\u00e9rence sur l&#039;histoire du tramway - Gerardmer Info<\/title>\n<meta name=\"robots\" content=\"index, follow, max-snippet:-1, max-image-preview:large, max-video-preview:-1\" \/>\n<link rel=\"canonical\" href=\"https:\/\/vosgesinfo.fr\/gerardmerinfo\/2025\/09\/150-ans-office-de-tourisme-de-gerardmer-conference-sur-lhistoire-du-tramway\/\" \/>\n<meta name=\"twitter:card\" content=\"summary_large_image\" \/>\n<meta name=\"twitter:title\" content=\"150 ans Office de Tourisme de G\u00e9rardmer : conf\u00e9rence sur l&#039;histoire du tramway - Gerardmer Info\" \/>\n<meta name=\"twitter:description\" content=\"Le 9 septembre 2025 \u00e0 G\u00e9rardmer \u00c0 la d\u00e9couverte du \u00ab\u00a0tacot\u00a0\u00bb vosgien\u00a0: Conf\u00e9rence in\u00e9dite sur le tramway de G\u00e9rardmer &nbsp; [&hellip;]\" \/>\n<meta name=\"twitter:image\" content=\"https:\/\/vosgesinfo.fr\/app\/uploads\/sites\/6\/2025\/09\/affiche-conf-tram-texture1.jpg\" \/>\n<meta name=\"twitter:creator\" content=\"@VosgesInfo88\" \/>\n<meta name=\"twitter:site\" content=\"@VosgesInfo88\" \/>\n<meta name=\"twitter:label1\" content=\"\u00c9crit par\" \/>\n\t<meta name=\"twitter:data1\" content=\"La redaction\" \/>\n\t<meta name=\"twitter:label2\" content=\"Dur\u00e9e de lecture estim\u00e9e\" \/>\n\t<meta name=\"twitter:data2\" content=\"2 minutes\" \/>\n<script type=\"application\/ld+json\" class=\"yoast-schema-graph\">{\"@context\":\"https:\/\/schema.org\",\"@graph\":[{\"@type\":\"Article\",\"@id\":\"https:\/\/vosgesinfo.fr\/gerardmerinfo\/2025\/09\/150-ans-office-de-tourisme-de-gerardmer-conference-sur-lhistoire-du-tramway\/#article\",\"isPartOf\":{\"@id\":\"https:\/\/vosgesinfo.fr\/gerardmerinfo\/2025\/09\/150-ans-office-de-tourisme-de-gerardmer-conference-sur-lhistoire-du-tramway\/\"},\"author\":{\"name\":\"La redaction\",\"@id\":\"https:\/\/vosgesinfo.fr\/gerardmerinfo\/#\/schema\/person\/27a3695b06db98895b354c0765cdfc31\"},\"headline\":\"150 ans Office de Tourisme de G\u00e9rardmer : conf\u00e9rence sur l&rsquo;histoire du tramway\",\"datePublished\":\"2025-09-07T15:33:53+00:00\",\"dateModified\":\"2025-09-07T16:47:48+00:00\",\"mainEntityOfPage\":{\"@id\":\"https:\/\/vosgesinfo.fr\/gerardmerinfo\/2025\/09\/150-ans-office-de-tourisme-de-gerardmer-conference-sur-lhistoire-du-tramway\/\"},\"wordCount\":291,\"commentCount\":5,\"publisher\":{\"@id\":\"https:\/\/vosgesinfo.fr\/gerardmerinfo\/#organization\"},\"image\":{\"@id\":\"https:\/\/vosgesinfo.fr\/gerardmerinfo\/2025\/09\/150-ans-office-de-tourisme-de-gerardmer-conference-sur-lhistoire-du-tramway\/#primaryimage\"},\"thumbnailUrl\":\"https:\/\/vosgesinfo.fr\/app\/uploads\/sites\/6\/2025\/09\/affiche-conf-tram-texture1.jpg\",\"keywords\":[\"MCL G\u00e9rardmer\",\"office de tourisme\",\"tramway vosgien\"],\"articleSection\":[\"A la une\",\"Culture\",\"G\u00e9rardmer\",\"Gerardmer\"],\"inLanguage\":\"fr-FR\",\"potentialAction\":[{\"@type\":\"CommentAction\",\"name\":\"Comment\",\"target\":[\"https:\/\/vosgesinfo.fr\/gerardmerinfo\/2025\/09\/150-ans-office-de-tourisme-de-gerardmer-conference-sur-lhistoire-du-tramway\/#respond\"]}]},{\"@type\":\"WebPage\",\"@id\":\"https:\/\/vosgesinfo.fr\/gerardmerinfo\/2025\/09\/150-ans-office-de-tourisme-de-gerardmer-conference-sur-lhistoire-du-tramway\/\",\"url\":\"https:\/\/vosgesinfo.fr\/gerardmerinfo\/2025\/09\/150-ans-office-de-tourisme-de-gerardmer-conference-sur-lhistoire-du-tramway\/\",\"name\":\"150 ans Office de Tourisme de G\u00e9rardmer : conf\u00e9rence sur l'histoire du tramway - Gerardmer Info\",\"isPartOf\":{\"@id\":\"https:\/\/vosgesinfo.fr\/gerardmerinfo\/#website\"},\"primaryImageOfPage\":{\"@id\":\"https:\/\/vosgesinfo.fr\/gerardmerinfo\/2025\/09\/150-ans-office-de-tourisme-de-gerardmer-conference-sur-lhistoire-du-tramway\/#primaryimage\"},\"image\":{\"@id\":\"https:\/\/vosgesinfo.fr\/gerardmerinfo\/2025\/09\/150-ans-office-de-tourisme-de-gerardmer-conference-sur-lhistoire-du-tramway\/#primaryimage\"},\"thumbnailUrl\":\"https:\/\/vosgesinfo.fr\/app\/uploads\/sites\/6\/2025\/09\/affiche-conf-tram-texture1.jpg\",\"datePublished\":\"2025-09-07T15:33:53+00:00\",\"dateModified\":\"2025-09-07T16:47:48+00:00\",\"breadcrumb\":{\"@id\":\"https:\/\/vosgesinfo.fr\/gerardmerinfo\/2025\/09\/150-ans-office-de-tourisme-de-gerardmer-conference-sur-lhistoire-du-tramway\/#breadcrumb\"},\"inLanguage\":\"fr-FR\",\"potentialAction\":[{\"@type\":\"ReadAction\",\"target\":[\"https:\/\/vosgesinfo.fr\/gerardmerinfo\/2025\/09\/150-ans-office-de-tourisme-de-gerardmer-conference-sur-lhistoire-du-tramway\/\"]}]},{\"@type\":\"ImageObject\",\"inLanguage\":\"fr-FR\",\"@id\":\"https:\/\/vosgesinfo.fr\/gerardmerinfo\/2025\/09\/150-ans-office-de-tourisme-de-gerardmer-conference-sur-lhistoire-du-tramway\/#primaryimage\",\"url\":\"https:\/\/vosgesinfo.fr\/app\/uploads\/sites\/6\/2025\/09\/affiche-conf-tram-texture1.jpg\",\"contentUrl\":\"https:\/\/vosgesinfo.fr\/app\/uploads\/sites\/6\/2025\/09\/affiche-conf-tram-texture1.jpg\",\"width\":842,\"height\":1191},{\"@type\":\"BreadcrumbList\",\"@id\":\"https:\/\/vosgesinfo.fr\/gerardmerinfo\/2025\/09\/150-ans-office-de-tourisme-de-gerardmer-conference-sur-lhistoire-du-tramway\/#breadcrumb\",\"itemListElement\":[{\"@type\":\"ListItem\",\"position\":1,\"name\":\"Home\",\"item\":\"https:\/\/vosgesinfo.fr\/gerardmerinfo\/\"},{\"@type\":\"ListItem\",\"position\":2,\"name\":\"150 ans Office de Tourisme de G\u00e9rardmer : conf\u00e9rence sur l&#8217;histoire du tramway\"}]},{\"@type\":\"WebSite\",\"@id\":\"https:\/\/vosgesinfo.fr\/gerardmerinfo\/#website\",\"url\":\"https:\/\/vosgesinfo.fr\/gerardmerinfo\/\",\"name\":\"Gerardmer Info\",\"description\":\"Toute l&#039;actualit\u00e9 de G\u00e9rardmer\",\"publisher\":{\"@id\":\"https:\/\/vosgesinfo.fr\/gerardmerinfo\/#organization\"},\"alternateName\":\"Toute l'actualit\u00e9 de G\u00e9rardmer\",\"potentialAction\":[{\"@type\":\"SearchAction\",\"target\":{\"@type\":\"EntryPoint\",\"urlTemplate\":\"https:\/\/vosgesinfo.fr\/gerardmerinfo\/?s={search_term_string}\"},\"query-input\":\"required name=search_term_string\"}],\"inLanguage\":\"fr-FR\"},{\"@type\":\"Organization\",\"@id\":\"https:\/\/vosgesinfo.fr\/gerardmerinfo\/#organization\",\"name\":\"Gerardmer Info\",\"url\":\"https:\/\/vosgesinfo.fr\/gerardmerinfo\/\",\"logo\":{\"@type\":\"ImageObject\",\"inLanguage\":\"fr-FR\",\"@id\":\"https:\/\/vosgesinfo.fr\/gerardmerinfo\/#\/schema\/logo\/image\/\",\"url\":\"https:\/\/vosgesinfo.fr\/app\/uploads\/sites\/6\/2023\/08\/favicon-gerardmerinfo.png\",\"contentUrl\":\"https:\/\/vosgesinfo.fr\/app\/uploads\/sites\/6\/2023\/08\/favicon-gerardmerinfo.png\",\"width\":512,\"height\":512,\"caption\":\"Gerardmer Info\"},\"image\":{\"@id\":\"https:\/\/vosgesinfo.fr\/gerardmerinfo\/#\/schema\/logo\/image\/\"},\"sameAs\":[\"https:\/\/www.facebook.com\/profile.php?id=100049475262660\",\"https:\/\/x.com\/VosgesInfo88\",\"https:\/\/www.youtube.com\/@vosgesinfo\"]},{\"@type\":\"Person\",\"@id\":\"https:\/\/vosgesinfo.fr\/gerardmerinfo\/#\/schema\/person\/27a3695b06db98895b354c0765cdfc31\",\"name\":\"La redaction\",\"image\":{\"@type\":\"ImageObject\",\"inLanguage\":\"fr-FR\",\"@id\":\"https:\/\/vosgesinfo.fr\/gerardmerinfo\/#\/schema\/person\/image\/\",\"url\":\"https:\/\/secure.gravatar.com\/avatar\/64c76a78e501cedee55736f43f332df901e1896ae9cd8fad269ae2236dd0e8b6?s=96&d=mm&r=g\",\"contentUrl\":\"https:\/\/secure.gravatar.com\/avatar\/64c76a78e501cedee55736f43f332df901e1896ae9cd8fad269ae2236dd0e8b6?s=96&d=mm&r=g\",\"caption\":\"La redaction\"},\"url\":\"https:\/\/vosgesinfo.fr\/gerardmerinfo\/author\/la-redaction\/\"}]}<\/script>\n<!-- \/ Yoast SEO plugin. -->","yoast_head_json":{"title":"150 ans Office de Tourisme de G\u00e9rardmer : conf\u00e9rence sur l'histoire du tramway - Gerardmer Info","robots":{"index":"index","follow":"follow","max-snippet":"max-snippet:-1","max-image-preview":"max-image-preview:large","max-video-preview":"max-video-preview:-1"},"canonical":"https:\/\/vosgesinfo.fr\/gerardmerinfo\/2025\/09\/150-ans-office-de-tourisme-de-gerardmer-conference-sur-lhistoire-du-tramway\/","twitter_card":"summary_large_image","twitter_title":"150 ans Office de Tourisme de G\u00e9rardmer : conf\u00e9rence sur l'histoire du tramway - Gerardmer Info","twitter_description":"Le 9 septembre 2025 \u00e0 G\u00e9rardmer \u00c0 la d\u00e9couverte du \u00ab\u00a0tacot\u00a0\u00bb vosgien\u00a0: Conf\u00e9rence in\u00e9dite sur le tramway de G\u00e9rardmer &nbsp; [&hellip;]","twitter_image":"https:\/\/vosgesinfo.fr\/app\/uploads\/sites\/6\/2025\/09\/affiche-conf-tram-texture1.jpg","twitter_creator":"@VosgesInfo88","twitter_site":"@VosgesInfo88","twitter_misc":{"\u00c9crit par":"La redaction","Dur\u00e9e de lecture estim\u00e9e":"2 minutes"},"schema":{"@context":"https:\/\/schema.org","@graph":[{"@type":"Article","@id":"https:\/\/vosgesinfo.fr\/gerardmerinfo\/2025\/09\/150-ans-office-de-tourisme-de-gerardmer-conference-sur-lhistoire-du-tramway\/#article","isPartOf":{"@id":"https:\/\/vosgesinfo.fr\/gerardmerinfo\/2025\/09\/150-ans-office-de-tourisme-de-gerardmer-conference-sur-lhistoire-du-tramway\/"},"author":{"name":"La redaction","@id":"https:\/\/vosgesinfo.fr\/gerardmerinfo\/#\/schema\/person\/27a3695b06db98895b354c0765cdfc31"},"headline":"150 ans Office de Tourisme de G\u00e9rardmer : conf\u00e9rence sur l&rsquo;histoire du tramway","datePublished":"2025-09-07T15:33:53+00:00","dateModified":"2025-09-07T16:47:48+00:00","mainEntityOfPage":{"@id":"https:\/\/vosgesinfo.fr\/gerardmerinfo\/2025\/09\/150-ans-office-de-tourisme-de-gerardmer-conference-sur-lhistoire-du-tramway\/"},"wordCount":291,"commentCount":5,"publisher":{"@id":"https:\/\/vosgesinfo.fr\/gerardmerinfo\/#organization"},"image":{"@id":"https:\/\/vosgesinfo.fr\/gerardmerinfo\/2025\/09\/150-ans-office-de-tourisme-de-gerardmer-conference-sur-lhistoire-du-tramway\/#primaryimage"},"thumbnailUrl":"https:\/\/vosgesinfo.fr\/app\/uploads\/sites\/6\/2025\/09\/affiche-conf-tram-texture1.jpg","keywords":["MCL G\u00e9rardmer","office de tourisme","tramway vosgien"],"articleSection":["A la une","Culture","G\u00e9rardmer","Gerardmer"],"inLanguage":"fr-FR","potentialAction":[{"@type":"CommentAction","name":"Comment","target":["https:\/\/vosgesinfo.fr\/gerardmerinfo\/2025\/09\/150-ans-office-de-tourisme-de-gerardmer-conference-sur-lhistoire-du-tramway\/#respond"]}]},{"@type":"WebPage","@id":"https:\/\/vosgesinfo.fr\/gerardmerinfo\/2025\/09\/150-ans-office-de-tourisme-de-gerardmer-conference-sur-lhistoire-du-tramway\/","url":"https:\/\/vosgesinfo.fr\/gerardmerinfo\/2025\/09\/150-ans-office-de-tourisme-de-gerardmer-conference-sur-lhistoire-du-tramway\/","name":"150 ans Office de Tourisme de G\u00e9rardmer : conf\u00e9rence sur l'histoire du tramway - Gerardmer Info","isPartOf":{"@id":"https:\/\/vosgesinfo.fr\/gerardmerinfo\/#website"},"primaryImageOfPage":{"@id":"https:\/\/vosgesinfo.fr\/gerardmerinfo\/2025\/09\/150-ans-office-de-tourisme-de-gerardmer-conference-sur-lhistoire-du-tramway\/#primaryimage"},"image":{"@id":"https:\/\/vosgesinfo.fr\/gerardmerinfo\/2025\/09\/150-ans-office-de-tourisme-de-gerardmer-conference-sur-lhistoire-du-tramway\/#primaryimage"},"thumbnailUrl":"https:\/\/vosgesinfo.fr\/app\/uploads\/sites\/6\/2025\/09\/affiche-conf-tram-texture1.jpg","datePublished":"2025-09-07T15:33:53+00:00","dateModified":"2025-09-07T16:47:48+00:00","breadcrumb":{"@id":"https:\/\/vosgesinfo.fr\/gerardmerinfo\/2025\/09\/150-ans-office-de-tourisme-de-gerardmer-conference-sur-lhistoire-du-tramway\/#breadcrumb"},"inLanguage":"fr-FR","potentialAction":[{"@type":"ReadAction","target":["https:\/\/vosgesinfo.fr\/gerardmerinfo\/2025\/09\/150-ans-office-de-tourisme-de-gerardmer-conference-sur-lhistoire-du-tramway\/"]}]},{"@type":"ImageObject","inLanguage":"fr-FR","@id":"https:\/\/vosgesinfo.fr\/gerardmerinfo\/2025\/09\/150-ans-office-de-tourisme-de-gerardmer-conference-sur-lhistoire-du-tramway\/#primaryimage","url":"https:\/\/vosgesinfo.fr\/app\/uploads\/sites\/6\/2025\/09\/affiche-conf-tram-texture1.jpg","contentUrl":"https:\/\/vosgesinfo.fr\/app\/uploads\/sites\/6\/2025\/09\/affiche-conf-tram-texture1.jpg","width":842,"height":1191},{"@type":"BreadcrumbList","@id":"https:\/\/vosgesinfo.fr\/gerardmerinfo\/2025\/09\/150-ans-office-de-tourisme-de-gerardmer-conference-sur-lhistoire-du-tramway\/#breadcrumb","itemListElement":[{"@type":"ListItem","position":1,"name":"Home","item":"https:\/\/vosgesinfo.fr\/gerardmerinfo\/"},{"@type":"ListItem","position":2,"name":"150 ans Office de Tourisme de G\u00e9rardmer : conf\u00e9rence sur l&#8217;histoire du tramway"}]},{"@type":"WebSite","@id":"https:\/\/vosgesinfo.fr\/gerardmerinfo\/#website","url":"https:\/\/vosgesinfo.fr\/gerardmerinfo\/","name":"Gerardmer Info","description":"Toute l&#039;actualit\u00e9 de G\u00e9rardmer","publisher":{"@id":"https:\/\/vosgesinfo.fr\/gerardmerinfo\/#organization"},"alternateName":"Toute l'actualit\u00e9 de G\u00e9rardmer","potentialAction":[{"@type":"SearchAction","target":{"@type":"EntryPoint","urlTemplate":"https:\/\/vosgesinfo.fr\/gerardmerinfo\/?s={search_term_string}"},"query-input":"required name=search_term_string"}],"inLanguage":"fr-FR"},{"@type":"Organization","@id":"https:\/\/vosgesinfo.fr\/gerardmerinfo\/#organization","name":"Gerardmer Info","url":"https:\/\/vosgesinfo.fr\/gerardmerinfo\/","logo":{"@type":"ImageObject","inLanguage":"fr-FR","@id":"https:\/\/vosgesinfo.fr\/gerardmerinfo\/#\/schema\/logo\/image\/","url":"https:\/\/vosgesinfo.fr\/app\/uploads\/sites\/6\/2023\/08\/favicon-gerardmerinfo.png","contentUrl":"https:\/\/vosgesinfo.fr\/app\/uploads\/sites\/6\/2023\/08\/favicon-gerardmerinfo.png","width":512,"height":512,"caption":"Gerardmer Info"},"image":{"@id":"https:\/\/vosgesinfo.fr\/gerardmerinfo\/#\/schema\/logo\/image\/"},"sameAs":["https:\/\/www.facebook.com\/profile.php?id=100049475262660","https:\/\/x.com\/VosgesInfo88","https:\/\/www.youtube.com\/@vosgesinfo"]},{"@type":"Person","@id":"https:\/\/vosgesinfo.fr\/gerardmerinfo\/#\/schema\/person\/27a3695b06db98895b354c0765cdfc31","name":"La redaction","image":{"@type":"ImageObject","inLanguage":"fr-FR","@id":"https:\/\/vosgesinfo.fr\/gerardmerinfo\/#\/schema\/person\/image\/","url":"https:\/\/secure.gravatar.com\/avatar\/64c76a78e501cedee55736f43f332df901e1896ae9cd8fad269ae2236dd0e8b6?s=96&d=mm&r=g","contentUrl":"https:\/\/secure.gravatar.com\/avatar\/64c76a78e501cedee55736f43f332df901e1896ae9cd8fad269ae2236dd0e8b6?s=96&d=mm&r=g","caption":"La redaction"},"url":"https:\/\/vosgesinfo.fr\/gerardmerinfo\/author\/la-redaction\/"}]}},"_links":{"self":[{"href":"https:\/\/vosgesinfo.fr\/gerardmerinfo\/wp-json\/wp\/v2\/posts\/81871","targetHints":{"allow":["GET"]}}],"collection":[{"href":"https:\/\/vosgesinfo.fr\/gerardmerinfo\/wp-json\/wp\/v2\/posts"}],"about":[{"href":"https:\/\/vosgesinfo.fr\/gerardmerinfo\/wp-json\/wp\/v2\/types\/post"}],"author":[{"embeddable":true,"href":"https:\/\/vosgesinfo.fr\/gerardmerinfo\/wp-json\/wp\/v2\/users\/391"}],"replies":[{"embeddable":true,"href":"https:\/\/vosgesinfo.fr\/gerardmerinfo\/wp-json\/wp\/v2\/comments?post=81871"}],"version-history":[{"count":1,"href":"https:\/\/vosgesinfo.fr\/gerardmerinfo\/wp-json\/wp\/v2\/posts\/81871\/revisions"}],"predecessor-version":[{"id":81873,"href":"https:\/\/vosgesinfo.fr\/gerardmerinfo\/wp-json\/wp\/v2\/posts\/81871\/revisions\/81873"}],"wp:featuredmedia":[{"embeddable":true,"href":"https:\/\/vosgesinfo.fr\/gerardmerinfo\/wp-json\/wp\/v2\/media\/81872"}],"wp:attachment":[{"href":"https:\/\/vosgesinfo.fr\/gerardmerinfo\/wp-json\/wp\/v2\/media?parent=81871"}],"wp:term":[{"taxonomy":"category","embeddable":true,"href":"https:\/\/vosgesinfo.fr\/gerardmerinfo\/wp-json\/wp\/v2\/categories?post=81871"},{"taxonomy":"post_tag","embeddable":true,"href":"https:\/\/vosgesinfo.fr\/gerardmerinfo\/wp-json\/wp\/v2\/tags?post=81871"}],"curies":[{"name":"wp","href":"https:\/\/api.w.org\/{rel}","templated":true}]}}