{"id":81877,"date":"2025-09-03T05:57:35","date_gmt":"2025-09-03T03:57:35","guid":{"rendered":"https:\/\/vosgesinfo.fr\/gerardmerinfo\/?p=81877"},"modified":"2025-09-01T13:53:51","modified_gmt":"2025-09-01T11:53:51","slug":"gerardmer-fete-sa-rentree-2025-a-vos-agendas","status":"publish","type":"post","link":"https:\/\/vosgesinfo.fr\/gerardmerinfo\/2025\/09\/gerardmer-fete-sa-rentree-2025-a-vos-agendas\/","title":{"rendered":"G\u00e9rardmer F\u00eate sa Rentr\u00e9e 2025 : \u00e0 vos agendas !"},"content":{"rendered":"<p><strong>Tous \u00e0 vos agendas ! <\/strong><\/p>\n<p><a href=\"https:\/\/vosgesinfo.fr\/app\/uploads\/sites\/6\/2025\/09\/aff-gerardmerfeterentree-2025-v2-01.jpg\"><img decoding=\"async\" class=\"alignright size-medium wp-image-81878\" src=\"https:\/\/vosgesinfo.fr\/app\/uploads\/sites\/6\/2025\/09\/aff-gerardmerfeterentree-2025-v2-01-212x300.jpg\" alt=\"\" width=\"212\" height=\"300\" srcset=\"https:\/\/vosgesinfo.fr\/app\/uploads\/sites\/6\/2025\/09\/aff-gerardmerfeterentree-2025-v2-01-212x300.jpg 212w, https:\/\/vosgesinfo.fr\/app\/uploads\/sites\/6\/2025\/09\/aff-gerardmerfeterentree-2025-v2-01-725x1024.jpg 725w, https:\/\/vosgesinfo.fr\/app\/uploads\/sites\/6\/2025\/09\/aff-gerardmerfeterentree-2025-v2-01-768x1085.jpg 768w, https:\/\/vosgesinfo.fr\/app\/uploads\/sites\/6\/2025\/09\/aff-gerardmerfeterentree-2025-v2-01.jpg 1000w\" sizes=\"(max-width: 212px) 100vw, 212px\" \/><\/a>La Ville de G\u00e9rardmer vous donne rendez-vous le samedi 13 septembre 2025 \u00e0 la patinoire municipale pour \u00ab G\u00e9rardmer F\u00eate sa Rentr\u00e9e \u00bb, un \u00e9v\u00e9nement convivial qui marque la rentr\u00e9e et le retour \u00e0 la vie locale associative !<\/p>\n<p>&nbsp;<\/p>\n<p><strong>Pensez \u00e0 votre adh\u00e9sion ! <\/strong><\/p>\n<p>Les associations de G\u00e9rardmer vous invitent \u00e0 d\u00e9couvrir leurs activit\u00e9s entre 13h et 17h. Ce moment d\u2019\u00e9change sera l\u2019occasion pour elles de pr\u00e9senter leurs actions, de rencontrer de nouveaux adh\u00e9rents et de contribuer \u00e0 la vitalit\u00e9 de la vie associative de notre commune.<\/p>\n<p>&nbsp;<\/p>\n<p><strong>Une labellisation qui rassemble !<\/strong><\/p>\n<p>Cette ann\u00e9e, la f\u00eate prend une dimension particuli\u00e8re : labellis\u00e9e \u00ab\u00a0F\u00eate du Sport 2025\u00a0\u00bb par le Minist\u00e8re des Sports, cette \u00e9dition mettra un coup de projecteur sur l\u2019engagement associatif, la pratique sportive pour tous et la solidarit\u00e9 locale. Ce label s\u2019inscrit dans la dynamique h\u00e9rit\u00e9e des Jeux Olympiques de Paris 2024, en visant \u00e0 p\u00e9renniser l\u2019engouement autour du sport partout en France.<\/p>\n<p>&nbsp;<\/p>\n<p><strong>La buvette solidaire est l\u00e0 ! <\/strong><\/p>\n<p>L\u2019int\u00e9gralit\u00e9 des b\u00e9n\u00e9fices de la buvette sera revers\u00e9e \u00e0 l\u2019association \u00ab Le Sourire de Sarah \u00bb qui \u0153uvre en faveur du bien-\u00eatre des enfants hospitalis\u00e9s et de leurs familles. Un geste simple pour contribuer, en toute convivialit\u00e9, \u00e0 une cause qui nous rassemble.<\/p>\n","protected":false},"excerpt":{"rendered":"<p>Tous \u00e0 vos agendas ! La Ville de G\u00e9rardmer vous donne rendez-vous le samedi 13 septembre 2025 \u00e0 la patinoire [&hellip;]<\/p>\n","protected":false},"author":391,"featured_media":81878,"comment_status":"open","ping_status":"open","sticky":false,"template":"","format":"standard","meta":{"footnotes":""},"categories":[20,25,5647,17],"tags":[],"class_list":["post-81877","post","type-post","status-publish","format-standard","has-post-thumbnail","hentry","category-a-la-une","category-gerardmer","category-gerardmer-autres-sites","category-vie-associative"],"acf":[],"yoast_head":"<!-- This site is optimized with the Yoast SEO plugin v22.5 - https:\/\/yoast.com\/wordpress\/plugins\/seo\/ -->\n<title>G\u00e9rardmer F\u00eate sa Rentr\u00e9e 2025 : \u00e0 vos agendas ! - Gerardmer Info<\/title>\n<meta name=\"robots\" content=\"index, follow, max-snippet:-1, max-image-preview:large, max-video-preview:-1\" \/>\n<link rel=\"canonical\" href=\"https:\/\/vosgesinfo.fr\/gerardmerinfo\/2025\/09\/gerardmer-fete-sa-rentree-2025-a-vos-agendas\/\" \/>\n<meta name=\"twitter:card\" content=\"summary_large_image\" \/>\n<meta name=\"twitter:title\" content=\"G\u00e9rardmer F\u00eate sa Rentr\u00e9e 2025 : \u00e0 vos agendas ! - Gerardmer Info\" \/>\n<meta name=\"twitter:description\" content=\"Tous \u00e0 vos agendas ! La Ville de G\u00e9rardmer vous donne rendez-vous le samedi 13 septembre 2025 \u00e0 la patinoire [&hellip;]\" \/>\n<meta name=\"twitter:image\" content=\"https:\/\/vosgesinfo.fr\/app\/uploads\/sites\/6\/2025\/09\/aff-gerardmerfeterentree-2025-v2-01.jpg\" \/>\n<meta name=\"twitter:creator\" content=\"@VosgesInfo88\" \/>\n<meta name=\"twitter:site\" content=\"@VosgesInfo88\" \/>\n<meta name=\"twitter:label1\" content=\"\u00c9crit par\" \/>\n\t<meta name=\"twitter:data1\" content=\"La redaction\" \/>\n\t<meta name=\"twitter:label2\" content=\"Dur\u00e9e de lecture estim\u00e9e\" \/>\n\t<meta name=\"twitter:data2\" content=\"2 minutes\" \/>\n<script type=\"application\/ld+json\" class=\"yoast-schema-graph\">{\"@context\":\"https:\/\/schema.org\",\"@graph\":[{\"@type\":\"Article\",\"@id\":\"https:\/\/vosgesinfo.fr\/gerardmerinfo\/2025\/09\/gerardmer-fete-sa-rentree-2025-a-vos-agendas\/#article\",\"isPartOf\":{\"@id\":\"https:\/\/vosgesinfo.fr\/gerardmerinfo\/2025\/09\/gerardmer-fete-sa-rentree-2025-a-vos-agendas\/\"},\"author\":{\"name\":\"La redaction\",\"@id\":\"https:\/\/vosgesinfo.fr\/gerardmerinfo\/#\/schema\/person\/27a3695b06db98895b354c0765cdfc31\"},\"headline\":\"G\u00e9rardmer F\u00eate sa Rentr\u00e9e 2025 : \u00e0 vos agendas !\",\"datePublished\":\"2025-09-03T03:57:35+00:00\",\"dateModified\":\"2025-09-01T11:53:51+00:00\",\"mainEntityOfPage\":{\"@id\":\"https:\/\/vosgesinfo.fr\/gerardmerinfo\/2025\/09\/gerardmer-fete-sa-rentree-2025-a-vos-agendas\/\"},\"wordCount\":231,\"commentCount\":2,\"publisher\":{\"@id\":\"https:\/\/vosgesinfo.fr\/gerardmerinfo\/#organization\"},\"image\":{\"@id\":\"https:\/\/vosgesinfo.fr\/gerardmerinfo\/2025\/09\/gerardmer-fete-sa-rentree-2025-a-vos-agendas\/#primaryimage\"},\"thumbnailUrl\":\"https:\/\/vosgesinfo.fr\/app\/uploads\/sites\/6\/2025\/09\/aff-gerardmerfeterentree-2025-v2-01.jpg\",\"articleSection\":[\"A la une\",\"G\u00e9rardmer\",\"Gerardmer\",\"Vie Associative\"],\"inLanguage\":\"fr-FR\",\"potentialAction\":[{\"@type\":\"CommentAction\",\"name\":\"Comment\",\"target\":[\"https:\/\/vosgesinfo.fr\/gerardmerinfo\/2025\/09\/gerardmer-fete-sa-rentree-2025-a-vos-agendas\/#respond\"]}]},{\"@type\":\"WebPage\",\"@id\":\"https:\/\/vosgesinfo.fr\/gerardmerinfo\/2025\/09\/gerardmer-fete-sa-rentree-2025-a-vos-agendas\/\",\"url\":\"https:\/\/vosgesinfo.fr\/gerardmerinfo\/2025\/09\/gerardmer-fete-sa-rentree-2025-a-vos-agendas\/\",\"name\":\"G\u00e9rardmer F\u00eate sa Rentr\u00e9e 2025 : \u00e0 vos agendas ! - Gerardmer Info\",\"isPartOf\":{\"@id\":\"https:\/\/vosgesinfo.fr\/gerardmerinfo\/#website\"},\"primaryImageOfPage\":{\"@id\":\"https:\/\/vosgesinfo.fr\/gerardmerinfo\/2025\/09\/gerardmer-fete-sa-rentree-2025-a-vos-agendas\/#primaryimage\"},\"image\":{\"@id\":\"https:\/\/vosgesinfo.fr\/gerardmerinfo\/2025\/09\/gerardmer-fete-sa-rentree-2025-a-vos-agendas\/#primaryimage\"},\"thumbnailUrl\":\"https:\/\/vosgesinfo.fr\/app\/uploads\/sites\/6\/2025\/09\/aff-gerardmerfeterentree-2025-v2-01.jpg\",\"datePublished\":\"2025-09-03T03:57:35+00:00\",\"dateModified\":\"2025-09-01T11:53:51+00:00\",\"breadcrumb\":{\"@id\":\"https:\/\/vosgesinfo.fr\/gerardmerinfo\/2025\/09\/gerardmer-fete-sa-rentree-2025-a-vos-agendas\/#breadcrumb\"},\"inLanguage\":\"fr-FR\",\"potentialAction\":[{\"@type\":\"ReadAction\",\"target\":[\"https:\/\/vosgesinfo.fr\/gerardmerinfo\/2025\/09\/gerardmer-fete-sa-rentree-2025-a-vos-agendas\/\"]}]},{\"@type\":\"ImageObject\",\"inLanguage\":\"fr-FR\",\"@id\":\"https:\/\/vosgesinfo.fr\/gerardmerinfo\/2025\/09\/gerardmer-fete-sa-rentree-2025-a-vos-agendas\/#primaryimage\",\"url\":\"https:\/\/vosgesinfo.fr\/app\/uploads\/sites\/6\/2025\/09\/aff-gerardmerfeterentree-2025-v2-01.jpg\",\"contentUrl\":\"https:\/\/vosgesinfo.fr\/app\/uploads\/sites\/6\/2025\/09\/aff-gerardmerfeterentree-2025-v2-01.jpg\",\"width\":1000,\"height\":1413},{\"@type\":\"BreadcrumbList\",\"@id\":\"https:\/\/vosgesinfo.fr\/gerardmerinfo\/2025\/09\/gerardmer-fete-sa-rentree-2025-a-vos-agendas\/#breadcrumb\",\"itemListElement\":[{\"@type\":\"ListItem\",\"position\":1,\"name\":\"Home\",\"item\":\"https:\/\/vosgesinfo.fr\/gerardmerinfo\/\"},{\"@type\":\"ListItem\",\"position\":2,\"name\":\"G\u00e9rardmer F\u00eate sa Rentr\u00e9e 2025 : \u00e0 vos agendas !\"}]},{\"@type\":\"WebSite\",\"@id\":\"https:\/\/vosgesinfo.fr\/gerardmerinfo\/#website\",\"url\":\"https:\/\/vosgesinfo.fr\/gerardmerinfo\/\",\"name\":\"Gerardmer Info\",\"description\":\"Toute l&#039;actualit\u00e9 de G\u00e9rardmer\",\"publisher\":{\"@id\":\"https:\/\/vosgesinfo.fr\/gerardmerinfo\/#organization\"},\"alternateName\":\"Toute l'actualit\u00e9 de G\u00e9rardmer\",\"potentialAction\":[{\"@type\":\"SearchAction\",\"target\":{\"@type\":\"EntryPoint\",\"urlTemplate\":\"https:\/\/vosgesinfo.fr\/gerardmerinfo\/?s={search_term_string}\"},\"query-input\":\"required name=search_term_string\"}],\"inLanguage\":\"fr-FR\"},{\"@type\":\"Organization\",\"@id\":\"https:\/\/vosgesinfo.fr\/gerardmerinfo\/#organization\",\"name\":\"Gerardmer Info\",\"url\":\"https:\/\/vosgesinfo.fr\/gerardmerinfo\/\",\"logo\":{\"@type\":\"ImageObject\",\"inLanguage\":\"fr-FR\",\"@id\":\"https:\/\/vosgesinfo.fr\/gerardmerinfo\/#\/schema\/logo\/image\/\",\"url\":\"https:\/\/vosgesinfo.fr\/app\/uploads\/sites\/6\/2023\/08\/favicon-gerardmerinfo.png\",\"contentUrl\":\"https:\/\/vosgesinfo.fr\/app\/uploads\/sites\/6\/2023\/08\/favicon-gerardmerinfo.png\",\"width\":512,\"height\":512,\"caption\":\"Gerardmer Info\"},\"image\":{\"@id\":\"https:\/\/vosgesinfo.fr\/gerardmerinfo\/#\/schema\/logo\/image\/\"},\"sameAs\":[\"https:\/\/www.facebook.com\/profile.php?id=100049475262660\",\"https:\/\/x.com\/VosgesInfo88\",\"https:\/\/www.youtube.com\/@vosgesinfo\"]},{\"@type\":\"Person\",\"@id\":\"https:\/\/vosgesinfo.fr\/gerardmerinfo\/#\/schema\/person\/27a3695b06db98895b354c0765cdfc31\",\"name\":\"La redaction\",\"image\":{\"@type\":\"ImageObject\",\"inLanguage\":\"fr-FR\",\"@id\":\"https:\/\/vosgesinfo.fr\/gerardmerinfo\/#\/schema\/person\/image\/\",\"url\":\"https:\/\/secure.gravatar.com\/avatar\/64c76a78e501cedee55736f43f332df901e1896ae9cd8fad269ae2236dd0e8b6?s=96&d=mm&r=g\",\"contentUrl\":\"https:\/\/secure.gravatar.com\/avatar\/64c76a78e501cedee55736f43f332df901e1896ae9cd8fad269ae2236dd0e8b6?s=96&d=mm&r=g\",\"caption\":\"La redaction\"},\"url\":\"https:\/\/vosgesinfo.fr\/gerardmerinfo\/author\/la-redaction\/\"}]}<\/script>\n<!-- \/ Yoast SEO plugin. -->","yoast_head_json":{"title":"G\u00e9rardmer F\u00eate sa Rentr\u00e9e 2025 : \u00e0 vos agendas ! - Gerardmer Info","robots":{"index":"index","follow":"follow","max-snippet":"max-snippet:-1","max-image-preview":"max-image-preview:large","max-video-preview":"max-video-preview:-1"},"canonical":"https:\/\/vosgesinfo.fr\/gerardmerinfo\/2025\/09\/gerardmer-fete-sa-rentree-2025-a-vos-agendas\/","twitter_card":"summary_large_image","twitter_title":"G\u00e9rardmer F\u00eate sa Rentr\u00e9e 2025 : \u00e0 vos agendas ! - Gerardmer Info","twitter_description":"Tous \u00e0 vos agendas ! La Ville de G\u00e9rardmer vous donne rendez-vous le samedi 13 septembre 2025 \u00e0 la patinoire [&hellip;]","twitter_image":"https:\/\/vosgesinfo.fr\/app\/uploads\/sites\/6\/2025\/09\/aff-gerardmerfeterentree-2025-v2-01.jpg","twitter_creator":"@VosgesInfo88","twitter_site":"@VosgesInfo88","twitter_misc":{"\u00c9crit par":"La redaction","Dur\u00e9e de lecture estim\u00e9e":"2 minutes"},"schema":{"@context":"https:\/\/schema.org","@graph":[{"@type":"Article","@id":"https:\/\/vosgesinfo.fr\/gerardmerinfo\/2025\/09\/gerardmer-fete-sa-rentree-2025-a-vos-agendas\/#article","isPartOf":{"@id":"https:\/\/vosgesinfo.fr\/gerardmerinfo\/2025\/09\/gerardmer-fete-sa-rentree-2025-a-vos-agendas\/"},"author":{"name":"La redaction","@id":"https:\/\/vosgesinfo.fr\/gerardmerinfo\/#\/schema\/person\/27a3695b06db98895b354c0765cdfc31"},"headline":"G\u00e9rardmer F\u00eate sa Rentr\u00e9e 2025 : \u00e0 vos agendas !","datePublished":"2025-09-03T03:57:35+00:00","dateModified":"2025-09-01T11:53:51+00:00","mainEntityOfPage":{"@id":"https:\/\/vosgesinfo.fr\/gerardmerinfo\/2025\/09\/gerardmer-fete-sa-rentree-2025-a-vos-agendas\/"},"wordCount":231,"commentCount":2,"publisher":{"@id":"https:\/\/vosgesinfo.fr\/gerardmerinfo\/#organization"},"image":{"@id":"https:\/\/vosgesinfo.fr\/gerardmerinfo\/2025\/09\/gerardmer-fete-sa-rentree-2025-a-vos-agendas\/#primaryimage"},"thumbnailUrl":"https:\/\/vosgesinfo.fr\/app\/uploads\/sites\/6\/2025\/09\/aff-gerardmerfeterentree-2025-v2-01.jpg","articleSection":["A la une","G\u00e9rardmer","Gerardmer","Vie Associative"],"inLanguage":"fr-FR","potentialAction":[{"@type":"CommentAction","name":"Comment","target":["https:\/\/vosgesinfo.fr\/gerardmerinfo\/2025\/09\/gerardmer-fete-sa-rentree-2025-a-vos-agendas\/#respond"]}]},{"@type":"WebPage","@id":"https:\/\/vosgesinfo.fr\/gerardmerinfo\/2025\/09\/gerardmer-fete-sa-rentree-2025-a-vos-agendas\/","url":"https:\/\/vosgesinfo.fr\/gerardmerinfo\/2025\/09\/gerardmer-fete-sa-rentree-2025-a-vos-agendas\/","name":"G\u00e9rardmer F\u00eate sa Rentr\u00e9e 2025 : \u00e0 vos agendas ! - Gerardmer Info","isPartOf":{"@id":"https:\/\/vosgesinfo.fr\/gerardmerinfo\/#website"},"primaryImageOfPage":{"@id":"https:\/\/vosgesinfo.fr\/gerardmerinfo\/2025\/09\/gerardmer-fete-sa-rentree-2025-a-vos-agendas\/#primaryimage"},"image":{"@id":"https:\/\/vosgesinfo.fr\/gerardmerinfo\/2025\/09\/gerardmer-fete-sa-rentree-2025-a-vos-agendas\/#primaryimage"},"thumbnailUrl":"https:\/\/vosgesinfo.fr\/app\/uploads\/sites\/6\/2025\/09\/aff-gerardmerfeterentree-2025-v2-01.jpg","datePublished":"2025-09-03T03:57:35+00:00","dateModified":"2025-09-01T11:53:51+00:00","breadcrumb":{"@id":"https:\/\/vosgesinfo.fr\/gerardmerinfo\/2025\/09\/gerardmer-fete-sa-rentree-2025-a-vos-agendas\/#breadcrumb"},"inLanguage":"fr-FR","potentialAction":[{"@type":"ReadAction","target":["https:\/\/vosgesinfo.fr\/gerardmerinfo\/2025\/09\/gerardmer-fete-sa-rentree-2025-a-vos-agendas\/"]}]},{"@type":"ImageObject","inLanguage":"fr-FR","@id":"https:\/\/vosgesinfo.fr\/gerardmerinfo\/2025\/09\/gerardmer-fete-sa-rentree-2025-a-vos-agendas\/#primaryimage","url":"https:\/\/vosgesinfo.fr\/app\/uploads\/sites\/6\/2025\/09\/aff-gerardmerfeterentree-2025-v2-01.jpg","contentUrl":"https:\/\/vosgesinfo.fr\/app\/uploads\/sites\/6\/2025\/09\/aff-gerardmerfeterentree-2025-v2-01.jpg","width":1000,"height":1413},{"@type":"BreadcrumbList","@id":"https:\/\/vosgesinfo.fr\/gerardmerinfo\/2025\/09\/gerardmer-fete-sa-rentree-2025-a-vos-agendas\/#breadcrumb","itemListElement":[{"@type":"ListItem","position":1,"name":"Home","item":"https:\/\/vosgesinfo.fr\/gerardmerinfo\/"},{"@type":"ListItem","position":2,"name":"G\u00e9rardmer F\u00eate sa Rentr\u00e9e 2025 : \u00e0 vos agendas !"}]},{"@type":"WebSite","@id":"https:\/\/vosgesinfo.fr\/gerardmerinfo\/#website","url":"https:\/\/vosgesinfo.fr\/gerardmerinfo\/","name":"Gerardmer Info","description":"Toute l&#039;actualit\u00e9 de G\u00e9rardmer","publisher":{"@id":"https:\/\/vosgesinfo.fr\/gerardmerinfo\/#organization"},"alternateName":"Toute l'actualit\u00e9 de G\u00e9rardmer","potentialAction":[{"@type":"SearchAction","target":{"@type":"EntryPoint","urlTemplate":"https:\/\/vosgesinfo.fr\/gerardmerinfo\/?s={search_term_string}"},"query-input":"required name=search_term_string"}],"inLanguage":"fr-FR"},{"@type":"Organization","@id":"https:\/\/vosgesinfo.fr\/gerardmerinfo\/#organization","name":"Gerardmer Info","url":"https:\/\/vosgesinfo.fr\/gerardmerinfo\/","logo":{"@type":"ImageObject","inLanguage":"fr-FR","@id":"https:\/\/vosgesinfo.fr\/gerardmerinfo\/#\/schema\/logo\/image\/","url":"https:\/\/vosgesinfo.fr\/app\/uploads\/sites\/6\/2023\/08\/favicon-gerardmerinfo.png","contentUrl":"https:\/\/vosgesinfo.fr\/app\/uploads\/sites\/6\/2023\/08\/favicon-gerardmerinfo.png","width":512,"height":512,"caption":"Gerardmer Info"},"image":{"@id":"https:\/\/vosgesinfo.fr\/gerardmerinfo\/#\/schema\/logo\/image\/"},"sameAs":["https:\/\/www.facebook.com\/profile.php?id=100049475262660","https:\/\/x.com\/VosgesInfo88","https:\/\/www.youtube.com\/@vosgesinfo"]},{"@type":"Person","@id":"https:\/\/vosgesinfo.fr\/gerardmerinfo\/#\/schema\/person\/27a3695b06db98895b354c0765cdfc31","name":"La redaction","image":{"@type":"ImageObject","inLanguage":"fr-FR","@id":"https:\/\/vosgesinfo.fr\/gerardmerinfo\/#\/schema\/person\/image\/","url":"https:\/\/secure.gravatar.com\/avatar\/64c76a78e501cedee55736f43f332df901e1896ae9cd8fad269ae2236dd0e8b6?s=96&d=mm&r=g","contentUrl":"https:\/\/secure.gravatar.com\/avatar\/64c76a78e501cedee55736f43f332df901e1896ae9cd8fad269ae2236dd0e8b6?s=96&d=mm&r=g","caption":"La redaction"},"url":"https:\/\/vosgesinfo.fr\/gerardmerinfo\/author\/la-redaction\/"}]}},"_links":{"self":[{"href":"https:\/\/vosgesinfo.fr\/gerardmerinfo\/wp-json\/wp\/v2\/posts\/81877","targetHints":{"allow":["GET"]}}],"collection":[{"href":"https:\/\/vosgesinfo.fr\/gerardmerinfo\/wp-json\/wp\/v2\/posts"}],"about":[{"href":"https:\/\/vosgesinfo.fr\/gerardmerinfo\/wp-json\/wp\/v2\/types\/post"}],"author":[{"embeddable":true,"href":"https:\/\/vosgesinfo.fr\/gerardmerinfo\/wp-json\/wp\/v2\/users\/391"}],"replies":[{"embeddable":true,"href":"https:\/\/vosgesinfo.fr\/gerardmerinfo\/wp-json\/wp\/v2\/comments?post=81877"}],"version-history":[{"count":3,"href":"https:\/\/vosgesinfo.fr\/gerardmerinfo\/wp-json\/wp\/v2\/posts\/81877\/revisions"}],"predecessor-version":[{"id":81881,"href":"https:\/\/vosgesinfo.fr\/gerardmerinfo\/wp-json\/wp\/v2\/posts\/81877\/revisions\/81881"}],"wp:featuredmedia":[{"embeddable":true,"href":"https:\/\/vosgesinfo.fr\/gerardmerinfo\/wp-json\/wp\/v2\/media\/81878"}],"wp:attachment":[{"href":"https:\/\/vosgesinfo.fr\/gerardmerinfo\/wp-json\/wp\/v2\/media?parent=81877"}],"wp:term":[{"taxonomy":"category","embeddable":true,"href":"https:\/\/vosgesinfo.fr\/gerardmerinfo\/wp-json\/wp\/v2\/categories?post=81877"},{"taxonomy":"post_tag","embeddable":true,"href":"https:\/\/vosgesinfo.fr\/gerardmerinfo\/wp-json\/wp\/v2\/tags?post=81877"}],"curies":[{"name":"wp","href":"https:\/\/api.w.org\/{rel}","templated":true}]}}