{"id":81956,"date":"2025-09-03T17:05:19","date_gmt":"2025-09-03T15:05:19","guid":{"rendered":"https:\/\/vosgesinfo.fr\/gerardmerinfo\/?p=81956"},"modified":"2025-09-03T12:04:51","modified_gmt":"2025-09-03T10:04:51","slug":"ecole-de-musique-intercommunale-un-nouvel-enseignant-et-un-projet-autour-des-cuivres","status":"publish","type":"post","link":"https:\/\/vosgesinfo.fr\/gerardmerinfo\/2025\/09\/ecole-de-musique-intercommunale-un-nouvel-enseignant-et-un-projet-autour-des-cuivres\/","title":{"rendered":"\u00c9cole de musique intercommunale &#8211; Un nouvel enseignant et un projet autour des cuivres"},"content":{"rendered":"<p data-pm-slice=\"1 1 []\"><a href=\"https:\/\/vosgesinfo.fr\/app\/uploads\/sites\/6\/2025\/09\/rentree-ecole-musique-1.jpg\"><img decoding=\"async\" class=\"aligncenter size-large wp-image-81960\" src=\"https:\/\/vosgesinfo.fr\/app\/uploads\/sites\/6\/2025\/09\/rentree-ecole-musique-1-1024x768.jpg\" alt=\"\" width=\"1024\" height=\"768\" srcset=\"https:\/\/vosgesinfo.fr\/app\/uploads\/sites\/6\/2025\/09\/rentree-ecole-musique-1-1024x768.jpg 1024w, https:\/\/vosgesinfo.fr\/app\/uploads\/sites\/6\/2025\/09\/rentree-ecole-musique-1-300x225.jpg 300w, https:\/\/vosgesinfo.fr\/app\/uploads\/sites\/6\/2025\/09\/rentree-ecole-musique-1-768x576.jpg 768w, https:\/\/vosgesinfo.fr\/app\/uploads\/sites\/6\/2025\/09\/rentree-ecole-musique-1-1536x1152.jpg 1536w, https:\/\/vosgesinfo.fr\/app\/uploads\/sites\/6\/2025\/09\/rentree-ecole-musique-1.jpg 2048w\" sizes=\"(max-width: 1024px) 100vw, 1024px\" \/><\/a><\/p>\n<p data-pm-slice=\"1 1 []\">Les professeurs de l&rsquo;\u00e9cole de musique intercommunale \u00e9taient r\u00e9unis ce mardi autour du directeur Ludovic B\u00e9rard dans le cadre de la traditionnelle r\u00e9union de rentr\u00e9e qui a permis de d\u00e9voiler les projets qui rythmeront la nouvelle ann\u00e9e 2025-2026. L&rsquo;\u00e9cole, qui compte environ 350 \u00e9l\u00e8ves (chiffre stable), a \u00e9galement accueilli un nouvel enseignant, en la personne de Florent Chaumont, professeur de violon alto originaire d&rsquo;Adol.<\/p>\n<p><a href=\"https:\/\/vosgesinfo.fr\/app\/uploads\/sites\/6\/2025\/09\/rentree-ecole-musique-2.jpg\"><img decoding=\"async\" class=\"alignright size-medium wp-image-81959\" src=\"https:\/\/vosgesinfo.fr\/app\/uploads\/sites\/6\/2025\/09\/rentree-ecole-musique-2-300x225.jpg\" alt=\"\" width=\"300\" height=\"225\" srcset=\"https:\/\/vosgesinfo.fr\/app\/uploads\/sites\/6\/2025\/09\/rentree-ecole-musique-2-300x225.jpg 300w, https:\/\/vosgesinfo.fr\/app\/uploads\/sites\/6\/2025\/09\/rentree-ecole-musique-2-1024x768.jpg 1024w, https:\/\/vosgesinfo.fr\/app\/uploads\/sites\/6\/2025\/09\/rentree-ecole-musique-2-768x576.jpg 768w, https:\/\/vosgesinfo.fr\/app\/uploads\/sites\/6\/2025\/09\/rentree-ecole-musique-2-1536x1152.jpg 1536w, https:\/\/vosgesinfo.fr\/app\/uploads\/sites\/6\/2025\/09\/rentree-ecole-musique-2.jpg 2048w\" sizes=\"(max-width: 300px) 100vw, 300px\" \/><\/a>Ce dernier a fait ses premiers pas dans le monde de la musique \u00e0 l&rsquo;\u00e2ge de 6 ans \u00e0 \u00c9pinal sous la houlette de Marie Triplet. Il\u00a0a poursuivi son parcours \u00e0 Besan\u00e7on jusqu&rsquo;au BAC, puis \u00e0 Boulogne-Billancourt et \u00e0 l&rsquo;\u00c9cole normale de musique de Paris avec Pierre-Henri Xuereb qu&rsquo;il suivra \u00e9galement au conservatoire de Li\u00e8ge en 2017. Durant ses ann\u00e9es d&rsquo;\u00e9tudes, il obtiendra\u00a03 masters au conservatoire : un master solo en alto, un master en musique de chambre, un master en musique d&rsquo;orchestre, sans oublier un master 1 en didactique. Florent Chaumont aime enseigner dans un climat de bienveillance et de partage et souhaite donner le go\u00fbt de la musique \u00e0 ses \u00e9l\u00e8ves autour d&rsquo;un r\u00e9pertoire vari\u00e9. En parall\u00e8le, il joue \u00e9galement au sein d&rsquo;Orchestre Plus \u00e0 Saint-Di\u00e9 et encadre d\u00e9j\u00e0 une classe de violon-alto \u00e0 Saint-Michel-sur-Meurthe.<\/p>\n<p>Concernant les projets de l&rsquo;\u00e9cole, Ludovic B\u00e9rard a notamment \u00e9voqu\u00e9 la venue d\u2019\u00c9milien V\u00e9ret les 18 et 19 octobre pour un week-end autour des musiques actuelles et du monde. Son projet \u00ab\u00a0Clarinette Urbaine\u00a0\u00bb permettra de d\u00e9velopper la pratique d&rsquo;un instrument, avec des impros, l&rsquo;utilisation de p\u00e9dales d&rsquo;effet, etc. Une masterclass et des concerts seront \u00e9galement au programme. Un projet autour des cuivres est \u00e9galement en gestation avec entre autres l&rsquo;exposition itin\u00e9rante via le \u00ab\u00a0Mic Mac\u00a0\u00bb (<strong>M<\/strong>us\u00e9e <strong>I<\/strong>nstrumental des <strong>C<\/strong>uivres, <strong>M<\/strong>usiques <strong>A<\/strong>ntiques \u00e0 <strong>C<\/strong>ontemporaines) qui comporte des centaines d&rsquo;instruments anciens dont certains ont \u00e9t\u00e9 construits\/reconstruits par Guy Estimbre lui-m\u00eame, cr\u00e9ateur de l&rsquo;exposition. L&rsquo;\u00e9v\u00e8nement devrait prendre forme prochainement et les dates envisag\u00e9es sont du premier au 14 juin 2026. Affaire \u00e0 suivre !<\/p>\n<p>En ce qui concerne les concerts \u00e0 venir, le premier de la saison aura lieu le dimanche 21 septembre \u00e0 15 h 00 sur le site de Granges-Aumontzey avec la chorale \u00ab\u00a0Accords et \u00e0 chant\u00a0\u00bb avec un programme autour des musiques mariales.\u00a0 Notez enfin que le traditionnel concert de No\u00ebl est quant \u00e0 lui programm\u00e9 le 12 d\u00e9cembre \u00e0 20 h 00, toujours \u00e0 l&rsquo;espace LAC.<\/p>\n<p>&nbsp;<\/p>\n","protected":false},"excerpt":{"rendered":"<p>Les professeurs de l&rsquo;\u00e9cole de musique intercommunale \u00e9taient r\u00e9unis ce mardi autour du directeur Ludovic B\u00e9rard dans le cadre de [&hellip;]<\/p>\n","protected":false},"author":42,"featured_media":81960,"comment_status":"open","ping_status":"open","sticky":false,"template":"","format":"standard","meta":{"footnotes":""},"categories":[20,4,5647],"tags":[],"class_list":["post-81956","post","type-post","status-publish","format-standard","has-post-thumbnail","hentry","category-a-la-une","category-culture","category-gerardmer-autres-sites"],"acf":[],"yoast_head":"<!-- This site is optimized with the Yoast SEO plugin v22.5 - https:\/\/yoast.com\/wordpress\/plugins\/seo\/ -->\n<title>\u00c9cole de musique intercommunale - Un nouvel enseignant et un projet autour des cuivres - Gerardmer Info<\/title>\n<meta name=\"robots\" content=\"index, follow, max-snippet:-1, max-image-preview:large, max-video-preview:-1\" \/>\n<link rel=\"canonical\" href=\"https:\/\/vosgesinfo.fr\/gerardmerinfo\/2025\/09\/ecole-de-musique-intercommunale-un-nouvel-enseignant-et-un-projet-autour-des-cuivres\/\" \/>\n<meta name=\"twitter:card\" content=\"summary_large_image\" \/>\n<meta name=\"twitter:title\" content=\"\u00c9cole de musique intercommunale - Un nouvel enseignant et un projet autour des cuivres - Gerardmer Info\" \/>\n<meta name=\"twitter:description\" content=\"Les professeurs de l&rsquo;\u00e9cole de musique intercommunale \u00e9taient r\u00e9unis ce mardi autour du directeur Ludovic B\u00e9rard dans le cadre de [&hellip;]\" \/>\n<meta name=\"twitter:image\" content=\"https:\/\/vosgesinfo.fr\/app\/uploads\/sites\/6\/2025\/09\/rentree-ecole-musique-1.jpg\" \/>\n<meta name=\"twitter:creator\" content=\"@VosgesInfo88\" \/>\n<meta name=\"twitter:site\" content=\"@VosgesInfo88\" \/>\n<meta name=\"twitter:label1\" content=\"\u00c9crit par\" \/>\n\t<meta name=\"twitter:data1\" content=\"QG\" \/>\n\t<meta name=\"twitter:label2\" content=\"Dur\u00e9e de lecture estim\u00e9e\" \/>\n\t<meta name=\"twitter:data2\" content=\"3 minutes\" \/>\n<script type=\"application\/ld+json\" class=\"yoast-schema-graph\">{\"@context\":\"https:\/\/schema.org\",\"@graph\":[{\"@type\":\"Article\",\"@id\":\"https:\/\/vosgesinfo.fr\/gerardmerinfo\/2025\/09\/ecole-de-musique-intercommunale-un-nouvel-enseignant-et-un-projet-autour-des-cuivres\/#article\",\"isPartOf\":{\"@id\":\"https:\/\/vosgesinfo.fr\/gerardmerinfo\/2025\/09\/ecole-de-musique-intercommunale-un-nouvel-enseignant-et-un-projet-autour-des-cuivres\/\"},\"author\":{\"name\":\"QG\",\"@id\":\"https:\/\/vosgesinfo.fr\/gerardmerinfo\/#\/schema\/person\/db5605779a843dad16b5368f3e7613a5\"},\"headline\":\"\u00c9cole de musique intercommunale &#8211; Un nouvel enseignant et un projet autour des cuivres\",\"datePublished\":\"2025-09-03T15:05:19+00:00\",\"dateModified\":\"2025-09-03T10:04:51+00:00\",\"mainEntityOfPage\":{\"@id\":\"https:\/\/vosgesinfo.fr\/gerardmerinfo\/2025\/09\/ecole-de-musique-intercommunale-un-nouvel-enseignant-et-un-projet-autour-des-cuivres\/\"},\"wordCount\":421,\"commentCount\":0,\"publisher\":{\"@id\":\"https:\/\/vosgesinfo.fr\/gerardmerinfo\/#organization\"},\"image\":{\"@id\":\"https:\/\/vosgesinfo.fr\/gerardmerinfo\/2025\/09\/ecole-de-musique-intercommunale-un-nouvel-enseignant-et-un-projet-autour-des-cuivres\/#primaryimage\"},\"thumbnailUrl\":\"https:\/\/vosgesinfo.fr\/app\/uploads\/sites\/6\/2025\/09\/rentree-ecole-musique-1.jpg\",\"articleSection\":[\"A la une\",\"Culture\",\"Gerardmer\"],\"inLanguage\":\"fr-FR\",\"potentialAction\":[{\"@type\":\"CommentAction\",\"name\":\"Comment\",\"target\":[\"https:\/\/vosgesinfo.fr\/gerardmerinfo\/2025\/09\/ecole-de-musique-intercommunale-un-nouvel-enseignant-et-un-projet-autour-des-cuivres\/#respond\"]}]},{\"@type\":\"WebPage\",\"@id\":\"https:\/\/vosgesinfo.fr\/gerardmerinfo\/2025\/09\/ecole-de-musique-intercommunale-un-nouvel-enseignant-et-un-projet-autour-des-cuivres\/\",\"url\":\"https:\/\/vosgesinfo.fr\/gerardmerinfo\/2025\/09\/ecole-de-musique-intercommunale-un-nouvel-enseignant-et-un-projet-autour-des-cuivres\/\",\"name\":\"\u00c9cole de musique intercommunale - Un nouvel enseignant et un projet autour des cuivres - Gerardmer Info\",\"isPartOf\":{\"@id\":\"https:\/\/vosgesinfo.fr\/gerardmerinfo\/#website\"},\"primaryImageOfPage\":{\"@id\":\"https:\/\/vosgesinfo.fr\/gerardmerinfo\/2025\/09\/ecole-de-musique-intercommunale-un-nouvel-enseignant-et-un-projet-autour-des-cuivres\/#primaryimage\"},\"image\":{\"@id\":\"https:\/\/vosgesinfo.fr\/gerardmerinfo\/2025\/09\/ecole-de-musique-intercommunale-un-nouvel-enseignant-et-un-projet-autour-des-cuivres\/#primaryimage\"},\"thumbnailUrl\":\"https:\/\/vosgesinfo.fr\/app\/uploads\/sites\/6\/2025\/09\/rentree-ecole-musique-1.jpg\",\"datePublished\":\"2025-09-03T15:05:19+00:00\",\"dateModified\":\"2025-09-03T10:04:51+00:00\",\"breadcrumb\":{\"@id\":\"https:\/\/vosgesinfo.fr\/gerardmerinfo\/2025\/09\/ecole-de-musique-intercommunale-un-nouvel-enseignant-et-un-projet-autour-des-cuivres\/#breadcrumb\"},\"inLanguage\":\"fr-FR\",\"potentialAction\":[{\"@type\":\"ReadAction\",\"target\":[\"https:\/\/vosgesinfo.fr\/gerardmerinfo\/2025\/09\/ecole-de-musique-intercommunale-un-nouvel-enseignant-et-un-projet-autour-des-cuivres\/\"]}]},{\"@type\":\"ImageObject\",\"inLanguage\":\"fr-FR\",\"@id\":\"https:\/\/vosgesinfo.fr\/gerardmerinfo\/2025\/09\/ecole-de-musique-intercommunale-un-nouvel-enseignant-et-un-projet-autour-des-cuivres\/#primaryimage\",\"url\":\"https:\/\/vosgesinfo.fr\/app\/uploads\/sites\/6\/2025\/09\/rentree-ecole-musique-1.jpg\",\"contentUrl\":\"https:\/\/vosgesinfo.fr\/app\/uploads\/sites\/6\/2025\/09\/rentree-ecole-musique-1.jpg\",\"width\":2048,\"height\":1536},{\"@type\":\"BreadcrumbList\",\"@id\":\"https:\/\/vosgesinfo.fr\/gerardmerinfo\/2025\/09\/ecole-de-musique-intercommunale-un-nouvel-enseignant-et-un-projet-autour-des-cuivres\/#breadcrumb\",\"itemListElement\":[{\"@type\":\"ListItem\",\"position\":1,\"name\":\"Home\",\"item\":\"https:\/\/vosgesinfo.fr\/gerardmerinfo\/\"},{\"@type\":\"ListItem\",\"position\":2,\"name\":\"\u00c9cole de musique intercommunale &#8211; Un nouvel enseignant et un projet autour des cuivres\"}]},{\"@type\":\"WebSite\",\"@id\":\"https:\/\/vosgesinfo.fr\/gerardmerinfo\/#website\",\"url\":\"https:\/\/vosgesinfo.fr\/gerardmerinfo\/\",\"name\":\"Gerardmer Info\",\"description\":\"Toute l&#039;actualit\u00e9 de G\u00e9rardmer\",\"publisher\":{\"@id\":\"https:\/\/vosgesinfo.fr\/gerardmerinfo\/#organization\"},\"alternateName\":\"Toute l'actualit\u00e9 de G\u00e9rardmer\",\"potentialAction\":[{\"@type\":\"SearchAction\",\"target\":{\"@type\":\"EntryPoint\",\"urlTemplate\":\"https:\/\/vosgesinfo.fr\/gerardmerinfo\/?s={search_term_string}\"},\"query-input\":\"required name=search_term_string\"}],\"inLanguage\":\"fr-FR\"},{\"@type\":\"Organization\",\"@id\":\"https:\/\/vosgesinfo.fr\/gerardmerinfo\/#organization\",\"name\":\"Gerardmer Info\",\"url\":\"https:\/\/vosgesinfo.fr\/gerardmerinfo\/\",\"logo\":{\"@type\":\"ImageObject\",\"inLanguage\":\"fr-FR\",\"@id\":\"https:\/\/vosgesinfo.fr\/gerardmerinfo\/#\/schema\/logo\/image\/\",\"url\":\"https:\/\/vosgesinfo.fr\/app\/uploads\/sites\/6\/2023\/08\/favicon-gerardmerinfo.png\",\"contentUrl\":\"https:\/\/vosgesinfo.fr\/app\/uploads\/sites\/6\/2023\/08\/favicon-gerardmerinfo.png\",\"width\":512,\"height\":512,\"caption\":\"Gerardmer Info\"},\"image\":{\"@id\":\"https:\/\/vosgesinfo.fr\/gerardmerinfo\/#\/schema\/logo\/image\/\"},\"sameAs\":[\"https:\/\/www.facebook.com\/profile.php?id=100049475262660\",\"https:\/\/x.com\/VosgesInfo88\",\"https:\/\/www.youtube.com\/@vosgesinfo\"]},{\"@type\":\"Person\",\"@id\":\"https:\/\/vosgesinfo.fr\/gerardmerinfo\/#\/schema\/person\/db5605779a843dad16b5368f3e7613a5\",\"name\":\"QG\",\"image\":{\"@type\":\"ImageObject\",\"inLanguage\":\"fr-FR\",\"@id\":\"https:\/\/vosgesinfo.fr\/gerardmerinfo\/#\/schema\/person\/image\/\",\"url\":\"https:\/\/secure.gravatar.com\/avatar\/ea80c42c204b534408512832fde52504ecabb9706bcb6151cf6175e5b64e6793?s=96&d=mm&r=g\",\"contentUrl\":\"https:\/\/secure.gravatar.com\/avatar\/ea80c42c204b534408512832fde52504ecabb9706bcb6151cf6175e5b64e6793?s=96&d=mm&r=g\",\"caption\":\"QG\"},\"url\":\"https:\/\/vosgesinfo.fr\/gerardmerinfo\/author\/quentin88\/\"}]}<\/script>\n<!-- \/ Yoast SEO plugin. -->","yoast_head_json":{"title":"\u00c9cole de musique intercommunale - Un nouvel enseignant et un projet autour des cuivres - Gerardmer Info","robots":{"index":"index","follow":"follow","max-snippet":"max-snippet:-1","max-image-preview":"max-image-preview:large","max-video-preview":"max-video-preview:-1"},"canonical":"https:\/\/vosgesinfo.fr\/gerardmerinfo\/2025\/09\/ecole-de-musique-intercommunale-un-nouvel-enseignant-et-un-projet-autour-des-cuivres\/","twitter_card":"summary_large_image","twitter_title":"\u00c9cole de musique intercommunale - Un nouvel enseignant et un projet autour des cuivres - Gerardmer Info","twitter_description":"Les professeurs de l&rsquo;\u00e9cole de musique intercommunale \u00e9taient r\u00e9unis ce mardi autour du directeur Ludovic B\u00e9rard dans le cadre de [&hellip;]","twitter_image":"https:\/\/vosgesinfo.fr\/app\/uploads\/sites\/6\/2025\/09\/rentree-ecole-musique-1.jpg","twitter_creator":"@VosgesInfo88","twitter_site":"@VosgesInfo88","twitter_misc":{"\u00c9crit par":"QG","Dur\u00e9e de lecture estim\u00e9e":"3 minutes"},"schema":{"@context":"https:\/\/schema.org","@graph":[{"@type":"Article","@id":"https:\/\/vosgesinfo.fr\/gerardmerinfo\/2025\/09\/ecole-de-musique-intercommunale-un-nouvel-enseignant-et-un-projet-autour-des-cuivres\/#article","isPartOf":{"@id":"https:\/\/vosgesinfo.fr\/gerardmerinfo\/2025\/09\/ecole-de-musique-intercommunale-un-nouvel-enseignant-et-un-projet-autour-des-cuivres\/"},"author":{"name":"QG","@id":"https:\/\/vosgesinfo.fr\/gerardmerinfo\/#\/schema\/person\/db5605779a843dad16b5368f3e7613a5"},"headline":"\u00c9cole de musique intercommunale &#8211; Un nouvel enseignant et un projet autour des cuivres","datePublished":"2025-09-03T15:05:19+00:00","dateModified":"2025-09-03T10:04:51+00:00","mainEntityOfPage":{"@id":"https:\/\/vosgesinfo.fr\/gerardmerinfo\/2025\/09\/ecole-de-musique-intercommunale-un-nouvel-enseignant-et-un-projet-autour-des-cuivres\/"},"wordCount":421,"commentCount":0,"publisher":{"@id":"https:\/\/vosgesinfo.fr\/gerardmerinfo\/#organization"},"image":{"@id":"https:\/\/vosgesinfo.fr\/gerardmerinfo\/2025\/09\/ecole-de-musique-intercommunale-un-nouvel-enseignant-et-un-projet-autour-des-cuivres\/#primaryimage"},"thumbnailUrl":"https:\/\/vosgesinfo.fr\/app\/uploads\/sites\/6\/2025\/09\/rentree-ecole-musique-1.jpg","articleSection":["A la une","Culture","Gerardmer"],"inLanguage":"fr-FR","potentialAction":[{"@type":"CommentAction","name":"Comment","target":["https:\/\/vosgesinfo.fr\/gerardmerinfo\/2025\/09\/ecole-de-musique-intercommunale-un-nouvel-enseignant-et-un-projet-autour-des-cuivres\/#respond"]}]},{"@type":"WebPage","@id":"https:\/\/vosgesinfo.fr\/gerardmerinfo\/2025\/09\/ecole-de-musique-intercommunale-un-nouvel-enseignant-et-un-projet-autour-des-cuivres\/","url":"https:\/\/vosgesinfo.fr\/gerardmerinfo\/2025\/09\/ecole-de-musique-intercommunale-un-nouvel-enseignant-et-un-projet-autour-des-cuivres\/","name":"\u00c9cole de musique intercommunale - Un nouvel enseignant et un projet autour des cuivres - Gerardmer Info","isPartOf":{"@id":"https:\/\/vosgesinfo.fr\/gerardmerinfo\/#website"},"primaryImageOfPage":{"@id":"https:\/\/vosgesinfo.fr\/gerardmerinfo\/2025\/09\/ecole-de-musique-intercommunale-un-nouvel-enseignant-et-un-projet-autour-des-cuivres\/#primaryimage"},"image":{"@id":"https:\/\/vosgesinfo.fr\/gerardmerinfo\/2025\/09\/ecole-de-musique-intercommunale-un-nouvel-enseignant-et-un-projet-autour-des-cuivres\/#primaryimage"},"thumbnailUrl":"https:\/\/vosgesinfo.fr\/app\/uploads\/sites\/6\/2025\/09\/rentree-ecole-musique-1.jpg","datePublished":"2025-09-03T15:05:19+00:00","dateModified":"2025-09-03T10:04:51+00:00","breadcrumb":{"@id":"https:\/\/vosgesinfo.fr\/gerardmerinfo\/2025\/09\/ecole-de-musique-intercommunale-un-nouvel-enseignant-et-un-projet-autour-des-cuivres\/#breadcrumb"},"inLanguage":"fr-FR","potentialAction":[{"@type":"ReadAction","target":["https:\/\/vosgesinfo.fr\/gerardmerinfo\/2025\/09\/ecole-de-musique-intercommunale-un-nouvel-enseignant-et-un-projet-autour-des-cuivres\/"]}]},{"@type":"ImageObject","inLanguage":"fr-FR","@id":"https:\/\/vosgesinfo.fr\/gerardmerinfo\/2025\/09\/ecole-de-musique-intercommunale-un-nouvel-enseignant-et-un-projet-autour-des-cuivres\/#primaryimage","url":"https:\/\/vosgesinfo.fr\/app\/uploads\/sites\/6\/2025\/09\/rentree-ecole-musique-1.jpg","contentUrl":"https:\/\/vosgesinfo.fr\/app\/uploads\/sites\/6\/2025\/09\/rentree-ecole-musique-1.jpg","width":2048,"height":1536},{"@type":"BreadcrumbList","@id":"https:\/\/vosgesinfo.fr\/gerardmerinfo\/2025\/09\/ecole-de-musique-intercommunale-un-nouvel-enseignant-et-un-projet-autour-des-cuivres\/#breadcrumb","itemListElement":[{"@type":"ListItem","position":1,"name":"Home","item":"https:\/\/vosgesinfo.fr\/gerardmerinfo\/"},{"@type":"ListItem","position":2,"name":"\u00c9cole de musique intercommunale &#8211; Un nouvel enseignant et un projet autour des cuivres"}]},{"@type":"WebSite","@id":"https:\/\/vosgesinfo.fr\/gerardmerinfo\/#website","url":"https:\/\/vosgesinfo.fr\/gerardmerinfo\/","name":"Gerardmer Info","description":"Toute l&#039;actualit\u00e9 de G\u00e9rardmer","publisher":{"@id":"https:\/\/vosgesinfo.fr\/gerardmerinfo\/#organization"},"alternateName":"Toute l'actualit\u00e9 de G\u00e9rardmer","potentialAction":[{"@type":"SearchAction","target":{"@type":"EntryPoint","urlTemplate":"https:\/\/vosgesinfo.fr\/gerardmerinfo\/?s={search_term_string}"},"query-input":"required name=search_term_string"}],"inLanguage":"fr-FR"},{"@type":"Organization","@id":"https:\/\/vosgesinfo.fr\/gerardmerinfo\/#organization","name":"Gerardmer Info","url":"https:\/\/vosgesinfo.fr\/gerardmerinfo\/","logo":{"@type":"ImageObject","inLanguage":"fr-FR","@id":"https:\/\/vosgesinfo.fr\/gerardmerinfo\/#\/schema\/logo\/image\/","url":"https:\/\/vosgesinfo.fr\/app\/uploads\/sites\/6\/2023\/08\/favicon-gerardmerinfo.png","contentUrl":"https:\/\/vosgesinfo.fr\/app\/uploads\/sites\/6\/2023\/08\/favicon-gerardmerinfo.png","width":512,"height":512,"caption":"Gerardmer Info"},"image":{"@id":"https:\/\/vosgesinfo.fr\/gerardmerinfo\/#\/schema\/logo\/image\/"},"sameAs":["https:\/\/www.facebook.com\/profile.php?id=100049475262660","https:\/\/x.com\/VosgesInfo88","https:\/\/www.youtube.com\/@vosgesinfo"]},{"@type":"Person","@id":"https:\/\/vosgesinfo.fr\/gerardmerinfo\/#\/schema\/person\/db5605779a843dad16b5368f3e7613a5","name":"QG","image":{"@type":"ImageObject","inLanguage":"fr-FR","@id":"https:\/\/vosgesinfo.fr\/gerardmerinfo\/#\/schema\/person\/image\/","url":"https:\/\/secure.gravatar.com\/avatar\/ea80c42c204b534408512832fde52504ecabb9706bcb6151cf6175e5b64e6793?s=96&d=mm&r=g","contentUrl":"https:\/\/secure.gravatar.com\/avatar\/ea80c42c204b534408512832fde52504ecabb9706bcb6151cf6175e5b64e6793?s=96&d=mm&r=g","caption":"QG"},"url":"https:\/\/vosgesinfo.fr\/gerardmerinfo\/author\/quentin88\/"}]}},"_links":{"self":[{"href":"https:\/\/vosgesinfo.fr\/gerardmerinfo\/wp-json\/wp\/v2\/posts\/81956","targetHints":{"allow":["GET"]}}],"collection":[{"href":"https:\/\/vosgesinfo.fr\/gerardmerinfo\/wp-json\/wp\/v2\/posts"}],"about":[{"href":"https:\/\/vosgesinfo.fr\/gerardmerinfo\/wp-json\/wp\/v2\/types\/post"}],"author":[{"embeddable":true,"href":"https:\/\/vosgesinfo.fr\/gerardmerinfo\/wp-json\/wp\/v2\/users\/42"}],"replies":[{"embeddable":true,"href":"https:\/\/vosgesinfo.fr\/gerardmerinfo\/wp-json\/wp\/v2\/comments?post=81956"}],"version-history":[{"count":3,"href":"https:\/\/vosgesinfo.fr\/gerardmerinfo\/wp-json\/wp\/v2\/posts\/81956\/revisions"}],"predecessor-version":[{"id":81963,"href":"https:\/\/vosgesinfo.fr\/gerardmerinfo\/wp-json\/wp\/v2\/posts\/81956\/revisions\/81963"}],"wp:featuredmedia":[{"embeddable":true,"href":"https:\/\/vosgesinfo.fr\/gerardmerinfo\/wp-json\/wp\/v2\/media\/81960"}],"wp:attachment":[{"href":"https:\/\/vosgesinfo.fr\/gerardmerinfo\/wp-json\/wp\/v2\/media?parent=81956"}],"wp:term":[{"taxonomy":"category","embeddable":true,"href":"https:\/\/vosgesinfo.fr\/gerardmerinfo\/wp-json\/wp\/v2\/categories?post=81956"},{"taxonomy":"post_tag","embeddable":true,"href":"https:\/\/vosgesinfo.fr\/gerardmerinfo\/wp-json\/wp\/v2\/tags?post=81956"}],"curies":[{"name":"wp","href":"https:\/\/api.w.org\/{rel}","templated":true}]}}