{"id":81970,"date":"2025-09-04T05:56:27","date_gmt":"2025-09-04T03:56:27","guid":{"rendered":"https:\/\/vosgesinfo.fr\/gerardmerinfo\/?p=81970"},"modified":"2025-09-03T15:29:51","modified_gmt":"2025-09-03T13:29:51","slug":"vide-grenier-organise-par-lape-de-lecole-des-bas-rupts","status":"publish","type":"post","link":"https:\/\/vosgesinfo.fr\/gerardmerinfo\/2025\/09\/vide-grenier-organise-par-lape-de-lecole-des-bas-rupts\/","title":{"rendered":"Vide-grenier organis\u00e9 par l&rsquo;APE de l&rsquo;\u00e9cole des Bas Rupts"},"content":{"rendered":"<div data-olk-copy-source=\"MessageBody\">Le dimanche <strong>14 septembre 2025<\/strong>, de <strong>7h30 \u00e0 17h00<\/strong>, l\u2019<strong>Association des Parents d\u2019\u00c9l\u00e8ves de l\u2019\u00e9cole des Bas Rupts<\/strong> organise son grand <strong>vide-grenier<\/strong>\u00a0au parking du Grand Etang \u00e0 G\u00e9rardmer.<\/div>\n<p>Au programme : des dizaines d\u2019exposants pour chiner, d\u00e9nicher la perle rare ou simplement fl\u00e2ner dans une ambiance <strong>conviviale et familiale<\/strong>. Petits et grands trouveront leur bonheur parmi les stands vari\u00e9s, o\u00f9 se c\u00f4toieront jouets, livres, v\u00eatements, objets du quotidien et curiosit\u00e9s en tout genre.<\/p>\n<p>Une <strong>buvette<\/strong> ainsi qu\u2019un service de <strong>restauration sur place<\/strong> permettront aux visiteurs de prolonger agr\u00e9ablement leur balade.<\/p>\n<p>Au-del\u00e0 de l\u2019\u00e9v\u00e9nement festif, ce vide-grenier a une vocation solidaire : les <strong>fonds r\u00e9colt\u00e9s<\/strong> contribueront \u00e0 financer les <strong>sorties scolaires<\/strong> et divers <strong>projets p\u00e9dagogiques<\/strong> de l\u2019\u00e9cole des Bas Rupts.<\/p>\n<p>L\u2019APE et l\u2019ensemble des b\u00e9n\u00e9voles vous invitent donc \u00e0 venir nombreux partager cette journ\u00e9e plac\u00e9e sous le signe de la <strong>convivialit\u00e9<\/strong>.<\/p>\n","protected":false},"excerpt":{"rendered":"<p>Le dimanche 14 septembre 2025, de 7h30 \u00e0 17h00, l\u2019Association des Parents d\u2019\u00c9l\u00e8ves de l\u2019\u00e9cole des Bas Rupts organise son [&hellip;]<\/p>\n","protected":false},"author":391,"featured_media":8039,"comment_status":"open","ping_status":"open","sticky":false,"template":"","format":"standard","meta":{"footnotes":""},"categories":[20,5647,17],"tags":[279],"class_list":["post-81970","post","type-post","status-publish","format-standard","has-post-thumbnail","hentry","category-a-la-une","category-gerardmer-autres-sites","category-vie-associative","tag-ecole-des-bas-rupts"],"acf":[],"yoast_head":"<!-- This site is optimized with the Yoast SEO plugin v22.5 - https:\/\/yoast.com\/wordpress\/plugins\/seo\/ -->\n<title>Vide-grenier organis\u00e9 par l&#039;APE de l&#039;\u00e9cole des Bas Rupts - Gerardmer Info<\/title>\n<meta name=\"robots\" content=\"index, follow, max-snippet:-1, max-image-preview:large, max-video-preview:-1\" \/>\n<link rel=\"canonical\" href=\"https:\/\/vosgesinfo.fr\/gerardmerinfo\/2025\/09\/vide-grenier-organise-par-lape-de-lecole-des-bas-rupts\/\" \/>\n<meta name=\"twitter:card\" content=\"summary_large_image\" \/>\n<meta name=\"twitter:title\" content=\"Vide-grenier organis\u00e9 par l&#039;APE de l&#039;\u00e9cole des Bas Rupts - Gerardmer Info\" \/>\n<meta name=\"twitter:description\" content=\"Le dimanche 14 septembre 2025, de 7h30 \u00e0 17h00, l\u2019Association des Parents d\u2019\u00c9l\u00e8ves de l\u2019\u00e9cole des Bas Rupts organise son [&hellip;]\" \/>\n<meta name=\"twitter:image\" content=\"https:\/\/vosgesinfo.fr\/app\/uploads\/sites\/6\/2024\/04\/vide-grenier.jpg\" \/>\n<meta name=\"twitter:creator\" content=\"@VosgesInfo88\" \/>\n<meta name=\"twitter:site\" content=\"@VosgesInfo88\" \/>\n<meta name=\"twitter:label1\" content=\"\u00c9crit par\" \/>\n\t<meta name=\"twitter:data1\" content=\"La redaction\" \/>\n\t<meta name=\"twitter:label2\" content=\"Dur\u00e9e de lecture estim\u00e9e\" \/>\n\t<meta name=\"twitter:data2\" content=\"1 minute\" \/>\n<script type=\"application\/ld+json\" class=\"yoast-schema-graph\">{\"@context\":\"https:\/\/schema.org\",\"@graph\":[{\"@type\":\"Article\",\"@id\":\"https:\/\/vosgesinfo.fr\/gerardmerinfo\/2025\/09\/vide-grenier-organise-par-lape-de-lecole-des-bas-rupts\/#article\",\"isPartOf\":{\"@id\":\"https:\/\/vosgesinfo.fr\/gerardmerinfo\/2025\/09\/vide-grenier-organise-par-lape-de-lecole-des-bas-rupts\/\"},\"author\":{\"name\":\"La redaction\",\"@id\":\"https:\/\/vosgesinfo.fr\/gerardmerinfo\/#\/schema\/person\/27a3695b06db98895b354c0765cdfc31\"},\"headline\":\"Vide-grenier organis\u00e9 par l&rsquo;APE de l&rsquo;\u00e9cole des Bas Rupts\",\"datePublished\":\"2025-09-04T03:56:27+00:00\",\"dateModified\":\"2025-09-03T13:29:51+00:00\",\"mainEntityOfPage\":{\"@id\":\"https:\/\/vosgesinfo.fr\/gerardmerinfo\/2025\/09\/vide-grenier-organise-par-lape-de-lecole-des-bas-rupts\/\"},\"wordCount\":170,\"commentCount\":3,\"publisher\":{\"@id\":\"https:\/\/vosgesinfo.fr\/gerardmerinfo\/#organization\"},\"image\":{\"@id\":\"https:\/\/vosgesinfo.fr\/gerardmerinfo\/2025\/09\/vide-grenier-organise-par-lape-de-lecole-des-bas-rupts\/#primaryimage\"},\"thumbnailUrl\":\"https:\/\/vosgesinfo.fr\/app\/uploads\/sites\/6\/2024\/04\/vide-grenier.jpg\",\"keywords\":[\"ecole des bas rupts\"],\"articleSection\":[\"A la une\",\"Gerardmer\",\"Vie Associative\"],\"inLanguage\":\"fr-FR\",\"potentialAction\":[{\"@type\":\"CommentAction\",\"name\":\"Comment\",\"target\":[\"https:\/\/vosgesinfo.fr\/gerardmerinfo\/2025\/09\/vide-grenier-organise-par-lape-de-lecole-des-bas-rupts\/#respond\"]}]},{\"@type\":\"WebPage\",\"@id\":\"https:\/\/vosgesinfo.fr\/gerardmerinfo\/2025\/09\/vide-grenier-organise-par-lape-de-lecole-des-bas-rupts\/\",\"url\":\"https:\/\/vosgesinfo.fr\/gerardmerinfo\/2025\/09\/vide-grenier-organise-par-lape-de-lecole-des-bas-rupts\/\",\"name\":\"Vide-grenier organis\u00e9 par l'APE de l'\u00e9cole des Bas Rupts - Gerardmer Info\",\"isPartOf\":{\"@id\":\"https:\/\/vosgesinfo.fr\/gerardmerinfo\/#website\"},\"primaryImageOfPage\":{\"@id\":\"https:\/\/vosgesinfo.fr\/gerardmerinfo\/2025\/09\/vide-grenier-organise-par-lape-de-lecole-des-bas-rupts\/#primaryimage\"},\"image\":{\"@id\":\"https:\/\/vosgesinfo.fr\/gerardmerinfo\/2025\/09\/vide-grenier-organise-par-lape-de-lecole-des-bas-rupts\/#primaryimage\"},\"thumbnailUrl\":\"https:\/\/vosgesinfo.fr\/app\/uploads\/sites\/6\/2024\/04\/vide-grenier.jpg\",\"datePublished\":\"2025-09-04T03:56:27+00:00\",\"dateModified\":\"2025-09-03T13:29:51+00:00\",\"breadcrumb\":{\"@id\":\"https:\/\/vosgesinfo.fr\/gerardmerinfo\/2025\/09\/vide-grenier-organise-par-lape-de-lecole-des-bas-rupts\/#breadcrumb\"},\"inLanguage\":\"fr-FR\",\"potentialAction\":[{\"@type\":\"ReadAction\",\"target\":[\"https:\/\/vosgesinfo.fr\/gerardmerinfo\/2025\/09\/vide-grenier-organise-par-lape-de-lecole-des-bas-rupts\/\"]}]},{\"@type\":\"ImageObject\",\"inLanguage\":\"fr-FR\",\"@id\":\"https:\/\/vosgesinfo.fr\/gerardmerinfo\/2025\/09\/vide-grenier-organise-par-lape-de-lecole-des-bas-rupts\/#primaryimage\",\"url\":\"https:\/\/vosgesinfo.fr\/app\/uploads\/sites\/6\/2024\/04\/vide-grenier.jpg\",\"contentUrl\":\"https:\/\/vosgesinfo.fr\/app\/uploads\/sites\/6\/2024\/04\/vide-grenier.jpg\",\"width\":1032,\"height\":792},{\"@type\":\"BreadcrumbList\",\"@id\":\"https:\/\/vosgesinfo.fr\/gerardmerinfo\/2025\/09\/vide-grenier-organise-par-lape-de-lecole-des-bas-rupts\/#breadcrumb\",\"itemListElement\":[{\"@type\":\"ListItem\",\"position\":1,\"name\":\"Home\",\"item\":\"https:\/\/vosgesinfo.fr\/gerardmerinfo\/\"},{\"@type\":\"ListItem\",\"position\":2,\"name\":\"Vide-grenier organis\u00e9 par l&rsquo;APE de l&rsquo;\u00e9cole des Bas Rupts\"}]},{\"@type\":\"WebSite\",\"@id\":\"https:\/\/vosgesinfo.fr\/gerardmerinfo\/#website\",\"url\":\"https:\/\/vosgesinfo.fr\/gerardmerinfo\/\",\"name\":\"Gerardmer Info\",\"description\":\"Toute l&#039;actualit\u00e9 de G\u00e9rardmer\",\"publisher\":{\"@id\":\"https:\/\/vosgesinfo.fr\/gerardmerinfo\/#organization\"},\"alternateName\":\"Toute l'actualit\u00e9 de G\u00e9rardmer\",\"potentialAction\":[{\"@type\":\"SearchAction\",\"target\":{\"@type\":\"EntryPoint\",\"urlTemplate\":\"https:\/\/vosgesinfo.fr\/gerardmerinfo\/?s={search_term_string}\"},\"query-input\":\"required name=search_term_string\"}],\"inLanguage\":\"fr-FR\"},{\"@type\":\"Organization\",\"@id\":\"https:\/\/vosgesinfo.fr\/gerardmerinfo\/#organization\",\"name\":\"Gerardmer Info\",\"url\":\"https:\/\/vosgesinfo.fr\/gerardmerinfo\/\",\"logo\":{\"@type\":\"ImageObject\",\"inLanguage\":\"fr-FR\",\"@id\":\"https:\/\/vosgesinfo.fr\/gerardmerinfo\/#\/schema\/logo\/image\/\",\"url\":\"https:\/\/vosgesinfo.fr\/app\/uploads\/sites\/6\/2023\/08\/favicon-gerardmerinfo.png\",\"contentUrl\":\"https:\/\/vosgesinfo.fr\/app\/uploads\/sites\/6\/2023\/08\/favicon-gerardmerinfo.png\",\"width\":512,\"height\":512,\"caption\":\"Gerardmer Info\"},\"image\":{\"@id\":\"https:\/\/vosgesinfo.fr\/gerardmerinfo\/#\/schema\/logo\/image\/\"},\"sameAs\":[\"https:\/\/www.facebook.com\/profile.php?id=100049475262660\",\"https:\/\/x.com\/VosgesInfo88\",\"https:\/\/www.youtube.com\/@vosgesinfo\"]},{\"@type\":\"Person\",\"@id\":\"https:\/\/vosgesinfo.fr\/gerardmerinfo\/#\/schema\/person\/27a3695b06db98895b354c0765cdfc31\",\"name\":\"La redaction\",\"image\":{\"@type\":\"ImageObject\",\"inLanguage\":\"fr-FR\",\"@id\":\"https:\/\/vosgesinfo.fr\/gerardmerinfo\/#\/schema\/person\/image\/\",\"url\":\"https:\/\/secure.gravatar.com\/avatar\/64c76a78e501cedee55736f43f332df901e1896ae9cd8fad269ae2236dd0e8b6?s=96&d=mm&r=g\",\"contentUrl\":\"https:\/\/secure.gravatar.com\/avatar\/64c76a78e501cedee55736f43f332df901e1896ae9cd8fad269ae2236dd0e8b6?s=96&d=mm&r=g\",\"caption\":\"La redaction\"},\"url\":\"https:\/\/vosgesinfo.fr\/gerardmerinfo\/author\/la-redaction\/\"}]}<\/script>\n<!-- \/ Yoast SEO plugin. -->","yoast_head_json":{"title":"Vide-grenier organis\u00e9 par l'APE de l'\u00e9cole des Bas Rupts - Gerardmer Info","robots":{"index":"index","follow":"follow","max-snippet":"max-snippet:-1","max-image-preview":"max-image-preview:large","max-video-preview":"max-video-preview:-1"},"canonical":"https:\/\/vosgesinfo.fr\/gerardmerinfo\/2025\/09\/vide-grenier-organise-par-lape-de-lecole-des-bas-rupts\/","twitter_card":"summary_large_image","twitter_title":"Vide-grenier organis\u00e9 par l'APE de l'\u00e9cole des Bas Rupts - Gerardmer Info","twitter_description":"Le dimanche 14 septembre 2025, de 7h30 \u00e0 17h00, l\u2019Association des Parents d\u2019\u00c9l\u00e8ves de l\u2019\u00e9cole des Bas Rupts organise son [&hellip;]","twitter_image":"https:\/\/vosgesinfo.fr\/app\/uploads\/sites\/6\/2024\/04\/vide-grenier.jpg","twitter_creator":"@VosgesInfo88","twitter_site":"@VosgesInfo88","twitter_misc":{"\u00c9crit par":"La redaction","Dur\u00e9e de lecture estim\u00e9e":"1 minute"},"schema":{"@context":"https:\/\/schema.org","@graph":[{"@type":"Article","@id":"https:\/\/vosgesinfo.fr\/gerardmerinfo\/2025\/09\/vide-grenier-organise-par-lape-de-lecole-des-bas-rupts\/#article","isPartOf":{"@id":"https:\/\/vosgesinfo.fr\/gerardmerinfo\/2025\/09\/vide-grenier-organise-par-lape-de-lecole-des-bas-rupts\/"},"author":{"name":"La redaction","@id":"https:\/\/vosgesinfo.fr\/gerardmerinfo\/#\/schema\/person\/27a3695b06db98895b354c0765cdfc31"},"headline":"Vide-grenier organis\u00e9 par l&rsquo;APE de l&rsquo;\u00e9cole des Bas Rupts","datePublished":"2025-09-04T03:56:27+00:00","dateModified":"2025-09-03T13:29:51+00:00","mainEntityOfPage":{"@id":"https:\/\/vosgesinfo.fr\/gerardmerinfo\/2025\/09\/vide-grenier-organise-par-lape-de-lecole-des-bas-rupts\/"},"wordCount":170,"commentCount":3,"publisher":{"@id":"https:\/\/vosgesinfo.fr\/gerardmerinfo\/#organization"},"image":{"@id":"https:\/\/vosgesinfo.fr\/gerardmerinfo\/2025\/09\/vide-grenier-organise-par-lape-de-lecole-des-bas-rupts\/#primaryimage"},"thumbnailUrl":"https:\/\/vosgesinfo.fr\/app\/uploads\/sites\/6\/2024\/04\/vide-grenier.jpg","keywords":["ecole des bas rupts"],"articleSection":["A la une","Gerardmer","Vie Associative"],"inLanguage":"fr-FR","potentialAction":[{"@type":"CommentAction","name":"Comment","target":["https:\/\/vosgesinfo.fr\/gerardmerinfo\/2025\/09\/vide-grenier-organise-par-lape-de-lecole-des-bas-rupts\/#respond"]}]},{"@type":"WebPage","@id":"https:\/\/vosgesinfo.fr\/gerardmerinfo\/2025\/09\/vide-grenier-organise-par-lape-de-lecole-des-bas-rupts\/","url":"https:\/\/vosgesinfo.fr\/gerardmerinfo\/2025\/09\/vide-grenier-organise-par-lape-de-lecole-des-bas-rupts\/","name":"Vide-grenier organis\u00e9 par l'APE de l'\u00e9cole des Bas Rupts - Gerardmer Info","isPartOf":{"@id":"https:\/\/vosgesinfo.fr\/gerardmerinfo\/#website"},"primaryImageOfPage":{"@id":"https:\/\/vosgesinfo.fr\/gerardmerinfo\/2025\/09\/vide-grenier-organise-par-lape-de-lecole-des-bas-rupts\/#primaryimage"},"image":{"@id":"https:\/\/vosgesinfo.fr\/gerardmerinfo\/2025\/09\/vide-grenier-organise-par-lape-de-lecole-des-bas-rupts\/#primaryimage"},"thumbnailUrl":"https:\/\/vosgesinfo.fr\/app\/uploads\/sites\/6\/2024\/04\/vide-grenier.jpg","datePublished":"2025-09-04T03:56:27+00:00","dateModified":"2025-09-03T13:29:51+00:00","breadcrumb":{"@id":"https:\/\/vosgesinfo.fr\/gerardmerinfo\/2025\/09\/vide-grenier-organise-par-lape-de-lecole-des-bas-rupts\/#breadcrumb"},"inLanguage":"fr-FR","potentialAction":[{"@type":"ReadAction","target":["https:\/\/vosgesinfo.fr\/gerardmerinfo\/2025\/09\/vide-grenier-organise-par-lape-de-lecole-des-bas-rupts\/"]}]},{"@type":"ImageObject","inLanguage":"fr-FR","@id":"https:\/\/vosgesinfo.fr\/gerardmerinfo\/2025\/09\/vide-grenier-organise-par-lape-de-lecole-des-bas-rupts\/#primaryimage","url":"https:\/\/vosgesinfo.fr\/app\/uploads\/sites\/6\/2024\/04\/vide-grenier.jpg","contentUrl":"https:\/\/vosgesinfo.fr\/app\/uploads\/sites\/6\/2024\/04\/vide-grenier.jpg","width":1032,"height":792},{"@type":"BreadcrumbList","@id":"https:\/\/vosgesinfo.fr\/gerardmerinfo\/2025\/09\/vide-grenier-organise-par-lape-de-lecole-des-bas-rupts\/#breadcrumb","itemListElement":[{"@type":"ListItem","position":1,"name":"Home","item":"https:\/\/vosgesinfo.fr\/gerardmerinfo\/"},{"@type":"ListItem","position":2,"name":"Vide-grenier organis\u00e9 par l&rsquo;APE de l&rsquo;\u00e9cole des Bas Rupts"}]},{"@type":"WebSite","@id":"https:\/\/vosgesinfo.fr\/gerardmerinfo\/#website","url":"https:\/\/vosgesinfo.fr\/gerardmerinfo\/","name":"Gerardmer Info","description":"Toute l&#039;actualit\u00e9 de G\u00e9rardmer","publisher":{"@id":"https:\/\/vosgesinfo.fr\/gerardmerinfo\/#organization"},"alternateName":"Toute l'actualit\u00e9 de G\u00e9rardmer","potentialAction":[{"@type":"SearchAction","target":{"@type":"EntryPoint","urlTemplate":"https:\/\/vosgesinfo.fr\/gerardmerinfo\/?s={search_term_string}"},"query-input":"required name=search_term_string"}],"inLanguage":"fr-FR"},{"@type":"Organization","@id":"https:\/\/vosgesinfo.fr\/gerardmerinfo\/#organization","name":"Gerardmer Info","url":"https:\/\/vosgesinfo.fr\/gerardmerinfo\/","logo":{"@type":"ImageObject","inLanguage":"fr-FR","@id":"https:\/\/vosgesinfo.fr\/gerardmerinfo\/#\/schema\/logo\/image\/","url":"https:\/\/vosgesinfo.fr\/app\/uploads\/sites\/6\/2023\/08\/favicon-gerardmerinfo.png","contentUrl":"https:\/\/vosgesinfo.fr\/app\/uploads\/sites\/6\/2023\/08\/favicon-gerardmerinfo.png","width":512,"height":512,"caption":"Gerardmer Info"},"image":{"@id":"https:\/\/vosgesinfo.fr\/gerardmerinfo\/#\/schema\/logo\/image\/"},"sameAs":["https:\/\/www.facebook.com\/profile.php?id=100049475262660","https:\/\/x.com\/VosgesInfo88","https:\/\/www.youtube.com\/@vosgesinfo"]},{"@type":"Person","@id":"https:\/\/vosgesinfo.fr\/gerardmerinfo\/#\/schema\/person\/27a3695b06db98895b354c0765cdfc31","name":"La redaction","image":{"@type":"ImageObject","inLanguage":"fr-FR","@id":"https:\/\/vosgesinfo.fr\/gerardmerinfo\/#\/schema\/person\/image\/","url":"https:\/\/secure.gravatar.com\/avatar\/64c76a78e501cedee55736f43f332df901e1896ae9cd8fad269ae2236dd0e8b6?s=96&d=mm&r=g","contentUrl":"https:\/\/secure.gravatar.com\/avatar\/64c76a78e501cedee55736f43f332df901e1896ae9cd8fad269ae2236dd0e8b6?s=96&d=mm&r=g","caption":"La redaction"},"url":"https:\/\/vosgesinfo.fr\/gerardmerinfo\/author\/la-redaction\/"}]}},"_links":{"self":[{"href":"https:\/\/vosgesinfo.fr\/gerardmerinfo\/wp-json\/wp\/v2\/posts\/81970","targetHints":{"allow":["GET"]}}],"collection":[{"href":"https:\/\/vosgesinfo.fr\/gerardmerinfo\/wp-json\/wp\/v2\/posts"}],"about":[{"href":"https:\/\/vosgesinfo.fr\/gerardmerinfo\/wp-json\/wp\/v2\/types\/post"}],"author":[{"embeddable":true,"href":"https:\/\/vosgesinfo.fr\/gerardmerinfo\/wp-json\/wp\/v2\/users\/391"}],"replies":[{"embeddable":true,"href":"https:\/\/vosgesinfo.fr\/gerardmerinfo\/wp-json\/wp\/v2\/comments?post=81970"}],"version-history":[{"count":1,"href":"https:\/\/vosgesinfo.fr\/gerardmerinfo\/wp-json\/wp\/v2\/posts\/81970\/revisions"}],"predecessor-version":[{"id":81971,"href":"https:\/\/vosgesinfo.fr\/gerardmerinfo\/wp-json\/wp\/v2\/posts\/81970\/revisions\/81971"}],"wp:featuredmedia":[{"embeddable":true,"href":"https:\/\/vosgesinfo.fr\/gerardmerinfo\/wp-json\/wp\/v2\/media\/8039"}],"wp:attachment":[{"href":"https:\/\/vosgesinfo.fr\/gerardmerinfo\/wp-json\/wp\/v2\/media?parent=81970"}],"wp:term":[{"taxonomy":"category","embeddable":true,"href":"https:\/\/vosgesinfo.fr\/gerardmerinfo\/wp-json\/wp\/v2\/categories?post=81970"},{"taxonomy":"post_tag","embeddable":true,"href":"https:\/\/vosgesinfo.fr\/gerardmerinfo\/wp-json\/wp\/v2\/tags?post=81970"}],"curies":[{"name":"wp","href":"https:\/\/api.w.org\/{rel}","templated":true}]}}