{"id":81972,"date":"2025-09-03T18:00:13","date_gmt":"2025-09-03T16:00:13","guid":{"rendered":"https:\/\/vosgesinfo.fr\/gerardmerinfo\/?p=81972"},"modified":"2025-09-03T16:09:01","modified_gmt":"2025-09-03T14:09:01","slug":"journees-portes-ouvertes-a-la-maison-pres-de-la-fontaine","status":"publish","type":"post","link":"https:\/\/vosgesinfo.fr\/gerardmerinfo\/2025\/09\/journees-portes-ouvertes-a-la-maison-pres-de-la-fontaine\/","title":{"rendered":"Journ\u00e9es portes ouvertes \u00e0 \u00ab La Maison Pr\u00e8s de la Fontaine"},"content":{"rendered":"\n\t\t<style type=\"text\/css\">\n\t\t\t#gallery-1 {\n\t\t\t\tmargin: auto;\n\t\t\t}\n\t\t\t#gallery-1 .gallery-item {\n\t\t\t\tfloat: left;\n\t\t\t\tmargin-top: 10px;\n\t\t\t\ttext-align: center;\n\t\t\t\twidth: 50%;\n\t\t\t}\n\t\t\t#gallery-1 img {\n\t\t\t\tborder: 2px solid #cfcfcf;\n\t\t\t}\n\t\t\t#gallery-1 .gallery-caption {\n\t\t\t\tmargin-left: 0;\n\t\t\t}\n\t\t\t\/* see gallery_shortcode() in wp-includes\/media.php *\/\n\t\t<\/style>\n\t\t<div id='gallery-1' class='gallery galleryid-81972 gallery-columns-2 gallery-size-medium'><dl class='gallery-item'>\n\t\t\t<dt class='gallery-icon portrait'>\n\t\t\t\t<a href='https:\/\/vosgesinfo.fr\/app\/uploads\/sites\/6\/2025\/09\/collocation-pour-personnes-agees-lepanges-11.jpeg'><img decoding=\"async\" width=\"225\" height=\"300\" src=\"https:\/\/vosgesinfo.fr\/app\/uploads\/sites\/6\/2025\/09\/collocation-pour-personnes-agees-lepanges-11-225x300.jpeg\" class=\"attachment-medium size-medium\" alt=\"\" srcset=\"https:\/\/vosgesinfo.fr\/app\/uploads\/sites\/6\/2025\/09\/collocation-pour-personnes-agees-lepanges-11-225x300.jpeg 225w, https:\/\/vosgesinfo.fr\/app\/uploads\/sites\/6\/2025\/09\/collocation-pour-personnes-agees-lepanges-11-768x1024.jpeg 768w, https:\/\/vosgesinfo.fr\/app\/uploads\/sites\/6\/2025\/09\/collocation-pour-personnes-agees-lepanges-11.jpeg 1071w\" sizes=\"(max-width: 225px) 100vw, 225px\" \/><\/a>\n\t\t\t<\/dt><\/dl><dl class='gallery-item'>\n\t\t\t<dt class='gallery-icon portrait'>\n\t\t\t\t<a href='https:\/\/vosgesinfo.fr\/app\/uploads\/sites\/6\/2025\/09\/collocation-pour-personnes-agees-lepanges-4-scaled.jpeg'><img decoding=\"async\" width=\"225\" height=\"300\" src=\"https:\/\/vosgesinfo.fr\/app\/uploads\/sites\/6\/2025\/09\/collocation-pour-personnes-agees-lepanges-4-225x300.jpeg\" class=\"attachment-medium size-medium\" alt=\"\" srcset=\"https:\/\/vosgesinfo.fr\/app\/uploads\/sites\/6\/2025\/09\/collocation-pour-personnes-agees-lepanges-4-225x300.jpeg 225w, https:\/\/vosgesinfo.fr\/app\/uploads\/sites\/6\/2025\/09\/collocation-pour-personnes-agees-lepanges-4-768x1024.jpeg 768w, https:\/\/vosgesinfo.fr\/app\/uploads\/sites\/6\/2025\/09\/collocation-pour-personnes-agees-lepanges-4-1152x1536.jpeg 1152w, https:\/\/vosgesinfo.fr\/app\/uploads\/sites\/6\/2025\/09\/collocation-pour-personnes-agees-lepanges-4-1536x2048.jpeg 1536w, https:\/\/vosgesinfo.fr\/app\/uploads\/sites\/6\/2025\/09\/collocation-pour-personnes-agees-lepanges-4-scaled.jpeg 1920w\" sizes=\"(max-width: 225px) 100vw, 225px\" \/><\/a>\n\t\t\t<\/dt><\/dl><br style=\"clear: both\" \/><dl class='gallery-item'>\n\t\t\t<dt class='gallery-icon portrait'>\n\t\t\t\t<a href='https:\/\/vosgesinfo.fr\/app\/uploads\/sites\/6\/2025\/09\/collocation-pour-personnes-agees-lepanges-2.jpeg'><img decoding=\"async\" width=\"225\" height=\"300\" src=\"https:\/\/vosgesinfo.fr\/app\/uploads\/sites\/6\/2025\/09\/collocation-pour-personnes-agees-lepanges-2-225x300.jpeg\" class=\"attachment-medium size-medium\" alt=\"\" srcset=\"https:\/\/vosgesinfo.fr\/app\/uploads\/sites\/6\/2025\/09\/collocation-pour-personnes-agees-lepanges-2-225x300.jpeg 225w, https:\/\/vosgesinfo.fr\/app\/uploads\/sites\/6\/2025\/09\/collocation-pour-personnes-agees-lepanges-2-768x1024.jpeg 768w, https:\/\/vosgesinfo.fr\/app\/uploads\/sites\/6\/2025\/09\/collocation-pour-personnes-agees-lepanges-2-1152x1536.jpeg 1152w, https:\/\/vosgesinfo.fr\/app\/uploads\/sites\/6\/2025\/09\/collocation-pour-personnes-agees-lepanges-2.jpeg 1512w\" sizes=\"(max-width: 225px) 100vw, 225px\" \/><\/a>\n\t\t\t<\/dt><\/dl><dl class='gallery-item'>\n\t\t\t<dt class='gallery-icon portrait'>\n\t\t\t\t<a href='https:\/\/vosgesinfo.fr\/app\/uploads\/sites\/6\/2025\/09\/collocation-pour-personnes-agees-lepanges-5-scaled.jpeg'><img decoding=\"async\" width=\"225\" height=\"300\" src=\"https:\/\/vosgesinfo.fr\/app\/uploads\/sites\/6\/2025\/09\/collocation-pour-personnes-agees-lepanges-5-225x300.jpeg\" class=\"attachment-medium size-medium\" alt=\"\" srcset=\"https:\/\/vosgesinfo.fr\/app\/uploads\/sites\/6\/2025\/09\/collocation-pour-personnes-agees-lepanges-5-225x300.jpeg 225w, https:\/\/vosgesinfo.fr\/app\/uploads\/sites\/6\/2025\/09\/collocation-pour-personnes-agees-lepanges-5-768x1024.jpeg 768w, https:\/\/vosgesinfo.fr\/app\/uploads\/sites\/6\/2025\/09\/collocation-pour-personnes-agees-lepanges-5-1152x1536.jpeg 1152w, https:\/\/vosgesinfo.fr\/app\/uploads\/sites\/6\/2025\/09\/collocation-pour-personnes-agees-lepanges-5-1536x2048.jpeg 1536w, https:\/\/vosgesinfo.fr\/app\/uploads\/sites\/6\/2025\/09\/collocation-pour-personnes-agees-lepanges-5-scaled.jpeg 1920w\" sizes=\"(max-width: 225px) 100vw, 225px\" \/><\/a>\n\t\t\t<\/dt><\/dl><br style=\"clear: both\" \/>\n\t\t<\/div>\n\n<h3 data-start=\"156\" data-end=\"366\">Les 29 et 30 ao\u00fbt derniers, la colocation pour seniors autonomes <strong data-start=\"221\" data-end=\"254\">La Maison Pr\u00e8s de la Fontaine<\/strong>, situ\u00e9e \u00e0 L\u00e9panges-sur-Vologne, a ouvert ses portes au public pour deux journ\u00e9es de d\u00e9couverte et de partage.<\/h3>\n<p>&nbsp;<\/p>\n<p data-start=\"368\" data-end=\"591\">Fond\u00e9e par Marnie Baland, cette initiative a pour vocation d\u2019offrir un cadre de vie convivial et s\u00e9curisant aux personnes \u00e2g\u00e9es souhaitant allier autonomie, entraide et vie collective dans un environnement chaleureux. Durant ces deux journ\u00e9es, une vingtaine de visiteurs ont franchi le seuil de la maison. Parmi eux, des voisins curieux, des professionnels du secteur social \u2013 dont une assistante sociale et une repr\u00e9sentante du CCAS \u2013 ainsi que des personnes int\u00e9ress\u00e9es par le concept de colocation seniors.<\/p>\n<p data-start=\"904\" data-end=\"1201\"><a href=\"https:\/\/vosgesinfo.fr\/app\/uploads\/sites\/6\/2025\/09\/collocation-pour-personnes-agees-lepanges-31.jpeg\"><img decoding=\"async\" class=\"alignright size-medium wp-image-81979\" src=\"https:\/\/vosgesinfo.fr\/app\/uploads\/sites\/6\/2025\/09\/collocation-pour-personnes-agees-lepanges-31-225x300.jpeg\" alt=\"\" width=\"225\" height=\"300\" srcset=\"https:\/\/vosgesinfo.fr\/app\/uploads\/sites\/6\/2025\/09\/collocation-pour-personnes-agees-lepanges-31-225x300.jpeg 225w, https:\/\/vosgesinfo.fr\/app\/uploads\/sites\/6\/2025\/09\/collocation-pour-personnes-agees-lepanges-31-768x1024.jpeg 768w, https:\/\/vosgesinfo.fr\/app\/uploads\/sites\/6\/2025\/09\/collocation-pour-personnes-agees-lepanges-31.jpeg 1071w\" sizes=\"(max-width: 225px) 100vw, 225px\" \/><\/a>Ces portes ouvertes ont permis aux participants de d\u00e9couvrir les espaces communs et les chambres, mais aussi de comprendre l\u2019esprit de cette maison partag\u00e9e : favoriser la convivialit\u00e9, rompre l\u2019isolement, et proposer une alternative humaine et rassurante aux solutions d\u2019h\u00e9bergement classiques.<\/p>\n<p data-start=\"1203\" data-end=\"1276\">Marnie Baland s\u2019est r\u00e9jouie de l\u2019int\u00e9r\u00eat suscit\u00e9 par cette initiative : \u00ab Ces journ\u00e9es d\u2019\u00e9changes \u00e9taient l\u2019occasion d\u2019expliquer notre d\u00e9marche et de montrer concr\u00e8tement ce que peut \u00eatre une colocation senior. Les retours ont \u00e9t\u00e9 tr\u00e8s positifs et confirment que ce mode de vie r\u00e9pond \u00e0 un vrai besoin. \u00bb Avec cette premi\u00e8re ouverture au public, La Maison Pr\u00e8s de la Fontaine affirme sa volont\u00e9 de s\u2019ancrer dans la vie locale et de poursuivre son engagement en faveur du bien-vivre ensemble.<\/p>\n","protected":false},"excerpt":{"rendered":"<p>Les 29 et 30 ao\u00fbt derniers, la colocation pour seniors autonomes La Maison Pr\u00e8s de la Fontaine, situ\u00e9e \u00e0 L\u00e9panges-sur-Vologne, [&hellip;]<\/p>\n","protected":false},"author":42,"featured_media":81975,"comment_status":"open","ping_status":"open","sticky":false,"template":"","format":"standard","meta":{"footnotes":""},"categories":[20,5647,946,26],"tags":[7738,6797],"class_list":["post-81972","post","type-post","status-publish","format-standard","has-post-thumbnail","hentry","category-a-la-une","category-gerardmer-autres-sites","category-saint-die","category-solidarite","tag-la-maison-pres-de-la-fontaine","tag-lepanges-sur-vologne"],"acf":[],"yoast_head":"<!-- This site is optimized with the Yoast SEO plugin v22.5 - https:\/\/yoast.com\/wordpress\/plugins\/seo\/ -->\n<title>Journ\u00e9es portes ouvertes \u00e0 \u00ab La Maison Pr\u00e8s de la Fontaine - Gerardmer Info<\/title>\n<meta name=\"robots\" content=\"index, follow, max-snippet:-1, max-image-preview:large, max-video-preview:-1\" \/>\n<link rel=\"canonical\" href=\"https:\/\/vosgesinfo.fr\/gerardmerinfo\/2025\/09\/journees-portes-ouvertes-a-la-maison-pres-de-la-fontaine\/\" \/>\n<meta name=\"twitter:card\" content=\"summary_large_image\" \/>\n<meta name=\"twitter:title\" content=\"Journ\u00e9es portes ouvertes \u00e0 \u00ab La Maison Pr\u00e8s de la Fontaine - Gerardmer Info\" \/>\n<meta name=\"twitter:description\" content=\"Les 29 et 30 ao\u00fbt derniers, la colocation pour seniors autonomes La Maison Pr\u00e8s de la Fontaine, situ\u00e9e \u00e0 L\u00e9panges-sur-Vologne, [&hellip;]\" \/>\n<meta name=\"twitter:image\" content=\"https:\/\/vosgesinfo.fr\/app\/uploads\/sites\/6\/2025\/09\/collocation-pour-personnes-agees-lepanges-2.jpeg\" \/>\n<meta name=\"twitter:creator\" content=\"@VosgesInfo88\" \/>\n<meta name=\"twitter:site\" content=\"@VosgesInfo88\" \/>\n<meta name=\"twitter:label1\" content=\"\u00c9crit par\" \/>\n\t<meta name=\"twitter:data1\" content=\"QG\" \/>\n\t<meta name=\"twitter:label2\" content=\"Dur\u00e9e de lecture estim\u00e9e\" \/>\n\t<meta name=\"twitter:data2\" content=\"1 minute\" \/>\n<script type=\"application\/ld+json\" class=\"yoast-schema-graph\">{\"@context\":\"https:\/\/schema.org\",\"@graph\":[{\"@type\":\"Article\",\"@id\":\"https:\/\/vosgesinfo.fr\/gerardmerinfo\/2025\/09\/journees-portes-ouvertes-a-la-maison-pres-de-la-fontaine\/#article\",\"isPartOf\":{\"@id\":\"https:\/\/vosgesinfo.fr\/gerardmerinfo\/2025\/09\/journees-portes-ouvertes-a-la-maison-pres-de-la-fontaine\/\"},\"author\":{\"name\":\"QG\",\"@id\":\"https:\/\/vosgesinfo.fr\/gerardmerinfo\/#\/schema\/person\/db5605779a843dad16b5368f3e7613a5\"},\"headline\":\"Journ\u00e9es portes ouvertes \u00e0 \u00ab La Maison Pr\u00e8s de la Fontaine\",\"datePublished\":\"2025-09-03T16:00:13+00:00\",\"dateModified\":\"2025-09-03T14:09:01+00:00\",\"mainEntityOfPage\":{\"@id\":\"https:\/\/vosgesinfo.fr\/gerardmerinfo\/2025\/09\/journees-portes-ouvertes-a-la-maison-pres-de-la-fontaine\/\"},\"wordCount\":279,\"commentCount\":0,\"publisher\":{\"@id\":\"https:\/\/vosgesinfo.fr\/gerardmerinfo\/#organization\"},\"image\":{\"@id\":\"https:\/\/vosgesinfo.fr\/gerardmerinfo\/2025\/09\/journees-portes-ouvertes-a-la-maison-pres-de-la-fontaine\/#primaryimage\"},\"thumbnailUrl\":\"https:\/\/vosgesinfo.fr\/app\/uploads\/sites\/6\/2025\/09\/collocation-pour-personnes-agees-lepanges-2.jpeg\",\"keywords\":[\"La Maison Pr\u00e8s de la Fontaine\",\"L\u00e9panges-sur-Vologne\"],\"articleSection\":[\"A la une\",\"Gerardmer\",\"Saint-di\u00e9\",\"solidarit\u00e9\"],\"inLanguage\":\"fr-FR\",\"potentialAction\":[{\"@type\":\"CommentAction\",\"name\":\"Comment\",\"target\":[\"https:\/\/vosgesinfo.fr\/gerardmerinfo\/2025\/09\/journees-portes-ouvertes-a-la-maison-pres-de-la-fontaine\/#respond\"]}]},{\"@type\":\"WebPage\",\"@id\":\"https:\/\/vosgesinfo.fr\/gerardmerinfo\/2025\/09\/journees-portes-ouvertes-a-la-maison-pres-de-la-fontaine\/\",\"url\":\"https:\/\/vosgesinfo.fr\/gerardmerinfo\/2025\/09\/journees-portes-ouvertes-a-la-maison-pres-de-la-fontaine\/\",\"name\":\"Journ\u00e9es portes ouvertes \u00e0 \u00ab La Maison Pr\u00e8s de la Fontaine - Gerardmer Info\",\"isPartOf\":{\"@id\":\"https:\/\/vosgesinfo.fr\/gerardmerinfo\/#website\"},\"primaryImageOfPage\":{\"@id\":\"https:\/\/vosgesinfo.fr\/gerardmerinfo\/2025\/09\/journees-portes-ouvertes-a-la-maison-pres-de-la-fontaine\/#primaryimage\"},\"image\":{\"@id\":\"https:\/\/vosgesinfo.fr\/gerardmerinfo\/2025\/09\/journees-portes-ouvertes-a-la-maison-pres-de-la-fontaine\/#primaryimage\"},\"thumbnailUrl\":\"https:\/\/vosgesinfo.fr\/app\/uploads\/sites\/6\/2025\/09\/collocation-pour-personnes-agees-lepanges-2.jpeg\",\"datePublished\":\"2025-09-03T16:00:13+00:00\",\"dateModified\":\"2025-09-03T14:09:01+00:00\",\"breadcrumb\":{\"@id\":\"https:\/\/vosgesinfo.fr\/gerardmerinfo\/2025\/09\/journees-portes-ouvertes-a-la-maison-pres-de-la-fontaine\/#breadcrumb\"},\"inLanguage\":\"fr-FR\",\"potentialAction\":[{\"@type\":\"ReadAction\",\"target\":[\"https:\/\/vosgesinfo.fr\/gerardmerinfo\/2025\/09\/journees-portes-ouvertes-a-la-maison-pres-de-la-fontaine\/\"]}]},{\"@type\":\"ImageObject\",\"inLanguage\":\"fr-FR\",\"@id\":\"https:\/\/vosgesinfo.fr\/gerardmerinfo\/2025\/09\/journees-portes-ouvertes-a-la-maison-pres-de-la-fontaine\/#primaryimage\",\"url\":\"https:\/\/vosgesinfo.fr\/app\/uploads\/sites\/6\/2025\/09\/collocation-pour-personnes-agees-lepanges-2.jpeg\",\"contentUrl\":\"https:\/\/vosgesinfo.fr\/app\/uploads\/sites\/6\/2025\/09\/collocation-pour-personnes-agees-lepanges-2.jpeg\",\"width\":1512,\"height\":2016},{\"@type\":\"BreadcrumbList\",\"@id\":\"https:\/\/vosgesinfo.fr\/gerardmerinfo\/2025\/09\/journees-portes-ouvertes-a-la-maison-pres-de-la-fontaine\/#breadcrumb\",\"itemListElement\":[{\"@type\":\"ListItem\",\"position\":1,\"name\":\"Home\",\"item\":\"https:\/\/vosgesinfo.fr\/gerardmerinfo\/\"},{\"@type\":\"ListItem\",\"position\":2,\"name\":\"Journ\u00e9es portes ouvertes \u00e0 \u00ab La Maison Pr\u00e8s de la Fontaine\"}]},{\"@type\":\"WebSite\",\"@id\":\"https:\/\/vosgesinfo.fr\/gerardmerinfo\/#website\",\"url\":\"https:\/\/vosgesinfo.fr\/gerardmerinfo\/\",\"name\":\"Gerardmer Info\",\"description\":\"Toute l&#039;actualit\u00e9 de G\u00e9rardmer\",\"publisher\":{\"@id\":\"https:\/\/vosgesinfo.fr\/gerardmerinfo\/#organization\"},\"alternateName\":\"Toute l'actualit\u00e9 de G\u00e9rardmer\",\"potentialAction\":[{\"@type\":\"SearchAction\",\"target\":{\"@type\":\"EntryPoint\",\"urlTemplate\":\"https:\/\/vosgesinfo.fr\/gerardmerinfo\/?s={search_term_string}\"},\"query-input\":\"required name=search_term_string\"}],\"inLanguage\":\"fr-FR\"},{\"@type\":\"Organization\",\"@id\":\"https:\/\/vosgesinfo.fr\/gerardmerinfo\/#organization\",\"name\":\"Gerardmer Info\",\"url\":\"https:\/\/vosgesinfo.fr\/gerardmerinfo\/\",\"logo\":{\"@type\":\"ImageObject\",\"inLanguage\":\"fr-FR\",\"@id\":\"https:\/\/vosgesinfo.fr\/gerardmerinfo\/#\/schema\/logo\/image\/\",\"url\":\"https:\/\/vosgesinfo.fr\/app\/uploads\/sites\/6\/2023\/08\/favicon-gerardmerinfo.png\",\"contentUrl\":\"https:\/\/vosgesinfo.fr\/app\/uploads\/sites\/6\/2023\/08\/favicon-gerardmerinfo.png\",\"width\":512,\"height\":512,\"caption\":\"Gerardmer Info\"},\"image\":{\"@id\":\"https:\/\/vosgesinfo.fr\/gerardmerinfo\/#\/schema\/logo\/image\/\"},\"sameAs\":[\"https:\/\/www.facebook.com\/profile.php?id=100049475262660\",\"https:\/\/x.com\/VosgesInfo88\",\"https:\/\/www.youtube.com\/@vosgesinfo\"]},{\"@type\":\"Person\",\"@id\":\"https:\/\/vosgesinfo.fr\/gerardmerinfo\/#\/schema\/person\/db5605779a843dad16b5368f3e7613a5\",\"name\":\"QG\",\"image\":{\"@type\":\"ImageObject\",\"inLanguage\":\"fr-FR\",\"@id\":\"https:\/\/vosgesinfo.fr\/gerardmerinfo\/#\/schema\/person\/image\/\",\"url\":\"https:\/\/secure.gravatar.com\/avatar\/ea80c42c204b534408512832fde52504ecabb9706bcb6151cf6175e5b64e6793?s=96&d=mm&r=g\",\"contentUrl\":\"https:\/\/secure.gravatar.com\/avatar\/ea80c42c204b534408512832fde52504ecabb9706bcb6151cf6175e5b64e6793?s=96&d=mm&r=g\",\"caption\":\"QG\"},\"url\":\"https:\/\/vosgesinfo.fr\/gerardmerinfo\/author\/quentin88\/\"}]}<\/script>\n<!-- \/ Yoast SEO plugin. -->","yoast_head_json":{"title":"Journ\u00e9es portes ouvertes \u00e0 \u00ab La Maison Pr\u00e8s de la Fontaine - Gerardmer Info","robots":{"index":"index","follow":"follow","max-snippet":"max-snippet:-1","max-image-preview":"max-image-preview:large","max-video-preview":"max-video-preview:-1"},"canonical":"https:\/\/vosgesinfo.fr\/gerardmerinfo\/2025\/09\/journees-portes-ouvertes-a-la-maison-pres-de-la-fontaine\/","twitter_card":"summary_large_image","twitter_title":"Journ\u00e9es portes ouvertes \u00e0 \u00ab La Maison Pr\u00e8s de la Fontaine - Gerardmer Info","twitter_description":"Les 29 et 30 ao\u00fbt derniers, la colocation pour seniors autonomes La Maison Pr\u00e8s de la Fontaine, situ\u00e9e \u00e0 L\u00e9panges-sur-Vologne, [&hellip;]","twitter_image":"https:\/\/vosgesinfo.fr\/app\/uploads\/sites\/6\/2025\/09\/collocation-pour-personnes-agees-lepanges-2.jpeg","twitter_creator":"@VosgesInfo88","twitter_site":"@VosgesInfo88","twitter_misc":{"\u00c9crit par":"QG","Dur\u00e9e de lecture estim\u00e9e":"1 minute"},"schema":{"@context":"https:\/\/schema.org","@graph":[{"@type":"Article","@id":"https:\/\/vosgesinfo.fr\/gerardmerinfo\/2025\/09\/journees-portes-ouvertes-a-la-maison-pres-de-la-fontaine\/#article","isPartOf":{"@id":"https:\/\/vosgesinfo.fr\/gerardmerinfo\/2025\/09\/journees-portes-ouvertes-a-la-maison-pres-de-la-fontaine\/"},"author":{"name":"QG","@id":"https:\/\/vosgesinfo.fr\/gerardmerinfo\/#\/schema\/person\/db5605779a843dad16b5368f3e7613a5"},"headline":"Journ\u00e9es portes ouvertes \u00e0 \u00ab La Maison Pr\u00e8s de la Fontaine","datePublished":"2025-09-03T16:00:13+00:00","dateModified":"2025-09-03T14:09:01+00:00","mainEntityOfPage":{"@id":"https:\/\/vosgesinfo.fr\/gerardmerinfo\/2025\/09\/journees-portes-ouvertes-a-la-maison-pres-de-la-fontaine\/"},"wordCount":279,"commentCount":0,"publisher":{"@id":"https:\/\/vosgesinfo.fr\/gerardmerinfo\/#organization"},"image":{"@id":"https:\/\/vosgesinfo.fr\/gerardmerinfo\/2025\/09\/journees-portes-ouvertes-a-la-maison-pres-de-la-fontaine\/#primaryimage"},"thumbnailUrl":"https:\/\/vosgesinfo.fr\/app\/uploads\/sites\/6\/2025\/09\/collocation-pour-personnes-agees-lepanges-2.jpeg","keywords":["La Maison Pr\u00e8s de la Fontaine","L\u00e9panges-sur-Vologne"],"articleSection":["A la une","Gerardmer","Saint-di\u00e9","solidarit\u00e9"],"inLanguage":"fr-FR","potentialAction":[{"@type":"CommentAction","name":"Comment","target":["https:\/\/vosgesinfo.fr\/gerardmerinfo\/2025\/09\/journees-portes-ouvertes-a-la-maison-pres-de-la-fontaine\/#respond"]}]},{"@type":"WebPage","@id":"https:\/\/vosgesinfo.fr\/gerardmerinfo\/2025\/09\/journees-portes-ouvertes-a-la-maison-pres-de-la-fontaine\/","url":"https:\/\/vosgesinfo.fr\/gerardmerinfo\/2025\/09\/journees-portes-ouvertes-a-la-maison-pres-de-la-fontaine\/","name":"Journ\u00e9es portes ouvertes \u00e0 \u00ab La Maison Pr\u00e8s de la Fontaine - Gerardmer Info","isPartOf":{"@id":"https:\/\/vosgesinfo.fr\/gerardmerinfo\/#website"},"primaryImageOfPage":{"@id":"https:\/\/vosgesinfo.fr\/gerardmerinfo\/2025\/09\/journees-portes-ouvertes-a-la-maison-pres-de-la-fontaine\/#primaryimage"},"image":{"@id":"https:\/\/vosgesinfo.fr\/gerardmerinfo\/2025\/09\/journees-portes-ouvertes-a-la-maison-pres-de-la-fontaine\/#primaryimage"},"thumbnailUrl":"https:\/\/vosgesinfo.fr\/app\/uploads\/sites\/6\/2025\/09\/collocation-pour-personnes-agees-lepanges-2.jpeg","datePublished":"2025-09-03T16:00:13+00:00","dateModified":"2025-09-03T14:09:01+00:00","breadcrumb":{"@id":"https:\/\/vosgesinfo.fr\/gerardmerinfo\/2025\/09\/journees-portes-ouvertes-a-la-maison-pres-de-la-fontaine\/#breadcrumb"},"inLanguage":"fr-FR","potentialAction":[{"@type":"ReadAction","target":["https:\/\/vosgesinfo.fr\/gerardmerinfo\/2025\/09\/journees-portes-ouvertes-a-la-maison-pres-de-la-fontaine\/"]}]},{"@type":"ImageObject","inLanguage":"fr-FR","@id":"https:\/\/vosgesinfo.fr\/gerardmerinfo\/2025\/09\/journees-portes-ouvertes-a-la-maison-pres-de-la-fontaine\/#primaryimage","url":"https:\/\/vosgesinfo.fr\/app\/uploads\/sites\/6\/2025\/09\/collocation-pour-personnes-agees-lepanges-2.jpeg","contentUrl":"https:\/\/vosgesinfo.fr\/app\/uploads\/sites\/6\/2025\/09\/collocation-pour-personnes-agees-lepanges-2.jpeg","width":1512,"height":2016},{"@type":"BreadcrumbList","@id":"https:\/\/vosgesinfo.fr\/gerardmerinfo\/2025\/09\/journees-portes-ouvertes-a-la-maison-pres-de-la-fontaine\/#breadcrumb","itemListElement":[{"@type":"ListItem","position":1,"name":"Home","item":"https:\/\/vosgesinfo.fr\/gerardmerinfo\/"},{"@type":"ListItem","position":2,"name":"Journ\u00e9es portes ouvertes \u00e0 \u00ab La Maison Pr\u00e8s de la Fontaine"}]},{"@type":"WebSite","@id":"https:\/\/vosgesinfo.fr\/gerardmerinfo\/#website","url":"https:\/\/vosgesinfo.fr\/gerardmerinfo\/","name":"Gerardmer Info","description":"Toute l&#039;actualit\u00e9 de G\u00e9rardmer","publisher":{"@id":"https:\/\/vosgesinfo.fr\/gerardmerinfo\/#organization"},"alternateName":"Toute l'actualit\u00e9 de G\u00e9rardmer","potentialAction":[{"@type":"SearchAction","target":{"@type":"EntryPoint","urlTemplate":"https:\/\/vosgesinfo.fr\/gerardmerinfo\/?s={search_term_string}"},"query-input":"required name=search_term_string"}],"inLanguage":"fr-FR"},{"@type":"Organization","@id":"https:\/\/vosgesinfo.fr\/gerardmerinfo\/#organization","name":"Gerardmer Info","url":"https:\/\/vosgesinfo.fr\/gerardmerinfo\/","logo":{"@type":"ImageObject","inLanguage":"fr-FR","@id":"https:\/\/vosgesinfo.fr\/gerardmerinfo\/#\/schema\/logo\/image\/","url":"https:\/\/vosgesinfo.fr\/app\/uploads\/sites\/6\/2023\/08\/favicon-gerardmerinfo.png","contentUrl":"https:\/\/vosgesinfo.fr\/app\/uploads\/sites\/6\/2023\/08\/favicon-gerardmerinfo.png","width":512,"height":512,"caption":"Gerardmer Info"},"image":{"@id":"https:\/\/vosgesinfo.fr\/gerardmerinfo\/#\/schema\/logo\/image\/"},"sameAs":["https:\/\/www.facebook.com\/profile.php?id=100049475262660","https:\/\/x.com\/VosgesInfo88","https:\/\/www.youtube.com\/@vosgesinfo"]},{"@type":"Person","@id":"https:\/\/vosgesinfo.fr\/gerardmerinfo\/#\/schema\/person\/db5605779a843dad16b5368f3e7613a5","name":"QG","image":{"@type":"ImageObject","inLanguage":"fr-FR","@id":"https:\/\/vosgesinfo.fr\/gerardmerinfo\/#\/schema\/person\/image\/","url":"https:\/\/secure.gravatar.com\/avatar\/ea80c42c204b534408512832fde52504ecabb9706bcb6151cf6175e5b64e6793?s=96&d=mm&r=g","contentUrl":"https:\/\/secure.gravatar.com\/avatar\/ea80c42c204b534408512832fde52504ecabb9706bcb6151cf6175e5b64e6793?s=96&d=mm&r=g","caption":"QG"},"url":"https:\/\/vosgesinfo.fr\/gerardmerinfo\/author\/quentin88\/"}]}},"_links":{"self":[{"href":"https:\/\/vosgesinfo.fr\/gerardmerinfo\/wp-json\/wp\/v2\/posts\/81972","targetHints":{"allow":["GET"]}}],"collection":[{"href":"https:\/\/vosgesinfo.fr\/gerardmerinfo\/wp-json\/wp\/v2\/posts"}],"about":[{"href":"https:\/\/vosgesinfo.fr\/gerardmerinfo\/wp-json\/wp\/v2\/types\/post"}],"author":[{"embeddable":true,"href":"https:\/\/vosgesinfo.fr\/gerardmerinfo\/wp-json\/wp\/v2\/users\/42"}],"replies":[{"embeddable":true,"href":"https:\/\/vosgesinfo.fr\/gerardmerinfo\/wp-json\/wp\/v2\/comments?post=81972"}],"version-history":[{"count":1,"href":"https:\/\/vosgesinfo.fr\/gerardmerinfo\/wp-json\/wp\/v2\/posts\/81972\/revisions"}],"predecessor-version":[{"id":81980,"href":"https:\/\/vosgesinfo.fr\/gerardmerinfo\/wp-json\/wp\/v2\/posts\/81972\/revisions\/81980"}],"wp:featuredmedia":[{"embeddable":true,"href":"https:\/\/vosgesinfo.fr\/gerardmerinfo\/wp-json\/wp\/v2\/media\/81975"}],"wp:attachment":[{"href":"https:\/\/vosgesinfo.fr\/gerardmerinfo\/wp-json\/wp\/v2\/media?parent=81972"}],"wp:term":[{"taxonomy":"category","embeddable":true,"href":"https:\/\/vosgesinfo.fr\/gerardmerinfo\/wp-json\/wp\/v2\/categories?post=81972"},{"taxonomy":"post_tag","embeddable":true,"href":"https:\/\/vosgesinfo.fr\/gerardmerinfo\/wp-json\/wp\/v2\/tags?post=81972"}],"curies":[{"name":"wp","href":"https:\/\/api.w.org\/{rel}","templated":true}]}}