{"id":81991,"date":"2025-09-03T19:24:44","date_gmt":"2025-09-03T17:24:44","guid":{"rendered":"https:\/\/vosgesinfo.fr\/gerardmerinfo\/?p=81991"},"modified":"2025-09-03T22:22:46","modified_gmt":"2025-09-03T20:22:46","slug":"le-depute-christophe-naegelen-propose-un-sondage-sur-le-vote-de-confiance","status":"publish","type":"post","link":"https:\/\/vosgesinfo.fr\/gerardmerinfo\/2025\/09\/le-depute-christophe-naegelen-propose-un-sondage-sur-le-vote-de-confiance\/","title":{"rendered":"Le d\u00e9put\u00e9 Christophe Naegelen propose un sondage sur le vote de confiance"},"content":{"rendered":"<div id=\"m_-5130277643660053684_r_21e_\">\n<div><b>\u00ab\u00a0Lundi prochain, le Premier Ministre a d\u00e9cid\u00e9 de solliciter un vote de confiance .<\/b><\/div>\n<div><b>J&rsquo;ai voulu en plus de l&rsquo;avis personnel que je peux avoir et des diff\u00e9rents avis que je peux recueillir lors de mes pr\u00e9sences sur le terrain solliciter le v\u00f4tre par le biais d&rsquo;un sondage dont vous trouverez le lien ci dessous.<\/b><\/div>\n<div><b>Je pense refaire cela pour de futurs Projets ou Propositions de Loi, avec une explication de texte, m\u00eame si cela n&rsquo;est pas faisable dans tous les cas \u00e7a aura au moins le m\u00e9rite d&rsquo;exister pour certains.<\/b><\/div>\n<div><b>Concernant ce vote, il nous est demand\u00e9 de dire avant l&rsquo;\u00e9tude du futur Projet de loi de Finances si nous validons les orientations donn\u00e9es par le 1er Ministre et son Gouvernement.<\/b><\/div>\n<div><b>En cas de vote Contre majoritaire, le Gouvernement entier doit d\u00e9missionner.<\/b><\/div>\n<div><b>3 choix s&rsquo;offrent donc : Pour- Contre- Abstention<\/b><\/div>\n<div><b>Sur la Forme:<\/b><\/div>\n<div><b>&#8211; Je suis en d\u00e9saccord avec la m\u00e9thode, nous aurions du en amont \u00e9tudier le texte et voter sur les propositions des uns et des autres.<\/b><\/div>\n<div><b>&#8211; Je suis surpris des diff\u00e9rentes interventions t\u00e9l\u00e9vis\u00e9es du Premier Ministre et de certains de ces propos, \u00e0 minima tr\u00e8s maladroits<\/b><\/div>\n<div><b>Sur le Fond:<\/b><\/div>\n<div><b>&#8211; Notre pays a besoin de stabilit\u00e9 et de mesures fortes et courageuses<\/b><\/div>\n<div><b>&#8211; Toujours guid\u00e9 par la valeur Travail et la protection et la valorisation des travailleurs je ne partage pas certaines propositions et notamment celle sur les jours F\u00e9ri\u00e9s.<\/b><\/div>\n<div><b>&#8211; Certains Ministres sont coh\u00e9rents et comp\u00e9tents dans leurs minist\u00e8res respectifs .<\/b><\/div>\n<div><b>&#8211; Les dossiers en cours seront \u00e0 l&rsquo;arr\u00eat<\/b><\/div>\n<div><b>&#8211; Nous n&rsquo;allons pas assez loin dans la baisse de la d\u00e9pense<\/b><\/div>\n<div><b>&#8211; La d\u00e9mission du Gouvernement va encore nous faire perdre des semaines<\/b><\/div>\n<div><b>Bien entendu, il faudra aussi attendre le discours de Politique G\u00e9n\u00e9rale lundi avant le vote.<\/b><\/div>\n<div><b>Et vous Qu&rsquo;en pensez vous? Merci de remplir le sondage en appuyant sur le lien ci dessous :<\/b><\/div>\n<div><b><a id=\"m_-5130277643660053684OWA50912d3f-5557-7932-da70-70e02c782b93\" href=\"https:\/\/l.facebook.com\/l.php?u=https%3A%2F%2Fforms.gle%2Fwb5UT3krY1etoW118%3Ffbclid%3DIwZXh0bgNhZW0CMTAAYnJpZBEwUnlvZjBsWjE3emRlT3ZORwEehuJ_5rpy3rBafnu_DkrdFtkrYqS1qYPpotDe0h-Q7lGnHOCl_dIlEni-W4U_aem_ZeUsa18oGWNkn26GgNEwtQ&amp;h=AT0UhlDYaJhgDCkaTAoPuahjcPixn9pAfjdXSaidBAa9RzErvKK46eQ6it0AWFlI2M3WQYDwlBgiUKfWuKkllvd8FIY7EYr2Wo5xRF99zhECkc3SRoIlKLaLzTCwOzUM_UFLUkpnNNmLsYRdqow4aQ4c80uhpsXu&amp;__tn__=-UK-R&amp;c[0]=AT3QoIKZmjvyLU2xIIxdtWYyc9oJ_ECeT5nSNJ73OQyZD1FUbae1r4AvdSZaU_qLeMA3nuQigA1VIBCGBqJmv6HsbJwYIYRtY6M0WAmlzZ3ylZ8HWKiwIYLOEl4ySpswa1s-qgFeRx9Zx1PRXoRVhDDVnWREy97yyYVqWIS9tEs7O_ErmudtgA7ne4fT7xw0s-Mmxj1CAghyMxxcdIZJxjqRCw\" target=\"_blank\" rel=\"nofollow noopener noreferrer\" data-saferedirecturl=\"https:\/\/www.google.com\/url?q=https:\/\/l.facebook.com\/l.php?u%3Dhttps%253A%252F%252Fforms.gle%252Fwb5UT3krY1etoW118%253Ffbclid%253DIwZXh0bgNhZW0CMTAAYnJpZBEwUnlvZjBsWjE3emRlT3ZORwEehuJ_5rpy3rBafnu_DkrdFtkrYqS1qYPpotDe0h-Q7lGnHOCl_dIlEni-W4U_aem_ZeUsa18oGWNkn26GgNEwtQ%26h%3DAT0UhlDYaJhgDCkaTAoPuahjcPixn9pAfjdXSaidBAa9RzErvKK46eQ6it0AWFlI2M3WQYDwlBgiUKfWuKkllvd8FIY7EYr2Wo5xRF99zhECkc3SRoIlKLaLzTCwOzUM_UFLUkpnNNmLsYRdqow4aQ4c80uhpsXu%26__tn__%3D-UK-R%26c%5B0%5D%3DAT3QoIKZmjvyLU2xIIxdtWYyc9oJ_ECeT5nSNJ73OQyZD1FUbae1r4AvdSZaU_qLeMA3nuQigA1VIBCGBqJmv6HsbJwYIYRtY6M0WAmlzZ3ylZ8HWKiwIYLOEl4ySpswa1s-qgFeRx9Zx1PRXoRVhDDVnWREy97yyYVqWIS9tEs7O_ErmudtgA7ne4fT7xw0s-Mmxj1CAghyMxxcdIZJxjqRCw&amp;source=gmail&amp;ust=1757004387031000&amp;usg=AOvVaw3JqsAnLdihRjQqPklQOB8X\">https:\/\/forms.gle\/<wbr \/>wb5UT3krY1etoW118<\/a>\u00ab\u00a0<\/b><\/div>\n<\/div>\n<div id=\"m_-5130277643660053684_r_21c_\"><b>\u00a0<\/b><\/div>\n<div><\/div>\n","protected":false},"excerpt":{"rendered":"<p>\u00ab\u00a0Lundi prochain, le Premier Ministre a d\u00e9cid\u00e9 de solliciter un vote de confiance . J&rsquo;ai voulu en plus de l&rsquo;avis [&hellip;]<\/p>\n","protected":false},"author":391,"featured_media":81992,"comment_status":"closed","ping_status":"open","sticky":false,"template":"","format":"standard","meta":{"footnotes":""},"categories":[20,25,868],"tags":[110,7769],"class_list":["post-81991","post","type-post","status-publish","format-standard","has-post-thumbnail","hentry","category-a-la-une","category-gerardmer","category-remiremont","tag-christophe-naegelen","tag-vote-de-confiance"],"acf":[],"yoast_head":"<!-- This site is optimized with the Yoast SEO plugin v22.5 - https:\/\/yoast.com\/wordpress\/plugins\/seo\/ -->\n<title>Le d\u00e9put\u00e9 Christophe Naegelen propose un sondage sur le vote de confiance - Gerardmer Info<\/title>\n<meta name=\"robots\" content=\"index, follow, max-snippet:-1, max-image-preview:large, max-video-preview:-1\" \/>\n<link rel=\"canonical\" href=\"https:\/\/vosgesinfo.fr\/gerardmerinfo\/2025\/09\/le-depute-christophe-naegelen-propose-un-sondage-sur-le-vote-de-confiance\/\" \/>\n<meta name=\"twitter:card\" content=\"summary_large_image\" \/>\n<meta name=\"twitter:title\" content=\"Le d\u00e9put\u00e9 Christophe Naegelen propose un sondage sur le vote de confiance - Gerardmer Info\" \/>\n<meta name=\"twitter:description\" content=\"\u00ab\u00a0Lundi prochain, le Premier Ministre a d\u00e9cid\u00e9 de solliciter un vote de confiance . J&rsquo;ai voulu en plus de l&rsquo;avis [&hellip;]\" \/>\n<meta name=\"twitter:image\" content=\"https:\/\/vosgesinfo.fr\/app\/uploads\/sites\/6\/2025\/09\/christophe-naegelen-source-facebook.jpg\" \/>\n<meta name=\"twitter:creator\" content=\"@VosgesInfo88\" \/>\n<meta name=\"twitter:site\" content=\"@VosgesInfo88\" \/>\n<meta name=\"twitter:label1\" content=\"\u00c9crit par\" \/>\n\t<meta name=\"twitter:data1\" content=\"La redaction\" \/>\n\t<meta name=\"twitter:label2\" content=\"Dur\u00e9e de lecture estim\u00e9e\" \/>\n\t<meta name=\"twitter:data2\" content=\"2 minutes\" \/>\n<script type=\"application\/ld+json\" class=\"yoast-schema-graph\">{\"@context\":\"https:\/\/schema.org\",\"@graph\":[{\"@type\":\"Article\",\"@id\":\"https:\/\/vosgesinfo.fr\/gerardmerinfo\/2025\/09\/le-depute-christophe-naegelen-propose-un-sondage-sur-le-vote-de-confiance\/#article\",\"isPartOf\":{\"@id\":\"https:\/\/vosgesinfo.fr\/gerardmerinfo\/2025\/09\/le-depute-christophe-naegelen-propose-un-sondage-sur-le-vote-de-confiance\/\"},\"author\":{\"name\":\"La redaction\",\"@id\":\"https:\/\/vosgesinfo.fr\/gerardmerinfo\/#\/schema\/person\/27a3695b06db98895b354c0765cdfc31\"},\"headline\":\"Le d\u00e9put\u00e9 Christophe Naegelen propose un sondage sur le vote de confiance\",\"datePublished\":\"2025-09-03T17:24:44+00:00\",\"dateModified\":\"2025-09-03T20:22:46+00:00\",\"mainEntityOfPage\":{\"@id\":\"https:\/\/vosgesinfo.fr\/gerardmerinfo\/2025\/09\/le-depute-christophe-naegelen-propose-un-sondage-sur-le-vote-de-confiance\/\"},\"wordCount\":360,\"publisher\":{\"@id\":\"https:\/\/vosgesinfo.fr\/gerardmerinfo\/#organization\"},\"image\":{\"@id\":\"https:\/\/vosgesinfo.fr\/gerardmerinfo\/2025\/09\/le-depute-christophe-naegelen-propose-un-sondage-sur-le-vote-de-confiance\/#primaryimage\"},\"thumbnailUrl\":\"https:\/\/vosgesinfo.fr\/app\/uploads\/sites\/6\/2025\/09\/christophe-naegelen-source-facebook.jpg\",\"keywords\":[\"christophe Naegelen\",\"vote de confiance\"],\"articleSection\":[\"A la une\",\"G\u00e9rardmer\",\"Remiremont\"],\"inLanguage\":\"fr-FR\"},{\"@type\":\"WebPage\",\"@id\":\"https:\/\/vosgesinfo.fr\/gerardmerinfo\/2025\/09\/le-depute-christophe-naegelen-propose-un-sondage-sur-le-vote-de-confiance\/\",\"url\":\"https:\/\/vosgesinfo.fr\/gerardmerinfo\/2025\/09\/le-depute-christophe-naegelen-propose-un-sondage-sur-le-vote-de-confiance\/\",\"name\":\"Le d\u00e9put\u00e9 Christophe Naegelen propose un sondage sur le vote de confiance - Gerardmer Info\",\"isPartOf\":{\"@id\":\"https:\/\/vosgesinfo.fr\/gerardmerinfo\/#website\"},\"primaryImageOfPage\":{\"@id\":\"https:\/\/vosgesinfo.fr\/gerardmerinfo\/2025\/09\/le-depute-christophe-naegelen-propose-un-sondage-sur-le-vote-de-confiance\/#primaryimage\"},\"image\":{\"@id\":\"https:\/\/vosgesinfo.fr\/gerardmerinfo\/2025\/09\/le-depute-christophe-naegelen-propose-un-sondage-sur-le-vote-de-confiance\/#primaryimage\"},\"thumbnailUrl\":\"https:\/\/vosgesinfo.fr\/app\/uploads\/sites\/6\/2025\/09\/christophe-naegelen-source-facebook.jpg\",\"datePublished\":\"2025-09-03T17:24:44+00:00\",\"dateModified\":\"2025-09-03T20:22:46+00:00\",\"breadcrumb\":{\"@id\":\"https:\/\/vosgesinfo.fr\/gerardmerinfo\/2025\/09\/le-depute-christophe-naegelen-propose-un-sondage-sur-le-vote-de-confiance\/#breadcrumb\"},\"inLanguage\":\"fr-FR\",\"potentialAction\":[{\"@type\":\"ReadAction\",\"target\":[\"https:\/\/vosgesinfo.fr\/gerardmerinfo\/2025\/09\/le-depute-christophe-naegelen-propose-un-sondage-sur-le-vote-de-confiance\/\"]}]},{\"@type\":\"ImageObject\",\"inLanguage\":\"fr-FR\",\"@id\":\"https:\/\/vosgesinfo.fr\/gerardmerinfo\/2025\/09\/le-depute-christophe-naegelen-propose-un-sondage-sur-le-vote-de-confiance\/#primaryimage\",\"url\":\"https:\/\/vosgesinfo.fr\/app\/uploads\/sites\/6\/2025\/09\/christophe-naegelen-source-facebook.jpg\",\"contentUrl\":\"https:\/\/vosgesinfo.fr\/app\/uploads\/sites\/6\/2025\/09\/christophe-naegelen-source-facebook.jpg\",\"width\":1768,\"height\":1779},{\"@type\":\"BreadcrumbList\",\"@id\":\"https:\/\/vosgesinfo.fr\/gerardmerinfo\/2025\/09\/le-depute-christophe-naegelen-propose-un-sondage-sur-le-vote-de-confiance\/#breadcrumb\",\"itemListElement\":[{\"@type\":\"ListItem\",\"position\":1,\"name\":\"Home\",\"item\":\"https:\/\/vosgesinfo.fr\/gerardmerinfo\/\"},{\"@type\":\"ListItem\",\"position\":2,\"name\":\"Le d\u00e9put\u00e9 Christophe Naegelen propose un sondage sur le vote de confiance\"}]},{\"@type\":\"WebSite\",\"@id\":\"https:\/\/vosgesinfo.fr\/gerardmerinfo\/#website\",\"url\":\"https:\/\/vosgesinfo.fr\/gerardmerinfo\/\",\"name\":\"Gerardmer Info\",\"description\":\"Toute l&#039;actualit\u00e9 de G\u00e9rardmer\",\"publisher\":{\"@id\":\"https:\/\/vosgesinfo.fr\/gerardmerinfo\/#organization\"},\"alternateName\":\"Toute l'actualit\u00e9 de G\u00e9rardmer\",\"potentialAction\":[{\"@type\":\"SearchAction\",\"target\":{\"@type\":\"EntryPoint\",\"urlTemplate\":\"https:\/\/vosgesinfo.fr\/gerardmerinfo\/?s={search_term_string}\"},\"query-input\":\"required name=search_term_string\"}],\"inLanguage\":\"fr-FR\"},{\"@type\":\"Organization\",\"@id\":\"https:\/\/vosgesinfo.fr\/gerardmerinfo\/#organization\",\"name\":\"Gerardmer Info\",\"url\":\"https:\/\/vosgesinfo.fr\/gerardmerinfo\/\",\"logo\":{\"@type\":\"ImageObject\",\"inLanguage\":\"fr-FR\",\"@id\":\"https:\/\/vosgesinfo.fr\/gerardmerinfo\/#\/schema\/logo\/image\/\",\"url\":\"https:\/\/vosgesinfo.fr\/app\/uploads\/sites\/6\/2023\/08\/favicon-gerardmerinfo.png\",\"contentUrl\":\"https:\/\/vosgesinfo.fr\/app\/uploads\/sites\/6\/2023\/08\/favicon-gerardmerinfo.png\",\"width\":512,\"height\":512,\"caption\":\"Gerardmer Info\"},\"image\":{\"@id\":\"https:\/\/vosgesinfo.fr\/gerardmerinfo\/#\/schema\/logo\/image\/\"},\"sameAs\":[\"https:\/\/www.facebook.com\/profile.php?id=100049475262660\",\"https:\/\/x.com\/VosgesInfo88\",\"https:\/\/www.youtube.com\/@vosgesinfo\"]},{\"@type\":\"Person\",\"@id\":\"https:\/\/vosgesinfo.fr\/gerardmerinfo\/#\/schema\/person\/27a3695b06db98895b354c0765cdfc31\",\"name\":\"La redaction\",\"image\":{\"@type\":\"ImageObject\",\"inLanguage\":\"fr-FR\",\"@id\":\"https:\/\/vosgesinfo.fr\/gerardmerinfo\/#\/schema\/person\/image\/\",\"url\":\"https:\/\/secure.gravatar.com\/avatar\/64c76a78e501cedee55736f43f332df901e1896ae9cd8fad269ae2236dd0e8b6?s=96&d=mm&r=g\",\"contentUrl\":\"https:\/\/secure.gravatar.com\/avatar\/64c76a78e501cedee55736f43f332df901e1896ae9cd8fad269ae2236dd0e8b6?s=96&d=mm&r=g\",\"caption\":\"La redaction\"},\"url\":\"https:\/\/vosgesinfo.fr\/gerardmerinfo\/author\/la-redaction\/\"}]}<\/script>\n<!-- \/ Yoast SEO plugin. -->","yoast_head_json":{"title":"Le d\u00e9put\u00e9 Christophe Naegelen propose un sondage sur le vote de confiance - Gerardmer Info","robots":{"index":"index","follow":"follow","max-snippet":"max-snippet:-1","max-image-preview":"max-image-preview:large","max-video-preview":"max-video-preview:-1"},"canonical":"https:\/\/vosgesinfo.fr\/gerardmerinfo\/2025\/09\/le-depute-christophe-naegelen-propose-un-sondage-sur-le-vote-de-confiance\/","twitter_card":"summary_large_image","twitter_title":"Le d\u00e9put\u00e9 Christophe Naegelen propose un sondage sur le vote de confiance - Gerardmer Info","twitter_description":"\u00ab\u00a0Lundi prochain, le Premier Ministre a d\u00e9cid\u00e9 de solliciter un vote de confiance . J&rsquo;ai voulu en plus de l&rsquo;avis [&hellip;]","twitter_image":"https:\/\/vosgesinfo.fr\/app\/uploads\/sites\/6\/2025\/09\/christophe-naegelen-source-facebook.jpg","twitter_creator":"@VosgesInfo88","twitter_site":"@VosgesInfo88","twitter_misc":{"\u00c9crit par":"La redaction","Dur\u00e9e de lecture estim\u00e9e":"2 minutes"},"schema":{"@context":"https:\/\/schema.org","@graph":[{"@type":"Article","@id":"https:\/\/vosgesinfo.fr\/gerardmerinfo\/2025\/09\/le-depute-christophe-naegelen-propose-un-sondage-sur-le-vote-de-confiance\/#article","isPartOf":{"@id":"https:\/\/vosgesinfo.fr\/gerardmerinfo\/2025\/09\/le-depute-christophe-naegelen-propose-un-sondage-sur-le-vote-de-confiance\/"},"author":{"name":"La redaction","@id":"https:\/\/vosgesinfo.fr\/gerardmerinfo\/#\/schema\/person\/27a3695b06db98895b354c0765cdfc31"},"headline":"Le d\u00e9put\u00e9 Christophe Naegelen propose un sondage sur le vote de confiance","datePublished":"2025-09-03T17:24:44+00:00","dateModified":"2025-09-03T20:22:46+00:00","mainEntityOfPage":{"@id":"https:\/\/vosgesinfo.fr\/gerardmerinfo\/2025\/09\/le-depute-christophe-naegelen-propose-un-sondage-sur-le-vote-de-confiance\/"},"wordCount":360,"publisher":{"@id":"https:\/\/vosgesinfo.fr\/gerardmerinfo\/#organization"},"image":{"@id":"https:\/\/vosgesinfo.fr\/gerardmerinfo\/2025\/09\/le-depute-christophe-naegelen-propose-un-sondage-sur-le-vote-de-confiance\/#primaryimage"},"thumbnailUrl":"https:\/\/vosgesinfo.fr\/app\/uploads\/sites\/6\/2025\/09\/christophe-naegelen-source-facebook.jpg","keywords":["christophe Naegelen","vote de confiance"],"articleSection":["A la une","G\u00e9rardmer","Remiremont"],"inLanguage":"fr-FR"},{"@type":"WebPage","@id":"https:\/\/vosgesinfo.fr\/gerardmerinfo\/2025\/09\/le-depute-christophe-naegelen-propose-un-sondage-sur-le-vote-de-confiance\/","url":"https:\/\/vosgesinfo.fr\/gerardmerinfo\/2025\/09\/le-depute-christophe-naegelen-propose-un-sondage-sur-le-vote-de-confiance\/","name":"Le d\u00e9put\u00e9 Christophe Naegelen propose un sondage sur le vote de confiance - Gerardmer Info","isPartOf":{"@id":"https:\/\/vosgesinfo.fr\/gerardmerinfo\/#website"},"primaryImageOfPage":{"@id":"https:\/\/vosgesinfo.fr\/gerardmerinfo\/2025\/09\/le-depute-christophe-naegelen-propose-un-sondage-sur-le-vote-de-confiance\/#primaryimage"},"image":{"@id":"https:\/\/vosgesinfo.fr\/gerardmerinfo\/2025\/09\/le-depute-christophe-naegelen-propose-un-sondage-sur-le-vote-de-confiance\/#primaryimage"},"thumbnailUrl":"https:\/\/vosgesinfo.fr\/app\/uploads\/sites\/6\/2025\/09\/christophe-naegelen-source-facebook.jpg","datePublished":"2025-09-03T17:24:44+00:00","dateModified":"2025-09-03T20:22:46+00:00","breadcrumb":{"@id":"https:\/\/vosgesinfo.fr\/gerardmerinfo\/2025\/09\/le-depute-christophe-naegelen-propose-un-sondage-sur-le-vote-de-confiance\/#breadcrumb"},"inLanguage":"fr-FR","potentialAction":[{"@type":"ReadAction","target":["https:\/\/vosgesinfo.fr\/gerardmerinfo\/2025\/09\/le-depute-christophe-naegelen-propose-un-sondage-sur-le-vote-de-confiance\/"]}]},{"@type":"ImageObject","inLanguage":"fr-FR","@id":"https:\/\/vosgesinfo.fr\/gerardmerinfo\/2025\/09\/le-depute-christophe-naegelen-propose-un-sondage-sur-le-vote-de-confiance\/#primaryimage","url":"https:\/\/vosgesinfo.fr\/app\/uploads\/sites\/6\/2025\/09\/christophe-naegelen-source-facebook.jpg","contentUrl":"https:\/\/vosgesinfo.fr\/app\/uploads\/sites\/6\/2025\/09\/christophe-naegelen-source-facebook.jpg","width":1768,"height":1779},{"@type":"BreadcrumbList","@id":"https:\/\/vosgesinfo.fr\/gerardmerinfo\/2025\/09\/le-depute-christophe-naegelen-propose-un-sondage-sur-le-vote-de-confiance\/#breadcrumb","itemListElement":[{"@type":"ListItem","position":1,"name":"Home","item":"https:\/\/vosgesinfo.fr\/gerardmerinfo\/"},{"@type":"ListItem","position":2,"name":"Le d\u00e9put\u00e9 Christophe Naegelen propose un sondage sur le vote de confiance"}]},{"@type":"WebSite","@id":"https:\/\/vosgesinfo.fr\/gerardmerinfo\/#website","url":"https:\/\/vosgesinfo.fr\/gerardmerinfo\/","name":"Gerardmer Info","description":"Toute l&#039;actualit\u00e9 de G\u00e9rardmer","publisher":{"@id":"https:\/\/vosgesinfo.fr\/gerardmerinfo\/#organization"},"alternateName":"Toute l'actualit\u00e9 de G\u00e9rardmer","potentialAction":[{"@type":"SearchAction","target":{"@type":"EntryPoint","urlTemplate":"https:\/\/vosgesinfo.fr\/gerardmerinfo\/?s={search_term_string}"},"query-input":"required name=search_term_string"}],"inLanguage":"fr-FR"},{"@type":"Organization","@id":"https:\/\/vosgesinfo.fr\/gerardmerinfo\/#organization","name":"Gerardmer Info","url":"https:\/\/vosgesinfo.fr\/gerardmerinfo\/","logo":{"@type":"ImageObject","inLanguage":"fr-FR","@id":"https:\/\/vosgesinfo.fr\/gerardmerinfo\/#\/schema\/logo\/image\/","url":"https:\/\/vosgesinfo.fr\/app\/uploads\/sites\/6\/2023\/08\/favicon-gerardmerinfo.png","contentUrl":"https:\/\/vosgesinfo.fr\/app\/uploads\/sites\/6\/2023\/08\/favicon-gerardmerinfo.png","width":512,"height":512,"caption":"Gerardmer Info"},"image":{"@id":"https:\/\/vosgesinfo.fr\/gerardmerinfo\/#\/schema\/logo\/image\/"},"sameAs":["https:\/\/www.facebook.com\/profile.php?id=100049475262660","https:\/\/x.com\/VosgesInfo88","https:\/\/www.youtube.com\/@vosgesinfo"]},{"@type":"Person","@id":"https:\/\/vosgesinfo.fr\/gerardmerinfo\/#\/schema\/person\/27a3695b06db98895b354c0765cdfc31","name":"La redaction","image":{"@type":"ImageObject","inLanguage":"fr-FR","@id":"https:\/\/vosgesinfo.fr\/gerardmerinfo\/#\/schema\/person\/image\/","url":"https:\/\/secure.gravatar.com\/avatar\/64c76a78e501cedee55736f43f332df901e1896ae9cd8fad269ae2236dd0e8b6?s=96&d=mm&r=g","contentUrl":"https:\/\/secure.gravatar.com\/avatar\/64c76a78e501cedee55736f43f332df901e1896ae9cd8fad269ae2236dd0e8b6?s=96&d=mm&r=g","caption":"La redaction"},"url":"https:\/\/vosgesinfo.fr\/gerardmerinfo\/author\/la-redaction\/"}]}},"_links":{"self":[{"href":"https:\/\/vosgesinfo.fr\/gerardmerinfo\/wp-json\/wp\/v2\/posts\/81991","targetHints":{"allow":["GET"]}}],"collection":[{"href":"https:\/\/vosgesinfo.fr\/gerardmerinfo\/wp-json\/wp\/v2\/posts"}],"about":[{"href":"https:\/\/vosgesinfo.fr\/gerardmerinfo\/wp-json\/wp\/v2\/types\/post"}],"author":[{"embeddable":true,"href":"https:\/\/vosgesinfo.fr\/gerardmerinfo\/wp-json\/wp\/v2\/users\/391"}],"replies":[{"embeddable":true,"href":"https:\/\/vosgesinfo.fr\/gerardmerinfo\/wp-json\/wp\/v2\/comments?post=81991"}],"version-history":[{"count":2,"href":"https:\/\/vosgesinfo.fr\/gerardmerinfo\/wp-json\/wp\/v2\/posts\/81991\/revisions"}],"predecessor-version":[{"id":81996,"href":"https:\/\/vosgesinfo.fr\/gerardmerinfo\/wp-json\/wp\/v2\/posts\/81991\/revisions\/81996"}],"wp:featuredmedia":[{"embeddable":true,"href":"https:\/\/vosgesinfo.fr\/gerardmerinfo\/wp-json\/wp\/v2\/media\/81992"}],"wp:attachment":[{"href":"https:\/\/vosgesinfo.fr\/gerardmerinfo\/wp-json\/wp\/v2\/media?parent=81991"}],"wp:term":[{"taxonomy":"category","embeddable":true,"href":"https:\/\/vosgesinfo.fr\/gerardmerinfo\/wp-json\/wp\/v2\/categories?post=81991"},{"taxonomy":"post_tag","embeddable":true,"href":"https:\/\/vosgesinfo.fr\/gerardmerinfo\/wp-json\/wp\/v2\/tags?post=81991"}],"curies":[{"name":"wp","href":"https:\/\/api.w.org\/{rel}","templated":true}]}}