{"id":82016,"date":"2025-09-05T06:00:05","date_gmt":"2025-09-05T04:00:05","guid":{"rendered":"https:\/\/vosgesinfo.fr\/gerardmerinfo\/?p=82016"},"modified":"2025-09-04T10:22:13","modified_gmt":"2025-09-04T08:22:13","slug":"le-judo-club-gerardmer-le-tholy-fait-sa-rentree","status":"publish","type":"post","link":"https:\/\/vosgesinfo.fr\/gerardmerinfo\/2025\/09\/le-judo-club-gerardmer-le-tholy-fait-sa-rentree\/","title":{"rendered":"Le Judo Club G\u00e9rardmer &#038; Le Tholy fait sa rentr\u00e9e"},"content":{"rendered":"<h3><a href=\"https:\/\/vosgesinfo.fr\/app\/uploads\/sites\/6\/2024\/07\/202205judo-tournoi-international-master-3.jpg\"><img decoding=\"async\" class=\"aligncenter size-medium wp-image-58731\" src=\"https:\/\/vosgesinfo.fr\/app\/uploads\/sites\/6\/2024\/07\/202205judo-tournoi-international-master-3-300x199.jpg\" alt=\"\" width=\"300\" height=\"199\" srcset=\"https:\/\/vosgesinfo.fr\/app\/uploads\/sites\/6\/2024\/07\/202205judo-tournoi-international-master-3-300x199.jpg 300w, https:\/\/vosgesinfo.fr\/app\/uploads\/sites\/6\/2024\/07\/202205judo-tournoi-international-master-3-1024x678.jpg 1024w, https:\/\/vosgesinfo.fr\/app\/uploads\/sites\/6\/2024\/07\/202205judo-tournoi-international-master-3-768x509.jpg 768w, https:\/\/vosgesinfo.fr\/app\/uploads\/sites\/6\/2024\/07\/202205judo-tournoi-international-master-3-1536x1018.jpg 1536w, https:\/\/vosgesinfo.fr\/app\/uploads\/sites\/6\/2024\/07\/202205judo-tournoi-international-master-3-2048x1357.jpg 2048w\" sizes=\"(max-width: 300px) 100vw, 300px\" \/><\/a><br \/>\nLe Judo Club de G\u00e9rardmer et du Tholy fait sa rentr\u00e9e pour la saison 2025\/2026 ! Cette ann\u00e9e encore, nous proposons des activit\u00e9s adapt\u00e9es \u00e0 tous les \u00e2ges et tous les niveaux.<\/h3>\n<p>\ud83d\udc49 2 s\u00e9ances d\u2019essai gratuites sont offertes \u00e0 chaque nouvel adh\u00e9rent.<br \/>\n\ud83c\udf1f Baby-Judo (\u00c9veil Judo)<br \/>\nD\u00e8s 3 ans et demi, les plus jeunes d\u00e9couvrent l\u2019\u00e9veil judo : d\u00e9veloppement de la motricit\u00e9, jeux adapt\u00e9s, premiers pas sur le tatami dans un cadre s\u00e9curis\u00e9 et ludique. Un excellent moyen de canaliser son \u00e9nergie et de progresser en confiance.<br \/>\n\ud83e\udd4b Judo Classique (d\u00e8s 6 ans jusqu\u2019aux adultes)<br \/>\nDu CP aux adultes confirm\u00e9s, chacun trouve sa place : apprentissage des techniques de projection et de contr\u00f4le, esprit de respect et pers\u00e9v\u00e9rance, pratique loisir ou comp\u00e9tition.<br \/>\n\ud83d\udee1\ufe0f Ju-Jitsu \/ Self-d\u00e9fense<br \/>\n\u00c0 partir de 13 ans, le ju-jitsu permet d\u2019acqu\u00e9rir des techniques d\u2019autod\u00e9fense efficaces, en utilisant les principes du judo.<br \/>\n\ud83d\udcaa Ta\u00efso \u2013 La pr\u00e9paration physique pour tous<br \/>\nLe Ta\u00efso est la discipline en plein essor au club, et pour cause : c\u2019est une activit\u00e9 ouverte \u00e0 tous, quel que soit l\u2019\u00e2ge ou le niveau sportif. Contrairement au judo, il n\u2019y a ni chute ni combat. L\u2019objectif est de renforcer le corps et d\u2019am\u00e9liorer sa condition physique dans une ambiance conviviale.<br \/>\nAu programme des s\u00e9ances de Ta\u00efso :<br \/>\n\u2022 \ud83d\udd39 Renforcement musculaire complet (abdos, gainage, dos, jambes, bras)<br \/>\n\u2022 \ud83d\udd39 Travail cardio avec des exercices vari\u00e9s<br \/>\n\u2022 \ud83d\udd39 Circuit training et ateliers fonctionnels<br \/>\n\u2022 \ud83d\udd39 Assouplissements et am\u00e9lioration de la mobilit\u00e9<br \/>\n\u2022 \ud83d\udd39 Exercices adapt\u00e9s \u00e0 chacun, quel que soit le niveau de d\u00e9part<br \/>\nQue vous soyez d\u00e9butant ou confirm\u00e9, le Ta\u00efso est id\u00e9al pour reprendre une activit\u00e9 sportive, entretenir sa forme ou compl\u00e9ter un autre sport. C\u2019est une excellente pr\u00e9paration physique g\u00e9n\u00e9rale, avec une ambiance motivante et bienveillante.<\/p>\n<p>&nbsp;<\/p>\n<p>Horaires d\u2019entra\u00eenement 2025\/2026<\/p>\n<p class=\"western\"><strong>Judo \u2013 G\u00e9rardmer<\/strong><\/p>\n<table width=\"576\" cellspacing=\"0\" cellpadding=\"7\">\n<tbody>\n<tr valign=\"top\">\n<td width=\"178\">Jour<\/td>\n<td width=\"178\">Horaire<\/td>\n<td width=\"178\">Groupe<\/td>\n<\/tr>\n<tr valign=\"top\">\n<td width=\"178\">Lundi<\/td>\n<td width=\"178\">17h &#8211; 17h45<\/td>\n<td width=\"178\">4 &amp; 5 ans (n\u00e9s 2020\/2021\/2022)<\/td>\n<\/tr>\n<tr valign=\"top\">\n<td width=\"178\">Lundi<\/td>\n<td width=\"178\">17h45 &#8211; 18h45<\/td>\n<td width=\"178\">6 &amp; 7 ans (n\u00e9s 2018\/2019)<\/td>\n<\/tr>\n<tr valign=\"top\">\n<td width=\"178\">Mardi<\/td>\n<td width=\"178\">17h &#8211; 18h<\/td>\n<td width=\"178\">8 &amp; 9 ans (n\u00e9s 2016\/2017)<\/td>\n<\/tr>\n<tr valign=\"top\">\n<td width=\"178\">Mardi<\/td>\n<td width=\"178\">18h &#8211; 19h<\/td>\n<td width=\"178\">10 &amp; 11 ans (n\u00e9s 2014\/2015)<\/td>\n<\/tr>\n<tr valign=\"top\">\n<td width=\"178\">Mardi<\/td>\n<td width=\"178\">19h &#8211; 20h<\/td>\n<td width=\"178\">12 &amp; 13 ans (n\u00e9s 2012\/2013)<\/td>\n<\/tr>\n<tr valign=\"top\">\n<td width=\"178\">Mardi<\/td>\n<td width=\"178\">20h &#8211; 21h30<\/td>\n<td width=\"178\">\u00c0 partir de 2011<\/td>\n<\/tr>\n<tr valign=\"top\">\n<td width=\"178\">Mercredi<\/td>\n<td width=\"178\">11h &#8211; 11h45<\/td>\n<td width=\"178\">4 &amp; 5 ans (n\u00e9s 2020\/2021\/2022)<\/td>\n<\/tr>\n<tr valign=\"top\">\n<td width=\"178\">Jeudi<\/td>\n<td width=\"178\">17h45 &#8211; 18h45<\/td>\n<td width=\"178\">6 &amp; 7 ans (n\u00e9s 2018\/2019)<\/td>\n<\/tr>\n<tr valign=\"top\">\n<td width=\"178\">Vendredi<\/td>\n<td width=\"178\">17h &#8211; 18h<\/td>\n<td width=\"178\">8 &amp; 9 ans (n\u00e9s 2016\/2017)<\/td>\n<\/tr>\n<tr valign=\"top\">\n<td width=\"178\">Vendredi<\/td>\n<td width=\"178\">18h &#8211; 19h<\/td>\n<td width=\"178\">10 &amp; 11 ans (n\u00e9s 2014\/2015)<\/td>\n<\/tr>\n<tr valign=\"top\">\n<td width=\"178\">Vendredi<\/td>\n<td width=\"178\">19h &#8211; 20h<\/td>\n<td width=\"178\">12 &amp; 13 ans (n\u00e9s 2012\/2013)<\/td>\n<\/tr>\n<tr valign=\"top\">\n<td width=\"178\">Vendredi<\/td>\n<td width=\"178\">20h &#8211; 21h30<\/td>\n<td width=\"178\">\u00c0 partir de 2011<\/td>\n<\/tr>\n<tr valign=\"top\">\n<td width=\"178\">Samedi<\/td>\n<td width=\"178\">Sur demande<\/td>\n<td width=\"178\">Katas, randori, pr\u00e9paration grades, etc.<\/td>\n<\/tr>\n<\/tbody>\n<\/table>\n<p class=\"western\"><strong>Judo \u2013 Le Tholy<\/strong><\/p>\n<table width=\"576\" cellspacing=\"0\" cellpadding=\"7\">\n<tbody>\n<tr valign=\"top\">\n<td width=\"274\">Horaire<\/td>\n<td width=\"274\">Groupe<\/td>\n<\/tr>\n<tr valign=\"top\">\n<td width=\"274\">16h45 &#8211; 17h30<\/td>\n<td width=\"274\">4 &amp; 5 ans (d\u00e8s 3 ans et demi sur essai)<\/td>\n<\/tr>\n<tr valign=\"top\">\n<td width=\"274\">17h30 &#8211; 18h30<\/td>\n<td width=\"274\">6 \u00e0 9 ans (\u00e0 partir du CP)<\/td>\n<\/tr>\n<tr valign=\"top\">\n<td width=\"274\">18h30 &#8211; 19h30<\/td>\n<td width=\"274\">\u00c0 partir de 10 ans<\/td>\n<\/tr>\n<\/tbody>\n<\/table>\n<p class=\"western\"><strong>Ta\u00efso \u2013 G\u00e9rardmer<\/strong><\/p>\n<table width=\"576\" cellspacing=\"0\" cellpadding=\"7\">\n<tbody>\n<tr valign=\"top\">\n<td width=\"274\">Jour<\/td>\n<td width=\"274\">Horaire<\/td>\n<\/tr>\n<tr valign=\"top\">\n<td width=\"274\">Lundi<\/td>\n<td width=\"274\">12h15 &#8211; 13h15 et 19h &#8211; 20h<\/td>\n<\/tr>\n<tr valign=\"top\">\n<td width=\"274\">Mercredi<\/td>\n<td width=\"274\">9h &#8211; 10h<\/td>\n<\/tr>\n<tr valign=\"top\">\n<td width=\"274\">Jeudi<\/td>\n<td width=\"274\">19h &#8211; 20h<\/td>\n<\/tr>\n<tr valign=\"top\">\n<td width=\"274\">Vendredi<\/td>\n<td width=\"274\">12h15 &#8211; 13h15<\/td>\n<\/tr>\n<tr valign=\"top\">\n<td width=\"274\">Samedi<\/td>\n<td width=\"274\">9h &#8211; 10h<\/td>\n<\/tr>\n<\/tbody>\n<\/table>\n<p class=\"western\"><strong>Ta\u00efso \u2013 Le Tholy<\/strong><\/p>\n<table width=\"576\" cellspacing=\"0\" cellpadding=\"7\">\n<tbody>\n<tr valign=\"top\">\n<td width=\"274\">Jour<\/td>\n<td width=\"274\">Horaire<\/td>\n<\/tr>\n<tr valign=\"top\">\n<td width=\"274\">Mercredi<\/td>\n<td width=\"274\">19h45 &#8211; 20h45<\/td>\n<\/tr>\n<tr valign=\"top\">\n<td width=\"274\">Samedi<\/td>\n<td width=\"274\">9h &#8211; 10h05<\/td>\n<\/tr>\n<\/tbody>\n<\/table>\n<p class=\"western\"><strong>Ju-jitsu<\/strong><\/p>\n<p>Lundi \u00e0 G\u00e9rardmer : \u00e0 partir de 13 ans, 20h &#8211; 21h30<\/p>\n<h4 class=\"western\">\ud83d\udcb6 Tarifs &amp; Inscriptions<\/h4>\n<table width=\"576\" cellspacing=\"0\" cellpadding=\"7\">\n<tbody>\n<tr valign=\"top\">\n<td width=\"274\">Formule<\/td>\n<td width=\"274\">Tarif<\/td>\n<\/tr>\n<tr valign=\"top\">\n<td width=\"274\">Licence obligatoire<\/td>\n<td width=\"274\">46\u20ac \/ personne<\/td>\n<\/tr>\n<tr valign=\"top\">\n<td width=\"274\">Baby judo<\/td>\n<td width=\"274\">81\u20ac \/ an<\/td>\n<\/tr>\n<tr valign=\"top\">\n<td width=\"274\">\u00c9tudiants<\/td>\n<td width=\"274\">65\u20ac \/ an<\/td>\n<\/tr>\n<tr valign=\"top\">\n<td width=\"274\">Ju-jitsu<\/td>\n<td width=\"274\">93\u20ac \/ an<\/td>\n<\/tr>\n<tr valign=\"top\">\n<td width=\"274\">1 licenci\u00e9 judo\/ta\u00efso\/ju-jitsu \u00e0 volont\u00e9<\/td>\n<td width=\"274\">126\u20ac \/ an<\/td>\n<\/tr>\n<tr valign=\"top\">\n<td width=\"274\">2 licenci\u00e9s judo\/ta\u00efso\/ju-jitsu \u00e0 volont\u00e9<\/td>\n<td width=\"274\">216\u20ac \/ an<\/td>\n<\/tr>\n<tr valign=\"top\">\n<td width=\"274\">3 licenci\u00e9s et + judo\/ta\u00efso\/ju-jitsu \u00e0 volont\u00e9<\/td>\n<td width=\"274\">279\u20ac \/ an<\/td>\n<\/tr>\n<\/tbody>\n<\/table>\n<p>\u26a0\ufe0f Cotisation annuelle payable en 3 fois : \u00e0 l\u2019inscription (licence + 1\/3), en janvier (1\/3), en avril (1\/3).<\/p>\n<p>\ud83d\udccc Paiement possible : esp\u00e8ces, ch\u00e8ques, ch\u00e8ques vacances, bon CAF, Pass Sport, Carte Zap.<\/p>\n<p>\ud83d\udcf2 Inscription via HelloAsso ou directement au club (enveloppes compl\u00e8tes \u00e0 remettre entre le 2 et le 8 octobre).<\/p>\n","protected":false},"excerpt":{"rendered":"<p>Le Judo Club de G\u00e9rardmer et du Tholy fait sa rentr\u00e9e pour la saison 2025\/2026 ! Cette ann\u00e9e encore, nous [&hellip;]<\/p>\n","protected":false},"author":391,"featured_media":59899,"comment_status":"open","ping_status":"open","sticky":false,"template":"","format":"standard","meta":{"footnotes":""},"categories":[20,5647,14],"tags":[6140],"class_list":["post-82016","post","type-post","status-publish","format-standard","has-post-thumbnail","hentry","category-a-la-une","category-gerardmer-autres-sites","category-sport","tag-gerardmer-le-tholy-judo-club"],"acf":[],"yoast_head":"<!-- This site is optimized with the Yoast SEO plugin v22.5 - https:\/\/yoast.com\/wordpress\/plugins\/seo\/ -->\n<title>Le Judo Club G\u00e9rardmer &amp; Le Tholy fait sa rentr\u00e9e - Gerardmer Info<\/title>\n<meta name=\"robots\" content=\"index, follow, max-snippet:-1, max-image-preview:large, max-video-preview:-1\" \/>\n<link rel=\"canonical\" href=\"https:\/\/vosgesinfo.fr\/gerardmerinfo\/2025\/09\/le-judo-club-gerardmer-le-tholy-fait-sa-rentree\/\" \/>\n<meta name=\"twitter:card\" content=\"summary_large_image\" \/>\n<meta name=\"twitter:title\" content=\"Le Judo Club G\u00e9rardmer &amp; Le Tholy fait sa rentr\u00e9e - Gerardmer Info\" \/>\n<meta name=\"twitter:description\" content=\"Le Judo Club de G\u00e9rardmer et du Tholy fait sa rentr\u00e9e pour la saison 2025\/2026 ! Cette ann\u00e9e encore, nous [&hellip;]\" \/>\n<meta name=\"twitter:image\" content=\"https:\/\/vosgesinfo.fr\/app\/uploads\/sites\/6\/2024\/07\/202206judo-fete-de-fin-dannee-6.jpg\" \/>\n<meta name=\"twitter:creator\" content=\"@VosgesInfo88\" \/>\n<meta name=\"twitter:site\" content=\"@VosgesInfo88\" \/>\n<meta name=\"twitter:label1\" content=\"\u00c9crit par\" \/>\n\t<meta name=\"twitter:data1\" content=\"La redaction\" \/>\n\t<meta name=\"twitter:label2\" content=\"Dur\u00e9e de lecture estim\u00e9e\" \/>\n\t<meta name=\"twitter:data2\" content=\"4 minutes\" \/>\n<script type=\"application\/ld+json\" class=\"yoast-schema-graph\">{\"@context\":\"https:\/\/schema.org\",\"@graph\":[{\"@type\":\"Article\",\"@id\":\"https:\/\/vosgesinfo.fr\/gerardmerinfo\/2025\/09\/le-judo-club-gerardmer-le-tholy-fait-sa-rentree\/#article\",\"isPartOf\":{\"@id\":\"https:\/\/vosgesinfo.fr\/gerardmerinfo\/2025\/09\/le-judo-club-gerardmer-le-tholy-fait-sa-rentree\/\"},\"author\":{\"name\":\"La redaction\",\"@id\":\"https:\/\/vosgesinfo.fr\/gerardmerinfo\/#\/schema\/person\/27a3695b06db98895b354c0765cdfc31\"},\"headline\":\"Le Judo Club G\u00e9rardmer &#038; Le Tholy fait sa rentr\u00e9e\",\"datePublished\":\"2025-09-05T04:00:05+00:00\",\"dateModified\":\"2025-09-04T08:22:13+00:00\",\"mainEntityOfPage\":{\"@id\":\"https:\/\/vosgesinfo.fr\/gerardmerinfo\/2025\/09\/le-judo-club-gerardmer-le-tholy-fait-sa-rentree\/\"},\"wordCount\":601,\"commentCount\":0,\"publisher\":{\"@id\":\"https:\/\/vosgesinfo.fr\/gerardmerinfo\/#organization\"},\"image\":{\"@id\":\"https:\/\/vosgesinfo.fr\/gerardmerinfo\/2025\/09\/le-judo-club-gerardmer-le-tholy-fait-sa-rentree\/#primaryimage\"},\"thumbnailUrl\":\"https:\/\/vosgesinfo.fr\/app\/uploads\/sites\/6\/2024\/07\/202206judo-fete-de-fin-dannee-6.jpg\",\"keywords\":[\"G\u00e9rardmer Le Tholy judo Club\"],\"articleSection\":[\"A la une\",\"Gerardmer\",\"Sport\"],\"inLanguage\":\"fr-FR\",\"potentialAction\":[{\"@type\":\"CommentAction\",\"name\":\"Comment\",\"target\":[\"https:\/\/vosgesinfo.fr\/gerardmerinfo\/2025\/09\/le-judo-club-gerardmer-le-tholy-fait-sa-rentree\/#respond\"]}]},{\"@type\":\"WebPage\",\"@id\":\"https:\/\/vosgesinfo.fr\/gerardmerinfo\/2025\/09\/le-judo-club-gerardmer-le-tholy-fait-sa-rentree\/\",\"url\":\"https:\/\/vosgesinfo.fr\/gerardmerinfo\/2025\/09\/le-judo-club-gerardmer-le-tholy-fait-sa-rentree\/\",\"name\":\"Le Judo Club G\u00e9rardmer & Le Tholy fait sa rentr\u00e9e - Gerardmer Info\",\"isPartOf\":{\"@id\":\"https:\/\/vosgesinfo.fr\/gerardmerinfo\/#website\"},\"primaryImageOfPage\":{\"@id\":\"https:\/\/vosgesinfo.fr\/gerardmerinfo\/2025\/09\/le-judo-club-gerardmer-le-tholy-fait-sa-rentree\/#primaryimage\"},\"image\":{\"@id\":\"https:\/\/vosgesinfo.fr\/gerardmerinfo\/2025\/09\/le-judo-club-gerardmer-le-tholy-fait-sa-rentree\/#primaryimage\"},\"thumbnailUrl\":\"https:\/\/vosgesinfo.fr\/app\/uploads\/sites\/6\/2024\/07\/202206judo-fete-de-fin-dannee-6.jpg\",\"datePublished\":\"2025-09-05T04:00:05+00:00\",\"dateModified\":\"2025-09-04T08:22:13+00:00\",\"breadcrumb\":{\"@id\":\"https:\/\/vosgesinfo.fr\/gerardmerinfo\/2025\/09\/le-judo-club-gerardmer-le-tholy-fait-sa-rentree\/#breadcrumb\"},\"inLanguage\":\"fr-FR\",\"potentialAction\":[{\"@type\":\"ReadAction\",\"target\":[\"https:\/\/vosgesinfo.fr\/gerardmerinfo\/2025\/09\/le-judo-club-gerardmer-le-tholy-fait-sa-rentree\/\"]}]},{\"@type\":\"ImageObject\",\"inLanguage\":\"fr-FR\",\"@id\":\"https:\/\/vosgesinfo.fr\/gerardmerinfo\/2025\/09\/le-judo-club-gerardmer-le-tholy-fait-sa-rentree\/#primaryimage\",\"url\":\"https:\/\/vosgesinfo.fr\/app\/uploads\/sites\/6\/2024\/07\/202206judo-fete-de-fin-dannee-6.jpg\",\"contentUrl\":\"https:\/\/vosgesinfo.fr\/app\/uploads\/sites\/6\/2024\/07\/202206judo-fete-de-fin-dannee-6.jpg\",\"width\":2400,\"height\":1600},{\"@type\":\"BreadcrumbList\",\"@id\":\"https:\/\/vosgesinfo.fr\/gerardmerinfo\/2025\/09\/le-judo-club-gerardmer-le-tholy-fait-sa-rentree\/#breadcrumb\",\"itemListElement\":[{\"@type\":\"ListItem\",\"position\":1,\"name\":\"Home\",\"item\":\"https:\/\/vosgesinfo.fr\/gerardmerinfo\/\"},{\"@type\":\"ListItem\",\"position\":2,\"name\":\"Le Judo Club G\u00e9rardmer &#038; Le Tholy fait sa rentr\u00e9e\"}]},{\"@type\":\"WebSite\",\"@id\":\"https:\/\/vosgesinfo.fr\/gerardmerinfo\/#website\",\"url\":\"https:\/\/vosgesinfo.fr\/gerardmerinfo\/\",\"name\":\"Gerardmer Info\",\"description\":\"Toute l&#039;actualit\u00e9 de G\u00e9rardmer\",\"publisher\":{\"@id\":\"https:\/\/vosgesinfo.fr\/gerardmerinfo\/#organization\"},\"alternateName\":\"Toute l'actualit\u00e9 de G\u00e9rardmer\",\"potentialAction\":[{\"@type\":\"SearchAction\",\"target\":{\"@type\":\"EntryPoint\",\"urlTemplate\":\"https:\/\/vosgesinfo.fr\/gerardmerinfo\/?s={search_term_string}\"},\"query-input\":\"required name=search_term_string\"}],\"inLanguage\":\"fr-FR\"},{\"@type\":\"Organization\",\"@id\":\"https:\/\/vosgesinfo.fr\/gerardmerinfo\/#organization\",\"name\":\"Gerardmer Info\",\"url\":\"https:\/\/vosgesinfo.fr\/gerardmerinfo\/\",\"logo\":{\"@type\":\"ImageObject\",\"inLanguage\":\"fr-FR\",\"@id\":\"https:\/\/vosgesinfo.fr\/gerardmerinfo\/#\/schema\/logo\/image\/\",\"url\":\"https:\/\/vosgesinfo.fr\/app\/uploads\/sites\/6\/2023\/08\/favicon-gerardmerinfo.png\",\"contentUrl\":\"https:\/\/vosgesinfo.fr\/app\/uploads\/sites\/6\/2023\/08\/favicon-gerardmerinfo.png\",\"width\":512,\"height\":512,\"caption\":\"Gerardmer Info\"},\"image\":{\"@id\":\"https:\/\/vosgesinfo.fr\/gerardmerinfo\/#\/schema\/logo\/image\/\"},\"sameAs\":[\"https:\/\/www.facebook.com\/profile.php?id=100049475262660\",\"https:\/\/x.com\/VosgesInfo88\",\"https:\/\/www.youtube.com\/@vosgesinfo\"]},{\"@type\":\"Person\",\"@id\":\"https:\/\/vosgesinfo.fr\/gerardmerinfo\/#\/schema\/person\/27a3695b06db98895b354c0765cdfc31\",\"name\":\"La redaction\",\"image\":{\"@type\":\"ImageObject\",\"inLanguage\":\"fr-FR\",\"@id\":\"https:\/\/vosgesinfo.fr\/gerardmerinfo\/#\/schema\/person\/image\/\",\"url\":\"https:\/\/secure.gravatar.com\/avatar\/64c76a78e501cedee55736f43f332df901e1896ae9cd8fad269ae2236dd0e8b6?s=96&d=mm&r=g\",\"contentUrl\":\"https:\/\/secure.gravatar.com\/avatar\/64c76a78e501cedee55736f43f332df901e1896ae9cd8fad269ae2236dd0e8b6?s=96&d=mm&r=g\",\"caption\":\"La redaction\"},\"url\":\"https:\/\/vosgesinfo.fr\/gerardmerinfo\/author\/la-redaction\/\"}]}<\/script>\n<!-- \/ Yoast SEO plugin. -->","yoast_head_json":{"title":"Le Judo Club G\u00e9rardmer & Le Tholy fait sa rentr\u00e9e - Gerardmer Info","robots":{"index":"index","follow":"follow","max-snippet":"max-snippet:-1","max-image-preview":"max-image-preview:large","max-video-preview":"max-video-preview:-1"},"canonical":"https:\/\/vosgesinfo.fr\/gerardmerinfo\/2025\/09\/le-judo-club-gerardmer-le-tholy-fait-sa-rentree\/","twitter_card":"summary_large_image","twitter_title":"Le Judo Club G\u00e9rardmer & Le Tholy fait sa rentr\u00e9e - Gerardmer Info","twitter_description":"Le Judo Club de G\u00e9rardmer et du Tholy fait sa rentr\u00e9e pour la saison 2025\/2026 ! Cette ann\u00e9e encore, nous [&hellip;]","twitter_image":"https:\/\/vosgesinfo.fr\/app\/uploads\/sites\/6\/2024\/07\/202206judo-fete-de-fin-dannee-6.jpg","twitter_creator":"@VosgesInfo88","twitter_site":"@VosgesInfo88","twitter_misc":{"\u00c9crit par":"La redaction","Dur\u00e9e de lecture estim\u00e9e":"4 minutes"},"schema":{"@context":"https:\/\/schema.org","@graph":[{"@type":"Article","@id":"https:\/\/vosgesinfo.fr\/gerardmerinfo\/2025\/09\/le-judo-club-gerardmer-le-tholy-fait-sa-rentree\/#article","isPartOf":{"@id":"https:\/\/vosgesinfo.fr\/gerardmerinfo\/2025\/09\/le-judo-club-gerardmer-le-tholy-fait-sa-rentree\/"},"author":{"name":"La redaction","@id":"https:\/\/vosgesinfo.fr\/gerardmerinfo\/#\/schema\/person\/27a3695b06db98895b354c0765cdfc31"},"headline":"Le Judo Club G\u00e9rardmer &#038; Le Tholy fait sa rentr\u00e9e","datePublished":"2025-09-05T04:00:05+00:00","dateModified":"2025-09-04T08:22:13+00:00","mainEntityOfPage":{"@id":"https:\/\/vosgesinfo.fr\/gerardmerinfo\/2025\/09\/le-judo-club-gerardmer-le-tholy-fait-sa-rentree\/"},"wordCount":601,"commentCount":0,"publisher":{"@id":"https:\/\/vosgesinfo.fr\/gerardmerinfo\/#organization"},"image":{"@id":"https:\/\/vosgesinfo.fr\/gerardmerinfo\/2025\/09\/le-judo-club-gerardmer-le-tholy-fait-sa-rentree\/#primaryimage"},"thumbnailUrl":"https:\/\/vosgesinfo.fr\/app\/uploads\/sites\/6\/2024\/07\/202206judo-fete-de-fin-dannee-6.jpg","keywords":["G\u00e9rardmer Le Tholy judo Club"],"articleSection":["A la une","Gerardmer","Sport"],"inLanguage":"fr-FR","potentialAction":[{"@type":"CommentAction","name":"Comment","target":["https:\/\/vosgesinfo.fr\/gerardmerinfo\/2025\/09\/le-judo-club-gerardmer-le-tholy-fait-sa-rentree\/#respond"]}]},{"@type":"WebPage","@id":"https:\/\/vosgesinfo.fr\/gerardmerinfo\/2025\/09\/le-judo-club-gerardmer-le-tholy-fait-sa-rentree\/","url":"https:\/\/vosgesinfo.fr\/gerardmerinfo\/2025\/09\/le-judo-club-gerardmer-le-tholy-fait-sa-rentree\/","name":"Le Judo Club G\u00e9rardmer & Le Tholy fait sa rentr\u00e9e - Gerardmer Info","isPartOf":{"@id":"https:\/\/vosgesinfo.fr\/gerardmerinfo\/#website"},"primaryImageOfPage":{"@id":"https:\/\/vosgesinfo.fr\/gerardmerinfo\/2025\/09\/le-judo-club-gerardmer-le-tholy-fait-sa-rentree\/#primaryimage"},"image":{"@id":"https:\/\/vosgesinfo.fr\/gerardmerinfo\/2025\/09\/le-judo-club-gerardmer-le-tholy-fait-sa-rentree\/#primaryimage"},"thumbnailUrl":"https:\/\/vosgesinfo.fr\/app\/uploads\/sites\/6\/2024\/07\/202206judo-fete-de-fin-dannee-6.jpg","datePublished":"2025-09-05T04:00:05+00:00","dateModified":"2025-09-04T08:22:13+00:00","breadcrumb":{"@id":"https:\/\/vosgesinfo.fr\/gerardmerinfo\/2025\/09\/le-judo-club-gerardmer-le-tholy-fait-sa-rentree\/#breadcrumb"},"inLanguage":"fr-FR","potentialAction":[{"@type":"ReadAction","target":["https:\/\/vosgesinfo.fr\/gerardmerinfo\/2025\/09\/le-judo-club-gerardmer-le-tholy-fait-sa-rentree\/"]}]},{"@type":"ImageObject","inLanguage":"fr-FR","@id":"https:\/\/vosgesinfo.fr\/gerardmerinfo\/2025\/09\/le-judo-club-gerardmer-le-tholy-fait-sa-rentree\/#primaryimage","url":"https:\/\/vosgesinfo.fr\/app\/uploads\/sites\/6\/2024\/07\/202206judo-fete-de-fin-dannee-6.jpg","contentUrl":"https:\/\/vosgesinfo.fr\/app\/uploads\/sites\/6\/2024\/07\/202206judo-fete-de-fin-dannee-6.jpg","width":2400,"height":1600},{"@type":"BreadcrumbList","@id":"https:\/\/vosgesinfo.fr\/gerardmerinfo\/2025\/09\/le-judo-club-gerardmer-le-tholy-fait-sa-rentree\/#breadcrumb","itemListElement":[{"@type":"ListItem","position":1,"name":"Home","item":"https:\/\/vosgesinfo.fr\/gerardmerinfo\/"},{"@type":"ListItem","position":2,"name":"Le Judo Club G\u00e9rardmer &#038; Le Tholy fait sa rentr\u00e9e"}]},{"@type":"WebSite","@id":"https:\/\/vosgesinfo.fr\/gerardmerinfo\/#website","url":"https:\/\/vosgesinfo.fr\/gerardmerinfo\/","name":"Gerardmer Info","description":"Toute l&#039;actualit\u00e9 de G\u00e9rardmer","publisher":{"@id":"https:\/\/vosgesinfo.fr\/gerardmerinfo\/#organization"},"alternateName":"Toute l'actualit\u00e9 de G\u00e9rardmer","potentialAction":[{"@type":"SearchAction","target":{"@type":"EntryPoint","urlTemplate":"https:\/\/vosgesinfo.fr\/gerardmerinfo\/?s={search_term_string}"},"query-input":"required name=search_term_string"}],"inLanguage":"fr-FR"},{"@type":"Organization","@id":"https:\/\/vosgesinfo.fr\/gerardmerinfo\/#organization","name":"Gerardmer Info","url":"https:\/\/vosgesinfo.fr\/gerardmerinfo\/","logo":{"@type":"ImageObject","inLanguage":"fr-FR","@id":"https:\/\/vosgesinfo.fr\/gerardmerinfo\/#\/schema\/logo\/image\/","url":"https:\/\/vosgesinfo.fr\/app\/uploads\/sites\/6\/2023\/08\/favicon-gerardmerinfo.png","contentUrl":"https:\/\/vosgesinfo.fr\/app\/uploads\/sites\/6\/2023\/08\/favicon-gerardmerinfo.png","width":512,"height":512,"caption":"Gerardmer Info"},"image":{"@id":"https:\/\/vosgesinfo.fr\/gerardmerinfo\/#\/schema\/logo\/image\/"},"sameAs":["https:\/\/www.facebook.com\/profile.php?id=100049475262660","https:\/\/x.com\/VosgesInfo88","https:\/\/www.youtube.com\/@vosgesinfo"]},{"@type":"Person","@id":"https:\/\/vosgesinfo.fr\/gerardmerinfo\/#\/schema\/person\/27a3695b06db98895b354c0765cdfc31","name":"La redaction","image":{"@type":"ImageObject","inLanguage":"fr-FR","@id":"https:\/\/vosgesinfo.fr\/gerardmerinfo\/#\/schema\/person\/image\/","url":"https:\/\/secure.gravatar.com\/avatar\/64c76a78e501cedee55736f43f332df901e1896ae9cd8fad269ae2236dd0e8b6?s=96&d=mm&r=g","contentUrl":"https:\/\/secure.gravatar.com\/avatar\/64c76a78e501cedee55736f43f332df901e1896ae9cd8fad269ae2236dd0e8b6?s=96&d=mm&r=g","caption":"La redaction"},"url":"https:\/\/vosgesinfo.fr\/gerardmerinfo\/author\/la-redaction\/"}]}},"_links":{"self":[{"href":"https:\/\/vosgesinfo.fr\/gerardmerinfo\/wp-json\/wp\/v2\/posts\/82016","targetHints":{"allow":["GET"]}}],"collection":[{"href":"https:\/\/vosgesinfo.fr\/gerardmerinfo\/wp-json\/wp\/v2\/posts"}],"about":[{"href":"https:\/\/vosgesinfo.fr\/gerardmerinfo\/wp-json\/wp\/v2\/types\/post"}],"author":[{"embeddable":true,"href":"https:\/\/vosgesinfo.fr\/gerardmerinfo\/wp-json\/wp\/v2\/users\/391"}],"replies":[{"embeddable":true,"href":"https:\/\/vosgesinfo.fr\/gerardmerinfo\/wp-json\/wp\/v2\/comments?post=82016"}],"version-history":[{"count":1,"href":"https:\/\/vosgesinfo.fr\/gerardmerinfo\/wp-json\/wp\/v2\/posts\/82016\/revisions"}],"predecessor-version":[{"id":82017,"href":"https:\/\/vosgesinfo.fr\/gerardmerinfo\/wp-json\/wp\/v2\/posts\/82016\/revisions\/82017"}],"wp:featuredmedia":[{"embeddable":true,"href":"https:\/\/vosgesinfo.fr\/gerardmerinfo\/wp-json\/wp\/v2\/media\/59899"}],"wp:attachment":[{"href":"https:\/\/vosgesinfo.fr\/gerardmerinfo\/wp-json\/wp\/v2\/media?parent=82016"}],"wp:term":[{"taxonomy":"category","embeddable":true,"href":"https:\/\/vosgesinfo.fr\/gerardmerinfo\/wp-json\/wp\/v2\/categories?post=82016"},{"taxonomy":"post_tag","embeddable":true,"href":"https:\/\/vosgesinfo.fr\/gerardmerinfo\/wp-json\/wp\/v2\/tags?post=82016"}],"curies":[{"name":"wp","href":"https:\/\/api.w.org\/{rel}","templated":true}]}}