{"id":82030,"date":"2025-09-04T18:40:49","date_gmt":"2025-09-04T16:40:49","guid":{"rendered":"https:\/\/vosgesinfo.fr\/gerardmerinfo\/?p=82030"},"modified":"2025-09-04T18:40:49","modified_gmt":"2025-09-04T16:40:49","slug":"du-courrier-aux-flammes-le-facteur-vosgien-au-front-des-incendies","status":"publish","type":"post","link":"https:\/\/vosgesinfo.fr\/gerardmerinfo\/2025\/09\/du-courrier-aux-flammes-le-facteur-vosgien-au-front-des-incendies\/","title":{"rendered":"Du courrier aux flammes : le facteur vosgien au front des incendies"},"content":{"rendered":"<h2 data-start=\"165\" data-end=\"540\"><strong><a href=\"https:\/\/vosgesinfo.fr\/app\/uploads\/sites\/3\/2025\/09\/thumbnail-cyril-ramus-1.jpg\"><img decoding=\"async\" class=\"aligncenter size-full wp-image-134968\" src=\"https:\/\/vosgesinfo.fr\/app\/uploads\/sites\/3\/2025\/09\/thumbnail-cyril-ramus-1.jpg\" alt=\"\" width=\"600\" height=\"800\" \/><\/a>Distribuer le courrier le matin, affronter les flammes l\u2019\u00e9t\u00e9. C\u2019est le double engagement de Cyril Ramus, facteur service expert \u00e0 Bruy\u00e8res (Vosges), mais aussi pompier volontaire depuis 1996. D\u00e9but ao\u00fbt, il a troqu\u00e9 sa sacoche jaune pour l\u2019uniforme des soldats du feu, r\u00e9pondant \u00e0 l\u2019appel de renforts dans le Sud et le Sud-Ouest, alors en proie \u00e0 de violents incendies.<\/strong><\/h2>\n<p data-start=\"542\" data-end=\"1277\"><em>\u00ab Les cinq premiers jours ont \u00e9t\u00e9 calmes, nous \u00e9tions en entra\u00eenement, pr\u00eats \u00e0 intervenir. Mais le sixi\u00e8me jour, tout a bascul\u00e9 \u00bb<\/em>, raconte Cyril. Mobilis\u00e9 d\u2019abord dans l\u2019Aude, puis dans l\u2019H\u00e9rault, il s\u2019est retrouv\u00e9 face \u00e0 un brasier d\u2019une intensit\u00e9 hors du commun. Avec une colonne de 75 pompiers et 12 camions feu de for\u00eat, il a affront\u00e9 ce qu\u2019il d\u00e9crit comme \u00ab l\u2019apocalypse \u00bb : habitations d\u00e9truites, foyers priv\u00e9s d\u2019\u00e9lectricit\u00e9, paysages d\u00e9vast\u00e9s.<br data-start=\"1000\" data-end=\"1003\" \/>\u00ab Je n\u2019avais jamais vu un tel feu, je ne le reverrai sans doute jamais \u00bb, souffle-t-il. Les moyens a\u00e9riens \u2013 canadairs et bombardiers d\u2019eau \u2013 ont \u00e9t\u00e9 mobilis\u00e9s sans rel\u00e2che, tandis que les pompiers passaient 24 heures d\u2019affil\u00e9e sur le terrain, le corps mis \u00e0 rude \u00e9preuve.<\/p>\n<p data-start=\"1279\" data-end=\"1514\">Au milieu du chaos, un \u00e9lan de solidarit\u00e9 a marqu\u00e9 Cyril<em>. \u00ab Les habitants nous remerciaient, certains nous applaudissaient. Cela m\u2019a rappel\u00e9 le Covid, quand, en tant que facteur, les gens \u00e9taient reconnaissants de nous voir passer. \u00bb<\/em><\/p>\n<p data-start=\"1516\" data-end=\"1906\">De retour \u00e0 Bruy\u00e8res depuis le 11 ao\u00fbt, Cyril a repris sa tourn\u00e9e, non sans \u00e9motion. Fiert\u00e9 de l\u2019exp\u00e9rience v\u00e9cue, mais aussi surprise touchante : une cliente, l\u2019ayant reconnu \u00e0 la t\u00e9l\u00e9vision, lui a gliss\u00e9 un petit mot pour le f\u00e9liciter.<br data-start=\"1753\" data-end=\"1756\" \/>Un clin d\u2019\u0153il qui r\u00e9sume bien son parcours : qu\u2019il livre le courrier ou qu\u2019il combatte le feu, Cyril Ramus est avant tout au service des autres.<\/p>\n\n\t\t<style type=\"text\/css\">\n\t\t\t#gallery-1 {\n\t\t\t\tmargin: auto;\n\t\t\t}\n\t\t\t#gallery-1 .gallery-item {\n\t\t\t\tfloat: left;\n\t\t\t\tmargin-top: 10px;\n\t\t\t\ttext-align: center;\n\t\t\t\twidth: 33%;\n\t\t\t}\n\t\t\t#gallery-1 img {\n\t\t\t\tborder: 2px solid #cfcfcf;\n\t\t\t}\n\t\t\t#gallery-1 .gallery-caption {\n\t\t\t\tmargin-left: 0;\n\t\t\t}\n\t\t\t\/* see gallery_shortcode() in wp-includes\/media.php *\/\n\t\t<\/style>\n\t\t<div id='gallery-1' class='gallery galleryid-82030 gallery-columns-3 gallery-size-thumbnail'><dl class='gallery-item'>\n\t\t\t<dt class='gallery-icon portrait'>\n\t\t\t\t<a href='https:\/\/vosgesinfo.fr\/app\/uploads\/sites\/6\/2025\/09\/feu.jpg'><img decoding=\"async\" width=\"150\" height=\"150\" src=\"https:\/\/vosgesinfo.fr\/app\/uploads\/sites\/6\/2025\/09\/feu-150x150.jpg\" class=\"attachment-thumbnail size-thumbnail\" alt=\"\" \/><\/a>\n\t\t\t<\/dt><\/dl><dl class='gallery-item'>\n\t\t\t<dt class='gallery-icon portrait'>\n\t\t\t\t<a href='https:\/\/vosgesinfo.fr\/app\/uploads\/sites\/6\/2025\/09\/thumbnail-cyril-ramus-1-1.jpg'><img decoding=\"async\" width=\"150\" height=\"150\" src=\"https:\/\/vosgesinfo.fr\/app\/uploads\/sites\/6\/2025\/09\/thumbnail-cyril-ramus-1-1-150x150.jpg\" class=\"attachment-thumbnail size-thumbnail\" alt=\"\" \/><\/a>\n\t\t\t<\/dt><\/dl>\n\t\t\t<br style='clear: both' \/>\n\t\t<\/div>\n\n","protected":false},"excerpt":{"rendered":"<p>Distribuer le courrier le matin, affronter les flammes l\u2019\u00e9t\u00e9. C\u2019est le double engagement de Cyril Ramus, facteur service expert \u00e0 [&hellip;]<\/p>\n","protected":false},"author":52,"featured_media":82031,"comment_status":"open","ping_status":"open","sticky":false,"template":"","format":"standard","meta":{"footnotes":""},"categories":[20,5713,878,25,328,868,946],"tags":[],"class_list":["post-82030","post","type-post","status-publish","format-standard","has-post-thumbnail","hentry","category-a-la-une","category-bruyeres","category-epinal","category-gerardmer","category-la-plaine-des-vosges","category-remiremont","category-saint-die"],"acf":[],"yoast_head":"<!-- This site is optimized with the Yoast SEO plugin v22.5 - https:\/\/yoast.com\/wordpress\/plugins\/seo\/ -->\n<title>Du courrier aux flammes : le facteur vosgien au front des incendies - Gerardmer Info<\/title>\n<meta name=\"robots\" content=\"index, follow, max-snippet:-1, max-image-preview:large, max-video-preview:-1\" \/>\n<link rel=\"canonical\" href=\"https:\/\/vosgesinfo.fr\/gerardmerinfo\/2025\/09\/du-courrier-aux-flammes-le-facteur-vosgien-au-front-des-incendies\/\" \/>\n<meta name=\"twitter:card\" content=\"summary_large_image\" \/>\n<meta name=\"twitter:title\" content=\"Du courrier aux flammes : le facteur vosgien au front des incendies - Gerardmer Info\" \/>\n<meta name=\"twitter:description\" content=\"Distribuer le courrier le matin, affronter les flammes l\u2019\u00e9t\u00e9. C\u2019est le double engagement de Cyril Ramus, facteur service expert \u00e0 [&hellip;]\" \/>\n<meta name=\"twitter:image\" content=\"https:\/\/vosgesinfo.fr\/app\/uploads\/sites\/6\/2025\/09\/thumbnail-cyril-ramus-1.jpg\" \/>\n<meta name=\"twitter:creator\" content=\"@VosgesInfo88\" \/>\n<meta name=\"twitter:site\" content=\"@VosgesInfo88\" \/>\n<meta name=\"twitter:label1\" content=\"\u00c9crit par\" \/>\n\t<meta name=\"twitter:data1\" content=\"C.K.\" \/>\n\t<meta name=\"twitter:label2\" content=\"Dur\u00e9e de lecture estim\u00e9e\" \/>\n\t<meta name=\"twitter:data2\" content=\"2 minutes\" \/>\n<script type=\"application\/ld+json\" class=\"yoast-schema-graph\">{\"@context\":\"https:\/\/schema.org\",\"@graph\":[{\"@type\":\"Article\",\"@id\":\"https:\/\/vosgesinfo.fr\/gerardmerinfo\/2025\/09\/du-courrier-aux-flammes-le-facteur-vosgien-au-front-des-incendies\/#article\",\"isPartOf\":{\"@id\":\"https:\/\/vosgesinfo.fr\/gerardmerinfo\/2025\/09\/du-courrier-aux-flammes-le-facteur-vosgien-au-front-des-incendies\/\"},\"author\":{\"name\":\"C.K.\",\"@id\":\"https:\/\/vosgesinfo.fr\/gerardmerinfo\/#\/schema\/person\/6f9a650eeea99d969b6c4ab78fccbe81\"},\"headline\":\"Du courrier aux flammes : le facteur vosgien au front des incendies\",\"datePublished\":\"2025-09-04T16:40:49+00:00\",\"dateModified\":\"2025-09-04T16:40:49+00:00\",\"mainEntityOfPage\":{\"@id\":\"https:\/\/vosgesinfo.fr\/gerardmerinfo\/2025\/09\/du-courrier-aux-flammes-le-facteur-vosgien-au-front-des-incendies\/\"},\"wordCount\":325,\"commentCount\":0,\"publisher\":{\"@id\":\"https:\/\/vosgesinfo.fr\/gerardmerinfo\/#organization\"},\"image\":{\"@id\":\"https:\/\/vosgesinfo.fr\/gerardmerinfo\/2025\/09\/du-courrier-aux-flammes-le-facteur-vosgien-au-front-des-incendies\/#primaryimage\"},\"thumbnailUrl\":\"https:\/\/vosgesinfo.fr\/app\/uploads\/sites\/6\/2025\/09\/thumbnail-cyril-ramus-1.jpg\",\"articleSection\":[\"A la une\",\"Bruy\u00e8res\",\"Epinal\",\"G\u00e9rardmer\",\"La plaine des vosges\",\"Remiremont\",\"Saint-di\u00e9\"],\"inLanguage\":\"fr-FR\",\"potentialAction\":[{\"@type\":\"CommentAction\",\"name\":\"Comment\",\"target\":[\"https:\/\/vosgesinfo.fr\/gerardmerinfo\/2025\/09\/du-courrier-aux-flammes-le-facteur-vosgien-au-front-des-incendies\/#respond\"]}]},{\"@type\":\"WebPage\",\"@id\":\"https:\/\/vosgesinfo.fr\/gerardmerinfo\/2025\/09\/du-courrier-aux-flammes-le-facteur-vosgien-au-front-des-incendies\/\",\"url\":\"https:\/\/vosgesinfo.fr\/gerardmerinfo\/2025\/09\/du-courrier-aux-flammes-le-facteur-vosgien-au-front-des-incendies\/\",\"name\":\"Du courrier aux flammes : le facteur vosgien au front des incendies - Gerardmer Info\",\"isPartOf\":{\"@id\":\"https:\/\/vosgesinfo.fr\/gerardmerinfo\/#website\"},\"primaryImageOfPage\":{\"@id\":\"https:\/\/vosgesinfo.fr\/gerardmerinfo\/2025\/09\/du-courrier-aux-flammes-le-facteur-vosgien-au-front-des-incendies\/#primaryimage\"},\"image\":{\"@id\":\"https:\/\/vosgesinfo.fr\/gerardmerinfo\/2025\/09\/du-courrier-aux-flammes-le-facteur-vosgien-au-front-des-incendies\/#primaryimage\"},\"thumbnailUrl\":\"https:\/\/vosgesinfo.fr\/app\/uploads\/sites\/6\/2025\/09\/thumbnail-cyril-ramus-1.jpg\",\"datePublished\":\"2025-09-04T16:40:49+00:00\",\"dateModified\":\"2025-09-04T16:40:49+00:00\",\"breadcrumb\":{\"@id\":\"https:\/\/vosgesinfo.fr\/gerardmerinfo\/2025\/09\/du-courrier-aux-flammes-le-facteur-vosgien-au-front-des-incendies\/#breadcrumb\"},\"inLanguage\":\"fr-FR\",\"potentialAction\":[{\"@type\":\"ReadAction\",\"target\":[\"https:\/\/vosgesinfo.fr\/gerardmerinfo\/2025\/09\/du-courrier-aux-flammes-le-facteur-vosgien-au-front-des-incendies\/\"]}]},{\"@type\":\"ImageObject\",\"inLanguage\":\"fr-FR\",\"@id\":\"https:\/\/vosgesinfo.fr\/gerardmerinfo\/2025\/09\/du-courrier-aux-flammes-le-facteur-vosgien-au-front-des-incendies\/#primaryimage\",\"url\":\"https:\/\/vosgesinfo.fr\/app\/uploads\/sites\/6\/2025\/09\/thumbnail-cyril-ramus-1.jpg\",\"contentUrl\":\"https:\/\/vosgesinfo.fr\/app\/uploads\/sites\/6\/2025\/09\/thumbnail-cyril-ramus-1.jpg\",\"width\":600,\"height\":800},{\"@type\":\"BreadcrumbList\",\"@id\":\"https:\/\/vosgesinfo.fr\/gerardmerinfo\/2025\/09\/du-courrier-aux-flammes-le-facteur-vosgien-au-front-des-incendies\/#breadcrumb\",\"itemListElement\":[{\"@type\":\"ListItem\",\"position\":1,\"name\":\"Home\",\"item\":\"https:\/\/vosgesinfo.fr\/gerardmerinfo\/\"},{\"@type\":\"ListItem\",\"position\":2,\"name\":\"Du courrier aux flammes : le facteur vosgien au front des incendies\"}]},{\"@type\":\"WebSite\",\"@id\":\"https:\/\/vosgesinfo.fr\/gerardmerinfo\/#website\",\"url\":\"https:\/\/vosgesinfo.fr\/gerardmerinfo\/\",\"name\":\"Gerardmer Info\",\"description\":\"Toute l&#039;actualit\u00e9 de G\u00e9rardmer\",\"publisher\":{\"@id\":\"https:\/\/vosgesinfo.fr\/gerardmerinfo\/#organization\"},\"alternateName\":\"Toute l'actualit\u00e9 de G\u00e9rardmer\",\"potentialAction\":[{\"@type\":\"SearchAction\",\"target\":{\"@type\":\"EntryPoint\",\"urlTemplate\":\"https:\/\/vosgesinfo.fr\/gerardmerinfo\/?s={search_term_string}\"},\"query-input\":\"required name=search_term_string\"}],\"inLanguage\":\"fr-FR\"},{\"@type\":\"Organization\",\"@id\":\"https:\/\/vosgesinfo.fr\/gerardmerinfo\/#organization\",\"name\":\"Gerardmer Info\",\"url\":\"https:\/\/vosgesinfo.fr\/gerardmerinfo\/\",\"logo\":{\"@type\":\"ImageObject\",\"inLanguage\":\"fr-FR\",\"@id\":\"https:\/\/vosgesinfo.fr\/gerardmerinfo\/#\/schema\/logo\/image\/\",\"url\":\"https:\/\/vosgesinfo.fr\/app\/uploads\/sites\/6\/2023\/08\/favicon-gerardmerinfo.png\",\"contentUrl\":\"https:\/\/vosgesinfo.fr\/app\/uploads\/sites\/6\/2023\/08\/favicon-gerardmerinfo.png\",\"width\":512,\"height\":512,\"caption\":\"Gerardmer Info\"},\"image\":{\"@id\":\"https:\/\/vosgesinfo.fr\/gerardmerinfo\/#\/schema\/logo\/image\/\"},\"sameAs\":[\"https:\/\/www.facebook.com\/profile.php?id=100049475262660\",\"https:\/\/x.com\/VosgesInfo88\",\"https:\/\/www.youtube.com\/@vosgesinfo\"]},{\"@type\":\"Person\",\"@id\":\"https:\/\/vosgesinfo.fr\/gerardmerinfo\/#\/schema\/person\/6f9a650eeea99d969b6c4ab78fccbe81\",\"name\":\"C.K.\",\"image\":{\"@type\":\"ImageObject\",\"inLanguage\":\"fr-FR\",\"@id\":\"https:\/\/vosgesinfo.fr\/gerardmerinfo\/#\/schema\/person\/image\/\",\"url\":\"https:\/\/secure.gravatar.com\/avatar\/48e3fc7f8421ba8942be6b74a2b7f014ca39bc00dece156b7a8e098ae7dc87bf?s=96&d=mm&r=g\",\"contentUrl\":\"https:\/\/secure.gravatar.com\/avatar\/48e3fc7f8421ba8942be6b74a2b7f014ca39bc00dece156b7a8e098ae7dc87bf?s=96&d=mm&r=g\",\"caption\":\"C.K.\"},\"url\":\"https:\/\/vosgesinfo.fr\/gerardmerinfo\/author\/celia-k-n\/\"}]}<\/script>\n<!-- \/ Yoast SEO plugin. -->","yoast_head_json":{"title":"Du courrier aux flammes : le facteur vosgien au front des incendies - Gerardmer Info","robots":{"index":"index","follow":"follow","max-snippet":"max-snippet:-1","max-image-preview":"max-image-preview:large","max-video-preview":"max-video-preview:-1"},"canonical":"https:\/\/vosgesinfo.fr\/gerardmerinfo\/2025\/09\/du-courrier-aux-flammes-le-facteur-vosgien-au-front-des-incendies\/","twitter_card":"summary_large_image","twitter_title":"Du courrier aux flammes : le facteur vosgien au front des incendies - Gerardmer Info","twitter_description":"Distribuer le courrier le matin, affronter les flammes l\u2019\u00e9t\u00e9. C\u2019est le double engagement de Cyril Ramus, facteur service expert \u00e0 [&hellip;]","twitter_image":"https:\/\/vosgesinfo.fr\/app\/uploads\/sites\/6\/2025\/09\/thumbnail-cyril-ramus-1.jpg","twitter_creator":"@VosgesInfo88","twitter_site":"@VosgesInfo88","twitter_misc":{"\u00c9crit par":"C.K.","Dur\u00e9e de lecture estim\u00e9e":"2 minutes"},"schema":{"@context":"https:\/\/schema.org","@graph":[{"@type":"Article","@id":"https:\/\/vosgesinfo.fr\/gerardmerinfo\/2025\/09\/du-courrier-aux-flammes-le-facteur-vosgien-au-front-des-incendies\/#article","isPartOf":{"@id":"https:\/\/vosgesinfo.fr\/gerardmerinfo\/2025\/09\/du-courrier-aux-flammes-le-facteur-vosgien-au-front-des-incendies\/"},"author":{"name":"C.K.","@id":"https:\/\/vosgesinfo.fr\/gerardmerinfo\/#\/schema\/person\/6f9a650eeea99d969b6c4ab78fccbe81"},"headline":"Du courrier aux flammes : le facteur vosgien au front des incendies","datePublished":"2025-09-04T16:40:49+00:00","dateModified":"2025-09-04T16:40:49+00:00","mainEntityOfPage":{"@id":"https:\/\/vosgesinfo.fr\/gerardmerinfo\/2025\/09\/du-courrier-aux-flammes-le-facteur-vosgien-au-front-des-incendies\/"},"wordCount":325,"commentCount":0,"publisher":{"@id":"https:\/\/vosgesinfo.fr\/gerardmerinfo\/#organization"},"image":{"@id":"https:\/\/vosgesinfo.fr\/gerardmerinfo\/2025\/09\/du-courrier-aux-flammes-le-facteur-vosgien-au-front-des-incendies\/#primaryimage"},"thumbnailUrl":"https:\/\/vosgesinfo.fr\/app\/uploads\/sites\/6\/2025\/09\/thumbnail-cyril-ramus-1.jpg","articleSection":["A la une","Bruy\u00e8res","Epinal","G\u00e9rardmer","La plaine des vosges","Remiremont","Saint-di\u00e9"],"inLanguage":"fr-FR","potentialAction":[{"@type":"CommentAction","name":"Comment","target":["https:\/\/vosgesinfo.fr\/gerardmerinfo\/2025\/09\/du-courrier-aux-flammes-le-facteur-vosgien-au-front-des-incendies\/#respond"]}]},{"@type":"WebPage","@id":"https:\/\/vosgesinfo.fr\/gerardmerinfo\/2025\/09\/du-courrier-aux-flammes-le-facteur-vosgien-au-front-des-incendies\/","url":"https:\/\/vosgesinfo.fr\/gerardmerinfo\/2025\/09\/du-courrier-aux-flammes-le-facteur-vosgien-au-front-des-incendies\/","name":"Du courrier aux flammes : le facteur vosgien au front des incendies - Gerardmer Info","isPartOf":{"@id":"https:\/\/vosgesinfo.fr\/gerardmerinfo\/#website"},"primaryImageOfPage":{"@id":"https:\/\/vosgesinfo.fr\/gerardmerinfo\/2025\/09\/du-courrier-aux-flammes-le-facteur-vosgien-au-front-des-incendies\/#primaryimage"},"image":{"@id":"https:\/\/vosgesinfo.fr\/gerardmerinfo\/2025\/09\/du-courrier-aux-flammes-le-facteur-vosgien-au-front-des-incendies\/#primaryimage"},"thumbnailUrl":"https:\/\/vosgesinfo.fr\/app\/uploads\/sites\/6\/2025\/09\/thumbnail-cyril-ramus-1.jpg","datePublished":"2025-09-04T16:40:49+00:00","dateModified":"2025-09-04T16:40:49+00:00","breadcrumb":{"@id":"https:\/\/vosgesinfo.fr\/gerardmerinfo\/2025\/09\/du-courrier-aux-flammes-le-facteur-vosgien-au-front-des-incendies\/#breadcrumb"},"inLanguage":"fr-FR","potentialAction":[{"@type":"ReadAction","target":["https:\/\/vosgesinfo.fr\/gerardmerinfo\/2025\/09\/du-courrier-aux-flammes-le-facteur-vosgien-au-front-des-incendies\/"]}]},{"@type":"ImageObject","inLanguage":"fr-FR","@id":"https:\/\/vosgesinfo.fr\/gerardmerinfo\/2025\/09\/du-courrier-aux-flammes-le-facteur-vosgien-au-front-des-incendies\/#primaryimage","url":"https:\/\/vosgesinfo.fr\/app\/uploads\/sites\/6\/2025\/09\/thumbnail-cyril-ramus-1.jpg","contentUrl":"https:\/\/vosgesinfo.fr\/app\/uploads\/sites\/6\/2025\/09\/thumbnail-cyril-ramus-1.jpg","width":600,"height":800},{"@type":"BreadcrumbList","@id":"https:\/\/vosgesinfo.fr\/gerardmerinfo\/2025\/09\/du-courrier-aux-flammes-le-facteur-vosgien-au-front-des-incendies\/#breadcrumb","itemListElement":[{"@type":"ListItem","position":1,"name":"Home","item":"https:\/\/vosgesinfo.fr\/gerardmerinfo\/"},{"@type":"ListItem","position":2,"name":"Du courrier aux flammes : le facteur vosgien au front des incendies"}]},{"@type":"WebSite","@id":"https:\/\/vosgesinfo.fr\/gerardmerinfo\/#website","url":"https:\/\/vosgesinfo.fr\/gerardmerinfo\/","name":"Gerardmer Info","description":"Toute l&#039;actualit\u00e9 de G\u00e9rardmer","publisher":{"@id":"https:\/\/vosgesinfo.fr\/gerardmerinfo\/#organization"},"alternateName":"Toute l'actualit\u00e9 de G\u00e9rardmer","potentialAction":[{"@type":"SearchAction","target":{"@type":"EntryPoint","urlTemplate":"https:\/\/vosgesinfo.fr\/gerardmerinfo\/?s={search_term_string}"},"query-input":"required name=search_term_string"}],"inLanguage":"fr-FR"},{"@type":"Organization","@id":"https:\/\/vosgesinfo.fr\/gerardmerinfo\/#organization","name":"Gerardmer Info","url":"https:\/\/vosgesinfo.fr\/gerardmerinfo\/","logo":{"@type":"ImageObject","inLanguage":"fr-FR","@id":"https:\/\/vosgesinfo.fr\/gerardmerinfo\/#\/schema\/logo\/image\/","url":"https:\/\/vosgesinfo.fr\/app\/uploads\/sites\/6\/2023\/08\/favicon-gerardmerinfo.png","contentUrl":"https:\/\/vosgesinfo.fr\/app\/uploads\/sites\/6\/2023\/08\/favicon-gerardmerinfo.png","width":512,"height":512,"caption":"Gerardmer Info"},"image":{"@id":"https:\/\/vosgesinfo.fr\/gerardmerinfo\/#\/schema\/logo\/image\/"},"sameAs":["https:\/\/www.facebook.com\/profile.php?id=100049475262660","https:\/\/x.com\/VosgesInfo88","https:\/\/www.youtube.com\/@vosgesinfo"]},{"@type":"Person","@id":"https:\/\/vosgesinfo.fr\/gerardmerinfo\/#\/schema\/person\/6f9a650eeea99d969b6c4ab78fccbe81","name":"C.K.","image":{"@type":"ImageObject","inLanguage":"fr-FR","@id":"https:\/\/vosgesinfo.fr\/gerardmerinfo\/#\/schema\/person\/image\/","url":"https:\/\/secure.gravatar.com\/avatar\/48e3fc7f8421ba8942be6b74a2b7f014ca39bc00dece156b7a8e098ae7dc87bf?s=96&d=mm&r=g","contentUrl":"https:\/\/secure.gravatar.com\/avatar\/48e3fc7f8421ba8942be6b74a2b7f014ca39bc00dece156b7a8e098ae7dc87bf?s=96&d=mm&r=g","caption":"C.K."},"url":"https:\/\/vosgesinfo.fr\/gerardmerinfo\/author\/celia-k-n\/"}]}},"_links":{"self":[{"href":"https:\/\/vosgesinfo.fr\/gerardmerinfo\/wp-json\/wp\/v2\/posts\/82030","targetHints":{"allow":["GET"]}}],"collection":[{"href":"https:\/\/vosgesinfo.fr\/gerardmerinfo\/wp-json\/wp\/v2\/posts"}],"about":[{"href":"https:\/\/vosgesinfo.fr\/gerardmerinfo\/wp-json\/wp\/v2\/types\/post"}],"author":[{"embeddable":true,"href":"https:\/\/vosgesinfo.fr\/gerardmerinfo\/wp-json\/wp\/v2\/users\/52"}],"replies":[{"embeddable":true,"href":"https:\/\/vosgesinfo.fr\/gerardmerinfo\/wp-json\/wp\/v2\/comments?post=82030"}],"version-history":[{"count":0,"href":"https:\/\/vosgesinfo.fr\/gerardmerinfo\/wp-json\/wp\/v2\/posts\/82030\/revisions"}],"wp:featuredmedia":[{"embeddable":true,"href":"https:\/\/vosgesinfo.fr\/gerardmerinfo\/wp-json\/wp\/v2\/media\/82031"}],"wp:attachment":[{"href":"https:\/\/vosgesinfo.fr\/gerardmerinfo\/wp-json\/wp\/v2\/media?parent=82030"}],"wp:term":[{"taxonomy":"category","embeddable":true,"href":"https:\/\/vosgesinfo.fr\/gerardmerinfo\/wp-json\/wp\/v2\/categories?post=82030"},{"taxonomy":"post_tag","embeddable":true,"href":"https:\/\/vosgesinfo.fr\/gerardmerinfo\/wp-json\/wp\/v2\/tags?post=82030"}],"curies":[{"name":"wp","href":"https:\/\/api.w.org\/{rel}","templated":true}]}}