{"id":82043,"date":"2025-09-05T17:00:32","date_gmt":"2025-09-05T15:00:32","guid":{"rendered":"https:\/\/vosgesinfo.fr\/gerardmerinfo\/?p=82043"},"modified":"2025-09-05T11:11:28","modified_gmt":"2025-09-05T09:11:28","slug":"50-ans-de-tourisme-a-gerardmer-exposition-itinerante-au-col-de-la-schlucht-en-septembre","status":"publish","type":"post","link":"https:\/\/vosgesinfo.fr\/gerardmerinfo\/2025\/09\/50-ans-de-tourisme-a-gerardmer-exposition-itinerante-au-col-de-la-schlucht-en-septembre\/","title":{"rendered":"50 ans de tourisme \u00e0 G\u00e9rardmer : exposition itin\u00e9rante au col de la Schlucht en septembre"},"content":{"rendered":"<p class=\"x_MsoNormal\" style=\"text-align: center;\"><b data-olk-copy-source=\"MessageBody\">Du 7 au 28 septembre au col de la Schlucht<\/b><\/p>\n<p class=\"x_MsoNormal\" style=\"text-align: center;\"><b>Une exposition itin\u00e9rante retrace les 150 ans de l\u2019Office de Tourisme<\/b><\/p>\n<p class=\"x_MsoNormal\" aria-hidden=\"true\">\n<p class=\"x_MsoNormal\">\u00c0 l\u2019occasion de ses 150 ans, l\u2019Office de Tourisme de G\u00e9rardmer Hautes Vosges, premi\u00e8re structure touristique cr\u00e9\u00e9e en France, c\u00e9l\u00e8bre son histoire \u00e0 travers une exposition itin\u00e9rante. Compos\u00e9e de 21 panneaux, cette r\u00e9trospective sign\u00e9e Baptiste Morel vous invite \u00e0 d\u00e9couvrir les grandes \u00e9tapes qui ont fa\u00e7onn\u00e9 le territoire : de l\u2019\u00e9pop\u00e9e du textile vosgien \u00e0 l\u2019arriv\u00e9e du train, en passant par le percement du tunnel de la Roche du Diable.<\/p>\n<p class=\"x_MsoNormal\" aria-hidden=\"true\">\n<p class=\"x_MsoNormal\"><a href=\"https:\/\/vosgesinfo.fr\/app\/uploads\/sites\/6\/2025\/09\/affiches-col-de-la-schlucht1.jpg\"><img decoding=\"async\" class=\"alignright size-medium wp-image-82044\" src=\"https:\/\/vosgesinfo.fr\/app\/uploads\/sites\/6\/2025\/09\/affiches-col-de-la-schlucht1-212x300.jpg\" alt=\"\" width=\"212\" height=\"300\" srcset=\"https:\/\/vosgesinfo.fr\/app\/uploads\/sites\/6\/2025\/09\/affiches-col-de-la-schlucht1-212x300.jpg 212w, https:\/\/vosgesinfo.fr\/app\/uploads\/sites\/6\/2025\/09\/affiches-col-de-la-schlucht1-724x1024.jpg 724w, https:\/\/vosgesinfo.fr\/app\/uploads\/sites\/6\/2025\/09\/affiches-col-de-la-schlucht1-768x1086.jpg 768w, https:\/\/vosgesinfo.fr\/app\/uploads\/sites\/6\/2025\/09\/affiches-col-de-la-schlucht1.jpg 877w\" sizes=\"(max-width: 212px) 100vw, 212px\" \/><\/a>Richement illustr\u00e9e, cette exposition met \u00e9galement \u00e0 l\u2019honneur les activit\u00e9s qui font aujourd\u2019hui la renomm\u00e9e de G\u00e9rardmer : plaisirs nautiques sur le lac, randonn\u00e9es au c\u0153ur d\u2019une nature pr\u00e9serv\u00e9e, patrimoine et traditions vivantes.<\/p>\n<p class=\"x_MsoNormal\" aria-hidden=\"true\">\n<p class=\"x_MsoNormal\">Des clins d\u2019\u0153il sont faits aux M\u00e9nestrels, \u00e0 la tour g\u00e9od\u00e9sique de Champdray ou encore au Festival International du Film Fantastique, entre autres exemples.<\/p>\n<p class=\"x_MsoNormal\" aria-hidden=\"true\">\n<p class=\"x_MsoNormal\">\u00c0 la fois hommage au pass\u00e9 et regard tourn\u00e9 vers l\u2019avenir, cette exposition propose un voyage \u00e9mouvant au c\u0153ur d\u2019un territoire authentique et dynamique. Un rendez-vous \u00e0 ne pas manquer pour les amoureux de l\u2019histoire, les curieux, et tous ceux qui portent G\u00e9rardmer dans leur c\u0153ur.<\/p>\n<p class=\"x_MsoNormal\" aria-hidden=\"true\">\n<p class=\"x_MsoNormal\">Du 7 au 28 septembre, l\u2019exposition est visible \u00e0 la chapelle Notre-Dame-des-Chaumes au col de la Schlucht les mercredi, jeudi, vendredi et dimanche de 9h30 \u00e0 16h30.<\/p>\n<p class=\"x_MsoNormal\" aria-hidden=\"true\">\n","protected":false},"excerpt":{"rendered":"<p>Du 7 au 28 septembre au col de la Schlucht Une exposition itin\u00e9rante retrace les 150 ans de l\u2019Office de [&hellip;]<\/p>\n","protected":false},"author":391,"featured_media":82044,"comment_status":"open","ping_status":"open","sticky":false,"template":"","format":"standard","meta":{"footnotes":""},"categories":[20,4,5647,15,18],"tags":[718,655],"class_list":["post-82043","post","type-post","status-publish","format-standard","has-post-thumbnail","hentry","category-a-la-une","category-culture","category-gerardmer-autres-sites","category-tourisme","category-vosges","tag-col-de-la-schlucht","tag-office-de-tourisme"],"acf":[],"yoast_head":"<!-- This site is optimized with the Yoast SEO plugin v22.5 - https:\/\/yoast.com\/wordpress\/plugins\/seo\/ -->\n<title>50 ans de tourisme \u00e0 G\u00e9rardmer : exposition itin\u00e9rante au col de la Schlucht en septembre - Gerardmer Info<\/title>\n<meta name=\"robots\" content=\"index, follow, max-snippet:-1, max-image-preview:large, max-video-preview:-1\" \/>\n<link rel=\"canonical\" href=\"https:\/\/vosgesinfo.fr\/gerardmerinfo\/2025\/09\/50-ans-de-tourisme-a-gerardmer-exposition-itinerante-au-col-de-la-schlucht-en-septembre\/\" \/>\n<meta name=\"twitter:card\" content=\"summary_large_image\" \/>\n<meta name=\"twitter:title\" content=\"50 ans de tourisme \u00e0 G\u00e9rardmer : exposition itin\u00e9rante au col de la Schlucht en septembre - Gerardmer Info\" \/>\n<meta name=\"twitter:description\" content=\"Du 7 au 28 septembre au col de la Schlucht Une exposition itin\u00e9rante retrace les 150 ans de l\u2019Office de [&hellip;]\" \/>\n<meta name=\"twitter:image\" content=\"https:\/\/vosgesinfo.fr\/app\/uploads\/sites\/6\/2025\/09\/affiches-col-de-la-schlucht1.jpg\" \/>\n<meta name=\"twitter:creator\" content=\"@VosgesInfo88\" \/>\n<meta name=\"twitter:site\" content=\"@VosgesInfo88\" \/>\n<meta name=\"twitter:label1\" content=\"\u00c9crit par\" \/>\n\t<meta name=\"twitter:data1\" content=\"La redaction\" \/>\n\t<meta name=\"twitter:label2\" content=\"Dur\u00e9e de lecture estim\u00e9e\" \/>\n\t<meta name=\"twitter:data2\" content=\"1 minute\" \/>\n<script type=\"application\/ld+json\" class=\"yoast-schema-graph\">{\"@context\":\"https:\/\/schema.org\",\"@graph\":[{\"@type\":\"Article\",\"@id\":\"https:\/\/vosgesinfo.fr\/gerardmerinfo\/2025\/09\/50-ans-de-tourisme-a-gerardmer-exposition-itinerante-au-col-de-la-schlucht-en-septembre\/#article\",\"isPartOf\":{\"@id\":\"https:\/\/vosgesinfo.fr\/gerardmerinfo\/2025\/09\/50-ans-de-tourisme-a-gerardmer-exposition-itinerante-au-col-de-la-schlucht-en-septembre\/\"},\"author\":{\"name\":\"La redaction\",\"@id\":\"https:\/\/vosgesinfo.fr\/gerardmerinfo\/#\/schema\/person\/27a3695b06db98895b354c0765cdfc31\"},\"headline\":\"50 ans de tourisme \u00e0 G\u00e9rardmer : exposition itin\u00e9rante au col de la Schlucht en septembre\",\"datePublished\":\"2025-09-05T15:00:32+00:00\",\"dateModified\":\"2025-09-05T09:11:28+00:00\",\"mainEntityOfPage\":{\"@id\":\"https:\/\/vosgesinfo.fr\/gerardmerinfo\/2025\/09\/50-ans-de-tourisme-a-gerardmer-exposition-itinerante-au-col-de-la-schlucht-en-septembre\/\"},\"wordCount\":258,\"commentCount\":0,\"publisher\":{\"@id\":\"https:\/\/vosgesinfo.fr\/gerardmerinfo\/#organization\"},\"image\":{\"@id\":\"https:\/\/vosgesinfo.fr\/gerardmerinfo\/2025\/09\/50-ans-de-tourisme-a-gerardmer-exposition-itinerante-au-col-de-la-schlucht-en-septembre\/#primaryimage\"},\"thumbnailUrl\":\"https:\/\/vosgesinfo.fr\/app\/uploads\/sites\/6\/2025\/09\/affiches-col-de-la-schlucht1.jpg\",\"keywords\":[\"col de la Schlucht\",\"office de tourisme\"],\"articleSection\":[\"A la une\",\"Culture\",\"Gerardmer\",\"Tourisme\",\"Vosges\"],\"inLanguage\":\"fr-FR\",\"potentialAction\":[{\"@type\":\"CommentAction\",\"name\":\"Comment\",\"target\":[\"https:\/\/vosgesinfo.fr\/gerardmerinfo\/2025\/09\/50-ans-de-tourisme-a-gerardmer-exposition-itinerante-au-col-de-la-schlucht-en-septembre\/#respond\"]}]},{\"@type\":\"WebPage\",\"@id\":\"https:\/\/vosgesinfo.fr\/gerardmerinfo\/2025\/09\/50-ans-de-tourisme-a-gerardmer-exposition-itinerante-au-col-de-la-schlucht-en-septembre\/\",\"url\":\"https:\/\/vosgesinfo.fr\/gerardmerinfo\/2025\/09\/50-ans-de-tourisme-a-gerardmer-exposition-itinerante-au-col-de-la-schlucht-en-septembre\/\",\"name\":\"50 ans de tourisme \u00e0 G\u00e9rardmer : exposition itin\u00e9rante au col de la Schlucht en septembre - Gerardmer Info\",\"isPartOf\":{\"@id\":\"https:\/\/vosgesinfo.fr\/gerardmerinfo\/#website\"},\"primaryImageOfPage\":{\"@id\":\"https:\/\/vosgesinfo.fr\/gerardmerinfo\/2025\/09\/50-ans-de-tourisme-a-gerardmer-exposition-itinerante-au-col-de-la-schlucht-en-septembre\/#primaryimage\"},\"image\":{\"@id\":\"https:\/\/vosgesinfo.fr\/gerardmerinfo\/2025\/09\/50-ans-de-tourisme-a-gerardmer-exposition-itinerante-au-col-de-la-schlucht-en-septembre\/#primaryimage\"},\"thumbnailUrl\":\"https:\/\/vosgesinfo.fr\/app\/uploads\/sites\/6\/2025\/09\/affiches-col-de-la-schlucht1.jpg\",\"datePublished\":\"2025-09-05T15:00:32+00:00\",\"dateModified\":\"2025-09-05T09:11:28+00:00\",\"breadcrumb\":{\"@id\":\"https:\/\/vosgesinfo.fr\/gerardmerinfo\/2025\/09\/50-ans-de-tourisme-a-gerardmer-exposition-itinerante-au-col-de-la-schlucht-en-septembre\/#breadcrumb\"},\"inLanguage\":\"fr-FR\",\"potentialAction\":[{\"@type\":\"ReadAction\",\"target\":[\"https:\/\/vosgesinfo.fr\/gerardmerinfo\/2025\/09\/50-ans-de-tourisme-a-gerardmer-exposition-itinerante-au-col-de-la-schlucht-en-septembre\/\"]}]},{\"@type\":\"ImageObject\",\"inLanguage\":\"fr-FR\",\"@id\":\"https:\/\/vosgesinfo.fr\/gerardmerinfo\/2025\/09\/50-ans-de-tourisme-a-gerardmer-exposition-itinerante-au-col-de-la-schlucht-en-septembre\/#primaryimage\",\"url\":\"https:\/\/vosgesinfo.fr\/app\/uploads\/sites\/6\/2025\/09\/affiches-col-de-la-schlucht1.jpg\",\"contentUrl\":\"https:\/\/vosgesinfo.fr\/app\/uploads\/sites\/6\/2025\/09\/affiches-col-de-la-schlucht1.jpg\",\"width\":877,\"height\":1240},{\"@type\":\"BreadcrumbList\",\"@id\":\"https:\/\/vosgesinfo.fr\/gerardmerinfo\/2025\/09\/50-ans-de-tourisme-a-gerardmer-exposition-itinerante-au-col-de-la-schlucht-en-septembre\/#breadcrumb\",\"itemListElement\":[{\"@type\":\"ListItem\",\"position\":1,\"name\":\"Home\",\"item\":\"https:\/\/vosgesinfo.fr\/gerardmerinfo\/\"},{\"@type\":\"ListItem\",\"position\":2,\"name\":\"50 ans de tourisme \u00e0 G\u00e9rardmer : exposition itin\u00e9rante au col de la Schlucht en septembre\"}]},{\"@type\":\"WebSite\",\"@id\":\"https:\/\/vosgesinfo.fr\/gerardmerinfo\/#website\",\"url\":\"https:\/\/vosgesinfo.fr\/gerardmerinfo\/\",\"name\":\"Gerardmer Info\",\"description\":\"Toute l&#039;actualit\u00e9 de G\u00e9rardmer\",\"publisher\":{\"@id\":\"https:\/\/vosgesinfo.fr\/gerardmerinfo\/#organization\"},\"alternateName\":\"Toute l'actualit\u00e9 de G\u00e9rardmer\",\"potentialAction\":[{\"@type\":\"SearchAction\",\"target\":{\"@type\":\"EntryPoint\",\"urlTemplate\":\"https:\/\/vosgesinfo.fr\/gerardmerinfo\/?s={search_term_string}\"},\"query-input\":\"required name=search_term_string\"}],\"inLanguage\":\"fr-FR\"},{\"@type\":\"Organization\",\"@id\":\"https:\/\/vosgesinfo.fr\/gerardmerinfo\/#organization\",\"name\":\"Gerardmer Info\",\"url\":\"https:\/\/vosgesinfo.fr\/gerardmerinfo\/\",\"logo\":{\"@type\":\"ImageObject\",\"inLanguage\":\"fr-FR\",\"@id\":\"https:\/\/vosgesinfo.fr\/gerardmerinfo\/#\/schema\/logo\/image\/\",\"url\":\"https:\/\/vosgesinfo.fr\/app\/uploads\/sites\/6\/2023\/08\/favicon-gerardmerinfo.png\",\"contentUrl\":\"https:\/\/vosgesinfo.fr\/app\/uploads\/sites\/6\/2023\/08\/favicon-gerardmerinfo.png\",\"width\":512,\"height\":512,\"caption\":\"Gerardmer Info\"},\"image\":{\"@id\":\"https:\/\/vosgesinfo.fr\/gerardmerinfo\/#\/schema\/logo\/image\/\"},\"sameAs\":[\"https:\/\/www.facebook.com\/profile.php?id=100049475262660\",\"https:\/\/x.com\/VosgesInfo88\",\"https:\/\/www.youtube.com\/@vosgesinfo\"]},{\"@type\":\"Person\",\"@id\":\"https:\/\/vosgesinfo.fr\/gerardmerinfo\/#\/schema\/person\/27a3695b06db98895b354c0765cdfc31\",\"name\":\"La redaction\",\"image\":{\"@type\":\"ImageObject\",\"inLanguage\":\"fr-FR\",\"@id\":\"https:\/\/vosgesinfo.fr\/gerardmerinfo\/#\/schema\/person\/image\/\",\"url\":\"https:\/\/secure.gravatar.com\/avatar\/64c76a78e501cedee55736f43f332df901e1896ae9cd8fad269ae2236dd0e8b6?s=96&d=mm&r=g\",\"contentUrl\":\"https:\/\/secure.gravatar.com\/avatar\/64c76a78e501cedee55736f43f332df901e1896ae9cd8fad269ae2236dd0e8b6?s=96&d=mm&r=g\",\"caption\":\"La redaction\"},\"url\":\"https:\/\/vosgesinfo.fr\/gerardmerinfo\/author\/la-redaction\/\"}]}<\/script>\n<!-- \/ Yoast SEO plugin. -->","yoast_head_json":{"title":"50 ans de tourisme \u00e0 G\u00e9rardmer : exposition itin\u00e9rante au col de la Schlucht en septembre - Gerardmer Info","robots":{"index":"index","follow":"follow","max-snippet":"max-snippet:-1","max-image-preview":"max-image-preview:large","max-video-preview":"max-video-preview:-1"},"canonical":"https:\/\/vosgesinfo.fr\/gerardmerinfo\/2025\/09\/50-ans-de-tourisme-a-gerardmer-exposition-itinerante-au-col-de-la-schlucht-en-septembre\/","twitter_card":"summary_large_image","twitter_title":"50 ans de tourisme \u00e0 G\u00e9rardmer : exposition itin\u00e9rante au col de la Schlucht en septembre - Gerardmer Info","twitter_description":"Du 7 au 28 septembre au col de la Schlucht Une exposition itin\u00e9rante retrace les 150 ans de l\u2019Office de [&hellip;]","twitter_image":"https:\/\/vosgesinfo.fr\/app\/uploads\/sites\/6\/2025\/09\/affiches-col-de-la-schlucht1.jpg","twitter_creator":"@VosgesInfo88","twitter_site":"@VosgesInfo88","twitter_misc":{"\u00c9crit par":"La redaction","Dur\u00e9e de lecture estim\u00e9e":"1 minute"},"schema":{"@context":"https:\/\/schema.org","@graph":[{"@type":"Article","@id":"https:\/\/vosgesinfo.fr\/gerardmerinfo\/2025\/09\/50-ans-de-tourisme-a-gerardmer-exposition-itinerante-au-col-de-la-schlucht-en-septembre\/#article","isPartOf":{"@id":"https:\/\/vosgesinfo.fr\/gerardmerinfo\/2025\/09\/50-ans-de-tourisme-a-gerardmer-exposition-itinerante-au-col-de-la-schlucht-en-septembre\/"},"author":{"name":"La redaction","@id":"https:\/\/vosgesinfo.fr\/gerardmerinfo\/#\/schema\/person\/27a3695b06db98895b354c0765cdfc31"},"headline":"50 ans de tourisme \u00e0 G\u00e9rardmer : exposition itin\u00e9rante au col de la Schlucht en septembre","datePublished":"2025-09-05T15:00:32+00:00","dateModified":"2025-09-05T09:11:28+00:00","mainEntityOfPage":{"@id":"https:\/\/vosgesinfo.fr\/gerardmerinfo\/2025\/09\/50-ans-de-tourisme-a-gerardmer-exposition-itinerante-au-col-de-la-schlucht-en-septembre\/"},"wordCount":258,"commentCount":0,"publisher":{"@id":"https:\/\/vosgesinfo.fr\/gerardmerinfo\/#organization"},"image":{"@id":"https:\/\/vosgesinfo.fr\/gerardmerinfo\/2025\/09\/50-ans-de-tourisme-a-gerardmer-exposition-itinerante-au-col-de-la-schlucht-en-septembre\/#primaryimage"},"thumbnailUrl":"https:\/\/vosgesinfo.fr\/app\/uploads\/sites\/6\/2025\/09\/affiches-col-de-la-schlucht1.jpg","keywords":["col de la Schlucht","office de tourisme"],"articleSection":["A la une","Culture","Gerardmer","Tourisme","Vosges"],"inLanguage":"fr-FR","potentialAction":[{"@type":"CommentAction","name":"Comment","target":["https:\/\/vosgesinfo.fr\/gerardmerinfo\/2025\/09\/50-ans-de-tourisme-a-gerardmer-exposition-itinerante-au-col-de-la-schlucht-en-septembre\/#respond"]}]},{"@type":"WebPage","@id":"https:\/\/vosgesinfo.fr\/gerardmerinfo\/2025\/09\/50-ans-de-tourisme-a-gerardmer-exposition-itinerante-au-col-de-la-schlucht-en-septembre\/","url":"https:\/\/vosgesinfo.fr\/gerardmerinfo\/2025\/09\/50-ans-de-tourisme-a-gerardmer-exposition-itinerante-au-col-de-la-schlucht-en-septembre\/","name":"50 ans de tourisme \u00e0 G\u00e9rardmer : exposition itin\u00e9rante au col de la Schlucht en septembre - Gerardmer Info","isPartOf":{"@id":"https:\/\/vosgesinfo.fr\/gerardmerinfo\/#website"},"primaryImageOfPage":{"@id":"https:\/\/vosgesinfo.fr\/gerardmerinfo\/2025\/09\/50-ans-de-tourisme-a-gerardmer-exposition-itinerante-au-col-de-la-schlucht-en-septembre\/#primaryimage"},"image":{"@id":"https:\/\/vosgesinfo.fr\/gerardmerinfo\/2025\/09\/50-ans-de-tourisme-a-gerardmer-exposition-itinerante-au-col-de-la-schlucht-en-septembre\/#primaryimage"},"thumbnailUrl":"https:\/\/vosgesinfo.fr\/app\/uploads\/sites\/6\/2025\/09\/affiches-col-de-la-schlucht1.jpg","datePublished":"2025-09-05T15:00:32+00:00","dateModified":"2025-09-05T09:11:28+00:00","breadcrumb":{"@id":"https:\/\/vosgesinfo.fr\/gerardmerinfo\/2025\/09\/50-ans-de-tourisme-a-gerardmer-exposition-itinerante-au-col-de-la-schlucht-en-septembre\/#breadcrumb"},"inLanguage":"fr-FR","potentialAction":[{"@type":"ReadAction","target":["https:\/\/vosgesinfo.fr\/gerardmerinfo\/2025\/09\/50-ans-de-tourisme-a-gerardmer-exposition-itinerante-au-col-de-la-schlucht-en-septembre\/"]}]},{"@type":"ImageObject","inLanguage":"fr-FR","@id":"https:\/\/vosgesinfo.fr\/gerardmerinfo\/2025\/09\/50-ans-de-tourisme-a-gerardmer-exposition-itinerante-au-col-de-la-schlucht-en-septembre\/#primaryimage","url":"https:\/\/vosgesinfo.fr\/app\/uploads\/sites\/6\/2025\/09\/affiches-col-de-la-schlucht1.jpg","contentUrl":"https:\/\/vosgesinfo.fr\/app\/uploads\/sites\/6\/2025\/09\/affiches-col-de-la-schlucht1.jpg","width":877,"height":1240},{"@type":"BreadcrumbList","@id":"https:\/\/vosgesinfo.fr\/gerardmerinfo\/2025\/09\/50-ans-de-tourisme-a-gerardmer-exposition-itinerante-au-col-de-la-schlucht-en-septembre\/#breadcrumb","itemListElement":[{"@type":"ListItem","position":1,"name":"Home","item":"https:\/\/vosgesinfo.fr\/gerardmerinfo\/"},{"@type":"ListItem","position":2,"name":"50 ans de tourisme \u00e0 G\u00e9rardmer : exposition itin\u00e9rante au col de la Schlucht en septembre"}]},{"@type":"WebSite","@id":"https:\/\/vosgesinfo.fr\/gerardmerinfo\/#website","url":"https:\/\/vosgesinfo.fr\/gerardmerinfo\/","name":"Gerardmer Info","description":"Toute l&#039;actualit\u00e9 de G\u00e9rardmer","publisher":{"@id":"https:\/\/vosgesinfo.fr\/gerardmerinfo\/#organization"},"alternateName":"Toute l'actualit\u00e9 de G\u00e9rardmer","potentialAction":[{"@type":"SearchAction","target":{"@type":"EntryPoint","urlTemplate":"https:\/\/vosgesinfo.fr\/gerardmerinfo\/?s={search_term_string}"},"query-input":"required name=search_term_string"}],"inLanguage":"fr-FR"},{"@type":"Organization","@id":"https:\/\/vosgesinfo.fr\/gerardmerinfo\/#organization","name":"Gerardmer Info","url":"https:\/\/vosgesinfo.fr\/gerardmerinfo\/","logo":{"@type":"ImageObject","inLanguage":"fr-FR","@id":"https:\/\/vosgesinfo.fr\/gerardmerinfo\/#\/schema\/logo\/image\/","url":"https:\/\/vosgesinfo.fr\/app\/uploads\/sites\/6\/2023\/08\/favicon-gerardmerinfo.png","contentUrl":"https:\/\/vosgesinfo.fr\/app\/uploads\/sites\/6\/2023\/08\/favicon-gerardmerinfo.png","width":512,"height":512,"caption":"Gerardmer Info"},"image":{"@id":"https:\/\/vosgesinfo.fr\/gerardmerinfo\/#\/schema\/logo\/image\/"},"sameAs":["https:\/\/www.facebook.com\/profile.php?id=100049475262660","https:\/\/x.com\/VosgesInfo88","https:\/\/www.youtube.com\/@vosgesinfo"]},{"@type":"Person","@id":"https:\/\/vosgesinfo.fr\/gerardmerinfo\/#\/schema\/person\/27a3695b06db98895b354c0765cdfc31","name":"La redaction","image":{"@type":"ImageObject","inLanguage":"fr-FR","@id":"https:\/\/vosgesinfo.fr\/gerardmerinfo\/#\/schema\/person\/image\/","url":"https:\/\/secure.gravatar.com\/avatar\/64c76a78e501cedee55736f43f332df901e1896ae9cd8fad269ae2236dd0e8b6?s=96&d=mm&r=g","contentUrl":"https:\/\/secure.gravatar.com\/avatar\/64c76a78e501cedee55736f43f332df901e1896ae9cd8fad269ae2236dd0e8b6?s=96&d=mm&r=g","caption":"La redaction"},"url":"https:\/\/vosgesinfo.fr\/gerardmerinfo\/author\/la-redaction\/"}]}},"_links":{"self":[{"href":"https:\/\/vosgesinfo.fr\/gerardmerinfo\/wp-json\/wp\/v2\/posts\/82043","targetHints":{"allow":["GET"]}}],"collection":[{"href":"https:\/\/vosgesinfo.fr\/gerardmerinfo\/wp-json\/wp\/v2\/posts"}],"about":[{"href":"https:\/\/vosgesinfo.fr\/gerardmerinfo\/wp-json\/wp\/v2\/types\/post"}],"author":[{"embeddable":true,"href":"https:\/\/vosgesinfo.fr\/gerardmerinfo\/wp-json\/wp\/v2\/users\/391"}],"replies":[{"embeddable":true,"href":"https:\/\/vosgesinfo.fr\/gerardmerinfo\/wp-json\/wp\/v2\/comments?post=82043"}],"version-history":[{"count":1,"href":"https:\/\/vosgesinfo.fr\/gerardmerinfo\/wp-json\/wp\/v2\/posts\/82043\/revisions"}],"predecessor-version":[{"id":82045,"href":"https:\/\/vosgesinfo.fr\/gerardmerinfo\/wp-json\/wp\/v2\/posts\/82043\/revisions\/82045"}],"wp:featuredmedia":[{"embeddable":true,"href":"https:\/\/vosgesinfo.fr\/gerardmerinfo\/wp-json\/wp\/v2\/media\/82044"}],"wp:attachment":[{"href":"https:\/\/vosgesinfo.fr\/gerardmerinfo\/wp-json\/wp\/v2\/media?parent=82043"}],"wp:term":[{"taxonomy":"category","embeddable":true,"href":"https:\/\/vosgesinfo.fr\/gerardmerinfo\/wp-json\/wp\/v2\/categories?post=82043"},{"taxonomy":"post_tag","embeddable":true,"href":"https:\/\/vosgesinfo.fr\/gerardmerinfo\/wp-json\/wp\/v2\/tags?post=82043"}],"curies":[{"name":"wp","href":"https:\/\/api.w.org\/{rel}","templated":true}]}}