{"id":82046,"date":"2025-09-07T05:57:39","date_gmt":"2025-09-07T03:57:39","guid":{"rendered":"https:\/\/vosgesinfo.fr\/gerardmerinfo\/?p=82046"},"modified":"2025-09-05T16:06:05","modified_gmt":"2025-09-05T14:06:05","slug":"stage-la-plume-en-chanson-atelier-ecriture-du-10-au-12-octobre-a-la-mcl","status":"publish","type":"post","link":"https:\/\/vosgesinfo.fr\/gerardmerinfo\/2025\/09\/stage-la-plume-en-chanson-atelier-ecriture-du-10-au-12-octobre-a-la-mcl\/","title":{"rendered":"Stage LA PLUME EN CHANSON &#8211; atelier \u00e9criture du 10 au 12 octobre \u00e0 la MCL"},"content":{"rendered":"<p>STAGE 3 JOURS LA PLUME EN CHANSON \u00ab Mettez vos mots en musique et donnez-leur une voix \u00bb 10 AU 12 OCTOBRE Avec GEROME BRIARD, Auteur compositeur interpr\u00e8te.<\/p>\n<p><a href=\"https:\/\/vosgesinfo.fr\/app\/uploads\/sites\/6\/2025\/09\/affiche-la-plume-en-chanson-4.jpg\"><img decoding=\"async\" class=\"alignright size-medium wp-image-82047\" src=\"https:\/\/vosgesinfo.fr\/app\/uploads\/sites\/6\/2025\/09\/affiche-la-plume-en-chanson-4-212x300.jpg\" alt=\"\" width=\"212\" height=\"300\" srcset=\"https:\/\/vosgesinfo.fr\/app\/uploads\/sites\/6\/2025\/09\/affiche-la-plume-en-chanson-4-212x300.jpg 212w, https:\/\/vosgesinfo.fr\/app\/uploads\/sites\/6\/2025\/09\/affiche-la-plume-en-chanson-4-724x1024.jpg 724w, https:\/\/vosgesinfo.fr\/app\/uploads\/sites\/6\/2025\/09\/affiche-la-plume-en-chanson-4-768x1086.jpg 768w, https:\/\/vosgesinfo.fr\/app\/uploads\/sites\/6\/2025\/09\/affiche-la-plume-en-chanson-4-1086x1536.jpg 1086w, https:\/\/vosgesinfo.fr\/app\/uploads\/sites\/6\/2025\/09\/affiche-la-plume-en-chanson-4-1448x2048.jpg 1448w, https:\/\/vosgesinfo.fr\/app\/uploads\/sites\/6\/2025\/09\/affiche-la-plume-en-chanson-4.jpg 1655w\" sizes=\"(max-width: 212px) 100vw, 212px\" \/><\/a>Un stage ouvert \u00e0 tous, pour explorer l\u2019\u00e9criture la composition et l\u2019interpr\u00e9tation. Trouvez votre style, affinez vos texte et partagez vos chansons dans un cadre bienveillant et inspirant.<br \/>\nInfos et inscriptions : 03 29 63 11 96 Mcl de G\u00e9rardmer<br \/>\nRESTITUTION LE DIMANCHE 12 OCTOBRE<br \/>\nFOYER BAR<br \/>\nMCL DE GERARDMER<\/p>\n<p>Modalit\u00e9s et Contact<br \/>\nDur\u00e9e : 3 jours (9 places disponibles)<br \/>\nVendredi 10 octobre \u00e0 partir de 17h00 (Auberge espagnol pour les repas) \/ Samedi 11 octobre de 9h00 \u00e0 12 h30 et de 14h00 \u00e0 17h30 (Repas tir\u00e9s du sac) \/ Dimanche 12 octobre 9h00 \u00e0 12 h30 (Repas tir\u00e9s du sac) et de 14h00 \u00e0 17h30 \/ Restitution en public au Caf\u00e9 concert de la MCL \u00e0 partir de 18h00. Repas offert par la MCL pour les participants<br \/>\nLieu : MCL de G\u00e9rardmer<\/p>\n<p>Tarifs : 20\u20ac + adh\u00e9sion MCL (12\u20ac adultes \/ 6\u20ac moins de 16 ans)<\/p>\n<p>Mat\u00e9riel requis : Papier, stylo, ordinateur si possible<\/p>\n<p>Informations et inscriptions : Accueil de la MCL (03 29 63 11 96\/ contact@mclgerardmer.fr)<\/p>\n<p>Ce stage est une opportunit\u00e9 unique de d\u00e9couvrir ou approfondir l&rsquo;\u00e9criture de chansons dans un cadre bienveillant et professionnel.<\/p>\n","protected":false},"excerpt":{"rendered":"<p>STAGE 3 JOURS LA PLUME EN CHANSON \u00ab Mettez vos mots en musique et donnez-leur une voix \u00bb 10 AU [&hellip;]<\/p>\n","protected":false},"author":391,"featured_media":82047,"comment_status":"open","ping_status":"open","sticky":false,"template":"","format":"standard","meta":{"footnotes":""},"categories":[20,25,5647,64],"tags":[7772,103],"class_list":["post-82046","post","type-post","status-publish","format-standard","has-post-thumbnail","hentry","category-a-la-une","category-gerardmer","category-gerardmer-autres-sites","category-litterature","tag-la-plume-en-chanson","tag-mcl-gerardmer"],"acf":[],"yoast_head":"<!-- This site is optimized with the Yoast SEO plugin v22.5 - https:\/\/yoast.com\/wordpress\/plugins\/seo\/ -->\n<title>Stage LA PLUME EN CHANSON - atelier \u00e9criture du 10 au 12 octobre \u00e0 la MCL - Gerardmer Info<\/title>\n<meta name=\"robots\" content=\"index, follow, max-snippet:-1, max-image-preview:large, max-video-preview:-1\" \/>\n<link rel=\"canonical\" href=\"https:\/\/vosgesinfo.fr\/gerardmerinfo\/2025\/09\/stage-la-plume-en-chanson-atelier-ecriture-du-10-au-12-octobre-a-la-mcl\/\" \/>\n<meta name=\"twitter:card\" content=\"summary_large_image\" \/>\n<meta name=\"twitter:title\" content=\"Stage LA PLUME EN CHANSON - atelier \u00e9criture du 10 au 12 octobre \u00e0 la MCL - Gerardmer Info\" \/>\n<meta name=\"twitter:description\" content=\"STAGE 3 JOURS LA PLUME EN CHANSON \u00ab Mettez vos mots en musique et donnez-leur une voix \u00bb 10 AU [&hellip;]\" \/>\n<meta name=\"twitter:image\" content=\"https:\/\/vosgesinfo.fr\/app\/uploads\/sites\/6\/2025\/09\/affiche-la-plume-en-chanson-4.jpg\" \/>\n<meta name=\"twitter:creator\" content=\"@VosgesInfo88\" \/>\n<meta name=\"twitter:site\" content=\"@VosgesInfo88\" \/>\n<meta name=\"twitter:label1\" content=\"\u00c9crit par\" \/>\n\t<meta name=\"twitter:data1\" content=\"La redaction\" \/>\n\t<meta name=\"twitter:label2\" content=\"Dur\u00e9e de lecture estim\u00e9e\" \/>\n\t<meta name=\"twitter:data2\" content=\"2 minutes\" \/>\n<script type=\"application\/ld+json\" class=\"yoast-schema-graph\">{\"@context\":\"https:\/\/schema.org\",\"@graph\":[{\"@type\":\"Article\",\"@id\":\"https:\/\/vosgesinfo.fr\/gerardmerinfo\/2025\/09\/stage-la-plume-en-chanson-atelier-ecriture-du-10-au-12-octobre-a-la-mcl\/#article\",\"isPartOf\":{\"@id\":\"https:\/\/vosgesinfo.fr\/gerardmerinfo\/2025\/09\/stage-la-plume-en-chanson-atelier-ecriture-du-10-au-12-octobre-a-la-mcl\/\"},\"author\":{\"name\":\"La redaction\",\"@id\":\"https:\/\/vosgesinfo.fr\/gerardmerinfo\/#\/schema\/person\/27a3695b06db98895b354c0765cdfc31\"},\"headline\":\"Stage LA PLUME EN CHANSON &#8211; atelier \u00e9criture du 10 au 12 octobre \u00e0 la MCL\",\"datePublished\":\"2025-09-07T03:57:39+00:00\",\"dateModified\":\"2025-09-05T14:06:05+00:00\",\"mainEntityOfPage\":{\"@id\":\"https:\/\/vosgesinfo.fr\/gerardmerinfo\/2025\/09\/stage-la-plume-en-chanson-atelier-ecriture-du-10-au-12-octobre-a-la-mcl\/\"},\"wordCount\":201,\"commentCount\":0,\"publisher\":{\"@id\":\"https:\/\/vosgesinfo.fr\/gerardmerinfo\/#organization\"},\"image\":{\"@id\":\"https:\/\/vosgesinfo.fr\/gerardmerinfo\/2025\/09\/stage-la-plume-en-chanson-atelier-ecriture-du-10-au-12-octobre-a-la-mcl\/#primaryimage\"},\"thumbnailUrl\":\"https:\/\/vosgesinfo.fr\/app\/uploads\/sites\/6\/2025\/09\/affiche-la-plume-en-chanson-4.jpg\",\"keywords\":[\"La plume en chanson\",\"MCL G\u00e9rardmer\"],\"articleSection\":[\"A la une\",\"G\u00e9rardmer\",\"Gerardmer\",\"Litt\u00e9rature\"],\"inLanguage\":\"fr-FR\",\"potentialAction\":[{\"@type\":\"CommentAction\",\"name\":\"Comment\",\"target\":[\"https:\/\/vosgesinfo.fr\/gerardmerinfo\/2025\/09\/stage-la-plume-en-chanson-atelier-ecriture-du-10-au-12-octobre-a-la-mcl\/#respond\"]}]},{\"@type\":\"WebPage\",\"@id\":\"https:\/\/vosgesinfo.fr\/gerardmerinfo\/2025\/09\/stage-la-plume-en-chanson-atelier-ecriture-du-10-au-12-octobre-a-la-mcl\/\",\"url\":\"https:\/\/vosgesinfo.fr\/gerardmerinfo\/2025\/09\/stage-la-plume-en-chanson-atelier-ecriture-du-10-au-12-octobre-a-la-mcl\/\",\"name\":\"Stage LA PLUME EN CHANSON - atelier \u00e9criture du 10 au 12 octobre \u00e0 la MCL - Gerardmer Info\",\"isPartOf\":{\"@id\":\"https:\/\/vosgesinfo.fr\/gerardmerinfo\/#website\"},\"primaryImageOfPage\":{\"@id\":\"https:\/\/vosgesinfo.fr\/gerardmerinfo\/2025\/09\/stage-la-plume-en-chanson-atelier-ecriture-du-10-au-12-octobre-a-la-mcl\/#primaryimage\"},\"image\":{\"@id\":\"https:\/\/vosgesinfo.fr\/gerardmerinfo\/2025\/09\/stage-la-plume-en-chanson-atelier-ecriture-du-10-au-12-octobre-a-la-mcl\/#primaryimage\"},\"thumbnailUrl\":\"https:\/\/vosgesinfo.fr\/app\/uploads\/sites\/6\/2025\/09\/affiche-la-plume-en-chanson-4.jpg\",\"datePublished\":\"2025-09-07T03:57:39+00:00\",\"dateModified\":\"2025-09-05T14:06:05+00:00\",\"breadcrumb\":{\"@id\":\"https:\/\/vosgesinfo.fr\/gerardmerinfo\/2025\/09\/stage-la-plume-en-chanson-atelier-ecriture-du-10-au-12-octobre-a-la-mcl\/#breadcrumb\"},\"inLanguage\":\"fr-FR\",\"potentialAction\":[{\"@type\":\"ReadAction\",\"target\":[\"https:\/\/vosgesinfo.fr\/gerardmerinfo\/2025\/09\/stage-la-plume-en-chanson-atelier-ecriture-du-10-au-12-octobre-a-la-mcl\/\"]}]},{\"@type\":\"ImageObject\",\"inLanguage\":\"fr-FR\",\"@id\":\"https:\/\/vosgesinfo.fr\/gerardmerinfo\/2025\/09\/stage-la-plume-en-chanson-atelier-ecriture-du-10-au-12-octobre-a-la-mcl\/#primaryimage\",\"url\":\"https:\/\/vosgesinfo.fr\/app\/uploads\/sites\/6\/2025\/09\/affiche-la-plume-en-chanson-4.jpg\",\"contentUrl\":\"https:\/\/vosgesinfo.fr\/app\/uploads\/sites\/6\/2025\/09\/affiche-la-plume-en-chanson-4.jpg\",\"width\":1655,\"height\":2340},{\"@type\":\"BreadcrumbList\",\"@id\":\"https:\/\/vosgesinfo.fr\/gerardmerinfo\/2025\/09\/stage-la-plume-en-chanson-atelier-ecriture-du-10-au-12-octobre-a-la-mcl\/#breadcrumb\",\"itemListElement\":[{\"@type\":\"ListItem\",\"position\":1,\"name\":\"Home\",\"item\":\"https:\/\/vosgesinfo.fr\/gerardmerinfo\/\"},{\"@type\":\"ListItem\",\"position\":2,\"name\":\"Stage LA PLUME EN CHANSON &#8211; atelier \u00e9criture du 10 au 12 octobre \u00e0 la MCL\"}]},{\"@type\":\"WebSite\",\"@id\":\"https:\/\/vosgesinfo.fr\/gerardmerinfo\/#website\",\"url\":\"https:\/\/vosgesinfo.fr\/gerardmerinfo\/\",\"name\":\"Gerardmer Info\",\"description\":\"Toute l&#039;actualit\u00e9 de G\u00e9rardmer\",\"publisher\":{\"@id\":\"https:\/\/vosgesinfo.fr\/gerardmerinfo\/#organization\"},\"alternateName\":\"Toute l'actualit\u00e9 de G\u00e9rardmer\",\"potentialAction\":[{\"@type\":\"SearchAction\",\"target\":{\"@type\":\"EntryPoint\",\"urlTemplate\":\"https:\/\/vosgesinfo.fr\/gerardmerinfo\/?s={search_term_string}\"},\"query-input\":\"required name=search_term_string\"}],\"inLanguage\":\"fr-FR\"},{\"@type\":\"Organization\",\"@id\":\"https:\/\/vosgesinfo.fr\/gerardmerinfo\/#organization\",\"name\":\"Gerardmer Info\",\"url\":\"https:\/\/vosgesinfo.fr\/gerardmerinfo\/\",\"logo\":{\"@type\":\"ImageObject\",\"inLanguage\":\"fr-FR\",\"@id\":\"https:\/\/vosgesinfo.fr\/gerardmerinfo\/#\/schema\/logo\/image\/\",\"url\":\"https:\/\/vosgesinfo.fr\/app\/uploads\/sites\/6\/2023\/08\/favicon-gerardmerinfo.png\",\"contentUrl\":\"https:\/\/vosgesinfo.fr\/app\/uploads\/sites\/6\/2023\/08\/favicon-gerardmerinfo.png\",\"width\":512,\"height\":512,\"caption\":\"Gerardmer Info\"},\"image\":{\"@id\":\"https:\/\/vosgesinfo.fr\/gerardmerinfo\/#\/schema\/logo\/image\/\"},\"sameAs\":[\"https:\/\/www.facebook.com\/profile.php?id=100049475262660\",\"https:\/\/x.com\/VosgesInfo88\",\"https:\/\/www.youtube.com\/@vosgesinfo\"]},{\"@type\":\"Person\",\"@id\":\"https:\/\/vosgesinfo.fr\/gerardmerinfo\/#\/schema\/person\/27a3695b06db98895b354c0765cdfc31\",\"name\":\"La redaction\",\"image\":{\"@type\":\"ImageObject\",\"inLanguage\":\"fr-FR\",\"@id\":\"https:\/\/vosgesinfo.fr\/gerardmerinfo\/#\/schema\/person\/image\/\",\"url\":\"https:\/\/secure.gravatar.com\/avatar\/64c76a78e501cedee55736f43f332df901e1896ae9cd8fad269ae2236dd0e8b6?s=96&d=mm&r=g\",\"contentUrl\":\"https:\/\/secure.gravatar.com\/avatar\/64c76a78e501cedee55736f43f332df901e1896ae9cd8fad269ae2236dd0e8b6?s=96&d=mm&r=g\",\"caption\":\"La redaction\"},\"url\":\"https:\/\/vosgesinfo.fr\/gerardmerinfo\/author\/la-redaction\/\"}]}<\/script>\n<!-- \/ Yoast SEO plugin. -->","yoast_head_json":{"title":"Stage LA PLUME EN CHANSON - atelier \u00e9criture du 10 au 12 octobre \u00e0 la MCL - Gerardmer Info","robots":{"index":"index","follow":"follow","max-snippet":"max-snippet:-1","max-image-preview":"max-image-preview:large","max-video-preview":"max-video-preview:-1"},"canonical":"https:\/\/vosgesinfo.fr\/gerardmerinfo\/2025\/09\/stage-la-plume-en-chanson-atelier-ecriture-du-10-au-12-octobre-a-la-mcl\/","twitter_card":"summary_large_image","twitter_title":"Stage LA PLUME EN CHANSON - atelier \u00e9criture du 10 au 12 octobre \u00e0 la MCL - Gerardmer Info","twitter_description":"STAGE 3 JOURS LA PLUME EN CHANSON \u00ab Mettez vos mots en musique et donnez-leur une voix \u00bb 10 AU [&hellip;]","twitter_image":"https:\/\/vosgesinfo.fr\/app\/uploads\/sites\/6\/2025\/09\/affiche-la-plume-en-chanson-4.jpg","twitter_creator":"@VosgesInfo88","twitter_site":"@VosgesInfo88","twitter_misc":{"\u00c9crit par":"La redaction","Dur\u00e9e de lecture estim\u00e9e":"2 minutes"},"schema":{"@context":"https:\/\/schema.org","@graph":[{"@type":"Article","@id":"https:\/\/vosgesinfo.fr\/gerardmerinfo\/2025\/09\/stage-la-plume-en-chanson-atelier-ecriture-du-10-au-12-octobre-a-la-mcl\/#article","isPartOf":{"@id":"https:\/\/vosgesinfo.fr\/gerardmerinfo\/2025\/09\/stage-la-plume-en-chanson-atelier-ecriture-du-10-au-12-octobre-a-la-mcl\/"},"author":{"name":"La redaction","@id":"https:\/\/vosgesinfo.fr\/gerardmerinfo\/#\/schema\/person\/27a3695b06db98895b354c0765cdfc31"},"headline":"Stage LA PLUME EN CHANSON &#8211; atelier \u00e9criture du 10 au 12 octobre \u00e0 la MCL","datePublished":"2025-09-07T03:57:39+00:00","dateModified":"2025-09-05T14:06:05+00:00","mainEntityOfPage":{"@id":"https:\/\/vosgesinfo.fr\/gerardmerinfo\/2025\/09\/stage-la-plume-en-chanson-atelier-ecriture-du-10-au-12-octobre-a-la-mcl\/"},"wordCount":201,"commentCount":0,"publisher":{"@id":"https:\/\/vosgesinfo.fr\/gerardmerinfo\/#organization"},"image":{"@id":"https:\/\/vosgesinfo.fr\/gerardmerinfo\/2025\/09\/stage-la-plume-en-chanson-atelier-ecriture-du-10-au-12-octobre-a-la-mcl\/#primaryimage"},"thumbnailUrl":"https:\/\/vosgesinfo.fr\/app\/uploads\/sites\/6\/2025\/09\/affiche-la-plume-en-chanson-4.jpg","keywords":["La plume en chanson","MCL G\u00e9rardmer"],"articleSection":["A la une","G\u00e9rardmer","Gerardmer","Litt\u00e9rature"],"inLanguage":"fr-FR","potentialAction":[{"@type":"CommentAction","name":"Comment","target":["https:\/\/vosgesinfo.fr\/gerardmerinfo\/2025\/09\/stage-la-plume-en-chanson-atelier-ecriture-du-10-au-12-octobre-a-la-mcl\/#respond"]}]},{"@type":"WebPage","@id":"https:\/\/vosgesinfo.fr\/gerardmerinfo\/2025\/09\/stage-la-plume-en-chanson-atelier-ecriture-du-10-au-12-octobre-a-la-mcl\/","url":"https:\/\/vosgesinfo.fr\/gerardmerinfo\/2025\/09\/stage-la-plume-en-chanson-atelier-ecriture-du-10-au-12-octobre-a-la-mcl\/","name":"Stage LA PLUME EN CHANSON - atelier \u00e9criture du 10 au 12 octobre \u00e0 la MCL - Gerardmer Info","isPartOf":{"@id":"https:\/\/vosgesinfo.fr\/gerardmerinfo\/#website"},"primaryImageOfPage":{"@id":"https:\/\/vosgesinfo.fr\/gerardmerinfo\/2025\/09\/stage-la-plume-en-chanson-atelier-ecriture-du-10-au-12-octobre-a-la-mcl\/#primaryimage"},"image":{"@id":"https:\/\/vosgesinfo.fr\/gerardmerinfo\/2025\/09\/stage-la-plume-en-chanson-atelier-ecriture-du-10-au-12-octobre-a-la-mcl\/#primaryimage"},"thumbnailUrl":"https:\/\/vosgesinfo.fr\/app\/uploads\/sites\/6\/2025\/09\/affiche-la-plume-en-chanson-4.jpg","datePublished":"2025-09-07T03:57:39+00:00","dateModified":"2025-09-05T14:06:05+00:00","breadcrumb":{"@id":"https:\/\/vosgesinfo.fr\/gerardmerinfo\/2025\/09\/stage-la-plume-en-chanson-atelier-ecriture-du-10-au-12-octobre-a-la-mcl\/#breadcrumb"},"inLanguage":"fr-FR","potentialAction":[{"@type":"ReadAction","target":["https:\/\/vosgesinfo.fr\/gerardmerinfo\/2025\/09\/stage-la-plume-en-chanson-atelier-ecriture-du-10-au-12-octobre-a-la-mcl\/"]}]},{"@type":"ImageObject","inLanguage":"fr-FR","@id":"https:\/\/vosgesinfo.fr\/gerardmerinfo\/2025\/09\/stage-la-plume-en-chanson-atelier-ecriture-du-10-au-12-octobre-a-la-mcl\/#primaryimage","url":"https:\/\/vosgesinfo.fr\/app\/uploads\/sites\/6\/2025\/09\/affiche-la-plume-en-chanson-4.jpg","contentUrl":"https:\/\/vosgesinfo.fr\/app\/uploads\/sites\/6\/2025\/09\/affiche-la-plume-en-chanson-4.jpg","width":1655,"height":2340},{"@type":"BreadcrumbList","@id":"https:\/\/vosgesinfo.fr\/gerardmerinfo\/2025\/09\/stage-la-plume-en-chanson-atelier-ecriture-du-10-au-12-octobre-a-la-mcl\/#breadcrumb","itemListElement":[{"@type":"ListItem","position":1,"name":"Home","item":"https:\/\/vosgesinfo.fr\/gerardmerinfo\/"},{"@type":"ListItem","position":2,"name":"Stage LA PLUME EN CHANSON &#8211; atelier \u00e9criture du 10 au 12 octobre \u00e0 la MCL"}]},{"@type":"WebSite","@id":"https:\/\/vosgesinfo.fr\/gerardmerinfo\/#website","url":"https:\/\/vosgesinfo.fr\/gerardmerinfo\/","name":"Gerardmer Info","description":"Toute l&#039;actualit\u00e9 de G\u00e9rardmer","publisher":{"@id":"https:\/\/vosgesinfo.fr\/gerardmerinfo\/#organization"},"alternateName":"Toute l'actualit\u00e9 de G\u00e9rardmer","potentialAction":[{"@type":"SearchAction","target":{"@type":"EntryPoint","urlTemplate":"https:\/\/vosgesinfo.fr\/gerardmerinfo\/?s={search_term_string}"},"query-input":"required name=search_term_string"}],"inLanguage":"fr-FR"},{"@type":"Organization","@id":"https:\/\/vosgesinfo.fr\/gerardmerinfo\/#organization","name":"Gerardmer Info","url":"https:\/\/vosgesinfo.fr\/gerardmerinfo\/","logo":{"@type":"ImageObject","inLanguage":"fr-FR","@id":"https:\/\/vosgesinfo.fr\/gerardmerinfo\/#\/schema\/logo\/image\/","url":"https:\/\/vosgesinfo.fr\/app\/uploads\/sites\/6\/2023\/08\/favicon-gerardmerinfo.png","contentUrl":"https:\/\/vosgesinfo.fr\/app\/uploads\/sites\/6\/2023\/08\/favicon-gerardmerinfo.png","width":512,"height":512,"caption":"Gerardmer Info"},"image":{"@id":"https:\/\/vosgesinfo.fr\/gerardmerinfo\/#\/schema\/logo\/image\/"},"sameAs":["https:\/\/www.facebook.com\/profile.php?id=100049475262660","https:\/\/x.com\/VosgesInfo88","https:\/\/www.youtube.com\/@vosgesinfo"]},{"@type":"Person","@id":"https:\/\/vosgesinfo.fr\/gerardmerinfo\/#\/schema\/person\/27a3695b06db98895b354c0765cdfc31","name":"La redaction","image":{"@type":"ImageObject","inLanguage":"fr-FR","@id":"https:\/\/vosgesinfo.fr\/gerardmerinfo\/#\/schema\/person\/image\/","url":"https:\/\/secure.gravatar.com\/avatar\/64c76a78e501cedee55736f43f332df901e1896ae9cd8fad269ae2236dd0e8b6?s=96&d=mm&r=g","contentUrl":"https:\/\/secure.gravatar.com\/avatar\/64c76a78e501cedee55736f43f332df901e1896ae9cd8fad269ae2236dd0e8b6?s=96&d=mm&r=g","caption":"La redaction"},"url":"https:\/\/vosgesinfo.fr\/gerardmerinfo\/author\/la-redaction\/"}]}},"_links":{"self":[{"href":"https:\/\/vosgesinfo.fr\/gerardmerinfo\/wp-json\/wp\/v2\/posts\/82046","targetHints":{"allow":["GET"]}}],"collection":[{"href":"https:\/\/vosgesinfo.fr\/gerardmerinfo\/wp-json\/wp\/v2\/posts"}],"about":[{"href":"https:\/\/vosgesinfo.fr\/gerardmerinfo\/wp-json\/wp\/v2\/types\/post"}],"author":[{"embeddable":true,"href":"https:\/\/vosgesinfo.fr\/gerardmerinfo\/wp-json\/wp\/v2\/users\/391"}],"replies":[{"embeddable":true,"href":"https:\/\/vosgesinfo.fr\/gerardmerinfo\/wp-json\/wp\/v2\/comments?post=82046"}],"version-history":[{"count":3,"href":"https:\/\/vosgesinfo.fr\/gerardmerinfo\/wp-json\/wp\/v2\/posts\/82046\/revisions"}],"predecessor-version":[{"id":82050,"href":"https:\/\/vosgesinfo.fr\/gerardmerinfo\/wp-json\/wp\/v2\/posts\/82046\/revisions\/82050"}],"wp:featuredmedia":[{"embeddable":true,"href":"https:\/\/vosgesinfo.fr\/gerardmerinfo\/wp-json\/wp\/v2\/media\/82047"}],"wp:attachment":[{"href":"https:\/\/vosgesinfo.fr\/gerardmerinfo\/wp-json\/wp\/v2\/media?parent=82046"}],"wp:term":[{"taxonomy":"category","embeddable":true,"href":"https:\/\/vosgesinfo.fr\/gerardmerinfo\/wp-json\/wp\/v2\/categories?post=82046"},{"taxonomy":"post_tag","embeddable":true,"href":"https:\/\/vosgesinfo.fr\/gerardmerinfo\/wp-json\/wp\/v2\/tags?post=82046"}],"curies":[{"name":"wp","href":"https:\/\/api.w.org\/{rel}","templated":true}]}}