{"id":82051,"date":"2025-09-05T20:52:47","date_gmt":"2025-09-05T18:52:47","guid":{"rendered":"https:\/\/vosgesinfo.fr\/gerardmerinfo\/?p=82051"},"modified":"2025-09-05T20:52:47","modified_gmt":"2025-09-05T18:52:47","slug":"la-region-grand-est-experimente-le-service-de-descente-a-la-demande-dans-les-cars-fluo-interurbains-plus-de-securite-plus-de-proximite","status":"publish","type":"post","link":"https:\/\/vosgesinfo.fr\/gerardmerinfo\/2025\/09\/la-region-grand-est-experimente-le-service-de-descente-a-la-demande-dans-les-cars-fluo-interurbains-plus-de-securite-plus-de-proximite\/","title":{"rendered":"La R\u00e9gion Grand Est exp\u00e9rimente le service de descente \u00e0 la demande dans les cars Fluo interurbains : plus de s\u00e9curit\u00e9, plus de proximit\u00e9"},"content":{"rendered":"<div id=\"attachment_84844\" style=\"width: 320px\" class=\"wp-caption aligncenter\"><a href=\"https:\/\/vosgesinfo.fr\/app\/uploads\/sites\/5\/2025\/09\/fluo-grand-est-88.jpg\"><img decoding=\"async\" aria-describedby=\"caption-attachment-84844\" class=\"wp-image-84844 size-full\" src=\"https:\/\/vosgesinfo.fr\/app\/uploads\/sites\/5\/2025\/09\/fluo-grand-est-88.jpg\" alt=\"\" width=\"310\" height=\"162\" \/><\/a><p id=\"caption-attachment-84844\" class=\"wp-caption-text\">\u00a0<\/p><\/div>\n<p>Dans le cadre de sa politique r\u00e9gionale en faveur de la s\u00fbret\u00e9 dans les transports et de sa volont\u00e9 de lutter contre le harc\u00e8lement des femmes dans les transports, la R\u00e9gion en partenariat avec Transdev Grand Est, a lanc\u00e9 le lundi 1er septembre 2025, une exp\u00e9rimentation in\u00e9dite de descente \u00e0 la demande sur les lignes de cars interurbains Fluo \u00e0 destination de Bussang et La Bresse, depuis Remiremont.<br \/>\nCette exp\u00e9rimentation d\u00e9ploy\u00e9e en milieu rural sur des lignes interurbaines vosgiennes vise \u00e0 renforcer le sentiment de s\u00e9curit\u00e9, notamment pour les femmes voyageant seules en soir\u00e9e. Tout passager peut ainsi demander au conducteur \u00e0 descendre entre deux arr\u00eats r\u00e9guliers, sur des points pr\u00e9d\u00e9finis et s\u00e9curis\u00e9s, de 18h \u00e0 22h, tous les jours.1<br \/>\nCes arr\u00eats suppl\u00e9mentaires ont \u00e9t\u00e9 soigneusement s\u00e9lectionn\u00e9s pour garantir les m\u00eames conditions de s\u00e9curit\u00e9 que les arr\u00eats classiques : signalisation visible, am\u00e9nagements adapt\u00e9s et localis\u00e9s sur l\u2019itin\u00e9raire habituel des lignes.<br \/>\nL\u2019exp\u00e9rimentation est lanc\u00e9e pour une dur\u00e9e de 10 mois, soit jusqu\u2019au 3 juillet 2026 :<br \/>\n&#8211; Sur la ligne L002 Remiremont \u2194 Bussang : 11 arr\u00eats suppl\u00e9mentaires s\u00e9curis\u00e9s sur la ligne qui dessert les communes de Remiremont, Rupt-sur-Moselle, Fresse-sur-Moselle, St-Maurice-sur-Moselle et Bussang.<br \/>\n&#8211; Sur la ligne L003 Remiremont \u2194 La Bresse : 8 arr\u00eats suppl\u00e9mentaires s\u00e9curis\u00e9s sur la ligne qui dessert les communes de Remiremont, Dommartin-l\u00e8s-Remiremont, Saint-Am\u00e9, Vagney, Saulxures-sur-Moselotte et La Bresse.<br \/>\nAu global, ce sont 19 arr\u00eats compl\u00e9mentaires qui sont propos\u00e9s sur un total de 42 arr\u00eats sur les 2 lignes.<br \/>\nAfin de garantir la parfaite s\u00e9curit\u00e9 des usagers, ces arr\u00eats correspondent, en milieu urbain, aux am\u00e9nagements existants avec marquage au sol sur voirie et en milieu rural aux arr\u00eats \u00e0 vocation scolaire. Ils sont situ\u00e9s strictement sur l\u2019itin\u00e9raire de la ligne.<br \/>\nS\u00e9curit\u00e9, proximit\u00e9, mobilit\u00e9 : un engagement concret pour tous<br \/>\nCe service de descente \u00e0 la demande poursuit un triple objectif : s\u00e9curiser les d\u00e9placements en soir\u00e9e, lutter contre le sentiment d\u2019ins\u00e9curit\u00e9 en offrant aux usagers ; en particulier aux femmes ; la possibilit\u00e9 de se rapprocher au plus pr\u00e8s de leur domicile et faciliter la mobilit\u00e9 dans les zones peu desservies. Il s\u2019inscrit pleinement dans la strat\u00e9gie s\u00fbret\u00e9 de la R\u00e9gion, en coh\u00e9rence avec ses actions de lutte contre le harc\u00e8lement dans les transports publics et avec les ambitions du Pacte des ruralit\u00e9s, qui vise \u00e0 garantir \u00e0 tous un acc\u00e8s \u00e9quitable aux services essentiels.<br \/>\n\u00c0 l\u2019issue de cette exp\u00e9rimentation, la R\u00e9gion pourra envisager une harmonisation du dispositif \u00e0 l\u2019\u00e9chelle r\u00e9gionale, afin que d\u2019autres territoires b\u00e9n\u00e9ficient \u00e9galement de ce service de proximit\u00e9 rendant ainsi les transports publics plus s\u00fbrs, plus confortables et mieux adapt\u00e9s aux besoins des usagers.<br \/>\nToutes les informations sont \u00e0 retrouver sur le site Fluo : www.fluo.grandest.fr<\/p>\n","protected":false},"excerpt":{"rendered":"<p>Dans le cadre de sa politique r\u00e9gionale en faveur de la s\u00fbret\u00e9 dans les transports et de sa volont\u00e9 de [&hellip;]<\/p>\n","protected":false},"author":391,"featured_media":82052,"comment_status":"open","ping_status":"open","sticky":false,"template":"","format":"standard","meta":{"footnotes":""},"categories":[20,25,868,15],"tags":[],"class_list":["post-82051","post","type-post","status-publish","format-standard","has-post-thumbnail","hentry","category-a-la-une","category-gerardmer","category-remiremont","category-tourisme"],"acf":[],"yoast_head":"<!-- This site is optimized with the Yoast SEO plugin v22.5 - https:\/\/yoast.com\/wordpress\/plugins\/seo\/ -->\n<title>La R\u00e9gion Grand Est exp\u00e9rimente le service de descente \u00e0 la demande dans les cars Fluo interurbains : plus de s\u00e9curit\u00e9, plus de proximit\u00e9 - Gerardmer Info<\/title>\n<meta name=\"robots\" content=\"index, follow, max-snippet:-1, max-image-preview:large, max-video-preview:-1\" \/>\n<link rel=\"canonical\" href=\"https:\/\/vosgesinfo.fr\/gerardmerinfo\/2025\/09\/la-region-grand-est-experimente-le-service-de-descente-a-la-demande-dans-les-cars-fluo-interurbains-plus-de-securite-plus-de-proximite\/\" \/>\n<meta name=\"twitter:card\" content=\"summary_large_image\" \/>\n<meta name=\"twitter:title\" content=\"La R\u00e9gion Grand Est exp\u00e9rimente le service de descente \u00e0 la demande dans les cars Fluo interurbains : plus de s\u00e9curit\u00e9, plus de proximit\u00e9 - Gerardmer Info\" \/>\n<meta name=\"twitter:description\" content=\"Dans le cadre de sa politique r\u00e9gionale en faveur de la s\u00fbret\u00e9 dans les transports et de sa volont\u00e9 de [&hellip;]\" \/>\n<meta name=\"twitter:image\" content=\"https:\/\/vosgesinfo.fr\/app\/uploads\/sites\/6\/2025\/09\/logo-fluo.jpg\" \/>\n<meta name=\"twitter:creator\" content=\"@VosgesInfo88\" \/>\n<meta name=\"twitter:site\" content=\"@VosgesInfo88\" \/>\n<meta name=\"twitter:label1\" content=\"\u00c9crit par\" \/>\n\t<meta name=\"twitter:data1\" content=\"La redaction\" \/>\n\t<meta name=\"twitter:label2\" content=\"Dur\u00e9e de lecture estim\u00e9e\" \/>\n\t<meta name=\"twitter:data2\" content=\"3 minutes\" \/>\n<script type=\"application\/ld+json\" class=\"yoast-schema-graph\">{\"@context\":\"https:\/\/schema.org\",\"@graph\":[{\"@type\":\"Article\",\"@id\":\"https:\/\/vosgesinfo.fr\/gerardmerinfo\/2025\/09\/la-region-grand-est-experimente-le-service-de-descente-a-la-demande-dans-les-cars-fluo-interurbains-plus-de-securite-plus-de-proximite\/#article\",\"isPartOf\":{\"@id\":\"https:\/\/vosgesinfo.fr\/gerardmerinfo\/2025\/09\/la-region-grand-est-experimente-le-service-de-descente-a-la-demande-dans-les-cars-fluo-interurbains-plus-de-securite-plus-de-proximite\/\"},\"author\":{\"name\":\"La redaction\",\"@id\":\"https:\/\/vosgesinfo.fr\/gerardmerinfo\/#\/schema\/person\/27a3695b06db98895b354c0765cdfc31\"},\"headline\":\"La R\u00e9gion Grand Est exp\u00e9rimente le service de descente \u00e0 la demande dans les cars Fluo interurbains : plus de s\u00e9curit\u00e9, plus de proximit\u00e9\",\"datePublished\":\"2025-09-05T18:52:47+00:00\",\"dateModified\":\"2025-09-05T18:52:47+00:00\",\"mainEntityOfPage\":{\"@id\":\"https:\/\/vosgesinfo.fr\/gerardmerinfo\/2025\/09\/la-region-grand-est-experimente-le-service-de-descente-a-la-demande-dans-les-cars-fluo-interurbains-plus-de-securite-plus-de-proximite\/\"},\"wordCount\":525,\"commentCount\":0,\"publisher\":{\"@id\":\"https:\/\/vosgesinfo.fr\/gerardmerinfo\/#organization\"},\"image\":{\"@id\":\"https:\/\/vosgesinfo.fr\/gerardmerinfo\/2025\/09\/la-region-grand-est-experimente-le-service-de-descente-a-la-demande-dans-les-cars-fluo-interurbains-plus-de-securite-plus-de-proximite\/#primaryimage\"},\"thumbnailUrl\":\"https:\/\/vosgesinfo.fr\/app\/uploads\/sites\/6\/2025\/09\/logo-fluo.jpg\",\"articleSection\":[\"A la une\",\"G\u00e9rardmer\",\"Remiremont\",\"Tourisme\"],\"inLanguage\":\"fr-FR\",\"potentialAction\":[{\"@type\":\"CommentAction\",\"name\":\"Comment\",\"target\":[\"https:\/\/vosgesinfo.fr\/gerardmerinfo\/2025\/09\/la-region-grand-est-experimente-le-service-de-descente-a-la-demande-dans-les-cars-fluo-interurbains-plus-de-securite-plus-de-proximite\/#respond\"]}]},{\"@type\":\"WebPage\",\"@id\":\"https:\/\/vosgesinfo.fr\/gerardmerinfo\/2025\/09\/la-region-grand-est-experimente-le-service-de-descente-a-la-demande-dans-les-cars-fluo-interurbains-plus-de-securite-plus-de-proximite\/\",\"url\":\"https:\/\/vosgesinfo.fr\/gerardmerinfo\/2025\/09\/la-region-grand-est-experimente-le-service-de-descente-a-la-demande-dans-les-cars-fluo-interurbains-plus-de-securite-plus-de-proximite\/\",\"name\":\"La R\u00e9gion Grand Est exp\u00e9rimente le service de descente \u00e0 la demande dans les cars Fluo interurbains : plus de s\u00e9curit\u00e9, plus de proximit\u00e9 - Gerardmer Info\",\"isPartOf\":{\"@id\":\"https:\/\/vosgesinfo.fr\/gerardmerinfo\/#website\"},\"primaryImageOfPage\":{\"@id\":\"https:\/\/vosgesinfo.fr\/gerardmerinfo\/2025\/09\/la-region-grand-est-experimente-le-service-de-descente-a-la-demande-dans-les-cars-fluo-interurbains-plus-de-securite-plus-de-proximite\/#primaryimage\"},\"image\":{\"@id\":\"https:\/\/vosgesinfo.fr\/gerardmerinfo\/2025\/09\/la-region-grand-est-experimente-le-service-de-descente-a-la-demande-dans-les-cars-fluo-interurbains-plus-de-securite-plus-de-proximite\/#primaryimage\"},\"thumbnailUrl\":\"https:\/\/vosgesinfo.fr\/app\/uploads\/sites\/6\/2025\/09\/logo-fluo.jpg\",\"datePublished\":\"2025-09-05T18:52:47+00:00\",\"dateModified\":\"2025-09-05T18:52:47+00:00\",\"breadcrumb\":{\"@id\":\"https:\/\/vosgesinfo.fr\/gerardmerinfo\/2025\/09\/la-region-grand-est-experimente-le-service-de-descente-a-la-demande-dans-les-cars-fluo-interurbains-plus-de-securite-plus-de-proximite\/#breadcrumb\"},\"inLanguage\":\"fr-FR\",\"potentialAction\":[{\"@type\":\"ReadAction\",\"target\":[\"https:\/\/vosgesinfo.fr\/gerardmerinfo\/2025\/09\/la-region-grand-est-experimente-le-service-de-descente-a-la-demande-dans-les-cars-fluo-interurbains-plus-de-securite-plus-de-proximite\/\"]}]},{\"@type\":\"ImageObject\",\"inLanguage\":\"fr-FR\",\"@id\":\"https:\/\/vosgesinfo.fr\/gerardmerinfo\/2025\/09\/la-region-grand-est-experimente-le-service-de-descente-a-la-demande-dans-les-cars-fluo-interurbains-plus-de-securite-plus-de-proximite\/#primaryimage\",\"url\":\"https:\/\/vosgesinfo.fr\/app\/uploads\/sites\/6\/2025\/09\/logo-fluo.jpg\",\"contentUrl\":\"https:\/\/vosgesinfo.fr\/app\/uploads\/sites\/6\/2025\/09\/logo-fluo.jpg\",\"width\":900,\"height\":650},{\"@type\":\"BreadcrumbList\",\"@id\":\"https:\/\/vosgesinfo.fr\/gerardmerinfo\/2025\/09\/la-region-grand-est-experimente-le-service-de-descente-a-la-demande-dans-les-cars-fluo-interurbains-plus-de-securite-plus-de-proximite\/#breadcrumb\",\"itemListElement\":[{\"@type\":\"ListItem\",\"position\":1,\"name\":\"Home\",\"item\":\"https:\/\/vosgesinfo.fr\/gerardmerinfo\/\"},{\"@type\":\"ListItem\",\"position\":2,\"name\":\"La R\u00e9gion Grand Est exp\u00e9rimente le service de descente \u00e0 la demande dans les cars Fluo interurbains : plus de s\u00e9curit\u00e9, plus de proximit\u00e9\"}]},{\"@type\":\"WebSite\",\"@id\":\"https:\/\/vosgesinfo.fr\/gerardmerinfo\/#website\",\"url\":\"https:\/\/vosgesinfo.fr\/gerardmerinfo\/\",\"name\":\"Gerardmer Info\",\"description\":\"Toute l&#039;actualit\u00e9 de G\u00e9rardmer\",\"publisher\":{\"@id\":\"https:\/\/vosgesinfo.fr\/gerardmerinfo\/#organization\"},\"alternateName\":\"Toute l'actualit\u00e9 de G\u00e9rardmer\",\"potentialAction\":[{\"@type\":\"SearchAction\",\"target\":{\"@type\":\"EntryPoint\",\"urlTemplate\":\"https:\/\/vosgesinfo.fr\/gerardmerinfo\/?s={search_term_string}\"},\"query-input\":\"required name=search_term_string\"}],\"inLanguage\":\"fr-FR\"},{\"@type\":\"Organization\",\"@id\":\"https:\/\/vosgesinfo.fr\/gerardmerinfo\/#organization\",\"name\":\"Gerardmer Info\",\"url\":\"https:\/\/vosgesinfo.fr\/gerardmerinfo\/\",\"logo\":{\"@type\":\"ImageObject\",\"inLanguage\":\"fr-FR\",\"@id\":\"https:\/\/vosgesinfo.fr\/gerardmerinfo\/#\/schema\/logo\/image\/\",\"url\":\"https:\/\/vosgesinfo.fr\/app\/uploads\/sites\/6\/2023\/08\/favicon-gerardmerinfo.png\",\"contentUrl\":\"https:\/\/vosgesinfo.fr\/app\/uploads\/sites\/6\/2023\/08\/favicon-gerardmerinfo.png\",\"width\":512,\"height\":512,\"caption\":\"Gerardmer Info\"},\"image\":{\"@id\":\"https:\/\/vosgesinfo.fr\/gerardmerinfo\/#\/schema\/logo\/image\/\"},\"sameAs\":[\"https:\/\/www.facebook.com\/profile.php?id=100049475262660\",\"https:\/\/x.com\/VosgesInfo88\",\"https:\/\/www.youtube.com\/@vosgesinfo\"]},{\"@type\":\"Person\",\"@id\":\"https:\/\/vosgesinfo.fr\/gerardmerinfo\/#\/schema\/person\/27a3695b06db98895b354c0765cdfc31\",\"name\":\"La redaction\",\"image\":{\"@type\":\"ImageObject\",\"inLanguage\":\"fr-FR\",\"@id\":\"https:\/\/vosgesinfo.fr\/gerardmerinfo\/#\/schema\/person\/image\/\",\"url\":\"https:\/\/secure.gravatar.com\/avatar\/64c76a78e501cedee55736f43f332df901e1896ae9cd8fad269ae2236dd0e8b6?s=96&d=mm&r=g\",\"contentUrl\":\"https:\/\/secure.gravatar.com\/avatar\/64c76a78e501cedee55736f43f332df901e1896ae9cd8fad269ae2236dd0e8b6?s=96&d=mm&r=g\",\"caption\":\"La redaction\"},\"url\":\"https:\/\/vosgesinfo.fr\/gerardmerinfo\/author\/la-redaction\/\"}]}<\/script>\n<!-- \/ Yoast SEO plugin. -->","yoast_head_json":{"title":"La R\u00e9gion Grand Est exp\u00e9rimente le service de descente \u00e0 la demande dans les cars Fluo interurbains : plus de s\u00e9curit\u00e9, plus de proximit\u00e9 - Gerardmer Info","robots":{"index":"index","follow":"follow","max-snippet":"max-snippet:-1","max-image-preview":"max-image-preview:large","max-video-preview":"max-video-preview:-1"},"canonical":"https:\/\/vosgesinfo.fr\/gerardmerinfo\/2025\/09\/la-region-grand-est-experimente-le-service-de-descente-a-la-demande-dans-les-cars-fluo-interurbains-plus-de-securite-plus-de-proximite\/","twitter_card":"summary_large_image","twitter_title":"La R\u00e9gion Grand Est exp\u00e9rimente le service de descente \u00e0 la demande dans les cars Fluo interurbains : plus de s\u00e9curit\u00e9, plus de proximit\u00e9 - Gerardmer Info","twitter_description":"Dans le cadre de sa politique r\u00e9gionale en faveur de la s\u00fbret\u00e9 dans les transports et de sa volont\u00e9 de [&hellip;]","twitter_image":"https:\/\/vosgesinfo.fr\/app\/uploads\/sites\/6\/2025\/09\/logo-fluo.jpg","twitter_creator":"@VosgesInfo88","twitter_site":"@VosgesInfo88","twitter_misc":{"\u00c9crit par":"La redaction","Dur\u00e9e de lecture estim\u00e9e":"3 minutes"},"schema":{"@context":"https:\/\/schema.org","@graph":[{"@type":"Article","@id":"https:\/\/vosgesinfo.fr\/gerardmerinfo\/2025\/09\/la-region-grand-est-experimente-le-service-de-descente-a-la-demande-dans-les-cars-fluo-interurbains-plus-de-securite-plus-de-proximite\/#article","isPartOf":{"@id":"https:\/\/vosgesinfo.fr\/gerardmerinfo\/2025\/09\/la-region-grand-est-experimente-le-service-de-descente-a-la-demande-dans-les-cars-fluo-interurbains-plus-de-securite-plus-de-proximite\/"},"author":{"name":"La redaction","@id":"https:\/\/vosgesinfo.fr\/gerardmerinfo\/#\/schema\/person\/27a3695b06db98895b354c0765cdfc31"},"headline":"La R\u00e9gion Grand Est exp\u00e9rimente le service de descente \u00e0 la demande dans les cars Fluo interurbains : plus de s\u00e9curit\u00e9, plus de proximit\u00e9","datePublished":"2025-09-05T18:52:47+00:00","dateModified":"2025-09-05T18:52:47+00:00","mainEntityOfPage":{"@id":"https:\/\/vosgesinfo.fr\/gerardmerinfo\/2025\/09\/la-region-grand-est-experimente-le-service-de-descente-a-la-demande-dans-les-cars-fluo-interurbains-plus-de-securite-plus-de-proximite\/"},"wordCount":525,"commentCount":0,"publisher":{"@id":"https:\/\/vosgesinfo.fr\/gerardmerinfo\/#organization"},"image":{"@id":"https:\/\/vosgesinfo.fr\/gerardmerinfo\/2025\/09\/la-region-grand-est-experimente-le-service-de-descente-a-la-demande-dans-les-cars-fluo-interurbains-plus-de-securite-plus-de-proximite\/#primaryimage"},"thumbnailUrl":"https:\/\/vosgesinfo.fr\/app\/uploads\/sites\/6\/2025\/09\/logo-fluo.jpg","articleSection":["A la une","G\u00e9rardmer","Remiremont","Tourisme"],"inLanguage":"fr-FR","potentialAction":[{"@type":"CommentAction","name":"Comment","target":["https:\/\/vosgesinfo.fr\/gerardmerinfo\/2025\/09\/la-region-grand-est-experimente-le-service-de-descente-a-la-demande-dans-les-cars-fluo-interurbains-plus-de-securite-plus-de-proximite\/#respond"]}]},{"@type":"WebPage","@id":"https:\/\/vosgesinfo.fr\/gerardmerinfo\/2025\/09\/la-region-grand-est-experimente-le-service-de-descente-a-la-demande-dans-les-cars-fluo-interurbains-plus-de-securite-plus-de-proximite\/","url":"https:\/\/vosgesinfo.fr\/gerardmerinfo\/2025\/09\/la-region-grand-est-experimente-le-service-de-descente-a-la-demande-dans-les-cars-fluo-interurbains-plus-de-securite-plus-de-proximite\/","name":"La R\u00e9gion Grand Est exp\u00e9rimente le service de descente \u00e0 la demande dans les cars Fluo interurbains : plus de s\u00e9curit\u00e9, plus de proximit\u00e9 - Gerardmer Info","isPartOf":{"@id":"https:\/\/vosgesinfo.fr\/gerardmerinfo\/#website"},"primaryImageOfPage":{"@id":"https:\/\/vosgesinfo.fr\/gerardmerinfo\/2025\/09\/la-region-grand-est-experimente-le-service-de-descente-a-la-demande-dans-les-cars-fluo-interurbains-plus-de-securite-plus-de-proximite\/#primaryimage"},"image":{"@id":"https:\/\/vosgesinfo.fr\/gerardmerinfo\/2025\/09\/la-region-grand-est-experimente-le-service-de-descente-a-la-demande-dans-les-cars-fluo-interurbains-plus-de-securite-plus-de-proximite\/#primaryimage"},"thumbnailUrl":"https:\/\/vosgesinfo.fr\/app\/uploads\/sites\/6\/2025\/09\/logo-fluo.jpg","datePublished":"2025-09-05T18:52:47+00:00","dateModified":"2025-09-05T18:52:47+00:00","breadcrumb":{"@id":"https:\/\/vosgesinfo.fr\/gerardmerinfo\/2025\/09\/la-region-grand-est-experimente-le-service-de-descente-a-la-demande-dans-les-cars-fluo-interurbains-plus-de-securite-plus-de-proximite\/#breadcrumb"},"inLanguage":"fr-FR","potentialAction":[{"@type":"ReadAction","target":["https:\/\/vosgesinfo.fr\/gerardmerinfo\/2025\/09\/la-region-grand-est-experimente-le-service-de-descente-a-la-demande-dans-les-cars-fluo-interurbains-plus-de-securite-plus-de-proximite\/"]}]},{"@type":"ImageObject","inLanguage":"fr-FR","@id":"https:\/\/vosgesinfo.fr\/gerardmerinfo\/2025\/09\/la-region-grand-est-experimente-le-service-de-descente-a-la-demande-dans-les-cars-fluo-interurbains-plus-de-securite-plus-de-proximite\/#primaryimage","url":"https:\/\/vosgesinfo.fr\/app\/uploads\/sites\/6\/2025\/09\/logo-fluo.jpg","contentUrl":"https:\/\/vosgesinfo.fr\/app\/uploads\/sites\/6\/2025\/09\/logo-fluo.jpg","width":900,"height":650},{"@type":"BreadcrumbList","@id":"https:\/\/vosgesinfo.fr\/gerardmerinfo\/2025\/09\/la-region-grand-est-experimente-le-service-de-descente-a-la-demande-dans-les-cars-fluo-interurbains-plus-de-securite-plus-de-proximite\/#breadcrumb","itemListElement":[{"@type":"ListItem","position":1,"name":"Home","item":"https:\/\/vosgesinfo.fr\/gerardmerinfo\/"},{"@type":"ListItem","position":2,"name":"La R\u00e9gion Grand Est exp\u00e9rimente le service de descente \u00e0 la demande dans les cars Fluo interurbains : plus de s\u00e9curit\u00e9, plus de proximit\u00e9"}]},{"@type":"WebSite","@id":"https:\/\/vosgesinfo.fr\/gerardmerinfo\/#website","url":"https:\/\/vosgesinfo.fr\/gerardmerinfo\/","name":"Gerardmer Info","description":"Toute l&#039;actualit\u00e9 de G\u00e9rardmer","publisher":{"@id":"https:\/\/vosgesinfo.fr\/gerardmerinfo\/#organization"},"alternateName":"Toute l'actualit\u00e9 de G\u00e9rardmer","potentialAction":[{"@type":"SearchAction","target":{"@type":"EntryPoint","urlTemplate":"https:\/\/vosgesinfo.fr\/gerardmerinfo\/?s={search_term_string}"},"query-input":"required name=search_term_string"}],"inLanguage":"fr-FR"},{"@type":"Organization","@id":"https:\/\/vosgesinfo.fr\/gerardmerinfo\/#organization","name":"Gerardmer Info","url":"https:\/\/vosgesinfo.fr\/gerardmerinfo\/","logo":{"@type":"ImageObject","inLanguage":"fr-FR","@id":"https:\/\/vosgesinfo.fr\/gerardmerinfo\/#\/schema\/logo\/image\/","url":"https:\/\/vosgesinfo.fr\/app\/uploads\/sites\/6\/2023\/08\/favicon-gerardmerinfo.png","contentUrl":"https:\/\/vosgesinfo.fr\/app\/uploads\/sites\/6\/2023\/08\/favicon-gerardmerinfo.png","width":512,"height":512,"caption":"Gerardmer Info"},"image":{"@id":"https:\/\/vosgesinfo.fr\/gerardmerinfo\/#\/schema\/logo\/image\/"},"sameAs":["https:\/\/www.facebook.com\/profile.php?id=100049475262660","https:\/\/x.com\/VosgesInfo88","https:\/\/www.youtube.com\/@vosgesinfo"]},{"@type":"Person","@id":"https:\/\/vosgesinfo.fr\/gerardmerinfo\/#\/schema\/person\/27a3695b06db98895b354c0765cdfc31","name":"La redaction","image":{"@type":"ImageObject","inLanguage":"fr-FR","@id":"https:\/\/vosgesinfo.fr\/gerardmerinfo\/#\/schema\/person\/image\/","url":"https:\/\/secure.gravatar.com\/avatar\/64c76a78e501cedee55736f43f332df901e1896ae9cd8fad269ae2236dd0e8b6?s=96&d=mm&r=g","contentUrl":"https:\/\/secure.gravatar.com\/avatar\/64c76a78e501cedee55736f43f332df901e1896ae9cd8fad269ae2236dd0e8b6?s=96&d=mm&r=g","caption":"La redaction"},"url":"https:\/\/vosgesinfo.fr\/gerardmerinfo\/author\/la-redaction\/"}]}},"_links":{"self":[{"href":"https:\/\/vosgesinfo.fr\/gerardmerinfo\/wp-json\/wp\/v2\/posts\/82051","targetHints":{"allow":["GET"]}}],"collection":[{"href":"https:\/\/vosgesinfo.fr\/gerardmerinfo\/wp-json\/wp\/v2\/posts"}],"about":[{"href":"https:\/\/vosgesinfo.fr\/gerardmerinfo\/wp-json\/wp\/v2\/types\/post"}],"author":[{"embeddable":true,"href":"https:\/\/vosgesinfo.fr\/gerardmerinfo\/wp-json\/wp\/v2\/users\/391"}],"replies":[{"embeddable":true,"href":"https:\/\/vosgesinfo.fr\/gerardmerinfo\/wp-json\/wp\/v2\/comments?post=82051"}],"version-history":[{"count":0,"href":"https:\/\/vosgesinfo.fr\/gerardmerinfo\/wp-json\/wp\/v2\/posts\/82051\/revisions"}],"wp:featuredmedia":[{"embeddable":true,"href":"https:\/\/vosgesinfo.fr\/gerardmerinfo\/wp-json\/wp\/v2\/media\/82052"}],"wp:attachment":[{"href":"https:\/\/vosgesinfo.fr\/gerardmerinfo\/wp-json\/wp\/v2\/media?parent=82051"}],"wp:term":[{"taxonomy":"category","embeddable":true,"href":"https:\/\/vosgesinfo.fr\/gerardmerinfo\/wp-json\/wp\/v2\/categories?post=82051"},{"taxonomy":"post_tag","embeddable":true,"href":"https:\/\/vosgesinfo.fr\/gerardmerinfo\/wp-json\/wp\/v2\/tags?post=82051"}],"curies":[{"name":"wp","href":"https:\/\/api.w.org\/{rel}","templated":true}]}}