{"id":82075,"date":"2025-09-06T20:15:39","date_gmt":"2025-09-06T18:15:39","guid":{"rendered":"https:\/\/vosgesinfo.fr\/gerardmerinfo\/?p=82075"},"modified":"2025-09-06T20:15:39","modified_gmt":"2025-09-06T18:15:39","slug":"drame-au-portugal-une-vosgienne-parmi-les-victimes-du-deraillement-du-funiculaire-de-lisbonne","status":"publish","type":"post","link":"https:\/\/vosgesinfo.fr\/gerardmerinfo\/2025\/09\/drame-au-portugal-une-vosgienne-parmi-les-victimes-du-deraillement-du-funiculaire-de-lisbonne\/","title":{"rendered":"Drame au Portugal : une Vosgienne parmi les victimes du d\u00e9raillement du funiculaire de Lisbonne"},"content":{"rendered":"<div id=\"attachment_135038\" style=\"width: 730px\" class=\"wp-caption aligncenter\"><a href=\"https:\/\/vosgesinfo.fr\/app\/uploads\/sites\/3\/2025\/09\/94341227-1757069445298309-r.webp\"><img decoding=\"async\" aria-describedby=\"caption-attachment-135038\" class=\"size-full wp-image-135038\" src=\"https:\/\/vosgesinfo.fr\/app\/uploads\/sites\/3\/2025\/09\/94341227-1757069445298309-r.webp\" alt=\"\" width=\"720\" height=\"405\" \/><\/a><p id=\"caption-attachment-135038\" class=\"wp-caption-text\">Blandine Daux et son mari. p^hoto Cagnotte en ligne<\/p><\/div>\n<h2 data-start=\"179\" data-end=\"437\"><strong>Le terrible accident de funiculaire survenu mercredi \u00e0 Lisbonne a co\u00fbt\u00e9 la vie \u00e0 seize passagers. Parmi eux, une Fran\u00e7aise originaire des Vosges, Blandine Daux, qui r\u00e9sidait depuis plusieurs ann\u00e9es au Canada. Son \u00e9poux a \u00e9galement p\u00e9ri dans la catastrophe. Elle se trouvait en vacances avec son conjoint au moment du drame.\u00a0<\/strong><\/h2>\n<p data-start=\"439\" data-end=\"905\">Vendredi 5\u00a0septembre 2025, le Quai d\u2019Orsay a annonc\u00e9 qu\u2019une Fran\u00e7aise faisait partie des victimes mortes dans l\u2019accident de funiculaire survenu \u00e0 Lisbonne mercredi soir. Il s\u2019agit de\u00a0Blandine Daux, qui est d\u00e9c\u00e9d\u00e9e aux c\u00f4t\u00e9s de son compagnon qu\u00e9b\u00e9cois, Andr\u00e9 Bergeron, rapporte le m\u00e9dia canadien <a href=\"https:\/\/www.cbc.ca\/news\/world\/portugal-lisbon-tram-crash-victims-1.7625893\" target=\"_self\" rel=\"noopener\"> <em>CBC News<\/em> <\/a>.<\/p>\n<p data-start=\"439\" data-end=\"905\">Ancienne \u00e9l\u00e8ve au lyc\u00e9e Jules Ferry de Saint-Di\u00e9-des-Vosges puis \u00e9tudiante \u00e0 l\u2019universit\u00e9 de Strasbourg, Blandine Daux s\u2019\u00e9tait install\u00e9e outre-Atlantique au d\u00e9but des ann\u00e9es 2000 pour exercer le m\u00e9tier de restauratrice d\u2019objets patrimoniaux. C\u2019est au Canada qu\u2019elle avait rencontr\u00e9 celui qui allait devenir son mari, lui aussi sp\u00e9cialiste dans ce domaine. Tous deux ont trouv\u00e9 la mort dans le d\u00e9raillement du funiculaire portugais. Le couple laisse derri\u00e8re lui deux filles.<\/p>\n<p data-start=\"907\" data-end=\"1067\">\u00c0 la suite de ce drame, l\u2019une de leurs enfants a ouvert une <a href=\"https:\/\/www.gofundme.com\/f\/ud3myw-in-memory-of-my-parents\">collecte en ligne<\/a> afin de recevoir le soutien de ceux qui souhaitent les aider dans cette \u00e9preuve.<\/p>\n<p data-start=\"1069\" data-end=\"1402\">Outre les 16 morts, une vingtaine de passagers ont \u00e9t\u00e9 bless\u00e9s dans cet accident qui a boulevers\u00e9 le Portugal et provoqu\u00e9 une vague d\u2019\u00e9motion \u00e0 l\u2019international. Le minist\u00e8re fran\u00e7ais des Affaires \u00e9trang\u00e8res a fait part de sa compassion et pr\u00e9sent\u00e9, jeudi 5 septembre, ses \u00ab condol\u00e9ances \u00e0 la famille et aux proches \u00bb de la victime.<\/p>\n<p data-start=\"1069\" data-end=\"1402\"><a href=\"https:\/\/vosgesinfo.fr\/app\/uploads\/sites\/3\/2025\/09\/capture-decran-2025-09-06-200444.jpg\"><img decoding=\"async\" class=\"aligncenter size-full wp-image-135037\" src=\"https:\/\/vosgesinfo.fr\/app\/uploads\/sites\/3\/2025\/09\/capture-decran-2025-09-06-200444.jpg\" alt=\"\" width=\"621\" height=\"515\" \/><\/a><\/p>\n","protected":false},"excerpt":{"rendered":"<p>Le terrible accident de funiculaire survenu mercredi \u00e0 Lisbonne a co\u00fbt\u00e9 la vie \u00e0 seize passagers. Parmi eux, une Fran\u00e7aise [&hellip;]<\/p>\n","protected":false},"author":52,"featured_media":82076,"comment_status":"open","ping_status":"open","sticky":false,"template":"","format":"standard","meta":{"footnotes":""},"categories":[20,878,1445,8,25,328,868,946],"tags":[7774,1392],"class_list":["post-82075","post","type-post","status-publish","format-standard","has-post-thumbnail","hentry","category-a-la-une","category-epinal","category-fait-divers","category-faits-divers","category-gerardmer","category-la-plaine-des-vosges","category-remiremont","category-saint-die","tag-deraillement-du-funiculaire-de-lisbonne","tag-vosges"],"acf":[],"yoast_head":"<!-- This site is optimized with the Yoast SEO plugin v22.5 - https:\/\/yoast.com\/wordpress\/plugins\/seo\/ -->\n<title>Drame au Portugal : une Vosgienne parmi les victimes du d\u00e9raillement du funiculaire de Lisbonne - Gerardmer Info<\/title>\n<meta name=\"robots\" content=\"index, follow, max-snippet:-1, max-image-preview:large, max-video-preview:-1\" \/>\n<link rel=\"canonical\" href=\"https:\/\/vosgesinfo.fr\/gerardmerinfo\/2025\/09\/drame-au-portugal-une-vosgienne-parmi-les-victimes-du-deraillement-du-funiculaire-de-lisbonne\/\" \/>\n<meta name=\"twitter:card\" content=\"summary_large_image\" \/>\n<meta name=\"twitter:title\" content=\"Drame au Portugal : une Vosgienne parmi les victimes du d\u00e9raillement du funiculaire de Lisbonne - Gerardmer Info\" \/>\n<meta name=\"twitter:description\" content=\"Le terrible accident de funiculaire survenu mercredi \u00e0 Lisbonne a co\u00fbt\u00e9 la vie \u00e0 seize passagers. Parmi eux, une Fran\u00e7aise [&hellip;]\" \/>\n<meta name=\"twitter:image\" content=\"https:\/\/vosgesinfo.fr\/app\/uploads\/sites\/6\/2025\/09\/94341227-1757069445298309-r.webp\" \/>\n<meta name=\"twitter:creator\" content=\"@VosgesInfo88\" \/>\n<meta name=\"twitter:site\" content=\"@VosgesInfo88\" \/>\n<meta name=\"twitter:label1\" content=\"\u00c9crit par\" \/>\n\t<meta name=\"twitter:data1\" content=\"C.K.\" \/>\n\t<meta name=\"twitter:label2\" content=\"Dur\u00e9e de lecture estim\u00e9e\" \/>\n\t<meta name=\"twitter:data2\" content=\"1 minute\" \/>\n<script type=\"application\/ld+json\" class=\"yoast-schema-graph\">{\"@context\":\"https:\/\/schema.org\",\"@graph\":[{\"@type\":\"Article\",\"@id\":\"https:\/\/vosgesinfo.fr\/gerardmerinfo\/2025\/09\/drame-au-portugal-une-vosgienne-parmi-les-victimes-du-deraillement-du-funiculaire-de-lisbonne\/#article\",\"isPartOf\":{\"@id\":\"https:\/\/vosgesinfo.fr\/gerardmerinfo\/2025\/09\/drame-au-portugal-une-vosgienne-parmi-les-victimes-du-deraillement-du-funiculaire-de-lisbonne\/\"},\"author\":{\"name\":\"C.K.\",\"@id\":\"https:\/\/vosgesinfo.fr\/gerardmerinfo\/#\/schema\/person\/6f9a650eeea99d969b6c4ab78fccbe81\"},\"headline\":\"Drame au Portugal : une Vosgienne parmi les victimes du d\u00e9raillement du funiculaire de Lisbonne\",\"datePublished\":\"2025-09-06T18:15:39+00:00\",\"dateModified\":\"2025-09-06T18:15:39+00:00\",\"mainEntityOfPage\":{\"@id\":\"https:\/\/vosgesinfo.fr\/gerardmerinfo\/2025\/09\/drame-au-portugal-une-vosgienne-parmi-les-victimes-du-deraillement-du-funiculaire-de-lisbonne\/\"},\"wordCount\":314,\"commentCount\":0,\"publisher\":{\"@id\":\"https:\/\/vosgesinfo.fr\/gerardmerinfo\/#organization\"},\"image\":{\"@id\":\"https:\/\/vosgesinfo.fr\/gerardmerinfo\/2025\/09\/drame-au-portugal-une-vosgienne-parmi-les-victimes-du-deraillement-du-funiculaire-de-lisbonne\/#primaryimage\"},\"thumbnailUrl\":\"https:\/\/vosgesinfo.fr\/app\/uploads\/sites\/6\/2025\/09\/94341227-1757069445298309-r.webp\",\"keywords\":[\"d\u00e9raillement du funiculaire de Lisbonne\",\"vosges\"],\"articleSection\":[\"A la une\",\"Epinal\",\"Fait Divers\",\"Faits-divers\",\"G\u00e9rardmer\",\"La plaine des vosges\",\"Remiremont\",\"Saint-di\u00e9\"],\"inLanguage\":\"fr-FR\",\"potentialAction\":[{\"@type\":\"CommentAction\",\"name\":\"Comment\",\"target\":[\"https:\/\/vosgesinfo.fr\/gerardmerinfo\/2025\/09\/drame-au-portugal-une-vosgienne-parmi-les-victimes-du-deraillement-du-funiculaire-de-lisbonne\/#respond\"]}]},{\"@type\":\"WebPage\",\"@id\":\"https:\/\/vosgesinfo.fr\/gerardmerinfo\/2025\/09\/drame-au-portugal-une-vosgienne-parmi-les-victimes-du-deraillement-du-funiculaire-de-lisbonne\/\",\"url\":\"https:\/\/vosgesinfo.fr\/gerardmerinfo\/2025\/09\/drame-au-portugal-une-vosgienne-parmi-les-victimes-du-deraillement-du-funiculaire-de-lisbonne\/\",\"name\":\"Drame au Portugal : une Vosgienne parmi les victimes du d\u00e9raillement du funiculaire de Lisbonne - Gerardmer Info\",\"isPartOf\":{\"@id\":\"https:\/\/vosgesinfo.fr\/gerardmerinfo\/#website\"},\"primaryImageOfPage\":{\"@id\":\"https:\/\/vosgesinfo.fr\/gerardmerinfo\/2025\/09\/drame-au-portugal-une-vosgienne-parmi-les-victimes-du-deraillement-du-funiculaire-de-lisbonne\/#primaryimage\"},\"image\":{\"@id\":\"https:\/\/vosgesinfo.fr\/gerardmerinfo\/2025\/09\/drame-au-portugal-une-vosgienne-parmi-les-victimes-du-deraillement-du-funiculaire-de-lisbonne\/#primaryimage\"},\"thumbnailUrl\":\"https:\/\/vosgesinfo.fr\/app\/uploads\/sites\/6\/2025\/09\/94341227-1757069445298309-r.webp\",\"datePublished\":\"2025-09-06T18:15:39+00:00\",\"dateModified\":\"2025-09-06T18:15:39+00:00\",\"breadcrumb\":{\"@id\":\"https:\/\/vosgesinfo.fr\/gerardmerinfo\/2025\/09\/drame-au-portugal-une-vosgienne-parmi-les-victimes-du-deraillement-du-funiculaire-de-lisbonne\/#breadcrumb\"},\"inLanguage\":\"fr-FR\",\"potentialAction\":[{\"@type\":\"ReadAction\",\"target\":[\"https:\/\/vosgesinfo.fr\/gerardmerinfo\/2025\/09\/drame-au-portugal-une-vosgienne-parmi-les-victimes-du-deraillement-du-funiculaire-de-lisbonne\/\"]}]},{\"@type\":\"ImageObject\",\"inLanguage\":\"fr-FR\",\"@id\":\"https:\/\/vosgesinfo.fr\/gerardmerinfo\/2025\/09\/drame-au-portugal-une-vosgienne-parmi-les-victimes-du-deraillement-du-funiculaire-de-lisbonne\/#primaryimage\",\"url\":\"https:\/\/vosgesinfo.fr\/app\/uploads\/sites\/6\/2025\/09\/94341227-1757069445298309-r.webp\",\"contentUrl\":\"https:\/\/vosgesinfo.fr\/app\/uploads\/sites\/6\/2025\/09\/94341227-1757069445298309-r.webp\",\"width\":720,\"height\":405},{\"@type\":\"BreadcrumbList\",\"@id\":\"https:\/\/vosgesinfo.fr\/gerardmerinfo\/2025\/09\/drame-au-portugal-une-vosgienne-parmi-les-victimes-du-deraillement-du-funiculaire-de-lisbonne\/#breadcrumb\",\"itemListElement\":[{\"@type\":\"ListItem\",\"position\":1,\"name\":\"Home\",\"item\":\"https:\/\/vosgesinfo.fr\/gerardmerinfo\/\"},{\"@type\":\"ListItem\",\"position\":2,\"name\":\"Drame au Portugal : une Vosgienne parmi les victimes du d\u00e9raillement du funiculaire de Lisbonne\"}]},{\"@type\":\"WebSite\",\"@id\":\"https:\/\/vosgesinfo.fr\/gerardmerinfo\/#website\",\"url\":\"https:\/\/vosgesinfo.fr\/gerardmerinfo\/\",\"name\":\"Gerardmer Info\",\"description\":\"Toute l&#039;actualit\u00e9 de G\u00e9rardmer\",\"publisher\":{\"@id\":\"https:\/\/vosgesinfo.fr\/gerardmerinfo\/#organization\"},\"alternateName\":\"Toute l'actualit\u00e9 de G\u00e9rardmer\",\"potentialAction\":[{\"@type\":\"SearchAction\",\"target\":{\"@type\":\"EntryPoint\",\"urlTemplate\":\"https:\/\/vosgesinfo.fr\/gerardmerinfo\/?s={search_term_string}\"},\"query-input\":\"required name=search_term_string\"}],\"inLanguage\":\"fr-FR\"},{\"@type\":\"Organization\",\"@id\":\"https:\/\/vosgesinfo.fr\/gerardmerinfo\/#organization\",\"name\":\"Gerardmer Info\",\"url\":\"https:\/\/vosgesinfo.fr\/gerardmerinfo\/\",\"logo\":{\"@type\":\"ImageObject\",\"inLanguage\":\"fr-FR\",\"@id\":\"https:\/\/vosgesinfo.fr\/gerardmerinfo\/#\/schema\/logo\/image\/\",\"url\":\"https:\/\/vosgesinfo.fr\/app\/uploads\/sites\/6\/2023\/08\/favicon-gerardmerinfo.png\",\"contentUrl\":\"https:\/\/vosgesinfo.fr\/app\/uploads\/sites\/6\/2023\/08\/favicon-gerardmerinfo.png\",\"width\":512,\"height\":512,\"caption\":\"Gerardmer Info\"},\"image\":{\"@id\":\"https:\/\/vosgesinfo.fr\/gerardmerinfo\/#\/schema\/logo\/image\/\"},\"sameAs\":[\"https:\/\/www.facebook.com\/profile.php?id=100049475262660\",\"https:\/\/x.com\/VosgesInfo88\",\"https:\/\/www.youtube.com\/@vosgesinfo\"]},{\"@type\":\"Person\",\"@id\":\"https:\/\/vosgesinfo.fr\/gerardmerinfo\/#\/schema\/person\/6f9a650eeea99d969b6c4ab78fccbe81\",\"name\":\"C.K.\",\"image\":{\"@type\":\"ImageObject\",\"inLanguage\":\"fr-FR\",\"@id\":\"https:\/\/vosgesinfo.fr\/gerardmerinfo\/#\/schema\/person\/image\/\",\"url\":\"https:\/\/secure.gravatar.com\/avatar\/48e3fc7f8421ba8942be6b74a2b7f014ca39bc00dece156b7a8e098ae7dc87bf?s=96&d=mm&r=g\",\"contentUrl\":\"https:\/\/secure.gravatar.com\/avatar\/48e3fc7f8421ba8942be6b74a2b7f014ca39bc00dece156b7a8e098ae7dc87bf?s=96&d=mm&r=g\",\"caption\":\"C.K.\"},\"url\":\"https:\/\/vosgesinfo.fr\/gerardmerinfo\/author\/celia-k-n\/\"}]}<\/script>\n<!-- \/ Yoast SEO plugin. -->","yoast_head_json":{"title":"Drame au Portugal : une Vosgienne parmi les victimes du d\u00e9raillement du funiculaire de Lisbonne - Gerardmer Info","robots":{"index":"index","follow":"follow","max-snippet":"max-snippet:-1","max-image-preview":"max-image-preview:large","max-video-preview":"max-video-preview:-1"},"canonical":"https:\/\/vosgesinfo.fr\/gerardmerinfo\/2025\/09\/drame-au-portugal-une-vosgienne-parmi-les-victimes-du-deraillement-du-funiculaire-de-lisbonne\/","twitter_card":"summary_large_image","twitter_title":"Drame au Portugal : une Vosgienne parmi les victimes du d\u00e9raillement du funiculaire de Lisbonne - Gerardmer Info","twitter_description":"Le terrible accident de funiculaire survenu mercredi \u00e0 Lisbonne a co\u00fbt\u00e9 la vie \u00e0 seize passagers. Parmi eux, une Fran\u00e7aise [&hellip;]","twitter_image":"https:\/\/vosgesinfo.fr\/app\/uploads\/sites\/6\/2025\/09\/94341227-1757069445298309-r.webp","twitter_creator":"@VosgesInfo88","twitter_site":"@VosgesInfo88","twitter_misc":{"\u00c9crit par":"C.K.","Dur\u00e9e de lecture estim\u00e9e":"1 minute"},"schema":{"@context":"https:\/\/schema.org","@graph":[{"@type":"Article","@id":"https:\/\/vosgesinfo.fr\/gerardmerinfo\/2025\/09\/drame-au-portugal-une-vosgienne-parmi-les-victimes-du-deraillement-du-funiculaire-de-lisbonne\/#article","isPartOf":{"@id":"https:\/\/vosgesinfo.fr\/gerardmerinfo\/2025\/09\/drame-au-portugal-une-vosgienne-parmi-les-victimes-du-deraillement-du-funiculaire-de-lisbonne\/"},"author":{"name":"C.K.","@id":"https:\/\/vosgesinfo.fr\/gerardmerinfo\/#\/schema\/person\/6f9a650eeea99d969b6c4ab78fccbe81"},"headline":"Drame au Portugal : une Vosgienne parmi les victimes du d\u00e9raillement du funiculaire de Lisbonne","datePublished":"2025-09-06T18:15:39+00:00","dateModified":"2025-09-06T18:15:39+00:00","mainEntityOfPage":{"@id":"https:\/\/vosgesinfo.fr\/gerardmerinfo\/2025\/09\/drame-au-portugal-une-vosgienne-parmi-les-victimes-du-deraillement-du-funiculaire-de-lisbonne\/"},"wordCount":314,"commentCount":0,"publisher":{"@id":"https:\/\/vosgesinfo.fr\/gerardmerinfo\/#organization"},"image":{"@id":"https:\/\/vosgesinfo.fr\/gerardmerinfo\/2025\/09\/drame-au-portugal-une-vosgienne-parmi-les-victimes-du-deraillement-du-funiculaire-de-lisbonne\/#primaryimage"},"thumbnailUrl":"https:\/\/vosgesinfo.fr\/app\/uploads\/sites\/6\/2025\/09\/94341227-1757069445298309-r.webp","keywords":["d\u00e9raillement du funiculaire de Lisbonne","vosges"],"articleSection":["A la une","Epinal","Fait Divers","Faits-divers","G\u00e9rardmer","La plaine des vosges","Remiremont","Saint-di\u00e9"],"inLanguage":"fr-FR","potentialAction":[{"@type":"CommentAction","name":"Comment","target":["https:\/\/vosgesinfo.fr\/gerardmerinfo\/2025\/09\/drame-au-portugal-une-vosgienne-parmi-les-victimes-du-deraillement-du-funiculaire-de-lisbonne\/#respond"]}]},{"@type":"WebPage","@id":"https:\/\/vosgesinfo.fr\/gerardmerinfo\/2025\/09\/drame-au-portugal-une-vosgienne-parmi-les-victimes-du-deraillement-du-funiculaire-de-lisbonne\/","url":"https:\/\/vosgesinfo.fr\/gerardmerinfo\/2025\/09\/drame-au-portugal-une-vosgienne-parmi-les-victimes-du-deraillement-du-funiculaire-de-lisbonne\/","name":"Drame au Portugal : une Vosgienne parmi les victimes du d\u00e9raillement du funiculaire de Lisbonne - Gerardmer Info","isPartOf":{"@id":"https:\/\/vosgesinfo.fr\/gerardmerinfo\/#website"},"primaryImageOfPage":{"@id":"https:\/\/vosgesinfo.fr\/gerardmerinfo\/2025\/09\/drame-au-portugal-une-vosgienne-parmi-les-victimes-du-deraillement-du-funiculaire-de-lisbonne\/#primaryimage"},"image":{"@id":"https:\/\/vosgesinfo.fr\/gerardmerinfo\/2025\/09\/drame-au-portugal-une-vosgienne-parmi-les-victimes-du-deraillement-du-funiculaire-de-lisbonne\/#primaryimage"},"thumbnailUrl":"https:\/\/vosgesinfo.fr\/app\/uploads\/sites\/6\/2025\/09\/94341227-1757069445298309-r.webp","datePublished":"2025-09-06T18:15:39+00:00","dateModified":"2025-09-06T18:15:39+00:00","breadcrumb":{"@id":"https:\/\/vosgesinfo.fr\/gerardmerinfo\/2025\/09\/drame-au-portugal-une-vosgienne-parmi-les-victimes-du-deraillement-du-funiculaire-de-lisbonne\/#breadcrumb"},"inLanguage":"fr-FR","potentialAction":[{"@type":"ReadAction","target":["https:\/\/vosgesinfo.fr\/gerardmerinfo\/2025\/09\/drame-au-portugal-une-vosgienne-parmi-les-victimes-du-deraillement-du-funiculaire-de-lisbonne\/"]}]},{"@type":"ImageObject","inLanguage":"fr-FR","@id":"https:\/\/vosgesinfo.fr\/gerardmerinfo\/2025\/09\/drame-au-portugal-une-vosgienne-parmi-les-victimes-du-deraillement-du-funiculaire-de-lisbonne\/#primaryimage","url":"https:\/\/vosgesinfo.fr\/app\/uploads\/sites\/6\/2025\/09\/94341227-1757069445298309-r.webp","contentUrl":"https:\/\/vosgesinfo.fr\/app\/uploads\/sites\/6\/2025\/09\/94341227-1757069445298309-r.webp","width":720,"height":405},{"@type":"BreadcrumbList","@id":"https:\/\/vosgesinfo.fr\/gerardmerinfo\/2025\/09\/drame-au-portugal-une-vosgienne-parmi-les-victimes-du-deraillement-du-funiculaire-de-lisbonne\/#breadcrumb","itemListElement":[{"@type":"ListItem","position":1,"name":"Home","item":"https:\/\/vosgesinfo.fr\/gerardmerinfo\/"},{"@type":"ListItem","position":2,"name":"Drame au Portugal : une Vosgienne parmi les victimes du d\u00e9raillement du funiculaire de Lisbonne"}]},{"@type":"WebSite","@id":"https:\/\/vosgesinfo.fr\/gerardmerinfo\/#website","url":"https:\/\/vosgesinfo.fr\/gerardmerinfo\/","name":"Gerardmer Info","description":"Toute l&#039;actualit\u00e9 de G\u00e9rardmer","publisher":{"@id":"https:\/\/vosgesinfo.fr\/gerardmerinfo\/#organization"},"alternateName":"Toute l'actualit\u00e9 de G\u00e9rardmer","potentialAction":[{"@type":"SearchAction","target":{"@type":"EntryPoint","urlTemplate":"https:\/\/vosgesinfo.fr\/gerardmerinfo\/?s={search_term_string}"},"query-input":"required name=search_term_string"}],"inLanguage":"fr-FR"},{"@type":"Organization","@id":"https:\/\/vosgesinfo.fr\/gerardmerinfo\/#organization","name":"Gerardmer Info","url":"https:\/\/vosgesinfo.fr\/gerardmerinfo\/","logo":{"@type":"ImageObject","inLanguage":"fr-FR","@id":"https:\/\/vosgesinfo.fr\/gerardmerinfo\/#\/schema\/logo\/image\/","url":"https:\/\/vosgesinfo.fr\/app\/uploads\/sites\/6\/2023\/08\/favicon-gerardmerinfo.png","contentUrl":"https:\/\/vosgesinfo.fr\/app\/uploads\/sites\/6\/2023\/08\/favicon-gerardmerinfo.png","width":512,"height":512,"caption":"Gerardmer Info"},"image":{"@id":"https:\/\/vosgesinfo.fr\/gerardmerinfo\/#\/schema\/logo\/image\/"},"sameAs":["https:\/\/www.facebook.com\/profile.php?id=100049475262660","https:\/\/x.com\/VosgesInfo88","https:\/\/www.youtube.com\/@vosgesinfo"]},{"@type":"Person","@id":"https:\/\/vosgesinfo.fr\/gerardmerinfo\/#\/schema\/person\/6f9a650eeea99d969b6c4ab78fccbe81","name":"C.K.","image":{"@type":"ImageObject","inLanguage":"fr-FR","@id":"https:\/\/vosgesinfo.fr\/gerardmerinfo\/#\/schema\/person\/image\/","url":"https:\/\/secure.gravatar.com\/avatar\/48e3fc7f8421ba8942be6b74a2b7f014ca39bc00dece156b7a8e098ae7dc87bf?s=96&d=mm&r=g","contentUrl":"https:\/\/secure.gravatar.com\/avatar\/48e3fc7f8421ba8942be6b74a2b7f014ca39bc00dece156b7a8e098ae7dc87bf?s=96&d=mm&r=g","caption":"C.K."},"url":"https:\/\/vosgesinfo.fr\/gerardmerinfo\/author\/celia-k-n\/"}]}},"_links":{"self":[{"href":"https:\/\/vosgesinfo.fr\/gerardmerinfo\/wp-json\/wp\/v2\/posts\/82075","targetHints":{"allow":["GET"]}}],"collection":[{"href":"https:\/\/vosgesinfo.fr\/gerardmerinfo\/wp-json\/wp\/v2\/posts"}],"about":[{"href":"https:\/\/vosgesinfo.fr\/gerardmerinfo\/wp-json\/wp\/v2\/types\/post"}],"author":[{"embeddable":true,"href":"https:\/\/vosgesinfo.fr\/gerardmerinfo\/wp-json\/wp\/v2\/users\/52"}],"replies":[{"embeddable":true,"href":"https:\/\/vosgesinfo.fr\/gerardmerinfo\/wp-json\/wp\/v2\/comments?post=82075"}],"version-history":[{"count":0,"href":"https:\/\/vosgesinfo.fr\/gerardmerinfo\/wp-json\/wp\/v2\/posts\/82075\/revisions"}],"wp:featuredmedia":[{"embeddable":true,"href":"https:\/\/vosgesinfo.fr\/gerardmerinfo\/wp-json\/wp\/v2\/media\/82076"}],"wp:attachment":[{"href":"https:\/\/vosgesinfo.fr\/gerardmerinfo\/wp-json\/wp\/v2\/media?parent=82075"}],"wp:term":[{"taxonomy":"category","embeddable":true,"href":"https:\/\/vosgesinfo.fr\/gerardmerinfo\/wp-json\/wp\/v2\/categories?post=82075"},{"taxonomy":"post_tag","embeddable":true,"href":"https:\/\/vosgesinfo.fr\/gerardmerinfo\/wp-json\/wp\/v2\/tags?post=82075"}],"curies":[{"name":"wp","href":"https:\/\/api.w.org\/{rel}","templated":true}]}}