{"id":82080,"date":"2025-09-07T15:41:37","date_gmt":"2025-09-07T13:41:37","guid":{"rendered":"https:\/\/vosgesinfo.fr\/gerardmerinfo\/?p=82080"},"modified":"2025-09-08T10:01:26","modified_gmt":"2025-09-08T08:01:26","slug":"videotriathlon-plus-de-soleil-plus-de-public-et-toujours-plus-dambiance","status":"publish","type":"post","link":"https:\/\/vosgesinfo.fr\/gerardmerinfo\/2025\/09\/videotriathlon-plus-de-soleil-plus-de-public-et-toujours-plus-dambiance\/","title":{"rendered":"(vid\u00e9o)Triathlon : plus de soleil, plus de public et toujours plus d&rsquo;ambiance"},"content":{"rendered":"<p><iframe loading=\"lazy\" src=\"\/\/www.youtube.com\/embed\/TkPyKtbnzqY\" width=\"560\" height=\"314\" allowfullscreen=\"allowfullscreen\"><\/iframe><\/p>\n\n\t\t<style type=\"text\/css\">\n\t\t\t#gallery-1 {\n\t\t\t\tmargin: auto;\n\t\t\t}\n\t\t\t#gallery-1 .gallery-item {\n\t\t\t\tfloat: left;\n\t\t\t\tmargin-top: 10px;\n\t\t\t\ttext-align: center;\n\t\t\t\twidth: 50%;\n\t\t\t}\n\t\t\t#gallery-1 img {\n\t\t\t\tborder: 2px solid #cfcfcf;\n\t\t\t}\n\t\t\t#gallery-1 .gallery-caption {\n\t\t\t\tmargin-left: 0;\n\t\t\t}\n\t\t\t\/* see gallery_shortcode() in wp-includes\/media.php *\/\n\t\t<\/style>\n\t\t<div id='gallery-1' class='gallery galleryid-82080 gallery-columns-2 gallery-size-medium'><dl class='gallery-item'>\n\t\t\t<dt class='gallery-icon landscape'>\n\t\t\t\t<a href='https:\/\/vosgesinfo.fr\/app\/uploads\/sites\/6\/2025\/09\/triathlon-d-olympique-gerardmer-2025-5.jpg'><img decoding=\"async\" width=\"300\" height=\"225\" src=\"https:\/\/vosgesinfo.fr\/app\/uploads\/sites\/6\/2025\/09\/triathlon-d-olympique-gerardmer-2025-5-300x225.jpg\" class=\"attachment-medium size-medium\" alt=\"\" srcset=\"https:\/\/vosgesinfo.fr\/app\/uploads\/sites\/6\/2025\/09\/triathlon-d-olympique-gerardmer-2025-5-300x225.jpg 300w, https:\/\/vosgesinfo.fr\/app\/uploads\/sites\/6\/2025\/09\/triathlon-d-olympique-gerardmer-2025-5-1024x768.jpg 1024w, https:\/\/vosgesinfo.fr\/app\/uploads\/sites\/6\/2025\/09\/triathlon-d-olympique-gerardmer-2025-5-768x576.jpg 768w, https:\/\/vosgesinfo.fr\/app\/uploads\/sites\/6\/2025\/09\/triathlon-d-olympique-gerardmer-2025-5-1536x1152.jpg 1536w, https:\/\/vosgesinfo.fr\/app\/uploads\/sites\/6\/2025\/09\/triathlon-d-olympique-gerardmer-2025-5.jpg 2000w\" sizes=\"(max-width: 300px) 100vw, 300px\" \/><\/a>\n\t\t\t<\/dt><\/dl><dl class='gallery-item'>\n\t\t\t<dt class='gallery-icon landscape'>\n\t\t\t\t<a href='https:\/\/vosgesinfo.fr\/app\/uploads\/sites\/6\/2025\/09\/triathlon-d-olympique-gerardmer-2025-4.jpg'><img decoding=\"async\" width=\"300\" height=\"225\" src=\"https:\/\/vosgesinfo.fr\/app\/uploads\/sites\/6\/2025\/09\/triathlon-d-olympique-gerardmer-2025-4-300x225.jpg\" class=\"attachment-medium size-medium\" alt=\"\" srcset=\"https:\/\/vosgesinfo.fr\/app\/uploads\/sites\/6\/2025\/09\/triathlon-d-olympique-gerardmer-2025-4-300x225.jpg 300w, https:\/\/vosgesinfo.fr\/app\/uploads\/sites\/6\/2025\/09\/triathlon-d-olympique-gerardmer-2025-4-1024x768.jpg 1024w, https:\/\/vosgesinfo.fr\/app\/uploads\/sites\/6\/2025\/09\/triathlon-d-olympique-gerardmer-2025-4-768x576.jpg 768w, https:\/\/vosgesinfo.fr\/app\/uploads\/sites\/6\/2025\/09\/triathlon-d-olympique-gerardmer-2025-4-1536x1152.jpg 1536w, https:\/\/vosgesinfo.fr\/app\/uploads\/sites\/6\/2025\/09\/triathlon-d-olympique-gerardmer-2025-4.jpg 2000w\" sizes=\"(max-width: 300px) 100vw, 300px\" \/><\/a>\n\t\t\t<\/dt><\/dl><br style=\"clear: both\" \/><dl class='gallery-item'>\n\t\t\t<dt class='gallery-icon landscape'>\n\t\t\t\t<a href='https:\/\/vosgesinfo.fr\/app\/uploads\/sites\/6\/2025\/09\/triathlon-d-olympique-gerardmer-2025-3.jpg'><img decoding=\"async\" width=\"300\" height=\"225\" src=\"https:\/\/vosgesinfo.fr\/app\/uploads\/sites\/6\/2025\/09\/triathlon-d-olympique-gerardmer-2025-3-300x225.jpg\" class=\"attachment-medium size-medium\" alt=\"\" srcset=\"https:\/\/vosgesinfo.fr\/app\/uploads\/sites\/6\/2025\/09\/triathlon-d-olympique-gerardmer-2025-3-300x225.jpg 300w, https:\/\/vosgesinfo.fr\/app\/uploads\/sites\/6\/2025\/09\/triathlon-d-olympique-gerardmer-2025-3-1024x768.jpg 1024w, https:\/\/vosgesinfo.fr\/app\/uploads\/sites\/6\/2025\/09\/triathlon-d-olympique-gerardmer-2025-3-768x576.jpg 768w, https:\/\/vosgesinfo.fr\/app\/uploads\/sites\/6\/2025\/09\/triathlon-d-olympique-gerardmer-2025-3-1536x1152.jpg 1536w, https:\/\/vosgesinfo.fr\/app\/uploads\/sites\/6\/2025\/09\/triathlon-d-olympique-gerardmer-2025-3.jpg 2040w\" sizes=\"(max-width: 300px) 100vw, 300px\" \/><\/a>\n\t\t\t<\/dt><\/dl><dl class='gallery-item'>\n\t\t\t<dt class='gallery-icon landscape'>\n\t\t\t\t<a href='https:\/\/vosgesinfo.fr\/app\/uploads\/sites\/6\/2025\/09\/triathlon-d-olympique-gerardmer-2025-2.jpg'><img decoding=\"async\" width=\"300\" height=\"225\" src=\"https:\/\/vosgesinfo.fr\/app\/uploads\/sites\/6\/2025\/09\/triathlon-d-olympique-gerardmer-2025-2-300x225.jpg\" class=\"attachment-medium size-medium\" alt=\"\" srcset=\"https:\/\/vosgesinfo.fr\/app\/uploads\/sites\/6\/2025\/09\/triathlon-d-olympique-gerardmer-2025-2-300x225.jpg 300w, https:\/\/vosgesinfo.fr\/app\/uploads\/sites\/6\/2025\/09\/triathlon-d-olympique-gerardmer-2025-2-1024x768.jpg 1024w, https:\/\/vosgesinfo.fr\/app\/uploads\/sites\/6\/2025\/09\/triathlon-d-olympique-gerardmer-2025-2-768x576.jpg 768w, https:\/\/vosgesinfo.fr\/app\/uploads\/sites\/6\/2025\/09\/triathlon-d-olympique-gerardmer-2025-2-1536x1152.jpg 1536w, https:\/\/vosgesinfo.fr\/app\/uploads\/sites\/6\/2025\/09\/triathlon-d-olympique-gerardmer-2025-2.jpg 2040w\" sizes=\"(max-width: 300px) 100vw, 300px\" \/><\/a>\n\t\t\t<\/dt><\/dl><br style=\"clear: both\" \/><dl class='gallery-item'>\n\t\t\t<dt class='gallery-icon landscape'>\n\t\t\t\t<a href='https:\/\/vosgesinfo.fr\/app\/uploads\/sites\/6\/2025\/09\/triathlon-d-olympique-gerardmer-2025-1.jpg'><img decoding=\"async\" width=\"300\" height=\"225\" src=\"https:\/\/vosgesinfo.fr\/app\/uploads\/sites\/6\/2025\/09\/triathlon-d-olympique-gerardmer-2025-1-300x225.jpg\" class=\"attachment-medium size-medium\" alt=\"\" srcset=\"https:\/\/vosgesinfo.fr\/app\/uploads\/sites\/6\/2025\/09\/triathlon-d-olympique-gerardmer-2025-1-300x225.jpg 300w, https:\/\/vosgesinfo.fr\/app\/uploads\/sites\/6\/2025\/09\/triathlon-d-olympique-gerardmer-2025-1-1024x768.jpg 1024w, https:\/\/vosgesinfo.fr\/app\/uploads\/sites\/6\/2025\/09\/triathlon-d-olympique-gerardmer-2025-1-768x576.jpg 768w, https:\/\/vosgesinfo.fr\/app\/uploads\/sites\/6\/2025\/09\/triathlon-d-olympique-gerardmer-2025-1-1536x1152.jpg 1536w, https:\/\/vosgesinfo.fr\/app\/uploads\/sites\/6\/2025\/09\/triathlon-d-olympique-gerardmer-2025-1.jpg 2048w\" sizes=\"(max-width: 300px) 100vw, 300px\" \/><\/a>\n\t\t\t<\/dt><\/dl><dl class='gallery-item'>\n\t\t\t<dt class='gallery-icon landscape'>\n\t\t\t\t<a href='https:\/\/vosgesinfo.fr\/app\/uploads\/sites\/6\/2025\/09\/triathlon-d-olympique-gerardmer-2025-6.jpg'><img decoding=\"async\" width=\"300\" height=\"225\" src=\"https:\/\/vosgesinfo.fr\/app\/uploads\/sites\/6\/2025\/09\/triathlon-d-olympique-gerardmer-2025-6-300x225.jpg\" class=\"attachment-medium size-medium\" alt=\"\" srcset=\"https:\/\/vosgesinfo.fr\/app\/uploads\/sites\/6\/2025\/09\/triathlon-d-olympique-gerardmer-2025-6-300x225.jpg 300w, https:\/\/vosgesinfo.fr\/app\/uploads\/sites\/6\/2025\/09\/triathlon-d-olympique-gerardmer-2025-6-1024x768.jpg 1024w, https:\/\/vosgesinfo.fr\/app\/uploads\/sites\/6\/2025\/09\/triathlon-d-olympique-gerardmer-2025-6-768x576.jpg 768w, https:\/\/vosgesinfo.fr\/app\/uploads\/sites\/6\/2025\/09\/triathlon-d-olympique-gerardmer-2025-6-1536x1152.jpg 1536w, https:\/\/vosgesinfo.fr\/app\/uploads\/sites\/6\/2025\/09\/triathlon-d-olympique-gerardmer-2025-6.jpg 2000w\" sizes=\"(max-width: 300px) 100vw, 300px\" \/><\/a>\n\t\t\t<\/dt><\/dl><br style=\"clear: both\" \/>\n\t\t<\/div>\n\n<p>Le week-end s&rsquo;est achev\u00e9 en beaut\u00e9 pour le Triathlon de G\u00e9rardmer avec un dimanche de folie comptant plusieurs \u00e9preuves au programme dont le Distance Olympique qui a cl\u00f4tur\u00e9 cette magnifique \u00e9dition 2025.<\/p>\n<p><iframe loading=\"lazy\" style=\"border: none; overflow: hidden;\" src=\"https:\/\/www.facebook.com\/plugins\/video.php?height=476&amp;href=https%3A%2F%2Fwww.facebook.com%2Freel%2F1137669441613391%2F&amp;show_text=true&amp;width=268&amp;t=0\" width=\"268\" height=\"591\" frameborder=\"0\" scrolling=\"no\" allowfullscreen=\"allowfullscreen\"><\/iframe><\/p>\n","protected":false},"excerpt":{"rendered":"<p>Le week-end s&rsquo;est achev\u00e9 en beaut\u00e9 pour le Triathlon de G\u00e9rardmer avec un dimanche de folie comptant plusieurs \u00e9preuves au [&hellip;]<\/p>\n","protected":false},"author":42,"featured_media":82086,"comment_status":"open","ping_status":"open","sticky":false,"template":"","format":"standard","meta":{"footnotes":""},"categories":[20,878,5647,328,868,946,14],"tags":[516],"class_list":["post-82080","post","type-post","status-publish","format-standard","has-post-thumbnail","hentry","category-a-la-une","category-epinal","category-gerardmer-autres-sites","category-la-plaine-des-vosges","category-remiremont","category-saint-die","category-sport","tag-triathlon-de-gerardmer-distance-olympique"],"acf":[],"yoast_head":"<!-- This site is optimized with the Yoast SEO plugin v22.5 - https:\/\/yoast.com\/wordpress\/plugins\/seo\/ -->\n<title>(vid\u00e9o)Triathlon : plus de soleil, plus de public et toujours plus d&#039;ambiance - Gerardmer Info<\/title>\n<meta name=\"robots\" content=\"index, follow, max-snippet:-1, max-image-preview:large, max-video-preview:-1\" \/>\n<link rel=\"canonical\" href=\"https:\/\/vosgesinfo.fr\/gerardmerinfo\/2025\/09\/videotriathlon-plus-de-soleil-plus-de-public-et-toujours-plus-dambiance\/\" \/>\n<meta name=\"twitter:card\" content=\"summary_large_image\" \/>\n<meta name=\"twitter:title\" content=\"(vid\u00e9o)Triathlon : plus de soleil, plus de public et toujours plus d&#039;ambiance - Gerardmer Info\" \/>\n<meta name=\"twitter:description\" content=\"Le week-end s&rsquo;est achev\u00e9 en beaut\u00e9 pour le Triathlon de G\u00e9rardmer avec un dimanche de folie comptant plusieurs \u00e9preuves au [&hellip;]\" \/>\n<meta name=\"twitter:image\" content=\"https:\/\/vosgesinfo.fr\/app\/uploads\/sites\/6\/2025\/09\/triathlon-d-olympique-gerardmer-2025-4.jpg\" \/>\n<meta name=\"twitter:creator\" content=\"@VosgesInfo88\" \/>\n<meta name=\"twitter:site\" content=\"@VosgesInfo88\" \/>\n<meta name=\"twitter:label1\" content=\"\u00c9crit par\" \/>\n\t<meta name=\"twitter:data1\" content=\"QG\" \/>\n\t<meta name=\"twitter:label2\" content=\"Dur\u00e9e de lecture estim\u00e9e\" \/>\n\t<meta name=\"twitter:data2\" content=\"1 minute\" \/>\n<script type=\"application\/ld+json\" class=\"yoast-schema-graph\">{\"@context\":\"https:\/\/schema.org\",\"@graph\":[{\"@type\":\"Article\",\"@id\":\"https:\/\/vosgesinfo.fr\/gerardmerinfo\/2025\/09\/videotriathlon-plus-de-soleil-plus-de-public-et-toujours-plus-dambiance\/#article\",\"isPartOf\":{\"@id\":\"https:\/\/vosgesinfo.fr\/gerardmerinfo\/2025\/09\/videotriathlon-plus-de-soleil-plus-de-public-et-toujours-plus-dambiance\/\"},\"author\":{\"name\":\"QG\",\"@id\":\"https:\/\/vosgesinfo.fr\/gerardmerinfo\/#\/schema\/person\/db5605779a843dad16b5368f3e7613a5\"},\"headline\":\"(vid\u00e9o)Triathlon : plus de soleil, plus de public et toujours plus d&rsquo;ambiance\",\"datePublished\":\"2025-09-07T13:41:37+00:00\",\"dateModified\":\"2025-09-08T08:01:26+00:00\",\"mainEntityOfPage\":{\"@id\":\"https:\/\/vosgesinfo.fr\/gerardmerinfo\/2025\/09\/videotriathlon-plus-de-soleil-plus-de-public-et-toujours-plus-dambiance\/\"},\"wordCount\":55,\"commentCount\":0,\"publisher\":{\"@id\":\"https:\/\/vosgesinfo.fr\/gerardmerinfo\/#organization\"},\"image\":{\"@id\":\"https:\/\/vosgesinfo.fr\/gerardmerinfo\/2025\/09\/videotriathlon-plus-de-soleil-plus-de-public-et-toujours-plus-dambiance\/#primaryimage\"},\"thumbnailUrl\":\"https:\/\/vosgesinfo.fr\/app\/uploads\/sites\/6\/2025\/09\/triathlon-d-olympique-gerardmer-2025-4.jpg\",\"keywords\":[\"triathlon de G\u00e9rardmer distance olympique\"],\"articleSection\":[\"A la une\",\"Epinal\",\"Gerardmer\",\"La plaine des vosges\",\"Remiremont\",\"Saint-di\u00e9\",\"Sport\"],\"inLanguage\":\"fr-FR\",\"potentialAction\":[{\"@type\":\"CommentAction\",\"name\":\"Comment\",\"target\":[\"https:\/\/vosgesinfo.fr\/gerardmerinfo\/2025\/09\/videotriathlon-plus-de-soleil-plus-de-public-et-toujours-plus-dambiance\/#respond\"]}]},{\"@type\":\"WebPage\",\"@id\":\"https:\/\/vosgesinfo.fr\/gerardmerinfo\/2025\/09\/videotriathlon-plus-de-soleil-plus-de-public-et-toujours-plus-dambiance\/\",\"url\":\"https:\/\/vosgesinfo.fr\/gerardmerinfo\/2025\/09\/videotriathlon-plus-de-soleil-plus-de-public-et-toujours-plus-dambiance\/\",\"name\":\"(vid\u00e9o)Triathlon : plus de soleil, plus de public et toujours plus d'ambiance - Gerardmer Info\",\"isPartOf\":{\"@id\":\"https:\/\/vosgesinfo.fr\/gerardmerinfo\/#website\"},\"primaryImageOfPage\":{\"@id\":\"https:\/\/vosgesinfo.fr\/gerardmerinfo\/2025\/09\/videotriathlon-plus-de-soleil-plus-de-public-et-toujours-plus-dambiance\/#primaryimage\"},\"image\":{\"@id\":\"https:\/\/vosgesinfo.fr\/gerardmerinfo\/2025\/09\/videotriathlon-plus-de-soleil-plus-de-public-et-toujours-plus-dambiance\/#primaryimage\"},\"thumbnailUrl\":\"https:\/\/vosgesinfo.fr\/app\/uploads\/sites\/6\/2025\/09\/triathlon-d-olympique-gerardmer-2025-4.jpg\",\"datePublished\":\"2025-09-07T13:41:37+00:00\",\"dateModified\":\"2025-09-08T08:01:26+00:00\",\"breadcrumb\":{\"@id\":\"https:\/\/vosgesinfo.fr\/gerardmerinfo\/2025\/09\/videotriathlon-plus-de-soleil-plus-de-public-et-toujours-plus-dambiance\/#breadcrumb\"},\"inLanguage\":\"fr-FR\",\"potentialAction\":[{\"@type\":\"ReadAction\",\"target\":[\"https:\/\/vosgesinfo.fr\/gerardmerinfo\/2025\/09\/videotriathlon-plus-de-soleil-plus-de-public-et-toujours-plus-dambiance\/\"]}]},{\"@type\":\"ImageObject\",\"inLanguage\":\"fr-FR\",\"@id\":\"https:\/\/vosgesinfo.fr\/gerardmerinfo\/2025\/09\/videotriathlon-plus-de-soleil-plus-de-public-et-toujours-plus-dambiance\/#primaryimage\",\"url\":\"https:\/\/vosgesinfo.fr\/app\/uploads\/sites\/6\/2025\/09\/triathlon-d-olympique-gerardmer-2025-4.jpg\",\"contentUrl\":\"https:\/\/vosgesinfo.fr\/app\/uploads\/sites\/6\/2025\/09\/triathlon-d-olympique-gerardmer-2025-4.jpg\",\"width\":2000,\"height\":1500},{\"@type\":\"BreadcrumbList\",\"@id\":\"https:\/\/vosgesinfo.fr\/gerardmerinfo\/2025\/09\/videotriathlon-plus-de-soleil-plus-de-public-et-toujours-plus-dambiance\/#breadcrumb\",\"itemListElement\":[{\"@type\":\"ListItem\",\"position\":1,\"name\":\"Home\",\"item\":\"https:\/\/vosgesinfo.fr\/gerardmerinfo\/\"},{\"@type\":\"ListItem\",\"position\":2,\"name\":\"(vid\u00e9o)Triathlon : plus de soleil, plus de public et toujours plus d&#8217;ambiance\"}]},{\"@type\":\"WebSite\",\"@id\":\"https:\/\/vosgesinfo.fr\/gerardmerinfo\/#website\",\"url\":\"https:\/\/vosgesinfo.fr\/gerardmerinfo\/\",\"name\":\"Gerardmer Info\",\"description\":\"Toute l&#039;actualit\u00e9 de G\u00e9rardmer\",\"publisher\":{\"@id\":\"https:\/\/vosgesinfo.fr\/gerardmerinfo\/#organization\"},\"alternateName\":\"Toute l'actualit\u00e9 de G\u00e9rardmer\",\"potentialAction\":[{\"@type\":\"SearchAction\",\"target\":{\"@type\":\"EntryPoint\",\"urlTemplate\":\"https:\/\/vosgesinfo.fr\/gerardmerinfo\/?s={search_term_string}\"},\"query-input\":\"required name=search_term_string\"}],\"inLanguage\":\"fr-FR\"},{\"@type\":\"Organization\",\"@id\":\"https:\/\/vosgesinfo.fr\/gerardmerinfo\/#organization\",\"name\":\"Gerardmer Info\",\"url\":\"https:\/\/vosgesinfo.fr\/gerardmerinfo\/\",\"logo\":{\"@type\":\"ImageObject\",\"inLanguage\":\"fr-FR\",\"@id\":\"https:\/\/vosgesinfo.fr\/gerardmerinfo\/#\/schema\/logo\/image\/\",\"url\":\"https:\/\/vosgesinfo.fr\/app\/uploads\/sites\/6\/2023\/08\/favicon-gerardmerinfo.png\",\"contentUrl\":\"https:\/\/vosgesinfo.fr\/app\/uploads\/sites\/6\/2023\/08\/favicon-gerardmerinfo.png\",\"width\":512,\"height\":512,\"caption\":\"Gerardmer Info\"},\"image\":{\"@id\":\"https:\/\/vosgesinfo.fr\/gerardmerinfo\/#\/schema\/logo\/image\/\"},\"sameAs\":[\"https:\/\/www.facebook.com\/profile.php?id=100049475262660\",\"https:\/\/x.com\/VosgesInfo88\",\"https:\/\/www.youtube.com\/@vosgesinfo\"]},{\"@type\":\"Person\",\"@id\":\"https:\/\/vosgesinfo.fr\/gerardmerinfo\/#\/schema\/person\/db5605779a843dad16b5368f3e7613a5\",\"name\":\"QG\",\"image\":{\"@type\":\"ImageObject\",\"inLanguage\":\"fr-FR\",\"@id\":\"https:\/\/vosgesinfo.fr\/gerardmerinfo\/#\/schema\/person\/image\/\",\"url\":\"https:\/\/secure.gravatar.com\/avatar\/ea80c42c204b534408512832fde52504ecabb9706bcb6151cf6175e5b64e6793?s=96&d=mm&r=g\",\"contentUrl\":\"https:\/\/secure.gravatar.com\/avatar\/ea80c42c204b534408512832fde52504ecabb9706bcb6151cf6175e5b64e6793?s=96&d=mm&r=g\",\"caption\":\"QG\"},\"url\":\"https:\/\/vosgesinfo.fr\/gerardmerinfo\/author\/quentin88\/\"}]}<\/script>\n<!-- \/ Yoast SEO plugin. -->","yoast_head_json":{"title":"(vid\u00e9o)Triathlon : plus de soleil, plus de public et toujours plus d'ambiance - Gerardmer Info","robots":{"index":"index","follow":"follow","max-snippet":"max-snippet:-1","max-image-preview":"max-image-preview:large","max-video-preview":"max-video-preview:-1"},"canonical":"https:\/\/vosgesinfo.fr\/gerardmerinfo\/2025\/09\/videotriathlon-plus-de-soleil-plus-de-public-et-toujours-plus-dambiance\/","twitter_card":"summary_large_image","twitter_title":"(vid\u00e9o)Triathlon : plus de soleil, plus de public et toujours plus d'ambiance - Gerardmer Info","twitter_description":"Le week-end s&rsquo;est achev\u00e9 en beaut\u00e9 pour le Triathlon de G\u00e9rardmer avec un dimanche de folie comptant plusieurs \u00e9preuves au [&hellip;]","twitter_image":"https:\/\/vosgesinfo.fr\/app\/uploads\/sites\/6\/2025\/09\/triathlon-d-olympique-gerardmer-2025-4.jpg","twitter_creator":"@VosgesInfo88","twitter_site":"@VosgesInfo88","twitter_misc":{"\u00c9crit par":"QG","Dur\u00e9e de lecture estim\u00e9e":"1 minute"},"schema":{"@context":"https:\/\/schema.org","@graph":[{"@type":"Article","@id":"https:\/\/vosgesinfo.fr\/gerardmerinfo\/2025\/09\/videotriathlon-plus-de-soleil-plus-de-public-et-toujours-plus-dambiance\/#article","isPartOf":{"@id":"https:\/\/vosgesinfo.fr\/gerardmerinfo\/2025\/09\/videotriathlon-plus-de-soleil-plus-de-public-et-toujours-plus-dambiance\/"},"author":{"name":"QG","@id":"https:\/\/vosgesinfo.fr\/gerardmerinfo\/#\/schema\/person\/db5605779a843dad16b5368f3e7613a5"},"headline":"(vid\u00e9o)Triathlon : plus de soleil, plus de public et toujours plus d&rsquo;ambiance","datePublished":"2025-09-07T13:41:37+00:00","dateModified":"2025-09-08T08:01:26+00:00","mainEntityOfPage":{"@id":"https:\/\/vosgesinfo.fr\/gerardmerinfo\/2025\/09\/videotriathlon-plus-de-soleil-plus-de-public-et-toujours-plus-dambiance\/"},"wordCount":55,"commentCount":0,"publisher":{"@id":"https:\/\/vosgesinfo.fr\/gerardmerinfo\/#organization"},"image":{"@id":"https:\/\/vosgesinfo.fr\/gerardmerinfo\/2025\/09\/videotriathlon-plus-de-soleil-plus-de-public-et-toujours-plus-dambiance\/#primaryimage"},"thumbnailUrl":"https:\/\/vosgesinfo.fr\/app\/uploads\/sites\/6\/2025\/09\/triathlon-d-olympique-gerardmer-2025-4.jpg","keywords":["triathlon de G\u00e9rardmer distance olympique"],"articleSection":["A la une","Epinal","Gerardmer","La plaine des vosges","Remiremont","Saint-di\u00e9","Sport"],"inLanguage":"fr-FR","potentialAction":[{"@type":"CommentAction","name":"Comment","target":["https:\/\/vosgesinfo.fr\/gerardmerinfo\/2025\/09\/videotriathlon-plus-de-soleil-plus-de-public-et-toujours-plus-dambiance\/#respond"]}]},{"@type":"WebPage","@id":"https:\/\/vosgesinfo.fr\/gerardmerinfo\/2025\/09\/videotriathlon-plus-de-soleil-plus-de-public-et-toujours-plus-dambiance\/","url":"https:\/\/vosgesinfo.fr\/gerardmerinfo\/2025\/09\/videotriathlon-plus-de-soleil-plus-de-public-et-toujours-plus-dambiance\/","name":"(vid\u00e9o)Triathlon : plus de soleil, plus de public et toujours plus d'ambiance - Gerardmer Info","isPartOf":{"@id":"https:\/\/vosgesinfo.fr\/gerardmerinfo\/#website"},"primaryImageOfPage":{"@id":"https:\/\/vosgesinfo.fr\/gerardmerinfo\/2025\/09\/videotriathlon-plus-de-soleil-plus-de-public-et-toujours-plus-dambiance\/#primaryimage"},"image":{"@id":"https:\/\/vosgesinfo.fr\/gerardmerinfo\/2025\/09\/videotriathlon-plus-de-soleil-plus-de-public-et-toujours-plus-dambiance\/#primaryimage"},"thumbnailUrl":"https:\/\/vosgesinfo.fr\/app\/uploads\/sites\/6\/2025\/09\/triathlon-d-olympique-gerardmer-2025-4.jpg","datePublished":"2025-09-07T13:41:37+00:00","dateModified":"2025-09-08T08:01:26+00:00","breadcrumb":{"@id":"https:\/\/vosgesinfo.fr\/gerardmerinfo\/2025\/09\/videotriathlon-plus-de-soleil-plus-de-public-et-toujours-plus-dambiance\/#breadcrumb"},"inLanguage":"fr-FR","potentialAction":[{"@type":"ReadAction","target":["https:\/\/vosgesinfo.fr\/gerardmerinfo\/2025\/09\/videotriathlon-plus-de-soleil-plus-de-public-et-toujours-plus-dambiance\/"]}]},{"@type":"ImageObject","inLanguage":"fr-FR","@id":"https:\/\/vosgesinfo.fr\/gerardmerinfo\/2025\/09\/videotriathlon-plus-de-soleil-plus-de-public-et-toujours-plus-dambiance\/#primaryimage","url":"https:\/\/vosgesinfo.fr\/app\/uploads\/sites\/6\/2025\/09\/triathlon-d-olympique-gerardmer-2025-4.jpg","contentUrl":"https:\/\/vosgesinfo.fr\/app\/uploads\/sites\/6\/2025\/09\/triathlon-d-olympique-gerardmer-2025-4.jpg","width":2000,"height":1500},{"@type":"BreadcrumbList","@id":"https:\/\/vosgesinfo.fr\/gerardmerinfo\/2025\/09\/videotriathlon-plus-de-soleil-plus-de-public-et-toujours-plus-dambiance\/#breadcrumb","itemListElement":[{"@type":"ListItem","position":1,"name":"Home","item":"https:\/\/vosgesinfo.fr\/gerardmerinfo\/"},{"@type":"ListItem","position":2,"name":"(vid\u00e9o)Triathlon : plus de soleil, plus de public et toujours plus d&#8217;ambiance"}]},{"@type":"WebSite","@id":"https:\/\/vosgesinfo.fr\/gerardmerinfo\/#website","url":"https:\/\/vosgesinfo.fr\/gerardmerinfo\/","name":"Gerardmer Info","description":"Toute l&#039;actualit\u00e9 de G\u00e9rardmer","publisher":{"@id":"https:\/\/vosgesinfo.fr\/gerardmerinfo\/#organization"},"alternateName":"Toute l'actualit\u00e9 de G\u00e9rardmer","potentialAction":[{"@type":"SearchAction","target":{"@type":"EntryPoint","urlTemplate":"https:\/\/vosgesinfo.fr\/gerardmerinfo\/?s={search_term_string}"},"query-input":"required name=search_term_string"}],"inLanguage":"fr-FR"},{"@type":"Organization","@id":"https:\/\/vosgesinfo.fr\/gerardmerinfo\/#organization","name":"Gerardmer Info","url":"https:\/\/vosgesinfo.fr\/gerardmerinfo\/","logo":{"@type":"ImageObject","inLanguage":"fr-FR","@id":"https:\/\/vosgesinfo.fr\/gerardmerinfo\/#\/schema\/logo\/image\/","url":"https:\/\/vosgesinfo.fr\/app\/uploads\/sites\/6\/2023\/08\/favicon-gerardmerinfo.png","contentUrl":"https:\/\/vosgesinfo.fr\/app\/uploads\/sites\/6\/2023\/08\/favicon-gerardmerinfo.png","width":512,"height":512,"caption":"Gerardmer Info"},"image":{"@id":"https:\/\/vosgesinfo.fr\/gerardmerinfo\/#\/schema\/logo\/image\/"},"sameAs":["https:\/\/www.facebook.com\/profile.php?id=100049475262660","https:\/\/x.com\/VosgesInfo88","https:\/\/www.youtube.com\/@vosgesinfo"]},{"@type":"Person","@id":"https:\/\/vosgesinfo.fr\/gerardmerinfo\/#\/schema\/person\/db5605779a843dad16b5368f3e7613a5","name":"QG","image":{"@type":"ImageObject","inLanguage":"fr-FR","@id":"https:\/\/vosgesinfo.fr\/gerardmerinfo\/#\/schema\/person\/image\/","url":"https:\/\/secure.gravatar.com\/avatar\/ea80c42c204b534408512832fde52504ecabb9706bcb6151cf6175e5b64e6793?s=96&d=mm&r=g","contentUrl":"https:\/\/secure.gravatar.com\/avatar\/ea80c42c204b534408512832fde52504ecabb9706bcb6151cf6175e5b64e6793?s=96&d=mm&r=g","caption":"QG"},"url":"https:\/\/vosgesinfo.fr\/gerardmerinfo\/author\/quentin88\/"}]}},"_links":{"self":[{"href":"https:\/\/vosgesinfo.fr\/gerardmerinfo\/wp-json\/wp\/v2\/posts\/82080","targetHints":{"allow":["GET"]}}],"collection":[{"href":"https:\/\/vosgesinfo.fr\/gerardmerinfo\/wp-json\/wp\/v2\/posts"}],"about":[{"href":"https:\/\/vosgesinfo.fr\/gerardmerinfo\/wp-json\/wp\/v2\/types\/post"}],"author":[{"embeddable":true,"href":"https:\/\/vosgesinfo.fr\/gerardmerinfo\/wp-json\/wp\/v2\/users\/42"}],"replies":[{"embeddable":true,"href":"https:\/\/vosgesinfo.fr\/gerardmerinfo\/wp-json\/wp\/v2\/comments?post=82080"}],"version-history":[{"count":3,"href":"https:\/\/vosgesinfo.fr\/gerardmerinfo\/wp-json\/wp\/v2\/posts\/82080\/revisions"}],"predecessor-version":[{"id":82089,"href":"https:\/\/vosgesinfo.fr\/gerardmerinfo\/wp-json\/wp\/v2\/posts\/82080\/revisions\/82089"}],"wp:featuredmedia":[{"embeddable":true,"href":"https:\/\/vosgesinfo.fr\/gerardmerinfo\/wp-json\/wp\/v2\/media\/82086"}],"wp:attachment":[{"href":"https:\/\/vosgesinfo.fr\/gerardmerinfo\/wp-json\/wp\/v2\/media?parent=82080"}],"wp:term":[{"taxonomy":"category","embeddable":true,"href":"https:\/\/vosgesinfo.fr\/gerardmerinfo\/wp-json\/wp\/v2\/categories?post=82080"},{"taxonomy":"post_tag","embeddable":true,"href":"https:\/\/vosgesinfo.fr\/gerardmerinfo\/wp-json\/wp\/v2\/tags?post=82080"}],"curies":[{"name":"wp","href":"https:\/\/api.w.org\/{rel}","templated":true}]}}