{"id":82146,"date":"2025-09-09T10:54:35","date_gmt":"2025-09-09T08:54:35","guid":{"rendered":"https:\/\/vosgesinfo.fr\/gerardmerinfo\/2025\/09\/prochaine-ouverture-du-theatre-de-verdure-sortie-de-residence-compagnie-petra-ichor-belgique\/"},"modified":"2025-09-09T10:54:35","modified_gmt":"2025-09-09T08:54:35","slug":"prochaine-ouverture-du-theatre-de-verdure-sortie-de-residence-compagnie-petra-ichor-belgique","status":"publish","type":"post","link":"https:\/\/vosgesinfo.fr\/gerardmerinfo\/2025\/09\/prochaine-ouverture-du-theatre-de-verdure-sortie-de-residence-compagnie-petra-ichor-belgique\/","title":{"rendered":"Prochaine ouverture du Th\u00e9\u00e2tre de Verdure &#8211; Sortie de R\u00e9sidence &#8211; Compagnie Petra Ichor (Belgique)"},"content":{"rendered":"<div id=\"attachment_84943\" style=\"width: 1034px\" class=\"wp-caption aligncenter\"><a href=\"https:\/\/vosgesinfo.fr\/app\/uploads\/sites\/5\/2025\/09\/christophe-raynaud-de-lage1-scaled.jpg\"><img decoding=\"async\" aria-describedby=\"caption-attachment-84943\" class=\"size-large wp-image-84943\" src=\"https:\/\/vosgesinfo.fr\/app\/uploads\/sites\/5\/2025\/09\/christophe-raynaud-de-lage1-1024x683.jpg\" alt=\"\" width=\"1024\" height=\"683\" \/><\/a><p id=\"caption-attachment-84943\" class=\"wp-caption-text\">Christophe Raynaud de Lage(1)<\/p><\/div>\n<p>&nbsp;<\/p>\n<p style=\"text-align: center;\"><strong>Des amours chiennes aux amour-lichen,<\/strong><\/p>\n<p style=\"text-align: center;\"><strong>Projet \u00e9crit et port\u00e9 par Oriane Lautel (Belgique)<\/strong><\/p>\n<p style=\"text-align: center;\"><strong>Compagnie Petra Ichor<\/strong><\/p>\n<p style=\"text-align: center;\">\u00c9tape de r\u00e9sidence sous forme de banquet perform\u00e9<\/p>\n<p>Au TH\u00c9\u00c2TRE DE VERDURE, rue des angles 88120 VAGNEY &#8211; France<\/p>\n<p>LE VENDREDI 19 SEPTEMBRE 2025<\/p>\n<p>\u00c0 19 h 00<\/p>\n<p><strong>Conseill\u00e9 \u00e0 partir de 14 ans<\/strong><\/p>\n<p><strong>Participation libre<\/strong><\/p>\n<p><strong>Sur r\u00e9servation<\/strong><\/p>\n<p>T\u00e9l : 06 59 48 89 44 \/ leplateauivreinfo@gmail.com<\/p>\n<div id=\"attachment_84944\" style=\"width: 210px\" class=\"wp-caption alignright\"><a href=\"https:\/\/vosgesinfo.fr\/app\/uploads\/sites\/5\/2025\/09\/\u00a9-quentin-farriol.jpg\"><img decoding=\"async\" aria-describedby=\"caption-attachment-84944\" class=\"wp-image-84944 size-medium\" src=\"https:\/\/vosgesinfo.fr\/app\/uploads\/sites\/5\/2025\/09\/\u00a9-quentin-farriol-200x300.jpg\" alt=\"\" width=\"200\" height=\"300\" \/><\/a><p id=\"caption-attachment-84944\" class=\"wp-caption-text\">\u00a9 Quentin Farriol<\/p><\/div>\n<p><strong>Au menu :<\/strong> fragments de cr\u00e9ation en cours, incarn\u00e9s par 3 circassiennes, du son, de la lumi\u00e8re et des effets sp\u00e9ciaux ainsi qu&rsquo;un banquet de fun\u00e9railles r\u00e9alis\u00e9 par Nana Casanova, la cheffe de la compagnie Petra Ichor \u00e0 partir des textes d&rsquo;Oriane Lautel. Venez avec vos papilles, vos yeux et vos oreilles, ainsi que vos mots-doux pour les glisser \u00e0 l&rsquo;\u00e9quipe, gourmande de vos retours sur vos ressentis.<\/p>\n<p>Plus de d\u00e9tails :<\/p>\n<p>Des amours chiennes aux amour-lichen,<\/p>\n<p>Projet \u00e9crit et port\u00e9 par Oriane Lautel (Belgique)<\/p>\n<p>Cr\u00e9ation 2026 (avant-premi\u00e8re en Belgique fin Avril, \u00e0 confirmer)<\/p>\n<p>\u00ab\u00a0Ce soir, il y a un grand feu au loin. Et une cabane qu\u2019on dirait \u00eatre un barnum de kermesse mal mont\u00e9.<\/p>\n<p>Ce sont les fun\u00e9railles de la Renault 18 de Nina Nevada, l&rsquo;une des trois Deuilleuses. Ces pleureuses contemporaines (et badasses ! ) sont particuli\u00e8rement voraces et impudiques. Alors, bienvenue &#8211; il y a \u00e0 manger pour tout le monde. En fait, ce sont les ar\u00eates d\u2019un rocher ancestral dans lequel vous entrez.<\/p>\n<p>Eco Deveaux, narratrice \u00e0 la langue de caoutchouc, parle beaucoup et la bouche pleine. Salive. Barbara Cruel Smith et Nina Nevada changent de personnages comme de culotte. Elles jouent \u00e0 \u00eatre toutes les femmes dont elles rapportent les histoires.<\/p>\n<p>Toutes trois &#8211; Eco la foutraque (Oriane Lautel), Barbara la femme aux mille yeux (Laila Umeko Smith) et Nina la dissidente (Gaia Ierace) &#8211; nous invitent \u00e0 une travers\u00e9e rituelle en plusieurs \u00e9pisodes. Chaque histoire, on l\u2019avale comme une perle et on se dit que la fiction est une possible r\u00e9paration. La fiction salvatrice. La r\u00e9paration d\u2019un monde cass\u00e9 qui a besoin de nouvelles mythologies.\u00a0\u00bb<\/p>\n","protected":false},"excerpt":{"rendered":"<p>&nbsp; Des amours chiennes aux amour-lichen, Projet \u00e9crit et port\u00e9 par Oriane Lautel (Belgique) Compagnie Petra Ichor \u00c9tape de r\u00e9sidence [&hellip;]<\/p>\n","protected":false},"author":391,"featured_media":82147,"comment_status":"open","ping_status":"open","sticky":false,"template":"","format":"standard","meta":{"footnotes":""},"categories":[20,4,878,25,868],"tags":[5895],"class_list":["post-82146","post","type-post","status-publish","format-standard","has-post-thumbnail","hentry","category-a-la-une","category-culture","category-epinal","category-gerardmer","category-remiremont","tag-la-compagnie-du-plateau-ivre"],"acf":[],"yoast_head":"<!-- This site is optimized with the Yoast SEO plugin v22.5 - https:\/\/yoast.com\/wordpress\/plugins\/seo\/ -->\n<title>Prochaine ouverture du Th\u00e9\u00e2tre de Verdure - Sortie de R\u00e9sidence - Compagnie Petra Ichor (Belgique) - Gerardmer Info<\/title>\n<meta name=\"robots\" content=\"index, follow, max-snippet:-1, max-image-preview:large, max-video-preview:-1\" \/>\n<link rel=\"canonical\" href=\"https:\/\/vosgesinfo.fr\/gerardmerinfo\/2025\/09\/prochaine-ouverture-du-theatre-de-verdure-sortie-de-residence-compagnie-petra-ichor-belgique\/\" \/>\n<meta name=\"twitter:card\" content=\"summary_large_image\" \/>\n<meta name=\"twitter:title\" content=\"Prochaine ouverture du Th\u00e9\u00e2tre de Verdure - Sortie de R\u00e9sidence - Compagnie Petra Ichor (Belgique) - Gerardmer Info\" \/>\n<meta name=\"twitter:description\" content=\"&nbsp; Des amours chiennes aux amour-lichen, Projet \u00e9crit et port\u00e9 par Oriane Lautel (Belgique) Compagnie Petra Ichor \u00c9tape de r\u00e9sidence [&hellip;]\" \/>\n<meta name=\"twitter:image\" content=\"https:\/\/vosgesinfo.fr\/app\/uploads\/sites\/6\/2025\/09\/christophe-raynaud-de-lage1-scaled-1.jpg\" \/>\n<meta name=\"twitter:creator\" content=\"@VosgesInfo88\" \/>\n<meta name=\"twitter:site\" content=\"@VosgesInfo88\" \/>\n<meta name=\"twitter:label1\" content=\"\u00c9crit par\" \/>\n\t<meta name=\"twitter:data1\" content=\"La redaction\" \/>\n\t<meta name=\"twitter:label2\" content=\"Dur\u00e9e de lecture estim\u00e9e\" \/>\n\t<meta name=\"twitter:data2\" content=\"2 minutes\" \/>\n<script type=\"application\/ld+json\" class=\"yoast-schema-graph\">{\"@context\":\"https:\/\/schema.org\",\"@graph\":[{\"@type\":\"Article\",\"@id\":\"https:\/\/vosgesinfo.fr\/gerardmerinfo\/2025\/09\/prochaine-ouverture-du-theatre-de-verdure-sortie-de-residence-compagnie-petra-ichor-belgique\/#article\",\"isPartOf\":{\"@id\":\"https:\/\/vosgesinfo.fr\/gerardmerinfo\/2025\/09\/prochaine-ouverture-du-theatre-de-verdure-sortie-de-residence-compagnie-petra-ichor-belgique\/\"},\"author\":{\"name\":\"La redaction\",\"@id\":\"https:\/\/vosgesinfo.fr\/gerardmerinfo\/#\/schema\/person\/27a3695b06db98895b354c0765cdfc31\"},\"headline\":\"Prochaine ouverture du Th\u00e9\u00e2tre de Verdure &#8211; Sortie de R\u00e9sidence &#8211; Compagnie Petra Ichor (Belgique)\",\"datePublished\":\"2025-09-09T08:54:35+00:00\",\"dateModified\":\"2025-09-09T08:54:35+00:00\",\"mainEntityOfPage\":{\"@id\":\"https:\/\/vosgesinfo.fr\/gerardmerinfo\/2025\/09\/prochaine-ouverture-du-theatre-de-verdure-sortie-de-residence-compagnie-petra-ichor-belgique\/\"},\"wordCount\":373,\"commentCount\":0,\"publisher\":{\"@id\":\"https:\/\/vosgesinfo.fr\/gerardmerinfo\/#organization\"},\"image\":{\"@id\":\"https:\/\/vosgesinfo.fr\/gerardmerinfo\/2025\/09\/prochaine-ouverture-du-theatre-de-verdure-sortie-de-residence-compagnie-petra-ichor-belgique\/#primaryimage\"},\"thumbnailUrl\":\"https:\/\/vosgesinfo.fr\/app\/uploads\/sites\/6\/2025\/09\/christophe-raynaud-de-lage1-scaled-1.jpg\",\"keywords\":[\"La Compagnie du Plateau Ivre\"],\"articleSection\":[\"A la une\",\"Culture\",\"Epinal\",\"G\u00e9rardmer\",\"Remiremont\"],\"inLanguage\":\"fr-FR\",\"potentialAction\":[{\"@type\":\"CommentAction\",\"name\":\"Comment\",\"target\":[\"https:\/\/vosgesinfo.fr\/gerardmerinfo\/2025\/09\/prochaine-ouverture-du-theatre-de-verdure-sortie-de-residence-compagnie-petra-ichor-belgique\/#respond\"]}]},{\"@type\":\"WebPage\",\"@id\":\"https:\/\/vosgesinfo.fr\/gerardmerinfo\/2025\/09\/prochaine-ouverture-du-theatre-de-verdure-sortie-de-residence-compagnie-petra-ichor-belgique\/\",\"url\":\"https:\/\/vosgesinfo.fr\/gerardmerinfo\/2025\/09\/prochaine-ouverture-du-theatre-de-verdure-sortie-de-residence-compagnie-petra-ichor-belgique\/\",\"name\":\"Prochaine ouverture du Th\u00e9\u00e2tre de Verdure - Sortie de R\u00e9sidence - Compagnie Petra Ichor (Belgique) - Gerardmer Info\",\"isPartOf\":{\"@id\":\"https:\/\/vosgesinfo.fr\/gerardmerinfo\/#website\"},\"primaryImageOfPage\":{\"@id\":\"https:\/\/vosgesinfo.fr\/gerardmerinfo\/2025\/09\/prochaine-ouverture-du-theatre-de-verdure-sortie-de-residence-compagnie-petra-ichor-belgique\/#primaryimage\"},\"image\":{\"@id\":\"https:\/\/vosgesinfo.fr\/gerardmerinfo\/2025\/09\/prochaine-ouverture-du-theatre-de-verdure-sortie-de-residence-compagnie-petra-ichor-belgique\/#primaryimage\"},\"thumbnailUrl\":\"https:\/\/vosgesinfo.fr\/app\/uploads\/sites\/6\/2025\/09\/christophe-raynaud-de-lage1-scaled-1.jpg\",\"datePublished\":\"2025-09-09T08:54:35+00:00\",\"dateModified\":\"2025-09-09T08:54:35+00:00\",\"breadcrumb\":{\"@id\":\"https:\/\/vosgesinfo.fr\/gerardmerinfo\/2025\/09\/prochaine-ouverture-du-theatre-de-verdure-sortie-de-residence-compagnie-petra-ichor-belgique\/#breadcrumb\"},\"inLanguage\":\"fr-FR\",\"potentialAction\":[{\"@type\":\"ReadAction\",\"target\":[\"https:\/\/vosgesinfo.fr\/gerardmerinfo\/2025\/09\/prochaine-ouverture-du-theatre-de-verdure-sortie-de-residence-compagnie-petra-ichor-belgique\/\"]}]},{\"@type\":\"ImageObject\",\"inLanguage\":\"fr-FR\",\"@id\":\"https:\/\/vosgesinfo.fr\/gerardmerinfo\/2025\/09\/prochaine-ouverture-du-theatre-de-verdure-sortie-de-residence-compagnie-petra-ichor-belgique\/#primaryimage\",\"url\":\"https:\/\/vosgesinfo.fr\/app\/uploads\/sites\/6\/2025\/09\/christophe-raynaud-de-lage1-scaled-1.jpg\",\"contentUrl\":\"https:\/\/vosgesinfo.fr\/app\/uploads\/sites\/6\/2025\/09\/christophe-raynaud-de-lage1-scaled-1.jpg\",\"width\":2560,\"height\":1708},{\"@type\":\"BreadcrumbList\",\"@id\":\"https:\/\/vosgesinfo.fr\/gerardmerinfo\/2025\/09\/prochaine-ouverture-du-theatre-de-verdure-sortie-de-residence-compagnie-petra-ichor-belgique\/#breadcrumb\",\"itemListElement\":[{\"@type\":\"ListItem\",\"position\":1,\"name\":\"Home\",\"item\":\"https:\/\/vosgesinfo.fr\/gerardmerinfo\/\"},{\"@type\":\"ListItem\",\"position\":2,\"name\":\"Prochaine ouverture du Th\u00e9\u00e2tre de Verdure &#8211; Sortie de R\u00e9sidence &#8211; Compagnie Petra Ichor (Belgique)\"}]},{\"@type\":\"WebSite\",\"@id\":\"https:\/\/vosgesinfo.fr\/gerardmerinfo\/#website\",\"url\":\"https:\/\/vosgesinfo.fr\/gerardmerinfo\/\",\"name\":\"Gerardmer Info\",\"description\":\"Toute l&#039;actualit\u00e9 de G\u00e9rardmer\",\"publisher\":{\"@id\":\"https:\/\/vosgesinfo.fr\/gerardmerinfo\/#organization\"},\"alternateName\":\"Toute l'actualit\u00e9 de G\u00e9rardmer\",\"potentialAction\":[{\"@type\":\"SearchAction\",\"target\":{\"@type\":\"EntryPoint\",\"urlTemplate\":\"https:\/\/vosgesinfo.fr\/gerardmerinfo\/?s={search_term_string}\"},\"query-input\":\"required name=search_term_string\"}],\"inLanguage\":\"fr-FR\"},{\"@type\":\"Organization\",\"@id\":\"https:\/\/vosgesinfo.fr\/gerardmerinfo\/#organization\",\"name\":\"Gerardmer Info\",\"url\":\"https:\/\/vosgesinfo.fr\/gerardmerinfo\/\",\"logo\":{\"@type\":\"ImageObject\",\"inLanguage\":\"fr-FR\",\"@id\":\"https:\/\/vosgesinfo.fr\/gerardmerinfo\/#\/schema\/logo\/image\/\",\"url\":\"https:\/\/vosgesinfo.fr\/app\/uploads\/sites\/6\/2023\/08\/favicon-gerardmerinfo.png\",\"contentUrl\":\"https:\/\/vosgesinfo.fr\/app\/uploads\/sites\/6\/2023\/08\/favicon-gerardmerinfo.png\",\"width\":512,\"height\":512,\"caption\":\"Gerardmer Info\"},\"image\":{\"@id\":\"https:\/\/vosgesinfo.fr\/gerardmerinfo\/#\/schema\/logo\/image\/\"},\"sameAs\":[\"https:\/\/www.facebook.com\/profile.php?id=100049475262660\",\"https:\/\/x.com\/VosgesInfo88\",\"https:\/\/www.youtube.com\/@vosgesinfo\"]},{\"@type\":\"Person\",\"@id\":\"https:\/\/vosgesinfo.fr\/gerardmerinfo\/#\/schema\/person\/27a3695b06db98895b354c0765cdfc31\",\"name\":\"La redaction\",\"image\":{\"@type\":\"ImageObject\",\"inLanguage\":\"fr-FR\",\"@id\":\"https:\/\/vosgesinfo.fr\/gerardmerinfo\/#\/schema\/person\/image\/\",\"url\":\"https:\/\/secure.gravatar.com\/avatar\/64c76a78e501cedee55736f43f332df901e1896ae9cd8fad269ae2236dd0e8b6?s=96&d=mm&r=g\",\"contentUrl\":\"https:\/\/secure.gravatar.com\/avatar\/64c76a78e501cedee55736f43f332df901e1896ae9cd8fad269ae2236dd0e8b6?s=96&d=mm&r=g\",\"caption\":\"La redaction\"},\"url\":\"https:\/\/vosgesinfo.fr\/gerardmerinfo\/author\/la-redaction\/\"}]}<\/script>\n<!-- \/ Yoast SEO plugin. -->","yoast_head_json":{"title":"Prochaine ouverture du Th\u00e9\u00e2tre de Verdure - Sortie de R\u00e9sidence - Compagnie Petra Ichor (Belgique) - Gerardmer Info","robots":{"index":"index","follow":"follow","max-snippet":"max-snippet:-1","max-image-preview":"max-image-preview:large","max-video-preview":"max-video-preview:-1"},"canonical":"https:\/\/vosgesinfo.fr\/gerardmerinfo\/2025\/09\/prochaine-ouverture-du-theatre-de-verdure-sortie-de-residence-compagnie-petra-ichor-belgique\/","twitter_card":"summary_large_image","twitter_title":"Prochaine ouverture du Th\u00e9\u00e2tre de Verdure - Sortie de R\u00e9sidence - Compagnie Petra Ichor (Belgique) - Gerardmer Info","twitter_description":"&nbsp; Des amours chiennes aux amour-lichen, Projet \u00e9crit et port\u00e9 par Oriane Lautel (Belgique) Compagnie Petra Ichor \u00c9tape de r\u00e9sidence [&hellip;]","twitter_image":"https:\/\/vosgesinfo.fr\/app\/uploads\/sites\/6\/2025\/09\/christophe-raynaud-de-lage1-scaled-1.jpg","twitter_creator":"@VosgesInfo88","twitter_site":"@VosgesInfo88","twitter_misc":{"\u00c9crit par":"La redaction","Dur\u00e9e de lecture estim\u00e9e":"2 minutes"},"schema":{"@context":"https:\/\/schema.org","@graph":[{"@type":"Article","@id":"https:\/\/vosgesinfo.fr\/gerardmerinfo\/2025\/09\/prochaine-ouverture-du-theatre-de-verdure-sortie-de-residence-compagnie-petra-ichor-belgique\/#article","isPartOf":{"@id":"https:\/\/vosgesinfo.fr\/gerardmerinfo\/2025\/09\/prochaine-ouverture-du-theatre-de-verdure-sortie-de-residence-compagnie-petra-ichor-belgique\/"},"author":{"name":"La redaction","@id":"https:\/\/vosgesinfo.fr\/gerardmerinfo\/#\/schema\/person\/27a3695b06db98895b354c0765cdfc31"},"headline":"Prochaine ouverture du Th\u00e9\u00e2tre de Verdure &#8211; Sortie de R\u00e9sidence &#8211; Compagnie Petra Ichor (Belgique)","datePublished":"2025-09-09T08:54:35+00:00","dateModified":"2025-09-09T08:54:35+00:00","mainEntityOfPage":{"@id":"https:\/\/vosgesinfo.fr\/gerardmerinfo\/2025\/09\/prochaine-ouverture-du-theatre-de-verdure-sortie-de-residence-compagnie-petra-ichor-belgique\/"},"wordCount":373,"commentCount":0,"publisher":{"@id":"https:\/\/vosgesinfo.fr\/gerardmerinfo\/#organization"},"image":{"@id":"https:\/\/vosgesinfo.fr\/gerardmerinfo\/2025\/09\/prochaine-ouverture-du-theatre-de-verdure-sortie-de-residence-compagnie-petra-ichor-belgique\/#primaryimage"},"thumbnailUrl":"https:\/\/vosgesinfo.fr\/app\/uploads\/sites\/6\/2025\/09\/christophe-raynaud-de-lage1-scaled-1.jpg","keywords":["La Compagnie du Plateau Ivre"],"articleSection":["A la une","Culture","Epinal","G\u00e9rardmer","Remiremont"],"inLanguage":"fr-FR","potentialAction":[{"@type":"CommentAction","name":"Comment","target":["https:\/\/vosgesinfo.fr\/gerardmerinfo\/2025\/09\/prochaine-ouverture-du-theatre-de-verdure-sortie-de-residence-compagnie-petra-ichor-belgique\/#respond"]}]},{"@type":"WebPage","@id":"https:\/\/vosgesinfo.fr\/gerardmerinfo\/2025\/09\/prochaine-ouverture-du-theatre-de-verdure-sortie-de-residence-compagnie-petra-ichor-belgique\/","url":"https:\/\/vosgesinfo.fr\/gerardmerinfo\/2025\/09\/prochaine-ouverture-du-theatre-de-verdure-sortie-de-residence-compagnie-petra-ichor-belgique\/","name":"Prochaine ouverture du Th\u00e9\u00e2tre de Verdure - Sortie de R\u00e9sidence - Compagnie Petra Ichor (Belgique) - Gerardmer Info","isPartOf":{"@id":"https:\/\/vosgesinfo.fr\/gerardmerinfo\/#website"},"primaryImageOfPage":{"@id":"https:\/\/vosgesinfo.fr\/gerardmerinfo\/2025\/09\/prochaine-ouverture-du-theatre-de-verdure-sortie-de-residence-compagnie-petra-ichor-belgique\/#primaryimage"},"image":{"@id":"https:\/\/vosgesinfo.fr\/gerardmerinfo\/2025\/09\/prochaine-ouverture-du-theatre-de-verdure-sortie-de-residence-compagnie-petra-ichor-belgique\/#primaryimage"},"thumbnailUrl":"https:\/\/vosgesinfo.fr\/app\/uploads\/sites\/6\/2025\/09\/christophe-raynaud-de-lage1-scaled-1.jpg","datePublished":"2025-09-09T08:54:35+00:00","dateModified":"2025-09-09T08:54:35+00:00","breadcrumb":{"@id":"https:\/\/vosgesinfo.fr\/gerardmerinfo\/2025\/09\/prochaine-ouverture-du-theatre-de-verdure-sortie-de-residence-compagnie-petra-ichor-belgique\/#breadcrumb"},"inLanguage":"fr-FR","potentialAction":[{"@type":"ReadAction","target":["https:\/\/vosgesinfo.fr\/gerardmerinfo\/2025\/09\/prochaine-ouverture-du-theatre-de-verdure-sortie-de-residence-compagnie-petra-ichor-belgique\/"]}]},{"@type":"ImageObject","inLanguage":"fr-FR","@id":"https:\/\/vosgesinfo.fr\/gerardmerinfo\/2025\/09\/prochaine-ouverture-du-theatre-de-verdure-sortie-de-residence-compagnie-petra-ichor-belgique\/#primaryimage","url":"https:\/\/vosgesinfo.fr\/app\/uploads\/sites\/6\/2025\/09\/christophe-raynaud-de-lage1-scaled-1.jpg","contentUrl":"https:\/\/vosgesinfo.fr\/app\/uploads\/sites\/6\/2025\/09\/christophe-raynaud-de-lage1-scaled-1.jpg","width":2560,"height":1708},{"@type":"BreadcrumbList","@id":"https:\/\/vosgesinfo.fr\/gerardmerinfo\/2025\/09\/prochaine-ouverture-du-theatre-de-verdure-sortie-de-residence-compagnie-petra-ichor-belgique\/#breadcrumb","itemListElement":[{"@type":"ListItem","position":1,"name":"Home","item":"https:\/\/vosgesinfo.fr\/gerardmerinfo\/"},{"@type":"ListItem","position":2,"name":"Prochaine ouverture du Th\u00e9\u00e2tre de Verdure &#8211; Sortie de R\u00e9sidence &#8211; Compagnie Petra Ichor (Belgique)"}]},{"@type":"WebSite","@id":"https:\/\/vosgesinfo.fr\/gerardmerinfo\/#website","url":"https:\/\/vosgesinfo.fr\/gerardmerinfo\/","name":"Gerardmer Info","description":"Toute l&#039;actualit\u00e9 de G\u00e9rardmer","publisher":{"@id":"https:\/\/vosgesinfo.fr\/gerardmerinfo\/#organization"},"alternateName":"Toute l'actualit\u00e9 de G\u00e9rardmer","potentialAction":[{"@type":"SearchAction","target":{"@type":"EntryPoint","urlTemplate":"https:\/\/vosgesinfo.fr\/gerardmerinfo\/?s={search_term_string}"},"query-input":"required name=search_term_string"}],"inLanguage":"fr-FR"},{"@type":"Organization","@id":"https:\/\/vosgesinfo.fr\/gerardmerinfo\/#organization","name":"Gerardmer Info","url":"https:\/\/vosgesinfo.fr\/gerardmerinfo\/","logo":{"@type":"ImageObject","inLanguage":"fr-FR","@id":"https:\/\/vosgesinfo.fr\/gerardmerinfo\/#\/schema\/logo\/image\/","url":"https:\/\/vosgesinfo.fr\/app\/uploads\/sites\/6\/2023\/08\/favicon-gerardmerinfo.png","contentUrl":"https:\/\/vosgesinfo.fr\/app\/uploads\/sites\/6\/2023\/08\/favicon-gerardmerinfo.png","width":512,"height":512,"caption":"Gerardmer Info"},"image":{"@id":"https:\/\/vosgesinfo.fr\/gerardmerinfo\/#\/schema\/logo\/image\/"},"sameAs":["https:\/\/www.facebook.com\/profile.php?id=100049475262660","https:\/\/x.com\/VosgesInfo88","https:\/\/www.youtube.com\/@vosgesinfo"]},{"@type":"Person","@id":"https:\/\/vosgesinfo.fr\/gerardmerinfo\/#\/schema\/person\/27a3695b06db98895b354c0765cdfc31","name":"La redaction","image":{"@type":"ImageObject","inLanguage":"fr-FR","@id":"https:\/\/vosgesinfo.fr\/gerardmerinfo\/#\/schema\/person\/image\/","url":"https:\/\/secure.gravatar.com\/avatar\/64c76a78e501cedee55736f43f332df901e1896ae9cd8fad269ae2236dd0e8b6?s=96&d=mm&r=g","contentUrl":"https:\/\/secure.gravatar.com\/avatar\/64c76a78e501cedee55736f43f332df901e1896ae9cd8fad269ae2236dd0e8b6?s=96&d=mm&r=g","caption":"La redaction"},"url":"https:\/\/vosgesinfo.fr\/gerardmerinfo\/author\/la-redaction\/"}]}},"_links":{"self":[{"href":"https:\/\/vosgesinfo.fr\/gerardmerinfo\/wp-json\/wp\/v2\/posts\/82146","targetHints":{"allow":["GET"]}}],"collection":[{"href":"https:\/\/vosgesinfo.fr\/gerardmerinfo\/wp-json\/wp\/v2\/posts"}],"about":[{"href":"https:\/\/vosgesinfo.fr\/gerardmerinfo\/wp-json\/wp\/v2\/types\/post"}],"author":[{"embeddable":true,"href":"https:\/\/vosgesinfo.fr\/gerardmerinfo\/wp-json\/wp\/v2\/users\/391"}],"replies":[{"embeddable":true,"href":"https:\/\/vosgesinfo.fr\/gerardmerinfo\/wp-json\/wp\/v2\/comments?post=82146"}],"version-history":[{"count":0,"href":"https:\/\/vosgesinfo.fr\/gerardmerinfo\/wp-json\/wp\/v2\/posts\/82146\/revisions"}],"wp:featuredmedia":[{"embeddable":true,"href":"https:\/\/vosgesinfo.fr\/gerardmerinfo\/wp-json\/wp\/v2\/media\/82147"}],"wp:attachment":[{"href":"https:\/\/vosgesinfo.fr\/gerardmerinfo\/wp-json\/wp\/v2\/media?parent=82146"}],"wp:term":[{"taxonomy":"category","embeddable":true,"href":"https:\/\/vosgesinfo.fr\/gerardmerinfo\/wp-json\/wp\/v2\/categories?post=82146"},{"taxonomy":"post_tag","embeddable":true,"href":"https:\/\/vosgesinfo.fr\/gerardmerinfo\/wp-json\/wp\/v2\/tags?post=82146"}],"curies":[{"name":"wp","href":"https:\/\/api.w.org\/{rel}","templated":true}]}}