{"id":82157,"date":"2025-09-09T15:32:30","date_gmt":"2025-09-09T13:32:30","guid":{"rendered":"https:\/\/vosgesinfo.fr\/gerardmerinfo\/?p=82157"},"modified":"2025-09-09T15:32:30","modified_gmt":"2025-09-09T13:32:30","slug":"la-marque-foret-leffet-vosges-faire-de-la-nature-un-art-de-vivre","status":"publish","type":"post","link":"https:\/\/vosgesinfo.fr\/gerardmerinfo\/2025\/09\/la-marque-foret-leffet-vosges-faire-de-la-nature-un-art-de-vivre\/","title":{"rendered":"La marque \u00ab\u00a0FOR\u00eaT l\u2019Effet Vosges\u00a0\u00bb &#8211; Faire de la nature un art de vivre"},"content":{"rendered":"<div id=\"attachment_82158\" style=\"width: 1034px\" class=\"wp-caption aligncenter\"><a href=\"https:\/\/vosgesinfo.fr\/app\/uploads\/sites\/6\/2025\/09\/foret-leffet-vosges-nature-reunion-lido-gerardmer-2.jpg\"><img decoding=\"async\" aria-describedby=\"caption-attachment-82158\" class=\"wp-image-82158 size-large\" src=\"https:\/\/vosgesinfo.fr\/app\/uploads\/sites\/6\/2025\/09\/foret-leffet-vosges-nature-reunion-lido-gerardmer-2-1024x768.jpg\" alt=\"\" width=\"1024\" height=\"768\" srcset=\"https:\/\/vosgesinfo.fr\/app\/uploads\/sites\/6\/2025\/09\/foret-leffet-vosges-nature-reunion-lido-gerardmer-2-1024x768.jpg 1024w, https:\/\/vosgesinfo.fr\/app\/uploads\/sites\/6\/2025\/09\/foret-leffet-vosges-nature-reunion-lido-gerardmer-2-300x225.jpg 300w, https:\/\/vosgesinfo.fr\/app\/uploads\/sites\/6\/2025\/09\/foret-leffet-vosges-nature-reunion-lido-gerardmer-2-768x576.jpg 768w, https:\/\/vosgesinfo.fr\/app\/uploads\/sites\/6\/2025\/09\/foret-leffet-vosges-nature-reunion-lido-gerardmer-2-1536x1152.jpg 1536w, https:\/\/vosgesinfo.fr\/app\/uploads\/sites\/6\/2025\/09\/foret-leffet-vosges-nature-reunion-lido-gerardmer-2.jpg 2000w\" sizes=\"(max-width: 1024px) 100vw, 1024px\" \/><\/a><p id=\"caption-attachment-82158\" class=\"wp-caption-text\">Une journ\u00e9e qui avait notamment pour objectif de mieux d\u00e9finir l\u2019identit\u00e9 et les ambitions de FOR\u00eaT l\u2019Effet Vosges et de favoriser les synergies entre les partenaires.<\/p><\/div>\n<p data-pm-slice=\"1 1 []\">\n<p data-pm-slice=\"1 1 []\">\n<p data-pm-slice=\"1 1 []\">Partenaire historique, le Lido \u00e0 G\u00e9rardmer accueillait ce mardi une grande journ\u00e9e de rencontre du r\u00e9seau <em>FOR\u00eaT l\u2019Effet Vosges<\/em>, \u00ab\u00a0marque singuli\u00e8re, bien encr\u00e9e dans son territoire\u00a0\u00bb et pionni\u00e8re dans le domaine de la sylviculture. N\u00e9e en 2012 sous l&rsquo;impulsion du Conseil d\u00e9partemental des Vosges, elle rencontre un franc succ\u00e8s commercial et s&rsquo;impose comme une r\u00e9f\u00e9rence en mati\u00e8re de bien-\u00eatre, de d\u00e9connexion et de valorisation des ressources locales en provenance des for\u00eats du massif.<\/p>\n<div id=\"attachment_82159\" style=\"width: 235px\" class=\"wp-caption alignright\"><a href=\"https:\/\/vosgesinfo.fr\/app\/uploads\/sites\/6\/2025\/09\/foret-leffet-vosges-nature-reunion-lido-gerardmer-3.jpg\"><img decoding=\"async\" aria-describedby=\"caption-attachment-82159\" class=\"wp-image-82159 size-medium\" src=\"https:\/\/vosgesinfo.fr\/app\/uploads\/sites\/6\/2025\/09\/foret-leffet-vosges-nature-reunion-lido-gerardmer-3-225x300.jpg\" alt=\"\" width=\"225\" height=\"300\" srcset=\"https:\/\/vosgesinfo.fr\/app\/uploads\/sites\/6\/2025\/09\/foret-leffet-vosges-nature-reunion-lido-gerardmer-3-225x300.jpg 225w, https:\/\/vosgesinfo.fr\/app\/uploads\/sites\/6\/2025\/09\/foret-leffet-vosges-nature-reunion-lido-gerardmer-3-768x1024.jpg 768w, https:\/\/vosgesinfo.fr\/app\/uploads\/sites\/6\/2025\/09\/foret-leffet-vosges-nature-reunion-lido-gerardmer-3-1152x1536.jpg 1152w, https:\/\/vosgesinfo.fr\/app\/uploads\/sites\/6\/2025\/09\/foret-leffet-vosges-nature-reunion-lido-gerardmer-3.jpg 1530w\" sizes=\"(max-width: 225px) 100vw, 225px\" \/><\/a><p id=\"caption-attachment-82159\" class=\"wp-caption-text\">Franck ferry.<\/p><\/div>\n<p>Lanc\u00e9 en 2012 avec pour ambition de soutenir l&rsquo;h\u00f4tellerie, FOR\u00eaT L&rsquo;Effet Vosges a renouvel\u00e9 ses ambitions en 2017 suite \u00e0 une p\u00e9riode de transition qui a permis d&rsquo;\u00e9largir son champ d&rsquo;action. La marque conserve son ADN li\u00e9 \u00e0 la for\u00eat vosgienne et va d\u00e9sormais bien au-del\u00e0 du coup de boost \u00e0 l&rsquo;h\u00f4tellerie en associant des h\u00e9bergements de tous types, des offices de tourisme, des stations thermales et des structures aptes \u00e0 proposer des \u00ab\u00a0bains de for\u00eat\u00a0\u00bb (des balades pour faire simple \u2013 NDLR) ou m\u00eame se perdre dans des jardins atypiques et uniques. La marque compte d\u00e9sormais 134 partenaires \u00e0 l&rsquo;\u00e9chelle du massif, qui s&rsquo;\u00e9tend de la petite Pierre aux Mille \u00c9tangs, de l&rsquo;Alsace \u00e0 la Franche-Comt\u00e9 en passant par les Vosges.<\/p>\n<p>Loin de se reposer sur ses lauriers, FOR\u00caT L&rsquo;Effet Vosges continue de d\u00e9velopper son r\u00e9seau et travaille d\u00e9sormais sur des offres de s\u00e9jours compl\u00e8tes\/tout compris, sans oublier de promouvoir sa gamme de cosm\u00e9tiques issus de la for\u00eat r\u00e9alis\u00e9s avec un laboratoire d&rsquo;Illkirch-Graffenstaden. \u00ab\u00a0Cette marque, c&rsquo;est mettre en avant un art de vivre b\u00e2ti autour des valeurs de la for\u00eat. C&rsquo;est une marque qui p\u00e8se de plus en plus de poids dans les Vosges et au-del\u00e0, c&rsquo;est m\u00eame un argument r\u00e9gional, avec des stations thermales qui sont elles aussi devenues des fers de lance. Mais surtout il y a une v\u00e9ritable unit\u00e9, une appartenance \u00e0 cette marque qui est dans l&rsquo;air du temps et qui est synonyme d&rsquo;aventure collective, d&rsquo;intelligence commune\u00a0\u00bb, pr\u00e9cise Franck Perry, vice-pr\u00e9sident d\u00e9l\u00e9gu\u00e9 \u00e0 l\u2019\u00c9conomie, au Tourisme, \u00e0 l&rsquo;Agriculture et \u00e0 la For\u00eat.<\/p>\n<p>Ce dernier rappelle \u00e9galement qu&rsquo;\u00e0 partir de 2020, la marque a entam\u00e9 une d\u00e9marche destin\u00e9e \u00e0 s&rsquo;adapter aux demandes de la client\u00e8le, notamment dans le domaine de la d\u00e9connexion et du bien-\u00eatre. Concernant la gamme cosm\u00e9tique, il ajoute \u00e9galement que certains \u00e9tablissements partenaires ambitionnent d\u00e9sormais de d\u00e9velopper des packagings personnalis\u00e9s en lien avec leur identit\u00e9 pour commercialiser les produits en question. Bref, les pistes de r\u00e9flexion et de d\u00e9veloppement ne manquent pas pour FOR\u00caT l\u2019Effet Vosges. \u00ab\u00a0L&rsquo;arbre suit sa racine\u00a0\u00bb, comme dit le proverbe\u2026<\/p>\n<p><a href=\"https:\/\/vosgesinfo.fr\/app\/uploads\/sites\/6\/2025\/09\/foret-leffet-vosges-nature-reunion-lido-gerardmer-1.jpg\"><img decoding=\"async\" class=\"aligncenter size-large wp-image-82160\" src=\"https:\/\/vosgesinfo.fr\/app\/uploads\/sites\/6\/2025\/09\/foret-leffet-vosges-nature-reunion-lido-gerardmer-1-1024x768.jpg\" alt=\"\" width=\"1024\" height=\"768\" srcset=\"https:\/\/vosgesinfo.fr\/app\/uploads\/sites\/6\/2025\/09\/foret-leffet-vosges-nature-reunion-lido-gerardmer-1-1024x768.jpg 1024w, https:\/\/vosgesinfo.fr\/app\/uploads\/sites\/6\/2025\/09\/foret-leffet-vosges-nature-reunion-lido-gerardmer-1-300x225.jpg 300w, https:\/\/vosgesinfo.fr\/app\/uploads\/sites\/6\/2025\/09\/foret-leffet-vosges-nature-reunion-lido-gerardmer-1-768x576.jpg 768w, https:\/\/vosgesinfo.fr\/app\/uploads\/sites\/6\/2025\/09\/foret-leffet-vosges-nature-reunion-lido-gerardmer-1-1536x1152.jpg 1536w, https:\/\/vosgesinfo.fr\/app\/uploads\/sites\/6\/2025\/09\/foret-leffet-vosges-nature-reunion-lido-gerardmer-1.jpg 2000w\" sizes=\"(max-width: 1024px) 100vw, 1024px\" \/><\/a><\/p>\n","protected":false},"excerpt":{"rendered":"<p>Partenaire historique, le Lido \u00e0 G\u00e9rardmer accueillait ce mardi une grande journ\u00e9e de rencontre du r\u00e9seau FOR\u00eaT l\u2019Effet Vosges, \u00ab\u00a0marque [&hellip;]<\/p>\n","protected":false},"author":42,"featured_media":82159,"comment_status":"open","ping_status":"open","sticky":false,"template":"","format":"standard","meta":{"footnotes":""},"categories":[20,5,878,5647,328,868,946,15,18],"tags":[7778,7779,541],"class_list":["post-82157","post","type-post","status-publish","format-standard","has-post-thumbnail","hentry","category-a-la-une","category-economie","category-epinal","category-gerardmer-autres-sites","category-la-plaine-des-vosges","category-remiremont","category-saint-die","category-tourisme","category-vosges","tag-foret-leffet-vosges","tag-franck-perry","tag-le-lido"],"acf":[],"yoast_head":"<!-- This site is optimized with the Yoast SEO plugin v22.5 - https:\/\/yoast.com\/wordpress\/plugins\/seo\/ -->\n<title>La marque &quot;FOR\u00eaT l\u2019Effet Vosges&quot; - Faire de la nature un art de vivre - Gerardmer Info<\/title>\n<meta name=\"robots\" content=\"index, follow, max-snippet:-1, max-image-preview:large, max-video-preview:-1\" \/>\n<link rel=\"canonical\" href=\"https:\/\/vosgesinfo.fr\/gerardmerinfo\/?p=82157\" \/>\n<meta name=\"twitter:card\" content=\"summary_large_image\" \/>\n<meta name=\"twitter:title\" content=\"La marque &quot;FOR\u00eaT l\u2019Effet Vosges&quot; - Faire de la nature un art de vivre - Gerardmer Info\" \/>\n<meta name=\"twitter:description\" content=\"Partenaire historique, le Lido \u00e0 G\u00e9rardmer accueillait ce mardi une grande journ\u00e9e de rencontre du r\u00e9seau FOR\u00eaT l\u2019Effet Vosges, \u00ab\u00a0marque [&hellip;]\" \/>\n<meta name=\"twitter:image\" content=\"https:\/\/vosgesinfo.fr\/app\/uploads\/sites\/6\/2025\/09\/foret-leffet-vosges-nature-reunion-lido-gerardmer-3.jpg\" \/>\n<meta name=\"twitter:creator\" content=\"@VosgesInfo88\" \/>\n<meta name=\"twitter:site\" content=\"@VosgesInfo88\" \/>\n<meta name=\"twitter:label1\" content=\"\u00c9crit par\" \/>\n\t<meta name=\"twitter:data1\" content=\"QG\" \/>\n\t<meta name=\"twitter:label2\" content=\"Dur\u00e9e de lecture estim\u00e9e\" \/>\n\t<meta name=\"twitter:data2\" content=\"2 minutes\" \/>\n<script type=\"application\/ld+json\" class=\"yoast-schema-graph\">{\"@context\":\"https:\/\/schema.org\",\"@graph\":[{\"@type\":\"Article\",\"@id\":\"https:\/\/vosgesinfo.fr\/gerardmerinfo\/?p=82157#article\",\"isPartOf\":{\"@id\":\"https:\/\/vosgesinfo.fr\/gerardmerinfo\/?p=82157\"},\"author\":{\"name\":\"QG\",\"@id\":\"https:\/\/vosgesinfo.fr\/gerardmerinfo\/#\/schema\/person\/db5605779a843dad16b5368f3e7613a5\"},\"headline\":\"La marque \u00ab\u00a0FOR\u00eaT l\u2019Effet Vosges\u00a0\u00bb &#8211; Faire de la nature un art de vivre\",\"datePublished\":\"2025-09-09T13:32:30+00:00\",\"dateModified\":\"2025-09-09T13:32:30+00:00\",\"mainEntityOfPage\":{\"@id\":\"https:\/\/vosgesinfo.fr\/gerardmerinfo\/?p=82157\"},\"wordCount\":543,\"commentCount\":0,\"publisher\":{\"@id\":\"https:\/\/vosgesinfo.fr\/gerardmerinfo\/#organization\"},\"image\":{\"@id\":\"https:\/\/vosgesinfo.fr\/gerardmerinfo\/?p=82157#primaryimage\"},\"thumbnailUrl\":\"https:\/\/vosgesinfo.fr\/app\/uploads\/sites\/6\/2025\/09\/foret-leffet-vosges-nature-reunion-lido-gerardmer-3.jpg\",\"keywords\":[\"For\u00eat l'effet Vosges\",\"Franck Perry\",\"le lido\"],\"articleSection\":[\"A la une\",\"\u00c9conomie\",\"Epinal\",\"Gerardmer\",\"La plaine des vosges\",\"Remiremont\",\"Saint-di\u00e9\",\"Tourisme\",\"Vosges\"],\"inLanguage\":\"fr-FR\",\"potentialAction\":[{\"@type\":\"CommentAction\",\"name\":\"Comment\",\"target\":[\"https:\/\/vosgesinfo.fr\/gerardmerinfo\/?p=82157#respond\"]}]},{\"@type\":\"WebPage\",\"@id\":\"https:\/\/vosgesinfo.fr\/gerardmerinfo\/?p=82157\",\"url\":\"https:\/\/vosgesinfo.fr\/gerardmerinfo\/?p=82157\",\"name\":\"La marque \\\"FOR\u00eaT l\u2019Effet Vosges\\\" - Faire de la nature un art de vivre - Gerardmer Info\",\"isPartOf\":{\"@id\":\"https:\/\/vosgesinfo.fr\/gerardmerinfo\/#website\"},\"primaryImageOfPage\":{\"@id\":\"https:\/\/vosgesinfo.fr\/gerardmerinfo\/?p=82157#primaryimage\"},\"image\":{\"@id\":\"https:\/\/vosgesinfo.fr\/gerardmerinfo\/?p=82157#primaryimage\"},\"thumbnailUrl\":\"https:\/\/vosgesinfo.fr\/app\/uploads\/sites\/6\/2025\/09\/foret-leffet-vosges-nature-reunion-lido-gerardmer-3.jpg\",\"datePublished\":\"2025-09-09T13:32:30+00:00\",\"dateModified\":\"2025-09-09T13:32:30+00:00\",\"breadcrumb\":{\"@id\":\"https:\/\/vosgesinfo.fr\/gerardmerinfo\/?p=82157#breadcrumb\"},\"inLanguage\":\"fr-FR\",\"potentialAction\":[{\"@type\":\"ReadAction\",\"target\":[\"https:\/\/vosgesinfo.fr\/gerardmerinfo\/?p=82157\"]}]},{\"@type\":\"ImageObject\",\"inLanguage\":\"fr-FR\",\"@id\":\"https:\/\/vosgesinfo.fr\/gerardmerinfo\/?p=82157#primaryimage\",\"url\":\"https:\/\/vosgesinfo.fr\/app\/uploads\/sites\/6\/2025\/09\/foret-leffet-vosges-nature-reunion-lido-gerardmer-3.jpg\",\"contentUrl\":\"https:\/\/vosgesinfo.fr\/app\/uploads\/sites\/6\/2025\/09\/foret-leffet-vosges-nature-reunion-lido-gerardmer-3.jpg\",\"width\":1530,\"height\":2040},{\"@type\":\"BreadcrumbList\",\"@id\":\"https:\/\/vosgesinfo.fr\/gerardmerinfo\/?p=82157#breadcrumb\",\"itemListElement\":[{\"@type\":\"ListItem\",\"position\":1,\"name\":\"Home\",\"item\":\"https:\/\/vosgesinfo.fr\/gerardmerinfo\/\"},{\"@type\":\"ListItem\",\"position\":2,\"name\":\"La marque &#8220;FOR\u00eaT l\u2019Effet Vosges&#8221; &#8211; Faire de la nature un art de vivre\"}]},{\"@type\":\"WebSite\",\"@id\":\"https:\/\/vosgesinfo.fr\/gerardmerinfo\/#website\",\"url\":\"https:\/\/vosgesinfo.fr\/gerardmerinfo\/\",\"name\":\"Gerardmer Info\",\"description\":\"Toute l&#039;actualit\u00e9 de G\u00e9rardmer\",\"publisher\":{\"@id\":\"https:\/\/vosgesinfo.fr\/gerardmerinfo\/#organization\"},\"alternateName\":\"Toute l'actualit\u00e9 de G\u00e9rardmer\",\"potentialAction\":[{\"@type\":\"SearchAction\",\"target\":{\"@type\":\"EntryPoint\",\"urlTemplate\":\"https:\/\/vosgesinfo.fr\/gerardmerinfo\/?s={search_term_string}\"},\"query-input\":\"required name=search_term_string\"}],\"inLanguage\":\"fr-FR\"},{\"@type\":\"Organization\",\"@id\":\"https:\/\/vosgesinfo.fr\/gerardmerinfo\/#organization\",\"name\":\"Gerardmer Info\",\"url\":\"https:\/\/vosgesinfo.fr\/gerardmerinfo\/\",\"logo\":{\"@type\":\"ImageObject\",\"inLanguage\":\"fr-FR\",\"@id\":\"https:\/\/vosgesinfo.fr\/gerardmerinfo\/#\/schema\/logo\/image\/\",\"url\":\"https:\/\/vosgesinfo.fr\/app\/uploads\/sites\/6\/2023\/08\/favicon-gerardmerinfo.png\",\"contentUrl\":\"https:\/\/vosgesinfo.fr\/app\/uploads\/sites\/6\/2023\/08\/favicon-gerardmerinfo.png\",\"width\":512,\"height\":512,\"caption\":\"Gerardmer Info\"},\"image\":{\"@id\":\"https:\/\/vosgesinfo.fr\/gerardmerinfo\/#\/schema\/logo\/image\/\"},\"sameAs\":[\"https:\/\/www.facebook.com\/profile.php?id=100049475262660\",\"https:\/\/x.com\/VosgesInfo88\",\"https:\/\/www.youtube.com\/@vosgesinfo\"]},{\"@type\":\"Person\",\"@id\":\"https:\/\/vosgesinfo.fr\/gerardmerinfo\/#\/schema\/person\/db5605779a843dad16b5368f3e7613a5\",\"name\":\"QG\",\"image\":{\"@type\":\"ImageObject\",\"inLanguage\":\"fr-FR\",\"@id\":\"https:\/\/vosgesinfo.fr\/gerardmerinfo\/#\/schema\/person\/image\/\",\"url\":\"https:\/\/secure.gravatar.com\/avatar\/ea80c42c204b534408512832fde52504ecabb9706bcb6151cf6175e5b64e6793?s=96&d=mm&r=g\",\"contentUrl\":\"https:\/\/secure.gravatar.com\/avatar\/ea80c42c204b534408512832fde52504ecabb9706bcb6151cf6175e5b64e6793?s=96&d=mm&r=g\",\"caption\":\"QG\"},\"url\":\"https:\/\/vosgesinfo.fr\/gerardmerinfo\/author\/quentin88\/\"}]}<\/script>\n<!-- \/ Yoast SEO plugin. -->","yoast_head_json":{"title":"La marque \"FOR\u00eaT l\u2019Effet Vosges\" - Faire de la nature un art de vivre - Gerardmer Info","robots":{"index":"index","follow":"follow","max-snippet":"max-snippet:-1","max-image-preview":"max-image-preview:large","max-video-preview":"max-video-preview:-1"},"canonical":"https:\/\/vosgesinfo.fr\/gerardmerinfo\/?p=82157","twitter_card":"summary_large_image","twitter_title":"La marque \"FOR\u00eaT l\u2019Effet Vosges\" - Faire de la nature un art de vivre - Gerardmer Info","twitter_description":"Partenaire historique, le Lido \u00e0 G\u00e9rardmer accueillait ce mardi une grande journ\u00e9e de rencontre du r\u00e9seau FOR\u00eaT l\u2019Effet Vosges, \u00ab\u00a0marque [&hellip;]","twitter_image":"https:\/\/vosgesinfo.fr\/app\/uploads\/sites\/6\/2025\/09\/foret-leffet-vosges-nature-reunion-lido-gerardmer-3.jpg","twitter_creator":"@VosgesInfo88","twitter_site":"@VosgesInfo88","twitter_misc":{"\u00c9crit par":"QG","Dur\u00e9e de lecture estim\u00e9e":"2 minutes"},"schema":{"@context":"https:\/\/schema.org","@graph":[{"@type":"Article","@id":"https:\/\/vosgesinfo.fr\/gerardmerinfo\/?p=82157#article","isPartOf":{"@id":"https:\/\/vosgesinfo.fr\/gerardmerinfo\/?p=82157"},"author":{"name":"QG","@id":"https:\/\/vosgesinfo.fr\/gerardmerinfo\/#\/schema\/person\/db5605779a843dad16b5368f3e7613a5"},"headline":"La marque \u00ab\u00a0FOR\u00eaT l\u2019Effet Vosges\u00a0\u00bb &#8211; Faire de la nature un art de vivre","datePublished":"2025-09-09T13:32:30+00:00","dateModified":"2025-09-09T13:32:30+00:00","mainEntityOfPage":{"@id":"https:\/\/vosgesinfo.fr\/gerardmerinfo\/?p=82157"},"wordCount":543,"commentCount":0,"publisher":{"@id":"https:\/\/vosgesinfo.fr\/gerardmerinfo\/#organization"},"image":{"@id":"https:\/\/vosgesinfo.fr\/gerardmerinfo\/?p=82157#primaryimage"},"thumbnailUrl":"https:\/\/vosgesinfo.fr\/app\/uploads\/sites\/6\/2025\/09\/foret-leffet-vosges-nature-reunion-lido-gerardmer-3.jpg","keywords":["For\u00eat l'effet Vosges","Franck Perry","le lido"],"articleSection":["A la une","\u00c9conomie","Epinal","Gerardmer","La plaine des vosges","Remiremont","Saint-di\u00e9","Tourisme","Vosges"],"inLanguage":"fr-FR","potentialAction":[{"@type":"CommentAction","name":"Comment","target":["https:\/\/vosgesinfo.fr\/gerardmerinfo\/?p=82157#respond"]}]},{"@type":"WebPage","@id":"https:\/\/vosgesinfo.fr\/gerardmerinfo\/?p=82157","url":"https:\/\/vosgesinfo.fr\/gerardmerinfo\/?p=82157","name":"La marque \"FOR\u00eaT l\u2019Effet Vosges\" - Faire de la nature un art de vivre - Gerardmer Info","isPartOf":{"@id":"https:\/\/vosgesinfo.fr\/gerardmerinfo\/#website"},"primaryImageOfPage":{"@id":"https:\/\/vosgesinfo.fr\/gerardmerinfo\/?p=82157#primaryimage"},"image":{"@id":"https:\/\/vosgesinfo.fr\/gerardmerinfo\/?p=82157#primaryimage"},"thumbnailUrl":"https:\/\/vosgesinfo.fr\/app\/uploads\/sites\/6\/2025\/09\/foret-leffet-vosges-nature-reunion-lido-gerardmer-3.jpg","datePublished":"2025-09-09T13:32:30+00:00","dateModified":"2025-09-09T13:32:30+00:00","breadcrumb":{"@id":"https:\/\/vosgesinfo.fr\/gerardmerinfo\/?p=82157#breadcrumb"},"inLanguage":"fr-FR","potentialAction":[{"@type":"ReadAction","target":["https:\/\/vosgesinfo.fr\/gerardmerinfo\/?p=82157"]}]},{"@type":"ImageObject","inLanguage":"fr-FR","@id":"https:\/\/vosgesinfo.fr\/gerardmerinfo\/?p=82157#primaryimage","url":"https:\/\/vosgesinfo.fr\/app\/uploads\/sites\/6\/2025\/09\/foret-leffet-vosges-nature-reunion-lido-gerardmer-3.jpg","contentUrl":"https:\/\/vosgesinfo.fr\/app\/uploads\/sites\/6\/2025\/09\/foret-leffet-vosges-nature-reunion-lido-gerardmer-3.jpg","width":1530,"height":2040},{"@type":"BreadcrumbList","@id":"https:\/\/vosgesinfo.fr\/gerardmerinfo\/?p=82157#breadcrumb","itemListElement":[{"@type":"ListItem","position":1,"name":"Home","item":"https:\/\/vosgesinfo.fr\/gerardmerinfo\/"},{"@type":"ListItem","position":2,"name":"La marque &#8220;FOR\u00eaT l\u2019Effet Vosges&#8221; &#8211; Faire de la nature un art de vivre"}]},{"@type":"WebSite","@id":"https:\/\/vosgesinfo.fr\/gerardmerinfo\/#website","url":"https:\/\/vosgesinfo.fr\/gerardmerinfo\/","name":"Gerardmer Info","description":"Toute l&#039;actualit\u00e9 de G\u00e9rardmer","publisher":{"@id":"https:\/\/vosgesinfo.fr\/gerardmerinfo\/#organization"},"alternateName":"Toute l'actualit\u00e9 de G\u00e9rardmer","potentialAction":[{"@type":"SearchAction","target":{"@type":"EntryPoint","urlTemplate":"https:\/\/vosgesinfo.fr\/gerardmerinfo\/?s={search_term_string}"},"query-input":"required name=search_term_string"}],"inLanguage":"fr-FR"},{"@type":"Organization","@id":"https:\/\/vosgesinfo.fr\/gerardmerinfo\/#organization","name":"Gerardmer Info","url":"https:\/\/vosgesinfo.fr\/gerardmerinfo\/","logo":{"@type":"ImageObject","inLanguage":"fr-FR","@id":"https:\/\/vosgesinfo.fr\/gerardmerinfo\/#\/schema\/logo\/image\/","url":"https:\/\/vosgesinfo.fr\/app\/uploads\/sites\/6\/2023\/08\/favicon-gerardmerinfo.png","contentUrl":"https:\/\/vosgesinfo.fr\/app\/uploads\/sites\/6\/2023\/08\/favicon-gerardmerinfo.png","width":512,"height":512,"caption":"Gerardmer Info"},"image":{"@id":"https:\/\/vosgesinfo.fr\/gerardmerinfo\/#\/schema\/logo\/image\/"},"sameAs":["https:\/\/www.facebook.com\/profile.php?id=100049475262660","https:\/\/x.com\/VosgesInfo88","https:\/\/www.youtube.com\/@vosgesinfo"]},{"@type":"Person","@id":"https:\/\/vosgesinfo.fr\/gerardmerinfo\/#\/schema\/person\/db5605779a843dad16b5368f3e7613a5","name":"QG","image":{"@type":"ImageObject","inLanguage":"fr-FR","@id":"https:\/\/vosgesinfo.fr\/gerardmerinfo\/#\/schema\/person\/image\/","url":"https:\/\/secure.gravatar.com\/avatar\/ea80c42c204b534408512832fde52504ecabb9706bcb6151cf6175e5b64e6793?s=96&d=mm&r=g","contentUrl":"https:\/\/secure.gravatar.com\/avatar\/ea80c42c204b534408512832fde52504ecabb9706bcb6151cf6175e5b64e6793?s=96&d=mm&r=g","caption":"QG"},"url":"https:\/\/vosgesinfo.fr\/gerardmerinfo\/author\/quentin88\/"}]}},"_links":{"self":[{"href":"https:\/\/vosgesinfo.fr\/gerardmerinfo\/wp-json\/wp\/v2\/posts\/82157","targetHints":{"allow":["GET"]}}],"collection":[{"href":"https:\/\/vosgesinfo.fr\/gerardmerinfo\/wp-json\/wp\/v2\/posts"}],"about":[{"href":"https:\/\/vosgesinfo.fr\/gerardmerinfo\/wp-json\/wp\/v2\/types\/post"}],"author":[{"embeddable":true,"href":"https:\/\/vosgesinfo.fr\/gerardmerinfo\/wp-json\/wp\/v2\/users\/42"}],"replies":[{"embeddable":true,"href":"https:\/\/vosgesinfo.fr\/gerardmerinfo\/wp-json\/wp\/v2\/comments?post=82157"}],"version-history":[{"count":2,"href":"https:\/\/vosgesinfo.fr\/gerardmerinfo\/wp-json\/wp\/v2\/posts\/82157\/revisions"}],"predecessor-version":[{"id":82162,"href":"https:\/\/vosgesinfo.fr\/gerardmerinfo\/wp-json\/wp\/v2\/posts\/82157\/revisions\/82162"}],"wp:featuredmedia":[{"embeddable":true,"href":"https:\/\/vosgesinfo.fr\/gerardmerinfo\/wp-json\/wp\/v2\/media\/82159"}],"wp:attachment":[{"href":"https:\/\/vosgesinfo.fr\/gerardmerinfo\/wp-json\/wp\/v2\/media?parent=82157"}],"wp:term":[{"taxonomy":"category","embeddable":true,"href":"https:\/\/vosgesinfo.fr\/gerardmerinfo\/wp-json\/wp\/v2\/categories?post=82157"},{"taxonomy":"post_tag","embeddable":true,"href":"https:\/\/vosgesinfo.fr\/gerardmerinfo\/wp-json\/wp\/v2\/tags?post=82157"}],"curies":[{"name":"wp","href":"https:\/\/api.w.org\/{rel}","templated":true}]}}