{"id":8287,"date":"2024-04-18T16:31:16","date_gmt":"2024-04-18T14:31:16","guid":{"rendered":"https:\/\/vosgesinfo.fr\/gerardmerinfo\/?p=8287"},"modified":"2024-04-18T16:31:16","modified_gmt":"2024-04-18T14:31:16","slug":"une-1ere-rencontre-clee-prometteuse-pour-les-deux-lycees-professionnels","status":"publish","type":"post","link":"https:\/\/vosgesinfo.fr\/gerardmerinfo\/2024\/04\/une-1ere-rencontre-clee-prometteuse-pour-les-deux-lycees-professionnels\/","title":{"rendered":"Une 1\u00e8re rencontre CLEE prometteuse pour les deux lyc\u00e9es professionnels"},"content":{"rendered":"<p>&nbsp;<\/p>\n<p><strong><a href=\"https:\/\/vosgesinfo.fr\/app\/uploads\/sites\/6\/2024\/04\/rencontres-clee-2-scaled.jpeg\"><img decoding=\"async\" class=\"aligncenter size-large wp-image-8289\" src=\"https:\/\/vosgesinfo.fr\/app\/uploads\/sites\/6\/2024\/04\/rencontres-clee-2-1024x768.jpeg\" alt=\"\" width=\"1024\" height=\"768\" srcset=\"https:\/\/vosgesinfo.fr\/app\/uploads\/sites\/6\/2024\/04\/rencontres-clee-2-1024x768.jpeg 1024w, https:\/\/vosgesinfo.fr\/app\/uploads\/sites\/6\/2024\/04\/rencontres-clee-2-300x225.jpeg 300w, https:\/\/vosgesinfo.fr\/app\/uploads\/sites\/6\/2024\/04\/rencontres-clee-2-768x576.jpeg 768w, https:\/\/vosgesinfo.fr\/app\/uploads\/sites\/6\/2024\/04\/rencontres-clee-2-1536x1152.jpeg 1536w, https:\/\/vosgesinfo.fr\/app\/uploads\/sites\/6\/2024\/04\/rencontres-clee-2-2048x1536.jpeg 2048w\" sizes=\"(max-width: 1024px) 100vw, 1024px\" \/><\/a><\/strong><\/p>\n<p>&nbsp;<\/p>\n<p><strong>C\u2019est \u00e0 l\u2019Espace Lac ce mercredi 17 avril que s\u2019est d\u00e9roul\u00e9e la premi\u00e8re rencontre du Comit\u00e9 Local Ecole Entreprise qui r\u00e9unissait les lyc\u00e9es JBS Chardin et Pierre Gilles de Gennes et les entreprises locales des m\u00e9tiers de bouche et du transport.<\/strong><\/p>\n<p>Le proviseur du lyc\u00e9e JBS Chardin Francis Vignola supervisait cette premi\u00e8re \u00e9dition qui \u00e9tait mise en place simultan\u00e9ment \u00e0 G\u00e9rardmer, St-Di\u00e9 et Remiremont. Une quinzaine d\u2019entreprises \u00e9tait pr\u00e9sente \u00e0 l\u2019Espace Lac et proposaient Stages, job d\u2019\u00e9t\u00e9 et ou emploi aux \u00e9l\u00e8ves. Une invitation a \u00e9galement \u00e9t\u00e9 adress\u00e9e aux coll\u00e9giens du d\u00e9partement. \u00ab C\u2019est tr\u00e8s important que les 2 mondes se connaissent et se rencontrent. Qu\u2019il y ait un \u00e9change entre les scolaires et le monde de l\u2019entreprise \u00bb dit il. Les 2 secteurs d\u2019activit\u00e9 invit\u00e9s sont diam\u00e9tralement oppos\u00e9s, le transport et la m\u00e9canique d\u2019un c\u00f4t\u00e9, les m\u00e9tiers de bouche de l\u2019autre, ils repr\u00e9sentent toutefois les secteurs forts du bassin local de l\u2019emploi. Le proviseur pr\u00e9cise que depuis cette ann\u00e9e un bureau des entreprises a \u00e9t\u00e9 cr\u00e9e \u00e0 temps partag\u00e9 entre les 2 \u00e9tablissements g\u00e9r\u00f4mois.<\/p>\n<p>Une belle fr\u00e9quentation pour cette rencontre, les \u00e9l\u00e8ves de terminale et de premi\u00e8re ainsi que certains \u00e9l\u00e8ves de 3<sup>\u00e8me<\/sup> et leur famille ont fait le d\u00e9placement et ont pu se renseigner aupr\u00e8s des professionnels. L\u2019ex professeur de m\u00e9canique auto Pascal Georgel a assur\u00e9 l\u2019animation avec sa voiture \u00e9lectrique qu\u2019il a con\u00e7ue de A \u00e0 Z.<\/p>\n\n\t\t<style type=\"text\/css\">\n\t\t\t#gallery-1 {\n\t\t\t\tmargin: auto;\n\t\t\t}\n\t\t\t#gallery-1 .gallery-item {\n\t\t\t\tfloat: left;\n\t\t\t\tmargin-top: 10px;\n\t\t\t\ttext-align: center;\n\t\t\t\twidth: 50%;\n\t\t\t}\n\t\t\t#gallery-1 img {\n\t\t\t\tborder: 2px solid #cfcfcf;\n\t\t\t}\n\t\t\t#gallery-1 .gallery-caption {\n\t\t\t\tmargin-left: 0;\n\t\t\t}\n\t\t\t\/* see gallery_shortcode() in wp-includes\/media.php *\/\n\t\t<\/style>\n\t\t<div id='gallery-1' class='gallery galleryid-8287 gallery-columns-2 gallery-size-medium'><dl class='gallery-item'>\n\t\t\t<dt class='gallery-icon landscape'>\n\t\t\t\t<a href='https:\/\/vosgesinfo.fr\/app\/uploads\/sites\/6\/2024\/04\/rencontres-clee-scaled.jpg'><img decoding=\"async\" width=\"300\" height=\"225\" src=\"https:\/\/vosgesinfo.fr\/app\/uploads\/sites\/6\/2024\/04\/rencontres-clee-300x225.jpg\" class=\"attachment-medium size-medium\" alt=\"\" srcset=\"https:\/\/vosgesinfo.fr\/app\/uploads\/sites\/6\/2024\/04\/rencontres-clee-300x225.jpg 300w, https:\/\/vosgesinfo.fr\/app\/uploads\/sites\/6\/2024\/04\/rencontres-clee-1024x768.jpg 1024w, https:\/\/vosgesinfo.fr\/app\/uploads\/sites\/6\/2024\/04\/rencontres-clee-768x576.jpg 768w, https:\/\/vosgesinfo.fr\/app\/uploads\/sites\/6\/2024\/04\/rencontres-clee-1536x1152.jpg 1536w, https:\/\/vosgesinfo.fr\/app\/uploads\/sites\/6\/2024\/04\/rencontres-clee-2048x1536.jpg 2048w\" sizes=\"(max-width: 300px) 100vw, 300px\" \/><\/a>\n\t\t\t<\/dt><\/dl><dl class='gallery-item'>\n\t\t\t<dt class='gallery-icon landscape'>\n\t\t\t\t<a href='https:\/\/vosgesinfo.fr\/app\/uploads\/sites\/6\/2024\/04\/rencontres-clee-4-scaled.jpeg'><img decoding=\"async\" width=\"300\" height=\"225\" src=\"https:\/\/vosgesinfo.fr\/app\/uploads\/sites\/6\/2024\/04\/rencontres-clee-4-300x225.jpeg\" class=\"attachment-medium size-medium\" alt=\"\" srcset=\"https:\/\/vosgesinfo.fr\/app\/uploads\/sites\/6\/2024\/04\/rencontres-clee-4-300x225.jpeg 300w, https:\/\/vosgesinfo.fr\/app\/uploads\/sites\/6\/2024\/04\/rencontres-clee-4-1024x768.jpeg 1024w, https:\/\/vosgesinfo.fr\/app\/uploads\/sites\/6\/2024\/04\/rencontres-clee-4-768x576.jpeg 768w, https:\/\/vosgesinfo.fr\/app\/uploads\/sites\/6\/2024\/04\/rencontres-clee-4-1536x1152.jpeg 1536w, https:\/\/vosgesinfo.fr\/app\/uploads\/sites\/6\/2024\/04\/rencontres-clee-4-2048x1536.jpeg 2048w\" sizes=\"(max-width: 300px) 100vw, 300px\" \/><\/a>\n\t\t\t<\/dt><\/dl><br style=\"clear: both\" \/><dl class='gallery-item'>\n\t\t\t<dt class='gallery-icon landscape'>\n\t\t\t\t<a href='https:\/\/vosgesinfo.fr\/app\/uploads\/sites\/6\/2024\/04\/img-1473-scaled.jpeg'><img decoding=\"async\" width=\"300\" height=\"225\" src=\"https:\/\/vosgesinfo.fr\/app\/uploads\/sites\/6\/2024\/04\/img-1473-300x225.jpeg\" class=\"attachment-medium size-medium\" alt=\"\" srcset=\"https:\/\/vosgesinfo.fr\/app\/uploads\/sites\/6\/2024\/04\/img-1473-300x225.jpeg 300w, https:\/\/vosgesinfo.fr\/app\/uploads\/sites\/6\/2024\/04\/img-1473-1024x768.jpeg 1024w, https:\/\/vosgesinfo.fr\/app\/uploads\/sites\/6\/2024\/04\/img-1473-768x576.jpeg 768w, https:\/\/vosgesinfo.fr\/app\/uploads\/sites\/6\/2024\/04\/img-1473-1536x1152.jpeg 1536w, https:\/\/vosgesinfo.fr\/app\/uploads\/sites\/6\/2024\/04\/img-1473-2048x1536.jpeg 2048w\" sizes=\"(max-width: 300px) 100vw, 300px\" \/><\/a>\n\t\t\t<\/dt><\/dl><dl class='gallery-item'>\n\t\t\t<dt class='gallery-icon landscape'>\n\t\t\t\t<a href='https:\/\/vosgesinfo.fr\/app\/uploads\/sites\/6\/2024\/04\/rencontres-clee-1-scaled.jpeg'><img decoding=\"async\" width=\"300\" height=\"225\" src=\"https:\/\/vosgesinfo.fr\/app\/uploads\/sites\/6\/2024\/04\/rencontres-clee-1-300x225.jpeg\" class=\"attachment-medium size-medium\" alt=\"\" srcset=\"https:\/\/vosgesinfo.fr\/app\/uploads\/sites\/6\/2024\/04\/rencontres-clee-1-300x225.jpeg 300w, https:\/\/vosgesinfo.fr\/app\/uploads\/sites\/6\/2024\/04\/rencontres-clee-1-1024x768.jpeg 1024w, https:\/\/vosgesinfo.fr\/app\/uploads\/sites\/6\/2024\/04\/rencontres-clee-1-768x576.jpeg 768w, https:\/\/vosgesinfo.fr\/app\/uploads\/sites\/6\/2024\/04\/rencontres-clee-1-1536x1152.jpeg 1536w, https:\/\/vosgesinfo.fr\/app\/uploads\/sites\/6\/2024\/04\/rencontres-clee-1-2048x1536.jpeg 2048w\" sizes=\"(max-width: 300px) 100vw, 300px\" \/><\/a>\n\t\t\t<\/dt><\/dl><br style=\"clear: both\" \/>\n\t\t<\/div>\n\n","protected":false},"excerpt":{"rendered":"<p>&nbsp; &nbsp; C\u2019est \u00e0 l\u2019Espace Lac ce mercredi 17 avril que s\u2019est d\u00e9roul\u00e9e la premi\u00e8re rencontre du Comit\u00e9 Local Ecole [&hellip;]<\/p>\n","protected":false},"author":258,"featured_media":8289,"comment_status":"open","ping_status":"open","sticky":false,"template":"","format":"standard","meta":{"footnotes":""},"categories":[20,6,25,31],"tags":[736,530,544,1068,1043],"class_list":["post-8287","post","type-post","status-publish","format-standard","has-post-thumbnail","hentry","category-a-la-une","category-education","category-gerardmer","category-vosges-faits-divers","tag-espace-lac","tag-lycee-chardin","tag-lycee-pierre-gilles-de-gennes","tag-rencontres-clee","tag-rencontres-entreprises"],"acf":[],"yoast_head":"<!-- This site is optimized with the Yoast SEO plugin v22.5 - https:\/\/yoast.com\/wordpress\/plugins\/seo\/ -->\n<title>Une 1\u00e8re rencontre CLEE prometteuse pour les deux lyc\u00e9es professionnels - Gerardmer Info<\/title>\n<meta name=\"robots\" content=\"index, follow, max-snippet:-1, max-image-preview:large, max-video-preview:-1\" \/>\n<link rel=\"canonical\" href=\"https:\/\/vosgesinfo.fr\/gerardmerinfo\/?p=8287\" \/>\n<meta name=\"twitter:card\" content=\"summary_large_image\" \/>\n<meta name=\"twitter:title\" content=\"Une 1\u00e8re rencontre CLEE prometteuse pour les deux lyc\u00e9es professionnels - Gerardmer Info\" \/>\n<meta name=\"twitter:description\" content=\"&nbsp; &nbsp; C\u2019est \u00e0 l\u2019Espace Lac ce mercredi 17 avril que s\u2019est d\u00e9roul\u00e9e la premi\u00e8re rencontre du Comit\u00e9 Local Ecole [&hellip;]\" \/>\n<meta name=\"twitter:image\" content=\"https:\/\/vosgesinfo.fr\/app\/uploads\/sites\/6\/2024\/04\/rencontres-clee-2-scaled.jpeg\" \/>\n<meta name=\"twitter:creator\" content=\"@VosgesInfo88\" \/>\n<meta name=\"twitter:site\" content=\"@VosgesInfo88\" \/>\n<meta name=\"twitter:label1\" content=\"\u00c9crit par\" \/>\n\t<meta name=\"twitter:data1\" content=\"I.N\" \/>\n\t<meta name=\"twitter:label2\" content=\"Dur\u00e9e de lecture estim\u00e9e\" \/>\n\t<meta name=\"twitter:data2\" content=\"2 minutes\" \/>\n<script type=\"application\/ld+json\" class=\"yoast-schema-graph\">{\"@context\":\"https:\/\/schema.org\",\"@graph\":[{\"@type\":\"Article\",\"@id\":\"https:\/\/vosgesinfo.fr\/gerardmerinfo\/?p=8287#article\",\"isPartOf\":{\"@id\":\"https:\/\/vosgesinfo.fr\/gerardmerinfo\/?p=8287\"},\"author\":{\"name\":\"I.N\",\"@id\":\"https:\/\/vosgesinfo.fr\/gerardmerinfo\/#\/schema\/person\/bb210d3430e59ff5cd247deaccb63615\"},\"headline\":\"Une 1\u00e8re rencontre CLEE prometteuse pour les deux lyc\u00e9es professionnels\",\"datePublished\":\"2024-04-18T14:31:16+00:00\",\"dateModified\":\"2024-04-18T14:31:16+00:00\",\"mainEntityOfPage\":{\"@id\":\"https:\/\/vosgesinfo.fr\/gerardmerinfo\/?p=8287\"},\"wordCount\":291,\"commentCount\":0,\"publisher\":{\"@id\":\"https:\/\/vosgesinfo.fr\/gerardmerinfo\/#organization\"},\"image\":{\"@id\":\"https:\/\/vosgesinfo.fr\/gerardmerinfo\/?p=8287#primaryimage\"},\"thumbnailUrl\":\"https:\/\/vosgesinfo.fr\/app\/uploads\/sites\/6\/2024\/04\/rencontres-clee-2-scaled.jpeg\",\"keywords\":[\"espace lac\",\"lyc\u00e9e chardin\",\"lyc\u00e9e pierre gilles de gennes\",\"rencontres CLEE\",\"rencontres entreprises\"],\"articleSection\":[\"A la une\",\"\u00c9ducation\",\"G\u00e9rardmer\",\"Vosges\"],\"inLanguage\":\"fr-FR\",\"potentialAction\":[{\"@type\":\"CommentAction\",\"name\":\"Comment\",\"target\":[\"https:\/\/vosgesinfo.fr\/gerardmerinfo\/?p=8287#respond\"]}]},{\"@type\":\"WebPage\",\"@id\":\"https:\/\/vosgesinfo.fr\/gerardmerinfo\/?p=8287\",\"url\":\"https:\/\/vosgesinfo.fr\/gerardmerinfo\/?p=8287\",\"name\":\"Une 1\u00e8re rencontre CLEE prometteuse pour les deux lyc\u00e9es professionnels - Gerardmer Info\",\"isPartOf\":{\"@id\":\"https:\/\/vosgesinfo.fr\/gerardmerinfo\/#website\"},\"primaryImageOfPage\":{\"@id\":\"https:\/\/vosgesinfo.fr\/gerardmerinfo\/?p=8287#primaryimage\"},\"image\":{\"@id\":\"https:\/\/vosgesinfo.fr\/gerardmerinfo\/?p=8287#primaryimage\"},\"thumbnailUrl\":\"https:\/\/vosgesinfo.fr\/app\/uploads\/sites\/6\/2024\/04\/rencontres-clee-2-scaled.jpeg\",\"datePublished\":\"2024-04-18T14:31:16+00:00\",\"dateModified\":\"2024-04-18T14:31:16+00:00\",\"breadcrumb\":{\"@id\":\"https:\/\/vosgesinfo.fr\/gerardmerinfo\/?p=8287#breadcrumb\"},\"inLanguage\":\"fr-FR\",\"potentialAction\":[{\"@type\":\"ReadAction\",\"target\":[\"https:\/\/vosgesinfo.fr\/gerardmerinfo\/?p=8287\"]}]},{\"@type\":\"ImageObject\",\"inLanguage\":\"fr-FR\",\"@id\":\"https:\/\/vosgesinfo.fr\/gerardmerinfo\/?p=8287#primaryimage\",\"url\":\"https:\/\/vosgesinfo.fr\/app\/uploads\/sites\/6\/2024\/04\/rencontres-clee-2-scaled.jpeg\",\"contentUrl\":\"https:\/\/vosgesinfo.fr\/app\/uploads\/sites\/6\/2024\/04\/rencontres-clee-2-scaled.jpeg\",\"width\":2560,\"height\":1920},{\"@type\":\"BreadcrumbList\",\"@id\":\"https:\/\/vosgesinfo.fr\/gerardmerinfo\/?p=8287#breadcrumb\",\"itemListElement\":[{\"@type\":\"ListItem\",\"position\":1,\"name\":\"Home\",\"item\":\"https:\/\/vosgesinfo.fr\/gerardmerinfo\/\"},{\"@type\":\"ListItem\",\"position\":2,\"name\":\"Une 1\u00e8re rencontre CLEE prometteuse\"}]},{\"@type\":\"WebSite\",\"@id\":\"https:\/\/vosgesinfo.fr\/gerardmerinfo\/#website\",\"url\":\"https:\/\/vosgesinfo.fr\/gerardmerinfo\/\",\"name\":\"Gerardmer Info\",\"description\":\"Toute l&#039;actualit\u00e9 de G\u00e9rardmer\",\"publisher\":{\"@id\":\"https:\/\/vosgesinfo.fr\/gerardmerinfo\/#organization\"},\"alternateName\":\"Toute l'actualit\u00e9 de G\u00e9rardmer\",\"potentialAction\":[{\"@type\":\"SearchAction\",\"target\":{\"@type\":\"EntryPoint\",\"urlTemplate\":\"https:\/\/vosgesinfo.fr\/gerardmerinfo\/?s={search_term_string}\"},\"query-input\":\"required name=search_term_string\"}],\"inLanguage\":\"fr-FR\"},{\"@type\":\"Organization\",\"@id\":\"https:\/\/vosgesinfo.fr\/gerardmerinfo\/#organization\",\"name\":\"Gerardmer Info\",\"url\":\"https:\/\/vosgesinfo.fr\/gerardmerinfo\/\",\"logo\":{\"@type\":\"ImageObject\",\"inLanguage\":\"fr-FR\",\"@id\":\"https:\/\/vosgesinfo.fr\/gerardmerinfo\/#\/schema\/logo\/image\/\",\"url\":\"https:\/\/vosgesinfo.fr\/app\/uploads\/sites\/6\/2023\/08\/favicon-gerardmerinfo.png\",\"contentUrl\":\"https:\/\/vosgesinfo.fr\/app\/uploads\/sites\/6\/2023\/08\/favicon-gerardmerinfo.png\",\"width\":512,\"height\":512,\"caption\":\"Gerardmer Info\"},\"image\":{\"@id\":\"https:\/\/vosgesinfo.fr\/gerardmerinfo\/#\/schema\/logo\/image\/\"},\"sameAs\":[\"https:\/\/www.facebook.com\/profile.php?id=100049475262660\",\"https:\/\/x.com\/VosgesInfo88\",\"https:\/\/www.youtube.com\/@vosgesinfo\"]},{\"@type\":\"Person\",\"@id\":\"https:\/\/vosgesinfo.fr\/gerardmerinfo\/#\/schema\/person\/bb210d3430e59ff5cd247deaccb63615\",\"name\":\"I.N\",\"image\":{\"@type\":\"ImageObject\",\"inLanguage\":\"fr-FR\",\"@id\":\"https:\/\/vosgesinfo.fr\/gerardmerinfo\/#\/schema\/person\/image\/\",\"url\":\"https:\/\/secure.gravatar.com\/avatar\/612d5c20a39b1c8bc5675cc8e3d99e120730e7d080423fdafec485619845af71?s=96&d=mm&r=g\",\"contentUrl\":\"https:\/\/secure.gravatar.com\/avatar\/612d5c20a39b1c8bc5675cc8e3d99e120730e7d080423fdafec485619845af71?s=96&d=mm&r=g\",\"caption\":\"I.N\"},\"url\":\"https:\/\/vosgesinfo.fr\/gerardmerinfo\/author\/i-ngerardmer\/\"}]}<\/script>\n<!-- \/ Yoast SEO plugin. -->","yoast_head_json":{"title":"Une 1\u00e8re rencontre CLEE prometteuse pour les deux lyc\u00e9es professionnels - Gerardmer Info","robots":{"index":"index","follow":"follow","max-snippet":"max-snippet:-1","max-image-preview":"max-image-preview:large","max-video-preview":"max-video-preview:-1"},"canonical":"https:\/\/vosgesinfo.fr\/gerardmerinfo\/?p=8287","twitter_card":"summary_large_image","twitter_title":"Une 1\u00e8re rencontre CLEE prometteuse pour les deux lyc\u00e9es professionnels - Gerardmer Info","twitter_description":"&nbsp; &nbsp; C\u2019est \u00e0 l\u2019Espace Lac ce mercredi 17 avril que s\u2019est d\u00e9roul\u00e9e la premi\u00e8re rencontre du Comit\u00e9 Local Ecole [&hellip;]","twitter_image":"https:\/\/vosgesinfo.fr\/app\/uploads\/sites\/6\/2024\/04\/rencontres-clee-2-scaled.jpeg","twitter_creator":"@VosgesInfo88","twitter_site":"@VosgesInfo88","twitter_misc":{"\u00c9crit par":"I.N","Dur\u00e9e de lecture estim\u00e9e":"2 minutes"},"schema":{"@context":"https:\/\/schema.org","@graph":[{"@type":"Article","@id":"https:\/\/vosgesinfo.fr\/gerardmerinfo\/?p=8287#article","isPartOf":{"@id":"https:\/\/vosgesinfo.fr\/gerardmerinfo\/?p=8287"},"author":{"name":"I.N","@id":"https:\/\/vosgesinfo.fr\/gerardmerinfo\/#\/schema\/person\/bb210d3430e59ff5cd247deaccb63615"},"headline":"Une 1\u00e8re rencontre CLEE prometteuse pour les deux lyc\u00e9es professionnels","datePublished":"2024-04-18T14:31:16+00:00","dateModified":"2024-04-18T14:31:16+00:00","mainEntityOfPage":{"@id":"https:\/\/vosgesinfo.fr\/gerardmerinfo\/?p=8287"},"wordCount":291,"commentCount":0,"publisher":{"@id":"https:\/\/vosgesinfo.fr\/gerardmerinfo\/#organization"},"image":{"@id":"https:\/\/vosgesinfo.fr\/gerardmerinfo\/?p=8287#primaryimage"},"thumbnailUrl":"https:\/\/vosgesinfo.fr\/app\/uploads\/sites\/6\/2024\/04\/rencontres-clee-2-scaled.jpeg","keywords":["espace lac","lyc\u00e9e chardin","lyc\u00e9e pierre gilles de gennes","rencontres CLEE","rencontres entreprises"],"articleSection":["A la une","\u00c9ducation","G\u00e9rardmer","Vosges"],"inLanguage":"fr-FR","potentialAction":[{"@type":"CommentAction","name":"Comment","target":["https:\/\/vosgesinfo.fr\/gerardmerinfo\/?p=8287#respond"]}]},{"@type":"WebPage","@id":"https:\/\/vosgesinfo.fr\/gerardmerinfo\/?p=8287","url":"https:\/\/vosgesinfo.fr\/gerardmerinfo\/?p=8287","name":"Une 1\u00e8re rencontre CLEE prometteuse pour les deux lyc\u00e9es professionnels - Gerardmer Info","isPartOf":{"@id":"https:\/\/vosgesinfo.fr\/gerardmerinfo\/#website"},"primaryImageOfPage":{"@id":"https:\/\/vosgesinfo.fr\/gerardmerinfo\/?p=8287#primaryimage"},"image":{"@id":"https:\/\/vosgesinfo.fr\/gerardmerinfo\/?p=8287#primaryimage"},"thumbnailUrl":"https:\/\/vosgesinfo.fr\/app\/uploads\/sites\/6\/2024\/04\/rencontres-clee-2-scaled.jpeg","datePublished":"2024-04-18T14:31:16+00:00","dateModified":"2024-04-18T14:31:16+00:00","breadcrumb":{"@id":"https:\/\/vosgesinfo.fr\/gerardmerinfo\/?p=8287#breadcrumb"},"inLanguage":"fr-FR","potentialAction":[{"@type":"ReadAction","target":["https:\/\/vosgesinfo.fr\/gerardmerinfo\/?p=8287"]}]},{"@type":"ImageObject","inLanguage":"fr-FR","@id":"https:\/\/vosgesinfo.fr\/gerardmerinfo\/?p=8287#primaryimage","url":"https:\/\/vosgesinfo.fr\/app\/uploads\/sites\/6\/2024\/04\/rencontres-clee-2-scaled.jpeg","contentUrl":"https:\/\/vosgesinfo.fr\/app\/uploads\/sites\/6\/2024\/04\/rencontres-clee-2-scaled.jpeg","width":2560,"height":1920},{"@type":"BreadcrumbList","@id":"https:\/\/vosgesinfo.fr\/gerardmerinfo\/?p=8287#breadcrumb","itemListElement":[{"@type":"ListItem","position":1,"name":"Home","item":"https:\/\/vosgesinfo.fr\/gerardmerinfo\/"},{"@type":"ListItem","position":2,"name":"Une 1\u00e8re rencontre CLEE prometteuse"}]},{"@type":"WebSite","@id":"https:\/\/vosgesinfo.fr\/gerardmerinfo\/#website","url":"https:\/\/vosgesinfo.fr\/gerardmerinfo\/","name":"Gerardmer Info","description":"Toute l&#039;actualit\u00e9 de G\u00e9rardmer","publisher":{"@id":"https:\/\/vosgesinfo.fr\/gerardmerinfo\/#organization"},"alternateName":"Toute l'actualit\u00e9 de G\u00e9rardmer","potentialAction":[{"@type":"SearchAction","target":{"@type":"EntryPoint","urlTemplate":"https:\/\/vosgesinfo.fr\/gerardmerinfo\/?s={search_term_string}"},"query-input":"required name=search_term_string"}],"inLanguage":"fr-FR"},{"@type":"Organization","@id":"https:\/\/vosgesinfo.fr\/gerardmerinfo\/#organization","name":"Gerardmer Info","url":"https:\/\/vosgesinfo.fr\/gerardmerinfo\/","logo":{"@type":"ImageObject","inLanguage":"fr-FR","@id":"https:\/\/vosgesinfo.fr\/gerardmerinfo\/#\/schema\/logo\/image\/","url":"https:\/\/vosgesinfo.fr\/app\/uploads\/sites\/6\/2023\/08\/favicon-gerardmerinfo.png","contentUrl":"https:\/\/vosgesinfo.fr\/app\/uploads\/sites\/6\/2023\/08\/favicon-gerardmerinfo.png","width":512,"height":512,"caption":"Gerardmer Info"},"image":{"@id":"https:\/\/vosgesinfo.fr\/gerardmerinfo\/#\/schema\/logo\/image\/"},"sameAs":["https:\/\/www.facebook.com\/profile.php?id=100049475262660","https:\/\/x.com\/VosgesInfo88","https:\/\/www.youtube.com\/@vosgesinfo"]},{"@type":"Person","@id":"https:\/\/vosgesinfo.fr\/gerardmerinfo\/#\/schema\/person\/bb210d3430e59ff5cd247deaccb63615","name":"I.N","image":{"@type":"ImageObject","inLanguage":"fr-FR","@id":"https:\/\/vosgesinfo.fr\/gerardmerinfo\/#\/schema\/person\/image\/","url":"https:\/\/secure.gravatar.com\/avatar\/612d5c20a39b1c8bc5675cc8e3d99e120730e7d080423fdafec485619845af71?s=96&d=mm&r=g","contentUrl":"https:\/\/secure.gravatar.com\/avatar\/612d5c20a39b1c8bc5675cc8e3d99e120730e7d080423fdafec485619845af71?s=96&d=mm&r=g","caption":"I.N"},"url":"https:\/\/vosgesinfo.fr\/gerardmerinfo\/author\/i-ngerardmer\/"}]}},"_links":{"self":[{"href":"https:\/\/vosgesinfo.fr\/gerardmerinfo\/wp-json\/wp\/v2\/posts\/8287","targetHints":{"allow":["GET"]}}],"collection":[{"href":"https:\/\/vosgesinfo.fr\/gerardmerinfo\/wp-json\/wp\/v2\/posts"}],"about":[{"href":"https:\/\/vosgesinfo.fr\/gerardmerinfo\/wp-json\/wp\/v2\/types\/post"}],"author":[{"embeddable":true,"href":"https:\/\/vosgesinfo.fr\/gerardmerinfo\/wp-json\/wp\/v2\/users\/258"}],"replies":[{"embeddable":true,"href":"https:\/\/vosgesinfo.fr\/gerardmerinfo\/wp-json\/wp\/v2\/comments?post=8287"}],"version-history":[{"count":5,"href":"https:\/\/vosgesinfo.fr\/gerardmerinfo\/wp-json\/wp\/v2\/posts\/8287\/revisions"}],"predecessor-version":[{"id":8326,"href":"https:\/\/vosgesinfo.fr\/gerardmerinfo\/wp-json\/wp\/v2\/posts\/8287\/revisions\/8326"}],"wp:featuredmedia":[{"embeddable":true,"href":"https:\/\/vosgesinfo.fr\/gerardmerinfo\/wp-json\/wp\/v2\/media\/8289"}],"wp:attachment":[{"href":"https:\/\/vosgesinfo.fr\/gerardmerinfo\/wp-json\/wp\/v2\/media?parent=8287"}],"wp:term":[{"taxonomy":"category","embeddable":true,"href":"https:\/\/vosgesinfo.fr\/gerardmerinfo\/wp-json\/wp\/v2\/categories?post=8287"},{"taxonomy":"post_tag","embeddable":true,"href":"https:\/\/vosgesinfo.fr\/gerardmerinfo\/wp-json\/wp\/v2\/tags?post=8287"}],"curies":[{"name":"wp","href":"https:\/\/api.w.org\/{rel}","templated":true}]}}