{"id":8318,"date":"2024-04-18T15:45:35","date_gmt":"2024-04-18T13:45:35","guid":{"rendered":"https:\/\/vosgesinfo.fr\/gerardmerinfo\/?p=8318"},"modified":"2024-04-18T15:47:16","modified_gmt":"2024-04-18T13:47:16","slug":"facturation-de-leau-et-assainissement-sur-le-territoire-de-la-ccghv","status":"publish","type":"post","link":"https:\/\/vosgesinfo.fr\/gerardmerinfo\/2024\/04\/facturation-de-leau-et-assainissement-sur-le-territoire-de-la-ccghv\/","title":{"rendered":"Facturation de l\u2019eau et assainissement sur le territoire de la CCGHV"},"content":{"rendered":"<p>Depuis le 1<sup>er<\/sup> janvier 2023, la Communaut\u00e9 de Communes G\u00e9rardmer Hautes Vosges (CCGHV) d\u00e9tient la comp\u00e9tence eau\/assainissement.<\/p>\n<p>A ce titre, c\u2019est la CCGHV qui g\u00e8re la facturation de ces services.<\/p>\n<p>La facturation se fait d\u00e9sormais en deux temps\u00a0:<\/p>\n<ul>\n<li>en d\u00e9but d\u2019ann\u00e9e\u00a0: facturation de la part fixe ou \u00ab\u00a0abonnement\u00a0\u00bb\u00a0;<\/li>\n<li>en fin d&rsquo;ann\u00e9e : facturation des consommations, sur la base des relev\u00e9s de compteurs.<\/li>\n<\/ul>\n<p>Les factures \u00a0correspondant \u00e0 la part abonnement viennent d\u2019\u00eatre \u00e9dit\u00e9es et ont \u00e9t\u00e9 envoy\u00e9es \u00e0 chaque abonn\u00e9 non mensualis\u00e9.<\/p>\n<p>Pour tout renseignement, n\u2019h\u00e9sitez pas \u00e0 joindre le service en charge du secr\u00e9tariat et de la facturation au 03-29-60-60-76, ou 03-29-60-60-70, ou par \u00e9mail \u00e0 <a href=\"mailto:eau.assainissement@ccghv.fr\">eau.assainissement@ccghv.fr<\/a><\/p>\n","protected":false},"excerpt":{"rendered":"<p>Depuis le 1er janvier 2023, la Communaut\u00e9 de Communes G\u00e9rardmer Hautes Vosges (CCGHV) d\u00e9tient la comp\u00e9tence eau\/assainissement. A ce titre, [&hellip;]<\/p>\n","protected":false},"author":1,"featured_media":319,"comment_status":"open","ping_status":"open","sticky":false,"template":"","format":"standard","meta":{"footnotes":""},"categories":[20,25,41,42,40],"tags":[1072,1074,1073,1070,1071],"class_list":["post-8318","post","type-post","status-publish","format-standard","has-post-thumbnail","hentry","category-a-la-une","category-gerardmer","category-liezey","category-xonrupt-longemer","category-xonrupt-liezey","tag-communaute-de-commune","tag-eau","tag-facture","tag-gerardmer-info","tag-matin"],"acf":[],"yoast_head":"<!-- This site is optimized with the Yoast SEO plugin v22.5 - https:\/\/yoast.com\/wordpress\/plugins\/seo\/ -->\n<title>Facturation de l\u2019eau et assainissement sur le territoire de la CCGHV - Gerardmer Info<\/title>\n<meta name=\"robots\" content=\"index, follow, max-snippet:-1, max-image-preview:large, max-video-preview:-1\" \/>\n<link rel=\"canonical\" href=\"https:\/\/vosgesinfo.fr\/gerardmerinfo\/2024\/04\/facturation-de-leau-et-assainissement-sur-le-territoire-de-la-ccghv\/\" \/>\n<meta name=\"twitter:card\" content=\"summary_large_image\" \/>\n<meta name=\"twitter:title\" content=\"Facturation de l\u2019eau et assainissement sur le territoire de la CCGHV - Gerardmer Info\" \/>\n<meta name=\"twitter:description\" content=\"Depuis le 1er janvier 2023, la Communaut\u00e9 de Communes G\u00e9rardmer Hautes Vosges (CCGHV) d\u00e9tient la comp\u00e9tence eau\/assainissement. A ce titre, [&hellip;]\" \/>\n<meta name=\"twitter:image\" content=\"https:\/\/vosgesinfo.fr\/app\/uploads\/sites\/6\/2022\/05\/logo-ccghv.jpg\" \/>\n<meta name=\"twitter:creator\" content=\"@VosgesInfo88\" \/>\n<meta name=\"twitter:site\" content=\"@VosgesInfo88\" \/>\n<meta name=\"twitter:label1\" content=\"\u00c9crit par\" \/>\n\t<meta name=\"twitter:data1\" content=\"qs_admin\" \/>\n\t<meta name=\"twitter:label2\" content=\"Dur\u00e9e de lecture estim\u00e9e\" \/>\n\t<meta name=\"twitter:data2\" content=\"1 minute\" \/>\n<script type=\"application\/ld+json\" class=\"yoast-schema-graph\">{\"@context\":\"https:\/\/schema.org\",\"@graph\":[{\"@type\":\"Article\",\"@id\":\"https:\/\/vosgesinfo.fr\/gerardmerinfo\/2024\/04\/facturation-de-leau-et-assainissement-sur-le-territoire-de-la-ccghv\/#article\",\"isPartOf\":{\"@id\":\"https:\/\/vosgesinfo.fr\/gerardmerinfo\/2024\/04\/facturation-de-leau-et-assainissement-sur-le-territoire-de-la-ccghv\/\"},\"author\":{\"name\":\"qs_admin\",\"@id\":\"https:\/\/vosgesinfo.fr\/gerardmerinfo\/#\/schema\/person\/bc5d02d71e6932e81b6dadb7386667b1\"},\"headline\":\"Facturation de l\u2019eau et assainissement sur le territoire de la CCGHV\",\"datePublished\":\"2024-04-18T13:45:35+00:00\",\"dateModified\":\"2024-04-18T13:47:16+00:00\",\"mainEntityOfPage\":{\"@id\":\"https:\/\/vosgesinfo.fr\/gerardmerinfo\/2024\/04\/facturation-de-leau-et-assainissement-sur-le-territoire-de-la-ccghv\/\"},\"wordCount\":141,\"commentCount\":0,\"publisher\":{\"@id\":\"https:\/\/vosgesinfo.fr\/gerardmerinfo\/#organization\"},\"image\":{\"@id\":\"https:\/\/vosgesinfo.fr\/gerardmerinfo\/2024\/04\/facturation-de-leau-et-assainissement-sur-le-territoire-de-la-ccghv\/#primaryimage\"},\"thumbnailUrl\":\"https:\/\/vosgesinfo.fr\/app\/uploads\/sites\/6\/2022\/05\/logo-ccghv.jpg\",\"keywords\":[\"communaut\u00e9 de commune\",\"eau\",\"facture\",\"g\u00e9rardmer info\",\"matin\"],\"articleSection\":[\"A la une\",\"G\u00e9rardmer\",\"Liezey\",\"Xonrupt-Longemer\",\"Xonrupt\/Liezey\"],\"inLanguage\":\"fr-FR\",\"potentialAction\":[{\"@type\":\"CommentAction\",\"name\":\"Comment\",\"target\":[\"https:\/\/vosgesinfo.fr\/gerardmerinfo\/2024\/04\/facturation-de-leau-et-assainissement-sur-le-territoire-de-la-ccghv\/#respond\"]}]},{\"@type\":\"WebPage\",\"@id\":\"https:\/\/vosgesinfo.fr\/gerardmerinfo\/2024\/04\/facturation-de-leau-et-assainissement-sur-le-territoire-de-la-ccghv\/\",\"url\":\"https:\/\/vosgesinfo.fr\/gerardmerinfo\/2024\/04\/facturation-de-leau-et-assainissement-sur-le-territoire-de-la-ccghv\/\",\"name\":\"Facturation de l\u2019eau et assainissement sur le territoire de la CCGHV - Gerardmer Info\",\"isPartOf\":{\"@id\":\"https:\/\/vosgesinfo.fr\/gerardmerinfo\/#website\"},\"primaryImageOfPage\":{\"@id\":\"https:\/\/vosgesinfo.fr\/gerardmerinfo\/2024\/04\/facturation-de-leau-et-assainissement-sur-le-territoire-de-la-ccghv\/#primaryimage\"},\"image\":{\"@id\":\"https:\/\/vosgesinfo.fr\/gerardmerinfo\/2024\/04\/facturation-de-leau-et-assainissement-sur-le-territoire-de-la-ccghv\/#primaryimage\"},\"thumbnailUrl\":\"https:\/\/vosgesinfo.fr\/app\/uploads\/sites\/6\/2022\/05\/logo-ccghv.jpg\",\"datePublished\":\"2024-04-18T13:45:35+00:00\",\"dateModified\":\"2024-04-18T13:47:16+00:00\",\"breadcrumb\":{\"@id\":\"https:\/\/vosgesinfo.fr\/gerardmerinfo\/2024\/04\/facturation-de-leau-et-assainissement-sur-le-territoire-de-la-ccghv\/#breadcrumb\"},\"inLanguage\":\"fr-FR\",\"potentialAction\":[{\"@type\":\"ReadAction\",\"target\":[\"https:\/\/vosgesinfo.fr\/gerardmerinfo\/2024\/04\/facturation-de-leau-et-assainissement-sur-le-territoire-de-la-ccghv\/\"]}]},{\"@type\":\"ImageObject\",\"inLanguage\":\"fr-FR\",\"@id\":\"https:\/\/vosgesinfo.fr\/gerardmerinfo\/2024\/04\/facturation-de-leau-et-assainissement-sur-le-territoire-de-la-ccghv\/#primaryimage\",\"url\":\"https:\/\/vosgesinfo.fr\/app\/uploads\/sites\/6\/2022\/05\/logo-ccghv.jpg\",\"contentUrl\":\"https:\/\/vosgesinfo.fr\/app\/uploads\/sites\/6\/2022\/05\/logo-ccghv.jpg\",\"width\":493,\"height\":475},{\"@type\":\"BreadcrumbList\",\"@id\":\"https:\/\/vosgesinfo.fr\/gerardmerinfo\/2024\/04\/facturation-de-leau-et-assainissement-sur-le-territoire-de-la-ccghv\/#breadcrumb\",\"itemListElement\":[{\"@type\":\"ListItem\",\"position\":1,\"name\":\"Home\",\"item\":\"https:\/\/vosgesinfo.fr\/gerardmerinfo\/\"},{\"@type\":\"ListItem\",\"position\":2,\"name\":\"Facturation de l\u2019eau et assainissement sur le territoire de la CCGHV\"}]},{\"@type\":\"WebSite\",\"@id\":\"https:\/\/vosgesinfo.fr\/gerardmerinfo\/#website\",\"url\":\"https:\/\/vosgesinfo.fr\/gerardmerinfo\/\",\"name\":\"Gerardmer Info\",\"description\":\"Toute l&#039;actualit\u00e9 de G\u00e9rardmer\",\"publisher\":{\"@id\":\"https:\/\/vosgesinfo.fr\/gerardmerinfo\/#organization\"},\"alternateName\":\"Toute l'actualit\u00e9 de G\u00e9rardmer\",\"potentialAction\":[{\"@type\":\"SearchAction\",\"target\":{\"@type\":\"EntryPoint\",\"urlTemplate\":\"https:\/\/vosgesinfo.fr\/gerardmerinfo\/?s={search_term_string}\"},\"query-input\":\"required name=search_term_string\"}],\"inLanguage\":\"fr-FR\"},{\"@type\":\"Organization\",\"@id\":\"https:\/\/vosgesinfo.fr\/gerardmerinfo\/#organization\",\"name\":\"Gerardmer Info\",\"url\":\"https:\/\/vosgesinfo.fr\/gerardmerinfo\/\",\"logo\":{\"@type\":\"ImageObject\",\"inLanguage\":\"fr-FR\",\"@id\":\"https:\/\/vosgesinfo.fr\/gerardmerinfo\/#\/schema\/logo\/image\/\",\"url\":\"https:\/\/vosgesinfo.fr\/app\/uploads\/sites\/6\/2023\/08\/favicon-gerardmerinfo.png\",\"contentUrl\":\"https:\/\/vosgesinfo.fr\/app\/uploads\/sites\/6\/2023\/08\/favicon-gerardmerinfo.png\",\"width\":512,\"height\":512,\"caption\":\"Gerardmer Info\"},\"image\":{\"@id\":\"https:\/\/vosgesinfo.fr\/gerardmerinfo\/#\/schema\/logo\/image\/\"},\"sameAs\":[\"https:\/\/www.facebook.com\/profile.php?id=100049475262660\",\"https:\/\/x.com\/VosgesInfo88\",\"https:\/\/www.youtube.com\/@vosgesinfo\"]},{\"@type\":\"Person\",\"@id\":\"https:\/\/vosgesinfo.fr\/gerardmerinfo\/#\/schema\/person\/bc5d02d71e6932e81b6dadb7386667b1\",\"name\":\"qs_admin\",\"image\":{\"@type\":\"ImageObject\",\"inLanguage\":\"fr-FR\",\"@id\":\"https:\/\/vosgesinfo.fr\/gerardmerinfo\/#\/schema\/person\/image\/\",\"url\":\"https:\/\/secure.gravatar.com\/avatar\/94b18ee0ed79e4a42ea2f2931277b6841a8999fc6fde214600c78057cf1fe1de?s=96&d=mm&r=g\",\"contentUrl\":\"https:\/\/secure.gravatar.com\/avatar\/94b18ee0ed79e4a42ea2f2931277b6841a8999fc6fde214600c78057cf1fe1de?s=96&d=mm&r=g\",\"caption\":\"qs_admin\"},\"sameAs\":[\"https:\/\/vosgesinfo.fr\/wp\"],\"url\":\"https:\/\/vosgesinfo.fr\/gerardmerinfo\/author\/qs_admin\/\"}]}<\/script>\n<!-- \/ Yoast SEO plugin. -->","yoast_head_json":{"title":"Facturation de l\u2019eau et assainissement sur le territoire de la CCGHV - Gerardmer Info","robots":{"index":"index","follow":"follow","max-snippet":"max-snippet:-1","max-image-preview":"max-image-preview:large","max-video-preview":"max-video-preview:-1"},"canonical":"https:\/\/vosgesinfo.fr\/gerardmerinfo\/2024\/04\/facturation-de-leau-et-assainissement-sur-le-territoire-de-la-ccghv\/","twitter_card":"summary_large_image","twitter_title":"Facturation de l\u2019eau et assainissement sur le territoire de la CCGHV - Gerardmer Info","twitter_description":"Depuis le 1er janvier 2023, la Communaut\u00e9 de Communes G\u00e9rardmer Hautes Vosges (CCGHV) d\u00e9tient la comp\u00e9tence eau\/assainissement. A ce titre, [&hellip;]","twitter_image":"https:\/\/vosgesinfo.fr\/app\/uploads\/sites\/6\/2022\/05\/logo-ccghv.jpg","twitter_creator":"@VosgesInfo88","twitter_site":"@VosgesInfo88","twitter_misc":{"\u00c9crit par":"qs_admin","Dur\u00e9e de lecture estim\u00e9e":"1 minute"},"schema":{"@context":"https:\/\/schema.org","@graph":[{"@type":"Article","@id":"https:\/\/vosgesinfo.fr\/gerardmerinfo\/2024\/04\/facturation-de-leau-et-assainissement-sur-le-territoire-de-la-ccghv\/#article","isPartOf":{"@id":"https:\/\/vosgesinfo.fr\/gerardmerinfo\/2024\/04\/facturation-de-leau-et-assainissement-sur-le-territoire-de-la-ccghv\/"},"author":{"name":"qs_admin","@id":"https:\/\/vosgesinfo.fr\/gerardmerinfo\/#\/schema\/person\/bc5d02d71e6932e81b6dadb7386667b1"},"headline":"Facturation de l\u2019eau et assainissement sur le territoire de la CCGHV","datePublished":"2024-04-18T13:45:35+00:00","dateModified":"2024-04-18T13:47:16+00:00","mainEntityOfPage":{"@id":"https:\/\/vosgesinfo.fr\/gerardmerinfo\/2024\/04\/facturation-de-leau-et-assainissement-sur-le-territoire-de-la-ccghv\/"},"wordCount":141,"commentCount":0,"publisher":{"@id":"https:\/\/vosgesinfo.fr\/gerardmerinfo\/#organization"},"image":{"@id":"https:\/\/vosgesinfo.fr\/gerardmerinfo\/2024\/04\/facturation-de-leau-et-assainissement-sur-le-territoire-de-la-ccghv\/#primaryimage"},"thumbnailUrl":"https:\/\/vosgesinfo.fr\/app\/uploads\/sites\/6\/2022\/05\/logo-ccghv.jpg","keywords":["communaut\u00e9 de commune","eau","facture","g\u00e9rardmer info","matin"],"articleSection":["A la une","G\u00e9rardmer","Liezey","Xonrupt-Longemer","Xonrupt\/Liezey"],"inLanguage":"fr-FR","potentialAction":[{"@type":"CommentAction","name":"Comment","target":["https:\/\/vosgesinfo.fr\/gerardmerinfo\/2024\/04\/facturation-de-leau-et-assainissement-sur-le-territoire-de-la-ccghv\/#respond"]}]},{"@type":"WebPage","@id":"https:\/\/vosgesinfo.fr\/gerardmerinfo\/2024\/04\/facturation-de-leau-et-assainissement-sur-le-territoire-de-la-ccghv\/","url":"https:\/\/vosgesinfo.fr\/gerardmerinfo\/2024\/04\/facturation-de-leau-et-assainissement-sur-le-territoire-de-la-ccghv\/","name":"Facturation de l\u2019eau et assainissement sur le territoire de la CCGHV - Gerardmer Info","isPartOf":{"@id":"https:\/\/vosgesinfo.fr\/gerardmerinfo\/#website"},"primaryImageOfPage":{"@id":"https:\/\/vosgesinfo.fr\/gerardmerinfo\/2024\/04\/facturation-de-leau-et-assainissement-sur-le-territoire-de-la-ccghv\/#primaryimage"},"image":{"@id":"https:\/\/vosgesinfo.fr\/gerardmerinfo\/2024\/04\/facturation-de-leau-et-assainissement-sur-le-territoire-de-la-ccghv\/#primaryimage"},"thumbnailUrl":"https:\/\/vosgesinfo.fr\/app\/uploads\/sites\/6\/2022\/05\/logo-ccghv.jpg","datePublished":"2024-04-18T13:45:35+00:00","dateModified":"2024-04-18T13:47:16+00:00","breadcrumb":{"@id":"https:\/\/vosgesinfo.fr\/gerardmerinfo\/2024\/04\/facturation-de-leau-et-assainissement-sur-le-territoire-de-la-ccghv\/#breadcrumb"},"inLanguage":"fr-FR","potentialAction":[{"@type":"ReadAction","target":["https:\/\/vosgesinfo.fr\/gerardmerinfo\/2024\/04\/facturation-de-leau-et-assainissement-sur-le-territoire-de-la-ccghv\/"]}]},{"@type":"ImageObject","inLanguage":"fr-FR","@id":"https:\/\/vosgesinfo.fr\/gerardmerinfo\/2024\/04\/facturation-de-leau-et-assainissement-sur-le-territoire-de-la-ccghv\/#primaryimage","url":"https:\/\/vosgesinfo.fr\/app\/uploads\/sites\/6\/2022\/05\/logo-ccghv.jpg","contentUrl":"https:\/\/vosgesinfo.fr\/app\/uploads\/sites\/6\/2022\/05\/logo-ccghv.jpg","width":493,"height":475},{"@type":"BreadcrumbList","@id":"https:\/\/vosgesinfo.fr\/gerardmerinfo\/2024\/04\/facturation-de-leau-et-assainissement-sur-le-territoire-de-la-ccghv\/#breadcrumb","itemListElement":[{"@type":"ListItem","position":1,"name":"Home","item":"https:\/\/vosgesinfo.fr\/gerardmerinfo\/"},{"@type":"ListItem","position":2,"name":"Facturation de l\u2019eau et assainissement sur le territoire de la CCGHV"}]},{"@type":"WebSite","@id":"https:\/\/vosgesinfo.fr\/gerardmerinfo\/#website","url":"https:\/\/vosgesinfo.fr\/gerardmerinfo\/","name":"Gerardmer Info","description":"Toute l&#039;actualit\u00e9 de G\u00e9rardmer","publisher":{"@id":"https:\/\/vosgesinfo.fr\/gerardmerinfo\/#organization"},"alternateName":"Toute l'actualit\u00e9 de G\u00e9rardmer","potentialAction":[{"@type":"SearchAction","target":{"@type":"EntryPoint","urlTemplate":"https:\/\/vosgesinfo.fr\/gerardmerinfo\/?s={search_term_string}"},"query-input":"required name=search_term_string"}],"inLanguage":"fr-FR"},{"@type":"Organization","@id":"https:\/\/vosgesinfo.fr\/gerardmerinfo\/#organization","name":"Gerardmer Info","url":"https:\/\/vosgesinfo.fr\/gerardmerinfo\/","logo":{"@type":"ImageObject","inLanguage":"fr-FR","@id":"https:\/\/vosgesinfo.fr\/gerardmerinfo\/#\/schema\/logo\/image\/","url":"https:\/\/vosgesinfo.fr\/app\/uploads\/sites\/6\/2023\/08\/favicon-gerardmerinfo.png","contentUrl":"https:\/\/vosgesinfo.fr\/app\/uploads\/sites\/6\/2023\/08\/favicon-gerardmerinfo.png","width":512,"height":512,"caption":"Gerardmer Info"},"image":{"@id":"https:\/\/vosgesinfo.fr\/gerardmerinfo\/#\/schema\/logo\/image\/"},"sameAs":["https:\/\/www.facebook.com\/profile.php?id=100049475262660","https:\/\/x.com\/VosgesInfo88","https:\/\/www.youtube.com\/@vosgesinfo"]},{"@type":"Person","@id":"https:\/\/vosgesinfo.fr\/gerardmerinfo\/#\/schema\/person\/bc5d02d71e6932e81b6dadb7386667b1","name":"qs_admin","image":{"@type":"ImageObject","inLanguage":"fr-FR","@id":"https:\/\/vosgesinfo.fr\/gerardmerinfo\/#\/schema\/person\/image\/","url":"https:\/\/secure.gravatar.com\/avatar\/94b18ee0ed79e4a42ea2f2931277b6841a8999fc6fde214600c78057cf1fe1de?s=96&d=mm&r=g","contentUrl":"https:\/\/secure.gravatar.com\/avatar\/94b18ee0ed79e4a42ea2f2931277b6841a8999fc6fde214600c78057cf1fe1de?s=96&d=mm&r=g","caption":"qs_admin"},"sameAs":["https:\/\/vosgesinfo.fr\/wp"],"url":"https:\/\/vosgesinfo.fr\/gerardmerinfo\/author\/qs_admin\/"}]}},"_links":{"self":[{"href":"https:\/\/vosgesinfo.fr\/gerardmerinfo\/wp-json\/wp\/v2\/posts\/8318","targetHints":{"allow":["GET"]}}],"collection":[{"href":"https:\/\/vosgesinfo.fr\/gerardmerinfo\/wp-json\/wp\/v2\/posts"}],"about":[{"href":"https:\/\/vosgesinfo.fr\/gerardmerinfo\/wp-json\/wp\/v2\/types\/post"}],"author":[{"embeddable":true,"href":"https:\/\/vosgesinfo.fr\/gerardmerinfo\/wp-json\/wp\/v2\/users\/1"}],"replies":[{"embeddable":true,"href":"https:\/\/vosgesinfo.fr\/gerardmerinfo\/wp-json\/wp\/v2\/comments?post=8318"}],"version-history":[{"count":1,"href":"https:\/\/vosgesinfo.fr\/gerardmerinfo\/wp-json\/wp\/v2\/posts\/8318\/revisions"}],"predecessor-version":[{"id":8319,"href":"https:\/\/vosgesinfo.fr\/gerardmerinfo\/wp-json\/wp\/v2\/posts\/8318\/revisions\/8319"}],"wp:featuredmedia":[{"embeddable":true,"href":"https:\/\/vosgesinfo.fr\/gerardmerinfo\/wp-json\/wp\/v2\/media\/319"}],"wp:attachment":[{"href":"https:\/\/vosgesinfo.fr\/gerardmerinfo\/wp-json\/wp\/v2\/media?parent=8318"}],"wp:term":[{"taxonomy":"category","embeddable":true,"href":"https:\/\/vosgesinfo.fr\/gerardmerinfo\/wp-json\/wp\/v2\/categories?post=8318"},{"taxonomy":"post_tag","embeddable":true,"href":"https:\/\/vosgesinfo.fr\/gerardmerinfo\/wp-json\/wp\/v2\/tags?post=8318"}],"curies":[{"name":"wp","href":"https:\/\/api.w.org\/{rel}","templated":true}]}}