{"id":8321,"date":"2024-04-18T16:05:23","date_gmt":"2024-04-18T14:05:23","guid":{"rendered":"https:\/\/vosgesinfo.fr\/gerardmerinfo\/?p=8321"},"modified":"2024-04-18T16:22:27","modified_gmt":"2024-04-18T14:22:27","slug":"amende-salee-pour-le-coq-qui-a-trop-chante","status":"publish","type":"post","link":"https:\/\/vosgesinfo.fr\/gerardmerinfo\/2024\/04\/amende-salee-pour-le-coq-qui-a-trop-chante\/","title":{"rendered":"Amende sal\u00e9e pour le coq qui a trop chant\u00e9"},"content":{"rendered":"<p><strong><a href=\"https:\/\/vosgesinfo.fr\/app\/uploads\/sites\/6\/2024\/04\/coq-empoisonne.jpg\"><img decoding=\"async\" class=\"aligncenter size-medium wp-image-8322\" src=\"https:\/\/vosgesinfo.fr\/app\/uploads\/sites\/6\/2024\/04\/coq-empoisonne-300x300.jpg\" alt=\"\" width=\"300\" height=\"300\" srcset=\"https:\/\/vosgesinfo.fr\/app\/uploads\/sites\/6\/2024\/04\/coq-empoisonne-300x300.jpg 300w, https:\/\/vosgesinfo.fr\/app\/uploads\/sites\/6\/2024\/04\/coq-empoisonne-150x150.jpg 150w, https:\/\/vosgesinfo.fr\/app\/uploads\/sites\/6\/2024\/04\/coq-empoisonne-768x767.jpg 768w, https:\/\/vosgesinfo.fr\/app\/uploads\/sites\/6\/2024\/04\/coq-empoisonne.jpg 1024w\" sizes=\"(max-width: 300px) 100vw, 300px\" \/><\/a><\/strong><\/p>\n<p>\u00ab\u00a0Il faut vous dire que ce matin, le quartier \u00e9tait bien silencieux, car notre gaulois a perdu sa voix.<\/p>\n<p>Fort inquiets de ne pas entendre notre gallinac\u00e9, nous n\u2019avons pu que constater que l\u2019animal \u00e9tait en train de tr\u00e9passer\u2026<\/p>\n<p>\u00ab\u00a0N\u2019aurait-il pas englouti quelques granul\u00e9s de mort au rat ?\u00a0\u00bb nous a souffl\u00e9 une amie v\u00e9t\u00e9rinaire, car ses cong\u00e9n\u00e8res semblaient \u00eatre dans le m\u00eame \u00e9tat\u2026<\/p>\n<p>Notre curiosit\u00e9 nous a pouss\u00e9s \u00e0 explorer leur lieu de pr\u00e9dilection, sous un arbre voisin de la maison.<\/p>\n<p><a href=\"https:\/\/vosgesinfo.fr\/app\/uploads\/sites\/6\/2024\/04\/boulettes-empoisonnees.jpg\"><img decoding=\"async\" class=\"alignright  wp-image-8323\" src=\"https:\/\/vosgesinfo.fr\/app\/uploads\/sites\/6\/2024\/04\/boulettes-empoisonnees-300x296.jpg\" alt=\"\" width=\"240\" height=\"237\" srcset=\"https:\/\/vosgesinfo.fr\/app\/uploads\/sites\/6\/2024\/04\/boulettes-empoisonnees-300x296.jpg 300w, https:\/\/vosgesinfo.fr\/app\/uploads\/sites\/6\/2024\/04\/boulettes-empoisonnees-768x757.jpg 768w, https:\/\/vosgesinfo.fr\/app\/uploads\/sites\/6\/2024\/04\/boulettes-empoisonnees.jpg 1024w\" sizes=\"(max-width: 240px) 100vw, 240px\" \/><\/a>Non pas de mort aux rats, mais de beaux app\u00e2ts\u2026 P\u00e2ques est d\u00e9j\u00e0 pass\u00e9 et pourtant nous avons ramass\u00e9 aujourd\u2019hui dans l\u2019herbe gros comme des \u0153ufs, des \u00ab\u00a0boulettes\u00a0\u00bb empoisonn\u00e9es\u00a0: de la p\u00e2te d\u2019amande trafiqu\u00e9e\u00a0?<\/p>\n<p>Si vous passez dans notre quartier, aux maisons foresti\u00e8res de la mont\u00e9e de la Chapelle, prenez garde de ne pas laisser vos animaux ou vos enfants errer\u00a0! Car nous ne sommes pas certains d\u2019avoir tout ramass\u00e9\u2026<\/p>\n<p>Et pour ceux qui aimaient venir saluer nos compagnons avec leurs bambins, soyez rassur\u00e9s, le bel oiseau nous a laiss\u00e9 sa descendance, les coquilles sont au chaud ! Est-ce qu\u2019il y aura un r\u00e9veil matin dans les nouveaux poussins ?\u00a0\u00bb<\/p>\n<p><strong>S.T.<\/strong><\/p>\n","protected":false},"excerpt":{"rendered":"<p>\u00ab\u00a0Il faut vous dire que ce matin, le quartier \u00e9tait bien silencieux, car notre gaulois a perdu sa voix. Fort [&hellip;]<\/p>\n","protected":false},"author":1,"featured_media":8322,"comment_status":"closed","ping_status":"open","sticky":false,"template":"","format":"standard","meta":{"footnotes":""},"categories":[20,8,25],"tags":[1075],"class_list":["post-8321","post","type-post","status-publish","format-standard","has-post-thumbnail","hentry","category-a-la-une","category-faits-divers","category-gerardmer","tag-coq-empoisonne"],"acf":[],"yoast_head":"<!-- This site is optimized with the Yoast SEO plugin v22.5 - https:\/\/yoast.com\/wordpress\/plugins\/seo\/ -->\n<title>Amende sal\u00e9e pour le coq qui a trop chant\u00e9 - Gerardmer Info<\/title>\n<meta name=\"robots\" content=\"index, follow, max-snippet:-1, max-image-preview:large, max-video-preview:-1\" \/>\n<link rel=\"canonical\" href=\"https:\/\/vosgesinfo.fr\/gerardmerinfo\/2024\/04\/amende-salee-pour-le-coq-qui-a-trop-chante\/\" \/>\n<meta name=\"twitter:card\" content=\"summary_large_image\" \/>\n<meta name=\"twitter:title\" content=\"Amende sal\u00e9e pour le coq qui a trop chant\u00e9 - Gerardmer Info\" \/>\n<meta name=\"twitter:description\" content=\"\u00ab\u00a0Il faut vous dire que ce matin, le quartier \u00e9tait bien silencieux, car notre gaulois a perdu sa voix. Fort [&hellip;]\" \/>\n<meta name=\"twitter:image\" content=\"https:\/\/vosgesinfo.fr\/app\/uploads\/sites\/6\/2024\/04\/coq-empoisonne.jpg\" \/>\n<meta name=\"twitter:creator\" content=\"@VosgesInfo88\" \/>\n<meta name=\"twitter:site\" content=\"@VosgesInfo88\" \/>\n<meta name=\"twitter:label1\" content=\"\u00c9crit par\" \/>\n\t<meta name=\"twitter:data1\" content=\"qs_admin\" \/>\n\t<meta name=\"twitter:label2\" content=\"Dur\u00e9e de lecture estim\u00e9e\" \/>\n\t<meta name=\"twitter:data2\" content=\"1 minute\" \/>\n<script type=\"application\/ld+json\" class=\"yoast-schema-graph\">{\"@context\":\"https:\/\/schema.org\",\"@graph\":[{\"@type\":\"Article\",\"@id\":\"https:\/\/vosgesinfo.fr\/gerardmerinfo\/2024\/04\/amende-salee-pour-le-coq-qui-a-trop-chante\/#article\",\"isPartOf\":{\"@id\":\"https:\/\/vosgesinfo.fr\/gerardmerinfo\/2024\/04\/amende-salee-pour-le-coq-qui-a-trop-chante\/\"},\"author\":{\"name\":\"qs_admin\",\"@id\":\"https:\/\/vosgesinfo.fr\/gerardmerinfo\/#\/schema\/person\/bc5d02d71e6932e81b6dadb7386667b1\"},\"headline\":\"Amende sal\u00e9e pour le coq qui a trop chant\u00e9\",\"datePublished\":\"2024-04-18T14:05:23+00:00\",\"dateModified\":\"2024-04-18T14:22:27+00:00\",\"mainEntityOfPage\":{\"@id\":\"https:\/\/vosgesinfo.fr\/gerardmerinfo\/2024\/04\/amende-salee-pour-le-coq-qui-a-trop-chante\/\"},\"wordCount\":227,\"publisher\":{\"@id\":\"https:\/\/vosgesinfo.fr\/gerardmerinfo\/#organization\"},\"image\":{\"@id\":\"https:\/\/vosgesinfo.fr\/gerardmerinfo\/2024\/04\/amende-salee-pour-le-coq-qui-a-trop-chante\/#primaryimage\"},\"thumbnailUrl\":\"https:\/\/vosgesinfo.fr\/app\/uploads\/sites\/6\/2024\/04\/coq-empoisonne.jpg\",\"keywords\":[\"coq empoisonn\u00e9\"],\"articleSection\":[\"A la une\",\"Faits-divers\",\"G\u00e9rardmer\"],\"inLanguage\":\"fr-FR\"},{\"@type\":\"WebPage\",\"@id\":\"https:\/\/vosgesinfo.fr\/gerardmerinfo\/2024\/04\/amende-salee-pour-le-coq-qui-a-trop-chante\/\",\"url\":\"https:\/\/vosgesinfo.fr\/gerardmerinfo\/2024\/04\/amende-salee-pour-le-coq-qui-a-trop-chante\/\",\"name\":\"Amende sal\u00e9e pour le coq qui a trop chant\u00e9 - Gerardmer Info\",\"isPartOf\":{\"@id\":\"https:\/\/vosgesinfo.fr\/gerardmerinfo\/#website\"},\"primaryImageOfPage\":{\"@id\":\"https:\/\/vosgesinfo.fr\/gerardmerinfo\/2024\/04\/amende-salee-pour-le-coq-qui-a-trop-chante\/#primaryimage\"},\"image\":{\"@id\":\"https:\/\/vosgesinfo.fr\/gerardmerinfo\/2024\/04\/amende-salee-pour-le-coq-qui-a-trop-chante\/#primaryimage\"},\"thumbnailUrl\":\"https:\/\/vosgesinfo.fr\/app\/uploads\/sites\/6\/2024\/04\/coq-empoisonne.jpg\",\"datePublished\":\"2024-04-18T14:05:23+00:00\",\"dateModified\":\"2024-04-18T14:22:27+00:00\",\"breadcrumb\":{\"@id\":\"https:\/\/vosgesinfo.fr\/gerardmerinfo\/2024\/04\/amende-salee-pour-le-coq-qui-a-trop-chante\/#breadcrumb\"},\"inLanguage\":\"fr-FR\",\"potentialAction\":[{\"@type\":\"ReadAction\",\"target\":[\"https:\/\/vosgesinfo.fr\/gerardmerinfo\/2024\/04\/amende-salee-pour-le-coq-qui-a-trop-chante\/\"]}]},{\"@type\":\"ImageObject\",\"inLanguage\":\"fr-FR\",\"@id\":\"https:\/\/vosgesinfo.fr\/gerardmerinfo\/2024\/04\/amende-salee-pour-le-coq-qui-a-trop-chante\/#primaryimage\",\"url\":\"https:\/\/vosgesinfo.fr\/app\/uploads\/sites\/6\/2024\/04\/coq-empoisonne.jpg\",\"contentUrl\":\"https:\/\/vosgesinfo.fr\/app\/uploads\/sites\/6\/2024\/04\/coq-empoisonne.jpg\",\"width\":1024,\"height\":1023},{\"@type\":\"BreadcrumbList\",\"@id\":\"https:\/\/vosgesinfo.fr\/gerardmerinfo\/2024\/04\/amende-salee-pour-le-coq-qui-a-trop-chante\/#breadcrumb\",\"itemListElement\":[{\"@type\":\"ListItem\",\"position\":1,\"name\":\"Home\",\"item\":\"https:\/\/vosgesinfo.fr\/gerardmerinfo\/\"},{\"@type\":\"ListItem\",\"position\":2,\"name\":\"Amende sal\u00e9e pour le coq qui a trop chant\u00e9\"}]},{\"@type\":\"WebSite\",\"@id\":\"https:\/\/vosgesinfo.fr\/gerardmerinfo\/#website\",\"url\":\"https:\/\/vosgesinfo.fr\/gerardmerinfo\/\",\"name\":\"Gerardmer Info\",\"description\":\"Toute l&#039;actualit\u00e9 de G\u00e9rardmer\",\"publisher\":{\"@id\":\"https:\/\/vosgesinfo.fr\/gerardmerinfo\/#organization\"},\"alternateName\":\"Toute l'actualit\u00e9 de G\u00e9rardmer\",\"potentialAction\":[{\"@type\":\"SearchAction\",\"target\":{\"@type\":\"EntryPoint\",\"urlTemplate\":\"https:\/\/vosgesinfo.fr\/gerardmerinfo\/?s={search_term_string}\"},\"query-input\":\"required name=search_term_string\"}],\"inLanguage\":\"fr-FR\"},{\"@type\":\"Organization\",\"@id\":\"https:\/\/vosgesinfo.fr\/gerardmerinfo\/#organization\",\"name\":\"Gerardmer Info\",\"url\":\"https:\/\/vosgesinfo.fr\/gerardmerinfo\/\",\"logo\":{\"@type\":\"ImageObject\",\"inLanguage\":\"fr-FR\",\"@id\":\"https:\/\/vosgesinfo.fr\/gerardmerinfo\/#\/schema\/logo\/image\/\",\"url\":\"https:\/\/vosgesinfo.fr\/app\/uploads\/sites\/6\/2023\/08\/favicon-gerardmerinfo.png\",\"contentUrl\":\"https:\/\/vosgesinfo.fr\/app\/uploads\/sites\/6\/2023\/08\/favicon-gerardmerinfo.png\",\"width\":512,\"height\":512,\"caption\":\"Gerardmer Info\"},\"image\":{\"@id\":\"https:\/\/vosgesinfo.fr\/gerardmerinfo\/#\/schema\/logo\/image\/\"},\"sameAs\":[\"https:\/\/www.facebook.com\/profile.php?id=100049475262660\",\"https:\/\/x.com\/VosgesInfo88\",\"https:\/\/www.youtube.com\/@vosgesinfo\"]},{\"@type\":\"Person\",\"@id\":\"https:\/\/vosgesinfo.fr\/gerardmerinfo\/#\/schema\/person\/bc5d02d71e6932e81b6dadb7386667b1\",\"name\":\"qs_admin\",\"image\":{\"@type\":\"ImageObject\",\"inLanguage\":\"fr-FR\",\"@id\":\"https:\/\/vosgesinfo.fr\/gerardmerinfo\/#\/schema\/person\/image\/\",\"url\":\"https:\/\/secure.gravatar.com\/avatar\/94b18ee0ed79e4a42ea2f2931277b6841a8999fc6fde214600c78057cf1fe1de?s=96&d=mm&r=g\",\"contentUrl\":\"https:\/\/secure.gravatar.com\/avatar\/94b18ee0ed79e4a42ea2f2931277b6841a8999fc6fde214600c78057cf1fe1de?s=96&d=mm&r=g\",\"caption\":\"qs_admin\"},\"sameAs\":[\"https:\/\/vosgesinfo.fr\/wp\"],\"url\":\"https:\/\/vosgesinfo.fr\/gerardmerinfo\/author\/qs_admin\/\"}]}<\/script>\n<!-- \/ Yoast SEO plugin. -->","yoast_head_json":{"title":"Amende sal\u00e9e pour le coq qui a trop chant\u00e9 - Gerardmer Info","robots":{"index":"index","follow":"follow","max-snippet":"max-snippet:-1","max-image-preview":"max-image-preview:large","max-video-preview":"max-video-preview:-1"},"canonical":"https:\/\/vosgesinfo.fr\/gerardmerinfo\/2024\/04\/amende-salee-pour-le-coq-qui-a-trop-chante\/","twitter_card":"summary_large_image","twitter_title":"Amende sal\u00e9e pour le coq qui a trop chant\u00e9 - Gerardmer Info","twitter_description":"\u00ab\u00a0Il faut vous dire que ce matin, le quartier \u00e9tait bien silencieux, car notre gaulois a perdu sa voix. Fort [&hellip;]","twitter_image":"https:\/\/vosgesinfo.fr\/app\/uploads\/sites\/6\/2024\/04\/coq-empoisonne.jpg","twitter_creator":"@VosgesInfo88","twitter_site":"@VosgesInfo88","twitter_misc":{"\u00c9crit par":"qs_admin","Dur\u00e9e de lecture estim\u00e9e":"1 minute"},"schema":{"@context":"https:\/\/schema.org","@graph":[{"@type":"Article","@id":"https:\/\/vosgesinfo.fr\/gerardmerinfo\/2024\/04\/amende-salee-pour-le-coq-qui-a-trop-chante\/#article","isPartOf":{"@id":"https:\/\/vosgesinfo.fr\/gerardmerinfo\/2024\/04\/amende-salee-pour-le-coq-qui-a-trop-chante\/"},"author":{"name":"qs_admin","@id":"https:\/\/vosgesinfo.fr\/gerardmerinfo\/#\/schema\/person\/bc5d02d71e6932e81b6dadb7386667b1"},"headline":"Amende sal\u00e9e pour le coq qui a trop chant\u00e9","datePublished":"2024-04-18T14:05:23+00:00","dateModified":"2024-04-18T14:22:27+00:00","mainEntityOfPage":{"@id":"https:\/\/vosgesinfo.fr\/gerardmerinfo\/2024\/04\/amende-salee-pour-le-coq-qui-a-trop-chante\/"},"wordCount":227,"publisher":{"@id":"https:\/\/vosgesinfo.fr\/gerardmerinfo\/#organization"},"image":{"@id":"https:\/\/vosgesinfo.fr\/gerardmerinfo\/2024\/04\/amende-salee-pour-le-coq-qui-a-trop-chante\/#primaryimage"},"thumbnailUrl":"https:\/\/vosgesinfo.fr\/app\/uploads\/sites\/6\/2024\/04\/coq-empoisonne.jpg","keywords":["coq empoisonn\u00e9"],"articleSection":["A la une","Faits-divers","G\u00e9rardmer"],"inLanguage":"fr-FR"},{"@type":"WebPage","@id":"https:\/\/vosgesinfo.fr\/gerardmerinfo\/2024\/04\/amende-salee-pour-le-coq-qui-a-trop-chante\/","url":"https:\/\/vosgesinfo.fr\/gerardmerinfo\/2024\/04\/amende-salee-pour-le-coq-qui-a-trop-chante\/","name":"Amende sal\u00e9e pour le coq qui a trop chant\u00e9 - Gerardmer Info","isPartOf":{"@id":"https:\/\/vosgesinfo.fr\/gerardmerinfo\/#website"},"primaryImageOfPage":{"@id":"https:\/\/vosgesinfo.fr\/gerardmerinfo\/2024\/04\/amende-salee-pour-le-coq-qui-a-trop-chante\/#primaryimage"},"image":{"@id":"https:\/\/vosgesinfo.fr\/gerardmerinfo\/2024\/04\/amende-salee-pour-le-coq-qui-a-trop-chante\/#primaryimage"},"thumbnailUrl":"https:\/\/vosgesinfo.fr\/app\/uploads\/sites\/6\/2024\/04\/coq-empoisonne.jpg","datePublished":"2024-04-18T14:05:23+00:00","dateModified":"2024-04-18T14:22:27+00:00","breadcrumb":{"@id":"https:\/\/vosgesinfo.fr\/gerardmerinfo\/2024\/04\/amende-salee-pour-le-coq-qui-a-trop-chante\/#breadcrumb"},"inLanguage":"fr-FR","potentialAction":[{"@type":"ReadAction","target":["https:\/\/vosgesinfo.fr\/gerardmerinfo\/2024\/04\/amende-salee-pour-le-coq-qui-a-trop-chante\/"]}]},{"@type":"ImageObject","inLanguage":"fr-FR","@id":"https:\/\/vosgesinfo.fr\/gerardmerinfo\/2024\/04\/amende-salee-pour-le-coq-qui-a-trop-chante\/#primaryimage","url":"https:\/\/vosgesinfo.fr\/app\/uploads\/sites\/6\/2024\/04\/coq-empoisonne.jpg","contentUrl":"https:\/\/vosgesinfo.fr\/app\/uploads\/sites\/6\/2024\/04\/coq-empoisonne.jpg","width":1024,"height":1023},{"@type":"BreadcrumbList","@id":"https:\/\/vosgesinfo.fr\/gerardmerinfo\/2024\/04\/amende-salee-pour-le-coq-qui-a-trop-chante\/#breadcrumb","itemListElement":[{"@type":"ListItem","position":1,"name":"Home","item":"https:\/\/vosgesinfo.fr\/gerardmerinfo\/"},{"@type":"ListItem","position":2,"name":"Amende sal\u00e9e pour le coq qui a trop chant\u00e9"}]},{"@type":"WebSite","@id":"https:\/\/vosgesinfo.fr\/gerardmerinfo\/#website","url":"https:\/\/vosgesinfo.fr\/gerardmerinfo\/","name":"Gerardmer Info","description":"Toute l&#039;actualit\u00e9 de G\u00e9rardmer","publisher":{"@id":"https:\/\/vosgesinfo.fr\/gerardmerinfo\/#organization"},"alternateName":"Toute l'actualit\u00e9 de G\u00e9rardmer","potentialAction":[{"@type":"SearchAction","target":{"@type":"EntryPoint","urlTemplate":"https:\/\/vosgesinfo.fr\/gerardmerinfo\/?s={search_term_string}"},"query-input":"required name=search_term_string"}],"inLanguage":"fr-FR"},{"@type":"Organization","@id":"https:\/\/vosgesinfo.fr\/gerardmerinfo\/#organization","name":"Gerardmer Info","url":"https:\/\/vosgesinfo.fr\/gerardmerinfo\/","logo":{"@type":"ImageObject","inLanguage":"fr-FR","@id":"https:\/\/vosgesinfo.fr\/gerardmerinfo\/#\/schema\/logo\/image\/","url":"https:\/\/vosgesinfo.fr\/app\/uploads\/sites\/6\/2023\/08\/favicon-gerardmerinfo.png","contentUrl":"https:\/\/vosgesinfo.fr\/app\/uploads\/sites\/6\/2023\/08\/favicon-gerardmerinfo.png","width":512,"height":512,"caption":"Gerardmer Info"},"image":{"@id":"https:\/\/vosgesinfo.fr\/gerardmerinfo\/#\/schema\/logo\/image\/"},"sameAs":["https:\/\/www.facebook.com\/profile.php?id=100049475262660","https:\/\/x.com\/VosgesInfo88","https:\/\/www.youtube.com\/@vosgesinfo"]},{"@type":"Person","@id":"https:\/\/vosgesinfo.fr\/gerardmerinfo\/#\/schema\/person\/bc5d02d71e6932e81b6dadb7386667b1","name":"qs_admin","image":{"@type":"ImageObject","inLanguage":"fr-FR","@id":"https:\/\/vosgesinfo.fr\/gerardmerinfo\/#\/schema\/person\/image\/","url":"https:\/\/secure.gravatar.com\/avatar\/94b18ee0ed79e4a42ea2f2931277b6841a8999fc6fde214600c78057cf1fe1de?s=96&d=mm&r=g","contentUrl":"https:\/\/secure.gravatar.com\/avatar\/94b18ee0ed79e4a42ea2f2931277b6841a8999fc6fde214600c78057cf1fe1de?s=96&d=mm&r=g","caption":"qs_admin"},"sameAs":["https:\/\/vosgesinfo.fr\/wp"],"url":"https:\/\/vosgesinfo.fr\/gerardmerinfo\/author\/qs_admin\/"}]}},"_links":{"self":[{"href":"https:\/\/vosgesinfo.fr\/gerardmerinfo\/wp-json\/wp\/v2\/posts\/8321","targetHints":{"allow":["GET"]}}],"collection":[{"href":"https:\/\/vosgesinfo.fr\/gerardmerinfo\/wp-json\/wp\/v2\/posts"}],"about":[{"href":"https:\/\/vosgesinfo.fr\/gerardmerinfo\/wp-json\/wp\/v2\/types\/post"}],"author":[{"embeddable":true,"href":"https:\/\/vosgesinfo.fr\/gerardmerinfo\/wp-json\/wp\/v2\/users\/1"}],"replies":[{"embeddable":true,"href":"https:\/\/vosgesinfo.fr\/gerardmerinfo\/wp-json\/wp\/v2\/comments?post=8321"}],"version-history":[{"count":1,"href":"https:\/\/vosgesinfo.fr\/gerardmerinfo\/wp-json\/wp\/v2\/posts\/8321\/revisions"}],"predecessor-version":[{"id":8324,"href":"https:\/\/vosgesinfo.fr\/gerardmerinfo\/wp-json\/wp\/v2\/posts\/8321\/revisions\/8324"}],"wp:featuredmedia":[{"embeddable":true,"href":"https:\/\/vosgesinfo.fr\/gerardmerinfo\/wp-json\/wp\/v2\/media\/8322"}],"wp:attachment":[{"href":"https:\/\/vosgesinfo.fr\/gerardmerinfo\/wp-json\/wp\/v2\/media?parent=8321"}],"wp:term":[{"taxonomy":"category","embeddable":true,"href":"https:\/\/vosgesinfo.fr\/gerardmerinfo\/wp-json\/wp\/v2\/categories?post=8321"},{"taxonomy":"post_tag","embeddable":true,"href":"https:\/\/vosgesinfo.fr\/gerardmerinfo\/wp-json\/wp\/v2\/tags?post=8321"}],"curies":[{"name":"wp","href":"https:\/\/api.w.org\/{rel}","templated":true}]}}