{"id":83692,"date":"2025-10-25T05:54:17","date_gmt":"2025-10-25T03:54:17","guid":{"rendered":"https:\/\/vosgesinfo.fr\/gerardmerinfo\/?p=83692"},"modified":"2025-10-24T15:06:40","modified_gmt":"2025-10-24T13:06:40","slug":"rendez-vous-cest-nature-special-peur-imaginaire-a-la-pepiniere-des-xettes","status":"publish","type":"post","link":"https:\/\/vosgesinfo.fr\/gerardmerinfo\/2025\/10\/rendez-vous-cest-nature-special-peur-imaginaire-a-la-pepiniere-des-xettes\/","title":{"rendered":"Rendez-vous C&rsquo;Est Nature sp\u00e9cial : peur &#038; imaginaire \u00e0 la p\u00e9pini\u00e8re des Xettes"},"content":{"rendered":"<p>A l&rsquo;heure o\u00f9 les citrouilles prennent forme humaine et o\u00f9 seuls les bonbons \u00e9cartent les sorts, un petit tour en for\u00eat &#8211; en toute discr\u00e9tion &#8211; sera l&rsquo;occasion de se rapprocher d&rsquo;\u00eatres \u00e9tranges, inoffensifs ou effrayants, peuplant les bois et les tourbi\u00e8res&#8230; gr\u00e2ce \u00e0 l&rsquo;intervention de l&rsquo;association Berian, qui fait une nouvelle fois escale du c\u00f4t\u00e9 des Xettes.<\/p>\n<p>&nbsp;<\/p>\n<p>Comme d&rsquo;habitude, l&rsquo;inscription est obligatoire et un ap\u00e9ro partag\u00e9 est pr\u00e9vu pour cl\u00f4turer la soir\u00e9e. V\u00eatements chauds et bonnes chaussures fortement conseill\u00e9s.<\/p>\n<p>&nbsp;<\/p>\n<p>Tous les d\u00e9tails ci-dessous.<\/p>\n<p>Et n&rsquo;oubliez pas que vous pouvez soutenir les actions du Conservatoire d&rsquo;espaces naturels de Lorraine ici :<\/p>\n<p><a title=\"Ici\" href=\"https:\/\/501d9.r.ah.d.sendibm5.com\/mk\/cl\/f\/sh\/6rqJfgq8dINmNdZIWL5hlKwyKYc\/K_w-QRgA4jP3\" target=\"_blank\" rel=\"noopener\" data-saferedirecturl=\"https:\/\/www.google.com\/url?q=https:\/\/501d9.r.ah.d.sendibm5.com\/mk\/cl\/f\/sh\/6rqJfgq8dINmNdZIWL5hlKwyKYc\/K_w-QRgA4jP3&amp;source=gmail&amp;ust=1760642991114000&amp;usg=AOvVaw0xOHS7H6VJ4Y2YyWIEdVHV\">https:\/\/cen-lorraine.fr\/#\/<wbr \/>citoyens<\/a><\/p>\n<p><a href=\"https:\/\/vosgesinfo.fr\/app\/uploads\/sites\/6\/2025\/10\/unnamed1.jpg\"><img decoding=\"async\" class=\"aligncenter size-large wp-image-83693\" src=\"https:\/\/vosgesinfo.fr\/app\/uploads\/sites\/6\/2025\/10\/unnamed1-724x1024.jpg\" alt=\"\" width=\"724\" height=\"1024\" srcset=\"https:\/\/vosgesinfo.fr\/app\/uploads\/sites\/6\/2025\/10\/unnamed1-724x1024.jpg 724w, https:\/\/vosgesinfo.fr\/app\/uploads\/sites\/6\/2025\/10\/unnamed1-212x300.jpg 212w, https:\/\/vosgesinfo.fr\/app\/uploads\/sites\/6\/2025\/10\/unnamed1.jpg 764w\" sizes=\"(max-width: 724px) 100vw, 724px\" \/><\/a><\/p>\n","protected":false},"excerpt":{"rendered":"<p>A l&rsquo;heure o\u00f9 les citrouilles prennent forme humaine et o\u00f9 seuls les bonbons \u00e9cartent les sorts, un petit tour en [&hellip;]<\/p>\n","protected":false},"author":391,"featured_media":83693,"comment_status":"open","ping_status":"open","sticky":false,"template":"","format":"standard","meta":{"footnotes":""},"categories":[20,7,5647,17],"tags":[84],"class_list":["post-83692","post","type-post","status-publish","format-standard","has-post-thumbnail","hentry","category-a-la-une","category-environnement","category-gerardmer-autres-sites","category-vie-associative","tag-cen-lorraine"],"acf":[],"yoast_head":"<!-- This site is optimized with the Yoast SEO plugin v22.5 - https:\/\/yoast.com\/wordpress\/plugins\/seo\/ -->\n<title>Rendez-vous C&#039;Est Nature sp\u00e9cial : peur &amp; imaginaire \u00e0 la p\u00e9pini\u00e8re des Xettes - Gerardmer Info<\/title>\n<meta name=\"robots\" content=\"index, follow, max-snippet:-1, max-image-preview:large, max-video-preview:-1\" \/>\n<link rel=\"canonical\" href=\"https:\/\/vosgesinfo.fr\/gerardmerinfo\/2025\/10\/rendez-vous-cest-nature-special-peur-imaginaire-a-la-pepiniere-des-xettes\/\" \/>\n<meta name=\"twitter:card\" content=\"summary_large_image\" \/>\n<meta name=\"twitter:title\" content=\"Rendez-vous C&#039;Est Nature sp\u00e9cial : peur &amp; imaginaire \u00e0 la p\u00e9pini\u00e8re des Xettes - Gerardmer Info\" \/>\n<meta name=\"twitter:description\" content=\"A l&rsquo;heure o\u00f9 les citrouilles prennent forme humaine et o\u00f9 seuls les bonbons \u00e9cartent les sorts, un petit tour en [&hellip;]\" \/>\n<meta name=\"twitter:image\" content=\"https:\/\/vosgesinfo.fr\/app\/uploads\/sites\/6\/2025\/10\/unnamed1.jpg\" \/>\n<meta name=\"twitter:creator\" content=\"@VosgesInfo88\" \/>\n<meta name=\"twitter:site\" content=\"@VosgesInfo88\" \/>\n<meta name=\"twitter:label1\" content=\"\u00c9crit par\" \/>\n\t<meta name=\"twitter:data1\" content=\"La redaction\" \/>\n\t<meta name=\"twitter:label2\" content=\"Dur\u00e9e de lecture estim\u00e9e\" \/>\n\t<meta name=\"twitter:data2\" content=\"1 minute\" \/>\n<script type=\"application\/ld+json\" class=\"yoast-schema-graph\">{\"@context\":\"https:\/\/schema.org\",\"@graph\":[{\"@type\":\"Article\",\"@id\":\"https:\/\/vosgesinfo.fr\/gerardmerinfo\/2025\/10\/rendez-vous-cest-nature-special-peur-imaginaire-a-la-pepiniere-des-xettes\/#article\",\"isPartOf\":{\"@id\":\"https:\/\/vosgesinfo.fr\/gerardmerinfo\/2025\/10\/rendez-vous-cest-nature-special-peur-imaginaire-a-la-pepiniere-des-xettes\/\"},\"author\":{\"name\":\"La redaction\",\"@id\":\"https:\/\/vosgesinfo.fr\/gerardmerinfo\/#\/schema\/person\/27a3695b06db98895b354c0765cdfc31\"},\"headline\":\"Rendez-vous C&rsquo;Est Nature sp\u00e9cial : peur &#038; imaginaire \u00e0 la p\u00e9pini\u00e8re des Xettes\",\"datePublished\":\"2025-10-25T03:54:17+00:00\",\"dateModified\":\"2025-10-24T13:06:40+00:00\",\"mainEntityOfPage\":{\"@id\":\"https:\/\/vosgesinfo.fr\/gerardmerinfo\/2025\/10\/rendez-vous-cest-nature-special-peur-imaginaire-a-la-pepiniere-des-xettes\/\"},\"wordCount\":140,\"commentCount\":2,\"publisher\":{\"@id\":\"https:\/\/vosgesinfo.fr\/gerardmerinfo\/#organization\"},\"image\":{\"@id\":\"https:\/\/vosgesinfo.fr\/gerardmerinfo\/2025\/10\/rendez-vous-cest-nature-special-peur-imaginaire-a-la-pepiniere-des-xettes\/#primaryimage\"},\"thumbnailUrl\":\"https:\/\/vosgesinfo.fr\/app\/uploads\/sites\/6\/2025\/10\/unnamed1.jpg\",\"keywords\":[\"CEN Lorraine\"],\"articleSection\":[\"A la une\",\"Environnement\",\"Gerardmer\",\"Vie Associative\"],\"inLanguage\":\"fr-FR\",\"potentialAction\":[{\"@type\":\"CommentAction\",\"name\":\"Comment\",\"target\":[\"https:\/\/vosgesinfo.fr\/gerardmerinfo\/2025\/10\/rendez-vous-cest-nature-special-peur-imaginaire-a-la-pepiniere-des-xettes\/#respond\"]}]},{\"@type\":\"WebPage\",\"@id\":\"https:\/\/vosgesinfo.fr\/gerardmerinfo\/2025\/10\/rendez-vous-cest-nature-special-peur-imaginaire-a-la-pepiniere-des-xettes\/\",\"url\":\"https:\/\/vosgesinfo.fr\/gerardmerinfo\/2025\/10\/rendez-vous-cest-nature-special-peur-imaginaire-a-la-pepiniere-des-xettes\/\",\"name\":\"Rendez-vous C'Est Nature sp\u00e9cial : peur & imaginaire \u00e0 la p\u00e9pini\u00e8re des Xettes - Gerardmer Info\",\"isPartOf\":{\"@id\":\"https:\/\/vosgesinfo.fr\/gerardmerinfo\/#website\"},\"primaryImageOfPage\":{\"@id\":\"https:\/\/vosgesinfo.fr\/gerardmerinfo\/2025\/10\/rendez-vous-cest-nature-special-peur-imaginaire-a-la-pepiniere-des-xettes\/#primaryimage\"},\"image\":{\"@id\":\"https:\/\/vosgesinfo.fr\/gerardmerinfo\/2025\/10\/rendez-vous-cest-nature-special-peur-imaginaire-a-la-pepiniere-des-xettes\/#primaryimage\"},\"thumbnailUrl\":\"https:\/\/vosgesinfo.fr\/app\/uploads\/sites\/6\/2025\/10\/unnamed1.jpg\",\"datePublished\":\"2025-10-25T03:54:17+00:00\",\"dateModified\":\"2025-10-24T13:06:40+00:00\",\"breadcrumb\":{\"@id\":\"https:\/\/vosgesinfo.fr\/gerardmerinfo\/2025\/10\/rendez-vous-cest-nature-special-peur-imaginaire-a-la-pepiniere-des-xettes\/#breadcrumb\"},\"inLanguage\":\"fr-FR\",\"potentialAction\":[{\"@type\":\"ReadAction\",\"target\":[\"https:\/\/vosgesinfo.fr\/gerardmerinfo\/2025\/10\/rendez-vous-cest-nature-special-peur-imaginaire-a-la-pepiniere-des-xettes\/\"]}]},{\"@type\":\"ImageObject\",\"inLanguage\":\"fr-FR\",\"@id\":\"https:\/\/vosgesinfo.fr\/gerardmerinfo\/2025\/10\/rendez-vous-cest-nature-special-peur-imaginaire-a-la-pepiniere-des-xettes\/#primaryimage\",\"url\":\"https:\/\/vosgesinfo.fr\/app\/uploads\/sites\/6\/2025\/10\/unnamed1.jpg\",\"contentUrl\":\"https:\/\/vosgesinfo.fr\/app\/uploads\/sites\/6\/2025\/10\/unnamed1.jpg\",\"width\":764,\"height\":1080},{\"@type\":\"BreadcrumbList\",\"@id\":\"https:\/\/vosgesinfo.fr\/gerardmerinfo\/2025\/10\/rendez-vous-cest-nature-special-peur-imaginaire-a-la-pepiniere-des-xettes\/#breadcrumb\",\"itemListElement\":[{\"@type\":\"ListItem\",\"position\":1,\"name\":\"Home\",\"item\":\"https:\/\/vosgesinfo.fr\/gerardmerinfo\/\"},{\"@type\":\"ListItem\",\"position\":2,\"name\":\"Rendez-vous C&rsquo;Est Nature sp\u00e9cial : peur &#038; imaginaire \u00e0 la p\u00e9pini\u00e8re des Xettes\"}]},{\"@type\":\"WebSite\",\"@id\":\"https:\/\/vosgesinfo.fr\/gerardmerinfo\/#website\",\"url\":\"https:\/\/vosgesinfo.fr\/gerardmerinfo\/\",\"name\":\"Gerardmer Info\",\"description\":\"Toute l&#039;actualit\u00e9 de G\u00e9rardmer\",\"publisher\":{\"@id\":\"https:\/\/vosgesinfo.fr\/gerardmerinfo\/#organization\"},\"alternateName\":\"Toute l'actualit\u00e9 de G\u00e9rardmer\",\"potentialAction\":[{\"@type\":\"SearchAction\",\"target\":{\"@type\":\"EntryPoint\",\"urlTemplate\":\"https:\/\/vosgesinfo.fr\/gerardmerinfo\/?s={search_term_string}\"},\"query-input\":\"required name=search_term_string\"}],\"inLanguage\":\"fr-FR\"},{\"@type\":\"Organization\",\"@id\":\"https:\/\/vosgesinfo.fr\/gerardmerinfo\/#organization\",\"name\":\"Gerardmer Info\",\"url\":\"https:\/\/vosgesinfo.fr\/gerardmerinfo\/\",\"logo\":{\"@type\":\"ImageObject\",\"inLanguage\":\"fr-FR\",\"@id\":\"https:\/\/vosgesinfo.fr\/gerardmerinfo\/#\/schema\/logo\/image\/\",\"url\":\"https:\/\/vosgesinfo.fr\/app\/uploads\/sites\/6\/2023\/08\/favicon-gerardmerinfo.png\",\"contentUrl\":\"https:\/\/vosgesinfo.fr\/app\/uploads\/sites\/6\/2023\/08\/favicon-gerardmerinfo.png\",\"width\":512,\"height\":512,\"caption\":\"Gerardmer Info\"},\"image\":{\"@id\":\"https:\/\/vosgesinfo.fr\/gerardmerinfo\/#\/schema\/logo\/image\/\"},\"sameAs\":[\"https:\/\/www.facebook.com\/profile.php?id=100049475262660\",\"https:\/\/x.com\/VosgesInfo88\",\"https:\/\/www.youtube.com\/@vosgesinfo\"]},{\"@type\":\"Person\",\"@id\":\"https:\/\/vosgesinfo.fr\/gerardmerinfo\/#\/schema\/person\/27a3695b06db98895b354c0765cdfc31\",\"name\":\"La redaction\",\"image\":{\"@type\":\"ImageObject\",\"inLanguage\":\"fr-FR\",\"@id\":\"https:\/\/vosgesinfo.fr\/gerardmerinfo\/#\/schema\/person\/image\/\",\"url\":\"https:\/\/secure.gravatar.com\/avatar\/64c76a78e501cedee55736f43f332df901e1896ae9cd8fad269ae2236dd0e8b6?s=96&d=mm&r=g\",\"contentUrl\":\"https:\/\/secure.gravatar.com\/avatar\/64c76a78e501cedee55736f43f332df901e1896ae9cd8fad269ae2236dd0e8b6?s=96&d=mm&r=g\",\"caption\":\"La redaction\"},\"url\":\"https:\/\/vosgesinfo.fr\/gerardmerinfo\/author\/la-redaction\/\"}]}<\/script>\n<!-- \/ Yoast SEO plugin. -->","yoast_head_json":{"title":"Rendez-vous C'Est Nature sp\u00e9cial : peur & imaginaire \u00e0 la p\u00e9pini\u00e8re des Xettes - Gerardmer Info","robots":{"index":"index","follow":"follow","max-snippet":"max-snippet:-1","max-image-preview":"max-image-preview:large","max-video-preview":"max-video-preview:-1"},"canonical":"https:\/\/vosgesinfo.fr\/gerardmerinfo\/2025\/10\/rendez-vous-cest-nature-special-peur-imaginaire-a-la-pepiniere-des-xettes\/","twitter_card":"summary_large_image","twitter_title":"Rendez-vous C'Est Nature sp\u00e9cial : peur & imaginaire \u00e0 la p\u00e9pini\u00e8re des Xettes - Gerardmer Info","twitter_description":"A l&rsquo;heure o\u00f9 les citrouilles prennent forme humaine et o\u00f9 seuls les bonbons \u00e9cartent les sorts, un petit tour en [&hellip;]","twitter_image":"https:\/\/vosgesinfo.fr\/app\/uploads\/sites\/6\/2025\/10\/unnamed1.jpg","twitter_creator":"@VosgesInfo88","twitter_site":"@VosgesInfo88","twitter_misc":{"\u00c9crit par":"La redaction","Dur\u00e9e de lecture estim\u00e9e":"1 minute"},"schema":{"@context":"https:\/\/schema.org","@graph":[{"@type":"Article","@id":"https:\/\/vosgesinfo.fr\/gerardmerinfo\/2025\/10\/rendez-vous-cest-nature-special-peur-imaginaire-a-la-pepiniere-des-xettes\/#article","isPartOf":{"@id":"https:\/\/vosgesinfo.fr\/gerardmerinfo\/2025\/10\/rendez-vous-cest-nature-special-peur-imaginaire-a-la-pepiniere-des-xettes\/"},"author":{"name":"La redaction","@id":"https:\/\/vosgesinfo.fr\/gerardmerinfo\/#\/schema\/person\/27a3695b06db98895b354c0765cdfc31"},"headline":"Rendez-vous C&rsquo;Est Nature sp\u00e9cial : peur &#038; imaginaire \u00e0 la p\u00e9pini\u00e8re des Xettes","datePublished":"2025-10-25T03:54:17+00:00","dateModified":"2025-10-24T13:06:40+00:00","mainEntityOfPage":{"@id":"https:\/\/vosgesinfo.fr\/gerardmerinfo\/2025\/10\/rendez-vous-cest-nature-special-peur-imaginaire-a-la-pepiniere-des-xettes\/"},"wordCount":140,"commentCount":2,"publisher":{"@id":"https:\/\/vosgesinfo.fr\/gerardmerinfo\/#organization"},"image":{"@id":"https:\/\/vosgesinfo.fr\/gerardmerinfo\/2025\/10\/rendez-vous-cest-nature-special-peur-imaginaire-a-la-pepiniere-des-xettes\/#primaryimage"},"thumbnailUrl":"https:\/\/vosgesinfo.fr\/app\/uploads\/sites\/6\/2025\/10\/unnamed1.jpg","keywords":["CEN Lorraine"],"articleSection":["A la une","Environnement","Gerardmer","Vie Associative"],"inLanguage":"fr-FR","potentialAction":[{"@type":"CommentAction","name":"Comment","target":["https:\/\/vosgesinfo.fr\/gerardmerinfo\/2025\/10\/rendez-vous-cest-nature-special-peur-imaginaire-a-la-pepiniere-des-xettes\/#respond"]}]},{"@type":"WebPage","@id":"https:\/\/vosgesinfo.fr\/gerardmerinfo\/2025\/10\/rendez-vous-cest-nature-special-peur-imaginaire-a-la-pepiniere-des-xettes\/","url":"https:\/\/vosgesinfo.fr\/gerardmerinfo\/2025\/10\/rendez-vous-cest-nature-special-peur-imaginaire-a-la-pepiniere-des-xettes\/","name":"Rendez-vous C'Est Nature sp\u00e9cial : peur & imaginaire \u00e0 la p\u00e9pini\u00e8re des Xettes - Gerardmer Info","isPartOf":{"@id":"https:\/\/vosgesinfo.fr\/gerardmerinfo\/#website"},"primaryImageOfPage":{"@id":"https:\/\/vosgesinfo.fr\/gerardmerinfo\/2025\/10\/rendez-vous-cest-nature-special-peur-imaginaire-a-la-pepiniere-des-xettes\/#primaryimage"},"image":{"@id":"https:\/\/vosgesinfo.fr\/gerardmerinfo\/2025\/10\/rendez-vous-cest-nature-special-peur-imaginaire-a-la-pepiniere-des-xettes\/#primaryimage"},"thumbnailUrl":"https:\/\/vosgesinfo.fr\/app\/uploads\/sites\/6\/2025\/10\/unnamed1.jpg","datePublished":"2025-10-25T03:54:17+00:00","dateModified":"2025-10-24T13:06:40+00:00","breadcrumb":{"@id":"https:\/\/vosgesinfo.fr\/gerardmerinfo\/2025\/10\/rendez-vous-cest-nature-special-peur-imaginaire-a-la-pepiniere-des-xettes\/#breadcrumb"},"inLanguage":"fr-FR","potentialAction":[{"@type":"ReadAction","target":["https:\/\/vosgesinfo.fr\/gerardmerinfo\/2025\/10\/rendez-vous-cest-nature-special-peur-imaginaire-a-la-pepiniere-des-xettes\/"]}]},{"@type":"ImageObject","inLanguage":"fr-FR","@id":"https:\/\/vosgesinfo.fr\/gerardmerinfo\/2025\/10\/rendez-vous-cest-nature-special-peur-imaginaire-a-la-pepiniere-des-xettes\/#primaryimage","url":"https:\/\/vosgesinfo.fr\/app\/uploads\/sites\/6\/2025\/10\/unnamed1.jpg","contentUrl":"https:\/\/vosgesinfo.fr\/app\/uploads\/sites\/6\/2025\/10\/unnamed1.jpg","width":764,"height":1080},{"@type":"BreadcrumbList","@id":"https:\/\/vosgesinfo.fr\/gerardmerinfo\/2025\/10\/rendez-vous-cest-nature-special-peur-imaginaire-a-la-pepiniere-des-xettes\/#breadcrumb","itemListElement":[{"@type":"ListItem","position":1,"name":"Home","item":"https:\/\/vosgesinfo.fr\/gerardmerinfo\/"},{"@type":"ListItem","position":2,"name":"Rendez-vous C&rsquo;Est Nature sp\u00e9cial : peur &#038; imaginaire \u00e0 la p\u00e9pini\u00e8re des Xettes"}]},{"@type":"WebSite","@id":"https:\/\/vosgesinfo.fr\/gerardmerinfo\/#website","url":"https:\/\/vosgesinfo.fr\/gerardmerinfo\/","name":"Gerardmer Info","description":"Toute l&#039;actualit\u00e9 de G\u00e9rardmer","publisher":{"@id":"https:\/\/vosgesinfo.fr\/gerardmerinfo\/#organization"},"alternateName":"Toute l'actualit\u00e9 de G\u00e9rardmer","potentialAction":[{"@type":"SearchAction","target":{"@type":"EntryPoint","urlTemplate":"https:\/\/vosgesinfo.fr\/gerardmerinfo\/?s={search_term_string}"},"query-input":"required name=search_term_string"}],"inLanguage":"fr-FR"},{"@type":"Organization","@id":"https:\/\/vosgesinfo.fr\/gerardmerinfo\/#organization","name":"Gerardmer Info","url":"https:\/\/vosgesinfo.fr\/gerardmerinfo\/","logo":{"@type":"ImageObject","inLanguage":"fr-FR","@id":"https:\/\/vosgesinfo.fr\/gerardmerinfo\/#\/schema\/logo\/image\/","url":"https:\/\/vosgesinfo.fr\/app\/uploads\/sites\/6\/2023\/08\/favicon-gerardmerinfo.png","contentUrl":"https:\/\/vosgesinfo.fr\/app\/uploads\/sites\/6\/2023\/08\/favicon-gerardmerinfo.png","width":512,"height":512,"caption":"Gerardmer Info"},"image":{"@id":"https:\/\/vosgesinfo.fr\/gerardmerinfo\/#\/schema\/logo\/image\/"},"sameAs":["https:\/\/www.facebook.com\/profile.php?id=100049475262660","https:\/\/x.com\/VosgesInfo88","https:\/\/www.youtube.com\/@vosgesinfo"]},{"@type":"Person","@id":"https:\/\/vosgesinfo.fr\/gerardmerinfo\/#\/schema\/person\/27a3695b06db98895b354c0765cdfc31","name":"La redaction","image":{"@type":"ImageObject","inLanguage":"fr-FR","@id":"https:\/\/vosgesinfo.fr\/gerardmerinfo\/#\/schema\/person\/image\/","url":"https:\/\/secure.gravatar.com\/avatar\/64c76a78e501cedee55736f43f332df901e1896ae9cd8fad269ae2236dd0e8b6?s=96&d=mm&r=g","contentUrl":"https:\/\/secure.gravatar.com\/avatar\/64c76a78e501cedee55736f43f332df901e1896ae9cd8fad269ae2236dd0e8b6?s=96&d=mm&r=g","caption":"La redaction"},"url":"https:\/\/vosgesinfo.fr\/gerardmerinfo\/author\/la-redaction\/"}]}},"_links":{"self":[{"href":"https:\/\/vosgesinfo.fr\/gerardmerinfo\/wp-json\/wp\/v2\/posts\/83692","targetHints":{"allow":["GET"]}}],"collection":[{"href":"https:\/\/vosgesinfo.fr\/gerardmerinfo\/wp-json\/wp\/v2\/posts"}],"about":[{"href":"https:\/\/vosgesinfo.fr\/gerardmerinfo\/wp-json\/wp\/v2\/types\/post"}],"author":[{"embeddable":true,"href":"https:\/\/vosgesinfo.fr\/gerardmerinfo\/wp-json\/wp\/v2\/users\/391"}],"replies":[{"embeddable":true,"href":"https:\/\/vosgesinfo.fr\/gerardmerinfo\/wp-json\/wp\/v2\/comments?post=83692"}],"version-history":[{"count":1,"href":"https:\/\/vosgesinfo.fr\/gerardmerinfo\/wp-json\/wp\/v2\/posts\/83692\/revisions"}],"predecessor-version":[{"id":83694,"href":"https:\/\/vosgesinfo.fr\/gerardmerinfo\/wp-json\/wp\/v2\/posts\/83692\/revisions\/83694"}],"wp:featuredmedia":[{"embeddable":true,"href":"https:\/\/vosgesinfo.fr\/gerardmerinfo\/wp-json\/wp\/v2\/media\/83693"}],"wp:attachment":[{"href":"https:\/\/vosgesinfo.fr\/gerardmerinfo\/wp-json\/wp\/v2\/media?parent=83692"}],"wp:term":[{"taxonomy":"category","embeddable":true,"href":"https:\/\/vosgesinfo.fr\/gerardmerinfo\/wp-json\/wp\/v2\/categories?post=83692"},{"taxonomy":"post_tag","embeddable":true,"href":"https:\/\/vosgesinfo.fr\/gerardmerinfo\/wp-json\/wp\/v2\/tags?post=83692"}],"curies":[{"name":"wp","href":"https:\/\/api.w.org\/{rel}","templated":true}]}}