{"id":83781,"date":"2025-10-21T05:57:34","date_gmt":"2025-10-21T03:57:34","guid":{"rendered":"https:\/\/vosgesinfo.fr\/gerardmerinfo\/?p=83781"},"modified":"2025-10-20T09:39:28","modified_gmt":"2025-10-20T07:39:28","slug":"assemblee-generale-de-lunc-fidelite-et-convivialite-au-rendez-vous","status":"publish","type":"post","link":"https:\/\/vosgesinfo.fr\/gerardmerinfo\/2025\/10\/assemblee-generale-de-lunc-fidelite-et-convivialite-au-rendez-vous\/","title":{"rendered":"Assembl\u00e9e g\u00e9n\u00e9rale de l\u2019UNC : fid\u00e9lit\u00e9 et convivialit\u00e9 au rendez-vous"},"content":{"rendered":"<h3 data-start=\"250\" data-end=\"323\"><a href=\"https:\/\/vosgesinfo.fr\/app\/uploads\/sites\/6\/2025\/10\/unc-gerardmer-xonrupt-ag-1.jpg\"><img decoding=\"async\" class=\"aligncenter size-large wp-image-83783\" src=\"https:\/\/vosgesinfo.fr\/app\/uploads\/sites\/6\/2025\/10\/unc-gerardmer-xonrupt-ag-1-1024x768.jpg\" alt=\"\" width=\"1024\" height=\"768\" srcset=\"https:\/\/vosgesinfo.fr\/app\/uploads\/sites\/6\/2025\/10\/unc-gerardmer-xonrupt-ag-1-1024x768.jpg 1024w, https:\/\/vosgesinfo.fr\/app\/uploads\/sites\/6\/2025\/10\/unc-gerardmer-xonrupt-ag-1-300x225.jpg 300w, https:\/\/vosgesinfo.fr\/app\/uploads\/sites\/6\/2025\/10\/unc-gerardmer-xonrupt-ag-1-768x576.jpg 768w, https:\/\/vosgesinfo.fr\/app\/uploads\/sites\/6\/2025\/10\/unc-gerardmer-xonrupt-ag-1.jpg 1440w\" sizes=\"(max-width: 1024px) 100vw, 1024px\" \/><\/a><\/h3>\n<p>&nbsp;<\/p>\n<p data-start=\"325\" data-end=\"611\"><strong>La section UNC de G\u00e9rardmer\/Xonrupt-Longemer, pr\u00e9sid\u00e9e par G\u00e9rard Roussel, a tenu son assembl\u00e9e g\u00e9n\u00e9rale ce dimanche matin \u00e0 la salle des Armes de la mairie de G\u00e9rardmer en pr\u00e9sence du pr\u00e9sident d\u00e9partemental Oswald Caligari et du Colonel Villette, correspondant territorial des membres de la L\u00e9gion d\u2019Honneur. L\u2019occasion de dresser le bilan d\u2019une ann\u00e9e d\u2019activit\u00e9s bien remplie et d\u2019\u00e9voquer les perspectives pour 2025-2026.<\/strong><\/p>\n<p data-start=\"613\" data-end=\"937\"><a href=\"https:\/\/vosgesinfo.fr\/app\/uploads\/sites\/6\/2025\/10\/unc-gerardmer-xonrupt-ag-2.jpg\"><img decoding=\"async\" class=\"alignright size-medium wp-image-83782\" src=\"https:\/\/vosgesinfo.fr\/app\/uploads\/sites\/6\/2025\/10\/unc-gerardmer-xonrupt-ag-2-300x225.jpg\" alt=\"\" width=\"300\" height=\"225\" srcset=\"https:\/\/vosgesinfo.fr\/app\/uploads\/sites\/6\/2025\/10\/unc-gerardmer-xonrupt-ag-2-300x225.jpg 300w, https:\/\/vosgesinfo.fr\/app\/uploads\/sites\/6\/2025\/10\/unc-gerardmer-xonrupt-ag-2-1024x768.jpg 1024w, https:\/\/vosgesinfo.fr\/app\/uploads\/sites\/6\/2025\/10\/unc-gerardmer-xonrupt-ag-2-768x576.jpg 768w, https:\/\/vosgesinfo.fr\/app\/uploads\/sites\/6\/2025\/10\/unc-gerardmer-xonrupt-ag-2.jpg 1440w\" sizes=\"(max-width: 300px) 100vw, 300px\" \/><\/a>Le pr\u00e9sident a rappel\u00e9 que l\u2019association reste fid\u00e8le \u00e0 sa vocation : honorer la m\u00e9moire des combattants et entretenir l\u2019esprit de camaraderie. Les membres participent r\u00e9guli\u00e8rement aux c\u00e9r\u00e9monies patriotiques inscrites au calendrier municipal, le porte-drapeau Roger Fost repr\u00e9sentant la section lors de chaque \u00e9v\u00e9nement.<\/p>\n<p data-start=\"939\" data-end=\"1324\">L\u2019UNC, c\u2019est aussi des moments de convivialit\u00e9 : chaque mardi apr\u00e8s-midi, les adeptes de jeux de cartes se retrouvent au local du Bergon, rejoints par d\u2019autres amateurs de jeux de soci\u00e9t\u00e9. Le comit\u00e9, de son c\u00f4t\u00e9, se r\u00e9unit r\u00e9guli\u00e8rement pour pr\u00e9parer les repas, sorties et voyages, malgr\u00e9 la difficult\u00e9 \u00e0 renouveler les b\u00e9n\u00e9voles, la moyenne d\u2019\u00e2ge des membres \u00e9tant d\u00e9sormais \u00e9lev\u00e9e.<\/p>\n<p data-start=\"1326\" data-end=\"1697\">Parmi les moments forts de l\u2019ann\u00e9e : le repas des Cochonnailles du 24 octobre 2024 (34 participants), le repas de l\u2019assembl\u00e9e g\u00e9n\u00e9rale du 8 d\u00e9cembre (48 participants), le couscous traditionnel du 20 mars 2025 (39 convives) et la paella du 17 juillet (43 participants). Tous ont salu\u00e9 l\u2019organisation sans faille de Christian Aubert, en charge de la logistique des repas. Mais on se souviendra surtout de la d\u00e9coration de Mohamed Mehraz, \u00e9lev\u00e9 au grade de chevalier de la L\u00e9gion d\u2019Honneur en reconnaissance de ses engagements militaires en Indochine et en Alg\u00e9rie.<\/p>\n<p data-start=\"1929\" data-end=\"2198\">Le calendrier 2025-2026 est d\u00e9j\u00e0 amorc\u00e9 : la premi\u00e8re manifestation se tiendra lors de la prochaine assembl\u00e9e g\u00e9n\u00e9rale \u00e0 Ramberchamp, suivie du repas \u00e0 l\u2019\u00c9cho du lac, tandis que le traditionnel repas des Cochonnailles aura lieu le 13 novembre 2025 au local du Bergon.<\/p>\n<p data-start=\"2200\" data-end=\"2443\">En conclusion, G\u00e9rard Roussel a remerci\u00e9 les membres pour leur fid\u00e9lit\u00e9 et leur engagement, r\u00e9affirmant la volont\u00e9 de maintenir, \u00ab dans la mesure du possible \u00bb, les activit\u00e9s de l\u2019association, synonymes de m\u00e9moire, de solidarit\u00e9 et d\u2019amiti\u00e9.<\/p>\n","protected":false},"excerpt":{"rendered":"<p>&nbsp; La section UNC de G\u00e9rardmer\/Xonrupt-Longemer, pr\u00e9sid\u00e9e par G\u00e9rard Roussel, a tenu son assembl\u00e9e g\u00e9n\u00e9rale ce dimanche matin \u00e0 la [&hellip;]<\/p>\n","protected":false},"author":42,"featured_media":83783,"comment_status":"open","ping_status":"open","sticky":false,"template":"","format":"standard","meta":{"footnotes":""},"categories":[20,5647,17],"tags":[2231],"class_list":["post-83781","post","type-post","status-publish","format-standard","has-post-thumbnail","hentry","category-a-la-une","category-gerardmer-autres-sites","category-vie-associative","tag-unc-afn"],"acf":[],"yoast_head":"<!-- This site is optimized with the Yoast SEO plugin v22.5 - https:\/\/yoast.com\/wordpress\/plugins\/seo\/ -->\n<title>Assembl\u00e9e g\u00e9n\u00e9rale de l\u2019UNC : fid\u00e9lit\u00e9 et convivialit\u00e9 au rendez-vous - Gerardmer Info<\/title>\n<meta name=\"robots\" content=\"index, follow, max-snippet:-1, max-image-preview:large, max-video-preview:-1\" \/>\n<link rel=\"canonical\" href=\"https:\/\/vosgesinfo.fr\/gerardmerinfo\/2025\/10\/assemblee-generale-de-lunc-fidelite-et-convivialite-au-rendez-vous\/\" \/>\n<meta name=\"twitter:card\" content=\"summary_large_image\" \/>\n<meta name=\"twitter:title\" content=\"Assembl\u00e9e g\u00e9n\u00e9rale de l\u2019UNC : fid\u00e9lit\u00e9 et convivialit\u00e9 au rendez-vous - Gerardmer Info\" \/>\n<meta name=\"twitter:description\" content=\"&nbsp; La section UNC de G\u00e9rardmer\/Xonrupt-Longemer, pr\u00e9sid\u00e9e par G\u00e9rard Roussel, a tenu son assembl\u00e9e g\u00e9n\u00e9rale ce dimanche matin \u00e0 la [&hellip;]\" \/>\n<meta name=\"twitter:image\" content=\"https:\/\/vosgesinfo.fr\/app\/uploads\/sites\/6\/2025\/10\/unc-gerardmer-xonrupt-ag-1.jpg\" \/>\n<meta name=\"twitter:creator\" content=\"@VosgesInfo88\" \/>\n<meta name=\"twitter:site\" content=\"@VosgesInfo88\" \/>\n<meta name=\"twitter:label1\" content=\"\u00c9crit par\" \/>\n\t<meta name=\"twitter:data1\" content=\"QG\" \/>\n\t<meta name=\"twitter:label2\" content=\"Dur\u00e9e de lecture estim\u00e9e\" \/>\n\t<meta name=\"twitter:data2\" content=\"3 minutes\" \/>\n<script type=\"application\/ld+json\" class=\"yoast-schema-graph\">{\"@context\":\"https:\/\/schema.org\",\"@graph\":[{\"@type\":\"Article\",\"@id\":\"https:\/\/vosgesinfo.fr\/gerardmerinfo\/2025\/10\/assemblee-generale-de-lunc-fidelite-et-convivialite-au-rendez-vous\/#article\",\"isPartOf\":{\"@id\":\"https:\/\/vosgesinfo.fr\/gerardmerinfo\/2025\/10\/assemblee-generale-de-lunc-fidelite-et-convivialite-au-rendez-vous\/\"},\"author\":{\"name\":\"QG\",\"@id\":\"https:\/\/vosgesinfo.fr\/gerardmerinfo\/#\/schema\/person\/db5605779a843dad16b5368f3e7613a5\"},\"headline\":\"Assembl\u00e9e g\u00e9n\u00e9rale de l\u2019UNC : fid\u00e9lit\u00e9 et convivialit\u00e9 au rendez-vous\",\"datePublished\":\"2025-10-21T03:57:34+00:00\",\"dateModified\":\"2025-10-20T07:39:28+00:00\",\"mainEntityOfPage\":{\"@id\":\"https:\/\/vosgesinfo.fr\/gerardmerinfo\/2025\/10\/assemblee-generale-de-lunc-fidelite-et-convivialite-au-rendez-vous\/\"},\"wordCount\":402,\"commentCount\":0,\"publisher\":{\"@id\":\"https:\/\/vosgesinfo.fr\/gerardmerinfo\/#organization\"},\"image\":{\"@id\":\"https:\/\/vosgesinfo.fr\/gerardmerinfo\/2025\/10\/assemblee-generale-de-lunc-fidelite-et-convivialite-au-rendez-vous\/#primaryimage\"},\"thumbnailUrl\":\"https:\/\/vosgesinfo.fr\/app\/uploads\/sites\/6\/2025\/10\/unc-gerardmer-xonrupt-ag-1.jpg\",\"keywords\":[\"UNC\/AFN\"],\"articleSection\":[\"A la une\",\"Gerardmer\",\"Vie Associative\"],\"inLanguage\":\"fr-FR\",\"potentialAction\":[{\"@type\":\"CommentAction\",\"name\":\"Comment\",\"target\":[\"https:\/\/vosgesinfo.fr\/gerardmerinfo\/2025\/10\/assemblee-generale-de-lunc-fidelite-et-convivialite-au-rendez-vous\/#respond\"]}]},{\"@type\":\"WebPage\",\"@id\":\"https:\/\/vosgesinfo.fr\/gerardmerinfo\/2025\/10\/assemblee-generale-de-lunc-fidelite-et-convivialite-au-rendez-vous\/\",\"url\":\"https:\/\/vosgesinfo.fr\/gerardmerinfo\/2025\/10\/assemblee-generale-de-lunc-fidelite-et-convivialite-au-rendez-vous\/\",\"name\":\"Assembl\u00e9e g\u00e9n\u00e9rale de l\u2019UNC : fid\u00e9lit\u00e9 et convivialit\u00e9 au rendez-vous - Gerardmer Info\",\"isPartOf\":{\"@id\":\"https:\/\/vosgesinfo.fr\/gerardmerinfo\/#website\"},\"primaryImageOfPage\":{\"@id\":\"https:\/\/vosgesinfo.fr\/gerardmerinfo\/2025\/10\/assemblee-generale-de-lunc-fidelite-et-convivialite-au-rendez-vous\/#primaryimage\"},\"image\":{\"@id\":\"https:\/\/vosgesinfo.fr\/gerardmerinfo\/2025\/10\/assemblee-generale-de-lunc-fidelite-et-convivialite-au-rendez-vous\/#primaryimage\"},\"thumbnailUrl\":\"https:\/\/vosgesinfo.fr\/app\/uploads\/sites\/6\/2025\/10\/unc-gerardmer-xonrupt-ag-1.jpg\",\"datePublished\":\"2025-10-21T03:57:34+00:00\",\"dateModified\":\"2025-10-20T07:39:28+00:00\",\"breadcrumb\":{\"@id\":\"https:\/\/vosgesinfo.fr\/gerardmerinfo\/2025\/10\/assemblee-generale-de-lunc-fidelite-et-convivialite-au-rendez-vous\/#breadcrumb\"},\"inLanguage\":\"fr-FR\",\"potentialAction\":[{\"@type\":\"ReadAction\",\"target\":[\"https:\/\/vosgesinfo.fr\/gerardmerinfo\/2025\/10\/assemblee-generale-de-lunc-fidelite-et-convivialite-au-rendez-vous\/\"]}]},{\"@type\":\"ImageObject\",\"inLanguage\":\"fr-FR\",\"@id\":\"https:\/\/vosgesinfo.fr\/gerardmerinfo\/2025\/10\/assemblee-generale-de-lunc-fidelite-et-convivialite-au-rendez-vous\/#primaryimage\",\"url\":\"https:\/\/vosgesinfo.fr\/app\/uploads\/sites\/6\/2025\/10\/unc-gerardmer-xonrupt-ag-1.jpg\",\"contentUrl\":\"https:\/\/vosgesinfo.fr\/app\/uploads\/sites\/6\/2025\/10\/unc-gerardmer-xonrupt-ag-1.jpg\",\"width\":1440,\"height\":1080},{\"@type\":\"BreadcrumbList\",\"@id\":\"https:\/\/vosgesinfo.fr\/gerardmerinfo\/2025\/10\/assemblee-generale-de-lunc-fidelite-et-convivialite-au-rendez-vous\/#breadcrumb\",\"itemListElement\":[{\"@type\":\"ListItem\",\"position\":1,\"name\":\"Home\",\"item\":\"https:\/\/vosgesinfo.fr\/gerardmerinfo\/\"},{\"@type\":\"ListItem\",\"position\":2,\"name\":\"Assembl\u00e9e g\u00e9n\u00e9rale de l\u2019UNC : fid\u00e9lit\u00e9 et convivialit\u00e9 au rendez-vous\"}]},{\"@type\":\"WebSite\",\"@id\":\"https:\/\/vosgesinfo.fr\/gerardmerinfo\/#website\",\"url\":\"https:\/\/vosgesinfo.fr\/gerardmerinfo\/\",\"name\":\"Gerardmer Info\",\"description\":\"Toute l&#039;actualit\u00e9 de G\u00e9rardmer\",\"publisher\":{\"@id\":\"https:\/\/vosgesinfo.fr\/gerardmerinfo\/#organization\"},\"alternateName\":\"Toute l'actualit\u00e9 de G\u00e9rardmer\",\"potentialAction\":[{\"@type\":\"SearchAction\",\"target\":{\"@type\":\"EntryPoint\",\"urlTemplate\":\"https:\/\/vosgesinfo.fr\/gerardmerinfo\/?s={search_term_string}\"},\"query-input\":\"required name=search_term_string\"}],\"inLanguage\":\"fr-FR\"},{\"@type\":\"Organization\",\"@id\":\"https:\/\/vosgesinfo.fr\/gerardmerinfo\/#organization\",\"name\":\"Gerardmer Info\",\"url\":\"https:\/\/vosgesinfo.fr\/gerardmerinfo\/\",\"logo\":{\"@type\":\"ImageObject\",\"inLanguage\":\"fr-FR\",\"@id\":\"https:\/\/vosgesinfo.fr\/gerardmerinfo\/#\/schema\/logo\/image\/\",\"url\":\"https:\/\/vosgesinfo.fr\/app\/uploads\/sites\/6\/2023\/08\/favicon-gerardmerinfo.png\",\"contentUrl\":\"https:\/\/vosgesinfo.fr\/app\/uploads\/sites\/6\/2023\/08\/favicon-gerardmerinfo.png\",\"width\":512,\"height\":512,\"caption\":\"Gerardmer Info\"},\"image\":{\"@id\":\"https:\/\/vosgesinfo.fr\/gerardmerinfo\/#\/schema\/logo\/image\/\"},\"sameAs\":[\"https:\/\/www.facebook.com\/profile.php?id=100049475262660\",\"https:\/\/x.com\/VosgesInfo88\",\"https:\/\/www.youtube.com\/@vosgesinfo\"]},{\"@type\":\"Person\",\"@id\":\"https:\/\/vosgesinfo.fr\/gerardmerinfo\/#\/schema\/person\/db5605779a843dad16b5368f3e7613a5\",\"name\":\"QG\",\"image\":{\"@type\":\"ImageObject\",\"inLanguage\":\"fr-FR\",\"@id\":\"https:\/\/vosgesinfo.fr\/gerardmerinfo\/#\/schema\/person\/image\/\",\"url\":\"https:\/\/secure.gravatar.com\/avatar\/ea80c42c204b534408512832fde52504ecabb9706bcb6151cf6175e5b64e6793?s=96&d=mm&r=g\",\"contentUrl\":\"https:\/\/secure.gravatar.com\/avatar\/ea80c42c204b534408512832fde52504ecabb9706bcb6151cf6175e5b64e6793?s=96&d=mm&r=g\",\"caption\":\"QG\"},\"url\":\"https:\/\/vosgesinfo.fr\/gerardmerinfo\/author\/quentin88\/\"}]}<\/script>\n<!-- \/ Yoast SEO plugin. -->","yoast_head_json":{"title":"Assembl\u00e9e g\u00e9n\u00e9rale de l\u2019UNC : fid\u00e9lit\u00e9 et convivialit\u00e9 au rendez-vous - Gerardmer Info","robots":{"index":"index","follow":"follow","max-snippet":"max-snippet:-1","max-image-preview":"max-image-preview:large","max-video-preview":"max-video-preview:-1"},"canonical":"https:\/\/vosgesinfo.fr\/gerardmerinfo\/2025\/10\/assemblee-generale-de-lunc-fidelite-et-convivialite-au-rendez-vous\/","twitter_card":"summary_large_image","twitter_title":"Assembl\u00e9e g\u00e9n\u00e9rale de l\u2019UNC : fid\u00e9lit\u00e9 et convivialit\u00e9 au rendez-vous - Gerardmer Info","twitter_description":"&nbsp; La section UNC de G\u00e9rardmer\/Xonrupt-Longemer, pr\u00e9sid\u00e9e par G\u00e9rard Roussel, a tenu son assembl\u00e9e g\u00e9n\u00e9rale ce dimanche matin \u00e0 la [&hellip;]","twitter_image":"https:\/\/vosgesinfo.fr\/app\/uploads\/sites\/6\/2025\/10\/unc-gerardmer-xonrupt-ag-1.jpg","twitter_creator":"@VosgesInfo88","twitter_site":"@VosgesInfo88","twitter_misc":{"\u00c9crit par":"QG","Dur\u00e9e de lecture estim\u00e9e":"3 minutes"},"schema":{"@context":"https:\/\/schema.org","@graph":[{"@type":"Article","@id":"https:\/\/vosgesinfo.fr\/gerardmerinfo\/2025\/10\/assemblee-generale-de-lunc-fidelite-et-convivialite-au-rendez-vous\/#article","isPartOf":{"@id":"https:\/\/vosgesinfo.fr\/gerardmerinfo\/2025\/10\/assemblee-generale-de-lunc-fidelite-et-convivialite-au-rendez-vous\/"},"author":{"name":"QG","@id":"https:\/\/vosgesinfo.fr\/gerardmerinfo\/#\/schema\/person\/db5605779a843dad16b5368f3e7613a5"},"headline":"Assembl\u00e9e g\u00e9n\u00e9rale de l\u2019UNC : fid\u00e9lit\u00e9 et convivialit\u00e9 au rendez-vous","datePublished":"2025-10-21T03:57:34+00:00","dateModified":"2025-10-20T07:39:28+00:00","mainEntityOfPage":{"@id":"https:\/\/vosgesinfo.fr\/gerardmerinfo\/2025\/10\/assemblee-generale-de-lunc-fidelite-et-convivialite-au-rendez-vous\/"},"wordCount":402,"commentCount":0,"publisher":{"@id":"https:\/\/vosgesinfo.fr\/gerardmerinfo\/#organization"},"image":{"@id":"https:\/\/vosgesinfo.fr\/gerardmerinfo\/2025\/10\/assemblee-generale-de-lunc-fidelite-et-convivialite-au-rendez-vous\/#primaryimage"},"thumbnailUrl":"https:\/\/vosgesinfo.fr\/app\/uploads\/sites\/6\/2025\/10\/unc-gerardmer-xonrupt-ag-1.jpg","keywords":["UNC\/AFN"],"articleSection":["A la une","Gerardmer","Vie Associative"],"inLanguage":"fr-FR","potentialAction":[{"@type":"CommentAction","name":"Comment","target":["https:\/\/vosgesinfo.fr\/gerardmerinfo\/2025\/10\/assemblee-generale-de-lunc-fidelite-et-convivialite-au-rendez-vous\/#respond"]}]},{"@type":"WebPage","@id":"https:\/\/vosgesinfo.fr\/gerardmerinfo\/2025\/10\/assemblee-generale-de-lunc-fidelite-et-convivialite-au-rendez-vous\/","url":"https:\/\/vosgesinfo.fr\/gerardmerinfo\/2025\/10\/assemblee-generale-de-lunc-fidelite-et-convivialite-au-rendez-vous\/","name":"Assembl\u00e9e g\u00e9n\u00e9rale de l\u2019UNC : fid\u00e9lit\u00e9 et convivialit\u00e9 au rendez-vous - Gerardmer Info","isPartOf":{"@id":"https:\/\/vosgesinfo.fr\/gerardmerinfo\/#website"},"primaryImageOfPage":{"@id":"https:\/\/vosgesinfo.fr\/gerardmerinfo\/2025\/10\/assemblee-generale-de-lunc-fidelite-et-convivialite-au-rendez-vous\/#primaryimage"},"image":{"@id":"https:\/\/vosgesinfo.fr\/gerardmerinfo\/2025\/10\/assemblee-generale-de-lunc-fidelite-et-convivialite-au-rendez-vous\/#primaryimage"},"thumbnailUrl":"https:\/\/vosgesinfo.fr\/app\/uploads\/sites\/6\/2025\/10\/unc-gerardmer-xonrupt-ag-1.jpg","datePublished":"2025-10-21T03:57:34+00:00","dateModified":"2025-10-20T07:39:28+00:00","breadcrumb":{"@id":"https:\/\/vosgesinfo.fr\/gerardmerinfo\/2025\/10\/assemblee-generale-de-lunc-fidelite-et-convivialite-au-rendez-vous\/#breadcrumb"},"inLanguage":"fr-FR","potentialAction":[{"@type":"ReadAction","target":["https:\/\/vosgesinfo.fr\/gerardmerinfo\/2025\/10\/assemblee-generale-de-lunc-fidelite-et-convivialite-au-rendez-vous\/"]}]},{"@type":"ImageObject","inLanguage":"fr-FR","@id":"https:\/\/vosgesinfo.fr\/gerardmerinfo\/2025\/10\/assemblee-generale-de-lunc-fidelite-et-convivialite-au-rendez-vous\/#primaryimage","url":"https:\/\/vosgesinfo.fr\/app\/uploads\/sites\/6\/2025\/10\/unc-gerardmer-xonrupt-ag-1.jpg","contentUrl":"https:\/\/vosgesinfo.fr\/app\/uploads\/sites\/6\/2025\/10\/unc-gerardmer-xonrupt-ag-1.jpg","width":1440,"height":1080},{"@type":"BreadcrumbList","@id":"https:\/\/vosgesinfo.fr\/gerardmerinfo\/2025\/10\/assemblee-generale-de-lunc-fidelite-et-convivialite-au-rendez-vous\/#breadcrumb","itemListElement":[{"@type":"ListItem","position":1,"name":"Home","item":"https:\/\/vosgesinfo.fr\/gerardmerinfo\/"},{"@type":"ListItem","position":2,"name":"Assembl\u00e9e g\u00e9n\u00e9rale de l\u2019UNC : fid\u00e9lit\u00e9 et convivialit\u00e9 au rendez-vous"}]},{"@type":"WebSite","@id":"https:\/\/vosgesinfo.fr\/gerardmerinfo\/#website","url":"https:\/\/vosgesinfo.fr\/gerardmerinfo\/","name":"Gerardmer Info","description":"Toute l&#039;actualit\u00e9 de G\u00e9rardmer","publisher":{"@id":"https:\/\/vosgesinfo.fr\/gerardmerinfo\/#organization"},"alternateName":"Toute l'actualit\u00e9 de G\u00e9rardmer","potentialAction":[{"@type":"SearchAction","target":{"@type":"EntryPoint","urlTemplate":"https:\/\/vosgesinfo.fr\/gerardmerinfo\/?s={search_term_string}"},"query-input":"required name=search_term_string"}],"inLanguage":"fr-FR"},{"@type":"Organization","@id":"https:\/\/vosgesinfo.fr\/gerardmerinfo\/#organization","name":"Gerardmer Info","url":"https:\/\/vosgesinfo.fr\/gerardmerinfo\/","logo":{"@type":"ImageObject","inLanguage":"fr-FR","@id":"https:\/\/vosgesinfo.fr\/gerardmerinfo\/#\/schema\/logo\/image\/","url":"https:\/\/vosgesinfo.fr\/app\/uploads\/sites\/6\/2023\/08\/favicon-gerardmerinfo.png","contentUrl":"https:\/\/vosgesinfo.fr\/app\/uploads\/sites\/6\/2023\/08\/favicon-gerardmerinfo.png","width":512,"height":512,"caption":"Gerardmer Info"},"image":{"@id":"https:\/\/vosgesinfo.fr\/gerardmerinfo\/#\/schema\/logo\/image\/"},"sameAs":["https:\/\/www.facebook.com\/profile.php?id=100049475262660","https:\/\/x.com\/VosgesInfo88","https:\/\/www.youtube.com\/@vosgesinfo"]},{"@type":"Person","@id":"https:\/\/vosgesinfo.fr\/gerardmerinfo\/#\/schema\/person\/db5605779a843dad16b5368f3e7613a5","name":"QG","image":{"@type":"ImageObject","inLanguage":"fr-FR","@id":"https:\/\/vosgesinfo.fr\/gerardmerinfo\/#\/schema\/person\/image\/","url":"https:\/\/secure.gravatar.com\/avatar\/ea80c42c204b534408512832fde52504ecabb9706bcb6151cf6175e5b64e6793?s=96&d=mm&r=g","contentUrl":"https:\/\/secure.gravatar.com\/avatar\/ea80c42c204b534408512832fde52504ecabb9706bcb6151cf6175e5b64e6793?s=96&d=mm&r=g","caption":"QG"},"url":"https:\/\/vosgesinfo.fr\/gerardmerinfo\/author\/quentin88\/"}]}},"_links":{"self":[{"href":"https:\/\/vosgesinfo.fr\/gerardmerinfo\/wp-json\/wp\/v2\/posts\/83781","targetHints":{"allow":["GET"]}}],"collection":[{"href":"https:\/\/vosgesinfo.fr\/gerardmerinfo\/wp-json\/wp\/v2\/posts"}],"about":[{"href":"https:\/\/vosgesinfo.fr\/gerardmerinfo\/wp-json\/wp\/v2\/types\/post"}],"author":[{"embeddable":true,"href":"https:\/\/vosgesinfo.fr\/gerardmerinfo\/wp-json\/wp\/v2\/users\/42"}],"replies":[{"embeddable":true,"href":"https:\/\/vosgesinfo.fr\/gerardmerinfo\/wp-json\/wp\/v2\/comments?post=83781"}],"version-history":[{"count":2,"href":"https:\/\/vosgesinfo.fr\/gerardmerinfo\/wp-json\/wp\/v2\/posts\/83781\/revisions"}],"predecessor-version":[{"id":83812,"href":"https:\/\/vosgesinfo.fr\/gerardmerinfo\/wp-json\/wp\/v2\/posts\/83781\/revisions\/83812"}],"wp:featuredmedia":[{"embeddable":true,"href":"https:\/\/vosgesinfo.fr\/gerardmerinfo\/wp-json\/wp\/v2\/media\/83783"}],"wp:attachment":[{"href":"https:\/\/vosgesinfo.fr\/gerardmerinfo\/wp-json\/wp\/v2\/media?parent=83781"}],"wp:term":[{"taxonomy":"category","embeddable":true,"href":"https:\/\/vosgesinfo.fr\/gerardmerinfo\/wp-json\/wp\/v2\/categories?post=83781"},{"taxonomy":"post_tag","embeddable":true,"href":"https:\/\/vosgesinfo.fr\/gerardmerinfo\/wp-json\/wp\/v2\/tags?post=83781"}],"curies":[{"name":"wp","href":"https:\/\/api.w.org\/{rel}","templated":true}]}}