{"id":83785,"date":"2025-10-20T09:32:47","date_gmt":"2025-10-20T07:32:47","guid":{"rendered":"https:\/\/vosgesinfo.fr\/gerardmerinfo\/?p=83785"},"modified":"2025-10-20T09:32:47","modified_gmt":"2025-10-20T07:32:47","slug":"marche-rose-une-sortie-dominicale-pour-la-bonne-cause","status":"publish","type":"post","link":"https:\/\/vosgesinfo.fr\/gerardmerinfo\/2025\/10\/marche-rose-une-sortie-dominicale-pour-la-bonne-cause\/","title":{"rendered":"Marche Rose\u00a0: Une sortie dominicale pour la bonne cause"},"content":{"rendered":"<p><a href=\"https:\/\/vosgesinfo.fr\/app\/uploads\/sites\/6\/2025\/10\/marche-rose-2025-3.jpeg\"><img decoding=\"async\" class=\"aligncenter size-large wp-image-83788\" src=\"https:\/\/vosgesinfo.fr\/app\/uploads\/sites\/6\/2025\/10\/marche-rose-2025-3-1024x764.jpeg\" alt=\"\" width=\"1024\" height=\"764\" srcset=\"https:\/\/vosgesinfo.fr\/app\/uploads\/sites\/6\/2025\/10\/marche-rose-2025-3-1024x764.jpeg 1024w, https:\/\/vosgesinfo.fr\/app\/uploads\/sites\/6\/2025\/10\/marche-rose-2025-3-300x224.jpeg 300w, https:\/\/vosgesinfo.fr\/app\/uploads\/sites\/6\/2025\/10\/marche-rose-2025-3-768x573.jpeg 768w, https:\/\/vosgesinfo.fr\/app\/uploads\/sites\/6\/2025\/10\/marche-rose-2025-3.jpeg 1448w\" sizes=\"(max-width: 1024px) 100vw, 1024px\" \/><\/a><a href=\"https:\/\/vosgesinfo.fr\/app\/uploads\/sites\/6\/2025\/10\/marche-rose-2025-6.jpeg\"><img decoding=\"async\" class=\"alignright size-medium wp-image-83787\" src=\"https:\/\/vosgesinfo.fr\/app\/uploads\/sites\/6\/2025\/10\/marche-rose-2025-6-300x224.jpeg\" alt=\"\" width=\"300\" height=\"224\" srcset=\"https:\/\/vosgesinfo.fr\/app\/uploads\/sites\/6\/2025\/10\/marche-rose-2025-6-300x224.jpeg 300w, https:\/\/vosgesinfo.fr\/app\/uploads\/sites\/6\/2025\/10\/marche-rose-2025-6-768x573.jpeg 768w, https:\/\/vosgesinfo.fr\/app\/uploads\/sites\/6\/2025\/10\/marche-rose-2025-6.jpeg 1008w\" sizes=\"(max-width: 300px) 100vw, 300px\" \/><\/a><strong>La traditionnelle Marche Rose organis\u00e9e par les d\u00e9l\u00e9gu\u00e9es g\u00e9r\u00f4moises de la Ligue contre le cancer a eu lieu ce dimanche 18 octobre, au d\u00e9part de la place du vieux G\u00e9rardm\u00e9 Le beau temps et la bonne humeur \u00e9taient au rendez vous.<\/strong><\/p>\n<p>L\u2019antenne g\u00e9romoise de la Ligue contre le cancer s\u00e9duit et s\u2019est encore \u00e9toff\u00e9e cette ann\u00e9e pour atteindre 25 b\u00e9n\u00e9voles. \u00ab Les personnes qui viennent aux manifestations disent : \u00e7a donne envie et rejoignent l\u2019\u00e9quipe \u00bb confiait la pr\u00e9sidente locale Catherine Houbre. De plus, de nombreuses associations sportives s\u2019engagent pour Octobre Rose \u00e0 l\u2019image du yoga et du kayak, en rose le 11 octobre dernier. Ou encore le paddle et l\u2019interclub de volley qui le seront samedi 25 octobre prochain. La pr\u00e9sidente rappelle aussi la belle implication de la cit\u00e9 scolaire de la Haie Griselle (notre article du 18 octobre) avec \u00ab des jeunes tr\u00e8s demandeurs \u00bb qui comptent mettre en place d\u2019autres animations dans le courant de l\u2019ann\u00e9e.<\/p>\n<p>Les commer\u00e7ants de la ville sont \u00e9galement de plus en plus nombreux \u00e0 devenir partenaires et pour cette Marche Rose toutes les boulangeries et les principales grandes surfaces ont offert le go\u00fbter aux participants. Des stands de la Ligue \u00e9taient pr\u00e9sents au d\u00e9part et \u00e0 l\u2019arriv\u00e9e, pour informer et vendre des articles roses au profit de la recherche ainsi qu\u2019une sage femme pour initier aux bons gestes de palpation du sein. Egalement ouvert aux autres associations, Pearl Paddle et le Sourire de Sarah avaient leur emplacement.<\/p>\n\n\t\t<style type=\"text\/css\">\n\t\t\t#gallery-1 {\n\t\t\t\tmargin: auto;\n\t\t\t}\n\t\t\t#gallery-1 .gallery-item {\n\t\t\t\tfloat: left;\n\t\t\t\tmargin-top: 10px;\n\t\t\t\ttext-align: center;\n\t\t\t\twidth: 50%;\n\t\t\t}\n\t\t\t#gallery-1 img {\n\t\t\t\tborder: 2px solid #cfcfcf;\n\t\t\t}\n\t\t\t#gallery-1 .gallery-caption {\n\t\t\t\tmargin-left: 0;\n\t\t\t}\n\t\t\t\/* see gallery_shortcode() in wp-includes\/media.php *\/\n\t\t<\/style>\n\t\t<div id='gallery-1' class='gallery galleryid-83785 gallery-columns-2 gallery-size-medium'><dl class='gallery-item'>\n\t\t\t<dt class='gallery-icon landscape'>\n\t\t\t\t<a href='https:\/\/vosgesinfo.fr\/gerardmerinfo\/2025\/10\/marche-rose-une-sortie-dominicale-pour-la-bonne-cause\/marche-rose-2025-2\/'><img decoding=\"async\" width=\"300\" height=\"224\" src=\"https:\/\/vosgesinfo.fr\/app\/uploads\/sites\/6\/2025\/10\/marche-rose-2025-2-300x224.jpeg\" class=\"attachment-medium size-medium\" alt=\"\" srcset=\"https:\/\/vosgesinfo.fr\/app\/uploads\/sites\/6\/2025\/10\/marche-rose-2025-2-300x224.jpeg 300w, https:\/\/vosgesinfo.fr\/app\/uploads\/sites\/6\/2025\/10\/marche-rose-2025-2-1024x764.jpeg 1024w, https:\/\/vosgesinfo.fr\/app\/uploads\/sites\/6\/2025\/10\/marche-rose-2025-2-768x573.jpeg 768w, https:\/\/vosgesinfo.fr\/app\/uploads\/sites\/6\/2025\/10\/marche-rose-2025-2.jpeg 1448w\" sizes=\"(max-width: 300px) 100vw, 300px\" \/><\/a>\n\t\t\t<\/dt><\/dl><dl class='gallery-item'>\n\t\t\t<dt class='gallery-icon landscape'>\n\t\t\t\t<a href='https:\/\/vosgesinfo.fr\/gerardmerinfo\/2025\/10\/marche-rose-une-sortie-dominicale-pour-la-bonne-cause\/marche-rose-2025-5\/'><img decoding=\"async\" width=\"300\" height=\"224\" src=\"https:\/\/vosgesinfo.fr\/app\/uploads\/sites\/6\/2025\/10\/marche-rose-2025-5-300x224.jpeg\" class=\"attachment-medium size-medium\" alt=\"\" srcset=\"https:\/\/vosgesinfo.fr\/app\/uploads\/sites\/6\/2025\/10\/marche-rose-2025-5-300x224.jpeg 300w, https:\/\/vosgesinfo.fr\/app\/uploads\/sites\/6\/2025\/10\/marche-rose-2025-5-1024x764.jpeg 1024w, https:\/\/vosgesinfo.fr\/app\/uploads\/sites\/6\/2025\/10\/marche-rose-2025-5-768x573.jpeg 768w, https:\/\/vosgesinfo.fr\/app\/uploads\/sites\/6\/2025\/10\/marche-rose-2025-5.jpeg 1448w\" sizes=\"(max-width: 300px) 100vw, 300px\" \/><\/a>\n\t\t\t<\/dt><\/dl><br style=\"clear: both\" \/><dl class='gallery-item'>\n\t\t\t<dt class='gallery-icon landscape'>\n\t\t\t\t<a href='https:\/\/vosgesinfo.fr\/gerardmerinfo\/2025\/10\/marche-rose-une-sortie-dominicale-pour-la-bonne-cause\/marche-rose-2025-4\/'><img decoding=\"async\" width=\"300\" height=\"225\" src=\"https:\/\/vosgesinfo.fr\/app\/uploads\/sites\/6\/2025\/10\/marche-rose-2025-4-300x225.jpeg\" class=\"attachment-medium size-medium\" alt=\"\" srcset=\"https:\/\/vosgesinfo.fr\/app\/uploads\/sites\/6\/2025\/10\/marche-rose-2025-4-300x225.jpeg 300w, https:\/\/vosgesinfo.fr\/app\/uploads\/sites\/6\/2025\/10\/marche-rose-2025-4-1024x768.jpeg 1024w, https:\/\/vosgesinfo.fr\/app\/uploads\/sites\/6\/2025\/10\/marche-rose-2025-4-768x576.jpeg 768w, https:\/\/vosgesinfo.fr\/app\/uploads\/sites\/6\/2025\/10\/marche-rose-2025-4.jpeg 1428w\" sizes=\"(max-width: 300px) 100vw, 300px\" \/><\/a>\n\t\t\t<\/dt><\/dl>\n\t\t\t<br style='clear: both' \/>\n\t\t<\/div>\n\n","protected":false},"excerpt":{"rendered":"<p>La traditionnelle Marche Rose organis\u00e9e par les d\u00e9l\u00e9gu\u00e9es g\u00e9r\u00f4moises de la Ligue contre le cancer a eu lieu ce dimanche [&hellip;]<\/p>\n","protected":false},"author":258,"featured_media":83788,"comment_status":"open","ping_status":"open","sticky":false,"template":"","format":"standard","meta":{"footnotes":""},"categories":[20,5647,26],"tags":[625,4451,7816],"class_list":["post-83785","post","type-post","status-publish","format-standard","has-post-thumbnail","hentry","category-a-la-une","category-gerardmer-autres-sites","category-solidarite","tag-ligue-contre-le-cancer","tag-marche-rose","tag-octobre-rose-2025"],"acf":[],"yoast_head":"<!-- This site is optimized with the Yoast SEO plugin v22.5 - https:\/\/yoast.com\/wordpress\/plugins\/seo\/ -->\n<title>Marche Rose\u00a0: Une sortie dominicale pour la bonne cause - Gerardmer Info<\/title>\n<meta name=\"robots\" content=\"index, follow, max-snippet:-1, max-image-preview:large, max-video-preview:-1\" \/>\n<link rel=\"canonical\" href=\"https:\/\/vosgesinfo.fr\/gerardmerinfo\/?p=83785\" \/>\n<meta name=\"twitter:card\" content=\"summary_large_image\" \/>\n<meta name=\"twitter:title\" content=\"Marche Rose\u00a0: Une sortie dominicale pour la bonne cause - Gerardmer Info\" \/>\n<meta name=\"twitter:description\" content=\"La traditionnelle Marche Rose organis\u00e9e par les d\u00e9l\u00e9gu\u00e9es g\u00e9r\u00f4moises de la Ligue contre le cancer a eu lieu ce dimanche [&hellip;]\" \/>\n<meta name=\"twitter:image\" content=\"https:\/\/vosgesinfo.fr\/app\/uploads\/sites\/6\/2025\/10\/marche-rose-2025-3.jpeg\" \/>\n<meta name=\"twitter:creator\" content=\"@VosgesInfo88\" \/>\n<meta name=\"twitter:site\" content=\"@VosgesInfo88\" \/>\n<meta name=\"twitter:label1\" content=\"\u00c9crit par\" \/>\n\t<meta name=\"twitter:data1\" content=\"I.N\" \/>\n\t<meta name=\"twitter:label2\" content=\"Dur\u00e9e de lecture estim\u00e9e\" \/>\n\t<meta name=\"twitter:data2\" content=\"2 minutes\" \/>\n<script type=\"application\/ld+json\" class=\"yoast-schema-graph\">{\"@context\":\"https:\/\/schema.org\",\"@graph\":[{\"@type\":\"Article\",\"@id\":\"https:\/\/vosgesinfo.fr\/gerardmerinfo\/?p=83785#article\",\"isPartOf\":{\"@id\":\"https:\/\/vosgesinfo.fr\/gerardmerinfo\/?p=83785\"},\"author\":{\"name\":\"I.N\",\"@id\":\"https:\/\/vosgesinfo.fr\/gerardmerinfo\/#\/schema\/person\/bb210d3430e59ff5cd247deaccb63615\"},\"headline\":\"Marche Rose\u00a0: Une sortie dominicale pour la bonne cause\",\"datePublished\":\"2025-10-20T07:32:47+00:00\",\"dateModified\":\"2025-10-20T07:32:47+00:00\",\"mainEntityOfPage\":{\"@id\":\"https:\/\/vosgesinfo.fr\/gerardmerinfo\/?p=83785\"},\"wordCount\":279,\"commentCount\":0,\"publisher\":{\"@id\":\"https:\/\/vosgesinfo.fr\/gerardmerinfo\/#organization\"},\"image\":{\"@id\":\"https:\/\/vosgesinfo.fr\/gerardmerinfo\/?p=83785#primaryimage\"},\"thumbnailUrl\":\"https:\/\/vosgesinfo.fr\/app\/uploads\/sites\/6\/2025\/10\/marche-rose-2025-3.jpeg\",\"keywords\":[\"ligue contre le cancer\",\"Marche rose\",\"Octobre Rose 2025\"],\"articleSection\":[\"A la une\",\"Gerardmer\",\"solidarit\u00e9\"],\"inLanguage\":\"fr-FR\",\"potentialAction\":[{\"@type\":\"CommentAction\",\"name\":\"Comment\",\"target\":[\"https:\/\/vosgesinfo.fr\/gerardmerinfo\/?p=83785#respond\"]}]},{\"@type\":\"WebPage\",\"@id\":\"https:\/\/vosgesinfo.fr\/gerardmerinfo\/?p=83785\",\"url\":\"https:\/\/vosgesinfo.fr\/gerardmerinfo\/?p=83785\",\"name\":\"Marche Rose\u00a0: Une sortie dominicale pour la bonne cause - Gerardmer Info\",\"isPartOf\":{\"@id\":\"https:\/\/vosgesinfo.fr\/gerardmerinfo\/#website\"},\"primaryImageOfPage\":{\"@id\":\"https:\/\/vosgesinfo.fr\/gerardmerinfo\/?p=83785#primaryimage\"},\"image\":{\"@id\":\"https:\/\/vosgesinfo.fr\/gerardmerinfo\/?p=83785#primaryimage\"},\"thumbnailUrl\":\"https:\/\/vosgesinfo.fr\/app\/uploads\/sites\/6\/2025\/10\/marche-rose-2025-3.jpeg\",\"datePublished\":\"2025-10-20T07:32:47+00:00\",\"dateModified\":\"2025-10-20T07:32:47+00:00\",\"breadcrumb\":{\"@id\":\"https:\/\/vosgesinfo.fr\/gerardmerinfo\/?p=83785#breadcrumb\"},\"inLanguage\":\"fr-FR\",\"potentialAction\":[{\"@type\":\"ReadAction\",\"target\":[\"https:\/\/vosgesinfo.fr\/gerardmerinfo\/?p=83785\"]}]},{\"@type\":\"ImageObject\",\"inLanguage\":\"fr-FR\",\"@id\":\"https:\/\/vosgesinfo.fr\/gerardmerinfo\/?p=83785#primaryimage\",\"url\":\"https:\/\/vosgesinfo.fr\/app\/uploads\/sites\/6\/2025\/10\/marche-rose-2025-3.jpeg\",\"contentUrl\":\"https:\/\/vosgesinfo.fr\/app\/uploads\/sites\/6\/2025\/10\/marche-rose-2025-3.jpeg\",\"width\":1448,\"height\":1080},{\"@type\":\"BreadcrumbList\",\"@id\":\"https:\/\/vosgesinfo.fr\/gerardmerinfo\/?p=83785#breadcrumb\",\"itemListElement\":[{\"@type\":\"ListItem\",\"position\":1,\"name\":\"Home\",\"item\":\"https:\/\/vosgesinfo.fr\/gerardmerinfo\/\"},{\"@type\":\"ListItem\",\"position\":2,\"name\":\"Marche Rose\u00a0: Une sortie dominicale pour la bonne cause\"}]},{\"@type\":\"WebSite\",\"@id\":\"https:\/\/vosgesinfo.fr\/gerardmerinfo\/#website\",\"url\":\"https:\/\/vosgesinfo.fr\/gerardmerinfo\/\",\"name\":\"Gerardmer Info\",\"description\":\"Toute l&#039;actualit\u00e9 de G\u00e9rardmer\",\"publisher\":{\"@id\":\"https:\/\/vosgesinfo.fr\/gerardmerinfo\/#organization\"},\"alternateName\":\"Toute l'actualit\u00e9 de G\u00e9rardmer\",\"potentialAction\":[{\"@type\":\"SearchAction\",\"target\":{\"@type\":\"EntryPoint\",\"urlTemplate\":\"https:\/\/vosgesinfo.fr\/gerardmerinfo\/?s={search_term_string}\"},\"query-input\":\"required name=search_term_string\"}],\"inLanguage\":\"fr-FR\"},{\"@type\":\"Organization\",\"@id\":\"https:\/\/vosgesinfo.fr\/gerardmerinfo\/#organization\",\"name\":\"Gerardmer Info\",\"url\":\"https:\/\/vosgesinfo.fr\/gerardmerinfo\/\",\"logo\":{\"@type\":\"ImageObject\",\"inLanguage\":\"fr-FR\",\"@id\":\"https:\/\/vosgesinfo.fr\/gerardmerinfo\/#\/schema\/logo\/image\/\",\"url\":\"https:\/\/vosgesinfo.fr\/app\/uploads\/sites\/6\/2023\/08\/favicon-gerardmerinfo.png\",\"contentUrl\":\"https:\/\/vosgesinfo.fr\/app\/uploads\/sites\/6\/2023\/08\/favicon-gerardmerinfo.png\",\"width\":512,\"height\":512,\"caption\":\"Gerardmer Info\"},\"image\":{\"@id\":\"https:\/\/vosgesinfo.fr\/gerardmerinfo\/#\/schema\/logo\/image\/\"},\"sameAs\":[\"https:\/\/www.facebook.com\/profile.php?id=100049475262660\",\"https:\/\/x.com\/VosgesInfo88\",\"https:\/\/www.youtube.com\/@vosgesinfo\"]},{\"@type\":\"Person\",\"@id\":\"https:\/\/vosgesinfo.fr\/gerardmerinfo\/#\/schema\/person\/bb210d3430e59ff5cd247deaccb63615\",\"name\":\"I.N\",\"image\":{\"@type\":\"ImageObject\",\"inLanguage\":\"fr-FR\",\"@id\":\"https:\/\/vosgesinfo.fr\/gerardmerinfo\/#\/schema\/person\/image\/\",\"url\":\"https:\/\/secure.gravatar.com\/avatar\/612d5c20a39b1c8bc5675cc8e3d99e120730e7d080423fdafec485619845af71?s=96&d=mm&r=g\",\"contentUrl\":\"https:\/\/secure.gravatar.com\/avatar\/612d5c20a39b1c8bc5675cc8e3d99e120730e7d080423fdafec485619845af71?s=96&d=mm&r=g\",\"caption\":\"I.N\"},\"url\":\"https:\/\/vosgesinfo.fr\/gerardmerinfo\/author\/i-ngerardmer\/\"}]}<\/script>\n<!-- \/ Yoast SEO plugin. -->","yoast_head_json":{"title":"Marche Rose\u00a0: Une sortie dominicale pour la bonne cause - Gerardmer Info","robots":{"index":"index","follow":"follow","max-snippet":"max-snippet:-1","max-image-preview":"max-image-preview:large","max-video-preview":"max-video-preview:-1"},"canonical":"https:\/\/vosgesinfo.fr\/gerardmerinfo\/?p=83785","twitter_card":"summary_large_image","twitter_title":"Marche Rose\u00a0: Une sortie dominicale pour la bonne cause - Gerardmer Info","twitter_description":"La traditionnelle Marche Rose organis\u00e9e par les d\u00e9l\u00e9gu\u00e9es g\u00e9r\u00f4moises de la Ligue contre le cancer a eu lieu ce dimanche [&hellip;]","twitter_image":"https:\/\/vosgesinfo.fr\/app\/uploads\/sites\/6\/2025\/10\/marche-rose-2025-3.jpeg","twitter_creator":"@VosgesInfo88","twitter_site":"@VosgesInfo88","twitter_misc":{"\u00c9crit par":"I.N","Dur\u00e9e de lecture estim\u00e9e":"2 minutes"},"schema":{"@context":"https:\/\/schema.org","@graph":[{"@type":"Article","@id":"https:\/\/vosgesinfo.fr\/gerardmerinfo\/?p=83785#article","isPartOf":{"@id":"https:\/\/vosgesinfo.fr\/gerardmerinfo\/?p=83785"},"author":{"name":"I.N","@id":"https:\/\/vosgesinfo.fr\/gerardmerinfo\/#\/schema\/person\/bb210d3430e59ff5cd247deaccb63615"},"headline":"Marche Rose\u00a0: Une sortie dominicale pour la bonne cause","datePublished":"2025-10-20T07:32:47+00:00","dateModified":"2025-10-20T07:32:47+00:00","mainEntityOfPage":{"@id":"https:\/\/vosgesinfo.fr\/gerardmerinfo\/?p=83785"},"wordCount":279,"commentCount":0,"publisher":{"@id":"https:\/\/vosgesinfo.fr\/gerardmerinfo\/#organization"},"image":{"@id":"https:\/\/vosgesinfo.fr\/gerardmerinfo\/?p=83785#primaryimage"},"thumbnailUrl":"https:\/\/vosgesinfo.fr\/app\/uploads\/sites\/6\/2025\/10\/marche-rose-2025-3.jpeg","keywords":["ligue contre le cancer","Marche rose","Octobre Rose 2025"],"articleSection":["A la une","Gerardmer","solidarit\u00e9"],"inLanguage":"fr-FR","potentialAction":[{"@type":"CommentAction","name":"Comment","target":["https:\/\/vosgesinfo.fr\/gerardmerinfo\/?p=83785#respond"]}]},{"@type":"WebPage","@id":"https:\/\/vosgesinfo.fr\/gerardmerinfo\/?p=83785","url":"https:\/\/vosgesinfo.fr\/gerardmerinfo\/?p=83785","name":"Marche Rose\u00a0: Une sortie dominicale pour la bonne cause - Gerardmer Info","isPartOf":{"@id":"https:\/\/vosgesinfo.fr\/gerardmerinfo\/#website"},"primaryImageOfPage":{"@id":"https:\/\/vosgesinfo.fr\/gerardmerinfo\/?p=83785#primaryimage"},"image":{"@id":"https:\/\/vosgesinfo.fr\/gerardmerinfo\/?p=83785#primaryimage"},"thumbnailUrl":"https:\/\/vosgesinfo.fr\/app\/uploads\/sites\/6\/2025\/10\/marche-rose-2025-3.jpeg","datePublished":"2025-10-20T07:32:47+00:00","dateModified":"2025-10-20T07:32:47+00:00","breadcrumb":{"@id":"https:\/\/vosgesinfo.fr\/gerardmerinfo\/?p=83785#breadcrumb"},"inLanguage":"fr-FR","potentialAction":[{"@type":"ReadAction","target":["https:\/\/vosgesinfo.fr\/gerardmerinfo\/?p=83785"]}]},{"@type":"ImageObject","inLanguage":"fr-FR","@id":"https:\/\/vosgesinfo.fr\/gerardmerinfo\/?p=83785#primaryimage","url":"https:\/\/vosgesinfo.fr\/app\/uploads\/sites\/6\/2025\/10\/marche-rose-2025-3.jpeg","contentUrl":"https:\/\/vosgesinfo.fr\/app\/uploads\/sites\/6\/2025\/10\/marche-rose-2025-3.jpeg","width":1448,"height":1080},{"@type":"BreadcrumbList","@id":"https:\/\/vosgesinfo.fr\/gerardmerinfo\/?p=83785#breadcrumb","itemListElement":[{"@type":"ListItem","position":1,"name":"Home","item":"https:\/\/vosgesinfo.fr\/gerardmerinfo\/"},{"@type":"ListItem","position":2,"name":"Marche Rose\u00a0: Une sortie dominicale pour la bonne cause"}]},{"@type":"WebSite","@id":"https:\/\/vosgesinfo.fr\/gerardmerinfo\/#website","url":"https:\/\/vosgesinfo.fr\/gerardmerinfo\/","name":"Gerardmer Info","description":"Toute l&#039;actualit\u00e9 de G\u00e9rardmer","publisher":{"@id":"https:\/\/vosgesinfo.fr\/gerardmerinfo\/#organization"},"alternateName":"Toute l'actualit\u00e9 de G\u00e9rardmer","potentialAction":[{"@type":"SearchAction","target":{"@type":"EntryPoint","urlTemplate":"https:\/\/vosgesinfo.fr\/gerardmerinfo\/?s={search_term_string}"},"query-input":"required name=search_term_string"}],"inLanguage":"fr-FR"},{"@type":"Organization","@id":"https:\/\/vosgesinfo.fr\/gerardmerinfo\/#organization","name":"Gerardmer Info","url":"https:\/\/vosgesinfo.fr\/gerardmerinfo\/","logo":{"@type":"ImageObject","inLanguage":"fr-FR","@id":"https:\/\/vosgesinfo.fr\/gerardmerinfo\/#\/schema\/logo\/image\/","url":"https:\/\/vosgesinfo.fr\/app\/uploads\/sites\/6\/2023\/08\/favicon-gerardmerinfo.png","contentUrl":"https:\/\/vosgesinfo.fr\/app\/uploads\/sites\/6\/2023\/08\/favicon-gerardmerinfo.png","width":512,"height":512,"caption":"Gerardmer Info"},"image":{"@id":"https:\/\/vosgesinfo.fr\/gerardmerinfo\/#\/schema\/logo\/image\/"},"sameAs":["https:\/\/www.facebook.com\/profile.php?id=100049475262660","https:\/\/x.com\/VosgesInfo88","https:\/\/www.youtube.com\/@vosgesinfo"]},{"@type":"Person","@id":"https:\/\/vosgesinfo.fr\/gerardmerinfo\/#\/schema\/person\/bb210d3430e59ff5cd247deaccb63615","name":"I.N","image":{"@type":"ImageObject","inLanguage":"fr-FR","@id":"https:\/\/vosgesinfo.fr\/gerardmerinfo\/#\/schema\/person\/image\/","url":"https:\/\/secure.gravatar.com\/avatar\/612d5c20a39b1c8bc5675cc8e3d99e120730e7d080423fdafec485619845af71?s=96&d=mm&r=g","contentUrl":"https:\/\/secure.gravatar.com\/avatar\/612d5c20a39b1c8bc5675cc8e3d99e120730e7d080423fdafec485619845af71?s=96&d=mm&r=g","caption":"I.N"},"url":"https:\/\/vosgesinfo.fr\/gerardmerinfo\/author\/i-ngerardmer\/"}]}},"_links":{"self":[{"href":"https:\/\/vosgesinfo.fr\/gerardmerinfo\/wp-json\/wp\/v2\/posts\/83785","targetHints":{"allow":["GET"]}}],"collection":[{"href":"https:\/\/vosgesinfo.fr\/gerardmerinfo\/wp-json\/wp\/v2\/posts"}],"about":[{"href":"https:\/\/vosgesinfo.fr\/gerardmerinfo\/wp-json\/wp\/v2\/types\/post"}],"author":[{"embeddable":true,"href":"https:\/\/vosgesinfo.fr\/gerardmerinfo\/wp-json\/wp\/v2\/users\/258"}],"replies":[{"embeddable":true,"href":"https:\/\/vosgesinfo.fr\/gerardmerinfo\/wp-json\/wp\/v2\/comments?post=83785"}],"version-history":[{"count":4,"href":"https:\/\/vosgesinfo.fr\/gerardmerinfo\/wp-json\/wp\/v2\/posts\/83785\/revisions"}],"predecessor-version":[{"id":83795,"href":"https:\/\/vosgesinfo.fr\/gerardmerinfo\/wp-json\/wp\/v2\/posts\/83785\/revisions\/83795"}],"wp:featuredmedia":[{"embeddable":true,"href":"https:\/\/vosgesinfo.fr\/gerardmerinfo\/wp-json\/wp\/v2\/media\/83788"}],"wp:attachment":[{"href":"https:\/\/vosgesinfo.fr\/gerardmerinfo\/wp-json\/wp\/v2\/media?parent=83785"}],"wp:term":[{"taxonomy":"category","embeddable":true,"href":"https:\/\/vosgesinfo.fr\/gerardmerinfo\/wp-json\/wp\/v2\/categories?post=83785"},{"taxonomy":"post_tag","embeddable":true,"href":"https:\/\/vosgesinfo.fr\/gerardmerinfo\/wp-json\/wp\/v2\/tags?post=83785"}],"curies":[{"name":"wp","href":"https:\/\/api.w.org\/{rel}","templated":true}]}}