{"id":83807,"date":"2025-10-21T06:00:23","date_gmt":"2025-10-21T04:00:23","guid":{"rendered":"https:\/\/vosgesinfo.fr\/gerardmerinfo\/?p=83807"},"modified":"2025-10-19T22:13:04","modified_gmt":"2025-10-19T20:13:04","slug":"presentation-de-lademat-h-jeudi-soir-au-grattoir","status":"publish","type":"post","link":"https:\/\/vosgesinfo.fr\/gerardmerinfo\/2025\/10\/presentation-de-lademat-h-jeudi-soir-au-grattoir\/","title":{"rendered":"Pr\u00e9sentation de l&rsquo;ADEMAT-H jeudi soir au Grattoir"},"content":{"rendered":"<p><a href=\"https:\/\/vosgesinfo.fr\/app\/uploads\/sites\/6\/2024\/07\/202204ademat-logo.jpg\"><img decoding=\"async\" class=\"aligncenter size-medium wp-image-58334\" src=\"https:\/\/vosgesinfo.fr\/app\/uploads\/sites\/6\/2024\/07\/202204ademat-logo-300x209.jpg\" alt=\"\" width=\"300\" height=\"209\" srcset=\"https:\/\/vosgesinfo.fr\/app\/uploads\/sites\/6\/2024\/07\/202204ademat-logo-300x209.jpg 300w, https:\/\/vosgesinfo.fr\/app\/uploads\/sites\/6\/2024\/07\/202204ademat-logo.jpg 425w\" sizes=\"(max-width: 300px) 100vw, 300px\" \/><\/a><\/p>\n<p>&nbsp;<\/p>\n<p><span style=\"color: #000000;\"><strong>Jeudi 23 Octobre \u00e0 20 heures au Bar le Grattoir, venez assister \u00e0 la pr\u00e9sentation de l\u2019ADEMAT-H (Association de D\u00e9fense de la Maternit\u00e9 et de l\u2019H\u00f4pital de Remiremont.<\/strong><\/span><\/p>\n<p><span style=\"color: #000000;\"><em><a href=\"https:\/\/vosgesinfo.fr\/app\/uploads\/sites\/6\/2025\/10\/ademat-grattoir.jpg\"><img decoding=\"async\" class=\"alignright size-medium wp-image-83808\" src=\"https:\/\/vosgesinfo.fr\/app\/uploads\/sites\/6\/2025\/10\/ademat-grattoir-212x300.jpg\" alt=\"\" width=\"212\" height=\"300\" srcset=\"https:\/\/vosgesinfo.fr\/app\/uploads\/sites\/6\/2025\/10\/ademat-grattoir-212x300.jpg 212w, https:\/\/vosgesinfo.fr\/app\/uploads\/sites\/6\/2025\/10\/ademat-grattoir-724x1024.jpg 724w, https:\/\/vosgesinfo.fr\/app\/uploads\/sites\/6\/2025\/10\/ademat-grattoir-768x1087.jpg 768w, https:\/\/vosgesinfo.fr\/app\/uploads\/sites\/6\/2025\/10\/ademat-grattoir.jpg 793w\" sizes=\"(max-width: 212px) 100vw, 212px\" \/><\/a>Jean Pierrel et Le Docteur Jean Tisserand, pr\u00e9sident et vice-pr\u00e9sident de l\u2019ADEMAT-H, \u00e9voqueront presque dix ann\u00e9es de combat pour maintenir une maternit\u00e9 et d\u00e9fendre un acc\u00e8s \u00e0 des soins hospitaliers de qualit\u00e9, dans un h\u00f4pital couvrant une population d\u2019environ 100 000 habitants incluant le nord de la Haute-Sa\u00f4ne.<\/em><\/span><\/p>\n<p><span style=\"color: #000000;\"><em>Cette association b\u00e9n\u00e9ficie d\u2019un fort soutien de la population, tr\u00e8s attach\u00e9e \u00e0 cet h\u00f4pital, et elle compte environ 3000 adh\u00e9rents.<\/em><\/span><\/p>\n<p><span style=\"color: #000000;\"><em>Ces 2 intervenants parleront \u00e9galement des besoins sp\u00e9cifiques de sant\u00e9 et de l\u2019acc\u00e8s aux soins dans le secteur de la montagne vosgienne.<\/em><\/span><\/p>\n<p><span style=\"color: #000000;\"><strong>Entr\u00e9e libre.<\/strong><\/span><\/p>\n<p>Bar le Grattoir &#8211;\u00a0 11 Boulevard Kelsch \u00e0 G\u00e9rardmer<\/p>\n","protected":false},"excerpt":{"rendered":"<p>&nbsp; Jeudi 23 Octobre \u00e0 20 heures au Bar le Grattoir, venez assister \u00e0 la pr\u00e9sentation de l\u2019ADEMAT-H (Association de [&hellip;]<\/p>\n","protected":false},"author":391,"featured_media":83808,"comment_status":"open","ping_status":"open","sticky":false,"template":"","format":"standard","meta":{"footnotes":""},"categories":[20,5647,25,12,17],"tags":[5816,35],"class_list":["post-83807","post","type-post","status-publish","format-standard","has-post-thumbnail","hentry","category-a-la-une","category-gerardmer-autres-sites","category-gerardmer","category-sante","category-vie-associative","tag-ademat-h","tag-bar-le-grattoir"],"acf":[],"yoast_head":"<!-- This site is optimized with the Yoast SEO plugin v22.5 - https:\/\/yoast.com\/wordpress\/plugins\/seo\/ -->\n<title>Pr\u00e9sentation de l&#039;ADEMAT-H jeudi soir au Grattoir - Gerardmer Info<\/title>\n<meta name=\"robots\" content=\"index, follow, max-snippet:-1, max-image-preview:large, max-video-preview:-1\" \/>\n<link rel=\"canonical\" href=\"https:\/\/vosgesinfo.fr\/gerardmerinfo\/2025\/10\/presentation-de-lademat-h-jeudi-soir-au-grattoir\/\" \/>\n<meta name=\"twitter:card\" content=\"summary_large_image\" \/>\n<meta name=\"twitter:title\" content=\"Pr\u00e9sentation de l&#039;ADEMAT-H jeudi soir au Grattoir - Gerardmer Info\" \/>\n<meta name=\"twitter:description\" content=\"&nbsp; Jeudi 23 Octobre \u00e0 20 heures au Bar le Grattoir, venez assister \u00e0 la pr\u00e9sentation de l\u2019ADEMAT-H (Association de [&hellip;]\" \/>\n<meta name=\"twitter:image\" content=\"https:\/\/vosgesinfo.fr\/app\/uploads\/sites\/6\/2025\/10\/ademat-grattoir.jpg\" \/>\n<meta name=\"twitter:creator\" content=\"@VosgesInfo88\" \/>\n<meta name=\"twitter:site\" content=\"@VosgesInfo88\" \/>\n<meta name=\"twitter:label1\" content=\"\u00c9crit par\" \/>\n\t<meta name=\"twitter:data1\" content=\"La redaction\" \/>\n\t<meta name=\"twitter:label2\" content=\"Dur\u00e9e de lecture estim\u00e9e\" \/>\n\t<meta name=\"twitter:data2\" content=\"1 minute\" \/>\n<script type=\"application\/ld+json\" class=\"yoast-schema-graph\">{\"@context\":\"https:\/\/schema.org\",\"@graph\":[{\"@type\":\"Article\",\"@id\":\"https:\/\/vosgesinfo.fr\/gerardmerinfo\/2025\/10\/presentation-de-lademat-h-jeudi-soir-au-grattoir\/#article\",\"isPartOf\":{\"@id\":\"https:\/\/vosgesinfo.fr\/gerardmerinfo\/2025\/10\/presentation-de-lademat-h-jeudi-soir-au-grattoir\/\"},\"author\":{\"name\":\"La redaction\",\"@id\":\"https:\/\/vosgesinfo.fr\/gerardmerinfo\/#\/schema\/person\/27a3695b06db98895b354c0765cdfc31\"},\"headline\":\"Pr\u00e9sentation de l&rsquo;ADEMAT-H jeudi soir au Grattoir\",\"datePublished\":\"2025-10-21T04:00:23+00:00\",\"dateModified\":\"2025-10-19T20:13:04+00:00\",\"mainEntityOfPage\":{\"@id\":\"https:\/\/vosgesinfo.fr\/gerardmerinfo\/2025\/10\/presentation-de-lademat-h-jeudi-soir-au-grattoir\/\"},\"wordCount\":153,\"commentCount\":0,\"publisher\":{\"@id\":\"https:\/\/vosgesinfo.fr\/gerardmerinfo\/#organization\"},\"image\":{\"@id\":\"https:\/\/vosgesinfo.fr\/gerardmerinfo\/2025\/10\/presentation-de-lademat-h-jeudi-soir-au-grattoir\/#primaryimage\"},\"thumbnailUrl\":\"https:\/\/vosgesinfo.fr\/app\/uploads\/sites\/6\/2025\/10\/ademat-grattoir.jpg\",\"keywords\":[\"ademat-h\",\"bar le grattoir\"],\"articleSection\":[\"A la une\",\"Gerardmer\",\"G\u00e9rardmer\",\"Sant\u00e9\",\"Vie Associative\"],\"inLanguage\":\"fr-FR\",\"potentialAction\":[{\"@type\":\"CommentAction\",\"name\":\"Comment\",\"target\":[\"https:\/\/vosgesinfo.fr\/gerardmerinfo\/2025\/10\/presentation-de-lademat-h-jeudi-soir-au-grattoir\/#respond\"]}]},{\"@type\":\"WebPage\",\"@id\":\"https:\/\/vosgesinfo.fr\/gerardmerinfo\/2025\/10\/presentation-de-lademat-h-jeudi-soir-au-grattoir\/\",\"url\":\"https:\/\/vosgesinfo.fr\/gerardmerinfo\/2025\/10\/presentation-de-lademat-h-jeudi-soir-au-grattoir\/\",\"name\":\"Pr\u00e9sentation de l'ADEMAT-H jeudi soir au Grattoir - Gerardmer Info\",\"isPartOf\":{\"@id\":\"https:\/\/vosgesinfo.fr\/gerardmerinfo\/#website\"},\"primaryImageOfPage\":{\"@id\":\"https:\/\/vosgesinfo.fr\/gerardmerinfo\/2025\/10\/presentation-de-lademat-h-jeudi-soir-au-grattoir\/#primaryimage\"},\"image\":{\"@id\":\"https:\/\/vosgesinfo.fr\/gerardmerinfo\/2025\/10\/presentation-de-lademat-h-jeudi-soir-au-grattoir\/#primaryimage\"},\"thumbnailUrl\":\"https:\/\/vosgesinfo.fr\/app\/uploads\/sites\/6\/2025\/10\/ademat-grattoir.jpg\",\"datePublished\":\"2025-10-21T04:00:23+00:00\",\"dateModified\":\"2025-10-19T20:13:04+00:00\",\"breadcrumb\":{\"@id\":\"https:\/\/vosgesinfo.fr\/gerardmerinfo\/2025\/10\/presentation-de-lademat-h-jeudi-soir-au-grattoir\/#breadcrumb\"},\"inLanguage\":\"fr-FR\",\"potentialAction\":[{\"@type\":\"ReadAction\",\"target\":[\"https:\/\/vosgesinfo.fr\/gerardmerinfo\/2025\/10\/presentation-de-lademat-h-jeudi-soir-au-grattoir\/\"]}]},{\"@type\":\"ImageObject\",\"inLanguage\":\"fr-FR\",\"@id\":\"https:\/\/vosgesinfo.fr\/gerardmerinfo\/2025\/10\/presentation-de-lademat-h-jeudi-soir-au-grattoir\/#primaryimage\",\"url\":\"https:\/\/vosgesinfo.fr\/app\/uploads\/sites\/6\/2025\/10\/ademat-grattoir.jpg\",\"contentUrl\":\"https:\/\/vosgesinfo.fr\/app\/uploads\/sites\/6\/2025\/10\/ademat-grattoir.jpg\",\"width\":793,\"height\":1122},{\"@type\":\"BreadcrumbList\",\"@id\":\"https:\/\/vosgesinfo.fr\/gerardmerinfo\/2025\/10\/presentation-de-lademat-h-jeudi-soir-au-grattoir\/#breadcrumb\",\"itemListElement\":[{\"@type\":\"ListItem\",\"position\":1,\"name\":\"Home\",\"item\":\"https:\/\/vosgesinfo.fr\/gerardmerinfo\/\"},{\"@type\":\"ListItem\",\"position\":2,\"name\":\"Pr\u00e9sentation de l&rsquo;ADEMAT-H jeudi soir au Grattoir\"}]},{\"@type\":\"WebSite\",\"@id\":\"https:\/\/vosgesinfo.fr\/gerardmerinfo\/#website\",\"url\":\"https:\/\/vosgesinfo.fr\/gerardmerinfo\/\",\"name\":\"Gerardmer Info\",\"description\":\"Toute l&#039;actualit\u00e9 de G\u00e9rardmer\",\"publisher\":{\"@id\":\"https:\/\/vosgesinfo.fr\/gerardmerinfo\/#organization\"},\"alternateName\":\"Toute l'actualit\u00e9 de G\u00e9rardmer\",\"potentialAction\":[{\"@type\":\"SearchAction\",\"target\":{\"@type\":\"EntryPoint\",\"urlTemplate\":\"https:\/\/vosgesinfo.fr\/gerardmerinfo\/?s={search_term_string}\"},\"query-input\":\"required name=search_term_string\"}],\"inLanguage\":\"fr-FR\"},{\"@type\":\"Organization\",\"@id\":\"https:\/\/vosgesinfo.fr\/gerardmerinfo\/#organization\",\"name\":\"Gerardmer Info\",\"url\":\"https:\/\/vosgesinfo.fr\/gerardmerinfo\/\",\"logo\":{\"@type\":\"ImageObject\",\"inLanguage\":\"fr-FR\",\"@id\":\"https:\/\/vosgesinfo.fr\/gerardmerinfo\/#\/schema\/logo\/image\/\",\"url\":\"https:\/\/vosgesinfo.fr\/app\/uploads\/sites\/6\/2023\/08\/favicon-gerardmerinfo.png\",\"contentUrl\":\"https:\/\/vosgesinfo.fr\/app\/uploads\/sites\/6\/2023\/08\/favicon-gerardmerinfo.png\",\"width\":512,\"height\":512,\"caption\":\"Gerardmer Info\"},\"image\":{\"@id\":\"https:\/\/vosgesinfo.fr\/gerardmerinfo\/#\/schema\/logo\/image\/\"},\"sameAs\":[\"https:\/\/www.facebook.com\/profile.php?id=100049475262660\",\"https:\/\/x.com\/VosgesInfo88\",\"https:\/\/www.youtube.com\/@vosgesinfo\"]},{\"@type\":\"Person\",\"@id\":\"https:\/\/vosgesinfo.fr\/gerardmerinfo\/#\/schema\/person\/27a3695b06db98895b354c0765cdfc31\",\"name\":\"La redaction\",\"image\":{\"@type\":\"ImageObject\",\"inLanguage\":\"fr-FR\",\"@id\":\"https:\/\/vosgesinfo.fr\/gerardmerinfo\/#\/schema\/person\/image\/\",\"url\":\"https:\/\/secure.gravatar.com\/avatar\/64c76a78e501cedee55736f43f332df901e1896ae9cd8fad269ae2236dd0e8b6?s=96&d=mm&r=g\",\"contentUrl\":\"https:\/\/secure.gravatar.com\/avatar\/64c76a78e501cedee55736f43f332df901e1896ae9cd8fad269ae2236dd0e8b6?s=96&d=mm&r=g\",\"caption\":\"La redaction\"},\"url\":\"https:\/\/vosgesinfo.fr\/gerardmerinfo\/author\/la-redaction\/\"}]}<\/script>\n<!-- \/ Yoast SEO plugin. -->","yoast_head_json":{"title":"Pr\u00e9sentation de l'ADEMAT-H jeudi soir au Grattoir - Gerardmer Info","robots":{"index":"index","follow":"follow","max-snippet":"max-snippet:-1","max-image-preview":"max-image-preview:large","max-video-preview":"max-video-preview:-1"},"canonical":"https:\/\/vosgesinfo.fr\/gerardmerinfo\/2025\/10\/presentation-de-lademat-h-jeudi-soir-au-grattoir\/","twitter_card":"summary_large_image","twitter_title":"Pr\u00e9sentation de l'ADEMAT-H jeudi soir au Grattoir - Gerardmer Info","twitter_description":"&nbsp; Jeudi 23 Octobre \u00e0 20 heures au Bar le Grattoir, venez assister \u00e0 la pr\u00e9sentation de l\u2019ADEMAT-H (Association de [&hellip;]","twitter_image":"https:\/\/vosgesinfo.fr\/app\/uploads\/sites\/6\/2025\/10\/ademat-grattoir.jpg","twitter_creator":"@VosgesInfo88","twitter_site":"@VosgesInfo88","twitter_misc":{"\u00c9crit par":"La redaction","Dur\u00e9e de lecture estim\u00e9e":"1 minute"},"schema":{"@context":"https:\/\/schema.org","@graph":[{"@type":"Article","@id":"https:\/\/vosgesinfo.fr\/gerardmerinfo\/2025\/10\/presentation-de-lademat-h-jeudi-soir-au-grattoir\/#article","isPartOf":{"@id":"https:\/\/vosgesinfo.fr\/gerardmerinfo\/2025\/10\/presentation-de-lademat-h-jeudi-soir-au-grattoir\/"},"author":{"name":"La redaction","@id":"https:\/\/vosgesinfo.fr\/gerardmerinfo\/#\/schema\/person\/27a3695b06db98895b354c0765cdfc31"},"headline":"Pr\u00e9sentation de l&rsquo;ADEMAT-H jeudi soir au Grattoir","datePublished":"2025-10-21T04:00:23+00:00","dateModified":"2025-10-19T20:13:04+00:00","mainEntityOfPage":{"@id":"https:\/\/vosgesinfo.fr\/gerardmerinfo\/2025\/10\/presentation-de-lademat-h-jeudi-soir-au-grattoir\/"},"wordCount":153,"commentCount":0,"publisher":{"@id":"https:\/\/vosgesinfo.fr\/gerardmerinfo\/#organization"},"image":{"@id":"https:\/\/vosgesinfo.fr\/gerardmerinfo\/2025\/10\/presentation-de-lademat-h-jeudi-soir-au-grattoir\/#primaryimage"},"thumbnailUrl":"https:\/\/vosgesinfo.fr\/app\/uploads\/sites\/6\/2025\/10\/ademat-grattoir.jpg","keywords":["ademat-h","bar le grattoir"],"articleSection":["A la une","Gerardmer","G\u00e9rardmer","Sant\u00e9","Vie Associative"],"inLanguage":"fr-FR","potentialAction":[{"@type":"CommentAction","name":"Comment","target":["https:\/\/vosgesinfo.fr\/gerardmerinfo\/2025\/10\/presentation-de-lademat-h-jeudi-soir-au-grattoir\/#respond"]}]},{"@type":"WebPage","@id":"https:\/\/vosgesinfo.fr\/gerardmerinfo\/2025\/10\/presentation-de-lademat-h-jeudi-soir-au-grattoir\/","url":"https:\/\/vosgesinfo.fr\/gerardmerinfo\/2025\/10\/presentation-de-lademat-h-jeudi-soir-au-grattoir\/","name":"Pr\u00e9sentation de l'ADEMAT-H jeudi soir au Grattoir - Gerardmer Info","isPartOf":{"@id":"https:\/\/vosgesinfo.fr\/gerardmerinfo\/#website"},"primaryImageOfPage":{"@id":"https:\/\/vosgesinfo.fr\/gerardmerinfo\/2025\/10\/presentation-de-lademat-h-jeudi-soir-au-grattoir\/#primaryimage"},"image":{"@id":"https:\/\/vosgesinfo.fr\/gerardmerinfo\/2025\/10\/presentation-de-lademat-h-jeudi-soir-au-grattoir\/#primaryimage"},"thumbnailUrl":"https:\/\/vosgesinfo.fr\/app\/uploads\/sites\/6\/2025\/10\/ademat-grattoir.jpg","datePublished":"2025-10-21T04:00:23+00:00","dateModified":"2025-10-19T20:13:04+00:00","breadcrumb":{"@id":"https:\/\/vosgesinfo.fr\/gerardmerinfo\/2025\/10\/presentation-de-lademat-h-jeudi-soir-au-grattoir\/#breadcrumb"},"inLanguage":"fr-FR","potentialAction":[{"@type":"ReadAction","target":["https:\/\/vosgesinfo.fr\/gerardmerinfo\/2025\/10\/presentation-de-lademat-h-jeudi-soir-au-grattoir\/"]}]},{"@type":"ImageObject","inLanguage":"fr-FR","@id":"https:\/\/vosgesinfo.fr\/gerardmerinfo\/2025\/10\/presentation-de-lademat-h-jeudi-soir-au-grattoir\/#primaryimage","url":"https:\/\/vosgesinfo.fr\/app\/uploads\/sites\/6\/2025\/10\/ademat-grattoir.jpg","contentUrl":"https:\/\/vosgesinfo.fr\/app\/uploads\/sites\/6\/2025\/10\/ademat-grattoir.jpg","width":793,"height":1122},{"@type":"BreadcrumbList","@id":"https:\/\/vosgesinfo.fr\/gerardmerinfo\/2025\/10\/presentation-de-lademat-h-jeudi-soir-au-grattoir\/#breadcrumb","itemListElement":[{"@type":"ListItem","position":1,"name":"Home","item":"https:\/\/vosgesinfo.fr\/gerardmerinfo\/"},{"@type":"ListItem","position":2,"name":"Pr\u00e9sentation de l&rsquo;ADEMAT-H jeudi soir au Grattoir"}]},{"@type":"WebSite","@id":"https:\/\/vosgesinfo.fr\/gerardmerinfo\/#website","url":"https:\/\/vosgesinfo.fr\/gerardmerinfo\/","name":"Gerardmer Info","description":"Toute l&#039;actualit\u00e9 de G\u00e9rardmer","publisher":{"@id":"https:\/\/vosgesinfo.fr\/gerardmerinfo\/#organization"},"alternateName":"Toute l'actualit\u00e9 de G\u00e9rardmer","potentialAction":[{"@type":"SearchAction","target":{"@type":"EntryPoint","urlTemplate":"https:\/\/vosgesinfo.fr\/gerardmerinfo\/?s={search_term_string}"},"query-input":"required name=search_term_string"}],"inLanguage":"fr-FR"},{"@type":"Organization","@id":"https:\/\/vosgesinfo.fr\/gerardmerinfo\/#organization","name":"Gerardmer Info","url":"https:\/\/vosgesinfo.fr\/gerardmerinfo\/","logo":{"@type":"ImageObject","inLanguage":"fr-FR","@id":"https:\/\/vosgesinfo.fr\/gerardmerinfo\/#\/schema\/logo\/image\/","url":"https:\/\/vosgesinfo.fr\/app\/uploads\/sites\/6\/2023\/08\/favicon-gerardmerinfo.png","contentUrl":"https:\/\/vosgesinfo.fr\/app\/uploads\/sites\/6\/2023\/08\/favicon-gerardmerinfo.png","width":512,"height":512,"caption":"Gerardmer Info"},"image":{"@id":"https:\/\/vosgesinfo.fr\/gerardmerinfo\/#\/schema\/logo\/image\/"},"sameAs":["https:\/\/www.facebook.com\/profile.php?id=100049475262660","https:\/\/x.com\/VosgesInfo88","https:\/\/www.youtube.com\/@vosgesinfo"]},{"@type":"Person","@id":"https:\/\/vosgesinfo.fr\/gerardmerinfo\/#\/schema\/person\/27a3695b06db98895b354c0765cdfc31","name":"La redaction","image":{"@type":"ImageObject","inLanguage":"fr-FR","@id":"https:\/\/vosgesinfo.fr\/gerardmerinfo\/#\/schema\/person\/image\/","url":"https:\/\/secure.gravatar.com\/avatar\/64c76a78e501cedee55736f43f332df901e1896ae9cd8fad269ae2236dd0e8b6?s=96&d=mm&r=g","contentUrl":"https:\/\/secure.gravatar.com\/avatar\/64c76a78e501cedee55736f43f332df901e1896ae9cd8fad269ae2236dd0e8b6?s=96&d=mm&r=g","caption":"La redaction"},"url":"https:\/\/vosgesinfo.fr\/gerardmerinfo\/author\/la-redaction\/"}]}},"_links":{"self":[{"href":"https:\/\/vosgesinfo.fr\/gerardmerinfo\/wp-json\/wp\/v2\/posts\/83807","targetHints":{"allow":["GET"]}}],"collection":[{"href":"https:\/\/vosgesinfo.fr\/gerardmerinfo\/wp-json\/wp\/v2\/posts"}],"about":[{"href":"https:\/\/vosgesinfo.fr\/gerardmerinfo\/wp-json\/wp\/v2\/types\/post"}],"author":[{"embeddable":true,"href":"https:\/\/vosgesinfo.fr\/gerardmerinfo\/wp-json\/wp\/v2\/users\/391"}],"replies":[{"embeddable":true,"href":"https:\/\/vosgesinfo.fr\/gerardmerinfo\/wp-json\/wp\/v2\/comments?post=83807"}],"version-history":[{"count":1,"href":"https:\/\/vosgesinfo.fr\/gerardmerinfo\/wp-json\/wp\/v2\/posts\/83807\/revisions"}],"predecessor-version":[{"id":83809,"href":"https:\/\/vosgesinfo.fr\/gerardmerinfo\/wp-json\/wp\/v2\/posts\/83807\/revisions\/83809"}],"wp:featuredmedia":[{"embeddable":true,"href":"https:\/\/vosgesinfo.fr\/gerardmerinfo\/wp-json\/wp\/v2\/media\/83808"}],"wp:attachment":[{"href":"https:\/\/vosgesinfo.fr\/gerardmerinfo\/wp-json\/wp\/v2\/media?parent=83807"}],"wp:term":[{"taxonomy":"category","embeddable":true,"href":"https:\/\/vosgesinfo.fr\/gerardmerinfo\/wp-json\/wp\/v2\/categories?post=83807"},{"taxonomy":"post_tag","embeddable":true,"href":"https:\/\/vosgesinfo.fr\/gerardmerinfo\/wp-json\/wp\/v2\/tags?post=83807"}],"curies":[{"name":"wp","href":"https:\/\/api.w.org\/{rel}","templated":true}]}}