{"id":83815,"date":"2025-10-20T19:00:08","date_gmt":"2025-10-20T17:00:08","guid":{"rendered":"https:\/\/vosgesinfo.fr\/gerardmerinfo\/?p=83815"},"modified":"2025-10-20T13:04:47","modified_gmt":"2025-10-20T11:04:47","slug":"un-cine-ptit-dej-savoureux-pour-les-petits-cinephiles-de-la-mcl","status":"publish","type":"post","link":"https:\/\/vosgesinfo.fr\/gerardmerinfo\/2025\/10\/un-cine-ptit-dej-savoureux-pour-les-petits-cinephiles-de-la-mcl\/","title":{"rendered":"Un Cin\u00e9-P\u2019tit D\u00e9j\u2019 savoureux pour les petits cin\u00e9philes de la MCL"},"content":{"rendered":"<p><a href=\"https:\/\/vosgesinfo.fr\/app\/uploads\/sites\/6\/2025\/10\/cine-gouter-1.jpg\"><img decoding=\"async\" class=\"aligncenter size-large wp-image-83824\" src=\"https:\/\/vosgesinfo.fr\/app\/uploads\/sites\/6\/2025\/10\/cine-gouter-1-1024x768.jpg\" alt=\"\" width=\"1024\" height=\"768\" srcset=\"https:\/\/vosgesinfo.fr\/app\/uploads\/sites\/6\/2025\/10\/cine-gouter-1-1024x768.jpg 1024w, https:\/\/vosgesinfo.fr\/app\/uploads\/sites\/6\/2025\/10\/cine-gouter-1-300x225.jpg 300w, https:\/\/vosgesinfo.fr\/app\/uploads\/sites\/6\/2025\/10\/cine-gouter-1-768x576.jpg 768w, https:\/\/vosgesinfo.fr\/app\/uploads\/sites\/6\/2025\/10\/cine-gouter-1.jpg 1440w\" sizes=\"(max-width: 1024px) 100vw, 1024px\" \/><\/a><\/p>\n<p data-start=\"226\" data-end=\"529\"><strong>Ce dimanche matin, la MCL de G\u00e9rardmer a une nouvelle fois r\u00e9gal\u00e9 petits et grands avec son d\u00e9sormais incontournable Cin\u00e9-P\u2019tit D\u00e9j\u2019, organis\u00e9 dans le cadre du festival Graines des Toiles. Un rendez-vous \u00e0 la fois gourmand et culturel, qui a attir\u00e9 de nombreuses familles, parfois venues de loin.<\/strong><\/p>\n<p data-start=\"531\" data-end=\"841\">Autour d\u2019un chocolat chaud, d\u2019une brioche moelleuse et d\u2019un livret d\u2019activit\u00e9s color\u00e9, les enfants ont savour\u00e9 un moment de d\u00e9tente avant la projection du film \u00ab Timioche \u00bb, d\u2019Alex Bain et Andy Martin. L\u2019histoire de ce petit poisson plein d\u2019imagination a conquis le jeune public, captiv\u00e9 du d\u00e9but \u00e0 la fin.<\/p>\n<p data-start=\"1163\" data-end=\"1523\"><a href=\"https:\/\/vosgesinfo.fr\/app\/uploads\/sites\/6\/2025\/10\/cine-gouter-2.jpg\"><img decoding=\"async\" class=\"alignright size-medium wp-image-83823\" src=\"https:\/\/vosgesinfo.fr\/app\/uploads\/sites\/6\/2025\/10\/cine-gouter-2-300x225.jpg\" alt=\"\" width=\"300\" height=\"225\" srcset=\"https:\/\/vosgesinfo.fr\/app\/uploads\/sites\/6\/2025\/10\/cine-gouter-2-300x225.jpg 300w, https:\/\/vosgesinfo.fr\/app\/uploads\/sites\/6\/2025\/10\/cine-gouter-2-1024x768.jpg 1024w, https:\/\/vosgesinfo.fr\/app\/uploads\/sites\/6\/2025\/10\/cine-gouter-2-768x576.jpg 768w, https:\/\/vosgesinfo.fr\/app\/uploads\/sites\/6\/2025\/10\/cine-gouter-2.jpg 1440w\" sizes=\"(max-width: 300px) 100vw, 300px\" \/><\/a>Des familles venues de Brouvelieures Xonrupt, Corcieux, \u00c9pinal ou encore des Bas-Rupts ont partag\u00e9 le m\u00eame plaisir : commencer la journ\u00e9e par un moment convivial et cr\u00e9atif avant de plonger dans l\u2019univers du cin\u00e9ma jeune public. Un beau succ\u00e8s pour la MCL et son \u00e9quipe, qui promettent encore de belles surprises jusqu\u2019\u00e0 la fin du festival, le dimanche 26 octobre.<\/p>\n","protected":false},"excerpt":{"rendered":"<p>Ce dimanche matin, la MCL de G\u00e9rardmer a une nouvelle fois r\u00e9gal\u00e9 petits et grands avec son d\u00e9sormais incontournable Cin\u00e9-P\u2019tit [&hellip;]<\/p>\n","protected":false},"author":391,"featured_media":83824,"comment_status":"open","ping_status":"open","sticky":false,"template":"","format":"standard","meta":{"footnotes":""},"categories":[20,4,5647],"tags":[3373,537],"class_list":["post-83815","post","type-post","status-publish","format-standard","has-post-thumbnail","hentry","category-a-la-une","category-culture","category-gerardmer-autres-sites","tag-cine-ptit-dej","tag-festival-graines-des-toiles"],"acf":[],"yoast_head":"<!-- This site is optimized with the Yoast SEO plugin v22.5 - https:\/\/yoast.com\/wordpress\/plugins\/seo\/ -->\n<title>Un Cin\u00e9-P\u2019tit D\u00e9j\u2019 savoureux pour les petits cin\u00e9philes de la MCL - Gerardmer Info<\/title>\n<meta name=\"robots\" content=\"index, follow, max-snippet:-1, max-image-preview:large, max-video-preview:-1\" \/>\n<link rel=\"canonical\" href=\"https:\/\/vosgesinfo.fr\/gerardmerinfo\/2025\/10\/un-cine-ptit-dej-savoureux-pour-les-petits-cinephiles-de-la-mcl\/\" \/>\n<meta name=\"twitter:card\" content=\"summary_large_image\" \/>\n<meta name=\"twitter:title\" content=\"Un Cin\u00e9-P\u2019tit D\u00e9j\u2019 savoureux pour les petits cin\u00e9philes de la MCL - Gerardmer Info\" \/>\n<meta name=\"twitter:description\" content=\"Ce dimanche matin, la MCL de G\u00e9rardmer a une nouvelle fois r\u00e9gal\u00e9 petits et grands avec son d\u00e9sormais incontournable Cin\u00e9-P\u2019tit [&hellip;]\" \/>\n<meta name=\"twitter:image\" content=\"https:\/\/vosgesinfo.fr\/app\/uploads\/sites\/6\/2025\/10\/cine-gouter-1.jpg\" \/>\n<meta name=\"twitter:creator\" content=\"@VosgesInfo88\" \/>\n<meta name=\"twitter:site\" content=\"@VosgesInfo88\" \/>\n<meta name=\"twitter:label1\" content=\"\u00c9crit par\" \/>\n\t<meta name=\"twitter:data1\" content=\"La redaction\" \/>\n\t<meta name=\"twitter:label2\" content=\"Dur\u00e9e de lecture estim\u00e9e\" \/>\n\t<meta name=\"twitter:data2\" content=\"2 minutes\" \/>\n<script type=\"application\/ld+json\" class=\"yoast-schema-graph\">{\"@context\":\"https:\/\/schema.org\",\"@graph\":[{\"@type\":\"Article\",\"@id\":\"https:\/\/vosgesinfo.fr\/gerardmerinfo\/2025\/10\/un-cine-ptit-dej-savoureux-pour-les-petits-cinephiles-de-la-mcl\/#article\",\"isPartOf\":{\"@id\":\"https:\/\/vosgesinfo.fr\/gerardmerinfo\/2025\/10\/un-cine-ptit-dej-savoureux-pour-les-petits-cinephiles-de-la-mcl\/\"},\"author\":{\"name\":\"La redaction\",\"@id\":\"https:\/\/vosgesinfo.fr\/gerardmerinfo\/#\/schema\/person\/27a3695b06db98895b354c0765cdfc31\"},\"headline\":\"Un Cin\u00e9-P\u2019tit D\u00e9j\u2019 savoureux pour les petits cin\u00e9philes de la MCL\",\"datePublished\":\"2025-10-20T17:00:08+00:00\",\"dateModified\":\"2025-10-20T11:04:47+00:00\",\"mainEntityOfPage\":{\"@id\":\"https:\/\/vosgesinfo.fr\/gerardmerinfo\/2025\/10\/un-cine-ptit-dej-savoureux-pour-les-petits-cinephiles-de-la-mcl\/\"},\"wordCount\":190,\"commentCount\":0,\"publisher\":{\"@id\":\"https:\/\/vosgesinfo.fr\/gerardmerinfo\/#organization\"},\"image\":{\"@id\":\"https:\/\/vosgesinfo.fr\/gerardmerinfo\/2025\/10\/un-cine-ptit-dej-savoureux-pour-les-petits-cinephiles-de-la-mcl\/#primaryimage\"},\"thumbnailUrl\":\"https:\/\/vosgesinfo.fr\/app\/uploads\/sites\/6\/2025\/10\/cine-gouter-1.jpg\",\"keywords\":[\"cin\u00e9 ptit dej\",\"festival graines des toiles\"],\"articleSection\":[\"A la une\",\"Culture\",\"Gerardmer\"],\"inLanguage\":\"fr-FR\",\"potentialAction\":[{\"@type\":\"CommentAction\",\"name\":\"Comment\",\"target\":[\"https:\/\/vosgesinfo.fr\/gerardmerinfo\/2025\/10\/un-cine-ptit-dej-savoureux-pour-les-petits-cinephiles-de-la-mcl\/#respond\"]}]},{\"@type\":\"WebPage\",\"@id\":\"https:\/\/vosgesinfo.fr\/gerardmerinfo\/2025\/10\/un-cine-ptit-dej-savoureux-pour-les-petits-cinephiles-de-la-mcl\/\",\"url\":\"https:\/\/vosgesinfo.fr\/gerardmerinfo\/2025\/10\/un-cine-ptit-dej-savoureux-pour-les-petits-cinephiles-de-la-mcl\/\",\"name\":\"Un Cin\u00e9-P\u2019tit D\u00e9j\u2019 savoureux pour les petits cin\u00e9philes de la MCL - Gerardmer Info\",\"isPartOf\":{\"@id\":\"https:\/\/vosgesinfo.fr\/gerardmerinfo\/#website\"},\"primaryImageOfPage\":{\"@id\":\"https:\/\/vosgesinfo.fr\/gerardmerinfo\/2025\/10\/un-cine-ptit-dej-savoureux-pour-les-petits-cinephiles-de-la-mcl\/#primaryimage\"},\"image\":{\"@id\":\"https:\/\/vosgesinfo.fr\/gerardmerinfo\/2025\/10\/un-cine-ptit-dej-savoureux-pour-les-petits-cinephiles-de-la-mcl\/#primaryimage\"},\"thumbnailUrl\":\"https:\/\/vosgesinfo.fr\/app\/uploads\/sites\/6\/2025\/10\/cine-gouter-1.jpg\",\"datePublished\":\"2025-10-20T17:00:08+00:00\",\"dateModified\":\"2025-10-20T11:04:47+00:00\",\"breadcrumb\":{\"@id\":\"https:\/\/vosgesinfo.fr\/gerardmerinfo\/2025\/10\/un-cine-ptit-dej-savoureux-pour-les-petits-cinephiles-de-la-mcl\/#breadcrumb\"},\"inLanguage\":\"fr-FR\",\"potentialAction\":[{\"@type\":\"ReadAction\",\"target\":[\"https:\/\/vosgesinfo.fr\/gerardmerinfo\/2025\/10\/un-cine-ptit-dej-savoureux-pour-les-petits-cinephiles-de-la-mcl\/\"]}]},{\"@type\":\"ImageObject\",\"inLanguage\":\"fr-FR\",\"@id\":\"https:\/\/vosgesinfo.fr\/gerardmerinfo\/2025\/10\/un-cine-ptit-dej-savoureux-pour-les-petits-cinephiles-de-la-mcl\/#primaryimage\",\"url\":\"https:\/\/vosgesinfo.fr\/app\/uploads\/sites\/6\/2025\/10\/cine-gouter-1.jpg\",\"contentUrl\":\"https:\/\/vosgesinfo.fr\/app\/uploads\/sites\/6\/2025\/10\/cine-gouter-1.jpg\",\"width\":1440,\"height\":1080},{\"@type\":\"BreadcrumbList\",\"@id\":\"https:\/\/vosgesinfo.fr\/gerardmerinfo\/2025\/10\/un-cine-ptit-dej-savoureux-pour-les-petits-cinephiles-de-la-mcl\/#breadcrumb\",\"itemListElement\":[{\"@type\":\"ListItem\",\"position\":1,\"name\":\"Home\",\"item\":\"https:\/\/vosgesinfo.fr\/gerardmerinfo\/\"},{\"@type\":\"ListItem\",\"position\":2,\"name\":\"Un Cin\u00e9-P\u2019tit D\u00e9j\u2019 savoureux pour les petits cin\u00e9philes de la MCL\"}]},{\"@type\":\"WebSite\",\"@id\":\"https:\/\/vosgesinfo.fr\/gerardmerinfo\/#website\",\"url\":\"https:\/\/vosgesinfo.fr\/gerardmerinfo\/\",\"name\":\"Gerardmer Info\",\"description\":\"Toute l&#039;actualit\u00e9 de G\u00e9rardmer\",\"publisher\":{\"@id\":\"https:\/\/vosgesinfo.fr\/gerardmerinfo\/#organization\"},\"alternateName\":\"Toute l'actualit\u00e9 de G\u00e9rardmer\",\"potentialAction\":[{\"@type\":\"SearchAction\",\"target\":{\"@type\":\"EntryPoint\",\"urlTemplate\":\"https:\/\/vosgesinfo.fr\/gerardmerinfo\/?s={search_term_string}\"},\"query-input\":\"required name=search_term_string\"}],\"inLanguage\":\"fr-FR\"},{\"@type\":\"Organization\",\"@id\":\"https:\/\/vosgesinfo.fr\/gerardmerinfo\/#organization\",\"name\":\"Gerardmer Info\",\"url\":\"https:\/\/vosgesinfo.fr\/gerardmerinfo\/\",\"logo\":{\"@type\":\"ImageObject\",\"inLanguage\":\"fr-FR\",\"@id\":\"https:\/\/vosgesinfo.fr\/gerardmerinfo\/#\/schema\/logo\/image\/\",\"url\":\"https:\/\/vosgesinfo.fr\/app\/uploads\/sites\/6\/2023\/08\/favicon-gerardmerinfo.png\",\"contentUrl\":\"https:\/\/vosgesinfo.fr\/app\/uploads\/sites\/6\/2023\/08\/favicon-gerardmerinfo.png\",\"width\":512,\"height\":512,\"caption\":\"Gerardmer Info\"},\"image\":{\"@id\":\"https:\/\/vosgesinfo.fr\/gerardmerinfo\/#\/schema\/logo\/image\/\"},\"sameAs\":[\"https:\/\/www.facebook.com\/profile.php?id=100049475262660\",\"https:\/\/x.com\/VosgesInfo88\",\"https:\/\/www.youtube.com\/@vosgesinfo\"]},{\"@type\":\"Person\",\"@id\":\"https:\/\/vosgesinfo.fr\/gerardmerinfo\/#\/schema\/person\/27a3695b06db98895b354c0765cdfc31\",\"name\":\"La redaction\",\"image\":{\"@type\":\"ImageObject\",\"inLanguage\":\"fr-FR\",\"@id\":\"https:\/\/vosgesinfo.fr\/gerardmerinfo\/#\/schema\/person\/image\/\",\"url\":\"https:\/\/secure.gravatar.com\/avatar\/64c76a78e501cedee55736f43f332df901e1896ae9cd8fad269ae2236dd0e8b6?s=96&d=mm&r=g\",\"contentUrl\":\"https:\/\/secure.gravatar.com\/avatar\/64c76a78e501cedee55736f43f332df901e1896ae9cd8fad269ae2236dd0e8b6?s=96&d=mm&r=g\",\"caption\":\"La redaction\"},\"url\":\"https:\/\/vosgesinfo.fr\/gerardmerinfo\/author\/la-redaction\/\"}]}<\/script>\n<!-- \/ Yoast SEO plugin. -->","yoast_head_json":{"title":"Un Cin\u00e9-P\u2019tit D\u00e9j\u2019 savoureux pour les petits cin\u00e9philes de la MCL - Gerardmer Info","robots":{"index":"index","follow":"follow","max-snippet":"max-snippet:-1","max-image-preview":"max-image-preview:large","max-video-preview":"max-video-preview:-1"},"canonical":"https:\/\/vosgesinfo.fr\/gerardmerinfo\/2025\/10\/un-cine-ptit-dej-savoureux-pour-les-petits-cinephiles-de-la-mcl\/","twitter_card":"summary_large_image","twitter_title":"Un Cin\u00e9-P\u2019tit D\u00e9j\u2019 savoureux pour les petits cin\u00e9philes de la MCL - Gerardmer Info","twitter_description":"Ce dimanche matin, la MCL de G\u00e9rardmer a une nouvelle fois r\u00e9gal\u00e9 petits et grands avec son d\u00e9sormais incontournable Cin\u00e9-P\u2019tit [&hellip;]","twitter_image":"https:\/\/vosgesinfo.fr\/app\/uploads\/sites\/6\/2025\/10\/cine-gouter-1.jpg","twitter_creator":"@VosgesInfo88","twitter_site":"@VosgesInfo88","twitter_misc":{"\u00c9crit par":"La redaction","Dur\u00e9e de lecture estim\u00e9e":"2 minutes"},"schema":{"@context":"https:\/\/schema.org","@graph":[{"@type":"Article","@id":"https:\/\/vosgesinfo.fr\/gerardmerinfo\/2025\/10\/un-cine-ptit-dej-savoureux-pour-les-petits-cinephiles-de-la-mcl\/#article","isPartOf":{"@id":"https:\/\/vosgesinfo.fr\/gerardmerinfo\/2025\/10\/un-cine-ptit-dej-savoureux-pour-les-petits-cinephiles-de-la-mcl\/"},"author":{"name":"La redaction","@id":"https:\/\/vosgesinfo.fr\/gerardmerinfo\/#\/schema\/person\/27a3695b06db98895b354c0765cdfc31"},"headline":"Un Cin\u00e9-P\u2019tit D\u00e9j\u2019 savoureux pour les petits cin\u00e9philes de la MCL","datePublished":"2025-10-20T17:00:08+00:00","dateModified":"2025-10-20T11:04:47+00:00","mainEntityOfPage":{"@id":"https:\/\/vosgesinfo.fr\/gerardmerinfo\/2025\/10\/un-cine-ptit-dej-savoureux-pour-les-petits-cinephiles-de-la-mcl\/"},"wordCount":190,"commentCount":0,"publisher":{"@id":"https:\/\/vosgesinfo.fr\/gerardmerinfo\/#organization"},"image":{"@id":"https:\/\/vosgesinfo.fr\/gerardmerinfo\/2025\/10\/un-cine-ptit-dej-savoureux-pour-les-petits-cinephiles-de-la-mcl\/#primaryimage"},"thumbnailUrl":"https:\/\/vosgesinfo.fr\/app\/uploads\/sites\/6\/2025\/10\/cine-gouter-1.jpg","keywords":["cin\u00e9 ptit dej","festival graines des toiles"],"articleSection":["A la une","Culture","Gerardmer"],"inLanguage":"fr-FR","potentialAction":[{"@type":"CommentAction","name":"Comment","target":["https:\/\/vosgesinfo.fr\/gerardmerinfo\/2025\/10\/un-cine-ptit-dej-savoureux-pour-les-petits-cinephiles-de-la-mcl\/#respond"]}]},{"@type":"WebPage","@id":"https:\/\/vosgesinfo.fr\/gerardmerinfo\/2025\/10\/un-cine-ptit-dej-savoureux-pour-les-petits-cinephiles-de-la-mcl\/","url":"https:\/\/vosgesinfo.fr\/gerardmerinfo\/2025\/10\/un-cine-ptit-dej-savoureux-pour-les-petits-cinephiles-de-la-mcl\/","name":"Un Cin\u00e9-P\u2019tit D\u00e9j\u2019 savoureux pour les petits cin\u00e9philes de la MCL - Gerardmer Info","isPartOf":{"@id":"https:\/\/vosgesinfo.fr\/gerardmerinfo\/#website"},"primaryImageOfPage":{"@id":"https:\/\/vosgesinfo.fr\/gerardmerinfo\/2025\/10\/un-cine-ptit-dej-savoureux-pour-les-petits-cinephiles-de-la-mcl\/#primaryimage"},"image":{"@id":"https:\/\/vosgesinfo.fr\/gerardmerinfo\/2025\/10\/un-cine-ptit-dej-savoureux-pour-les-petits-cinephiles-de-la-mcl\/#primaryimage"},"thumbnailUrl":"https:\/\/vosgesinfo.fr\/app\/uploads\/sites\/6\/2025\/10\/cine-gouter-1.jpg","datePublished":"2025-10-20T17:00:08+00:00","dateModified":"2025-10-20T11:04:47+00:00","breadcrumb":{"@id":"https:\/\/vosgesinfo.fr\/gerardmerinfo\/2025\/10\/un-cine-ptit-dej-savoureux-pour-les-petits-cinephiles-de-la-mcl\/#breadcrumb"},"inLanguage":"fr-FR","potentialAction":[{"@type":"ReadAction","target":["https:\/\/vosgesinfo.fr\/gerardmerinfo\/2025\/10\/un-cine-ptit-dej-savoureux-pour-les-petits-cinephiles-de-la-mcl\/"]}]},{"@type":"ImageObject","inLanguage":"fr-FR","@id":"https:\/\/vosgesinfo.fr\/gerardmerinfo\/2025\/10\/un-cine-ptit-dej-savoureux-pour-les-petits-cinephiles-de-la-mcl\/#primaryimage","url":"https:\/\/vosgesinfo.fr\/app\/uploads\/sites\/6\/2025\/10\/cine-gouter-1.jpg","contentUrl":"https:\/\/vosgesinfo.fr\/app\/uploads\/sites\/6\/2025\/10\/cine-gouter-1.jpg","width":1440,"height":1080},{"@type":"BreadcrumbList","@id":"https:\/\/vosgesinfo.fr\/gerardmerinfo\/2025\/10\/un-cine-ptit-dej-savoureux-pour-les-petits-cinephiles-de-la-mcl\/#breadcrumb","itemListElement":[{"@type":"ListItem","position":1,"name":"Home","item":"https:\/\/vosgesinfo.fr\/gerardmerinfo\/"},{"@type":"ListItem","position":2,"name":"Un Cin\u00e9-P\u2019tit D\u00e9j\u2019 savoureux pour les petits cin\u00e9philes de la MCL"}]},{"@type":"WebSite","@id":"https:\/\/vosgesinfo.fr\/gerardmerinfo\/#website","url":"https:\/\/vosgesinfo.fr\/gerardmerinfo\/","name":"Gerardmer Info","description":"Toute l&#039;actualit\u00e9 de G\u00e9rardmer","publisher":{"@id":"https:\/\/vosgesinfo.fr\/gerardmerinfo\/#organization"},"alternateName":"Toute l'actualit\u00e9 de G\u00e9rardmer","potentialAction":[{"@type":"SearchAction","target":{"@type":"EntryPoint","urlTemplate":"https:\/\/vosgesinfo.fr\/gerardmerinfo\/?s={search_term_string}"},"query-input":"required name=search_term_string"}],"inLanguage":"fr-FR"},{"@type":"Organization","@id":"https:\/\/vosgesinfo.fr\/gerardmerinfo\/#organization","name":"Gerardmer Info","url":"https:\/\/vosgesinfo.fr\/gerardmerinfo\/","logo":{"@type":"ImageObject","inLanguage":"fr-FR","@id":"https:\/\/vosgesinfo.fr\/gerardmerinfo\/#\/schema\/logo\/image\/","url":"https:\/\/vosgesinfo.fr\/app\/uploads\/sites\/6\/2023\/08\/favicon-gerardmerinfo.png","contentUrl":"https:\/\/vosgesinfo.fr\/app\/uploads\/sites\/6\/2023\/08\/favicon-gerardmerinfo.png","width":512,"height":512,"caption":"Gerardmer Info"},"image":{"@id":"https:\/\/vosgesinfo.fr\/gerardmerinfo\/#\/schema\/logo\/image\/"},"sameAs":["https:\/\/www.facebook.com\/profile.php?id=100049475262660","https:\/\/x.com\/VosgesInfo88","https:\/\/www.youtube.com\/@vosgesinfo"]},{"@type":"Person","@id":"https:\/\/vosgesinfo.fr\/gerardmerinfo\/#\/schema\/person\/27a3695b06db98895b354c0765cdfc31","name":"La redaction","image":{"@type":"ImageObject","inLanguage":"fr-FR","@id":"https:\/\/vosgesinfo.fr\/gerardmerinfo\/#\/schema\/person\/image\/","url":"https:\/\/secure.gravatar.com\/avatar\/64c76a78e501cedee55736f43f332df901e1896ae9cd8fad269ae2236dd0e8b6?s=96&d=mm&r=g","contentUrl":"https:\/\/secure.gravatar.com\/avatar\/64c76a78e501cedee55736f43f332df901e1896ae9cd8fad269ae2236dd0e8b6?s=96&d=mm&r=g","caption":"La redaction"},"url":"https:\/\/vosgesinfo.fr\/gerardmerinfo\/author\/la-redaction\/"}]}},"_links":{"self":[{"href":"https:\/\/vosgesinfo.fr\/gerardmerinfo\/wp-json\/wp\/v2\/posts\/83815","targetHints":{"allow":["GET"]}}],"collection":[{"href":"https:\/\/vosgesinfo.fr\/gerardmerinfo\/wp-json\/wp\/v2\/posts"}],"about":[{"href":"https:\/\/vosgesinfo.fr\/gerardmerinfo\/wp-json\/wp\/v2\/types\/post"}],"author":[{"embeddable":true,"href":"https:\/\/vosgesinfo.fr\/gerardmerinfo\/wp-json\/wp\/v2\/users\/391"}],"replies":[{"embeddable":true,"href":"https:\/\/vosgesinfo.fr\/gerardmerinfo\/wp-json\/wp\/v2\/comments?post=83815"}],"version-history":[{"count":3,"href":"https:\/\/vosgesinfo.fr\/gerardmerinfo\/wp-json\/wp\/v2\/posts\/83815\/revisions"}],"predecessor-version":[{"id":83856,"href":"https:\/\/vosgesinfo.fr\/gerardmerinfo\/wp-json\/wp\/v2\/posts\/83815\/revisions\/83856"}],"wp:featuredmedia":[{"embeddable":true,"href":"https:\/\/vosgesinfo.fr\/gerardmerinfo\/wp-json\/wp\/v2\/media\/83824"}],"wp:attachment":[{"href":"https:\/\/vosgesinfo.fr\/gerardmerinfo\/wp-json\/wp\/v2\/media?parent=83815"}],"wp:term":[{"taxonomy":"category","embeddable":true,"href":"https:\/\/vosgesinfo.fr\/gerardmerinfo\/wp-json\/wp\/v2\/categories?post=83815"},{"taxonomy":"post_tag","embeddable":true,"href":"https:\/\/vosgesinfo.fr\/gerardmerinfo\/wp-json\/wp\/v2\/tags?post=83815"}],"curies":[{"name":"wp","href":"https:\/\/api.w.org\/{rel}","templated":true}]}}