{"id":83816,"date":"2025-10-20T10:09:50","date_gmt":"2025-10-20T08:09:50","guid":{"rendered":"https:\/\/vosgesinfo.fr\/gerardmerinfo\/?p=83816"},"modified":"2025-10-20T10:13:14","modified_gmt":"2025-10-20T08:13:14","slug":"rencontre-dedicaces-avec-fiona-mille-reinventons-la-montagne","status":"publish","type":"post","link":"https:\/\/vosgesinfo.fr\/gerardmerinfo\/2025\/10\/rencontre-dedicaces-avec-fiona-mille-reinventons-la-montagne\/","title":{"rendered":"Rencontre-d\u00e9dicaces avec Fiona Mille &#8211; R\u00e9inventons la Montagne"},"content":{"rendered":"<div class=\"com-dpcalendar-event__description-content\">\n<div>\n<p data-pm-slice=\"1 1 []\"><a href=\"https:\/\/vosgesinfo.fr\/app\/uploads\/sites\/6\/2025\/10\/fiona-mille-conference-gerardmer.jpg\"><img decoding=\"async\" class=\"aligncenter size-medium wp-image-83818\" src=\"https:\/\/vosgesinfo.fr\/app\/uploads\/sites\/6\/2025\/10\/fiona-mille-conference-gerardmer-300x252.jpg\" alt=\"\" width=\"300\" height=\"252\" srcset=\"https:\/\/vosgesinfo.fr\/app\/uploads\/sites\/6\/2025\/10\/fiona-mille-conference-gerardmer-300x252.jpg 300w, https:\/\/vosgesinfo.fr\/app\/uploads\/sites\/6\/2025\/10\/fiona-mille-conference-gerardmer.jpg 656w\" sizes=\"(max-width: 300px) 100vw, 300px\" \/><\/a><\/p>\n<p data-pm-slice=\"1 1 []\">La neige se fait rare sur nos montagnes et pourtant nous n&rsquo;arrivons pas \u00e0 nous d\u00e9tourner de cet or blanc.<\/p>\n<p>La d\u00e9cision d\u2019organiser les JO 2030 dans les Alpes fran\u00e7aises n&rsquo;est-elle pas un choix anachronique alors que s\u2019acc\u00e9l\u00e8re le r\u00e9chauffement climatique\u2026 les montagnes \u00e9tant en t\u00eate de cette acc\u00e9l\u00e9ration ?<\/p>\n<p>Fiona Mille est pr\u00e9sidente de Mountain Wilderness France, une ONG qui \u0153uvre pour faire cohabiter la montagne sauvage et la montagne \u00e0 vivre.<\/p>\n<p>Fiona viendra pr\u00e9senter et d\u00e9dicacer son livre \u00ab\u00a0R\u00e9inventons la montagne\u00a0\u00bb \u00e0 la m\u00e9diath\u00e8que de G\u00e9rardmer le 24 octobre \u00e0 18 h 00.<\/p>\n<p><strong>Comment acc\u00e9l\u00e9rer la transition \u00e9cologique et freiner le r\u00e9chauffement climatique ?<\/strong><\/p>\n<p>Comment partager et prot\u00e9ger les biens communs que sont l&rsquo;eau, l&rsquo;air, la biodiversit\u00e9 (dont 70 % ont disparu), les sols, etc. ? De plus en plus de personnes s&rsquo;interrogent et cherchent ensemble des solutions.<\/p>\n<p>Comment reconnecter nos vies aux grands \u00e9quilibres vitaux de la nature ?<\/p>\n<p>Comment \u00ab\u00a0agir local et penser global\u00a0\u00bb pour nettoyer la plan\u00e8te ?<\/p>\n<p>C&rsquo;est maintenant \u00ab\u00a0le plus grand d\u00e9fi de l&rsquo;histoire de l&rsquo;humanit\u00e9\u00a0\u00bb, nous dit Aur\u00e9lien Barrau.<\/p>\n<p>Un d\u00e9fi \u00e0 relever avec Mountain Wilderness et Fiona Mille : r\u00e9inventons notre montagne !<\/p>\n<\/div>\n<div><\/div>\n<div class=\"card-header repetition-dates\"><strong>Le vendredi 24 octobre 2025<\/strong><\/div>\n<div class=\"card-body repetition-description\">\n<p class=\"card-text\">Entr\u00e9e libre<\/p>\n<\/div>\n<div class=\"card-body repetition-library\">\n<p class=\"card-text\"><a title=\"Afficher les \u00e9v\u00e8nements dont les dates sont localis\u00e9es \u00e0 M\u00e9diath\u00e8que du Tilleul\" href=\"https:\/\/medialudotheque.ccghv.fr\/animations\/a-venir?filter_library=1\">M\u00e9diath\u00e8que du Tilleul<\/a><\/p>\n<p>Avec l&rsquo;association Mountain Wilderness<\/p>\n<p>Fiona Mille est engag\u00e9e pour la d\u00e9fense des territoires de montagne, elle a \u00e9crit le livre \u00ab\u00a0R\u00e9inventons la montagne\u00a0\u00bb<\/p>\n<\/div>\n<\/div>\n","protected":false},"excerpt":{"rendered":"<p>La neige se fait rare sur nos montagnes et pourtant nous n&rsquo;arrivons pas \u00e0 nous d\u00e9tourner de cet or blanc. [&hellip;]<\/p>\n","protected":false},"author":391,"featured_media":83818,"comment_status":"open","ping_status":"open","sticky":false,"template":"","format":"standard","meta":{"footnotes":""},"categories":[20,5647,868],"tags":[7893,153],"class_list":["post-83816","post","type-post","status-publish","format-standard","has-post-thumbnail","hentry","category-a-la-une","category-gerardmer-autres-sites","category-remiremont","tag-fiona-mille","tag-mediatheque-du-tilleul"],"acf":[],"yoast_head":"<!-- This site is optimized with the Yoast SEO plugin v22.5 - https:\/\/yoast.com\/wordpress\/plugins\/seo\/ -->\n<title>Rencontre-d\u00e9dicaces avec Fiona Mille - R\u00e9inventons la Montagne - Gerardmer Info<\/title>\n<meta name=\"robots\" content=\"index, follow, max-snippet:-1, max-image-preview:large, max-video-preview:-1\" \/>\n<link rel=\"canonical\" href=\"https:\/\/vosgesinfo.fr\/gerardmerinfo\/2025\/10\/rencontre-dedicaces-avec-fiona-mille-reinventons-la-montagne\/\" \/>\n<meta name=\"twitter:card\" content=\"summary_large_image\" \/>\n<meta name=\"twitter:title\" content=\"Rencontre-d\u00e9dicaces avec Fiona Mille - R\u00e9inventons la Montagne - Gerardmer Info\" \/>\n<meta name=\"twitter:description\" content=\"La neige se fait rare sur nos montagnes et pourtant nous n&rsquo;arrivons pas \u00e0 nous d\u00e9tourner de cet or blanc. [&hellip;]\" \/>\n<meta name=\"twitter:image\" content=\"https:\/\/vosgesinfo.fr\/app\/uploads\/sites\/6\/2025\/10\/fiona-mille-conference-gerardmer.jpg\" \/>\n<meta name=\"twitter:creator\" content=\"@VosgesInfo88\" \/>\n<meta name=\"twitter:site\" content=\"@VosgesInfo88\" \/>\n<meta name=\"twitter:label1\" content=\"\u00c9crit par\" \/>\n\t<meta name=\"twitter:data1\" content=\"La redaction\" \/>\n\t<meta name=\"twitter:label2\" content=\"Dur\u00e9e de lecture estim\u00e9e\" \/>\n\t<meta name=\"twitter:data2\" content=\"2 minutes\" \/>\n<script type=\"application\/ld+json\" class=\"yoast-schema-graph\">{\"@context\":\"https:\/\/schema.org\",\"@graph\":[{\"@type\":\"Article\",\"@id\":\"https:\/\/vosgesinfo.fr\/gerardmerinfo\/2025\/10\/rencontre-dedicaces-avec-fiona-mille-reinventons-la-montagne\/#article\",\"isPartOf\":{\"@id\":\"https:\/\/vosgesinfo.fr\/gerardmerinfo\/2025\/10\/rencontre-dedicaces-avec-fiona-mille-reinventons-la-montagne\/\"},\"author\":{\"name\":\"La redaction\",\"@id\":\"https:\/\/vosgesinfo.fr\/gerardmerinfo\/#\/schema\/person\/27a3695b06db98895b354c0765cdfc31\"},\"headline\":\"Rencontre-d\u00e9dicaces avec Fiona Mille &#8211; R\u00e9inventons la Montagne\",\"datePublished\":\"2025-10-20T08:09:50+00:00\",\"dateModified\":\"2025-10-20T08:13:14+00:00\",\"mainEntityOfPage\":{\"@id\":\"https:\/\/vosgesinfo.fr\/gerardmerinfo\/2025\/10\/rencontre-dedicaces-avec-fiona-mille-reinventons-la-montagne\/\"},\"wordCount\":257,\"commentCount\":0,\"publisher\":{\"@id\":\"https:\/\/vosgesinfo.fr\/gerardmerinfo\/#organization\"},\"image\":{\"@id\":\"https:\/\/vosgesinfo.fr\/gerardmerinfo\/2025\/10\/rencontre-dedicaces-avec-fiona-mille-reinventons-la-montagne\/#primaryimage\"},\"thumbnailUrl\":\"https:\/\/vosgesinfo.fr\/app\/uploads\/sites\/6\/2025\/10\/fiona-mille-conference-gerardmer.jpg\",\"keywords\":[\"Fiona Mille\",\"m\u00e9diath\u00e8que du tilleul\"],\"articleSection\":[\"A la une\",\"Gerardmer\",\"Remiremont\"],\"inLanguage\":\"fr-FR\",\"potentialAction\":[{\"@type\":\"CommentAction\",\"name\":\"Comment\",\"target\":[\"https:\/\/vosgesinfo.fr\/gerardmerinfo\/2025\/10\/rencontre-dedicaces-avec-fiona-mille-reinventons-la-montagne\/#respond\"]}]},{\"@type\":\"WebPage\",\"@id\":\"https:\/\/vosgesinfo.fr\/gerardmerinfo\/2025\/10\/rencontre-dedicaces-avec-fiona-mille-reinventons-la-montagne\/\",\"url\":\"https:\/\/vosgesinfo.fr\/gerardmerinfo\/2025\/10\/rencontre-dedicaces-avec-fiona-mille-reinventons-la-montagne\/\",\"name\":\"Rencontre-d\u00e9dicaces avec Fiona Mille - R\u00e9inventons la Montagne - Gerardmer Info\",\"isPartOf\":{\"@id\":\"https:\/\/vosgesinfo.fr\/gerardmerinfo\/#website\"},\"primaryImageOfPage\":{\"@id\":\"https:\/\/vosgesinfo.fr\/gerardmerinfo\/2025\/10\/rencontre-dedicaces-avec-fiona-mille-reinventons-la-montagne\/#primaryimage\"},\"image\":{\"@id\":\"https:\/\/vosgesinfo.fr\/gerardmerinfo\/2025\/10\/rencontre-dedicaces-avec-fiona-mille-reinventons-la-montagne\/#primaryimage\"},\"thumbnailUrl\":\"https:\/\/vosgesinfo.fr\/app\/uploads\/sites\/6\/2025\/10\/fiona-mille-conference-gerardmer.jpg\",\"datePublished\":\"2025-10-20T08:09:50+00:00\",\"dateModified\":\"2025-10-20T08:13:14+00:00\",\"breadcrumb\":{\"@id\":\"https:\/\/vosgesinfo.fr\/gerardmerinfo\/2025\/10\/rencontre-dedicaces-avec-fiona-mille-reinventons-la-montagne\/#breadcrumb\"},\"inLanguage\":\"fr-FR\",\"potentialAction\":[{\"@type\":\"ReadAction\",\"target\":[\"https:\/\/vosgesinfo.fr\/gerardmerinfo\/2025\/10\/rencontre-dedicaces-avec-fiona-mille-reinventons-la-montagne\/\"]}]},{\"@type\":\"ImageObject\",\"inLanguage\":\"fr-FR\",\"@id\":\"https:\/\/vosgesinfo.fr\/gerardmerinfo\/2025\/10\/rencontre-dedicaces-avec-fiona-mille-reinventons-la-montagne\/#primaryimage\",\"url\":\"https:\/\/vosgesinfo.fr\/app\/uploads\/sites\/6\/2025\/10\/fiona-mille-conference-gerardmer.jpg\",\"contentUrl\":\"https:\/\/vosgesinfo.fr\/app\/uploads\/sites\/6\/2025\/10\/fiona-mille-conference-gerardmer.jpg\",\"width\":656,\"height\":551},{\"@type\":\"BreadcrumbList\",\"@id\":\"https:\/\/vosgesinfo.fr\/gerardmerinfo\/2025\/10\/rencontre-dedicaces-avec-fiona-mille-reinventons-la-montagne\/#breadcrumb\",\"itemListElement\":[{\"@type\":\"ListItem\",\"position\":1,\"name\":\"Home\",\"item\":\"https:\/\/vosgesinfo.fr\/gerardmerinfo\/\"},{\"@type\":\"ListItem\",\"position\":2,\"name\":\"Rencontre-d\u00e9dicaces avec Fiona Mille &#8211; R\u00e9inventons la Montagne\"}]},{\"@type\":\"WebSite\",\"@id\":\"https:\/\/vosgesinfo.fr\/gerardmerinfo\/#website\",\"url\":\"https:\/\/vosgesinfo.fr\/gerardmerinfo\/\",\"name\":\"Gerardmer Info\",\"description\":\"Toute l&#039;actualit\u00e9 de G\u00e9rardmer\",\"publisher\":{\"@id\":\"https:\/\/vosgesinfo.fr\/gerardmerinfo\/#organization\"},\"alternateName\":\"Toute l'actualit\u00e9 de G\u00e9rardmer\",\"potentialAction\":[{\"@type\":\"SearchAction\",\"target\":{\"@type\":\"EntryPoint\",\"urlTemplate\":\"https:\/\/vosgesinfo.fr\/gerardmerinfo\/?s={search_term_string}\"},\"query-input\":\"required name=search_term_string\"}],\"inLanguage\":\"fr-FR\"},{\"@type\":\"Organization\",\"@id\":\"https:\/\/vosgesinfo.fr\/gerardmerinfo\/#organization\",\"name\":\"Gerardmer Info\",\"url\":\"https:\/\/vosgesinfo.fr\/gerardmerinfo\/\",\"logo\":{\"@type\":\"ImageObject\",\"inLanguage\":\"fr-FR\",\"@id\":\"https:\/\/vosgesinfo.fr\/gerardmerinfo\/#\/schema\/logo\/image\/\",\"url\":\"https:\/\/vosgesinfo.fr\/app\/uploads\/sites\/6\/2023\/08\/favicon-gerardmerinfo.png\",\"contentUrl\":\"https:\/\/vosgesinfo.fr\/app\/uploads\/sites\/6\/2023\/08\/favicon-gerardmerinfo.png\",\"width\":512,\"height\":512,\"caption\":\"Gerardmer Info\"},\"image\":{\"@id\":\"https:\/\/vosgesinfo.fr\/gerardmerinfo\/#\/schema\/logo\/image\/\"},\"sameAs\":[\"https:\/\/www.facebook.com\/profile.php?id=100049475262660\",\"https:\/\/x.com\/VosgesInfo88\",\"https:\/\/www.youtube.com\/@vosgesinfo\"]},{\"@type\":\"Person\",\"@id\":\"https:\/\/vosgesinfo.fr\/gerardmerinfo\/#\/schema\/person\/27a3695b06db98895b354c0765cdfc31\",\"name\":\"La redaction\",\"image\":{\"@type\":\"ImageObject\",\"inLanguage\":\"fr-FR\",\"@id\":\"https:\/\/vosgesinfo.fr\/gerardmerinfo\/#\/schema\/person\/image\/\",\"url\":\"https:\/\/secure.gravatar.com\/avatar\/64c76a78e501cedee55736f43f332df901e1896ae9cd8fad269ae2236dd0e8b6?s=96&d=mm&r=g\",\"contentUrl\":\"https:\/\/secure.gravatar.com\/avatar\/64c76a78e501cedee55736f43f332df901e1896ae9cd8fad269ae2236dd0e8b6?s=96&d=mm&r=g\",\"caption\":\"La redaction\"},\"url\":\"https:\/\/vosgesinfo.fr\/gerardmerinfo\/author\/la-redaction\/\"}]}<\/script>\n<!-- \/ Yoast SEO plugin. -->","yoast_head_json":{"title":"Rencontre-d\u00e9dicaces avec Fiona Mille - R\u00e9inventons la Montagne - Gerardmer Info","robots":{"index":"index","follow":"follow","max-snippet":"max-snippet:-1","max-image-preview":"max-image-preview:large","max-video-preview":"max-video-preview:-1"},"canonical":"https:\/\/vosgesinfo.fr\/gerardmerinfo\/2025\/10\/rencontre-dedicaces-avec-fiona-mille-reinventons-la-montagne\/","twitter_card":"summary_large_image","twitter_title":"Rencontre-d\u00e9dicaces avec Fiona Mille - R\u00e9inventons la Montagne - Gerardmer Info","twitter_description":"La neige se fait rare sur nos montagnes et pourtant nous n&rsquo;arrivons pas \u00e0 nous d\u00e9tourner de cet or blanc. [&hellip;]","twitter_image":"https:\/\/vosgesinfo.fr\/app\/uploads\/sites\/6\/2025\/10\/fiona-mille-conference-gerardmer.jpg","twitter_creator":"@VosgesInfo88","twitter_site":"@VosgesInfo88","twitter_misc":{"\u00c9crit par":"La redaction","Dur\u00e9e de lecture estim\u00e9e":"2 minutes"},"schema":{"@context":"https:\/\/schema.org","@graph":[{"@type":"Article","@id":"https:\/\/vosgesinfo.fr\/gerardmerinfo\/2025\/10\/rencontre-dedicaces-avec-fiona-mille-reinventons-la-montagne\/#article","isPartOf":{"@id":"https:\/\/vosgesinfo.fr\/gerardmerinfo\/2025\/10\/rencontre-dedicaces-avec-fiona-mille-reinventons-la-montagne\/"},"author":{"name":"La redaction","@id":"https:\/\/vosgesinfo.fr\/gerardmerinfo\/#\/schema\/person\/27a3695b06db98895b354c0765cdfc31"},"headline":"Rencontre-d\u00e9dicaces avec Fiona Mille &#8211; R\u00e9inventons la Montagne","datePublished":"2025-10-20T08:09:50+00:00","dateModified":"2025-10-20T08:13:14+00:00","mainEntityOfPage":{"@id":"https:\/\/vosgesinfo.fr\/gerardmerinfo\/2025\/10\/rencontre-dedicaces-avec-fiona-mille-reinventons-la-montagne\/"},"wordCount":257,"commentCount":0,"publisher":{"@id":"https:\/\/vosgesinfo.fr\/gerardmerinfo\/#organization"},"image":{"@id":"https:\/\/vosgesinfo.fr\/gerardmerinfo\/2025\/10\/rencontre-dedicaces-avec-fiona-mille-reinventons-la-montagne\/#primaryimage"},"thumbnailUrl":"https:\/\/vosgesinfo.fr\/app\/uploads\/sites\/6\/2025\/10\/fiona-mille-conference-gerardmer.jpg","keywords":["Fiona Mille","m\u00e9diath\u00e8que du tilleul"],"articleSection":["A la une","Gerardmer","Remiremont"],"inLanguage":"fr-FR","potentialAction":[{"@type":"CommentAction","name":"Comment","target":["https:\/\/vosgesinfo.fr\/gerardmerinfo\/2025\/10\/rencontre-dedicaces-avec-fiona-mille-reinventons-la-montagne\/#respond"]}]},{"@type":"WebPage","@id":"https:\/\/vosgesinfo.fr\/gerardmerinfo\/2025\/10\/rencontre-dedicaces-avec-fiona-mille-reinventons-la-montagne\/","url":"https:\/\/vosgesinfo.fr\/gerardmerinfo\/2025\/10\/rencontre-dedicaces-avec-fiona-mille-reinventons-la-montagne\/","name":"Rencontre-d\u00e9dicaces avec Fiona Mille - R\u00e9inventons la Montagne - Gerardmer Info","isPartOf":{"@id":"https:\/\/vosgesinfo.fr\/gerardmerinfo\/#website"},"primaryImageOfPage":{"@id":"https:\/\/vosgesinfo.fr\/gerardmerinfo\/2025\/10\/rencontre-dedicaces-avec-fiona-mille-reinventons-la-montagne\/#primaryimage"},"image":{"@id":"https:\/\/vosgesinfo.fr\/gerardmerinfo\/2025\/10\/rencontre-dedicaces-avec-fiona-mille-reinventons-la-montagne\/#primaryimage"},"thumbnailUrl":"https:\/\/vosgesinfo.fr\/app\/uploads\/sites\/6\/2025\/10\/fiona-mille-conference-gerardmer.jpg","datePublished":"2025-10-20T08:09:50+00:00","dateModified":"2025-10-20T08:13:14+00:00","breadcrumb":{"@id":"https:\/\/vosgesinfo.fr\/gerardmerinfo\/2025\/10\/rencontre-dedicaces-avec-fiona-mille-reinventons-la-montagne\/#breadcrumb"},"inLanguage":"fr-FR","potentialAction":[{"@type":"ReadAction","target":["https:\/\/vosgesinfo.fr\/gerardmerinfo\/2025\/10\/rencontre-dedicaces-avec-fiona-mille-reinventons-la-montagne\/"]}]},{"@type":"ImageObject","inLanguage":"fr-FR","@id":"https:\/\/vosgesinfo.fr\/gerardmerinfo\/2025\/10\/rencontre-dedicaces-avec-fiona-mille-reinventons-la-montagne\/#primaryimage","url":"https:\/\/vosgesinfo.fr\/app\/uploads\/sites\/6\/2025\/10\/fiona-mille-conference-gerardmer.jpg","contentUrl":"https:\/\/vosgesinfo.fr\/app\/uploads\/sites\/6\/2025\/10\/fiona-mille-conference-gerardmer.jpg","width":656,"height":551},{"@type":"BreadcrumbList","@id":"https:\/\/vosgesinfo.fr\/gerardmerinfo\/2025\/10\/rencontre-dedicaces-avec-fiona-mille-reinventons-la-montagne\/#breadcrumb","itemListElement":[{"@type":"ListItem","position":1,"name":"Home","item":"https:\/\/vosgesinfo.fr\/gerardmerinfo\/"},{"@type":"ListItem","position":2,"name":"Rencontre-d\u00e9dicaces avec Fiona Mille &#8211; R\u00e9inventons la Montagne"}]},{"@type":"WebSite","@id":"https:\/\/vosgesinfo.fr\/gerardmerinfo\/#website","url":"https:\/\/vosgesinfo.fr\/gerardmerinfo\/","name":"Gerardmer Info","description":"Toute l&#039;actualit\u00e9 de G\u00e9rardmer","publisher":{"@id":"https:\/\/vosgesinfo.fr\/gerardmerinfo\/#organization"},"alternateName":"Toute l'actualit\u00e9 de G\u00e9rardmer","potentialAction":[{"@type":"SearchAction","target":{"@type":"EntryPoint","urlTemplate":"https:\/\/vosgesinfo.fr\/gerardmerinfo\/?s={search_term_string}"},"query-input":"required name=search_term_string"}],"inLanguage":"fr-FR"},{"@type":"Organization","@id":"https:\/\/vosgesinfo.fr\/gerardmerinfo\/#organization","name":"Gerardmer Info","url":"https:\/\/vosgesinfo.fr\/gerardmerinfo\/","logo":{"@type":"ImageObject","inLanguage":"fr-FR","@id":"https:\/\/vosgesinfo.fr\/gerardmerinfo\/#\/schema\/logo\/image\/","url":"https:\/\/vosgesinfo.fr\/app\/uploads\/sites\/6\/2023\/08\/favicon-gerardmerinfo.png","contentUrl":"https:\/\/vosgesinfo.fr\/app\/uploads\/sites\/6\/2023\/08\/favicon-gerardmerinfo.png","width":512,"height":512,"caption":"Gerardmer Info"},"image":{"@id":"https:\/\/vosgesinfo.fr\/gerardmerinfo\/#\/schema\/logo\/image\/"},"sameAs":["https:\/\/www.facebook.com\/profile.php?id=100049475262660","https:\/\/x.com\/VosgesInfo88","https:\/\/www.youtube.com\/@vosgesinfo"]},{"@type":"Person","@id":"https:\/\/vosgesinfo.fr\/gerardmerinfo\/#\/schema\/person\/27a3695b06db98895b354c0765cdfc31","name":"La redaction","image":{"@type":"ImageObject","inLanguage":"fr-FR","@id":"https:\/\/vosgesinfo.fr\/gerardmerinfo\/#\/schema\/person\/image\/","url":"https:\/\/secure.gravatar.com\/avatar\/64c76a78e501cedee55736f43f332df901e1896ae9cd8fad269ae2236dd0e8b6?s=96&d=mm&r=g","contentUrl":"https:\/\/secure.gravatar.com\/avatar\/64c76a78e501cedee55736f43f332df901e1896ae9cd8fad269ae2236dd0e8b6?s=96&d=mm&r=g","caption":"La redaction"},"url":"https:\/\/vosgesinfo.fr\/gerardmerinfo\/author\/la-redaction\/"}]}},"_links":{"self":[{"href":"https:\/\/vosgesinfo.fr\/gerardmerinfo\/wp-json\/wp\/v2\/posts\/83816","targetHints":{"allow":["GET"]}}],"collection":[{"href":"https:\/\/vosgesinfo.fr\/gerardmerinfo\/wp-json\/wp\/v2\/posts"}],"about":[{"href":"https:\/\/vosgesinfo.fr\/gerardmerinfo\/wp-json\/wp\/v2\/types\/post"}],"author":[{"embeddable":true,"href":"https:\/\/vosgesinfo.fr\/gerardmerinfo\/wp-json\/wp\/v2\/users\/391"}],"replies":[{"embeddable":true,"href":"https:\/\/vosgesinfo.fr\/gerardmerinfo\/wp-json\/wp\/v2\/comments?post=83816"}],"version-history":[{"count":4,"href":"https:\/\/vosgesinfo.fr\/gerardmerinfo\/wp-json\/wp\/v2\/posts\/83816\/revisions"}],"predecessor-version":[{"id":83822,"href":"https:\/\/vosgesinfo.fr\/gerardmerinfo\/wp-json\/wp\/v2\/posts\/83816\/revisions\/83822"}],"wp:featuredmedia":[{"embeddable":true,"href":"https:\/\/vosgesinfo.fr\/gerardmerinfo\/wp-json\/wp\/v2\/media\/83818"}],"wp:attachment":[{"href":"https:\/\/vosgesinfo.fr\/gerardmerinfo\/wp-json\/wp\/v2\/media?parent=83816"}],"wp:term":[{"taxonomy":"category","embeddable":true,"href":"https:\/\/vosgesinfo.fr\/gerardmerinfo\/wp-json\/wp\/v2\/categories?post=83816"},{"taxonomy":"post_tag","embeddable":true,"href":"https:\/\/vosgesinfo.fr\/gerardmerinfo\/wp-json\/wp\/v2\/tags?post=83816"}],"curies":[{"name":"wp","href":"https:\/\/api.w.org\/{rel}","templated":true}]}}