{"id":83834,"date":"2025-10-22T05:57:09","date_gmt":"2025-10-22T03:57:09","guid":{"rendered":"https:\/\/vosgesinfo.fr\/gerardmerinfo\/?p=83834"},"modified":"2025-10-21T19:12:37","modified_gmt":"2025-10-21T17:12:37","slug":"quand-graines-des-toiles-fait-rimer-cinema-avec-legumes","status":"publish","type":"post","link":"https:\/\/vosgesinfo.fr\/gerardmerinfo\/2025\/10\/quand-graines-des-toiles-fait-rimer-cinema-avec-legumes\/","title":{"rendered":"Quand Graines des Toiles\u00a0fait rimer cin\u00e9ma avec l\u00e9gumes"},"content":{"rendered":"<p><strong><a href=\"https:\/\/vosgesinfo.fr\/app\/uploads\/sites\/6\/2025\/10\/chasse-aux-legumes-mcl-3.jpeg\"><img decoding=\"async\" class=\"aligncenter size-large wp-image-83839\" src=\"https:\/\/vosgesinfo.fr\/app\/uploads\/sites\/6\/2025\/10\/chasse-aux-legumes-mcl-3-1024x764.jpeg\" alt=\"\" width=\"1024\" height=\"764\" srcset=\"https:\/\/vosgesinfo.fr\/app\/uploads\/sites\/6\/2025\/10\/chasse-aux-legumes-mcl-3-1024x764.jpeg 1024w, https:\/\/vosgesinfo.fr\/app\/uploads\/sites\/6\/2025\/10\/chasse-aux-legumes-mcl-3-300x224.jpeg 300w, https:\/\/vosgesinfo.fr\/app\/uploads\/sites\/6\/2025\/10\/chasse-aux-legumes-mcl-3-768x573.jpeg 768w, https:\/\/vosgesinfo.fr\/app\/uploads\/sites\/6\/2025\/10\/chasse-aux-legumes-mcl-3.jpeg 1448w\" sizes=\"(max-width: 1024px) 100vw, 1024px\" \/><\/a><\/strong><\/p>\n<p>&nbsp;<\/p>\n<p><strong>Graines des Toiles aime allier cin\u00e9ma et jeux et proposait, ce dimanche 19 octobre \u00e0 la MCL, une animation originale apr\u00e8s la projection des 3 courts m\u00e9trages de \u00ab\u00a0Shaun le mouton : la ferme en folie\u00a0\u00bb.<\/strong><\/p>\n<p>Le producteur du film Shaun le mouton a imagin\u00e9 une r\u00e9colte de l\u00e9gumes dans la salle de cin\u00e9ma, quelle bonne id\u00e9e\u00a0! La MCL a aussit\u00f4t contact\u00e9 ses partenaires la ferme des Pr\u00e9s en Bulles et le GAEC les Champs des C\u00f4teaux de Sapois qui ont gracieusement offert les l\u00e9gumes. Et voil\u00e0 nos 12 jardiniers en herbe partis pour une r\u00e9colte de l\u00e9gumes fa\u00e7on chasse au tr\u00e9sor \u00e0 l\u2019issue de la s\u00e9ance. Lors du dernier film \u00ab\u00a0Les lamas du fermier\u00a0\u00bb tous les l\u00e9gumes du potager ont disparu\u2026 Les enfants allaient aider Shaun \u00e0 les retrouver avant le r\u00e9veil du fermier et de son chien. Des papiers repr\u00e9sentant des l\u00e9gumes mais aussi des leurres, \u00e9taient dissimul\u00e9s dans la salle de cin\u00e9ma, un gros lot s\u2019y trouvait \u00e9galement. Chaque enfant re\u00e7u un sac de l\u00e9gumes bien r\u00e9els \u00e0 la sortie et c\u2019est Caroline qui remporta le panier contenant tous les l\u00e9gumes de saison r\u00e9unis. Impr\u00e9gn\u00e9 de l\u2019histoire, le jeune public \u00e9tait heureux d\u2019en \u00e9crire la suite et au moment du vote, ils ont \u00e9t\u00e9 unanimes pour pl\u00e9bisciter le film et son animation.<\/p>\n<p>Retrouvez le programme du Festival sur <a href=\"http:\/\/www.grainesdestoiles.com\">www.grainesdestoiles.com<\/a><\/p>\n\n\t\t<style type=\"text\/css\">\n\t\t\t#gallery-1 {\n\t\t\t\tmargin: auto;\n\t\t\t}\n\t\t\t#gallery-1 .gallery-item {\n\t\t\t\tfloat: left;\n\t\t\t\tmargin-top: 10px;\n\t\t\t\ttext-align: center;\n\t\t\t\twidth: 50%;\n\t\t\t}\n\t\t\t#gallery-1 img {\n\t\t\t\tborder: 2px solid #cfcfcf;\n\t\t\t}\n\t\t\t#gallery-1 .gallery-caption {\n\t\t\t\tmargin-left: 0;\n\t\t\t}\n\t\t\t\/* see gallery_shortcode() in wp-includes\/media.php *\/\n\t\t<\/style>\n\t\t<div id='gallery-1' class='gallery galleryid-83834 gallery-columns-2 gallery-size-medium'><dl class='gallery-item'>\n\t\t\t<dt class='gallery-icon landscape'>\n\t\t\t\t<a href='https:\/\/vosgesinfo.fr\/app\/uploads\/sites\/6\/2025\/10\/chasse-aux-legumes-mcl-1.jpeg'><img decoding=\"async\" width=\"300\" height=\"224\" src=\"https:\/\/vosgesinfo.fr\/app\/uploads\/sites\/6\/2025\/10\/chasse-aux-legumes-mcl-1-300x224.jpeg\" class=\"attachment-medium size-medium\" alt=\"\" srcset=\"https:\/\/vosgesinfo.fr\/app\/uploads\/sites\/6\/2025\/10\/chasse-aux-legumes-mcl-1-300x224.jpeg 300w, https:\/\/vosgesinfo.fr\/app\/uploads\/sites\/6\/2025\/10\/chasse-aux-legumes-mcl-1-1024x764.jpeg 1024w, https:\/\/vosgesinfo.fr\/app\/uploads\/sites\/6\/2025\/10\/chasse-aux-legumes-mcl-1-768x573.jpeg 768w, https:\/\/vosgesinfo.fr\/app\/uploads\/sites\/6\/2025\/10\/chasse-aux-legumes-mcl-1.jpeg 1448w\" sizes=\"(max-width: 300px) 100vw, 300px\" \/><\/a>\n\t\t\t<\/dt><\/dl><dl class='gallery-item'>\n\t\t\t<dt class='gallery-icon landscape'>\n\t\t\t\t<a href='https:\/\/vosgesinfo.fr\/app\/uploads\/sites\/6\/2025\/10\/chasse-aux-legumes-mcl-4.jpeg'><img decoding=\"async\" width=\"300\" height=\"224\" src=\"https:\/\/vosgesinfo.fr\/app\/uploads\/sites\/6\/2025\/10\/chasse-aux-legumes-mcl-4-300x224.jpeg\" class=\"attachment-medium size-medium\" alt=\"\" srcset=\"https:\/\/vosgesinfo.fr\/app\/uploads\/sites\/6\/2025\/10\/chasse-aux-legumes-mcl-4-300x224.jpeg 300w, https:\/\/vosgesinfo.fr\/app\/uploads\/sites\/6\/2025\/10\/chasse-aux-legumes-mcl-4-1024x764.jpeg 1024w, https:\/\/vosgesinfo.fr\/app\/uploads\/sites\/6\/2025\/10\/chasse-aux-legumes-mcl-4-768x573.jpeg 768w, https:\/\/vosgesinfo.fr\/app\/uploads\/sites\/6\/2025\/10\/chasse-aux-legumes-mcl-4.jpeg 1448w\" sizes=\"(max-width: 300px) 100vw, 300px\" \/><\/a>\n\t\t\t<\/dt><\/dl><br style=\"clear: both\" \/><dl class='gallery-item'>\n\t\t\t<dt class='gallery-icon landscape'>\n\t\t\t\t<a href='https:\/\/vosgesinfo.fr\/app\/uploads\/sites\/6\/2025\/10\/chasse-aux-legumes-mcl-5.jpeg'><img decoding=\"async\" width=\"300\" height=\"224\" src=\"https:\/\/vosgesinfo.fr\/app\/uploads\/sites\/6\/2025\/10\/chasse-aux-legumes-mcl-5-300x224.jpeg\" class=\"attachment-medium size-medium\" alt=\"\" aria-describedby=\"gallery-1-83842\" srcset=\"https:\/\/vosgesinfo.fr\/app\/uploads\/sites\/6\/2025\/10\/chasse-aux-legumes-mcl-5-300x224.jpeg 300w, https:\/\/vosgesinfo.fr\/app\/uploads\/sites\/6\/2025\/10\/chasse-aux-legumes-mcl-5-1024x764.jpeg 1024w, https:\/\/vosgesinfo.fr\/app\/uploads\/sites\/6\/2025\/10\/chasse-aux-legumes-mcl-5-768x573.jpeg 768w, https:\/\/vosgesinfo.fr\/app\/uploads\/sites\/6\/2025\/10\/chasse-aux-legumes-mcl-5.jpeg 1448w\" sizes=\"(max-width: 300px) 100vw, 300px\" \/><\/a>\n\t\t\t<\/dt>\n\t\t\t\t<dd class='wp-caption-text gallery-caption' id='gallery-1-83842'>\n\t\t\t\tCaroline gagnante du gros lot\n\t\t\t\t<\/dd><\/dl><dl class='gallery-item'>\n\t\t\t<dt class='gallery-icon landscape'>\n\t\t\t\t<a href='https:\/\/vosgesinfo.fr\/app\/uploads\/sites\/6\/2025\/10\/chasse-aux-legumes-mcl-6.jpeg'><img decoding=\"async\" width=\"300\" height=\"224\" src=\"https:\/\/vosgesinfo.fr\/app\/uploads\/sites\/6\/2025\/10\/chasse-aux-legumes-mcl-6-300x224.jpeg\" class=\"attachment-medium size-medium\" alt=\"\" aria-describedby=\"gallery-1-83843\" srcset=\"https:\/\/vosgesinfo.fr\/app\/uploads\/sites\/6\/2025\/10\/chasse-aux-legumes-mcl-6-300x224.jpeg 300w, https:\/\/vosgesinfo.fr\/app\/uploads\/sites\/6\/2025\/10\/chasse-aux-legumes-mcl-6-1024x764.jpeg 1024w, https:\/\/vosgesinfo.fr\/app\/uploads\/sites\/6\/2025\/10\/chasse-aux-legumes-mcl-6-768x573.jpeg 768w, https:\/\/vosgesinfo.fr\/app\/uploads\/sites\/6\/2025\/10\/chasse-aux-legumes-mcl-6.jpeg 1448w\" sizes=\"(max-width: 300px) 100vw, 300px\" \/><\/a>\n\t\t\t<\/dt>\n\t\t\t\t<dd class='wp-caption-text gallery-caption' id='gallery-1-83843'>\n\t\t\t\tle moment du vote\n\t\t\t\t<\/dd><\/dl><br style=\"clear: both\" \/>\n\t\t<\/div>\n\n","protected":false},"excerpt":{"rendered":"<p>&nbsp; Graines des Toiles aime allier cin\u00e9ma et jeux et proposait, ce dimanche 19 octobre \u00e0 la MCL, une animation [&hellip;]<\/p>\n","protected":false},"author":258,"featured_media":83839,"comment_status":"open","ping_status":"open","sticky":false,"template":"","format":"standard","meta":{"footnotes":""},"categories":[20,5764,6178,5647,5934],"tags":[537,236],"class_list":["post-83834","post","type-post","status-publish","format-standard","has-post-thumbnail","hentry","category-a-la-une","category-divertissement","category-enfants","category-gerardmer-autres-sites","category-sapois","tag-festival-graines-des-toiles","tag-mcl"],"acf":[],"yoast_head":"<!-- This site is optimized with the Yoast SEO plugin v22.5 - https:\/\/yoast.com\/wordpress\/plugins\/seo\/ -->\n<title>Quand Graines des Toiles\u00a0fait rimer cin\u00e9ma avec l\u00e9gumes - Gerardmer Info<\/title>\n<meta name=\"robots\" content=\"index, follow, max-snippet:-1, max-image-preview:large, max-video-preview:-1\" \/>\n<link rel=\"canonical\" href=\"https:\/\/vosgesinfo.fr\/gerardmerinfo\/2025\/10\/quand-graines-des-toiles-fait-rimer-cinema-avec-legumes\/\" \/>\n<meta name=\"twitter:card\" content=\"summary_large_image\" \/>\n<meta name=\"twitter:title\" content=\"Quand Graines des Toiles\u00a0fait rimer cin\u00e9ma avec l\u00e9gumes - Gerardmer Info\" \/>\n<meta name=\"twitter:description\" content=\"&nbsp; Graines des Toiles aime allier cin\u00e9ma et jeux et proposait, ce dimanche 19 octobre \u00e0 la MCL, une animation [&hellip;]\" \/>\n<meta name=\"twitter:image\" content=\"https:\/\/vosgesinfo.fr\/app\/uploads\/sites\/6\/2025\/10\/chasse-aux-legumes-mcl-3.jpeg\" \/>\n<meta name=\"twitter:creator\" content=\"@VosgesInfo88\" \/>\n<meta name=\"twitter:site\" content=\"@VosgesInfo88\" \/>\n<meta name=\"twitter:label1\" content=\"\u00c9crit par\" \/>\n\t<meta name=\"twitter:data1\" content=\"I.N\" \/>\n\t<meta name=\"twitter:label2\" content=\"Dur\u00e9e de lecture estim\u00e9e\" \/>\n\t<meta name=\"twitter:data2\" content=\"2 minutes\" \/>\n<script type=\"application\/ld+json\" class=\"yoast-schema-graph\">{\"@context\":\"https:\/\/schema.org\",\"@graph\":[{\"@type\":\"Article\",\"@id\":\"https:\/\/vosgesinfo.fr\/gerardmerinfo\/2025\/10\/quand-graines-des-toiles-fait-rimer-cinema-avec-legumes\/#article\",\"isPartOf\":{\"@id\":\"https:\/\/vosgesinfo.fr\/gerardmerinfo\/2025\/10\/quand-graines-des-toiles-fait-rimer-cinema-avec-legumes\/\"},\"author\":{\"name\":\"I.N\",\"@id\":\"https:\/\/vosgesinfo.fr\/gerardmerinfo\/#\/schema\/person\/bb210d3430e59ff5cd247deaccb63615\"},\"headline\":\"Quand Graines des Toiles\u00a0fait rimer cin\u00e9ma avec l\u00e9gumes\",\"datePublished\":\"2025-10-22T03:57:09+00:00\",\"dateModified\":\"2025-10-21T17:12:37+00:00\",\"mainEntityOfPage\":{\"@id\":\"https:\/\/vosgesinfo.fr\/gerardmerinfo\/2025\/10\/quand-graines-des-toiles-fait-rimer-cinema-avec-legumes\/\"},\"wordCount\":269,\"commentCount\":0,\"publisher\":{\"@id\":\"https:\/\/vosgesinfo.fr\/gerardmerinfo\/#organization\"},\"image\":{\"@id\":\"https:\/\/vosgesinfo.fr\/gerardmerinfo\/2025\/10\/quand-graines-des-toiles-fait-rimer-cinema-avec-legumes\/#primaryimage\"},\"thumbnailUrl\":\"https:\/\/vosgesinfo.fr\/app\/uploads\/sites\/6\/2025\/10\/chasse-aux-legumes-mcl-3.jpeg\",\"keywords\":[\"festival graines des toiles\",\"MCL\"],\"articleSection\":[\"A la une\",\"Divertissement\",\"Enfants\",\"Gerardmer\",\"Sapois\"],\"inLanguage\":\"fr-FR\",\"potentialAction\":[{\"@type\":\"CommentAction\",\"name\":\"Comment\",\"target\":[\"https:\/\/vosgesinfo.fr\/gerardmerinfo\/2025\/10\/quand-graines-des-toiles-fait-rimer-cinema-avec-legumes\/#respond\"]}]},{\"@type\":\"WebPage\",\"@id\":\"https:\/\/vosgesinfo.fr\/gerardmerinfo\/2025\/10\/quand-graines-des-toiles-fait-rimer-cinema-avec-legumes\/\",\"url\":\"https:\/\/vosgesinfo.fr\/gerardmerinfo\/2025\/10\/quand-graines-des-toiles-fait-rimer-cinema-avec-legumes\/\",\"name\":\"Quand Graines des Toiles\u00a0fait rimer cin\u00e9ma avec l\u00e9gumes - Gerardmer Info\",\"isPartOf\":{\"@id\":\"https:\/\/vosgesinfo.fr\/gerardmerinfo\/#website\"},\"primaryImageOfPage\":{\"@id\":\"https:\/\/vosgesinfo.fr\/gerardmerinfo\/2025\/10\/quand-graines-des-toiles-fait-rimer-cinema-avec-legumes\/#primaryimage\"},\"image\":{\"@id\":\"https:\/\/vosgesinfo.fr\/gerardmerinfo\/2025\/10\/quand-graines-des-toiles-fait-rimer-cinema-avec-legumes\/#primaryimage\"},\"thumbnailUrl\":\"https:\/\/vosgesinfo.fr\/app\/uploads\/sites\/6\/2025\/10\/chasse-aux-legumes-mcl-3.jpeg\",\"datePublished\":\"2025-10-22T03:57:09+00:00\",\"dateModified\":\"2025-10-21T17:12:37+00:00\",\"breadcrumb\":{\"@id\":\"https:\/\/vosgesinfo.fr\/gerardmerinfo\/2025\/10\/quand-graines-des-toiles-fait-rimer-cinema-avec-legumes\/#breadcrumb\"},\"inLanguage\":\"fr-FR\",\"potentialAction\":[{\"@type\":\"ReadAction\",\"target\":[\"https:\/\/vosgesinfo.fr\/gerardmerinfo\/2025\/10\/quand-graines-des-toiles-fait-rimer-cinema-avec-legumes\/\"]}]},{\"@type\":\"ImageObject\",\"inLanguage\":\"fr-FR\",\"@id\":\"https:\/\/vosgesinfo.fr\/gerardmerinfo\/2025\/10\/quand-graines-des-toiles-fait-rimer-cinema-avec-legumes\/#primaryimage\",\"url\":\"https:\/\/vosgesinfo.fr\/app\/uploads\/sites\/6\/2025\/10\/chasse-aux-legumes-mcl-3.jpeg\",\"contentUrl\":\"https:\/\/vosgesinfo.fr\/app\/uploads\/sites\/6\/2025\/10\/chasse-aux-legumes-mcl-3.jpeg\",\"width\":1448,\"height\":1080},{\"@type\":\"BreadcrumbList\",\"@id\":\"https:\/\/vosgesinfo.fr\/gerardmerinfo\/2025\/10\/quand-graines-des-toiles-fait-rimer-cinema-avec-legumes\/#breadcrumb\",\"itemListElement\":[{\"@type\":\"ListItem\",\"position\":1,\"name\":\"Home\",\"item\":\"https:\/\/vosgesinfo.fr\/gerardmerinfo\/\"},{\"@type\":\"ListItem\",\"position\":2,\"name\":\"Quand Graines des Toiles\u00a0fait rimer cin\u00e9ma avec l\u00e9gumes\"}]},{\"@type\":\"WebSite\",\"@id\":\"https:\/\/vosgesinfo.fr\/gerardmerinfo\/#website\",\"url\":\"https:\/\/vosgesinfo.fr\/gerardmerinfo\/\",\"name\":\"Gerardmer Info\",\"description\":\"Toute l&#039;actualit\u00e9 de G\u00e9rardmer\",\"publisher\":{\"@id\":\"https:\/\/vosgesinfo.fr\/gerardmerinfo\/#organization\"},\"alternateName\":\"Toute l'actualit\u00e9 de G\u00e9rardmer\",\"potentialAction\":[{\"@type\":\"SearchAction\",\"target\":{\"@type\":\"EntryPoint\",\"urlTemplate\":\"https:\/\/vosgesinfo.fr\/gerardmerinfo\/?s={search_term_string}\"},\"query-input\":\"required name=search_term_string\"}],\"inLanguage\":\"fr-FR\"},{\"@type\":\"Organization\",\"@id\":\"https:\/\/vosgesinfo.fr\/gerardmerinfo\/#organization\",\"name\":\"Gerardmer Info\",\"url\":\"https:\/\/vosgesinfo.fr\/gerardmerinfo\/\",\"logo\":{\"@type\":\"ImageObject\",\"inLanguage\":\"fr-FR\",\"@id\":\"https:\/\/vosgesinfo.fr\/gerardmerinfo\/#\/schema\/logo\/image\/\",\"url\":\"https:\/\/vosgesinfo.fr\/app\/uploads\/sites\/6\/2023\/08\/favicon-gerardmerinfo.png\",\"contentUrl\":\"https:\/\/vosgesinfo.fr\/app\/uploads\/sites\/6\/2023\/08\/favicon-gerardmerinfo.png\",\"width\":512,\"height\":512,\"caption\":\"Gerardmer Info\"},\"image\":{\"@id\":\"https:\/\/vosgesinfo.fr\/gerardmerinfo\/#\/schema\/logo\/image\/\"},\"sameAs\":[\"https:\/\/www.facebook.com\/profile.php?id=100049475262660\",\"https:\/\/x.com\/VosgesInfo88\",\"https:\/\/www.youtube.com\/@vosgesinfo\"]},{\"@type\":\"Person\",\"@id\":\"https:\/\/vosgesinfo.fr\/gerardmerinfo\/#\/schema\/person\/bb210d3430e59ff5cd247deaccb63615\",\"name\":\"I.N\",\"image\":{\"@type\":\"ImageObject\",\"inLanguage\":\"fr-FR\",\"@id\":\"https:\/\/vosgesinfo.fr\/gerardmerinfo\/#\/schema\/person\/image\/\",\"url\":\"https:\/\/secure.gravatar.com\/avatar\/612d5c20a39b1c8bc5675cc8e3d99e120730e7d080423fdafec485619845af71?s=96&d=mm&r=g\",\"contentUrl\":\"https:\/\/secure.gravatar.com\/avatar\/612d5c20a39b1c8bc5675cc8e3d99e120730e7d080423fdafec485619845af71?s=96&d=mm&r=g\",\"caption\":\"I.N\"},\"url\":\"https:\/\/vosgesinfo.fr\/gerardmerinfo\/author\/i-ngerardmer\/\"}]}<\/script>\n<!-- \/ Yoast SEO plugin. -->","yoast_head_json":{"title":"Quand Graines des Toiles\u00a0fait rimer cin\u00e9ma avec l\u00e9gumes - Gerardmer Info","robots":{"index":"index","follow":"follow","max-snippet":"max-snippet:-1","max-image-preview":"max-image-preview:large","max-video-preview":"max-video-preview:-1"},"canonical":"https:\/\/vosgesinfo.fr\/gerardmerinfo\/2025\/10\/quand-graines-des-toiles-fait-rimer-cinema-avec-legumes\/","twitter_card":"summary_large_image","twitter_title":"Quand Graines des Toiles\u00a0fait rimer cin\u00e9ma avec l\u00e9gumes - Gerardmer Info","twitter_description":"&nbsp; Graines des Toiles aime allier cin\u00e9ma et jeux et proposait, ce dimanche 19 octobre \u00e0 la MCL, une animation [&hellip;]","twitter_image":"https:\/\/vosgesinfo.fr\/app\/uploads\/sites\/6\/2025\/10\/chasse-aux-legumes-mcl-3.jpeg","twitter_creator":"@VosgesInfo88","twitter_site":"@VosgesInfo88","twitter_misc":{"\u00c9crit par":"I.N","Dur\u00e9e de lecture estim\u00e9e":"2 minutes"},"schema":{"@context":"https:\/\/schema.org","@graph":[{"@type":"Article","@id":"https:\/\/vosgesinfo.fr\/gerardmerinfo\/2025\/10\/quand-graines-des-toiles-fait-rimer-cinema-avec-legumes\/#article","isPartOf":{"@id":"https:\/\/vosgesinfo.fr\/gerardmerinfo\/2025\/10\/quand-graines-des-toiles-fait-rimer-cinema-avec-legumes\/"},"author":{"name":"I.N","@id":"https:\/\/vosgesinfo.fr\/gerardmerinfo\/#\/schema\/person\/bb210d3430e59ff5cd247deaccb63615"},"headline":"Quand Graines des Toiles\u00a0fait rimer cin\u00e9ma avec l\u00e9gumes","datePublished":"2025-10-22T03:57:09+00:00","dateModified":"2025-10-21T17:12:37+00:00","mainEntityOfPage":{"@id":"https:\/\/vosgesinfo.fr\/gerardmerinfo\/2025\/10\/quand-graines-des-toiles-fait-rimer-cinema-avec-legumes\/"},"wordCount":269,"commentCount":0,"publisher":{"@id":"https:\/\/vosgesinfo.fr\/gerardmerinfo\/#organization"},"image":{"@id":"https:\/\/vosgesinfo.fr\/gerardmerinfo\/2025\/10\/quand-graines-des-toiles-fait-rimer-cinema-avec-legumes\/#primaryimage"},"thumbnailUrl":"https:\/\/vosgesinfo.fr\/app\/uploads\/sites\/6\/2025\/10\/chasse-aux-legumes-mcl-3.jpeg","keywords":["festival graines des toiles","MCL"],"articleSection":["A la une","Divertissement","Enfants","Gerardmer","Sapois"],"inLanguage":"fr-FR","potentialAction":[{"@type":"CommentAction","name":"Comment","target":["https:\/\/vosgesinfo.fr\/gerardmerinfo\/2025\/10\/quand-graines-des-toiles-fait-rimer-cinema-avec-legumes\/#respond"]}]},{"@type":"WebPage","@id":"https:\/\/vosgesinfo.fr\/gerardmerinfo\/2025\/10\/quand-graines-des-toiles-fait-rimer-cinema-avec-legumes\/","url":"https:\/\/vosgesinfo.fr\/gerardmerinfo\/2025\/10\/quand-graines-des-toiles-fait-rimer-cinema-avec-legumes\/","name":"Quand Graines des Toiles\u00a0fait rimer cin\u00e9ma avec l\u00e9gumes - Gerardmer Info","isPartOf":{"@id":"https:\/\/vosgesinfo.fr\/gerardmerinfo\/#website"},"primaryImageOfPage":{"@id":"https:\/\/vosgesinfo.fr\/gerardmerinfo\/2025\/10\/quand-graines-des-toiles-fait-rimer-cinema-avec-legumes\/#primaryimage"},"image":{"@id":"https:\/\/vosgesinfo.fr\/gerardmerinfo\/2025\/10\/quand-graines-des-toiles-fait-rimer-cinema-avec-legumes\/#primaryimage"},"thumbnailUrl":"https:\/\/vosgesinfo.fr\/app\/uploads\/sites\/6\/2025\/10\/chasse-aux-legumes-mcl-3.jpeg","datePublished":"2025-10-22T03:57:09+00:00","dateModified":"2025-10-21T17:12:37+00:00","breadcrumb":{"@id":"https:\/\/vosgesinfo.fr\/gerardmerinfo\/2025\/10\/quand-graines-des-toiles-fait-rimer-cinema-avec-legumes\/#breadcrumb"},"inLanguage":"fr-FR","potentialAction":[{"@type":"ReadAction","target":["https:\/\/vosgesinfo.fr\/gerardmerinfo\/2025\/10\/quand-graines-des-toiles-fait-rimer-cinema-avec-legumes\/"]}]},{"@type":"ImageObject","inLanguage":"fr-FR","@id":"https:\/\/vosgesinfo.fr\/gerardmerinfo\/2025\/10\/quand-graines-des-toiles-fait-rimer-cinema-avec-legumes\/#primaryimage","url":"https:\/\/vosgesinfo.fr\/app\/uploads\/sites\/6\/2025\/10\/chasse-aux-legumes-mcl-3.jpeg","contentUrl":"https:\/\/vosgesinfo.fr\/app\/uploads\/sites\/6\/2025\/10\/chasse-aux-legumes-mcl-3.jpeg","width":1448,"height":1080},{"@type":"BreadcrumbList","@id":"https:\/\/vosgesinfo.fr\/gerardmerinfo\/2025\/10\/quand-graines-des-toiles-fait-rimer-cinema-avec-legumes\/#breadcrumb","itemListElement":[{"@type":"ListItem","position":1,"name":"Home","item":"https:\/\/vosgesinfo.fr\/gerardmerinfo\/"},{"@type":"ListItem","position":2,"name":"Quand Graines des Toiles\u00a0fait rimer cin\u00e9ma avec l\u00e9gumes"}]},{"@type":"WebSite","@id":"https:\/\/vosgesinfo.fr\/gerardmerinfo\/#website","url":"https:\/\/vosgesinfo.fr\/gerardmerinfo\/","name":"Gerardmer Info","description":"Toute l&#039;actualit\u00e9 de G\u00e9rardmer","publisher":{"@id":"https:\/\/vosgesinfo.fr\/gerardmerinfo\/#organization"},"alternateName":"Toute l'actualit\u00e9 de G\u00e9rardmer","potentialAction":[{"@type":"SearchAction","target":{"@type":"EntryPoint","urlTemplate":"https:\/\/vosgesinfo.fr\/gerardmerinfo\/?s={search_term_string}"},"query-input":"required name=search_term_string"}],"inLanguage":"fr-FR"},{"@type":"Organization","@id":"https:\/\/vosgesinfo.fr\/gerardmerinfo\/#organization","name":"Gerardmer Info","url":"https:\/\/vosgesinfo.fr\/gerardmerinfo\/","logo":{"@type":"ImageObject","inLanguage":"fr-FR","@id":"https:\/\/vosgesinfo.fr\/gerardmerinfo\/#\/schema\/logo\/image\/","url":"https:\/\/vosgesinfo.fr\/app\/uploads\/sites\/6\/2023\/08\/favicon-gerardmerinfo.png","contentUrl":"https:\/\/vosgesinfo.fr\/app\/uploads\/sites\/6\/2023\/08\/favicon-gerardmerinfo.png","width":512,"height":512,"caption":"Gerardmer Info"},"image":{"@id":"https:\/\/vosgesinfo.fr\/gerardmerinfo\/#\/schema\/logo\/image\/"},"sameAs":["https:\/\/www.facebook.com\/profile.php?id=100049475262660","https:\/\/x.com\/VosgesInfo88","https:\/\/www.youtube.com\/@vosgesinfo"]},{"@type":"Person","@id":"https:\/\/vosgesinfo.fr\/gerardmerinfo\/#\/schema\/person\/bb210d3430e59ff5cd247deaccb63615","name":"I.N","image":{"@type":"ImageObject","inLanguage":"fr-FR","@id":"https:\/\/vosgesinfo.fr\/gerardmerinfo\/#\/schema\/person\/image\/","url":"https:\/\/secure.gravatar.com\/avatar\/612d5c20a39b1c8bc5675cc8e3d99e120730e7d080423fdafec485619845af71?s=96&d=mm&r=g","contentUrl":"https:\/\/secure.gravatar.com\/avatar\/612d5c20a39b1c8bc5675cc8e3d99e120730e7d080423fdafec485619845af71?s=96&d=mm&r=g","caption":"I.N"},"url":"https:\/\/vosgesinfo.fr\/gerardmerinfo\/author\/i-ngerardmer\/"}]}},"_links":{"self":[{"href":"https:\/\/vosgesinfo.fr\/gerardmerinfo\/wp-json\/wp\/v2\/posts\/83834","targetHints":{"allow":["GET"]}}],"collection":[{"href":"https:\/\/vosgesinfo.fr\/gerardmerinfo\/wp-json\/wp\/v2\/posts"}],"about":[{"href":"https:\/\/vosgesinfo.fr\/gerardmerinfo\/wp-json\/wp\/v2\/types\/post"}],"author":[{"embeddable":true,"href":"https:\/\/vosgesinfo.fr\/gerardmerinfo\/wp-json\/wp\/v2\/users\/258"}],"replies":[{"embeddable":true,"href":"https:\/\/vosgesinfo.fr\/gerardmerinfo\/wp-json\/wp\/v2\/comments?post=83834"}],"version-history":[{"count":5,"href":"https:\/\/vosgesinfo.fr\/gerardmerinfo\/wp-json\/wp\/v2\/posts\/83834\/revisions"}],"predecessor-version":[{"id":83858,"href":"https:\/\/vosgesinfo.fr\/gerardmerinfo\/wp-json\/wp\/v2\/posts\/83834\/revisions\/83858"}],"wp:featuredmedia":[{"embeddable":true,"href":"https:\/\/vosgesinfo.fr\/gerardmerinfo\/wp-json\/wp\/v2\/media\/83839"}],"wp:attachment":[{"href":"https:\/\/vosgesinfo.fr\/gerardmerinfo\/wp-json\/wp\/v2\/media?parent=83834"}],"wp:term":[{"taxonomy":"category","embeddable":true,"href":"https:\/\/vosgesinfo.fr\/gerardmerinfo\/wp-json\/wp\/v2\/categories?post=83834"},{"taxonomy":"post_tag","embeddable":true,"href":"https:\/\/vosgesinfo.fr\/gerardmerinfo\/wp-json\/wp\/v2\/tags?post=83834"}],"curies":[{"name":"wp","href":"https:\/\/api.w.org\/{rel}","templated":true}]}}