{"id":839,"date":"2024-01-22T04:58:30","date_gmt":"2024-01-22T03:58:30","guid":{"rendered":"https:\/\/vosgesinfo.fr\/gerardmerinfo\/2024\/01\/lorientation-ca-se-construit-et-ca-ne-se-neglige-pas\/"},"modified":"2024-01-22T04:58:30","modified_gmt":"2024-01-22T03:58:30","slug":"lorientation-ca-se-construit-et-ca-ne-se-neglige-pas","status":"publish","type":"post","link":"https:\/\/vosgesinfo.fr\/gerardmerinfo\/2024\/01\/lorientation-ca-se-construit-et-ca-ne-se-neglige-pas\/","title":{"rendered":"L&rsquo;orientation, \u00e7a se construit et \u00e7a ne se n\u00e9glige pas"},"content":{"rendered":"<p>&nbsp;<\/p>\n<p><a href=\"https:\/\/gerardmerinfo.fr\/wp-content\/uploads\/2024\/01\/forum-orientation-haie-griselle-2.jpg\"><img decoding=\"async\" class=\"aligncenter size-large wp-image-214765\" src=\"https:\/\/vosgesinfo.fr\/app\/uploads\/sites\/6\/2024\/01\/forum-orientation-haie-griselle-2.jpg\" alt=\"forum orientation haie griselle (2)\" width=\"960\" height=\"720\" \/><\/a><\/p>\n<p><strong>Vendredi apr\u00e8s-midi, la cit\u00e9 scolaire de la Haie Griselle organisait une nouvelle \u00e9dition de son forum de l&rsquo;orientation d\u00e9di\u00e9 \u00e0 l&rsquo;ensemble des lyc\u00e9ens, sachant que les \u00e9l\u00e8ves de terminal ont la possibilit\u00e9 de s\u2019inscrire et de formuler leurs v\u0153ux sur \u00ab Parcoursup \u00bb depuis le 17 janvier dernier.<\/strong><\/p>\n<p><a href=\"https:\/\/gerardmerinfo.fr\/wp-content\/uploads\/2024\/01\/forum-orientation-haie-griselle-3.jpg\"><img decoding=\"async\" class=\"alignright size-medium wp-image-214766\" src=\"https:\/\/vosgesinfo.fr\/app\/uploads\/sites\/6\/2024\/01\/forum-orientation-haie-griselle-3.jpg\" alt=\"forum orientation haie griselle (3)\" width=\"340\" height=\"255\" \/><\/a>Plusieurs stands \u00e9taient donc mis \u00e0 disposition de tous les \u00e9l\u00e8ves de la Seconde \u00e0 la Terminale afin de les aider dans la construction de leur orientation. Pour se faire, des anciens \u00e9l\u00e8ves de la Haie Griselle sont venus partager leur exp\u00e9rience, d\u00e9tailler leur parcours et leurs choix d&rsquo;orientation. Un \u00e9change souvent fructueux et enrichissant pour les futurs bacheliers, et c&rsquo;est sans doute ce qui fait aussi la force de ce forum organis\u00e9 par l\u2019\u00e9quipe p\u00e9dagogique men\u00e9e par Sarah Suchetet, CPE du lyc\u00e9e. Parmi les nombreuses \u00e9coles, Fac et organismes pr\u00e9sents, on retrouvait ainsi le Crous, venu pr\u00e9senter les possibilit\u00e9s d\u2019acc\u00e8s aux bourses ou aux logements, la Maison des \u00e9tudiants d\u2019\u00c9pinal, mais aussi l\u2019IUT de St Di\u00e9, le CFA Papetier de G\u00e9rardmer, l&rsquo;arm\u00e9e de Terre, la Marine, la Gendarmerie, la Facult\u00e9 de Droit etc.<\/p>\n<p><a href=\"https:\/\/gerardmerinfo.fr\/wp-content\/uploads\/2024\/01\/forum-orientation-haie-griselle-1.jpg\"><img decoding=\"async\" class=\"aligncenter size-large wp-image-214767\" src=\"https:\/\/vosgesinfo.fr\/app\/uploads\/sites\/6\/2024\/01\/forum-orientation-haie-griselle-1.jpg\" alt=\"forum orientation haie griselle (1)\" width=\"960\" height=\"720\" \/><\/a><\/p>\n","protected":false},"excerpt":{"rendered":"<p>&nbsp; Vendredi apr\u00e8s-midi, la cit\u00e9 scolaire de la Haie Griselle organisait une nouvelle \u00e9dition de son forum de l&rsquo;orientation d\u00e9di\u00e9 [&hellip;]<\/p>\n","protected":false},"author":42,"featured_media":836,"comment_status":"open","ping_status":"open","sticky":false,"template":"","format":"standard","meta":{"footnotes":""},"categories":[20,6,18],"tags":[189],"class_list":["post-839","post","type-post","status-publish","format-standard","has-post-thumbnail","hentry","category-a-la-une","category-education","category-vosges","tag-haie-griselle"],"acf":[],"yoast_head":"<!-- This site is optimized with the Yoast SEO plugin v22.5 - https:\/\/yoast.com\/wordpress\/plugins\/seo\/ -->\n<title>L&#039;orientation, \u00e7a se construit et \u00e7a ne se n\u00e9glige pas - Gerardmer Info<\/title>\n<meta name=\"robots\" content=\"index, follow, max-snippet:-1, max-image-preview:large, max-video-preview:-1\" \/>\n<link rel=\"canonical\" href=\"https:\/\/vosgesinfo.fr\/gerardmerinfo\/2024\/01\/lorientation-ca-se-construit-et-ca-ne-se-neglige-pas\/\" \/>\n<meta name=\"twitter:card\" content=\"summary_large_image\" \/>\n<meta name=\"twitter:title\" content=\"L&#039;orientation, \u00e7a se construit et \u00e7a ne se n\u00e9glige pas - Gerardmer Info\" \/>\n<meta name=\"twitter:description\" content=\"&nbsp; Vendredi apr\u00e8s-midi, la cit\u00e9 scolaire de la Haie Griselle organisait une nouvelle \u00e9dition de son forum de l&rsquo;orientation d\u00e9di\u00e9 [&hellip;]\" \/>\n<meta name=\"twitter:image\" content=\"https:\/\/vosgesinfo.fr\/app\/uploads\/sites\/6\/2024\/01\/forum-orientation-haie-griselle-2.jpg\" \/>\n<meta name=\"twitter:creator\" content=\"@VosgesInfo88\" \/>\n<meta name=\"twitter:site\" content=\"@VosgesInfo88\" \/>\n<meta name=\"twitter:label1\" content=\"\u00c9crit par\" \/>\n\t<meta name=\"twitter:data1\" content=\"QG\" \/>\n\t<meta name=\"twitter:label2\" content=\"Dur\u00e9e de lecture estim\u00e9e\" \/>\n\t<meta name=\"twitter:data2\" content=\"1 minute\" \/>\n<script type=\"application\/ld+json\" class=\"yoast-schema-graph\">{\"@context\":\"https:\/\/schema.org\",\"@graph\":[{\"@type\":\"Article\",\"@id\":\"https:\/\/vosgesinfo.fr\/gerardmerinfo\/2024\/01\/lorientation-ca-se-construit-et-ca-ne-se-neglige-pas\/#article\",\"isPartOf\":{\"@id\":\"https:\/\/vosgesinfo.fr\/gerardmerinfo\/2024\/01\/lorientation-ca-se-construit-et-ca-ne-se-neglige-pas\/\"},\"author\":{\"name\":\"QG\",\"@id\":\"https:\/\/vosgesinfo.fr\/gerardmerinfo\/#\/schema\/person\/db5605779a843dad16b5368f3e7613a5\"},\"headline\":\"L&rsquo;orientation, \u00e7a se construit et \u00e7a ne se n\u00e9glige pas\",\"datePublished\":\"2024-01-22T03:58:30+00:00\",\"dateModified\":\"2024-01-22T03:58:30+00:00\",\"mainEntityOfPage\":{\"@id\":\"https:\/\/vosgesinfo.fr\/gerardmerinfo\/2024\/01\/lorientation-ca-se-construit-et-ca-ne-se-neglige-pas\/\"},\"wordCount\":217,\"commentCount\":0,\"publisher\":{\"@id\":\"https:\/\/vosgesinfo.fr\/gerardmerinfo\/#organization\"},\"image\":{\"@id\":\"https:\/\/vosgesinfo.fr\/gerardmerinfo\/2024\/01\/lorientation-ca-se-construit-et-ca-ne-se-neglige-pas\/#primaryimage\"},\"thumbnailUrl\":\"https:\/\/vosgesinfo.fr\/app\/uploads\/sites\/6\/2024\/01\/forum-orientation-haie-griselle-2.jpg\",\"keywords\":[\"haie griselle\"],\"articleSection\":[\"A la une\",\"\u00c9ducation\",\"Vosges\"],\"inLanguage\":\"fr-FR\",\"potentialAction\":[{\"@type\":\"CommentAction\",\"name\":\"Comment\",\"target\":[\"https:\/\/vosgesinfo.fr\/gerardmerinfo\/2024\/01\/lorientation-ca-se-construit-et-ca-ne-se-neglige-pas\/#respond\"]}]},{\"@type\":\"WebPage\",\"@id\":\"https:\/\/vosgesinfo.fr\/gerardmerinfo\/2024\/01\/lorientation-ca-se-construit-et-ca-ne-se-neglige-pas\/\",\"url\":\"https:\/\/vosgesinfo.fr\/gerardmerinfo\/2024\/01\/lorientation-ca-se-construit-et-ca-ne-se-neglige-pas\/\",\"name\":\"L'orientation, \u00e7a se construit et \u00e7a ne se n\u00e9glige pas - Gerardmer Info\",\"isPartOf\":{\"@id\":\"https:\/\/vosgesinfo.fr\/gerardmerinfo\/#website\"},\"primaryImageOfPage\":{\"@id\":\"https:\/\/vosgesinfo.fr\/gerardmerinfo\/2024\/01\/lorientation-ca-se-construit-et-ca-ne-se-neglige-pas\/#primaryimage\"},\"image\":{\"@id\":\"https:\/\/vosgesinfo.fr\/gerardmerinfo\/2024\/01\/lorientation-ca-se-construit-et-ca-ne-se-neglige-pas\/#primaryimage\"},\"thumbnailUrl\":\"https:\/\/vosgesinfo.fr\/app\/uploads\/sites\/6\/2024\/01\/forum-orientation-haie-griselle-2.jpg\",\"datePublished\":\"2024-01-22T03:58:30+00:00\",\"dateModified\":\"2024-01-22T03:58:30+00:00\",\"breadcrumb\":{\"@id\":\"https:\/\/vosgesinfo.fr\/gerardmerinfo\/2024\/01\/lorientation-ca-se-construit-et-ca-ne-se-neglige-pas\/#breadcrumb\"},\"inLanguage\":\"fr-FR\",\"potentialAction\":[{\"@type\":\"ReadAction\",\"target\":[\"https:\/\/vosgesinfo.fr\/gerardmerinfo\/2024\/01\/lorientation-ca-se-construit-et-ca-ne-se-neglige-pas\/\"]}]},{\"@type\":\"ImageObject\",\"inLanguage\":\"fr-FR\",\"@id\":\"https:\/\/vosgesinfo.fr\/gerardmerinfo\/2024\/01\/lorientation-ca-se-construit-et-ca-ne-se-neglige-pas\/#primaryimage\",\"url\":\"https:\/\/vosgesinfo.fr\/app\/uploads\/sites\/6\/2024\/01\/forum-orientation-haie-griselle-2.jpg\",\"contentUrl\":\"https:\/\/vosgesinfo.fr\/app\/uploads\/sites\/6\/2024\/01\/forum-orientation-haie-griselle-2.jpg\",\"width\":1600,\"height\":1200},{\"@type\":\"BreadcrumbList\",\"@id\":\"https:\/\/vosgesinfo.fr\/gerardmerinfo\/2024\/01\/lorientation-ca-se-construit-et-ca-ne-se-neglige-pas\/#breadcrumb\",\"itemListElement\":[{\"@type\":\"ListItem\",\"position\":1,\"name\":\"Home\",\"item\":\"https:\/\/vosgesinfo.fr\/gerardmerinfo\/\"},{\"@type\":\"ListItem\",\"position\":2,\"name\":\"L&rsquo;orientation, \u00e7a se construit et \u00e7a ne se n\u00e9glige pas\"}]},{\"@type\":\"WebSite\",\"@id\":\"https:\/\/vosgesinfo.fr\/gerardmerinfo\/#website\",\"url\":\"https:\/\/vosgesinfo.fr\/gerardmerinfo\/\",\"name\":\"Gerardmer Info\",\"description\":\"Toute l&#039;actualit\u00e9 de G\u00e9rardmer\",\"publisher\":{\"@id\":\"https:\/\/vosgesinfo.fr\/gerardmerinfo\/#organization\"},\"alternateName\":\"Toute l'actualit\u00e9 de G\u00e9rardmer\",\"potentialAction\":[{\"@type\":\"SearchAction\",\"target\":{\"@type\":\"EntryPoint\",\"urlTemplate\":\"https:\/\/vosgesinfo.fr\/gerardmerinfo\/?s={search_term_string}\"},\"query-input\":\"required name=search_term_string\"}],\"inLanguage\":\"fr-FR\"},{\"@type\":\"Organization\",\"@id\":\"https:\/\/vosgesinfo.fr\/gerardmerinfo\/#organization\",\"name\":\"Gerardmer Info\",\"url\":\"https:\/\/vosgesinfo.fr\/gerardmerinfo\/\",\"logo\":{\"@type\":\"ImageObject\",\"inLanguage\":\"fr-FR\",\"@id\":\"https:\/\/vosgesinfo.fr\/gerardmerinfo\/#\/schema\/logo\/image\/\",\"url\":\"https:\/\/vosgesinfo.fr\/app\/uploads\/sites\/6\/2023\/08\/favicon-gerardmerinfo.png\",\"contentUrl\":\"https:\/\/vosgesinfo.fr\/app\/uploads\/sites\/6\/2023\/08\/favicon-gerardmerinfo.png\",\"width\":512,\"height\":512,\"caption\":\"Gerardmer Info\"},\"image\":{\"@id\":\"https:\/\/vosgesinfo.fr\/gerardmerinfo\/#\/schema\/logo\/image\/\"},\"sameAs\":[\"https:\/\/www.facebook.com\/profile.php?id=100049475262660\",\"https:\/\/x.com\/VosgesInfo88\",\"https:\/\/www.youtube.com\/@vosgesinfo\"]},{\"@type\":\"Person\",\"@id\":\"https:\/\/vosgesinfo.fr\/gerardmerinfo\/#\/schema\/person\/db5605779a843dad16b5368f3e7613a5\",\"name\":\"QG\",\"image\":{\"@type\":\"ImageObject\",\"inLanguage\":\"fr-FR\",\"@id\":\"https:\/\/vosgesinfo.fr\/gerardmerinfo\/#\/schema\/person\/image\/\",\"url\":\"https:\/\/secure.gravatar.com\/avatar\/ea80c42c204b534408512832fde52504ecabb9706bcb6151cf6175e5b64e6793?s=96&d=mm&r=g\",\"contentUrl\":\"https:\/\/secure.gravatar.com\/avatar\/ea80c42c204b534408512832fde52504ecabb9706bcb6151cf6175e5b64e6793?s=96&d=mm&r=g\",\"caption\":\"QG\"},\"url\":\"https:\/\/vosgesinfo.fr\/gerardmerinfo\/author\/quentin88\/\"}]}<\/script>\n<!-- \/ Yoast SEO plugin. -->","yoast_head_json":{"title":"L'orientation, \u00e7a se construit et \u00e7a ne se n\u00e9glige pas - Gerardmer Info","robots":{"index":"index","follow":"follow","max-snippet":"max-snippet:-1","max-image-preview":"max-image-preview:large","max-video-preview":"max-video-preview:-1"},"canonical":"https:\/\/vosgesinfo.fr\/gerardmerinfo\/2024\/01\/lorientation-ca-se-construit-et-ca-ne-se-neglige-pas\/","twitter_card":"summary_large_image","twitter_title":"L'orientation, \u00e7a se construit et \u00e7a ne se n\u00e9glige pas - Gerardmer Info","twitter_description":"&nbsp; Vendredi apr\u00e8s-midi, la cit\u00e9 scolaire de la Haie Griselle organisait une nouvelle \u00e9dition de son forum de l&rsquo;orientation d\u00e9di\u00e9 [&hellip;]","twitter_image":"https:\/\/vosgesinfo.fr\/app\/uploads\/sites\/6\/2024\/01\/forum-orientation-haie-griselle-2.jpg","twitter_creator":"@VosgesInfo88","twitter_site":"@VosgesInfo88","twitter_misc":{"\u00c9crit par":"QG","Dur\u00e9e de lecture estim\u00e9e":"1 minute"},"schema":{"@context":"https:\/\/schema.org","@graph":[{"@type":"Article","@id":"https:\/\/vosgesinfo.fr\/gerardmerinfo\/2024\/01\/lorientation-ca-se-construit-et-ca-ne-se-neglige-pas\/#article","isPartOf":{"@id":"https:\/\/vosgesinfo.fr\/gerardmerinfo\/2024\/01\/lorientation-ca-se-construit-et-ca-ne-se-neglige-pas\/"},"author":{"name":"QG","@id":"https:\/\/vosgesinfo.fr\/gerardmerinfo\/#\/schema\/person\/db5605779a843dad16b5368f3e7613a5"},"headline":"L&rsquo;orientation, \u00e7a se construit et \u00e7a ne se n\u00e9glige pas","datePublished":"2024-01-22T03:58:30+00:00","dateModified":"2024-01-22T03:58:30+00:00","mainEntityOfPage":{"@id":"https:\/\/vosgesinfo.fr\/gerardmerinfo\/2024\/01\/lorientation-ca-se-construit-et-ca-ne-se-neglige-pas\/"},"wordCount":217,"commentCount":0,"publisher":{"@id":"https:\/\/vosgesinfo.fr\/gerardmerinfo\/#organization"},"image":{"@id":"https:\/\/vosgesinfo.fr\/gerardmerinfo\/2024\/01\/lorientation-ca-se-construit-et-ca-ne-se-neglige-pas\/#primaryimage"},"thumbnailUrl":"https:\/\/vosgesinfo.fr\/app\/uploads\/sites\/6\/2024\/01\/forum-orientation-haie-griselle-2.jpg","keywords":["haie griselle"],"articleSection":["A la une","\u00c9ducation","Vosges"],"inLanguage":"fr-FR","potentialAction":[{"@type":"CommentAction","name":"Comment","target":["https:\/\/vosgesinfo.fr\/gerardmerinfo\/2024\/01\/lorientation-ca-se-construit-et-ca-ne-se-neglige-pas\/#respond"]}]},{"@type":"WebPage","@id":"https:\/\/vosgesinfo.fr\/gerardmerinfo\/2024\/01\/lorientation-ca-se-construit-et-ca-ne-se-neglige-pas\/","url":"https:\/\/vosgesinfo.fr\/gerardmerinfo\/2024\/01\/lorientation-ca-se-construit-et-ca-ne-se-neglige-pas\/","name":"L'orientation, \u00e7a se construit et \u00e7a ne se n\u00e9glige pas - Gerardmer Info","isPartOf":{"@id":"https:\/\/vosgesinfo.fr\/gerardmerinfo\/#website"},"primaryImageOfPage":{"@id":"https:\/\/vosgesinfo.fr\/gerardmerinfo\/2024\/01\/lorientation-ca-se-construit-et-ca-ne-se-neglige-pas\/#primaryimage"},"image":{"@id":"https:\/\/vosgesinfo.fr\/gerardmerinfo\/2024\/01\/lorientation-ca-se-construit-et-ca-ne-se-neglige-pas\/#primaryimage"},"thumbnailUrl":"https:\/\/vosgesinfo.fr\/app\/uploads\/sites\/6\/2024\/01\/forum-orientation-haie-griselle-2.jpg","datePublished":"2024-01-22T03:58:30+00:00","dateModified":"2024-01-22T03:58:30+00:00","breadcrumb":{"@id":"https:\/\/vosgesinfo.fr\/gerardmerinfo\/2024\/01\/lorientation-ca-se-construit-et-ca-ne-se-neglige-pas\/#breadcrumb"},"inLanguage":"fr-FR","potentialAction":[{"@type":"ReadAction","target":["https:\/\/vosgesinfo.fr\/gerardmerinfo\/2024\/01\/lorientation-ca-se-construit-et-ca-ne-se-neglige-pas\/"]}]},{"@type":"ImageObject","inLanguage":"fr-FR","@id":"https:\/\/vosgesinfo.fr\/gerardmerinfo\/2024\/01\/lorientation-ca-se-construit-et-ca-ne-se-neglige-pas\/#primaryimage","url":"https:\/\/vosgesinfo.fr\/app\/uploads\/sites\/6\/2024\/01\/forum-orientation-haie-griselle-2.jpg","contentUrl":"https:\/\/vosgesinfo.fr\/app\/uploads\/sites\/6\/2024\/01\/forum-orientation-haie-griselle-2.jpg","width":1600,"height":1200},{"@type":"BreadcrumbList","@id":"https:\/\/vosgesinfo.fr\/gerardmerinfo\/2024\/01\/lorientation-ca-se-construit-et-ca-ne-se-neglige-pas\/#breadcrumb","itemListElement":[{"@type":"ListItem","position":1,"name":"Home","item":"https:\/\/vosgesinfo.fr\/gerardmerinfo\/"},{"@type":"ListItem","position":2,"name":"L&rsquo;orientation, \u00e7a se construit et \u00e7a ne se n\u00e9glige pas"}]},{"@type":"WebSite","@id":"https:\/\/vosgesinfo.fr\/gerardmerinfo\/#website","url":"https:\/\/vosgesinfo.fr\/gerardmerinfo\/","name":"Gerardmer Info","description":"Toute l&#039;actualit\u00e9 de G\u00e9rardmer","publisher":{"@id":"https:\/\/vosgesinfo.fr\/gerardmerinfo\/#organization"},"alternateName":"Toute l'actualit\u00e9 de G\u00e9rardmer","potentialAction":[{"@type":"SearchAction","target":{"@type":"EntryPoint","urlTemplate":"https:\/\/vosgesinfo.fr\/gerardmerinfo\/?s={search_term_string}"},"query-input":"required name=search_term_string"}],"inLanguage":"fr-FR"},{"@type":"Organization","@id":"https:\/\/vosgesinfo.fr\/gerardmerinfo\/#organization","name":"Gerardmer Info","url":"https:\/\/vosgesinfo.fr\/gerardmerinfo\/","logo":{"@type":"ImageObject","inLanguage":"fr-FR","@id":"https:\/\/vosgesinfo.fr\/gerardmerinfo\/#\/schema\/logo\/image\/","url":"https:\/\/vosgesinfo.fr\/app\/uploads\/sites\/6\/2023\/08\/favicon-gerardmerinfo.png","contentUrl":"https:\/\/vosgesinfo.fr\/app\/uploads\/sites\/6\/2023\/08\/favicon-gerardmerinfo.png","width":512,"height":512,"caption":"Gerardmer Info"},"image":{"@id":"https:\/\/vosgesinfo.fr\/gerardmerinfo\/#\/schema\/logo\/image\/"},"sameAs":["https:\/\/www.facebook.com\/profile.php?id=100049475262660","https:\/\/x.com\/VosgesInfo88","https:\/\/www.youtube.com\/@vosgesinfo"]},{"@type":"Person","@id":"https:\/\/vosgesinfo.fr\/gerardmerinfo\/#\/schema\/person\/db5605779a843dad16b5368f3e7613a5","name":"QG","image":{"@type":"ImageObject","inLanguage":"fr-FR","@id":"https:\/\/vosgesinfo.fr\/gerardmerinfo\/#\/schema\/person\/image\/","url":"https:\/\/secure.gravatar.com\/avatar\/ea80c42c204b534408512832fde52504ecabb9706bcb6151cf6175e5b64e6793?s=96&d=mm&r=g","contentUrl":"https:\/\/secure.gravatar.com\/avatar\/ea80c42c204b534408512832fde52504ecabb9706bcb6151cf6175e5b64e6793?s=96&d=mm&r=g","caption":"QG"},"url":"https:\/\/vosgesinfo.fr\/gerardmerinfo\/author\/quentin88\/"}]}},"_links":{"self":[{"href":"https:\/\/vosgesinfo.fr\/gerardmerinfo\/wp-json\/wp\/v2\/posts\/839","targetHints":{"allow":["GET"]}}],"collection":[{"href":"https:\/\/vosgesinfo.fr\/gerardmerinfo\/wp-json\/wp\/v2\/posts"}],"about":[{"href":"https:\/\/vosgesinfo.fr\/gerardmerinfo\/wp-json\/wp\/v2\/types\/post"}],"author":[{"embeddable":true,"href":"https:\/\/vosgesinfo.fr\/gerardmerinfo\/wp-json\/wp\/v2\/users\/42"}],"replies":[{"embeddable":true,"href":"https:\/\/vosgesinfo.fr\/gerardmerinfo\/wp-json\/wp\/v2\/comments?post=839"}],"version-history":[{"count":0,"href":"https:\/\/vosgesinfo.fr\/gerardmerinfo\/wp-json\/wp\/v2\/posts\/839\/revisions"}],"wp:featuredmedia":[{"embeddable":true,"href":"https:\/\/vosgesinfo.fr\/gerardmerinfo\/wp-json\/wp\/v2\/media\/836"}],"wp:attachment":[{"href":"https:\/\/vosgesinfo.fr\/gerardmerinfo\/wp-json\/wp\/v2\/media?parent=839"}],"wp:term":[{"taxonomy":"category","embeddable":true,"href":"https:\/\/vosgesinfo.fr\/gerardmerinfo\/wp-json\/wp\/v2\/categories?post=839"},{"taxonomy":"post_tag","embeddable":true,"href":"https:\/\/vosgesinfo.fr\/gerardmerinfo\/wp-json\/wp\/v2\/tags?post=839"}],"curies":[{"name":"wp","href":"https:\/\/api.w.org\/{rel}","templated":true}]}}