{"id":83997,"date":"2025-10-25T11:42:07","date_gmt":"2025-10-25T09:42:07","guid":{"rendered":"https:\/\/vosgesinfo.fr\/gerardmerinfo\/?p=83997"},"modified":"2025-10-25T11:42:07","modified_gmt":"2025-10-25T09:42:07","slug":"epandage-des-boues-de-step-et-pfas-louverture-dun-dossier-sensible","status":"publish","type":"post","link":"https:\/\/vosgesinfo.fr\/gerardmerinfo\/2025\/10\/epandage-des-boues-de-step-et-pfas-louverture-dun-dossier-sensible\/","title":{"rendered":"\u00c9pandage des boues de STEP et PFAS : l&rsquo;ouverture d&rsquo;un dossier sensible"},"content":{"rendered":"<p data-pm-slice=\"1 1 []\"><a href=\"https:\/\/vosgesinfo.fr\/app\/uploads\/sites\/6\/2025\/10\/conference-debat-sur-les-pifas-et-lepandage-1.jpg\"><img decoding=\"async\" class=\"aligncenter size-large wp-image-83999\" src=\"https:\/\/vosgesinfo.fr\/app\/uploads\/sites\/6\/2025\/10\/conference-debat-sur-les-pifas-et-lepandage-1-1024x768.jpg\" alt=\"\" width=\"1024\" height=\"768\" srcset=\"https:\/\/vosgesinfo.fr\/app\/uploads\/sites\/6\/2025\/10\/conference-debat-sur-les-pifas-et-lepandage-1-1024x768.jpg 1024w, https:\/\/vosgesinfo.fr\/app\/uploads\/sites\/6\/2025\/10\/conference-debat-sur-les-pifas-et-lepandage-1-300x225.jpg 300w, https:\/\/vosgesinfo.fr\/app\/uploads\/sites\/6\/2025\/10\/conference-debat-sur-les-pifas-et-lepandage-1-768x576.jpg 768w, https:\/\/vosgesinfo.fr\/app\/uploads\/sites\/6\/2025\/10\/conference-debat-sur-les-pifas-et-lepandage-1.jpg 1440w\" sizes=\"(max-width: 1024px) 100vw, 1024px\" \/><\/a><\/p>\n<p data-pm-slice=\"1 1 []\">\n<p data-pm-slice=\"1 1 []\"><strong>Vendredi soir \u00e0 l&rsquo;espace LAC de G\u00e9rardmer, plusieurs associations de protection de l&rsquo;environnement (liste <a href=\"https:\/\/vosgesinfo.fr\/gerardmerinfo\/2025\/10\/projection-debat-epandages-des-boues-de-step-et-pollution-par-les-pfas\/\" target=\"_blank\" rel=\"noopener\">ICI<\/a>) proposait une conf\u00e9rence-d\u00e9bat concernant l&rsquo;\u00e9pandage des boues de STEP et pollution par les PFAS.<\/strong><\/p>\n<p data-pm-slice=\"1 1 []\"><a href=\"https:\/\/vosgesinfo.fr\/app\/uploads\/sites\/6\/2025\/10\/conference-debat-sur-les-pifas-et-lepandage-3.jpg\"><img decoding=\"async\" class=\"alignright size-medium wp-image-84001\" src=\"https:\/\/vosgesinfo.fr\/app\/uploads\/sites\/6\/2025\/10\/conference-debat-sur-les-pifas-et-lepandage-3-300x225.jpg\" alt=\"\" width=\"300\" height=\"225\" srcset=\"https:\/\/vosgesinfo.fr\/app\/uploads\/sites\/6\/2025\/10\/conference-debat-sur-les-pifas-et-lepandage-3-300x225.jpg 300w, https:\/\/vosgesinfo.fr\/app\/uploads\/sites\/6\/2025\/10\/conference-debat-sur-les-pifas-et-lepandage-3-1024x768.jpg 1024w, https:\/\/vosgesinfo.fr\/app\/uploads\/sites\/6\/2025\/10\/conference-debat-sur-les-pifas-et-lepandage-3-768x576.jpg 768w, https:\/\/vosgesinfo.fr\/app\/uploads\/sites\/6\/2025\/10\/conference-debat-sur-les-pifas-et-lepandage-3.jpg 1440w\" sizes=\"(max-width: 300px) 100vw, 300px\" \/><\/a>Pour Jean-Fran\u00e7ois Fleck, membres de Vosges Nature Environnement, ainsi que les associations repr\u00e9sent\u00e9es, les probl\u00e9matiques soulev\u00e9es r\u00e9cemment \u00e0 Tendon et aux Arrent\u00e8s-de-Corcieux ne sont que la partie visible de l&rsquo;iceberg. Un chantier important reste \u00e0 mener au plus vite sur l&rsquo;ensemble du dossier des PFAS (aussi appel\u00e9s polluants \u00e9ternels) et de l&rsquo;\u00e9pandage des boues de STEP. Le documentaire de la RTBF (disponible sur Youtube : <a href=\"https:\/\/www.youtube.com\/watch?v=IQnzhaDdec0\" target=\"_blank\" rel=\"noopener\">cliquez ici !!<\/a>) sur le sujet projet\u00e9 lors de cette conf\u00e9rence-d\u00e9bat semble relativement \u00e9difiant : les cons\u00e9quences potentielles de l&rsquo;\u00e9pandage et la pr\u00e9sence des PFAS dans les sols et les r\u00e9serves d&rsquo;eau, mais aussi par voie de fait dans notre alimentation, peuvent \u00eatre d\u00e9sastreuses, y compris sur notre sant\u00e9.<\/p>\n<p data-pm-slice=\"1 1 []\"><strong>Ne pas s&rsquo;arr\u00eater \u00e0 ces premiers constats<\/strong><\/p>\n<p><a href=\"https:\/\/vosgesinfo.fr\/app\/uploads\/sites\/6\/2025\/10\/conference-debat-sur-les-pifas-et-lepandage-2.jpg\"><img decoding=\"async\" class=\"alignright size-medium wp-image-84000\" src=\"https:\/\/vosgesinfo.fr\/app\/uploads\/sites\/6\/2025\/10\/conference-debat-sur-les-pifas-et-lepandage-2-300x225.jpg\" alt=\"\" width=\"300\" height=\"225\" srcset=\"https:\/\/vosgesinfo.fr\/app\/uploads\/sites\/6\/2025\/10\/conference-debat-sur-les-pifas-et-lepandage-2-300x225.jpg 300w, https:\/\/vosgesinfo.fr\/app\/uploads\/sites\/6\/2025\/10\/conference-debat-sur-les-pifas-et-lepandage-2-1024x768.jpg 1024w, https:\/\/vosgesinfo.fr\/app\/uploads\/sites\/6\/2025\/10\/conference-debat-sur-les-pifas-et-lepandage-2-768x576.jpg 768w, https:\/\/vosgesinfo.fr\/app\/uploads\/sites\/6\/2025\/10\/conference-debat-sur-les-pifas-et-lepandage-2.jpg 1440w\" sizes=\"(max-width: 300px) 100vw, 300px\" \/><\/a>\u00ab\u00a0Nous sommes des associations qui se mobilisent depuis plus de trente ans, sur des bases factuelles, en proposant des solutions alternatives. (&#8230;) Nous r\u00e9agissons suite \u00e0 l&rsquo;inaction des pouvoirs publics pendant 4 mois, mais aussi au refus de l&rsquo;acc\u00e8s \u00e0 la presse et \u00e0 une partie de la population lors de la r\u00e9union des Arrent\u00e8s.\u00a0\u00bb a rappel\u00e9 Jean-Fran\u00e7ois Fleck en pr\u00e9ambule de cette conf\u00e9rence qui s&rsquo;est d\u00e9roul\u00e9e en pr\u00e9sence du maire de G\u00e9rardmer. Ce dernier a tenu \u00e0 remercier les associations \u00e0 cette initiative pour leur engagement sur ce sujet \u00e9pineux mais essentiel. \u00ab\u00a0Aujourd&rsquo;hui, deux communes sont concern\u00e9es, on pourrait dire trois avec Champdray, m\u00eame si les seuils ne sont pas d\u00e9pass\u00e9s pour ce village. Mais ce n&rsquo;est que la face visible de l&rsquo;iceberg. On identifie les acteurs et les \u00e9pandages depuis une vingtaine d&rsquo;ann\u00e9es sur des parcelles proches de sources. On estime qu&rsquo;il ne faut pas s&rsquo;arr\u00eater \u00e0 ces constats, car on ne dispose pas d&rsquo;une analyse fine et pr\u00e9cise de tous ces captages, qu&rsquo;ils soient publics, mais aussi priv\u00e9s. Nous n&rsquo;avons pas d&rsquo;\u00e9l\u00e9ments sur la r\u00e9alit\u00e9 des sols, des \u00e9pandages, y compris d&rsquo;autres stations industrielles et\/ou urbaines\u00a0\u00bb pr\u00e9cise Jean-Fran\u00e7ois Fleck.<\/p>\n<p><strong>Une investigation sur l&rsquo;ensemble des sols concern\u00e9s<\/strong><\/p>\n<p>\u00ab\u00a0C&rsquo;est vraiment toute la question de l&rsquo;\u00e9pandage qui est pos\u00e9e et nous demandons une investigation sur l&rsquo;ensemble des sols concern\u00e9s par l&rsquo;\u00e9pandage afin d&rsquo;\u00e9tablir un bilan et de pouvoir affiner le diagnostic. Et par voie de fait, ce sont toutes ces masses d&rsquo;eau qu&rsquo;il faut analyser, mais aussi les produits alimentaires qui viennent de ces zones, mais aussi avoir un suivi m\u00e9dical des personnes qui consomment ces produits. Au niveau national, c&rsquo;est un \u00e9norme chantier qu&rsquo;il faut entamer, y compris au niveau de la contamination potentielle des employ\u00e9s du textile et de la papeterie, d\u00e9clare l&rsquo;ANSES (Agence Nationale de S\u00e9curit\u00e9 Sanitaire). Dans les Vosges on est en plein dedans, mais pour le moment on ne sait pas si ces industriels sont responsables et \u00e0 quel niveau, car nous n&rsquo;avons pas les plans d&rsquo;\u00e9pandage. On le voit sur le documentaire, aux \u00c9tats-Unis et en Belgique, ils ont des cartes pr\u00e9cises de l&rsquo;\u00e9pandage, ici on en est loin, ce qui complique forc\u00e9ment la t\u00e2che pour dresser un bilan, un \u00e9tat des lieux\u00a0\u00bb poursuit Jean-Fran\u00e7ois Fleck.<\/p>\n<p>\u00ab\u00a0Enfin, il faudra \u00e9galement proc\u00e9der \u00e0 l&rsquo;examen des responsabilit\u00e9s, que ce soit des pouvoirs publics comme des industriels. Car si cet \u00e9pandage a \u00e9t\u00e9 autoris\u00e9, sur quelle base ? On parle tout de m\u00eame d&rsquo;\u00e9l\u00e9ments tr\u00e8s dangereux. Et tout le monde est, et reste responsable de ses d\u00e9chets\u2026 On voit bien que ce dossier de l&rsquo;\u00e9pandage va bien au-del\u00e0 de ces deux communes. On appelle donc les citoyens \u00e0 se saisir de ce dossier, de ces dossiers, car seuls, on n&rsquo;y arrivera pas. Lors des deux r\u00e9unions des Arrent\u00e8s et de Tendon, le repr\u00e9sentant de l&rsquo;Etat n&rsquo;a pas \u00e9voquer d&rsquo;arr\u00eater l&rsquo;\u00e9pandage&#8230;\u00a0\u00bb conclut Jean-Fran\u00e7ois Fleck. Ce dossier de l&rsquo;\u00e9pandage et des PFAS s&rsquo;annonce donc probablement comme un nouveau remake du pot de terre contre le pot de fer, sur fond d&rsquo;enjeux \u00e9conomiques importants, et bien s\u00fbr d&rsquo;enjeux sanitaires consid\u00e9rables.<\/p>\n<p>&nbsp;<\/p>\n","protected":false},"excerpt":{"rendered":"<p>Vendredi soir \u00e0 l&rsquo;espace LAC de G\u00e9rardmer, plusieurs associations de protection de l&rsquo;environnement (liste ICI) proposait une conf\u00e9rence-d\u00e9bat concernant l&rsquo;\u00e9pandage [&hellip;]<\/p>\n","protected":false},"author":42,"featured_media":83999,"comment_status":"open","ping_status":"open","sticky":false,"template":"","format":"standard","meta":{"footnotes":""},"categories":[20,7,5647,18],"tags":[4415,7873,163],"class_list":["post-83997","post","type-post","status-publish","format-standard","has-post-thumbnail","hentry","category-a-la-une","category-environnement","category-gerardmer-autres-sites","category-vosges","tag-jean-francois-fleck","tag-pfas","tag-vosges-nature-environnement"],"acf":[],"yoast_head":"<!-- This site is optimized with the Yoast SEO plugin v22.5 - https:\/\/yoast.com\/wordpress\/plugins\/seo\/ -->\n<title>\u00c9pandage des boues de STEP et PFAS : l&#039;ouverture d&#039;un dossier sensible - Gerardmer Info<\/title>\n<meta name=\"robots\" content=\"index, follow, max-snippet:-1, max-image-preview:large, max-video-preview:-1\" \/>\n<link rel=\"canonical\" href=\"https:\/\/vosgesinfo.fr\/gerardmerinfo\/?p=83997\" \/>\n<meta name=\"twitter:card\" content=\"summary_large_image\" \/>\n<meta name=\"twitter:title\" content=\"\u00c9pandage des boues de STEP et PFAS : l&#039;ouverture d&#039;un dossier sensible - Gerardmer Info\" \/>\n<meta name=\"twitter:description\" content=\"Vendredi soir \u00e0 l&rsquo;espace LAC de G\u00e9rardmer, plusieurs associations de protection de l&rsquo;environnement (liste ICI) proposait une conf\u00e9rence-d\u00e9bat concernant l&rsquo;\u00e9pandage [&hellip;]\" \/>\n<meta name=\"twitter:image\" content=\"https:\/\/vosgesinfo.fr\/app\/uploads\/sites\/6\/2025\/10\/conference-debat-sur-les-pifas-et-lepandage-1.jpg\" \/>\n<meta name=\"twitter:creator\" content=\"@VosgesInfo88\" \/>\n<meta name=\"twitter:site\" content=\"@VosgesInfo88\" \/>\n<meta name=\"twitter:label1\" content=\"\u00c9crit par\" \/>\n\t<meta name=\"twitter:data1\" content=\"QG\" \/>\n\t<meta name=\"twitter:label2\" content=\"Dur\u00e9e de lecture estim\u00e9e\" \/>\n\t<meta name=\"twitter:data2\" content=\"3 minutes\" \/>\n<script type=\"application\/ld+json\" class=\"yoast-schema-graph\">{\"@context\":\"https:\/\/schema.org\",\"@graph\":[{\"@type\":\"Article\",\"@id\":\"https:\/\/vosgesinfo.fr\/gerardmerinfo\/?p=83997#article\",\"isPartOf\":{\"@id\":\"https:\/\/vosgesinfo.fr\/gerardmerinfo\/?p=83997\"},\"author\":{\"name\":\"QG\",\"@id\":\"https:\/\/vosgesinfo.fr\/gerardmerinfo\/#\/schema\/person\/db5605779a843dad16b5368f3e7613a5\"},\"headline\":\"\u00c9pandage des boues de STEP et PFAS : l&rsquo;ouverture d&rsquo;un dossier sensible\",\"datePublished\":\"2025-10-25T09:42:07+00:00\",\"dateModified\":\"2025-10-25T09:42:07+00:00\",\"mainEntityOfPage\":{\"@id\":\"https:\/\/vosgesinfo.fr\/gerardmerinfo\/?p=83997\"},\"wordCount\":770,\"commentCount\":0,\"publisher\":{\"@id\":\"https:\/\/vosgesinfo.fr\/gerardmerinfo\/#organization\"},\"image\":{\"@id\":\"https:\/\/vosgesinfo.fr\/gerardmerinfo\/?p=83997#primaryimage\"},\"thumbnailUrl\":\"https:\/\/vosgesinfo.fr\/app\/uploads\/sites\/6\/2025\/10\/conference-debat-sur-les-pifas-et-lepandage-1.jpg\",\"keywords\":[\"Jean-Fran\u00e7ois Fleck\",\"PFAS\",\"Vosges Nature Environnement\"],\"articleSection\":[\"A la une\",\"Environnement\",\"Gerardmer\",\"Vosges\"],\"inLanguage\":\"fr-FR\",\"potentialAction\":[{\"@type\":\"CommentAction\",\"name\":\"Comment\",\"target\":[\"https:\/\/vosgesinfo.fr\/gerardmerinfo\/?p=83997#respond\"]}]},{\"@type\":\"WebPage\",\"@id\":\"https:\/\/vosgesinfo.fr\/gerardmerinfo\/?p=83997\",\"url\":\"https:\/\/vosgesinfo.fr\/gerardmerinfo\/?p=83997\",\"name\":\"\u00c9pandage des boues de STEP et PFAS : l'ouverture d'un dossier sensible - Gerardmer Info\",\"isPartOf\":{\"@id\":\"https:\/\/vosgesinfo.fr\/gerardmerinfo\/#website\"},\"primaryImageOfPage\":{\"@id\":\"https:\/\/vosgesinfo.fr\/gerardmerinfo\/?p=83997#primaryimage\"},\"image\":{\"@id\":\"https:\/\/vosgesinfo.fr\/gerardmerinfo\/?p=83997#primaryimage\"},\"thumbnailUrl\":\"https:\/\/vosgesinfo.fr\/app\/uploads\/sites\/6\/2025\/10\/conference-debat-sur-les-pifas-et-lepandage-1.jpg\",\"datePublished\":\"2025-10-25T09:42:07+00:00\",\"dateModified\":\"2025-10-25T09:42:07+00:00\",\"breadcrumb\":{\"@id\":\"https:\/\/vosgesinfo.fr\/gerardmerinfo\/?p=83997#breadcrumb\"},\"inLanguage\":\"fr-FR\",\"potentialAction\":[{\"@type\":\"ReadAction\",\"target\":[\"https:\/\/vosgesinfo.fr\/gerardmerinfo\/?p=83997\"]}]},{\"@type\":\"ImageObject\",\"inLanguage\":\"fr-FR\",\"@id\":\"https:\/\/vosgesinfo.fr\/gerardmerinfo\/?p=83997#primaryimage\",\"url\":\"https:\/\/vosgesinfo.fr\/app\/uploads\/sites\/6\/2025\/10\/conference-debat-sur-les-pifas-et-lepandage-1.jpg\",\"contentUrl\":\"https:\/\/vosgesinfo.fr\/app\/uploads\/sites\/6\/2025\/10\/conference-debat-sur-les-pifas-et-lepandage-1.jpg\",\"width\":1440,\"height\":1080},{\"@type\":\"BreadcrumbList\",\"@id\":\"https:\/\/vosgesinfo.fr\/gerardmerinfo\/?p=83997#breadcrumb\",\"itemListElement\":[{\"@type\":\"ListItem\",\"position\":1,\"name\":\"Home\",\"item\":\"https:\/\/vosgesinfo.fr\/gerardmerinfo\/\"},{\"@type\":\"ListItem\",\"position\":2,\"name\":\"\u00c9pandage des boues de STEP et PFAS : l&#8217;ouverture d&#8217;un dossier sensible\"}]},{\"@type\":\"WebSite\",\"@id\":\"https:\/\/vosgesinfo.fr\/gerardmerinfo\/#website\",\"url\":\"https:\/\/vosgesinfo.fr\/gerardmerinfo\/\",\"name\":\"Gerardmer Info\",\"description\":\"Toute l&#039;actualit\u00e9 de G\u00e9rardmer\",\"publisher\":{\"@id\":\"https:\/\/vosgesinfo.fr\/gerardmerinfo\/#organization\"},\"alternateName\":\"Toute l'actualit\u00e9 de G\u00e9rardmer\",\"potentialAction\":[{\"@type\":\"SearchAction\",\"target\":{\"@type\":\"EntryPoint\",\"urlTemplate\":\"https:\/\/vosgesinfo.fr\/gerardmerinfo\/?s={search_term_string}\"},\"query-input\":\"required name=search_term_string\"}],\"inLanguage\":\"fr-FR\"},{\"@type\":\"Organization\",\"@id\":\"https:\/\/vosgesinfo.fr\/gerardmerinfo\/#organization\",\"name\":\"Gerardmer Info\",\"url\":\"https:\/\/vosgesinfo.fr\/gerardmerinfo\/\",\"logo\":{\"@type\":\"ImageObject\",\"inLanguage\":\"fr-FR\",\"@id\":\"https:\/\/vosgesinfo.fr\/gerardmerinfo\/#\/schema\/logo\/image\/\",\"url\":\"https:\/\/vosgesinfo.fr\/app\/uploads\/sites\/6\/2023\/08\/favicon-gerardmerinfo.png\",\"contentUrl\":\"https:\/\/vosgesinfo.fr\/app\/uploads\/sites\/6\/2023\/08\/favicon-gerardmerinfo.png\",\"width\":512,\"height\":512,\"caption\":\"Gerardmer Info\"},\"image\":{\"@id\":\"https:\/\/vosgesinfo.fr\/gerardmerinfo\/#\/schema\/logo\/image\/\"},\"sameAs\":[\"https:\/\/www.facebook.com\/profile.php?id=100049475262660\",\"https:\/\/x.com\/VosgesInfo88\",\"https:\/\/www.youtube.com\/@vosgesinfo\"]},{\"@type\":\"Person\",\"@id\":\"https:\/\/vosgesinfo.fr\/gerardmerinfo\/#\/schema\/person\/db5605779a843dad16b5368f3e7613a5\",\"name\":\"QG\",\"image\":{\"@type\":\"ImageObject\",\"inLanguage\":\"fr-FR\",\"@id\":\"https:\/\/vosgesinfo.fr\/gerardmerinfo\/#\/schema\/person\/image\/\",\"url\":\"https:\/\/secure.gravatar.com\/avatar\/ea80c42c204b534408512832fde52504ecabb9706bcb6151cf6175e5b64e6793?s=96&d=mm&r=g\",\"contentUrl\":\"https:\/\/secure.gravatar.com\/avatar\/ea80c42c204b534408512832fde52504ecabb9706bcb6151cf6175e5b64e6793?s=96&d=mm&r=g\",\"caption\":\"QG\"},\"url\":\"https:\/\/vosgesinfo.fr\/gerardmerinfo\/author\/quentin88\/\"}]}<\/script>\n<!-- \/ Yoast SEO plugin. -->","yoast_head_json":{"title":"\u00c9pandage des boues de STEP et PFAS : l'ouverture d'un dossier sensible - Gerardmer Info","robots":{"index":"index","follow":"follow","max-snippet":"max-snippet:-1","max-image-preview":"max-image-preview:large","max-video-preview":"max-video-preview:-1"},"canonical":"https:\/\/vosgesinfo.fr\/gerardmerinfo\/?p=83997","twitter_card":"summary_large_image","twitter_title":"\u00c9pandage des boues de STEP et PFAS : l'ouverture d'un dossier sensible - Gerardmer Info","twitter_description":"Vendredi soir \u00e0 l&rsquo;espace LAC de G\u00e9rardmer, plusieurs associations de protection de l&rsquo;environnement (liste ICI) proposait une conf\u00e9rence-d\u00e9bat concernant l&rsquo;\u00e9pandage [&hellip;]","twitter_image":"https:\/\/vosgesinfo.fr\/app\/uploads\/sites\/6\/2025\/10\/conference-debat-sur-les-pifas-et-lepandage-1.jpg","twitter_creator":"@VosgesInfo88","twitter_site":"@VosgesInfo88","twitter_misc":{"\u00c9crit par":"QG","Dur\u00e9e de lecture estim\u00e9e":"3 minutes"},"schema":{"@context":"https:\/\/schema.org","@graph":[{"@type":"Article","@id":"https:\/\/vosgesinfo.fr\/gerardmerinfo\/?p=83997#article","isPartOf":{"@id":"https:\/\/vosgesinfo.fr\/gerardmerinfo\/?p=83997"},"author":{"name":"QG","@id":"https:\/\/vosgesinfo.fr\/gerardmerinfo\/#\/schema\/person\/db5605779a843dad16b5368f3e7613a5"},"headline":"\u00c9pandage des boues de STEP et PFAS : l&rsquo;ouverture d&rsquo;un dossier sensible","datePublished":"2025-10-25T09:42:07+00:00","dateModified":"2025-10-25T09:42:07+00:00","mainEntityOfPage":{"@id":"https:\/\/vosgesinfo.fr\/gerardmerinfo\/?p=83997"},"wordCount":770,"commentCount":0,"publisher":{"@id":"https:\/\/vosgesinfo.fr\/gerardmerinfo\/#organization"},"image":{"@id":"https:\/\/vosgesinfo.fr\/gerardmerinfo\/?p=83997#primaryimage"},"thumbnailUrl":"https:\/\/vosgesinfo.fr\/app\/uploads\/sites\/6\/2025\/10\/conference-debat-sur-les-pifas-et-lepandage-1.jpg","keywords":["Jean-Fran\u00e7ois Fleck","PFAS","Vosges Nature Environnement"],"articleSection":["A la une","Environnement","Gerardmer","Vosges"],"inLanguage":"fr-FR","potentialAction":[{"@type":"CommentAction","name":"Comment","target":["https:\/\/vosgesinfo.fr\/gerardmerinfo\/?p=83997#respond"]}]},{"@type":"WebPage","@id":"https:\/\/vosgesinfo.fr\/gerardmerinfo\/?p=83997","url":"https:\/\/vosgesinfo.fr\/gerardmerinfo\/?p=83997","name":"\u00c9pandage des boues de STEP et PFAS : l'ouverture d'un dossier sensible - Gerardmer Info","isPartOf":{"@id":"https:\/\/vosgesinfo.fr\/gerardmerinfo\/#website"},"primaryImageOfPage":{"@id":"https:\/\/vosgesinfo.fr\/gerardmerinfo\/?p=83997#primaryimage"},"image":{"@id":"https:\/\/vosgesinfo.fr\/gerardmerinfo\/?p=83997#primaryimage"},"thumbnailUrl":"https:\/\/vosgesinfo.fr\/app\/uploads\/sites\/6\/2025\/10\/conference-debat-sur-les-pifas-et-lepandage-1.jpg","datePublished":"2025-10-25T09:42:07+00:00","dateModified":"2025-10-25T09:42:07+00:00","breadcrumb":{"@id":"https:\/\/vosgesinfo.fr\/gerardmerinfo\/?p=83997#breadcrumb"},"inLanguage":"fr-FR","potentialAction":[{"@type":"ReadAction","target":["https:\/\/vosgesinfo.fr\/gerardmerinfo\/?p=83997"]}]},{"@type":"ImageObject","inLanguage":"fr-FR","@id":"https:\/\/vosgesinfo.fr\/gerardmerinfo\/?p=83997#primaryimage","url":"https:\/\/vosgesinfo.fr\/app\/uploads\/sites\/6\/2025\/10\/conference-debat-sur-les-pifas-et-lepandage-1.jpg","contentUrl":"https:\/\/vosgesinfo.fr\/app\/uploads\/sites\/6\/2025\/10\/conference-debat-sur-les-pifas-et-lepandage-1.jpg","width":1440,"height":1080},{"@type":"BreadcrumbList","@id":"https:\/\/vosgesinfo.fr\/gerardmerinfo\/?p=83997#breadcrumb","itemListElement":[{"@type":"ListItem","position":1,"name":"Home","item":"https:\/\/vosgesinfo.fr\/gerardmerinfo\/"},{"@type":"ListItem","position":2,"name":"\u00c9pandage des boues de STEP et PFAS : l&#8217;ouverture d&#8217;un dossier sensible"}]},{"@type":"WebSite","@id":"https:\/\/vosgesinfo.fr\/gerardmerinfo\/#website","url":"https:\/\/vosgesinfo.fr\/gerardmerinfo\/","name":"Gerardmer Info","description":"Toute l&#039;actualit\u00e9 de G\u00e9rardmer","publisher":{"@id":"https:\/\/vosgesinfo.fr\/gerardmerinfo\/#organization"},"alternateName":"Toute l'actualit\u00e9 de G\u00e9rardmer","potentialAction":[{"@type":"SearchAction","target":{"@type":"EntryPoint","urlTemplate":"https:\/\/vosgesinfo.fr\/gerardmerinfo\/?s={search_term_string}"},"query-input":"required name=search_term_string"}],"inLanguage":"fr-FR"},{"@type":"Organization","@id":"https:\/\/vosgesinfo.fr\/gerardmerinfo\/#organization","name":"Gerardmer Info","url":"https:\/\/vosgesinfo.fr\/gerardmerinfo\/","logo":{"@type":"ImageObject","inLanguage":"fr-FR","@id":"https:\/\/vosgesinfo.fr\/gerardmerinfo\/#\/schema\/logo\/image\/","url":"https:\/\/vosgesinfo.fr\/app\/uploads\/sites\/6\/2023\/08\/favicon-gerardmerinfo.png","contentUrl":"https:\/\/vosgesinfo.fr\/app\/uploads\/sites\/6\/2023\/08\/favicon-gerardmerinfo.png","width":512,"height":512,"caption":"Gerardmer Info"},"image":{"@id":"https:\/\/vosgesinfo.fr\/gerardmerinfo\/#\/schema\/logo\/image\/"},"sameAs":["https:\/\/www.facebook.com\/profile.php?id=100049475262660","https:\/\/x.com\/VosgesInfo88","https:\/\/www.youtube.com\/@vosgesinfo"]},{"@type":"Person","@id":"https:\/\/vosgesinfo.fr\/gerardmerinfo\/#\/schema\/person\/db5605779a843dad16b5368f3e7613a5","name":"QG","image":{"@type":"ImageObject","inLanguage":"fr-FR","@id":"https:\/\/vosgesinfo.fr\/gerardmerinfo\/#\/schema\/person\/image\/","url":"https:\/\/secure.gravatar.com\/avatar\/ea80c42c204b534408512832fde52504ecabb9706bcb6151cf6175e5b64e6793?s=96&d=mm&r=g","contentUrl":"https:\/\/secure.gravatar.com\/avatar\/ea80c42c204b534408512832fde52504ecabb9706bcb6151cf6175e5b64e6793?s=96&d=mm&r=g","caption":"QG"},"url":"https:\/\/vosgesinfo.fr\/gerardmerinfo\/author\/quentin88\/"}]}},"_links":{"self":[{"href":"https:\/\/vosgesinfo.fr\/gerardmerinfo\/wp-json\/wp\/v2\/posts\/83997","targetHints":{"allow":["GET"]}}],"collection":[{"href":"https:\/\/vosgesinfo.fr\/gerardmerinfo\/wp-json\/wp\/v2\/posts"}],"about":[{"href":"https:\/\/vosgesinfo.fr\/gerardmerinfo\/wp-json\/wp\/v2\/types\/post"}],"author":[{"embeddable":true,"href":"https:\/\/vosgesinfo.fr\/gerardmerinfo\/wp-json\/wp\/v2\/users\/42"}],"replies":[{"embeddable":true,"href":"https:\/\/vosgesinfo.fr\/gerardmerinfo\/wp-json\/wp\/v2\/comments?post=83997"}],"version-history":[{"count":3,"href":"https:\/\/vosgesinfo.fr\/gerardmerinfo\/wp-json\/wp\/v2\/posts\/83997\/revisions"}],"predecessor-version":[{"id":84005,"href":"https:\/\/vosgesinfo.fr\/gerardmerinfo\/wp-json\/wp\/v2\/posts\/83997\/revisions\/84005"}],"wp:featuredmedia":[{"embeddable":true,"href":"https:\/\/vosgesinfo.fr\/gerardmerinfo\/wp-json\/wp\/v2\/media\/83999"}],"wp:attachment":[{"href":"https:\/\/vosgesinfo.fr\/gerardmerinfo\/wp-json\/wp\/v2\/media?parent=83997"}],"wp:term":[{"taxonomy":"category","embeddable":true,"href":"https:\/\/vosgesinfo.fr\/gerardmerinfo\/wp-json\/wp\/v2\/categories?post=83997"},{"taxonomy":"post_tag","embeddable":true,"href":"https:\/\/vosgesinfo.fr\/gerardmerinfo\/wp-json\/wp\/v2\/tags?post=83997"}],"curies":[{"name":"wp","href":"https:\/\/api.w.org\/{rel}","templated":true}]}}