{"id":84060,"date":"2025-10-26T19:05:16","date_gmt":"2025-10-26T18:05:16","guid":{"rendered":"https:\/\/vosgesinfo.fr\/gerardmerinfo\/?p=84060"},"modified":"2025-10-26T18:48:19","modified_gmt":"2025-10-26T17:48:19","slug":"las-gerardmer-canoe-kayak-cloture-sa-saison-a-la-3eme-place-du-classement-des-clubs-francais","status":"publish","type":"post","link":"https:\/\/vosgesinfo.fr\/gerardmerinfo\/2025\/10\/las-gerardmer-canoe-kayak-cloture-sa-saison-a-la-3eme-place-du-classement-des-clubs-francais\/","title":{"rendered":"L\u2019AS G\u00e9rardmer Cano\u00eb Kayak cl\u00f4ture sa saison \u00e0 la 3eme place du classement des clubs Fran\u00e7ais"},"content":{"rendered":"<div dir=\"auto\">\n<div id=\"attachment_84061\" style=\"width: 1034px\" class=\"wp-caption aligncenter\"><a href=\"https:\/\/vosgesinfo.fr\/app\/uploads\/sites\/6\/2025\/10\/charlene-le-corvaisier-asg-canoe-kayak-ck.jpeg\"><img decoding=\"async\" aria-describedby=\"caption-attachment-84061\" class=\"size-large wp-image-84061\" src=\"https:\/\/vosgesinfo.fr\/app\/uploads\/sites\/6\/2025\/10\/charlene-le-corvaisier-asg-canoe-kayak-ck-1024x683.jpeg\" alt=\"\" width=\"1024\" height=\"683\" srcset=\"https:\/\/vosgesinfo.fr\/app\/uploads\/sites\/6\/2025\/10\/charlene-le-corvaisier-asg-canoe-kayak-ck-1024x683.jpeg 1024w, https:\/\/vosgesinfo.fr\/app\/uploads\/sites\/6\/2025\/10\/charlene-le-corvaisier-asg-canoe-kayak-ck-300x200.jpeg 300w, https:\/\/vosgesinfo.fr\/app\/uploads\/sites\/6\/2025\/10\/charlene-le-corvaisier-asg-canoe-kayak-ck-768x512.jpeg 768w, https:\/\/vosgesinfo.fr\/app\/uploads\/sites\/6\/2025\/10\/charlene-le-corvaisier-asg-canoe-kayak-ck-1536x1024.jpeg 1536w, https:\/\/vosgesinfo.fr\/app\/uploads\/sites\/6\/2025\/10\/charlene-le-corvaisier-asg-canoe-kayak-ck.jpeg 1620w\" sizes=\"(max-width: 1024px) 100vw, 1024px\" \/><\/a><p id=\"caption-attachment-84061\" class=\"wp-caption-text\"><span style=\"color: #003300;\">Charlene Le Corvaisier, (vice championne du monde 2014), championne de France sprint 2025 en Master pour l\u2019ASG CK.<\/span><\/p><\/div>\n<\/div>\n<h3 dir=\"auto\">\n<span style=\"color: #000000;\">Apr\u00e8s le titre en 2024, un \u00e9quipe en transition a concouru sur le circuit national toute cette saison 2025. Compos\u00e9e \u00e0 la fois d\u2019anciens champions et championnes, comme Claire Haab (championne du monde C1) ou encore Louis Lapointe (championne du monde de C1 et C2), et d\u2019une toute nouvelle \u00e9quipe de jeunes entre 14 et 18 ans, le club de l\u2019ASG CK a su garder une belle continuit\u00e9 et un partage d\u2019exp\u00e9rience salvateur pour maintenir une position sur le podium.<\/span><\/h3>\n<p dir=\"auto\">\n<p><span style=\"color: #000000;\">Des titres et de belles places d\u2019honneur ont anim\u00e9 cette semaine de Championnats de France sur le bassin de Saint Pierre de B\u0153uf. En individuel et en courses par \u00e9quipes, les r\u00e9sultats sont excellents et permettent d\u2019entrevoir l\u2019avenir avec s\u00e9r\u00e9nit\u00e9 et ambition.<\/span><\/p>\n<p><strong><span style=\"color: #000000;\">Dans le d\u00e9tail :<\/span><\/strong><\/p>\n<p>C1 Master 2<br \/>\nGwendal Duchet Champion de France<br \/>\nJan Pischek 3eme<\/p>\n<p>K1 D Master<br \/>\nCharl\u00e8ne Lecorvaisier Championne de France<\/p>\n<p>C1 H U21<br \/>\nJan Gabin Pischek Vice Champion De France<\/p>\n<p>C1 Senior<br \/>\nLouis Lapointe 3eme<\/p>\n<p>C2 Mixte<br \/>\nL\u00e9onie Didier \/ Antonin Oudin 3eme<\/p>\n<p>C1 D U18<br \/>\nLeonie Didier 4eme<\/p>\n<p>C1 D Senior<br \/>\nClaire Haab 6eme<\/p>\n<p>C1 H U15<br \/>\nEvan Didier 8eme<\/p>\n<p>C1 H U18<br \/>\nAntonin Oudin 10\u00e8me<\/p>\n<p>C2 H Senior<br \/>\nLouis Lapointe \/ Est\u00e9ban George 5eme<\/p>\n<p>C2 H U15<br \/>\nEvan Didier \/ Lubin Hubschi 5eme<\/p>\n<p>K1 D U15<br \/>\nM\u00e9lyne Robert 4eme<br \/>\nLisa Mathiot 5eme<br \/>\nAlycia R\u00e9my 6eme<br \/>\nAliya Francke Belhadj 15eme<br \/>\nLouis Schmitt-Zimmer 24eme<\/p>\n<p>K1 D U18<br \/>\nLeonie Didier 4eme<\/p>\n<p>K1 H U15<br \/>\nLubin Hubschi 13eme<br \/>\nEvan Didier 36eme<\/p>\n<p>K1 H Master 2<br \/>\nGwendal Duchet 7eme<\/p>\n<p>K1 H U21<br \/>\nDimitri Schoepfer 21eme<\/p>\n<p>K1 H Senior<br \/>\nYves Wehmer 10\u00e8me<br \/>\nEst\u00e9ban George 24eme<\/p>\n<p>Championnats de France par \u00e9quipe de club sprint<\/p>\n<p>K1 D U15<br \/>\nM\u00e9lyne Robert \/ Lisa Mathiot \/ Alycia R\u00e9my Championnes de France par \u00e9quipe<\/p>\n<p>C1 D Senior<br \/>\nCharl\u00e8ne Lecorvaisier \/ Claire Haab \/ Leonie Didier Championnes de France par \u00e9quipe<\/p>\n<p>K1 H Senior<br \/>\nLouis Lapointe \/ Christophe Poulain \/ Yves Wehmer Vice Champions de France par \u00e9quipe<br \/>\nEst\u00e9ban George \/ Dimitri Schoepfer Walter \/ Gwendal Duchet 12\u00e8mes<\/p>\n<p>C1 D U15<br \/>\nM\u00e9lyne Robert \/ Alycia R\u00e9my \/ Louis Schmitt-Zimmer Vice Championnes de France par \u00e9quipe<\/p>\n<p>C2 U15<br \/>\nM\u00e9lyne Robert \/ Alycia R\u00e9my \/ Aliya Francke Belhadj \/ Louis Schmitt-Zimmer \/ Evan Didier \/ Lubin Hubschi Vice Championnes de France par \u00e9quipe<\/p>\n<p>C1 H Senior<br \/>\nLouis Lapointe \/ Jan Pischek \/ Jan Gabin Pischek Vice Champions de France par \u00e9quipe<br \/>\nEst\u00e9ban George \/ Dimitri Schoepfer Walter \/ Gwendal Duchet 12\u00e8mes<\/p>\n<p>C2<br \/>\nGwendal Duchet \/ Est\u00e9ban George \/ Louis Lapointe \/ Antonin Oudin \/ Jan Gabin Pischek \/ Leonie Didier 4emes<br \/>\nClaire Haab \/ Charl\u00e8ne Lecorvaisier \/ Christophe Poulain \/ Yves Wehmer \/ Jan Pischek \/ Dimitri Schoepfer Walter 14emes<\/p>\n<p>K1 U15<br \/>\nAliya Francke Belhadj \/ Lubin Hubschi \/ Evan Didier 15emes \u00bb<\/p>\n","protected":false},"excerpt":{"rendered":"<p>Apr\u00e8s le titre en 2024, un \u00e9quipe en transition a concouru sur le circuit national toute cette saison 2025. Compos\u00e9e [&hellip;]<\/p>\n","protected":false},"author":391,"featured_media":84061,"comment_status":"open","ping_status":"open","sticky":false,"template":"","format":"standard","meta":{"footnotes":""},"categories":[20,5647,14,18],"tags":[249,7922],"class_list":["post-84060","post","type-post","status-publish","format-standard","has-post-thumbnail","hentry","category-a-la-une","category-gerardmer-autres-sites","category-sport","category-vosges","tag-asg-canoe-kayak","tag-charlene-le-corvaisier"],"acf":[],"yoast_head":"<!-- This site is optimized with the Yoast SEO plugin v22.5 - https:\/\/yoast.com\/wordpress\/plugins\/seo\/ -->\n<title>L\u2019AS G\u00e9rardmer Cano\u00eb Kayak cl\u00f4ture sa saison \u00e0 la 3eme place du classement des clubs Fran\u00e7ais - Gerardmer Info<\/title>\n<meta name=\"robots\" content=\"index, follow, max-snippet:-1, max-image-preview:large, max-video-preview:-1\" \/>\n<link rel=\"canonical\" href=\"https:\/\/vosgesinfo.fr\/gerardmerinfo\/2025\/10\/las-gerardmer-canoe-kayak-cloture-sa-saison-a-la-3eme-place-du-classement-des-clubs-francais\/\" \/>\n<meta name=\"twitter:card\" content=\"summary_large_image\" \/>\n<meta name=\"twitter:title\" content=\"L\u2019AS G\u00e9rardmer Cano\u00eb Kayak cl\u00f4ture sa saison \u00e0 la 3eme place du classement des clubs Fran\u00e7ais - Gerardmer Info\" \/>\n<meta name=\"twitter:description\" content=\"Apr\u00e8s le titre en 2024, un \u00e9quipe en transition a concouru sur le circuit national toute cette saison 2025. Compos\u00e9e [&hellip;]\" \/>\n<meta name=\"twitter:image\" content=\"https:\/\/vosgesinfo.fr\/app\/uploads\/sites\/6\/2025\/10\/charlene-le-corvaisier-asg-canoe-kayak-ck.jpeg\" \/>\n<meta name=\"twitter:creator\" content=\"@VosgesInfo88\" \/>\n<meta name=\"twitter:site\" content=\"@VosgesInfo88\" \/>\n<meta name=\"twitter:label1\" content=\"\u00c9crit par\" \/>\n\t<meta name=\"twitter:data1\" content=\"La redaction\" \/>\n\t<meta name=\"twitter:label2\" content=\"Dur\u00e9e de lecture estim\u00e9e\" \/>\n\t<meta name=\"twitter:data2\" content=\"2 minutes\" \/>\n<script type=\"application\/ld+json\" class=\"yoast-schema-graph\">{\"@context\":\"https:\/\/schema.org\",\"@graph\":[{\"@type\":\"Article\",\"@id\":\"https:\/\/vosgesinfo.fr\/gerardmerinfo\/2025\/10\/las-gerardmer-canoe-kayak-cloture-sa-saison-a-la-3eme-place-du-classement-des-clubs-francais\/#article\",\"isPartOf\":{\"@id\":\"https:\/\/vosgesinfo.fr\/gerardmerinfo\/2025\/10\/las-gerardmer-canoe-kayak-cloture-sa-saison-a-la-3eme-place-du-classement-des-clubs-francais\/\"},\"author\":{\"name\":\"La redaction\",\"@id\":\"https:\/\/vosgesinfo.fr\/gerardmerinfo\/#\/schema\/person\/27a3695b06db98895b354c0765cdfc31\"},\"headline\":\"L\u2019AS G\u00e9rardmer Cano\u00eb Kayak cl\u00f4ture sa saison \u00e0 la 3eme place du classement des clubs Fran\u00e7ais\",\"datePublished\":\"2025-10-26T18:05:16+00:00\",\"dateModified\":\"2025-10-26T17:48:19+00:00\",\"mainEntityOfPage\":{\"@id\":\"https:\/\/vosgesinfo.fr\/gerardmerinfo\/2025\/10\/las-gerardmer-canoe-kayak-cloture-sa-saison-a-la-3eme-place-du-classement-des-clubs-francais\/\"},\"wordCount\":488,\"commentCount\":0,\"publisher\":{\"@id\":\"https:\/\/vosgesinfo.fr\/gerardmerinfo\/#organization\"},\"image\":{\"@id\":\"https:\/\/vosgesinfo.fr\/gerardmerinfo\/2025\/10\/las-gerardmer-canoe-kayak-cloture-sa-saison-a-la-3eme-place-du-classement-des-clubs-francais\/#primaryimage\"},\"thumbnailUrl\":\"https:\/\/vosgesinfo.fr\/app\/uploads\/sites\/6\/2025\/10\/charlene-le-corvaisier-asg-canoe-kayak-ck.jpeg\",\"keywords\":[\"asg canoe kayak\",\"Charlene Le Corvaisier\"],\"articleSection\":[\"A la une\",\"Gerardmer\",\"Sport\",\"Vosges\"],\"inLanguage\":\"fr-FR\",\"potentialAction\":[{\"@type\":\"CommentAction\",\"name\":\"Comment\",\"target\":[\"https:\/\/vosgesinfo.fr\/gerardmerinfo\/2025\/10\/las-gerardmer-canoe-kayak-cloture-sa-saison-a-la-3eme-place-du-classement-des-clubs-francais\/#respond\"]}]},{\"@type\":\"WebPage\",\"@id\":\"https:\/\/vosgesinfo.fr\/gerardmerinfo\/2025\/10\/las-gerardmer-canoe-kayak-cloture-sa-saison-a-la-3eme-place-du-classement-des-clubs-francais\/\",\"url\":\"https:\/\/vosgesinfo.fr\/gerardmerinfo\/2025\/10\/las-gerardmer-canoe-kayak-cloture-sa-saison-a-la-3eme-place-du-classement-des-clubs-francais\/\",\"name\":\"L\u2019AS G\u00e9rardmer Cano\u00eb Kayak cl\u00f4ture sa saison \u00e0 la 3eme place du classement des clubs Fran\u00e7ais - Gerardmer Info\",\"isPartOf\":{\"@id\":\"https:\/\/vosgesinfo.fr\/gerardmerinfo\/#website\"},\"primaryImageOfPage\":{\"@id\":\"https:\/\/vosgesinfo.fr\/gerardmerinfo\/2025\/10\/las-gerardmer-canoe-kayak-cloture-sa-saison-a-la-3eme-place-du-classement-des-clubs-francais\/#primaryimage\"},\"image\":{\"@id\":\"https:\/\/vosgesinfo.fr\/gerardmerinfo\/2025\/10\/las-gerardmer-canoe-kayak-cloture-sa-saison-a-la-3eme-place-du-classement-des-clubs-francais\/#primaryimage\"},\"thumbnailUrl\":\"https:\/\/vosgesinfo.fr\/app\/uploads\/sites\/6\/2025\/10\/charlene-le-corvaisier-asg-canoe-kayak-ck.jpeg\",\"datePublished\":\"2025-10-26T18:05:16+00:00\",\"dateModified\":\"2025-10-26T17:48:19+00:00\",\"breadcrumb\":{\"@id\":\"https:\/\/vosgesinfo.fr\/gerardmerinfo\/2025\/10\/las-gerardmer-canoe-kayak-cloture-sa-saison-a-la-3eme-place-du-classement-des-clubs-francais\/#breadcrumb\"},\"inLanguage\":\"fr-FR\",\"potentialAction\":[{\"@type\":\"ReadAction\",\"target\":[\"https:\/\/vosgesinfo.fr\/gerardmerinfo\/2025\/10\/las-gerardmer-canoe-kayak-cloture-sa-saison-a-la-3eme-place-du-classement-des-clubs-francais\/\"]}]},{\"@type\":\"ImageObject\",\"inLanguage\":\"fr-FR\",\"@id\":\"https:\/\/vosgesinfo.fr\/gerardmerinfo\/2025\/10\/las-gerardmer-canoe-kayak-cloture-sa-saison-a-la-3eme-place-du-classement-des-clubs-francais\/#primaryimage\",\"url\":\"https:\/\/vosgesinfo.fr\/app\/uploads\/sites\/6\/2025\/10\/charlene-le-corvaisier-asg-canoe-kayak-ck.jpeg\",\"contentUrl\":\"https:\/\/vosgesinfo.fr\/app\/uploads\/sites\/6\/2025\/10\/charlene-le-corvaisier-asg-canoe-kayak-ck.jpeg\",\"width\":1620,\"height\":1080,\"caption\":\"Charlene Le Corvaisier, (vice championne du monde 2014), championne de France sprint 2025 en Master pour l\u2019ASG CK.\"},{\"@type\":\"BreadcrumbList\",\"@id\":\"https:\/\/vosgesinfo.fr\/gerardmerinfo\/2025\/10\/las-gerardmer-canoe-kayak-cloture-sa-saison-a-la-3eme-place-du-classement-des-clubs-francais\/#breadcrumb\",\"itemListElement\":[{\"@type\":\"ListItem\",\"position\":1,\"name\":\"Home\",\"item\":\"https:\/\/vosgesinfo.fr\/gerardmerinfo\/\"},{\"@type\":\"ListItem\",\"position\":2,\"name\":\"L\u2019AS G\u00e9rardmer Cano\u00eb Kayak cl\u00f4ture sa saison \u00e0 la 3eme place du classement des clubs Fran\u00e7ais\"}]},{\"@type\":\"WebSite\",\"@id\":\"https:\/\/vosgesinfo.fr\/gerardmerinfo\/#website\",\"url\":\"https:\/\/vosgesinfo.fr\/gerardmerinfo\/\",\"name\":\"Gerardmer Info\",\"description\":\"Toute l&#039;actualit\u00e9 de G\u00e9rardmer\",\"publisher\":{\"@id\":\"https:\/\/vosgesinfo.fr\/gerardmerinfo\/#organization\"},\"alternateName\":\"Toute l'actualit\u00e9 de G\u00e9rardmer\",\"potentialAction\":[{\"@type\":\"SearchAction\",\"target\":{\"@type\":\"EntryPoint\",\"urlTemplate\":\"https:\/\/vosgesinfo.fr\/gerardmerinfo\/?s={search_term_string}\"},\"query-input\":\"required name=search_term_string\"}],\"inLanguage\":\"fr-FR\"},{\"@type\":\"Organization\",\"@id\":\"https:\/\/vosgesinfo.fr\/gerardmerinfo\/#organization\",\"name\":\"Gerardmer Info\",\"url\":\"https:\/\/vosgesinfo.fr\/gerardmerinfo\/\",\"logo\":{\"@type\":\"ImageObject\",\"inLanguage\":\"fr-FR\",\"@id\":\"https:\/\/vosgesinfo.fr\/gerardmerinfo\/#\/schema\/logo\/image\/\",\"url\":\"https:\/\/vosgesinfo.fr\/app\/uploads\/sites\/6\/2023\/08\/favicon-gerardmerinfo.png\",\"contentUrl\":\"https:\/\/vosgesinfo.fr\/app\/uploads\/sites\/6\/2023\/08\/favicon-gerardmerinfo.png\",\"width\":512,\"height\":512,\"caption\":\"Gerardmer Info\"},\"image\":{\"@id\":\"https:\/\/vosgesinfo.fr\/gerardmerinfo\/#\/schema\/logo\/image\/\"},\"sameAs\":[\"https:\/\/www.facebook.com\/profile.php?id=100049475262660\",\"https:\/\/x.com\/VosgesInfo88\",\"https:\/\/www.youtube.com\/@vosgesinfo\"]},{\"@type\":\"Person\",\"@id\":\"https:\/\/vosgesinfo.fr\/gerardmerinfo\/#\/schema\/person\/27a3695b06db98895b354c0765cdfc31\",\"name\":\"La redaction\",\"image\":{\"@type\":\"ImageObject\",\"inLanguage\":\"fr-FR\",\"@id\":\"https:\/\/vosgesinfo.fr\/gerardmerinfo\/#\/schema\/person\/image\/\",\"url\":\"https:\/\/secure.gravatar.com\/avatar\/64c76a78e501cedee55736f43f332df901e1896ae9cd8fad269ae2236dd0e8b6?s=96&d=mm&r=g\",\"contentUrl\":\"https:\/\/secure.gravatar.com\/avatar\/64c76a78e501cedee55736f43f332df901e1896ae9cd8fad269ae2236dd0e8b6?s=96&d=mm&r=g\",\"caption\":\"La redaction\"},\"url\":\"https:\/\/vosgesinfo.fr\/gerardmerinfo\/author\/la-redaction\/\"}]}<\/script>\n<!-- \/ Yoast SEO plugin. -->","yoast_head_json":{"title":"L\u2019AS G\u00e9rardmer Cano\u00eb Kayak cl\u00f4ture sa saison \u00e0 la 3eme place du classement des clubs Fran\u00e7ais - Gerardmer Info","robots":{"index":"index","follow":"follow","max-snippet":"max-snippet:-1","max-image-preview":"max-image-preview:large","max-video-preview":"max-video-preview:-1"},"canonical":"https:\/\/vosgesinfo.fr\/gerardmerinfo\/2025\/10\/las-gerardmer-canoe-kayak-cloture-sa-saison-a-la-3eme-place-du-classement-des-clubs-francais\/","twitter_card":"summary_large_image","twitter_title":"L\u2019AS G\u00e9rardmer Cano\u00eb Kayak cl\u00f4ture sa saison \u00e0 la 3eme place du classement des clubs Fran\u00e7ais - Gerardmer Info","twitter_description":"Apr\u00e8s le titre en 2024, un \u00e9quipe en transition a concouru sur le circuit national toute cette saison 2025. Compos\u00e9e [&hellip;]","twitter_image":"https:\/\/vosgesinfo.fr\/app\/uploads\/sites\/6\/2025\/10\/charlene-le-corvaisier-asg-canoe-kayak-ck.jpeg","twitter_creator":"@VosgesInfo88","twitter_site":"@VosgesInfo88","twitter_misc":{"\u00c9crit par":"La redaction","Dur\u00e9e de lecture estim\u00e9e":"2 minutes"},"schema":{"@context":"https:\/\/schema.org","@graph":[{"@type":"Article","@id":"https:\/\/vosgesinfo.fr\/gerardmerinfo\/2025\/10\/las-gerardmer-canoe-kayak-cloture-sa-saison-a-la-3eme-place-du-classement-des-clubs-francais\/#article","isPartOf":{"@id":"https:\/\/vosgesinfo.fr\/gerardmerinfo\/2025\/10\/las-gerardmer-canoe-kayak-cloture-sa-saison-a-la-3eme-place-du-classement-des-clubs-francais\/"},"author":{"name":"La redaction","@id":"https:\/\/vosgesinfo.fr\/gerardmerinfo\/#\/schema\/person\/27a3695b06db98895b354c0765cdfc31"},"headline":"L\u2019AS G\u00e9rardmer Cano\u00eb Kayak cl\u00f4ture sa saison \u00e0 la 3eme place du classement des clubs Fran\u00e7ais","datePublished":"2025-10-26T18:05:16+00:00","dateModified":"2025-10-26T17:48:19+00:00","mainEntityOfPage":{"@id":"https:\/\/vosgesinfo.fr\/gerardmerinfo\/2025\/10\/las-gerardmer-canoe-kayak-cloture-sa-saison-a-la-3eme-place-du-classement-des-clubs-francais\/"},"wordCount":488,"commentCount":0,"publisher":{"@id":"https:\/\/vosgesinfo.fr\/gerardmerinfo\/#organization"},"image":{"@id":"https:\/\/vosgesinfo.fr\/gerardmerinfo\/2025\/10\/las-gerardmer-canoe-kayak-cloture-sa-saison-a-la-3eme-place-du-classement-des-clubs-francais\/#primaryimage"},"thumbnailUrl":"https:\/\/vosgesinfo.fr\/app\/uploads\/sites\/6\/2025\/10\/charlene-le-corvaisier-asg-canoe-kayak-ck.jpeg","keywords":["asg canoe kayak","Charlene Le Corvaisier"],"articleSection":["A la une","Gerardmer","Sport","Vosges"],"inLanguage":"fr-FR","potentialAction":[{"@type":"CommentAction","name":"Comment","target":["https:\/\/vosgesinfo.fr\/gerardmerinfo\/2025\/10\/las-gerardmer-canoe-kayak-cloture-sa-saison-a-la-3eme-place-du-classement-des-clubs-francais\/#respond"]}]},{"@type":"WebPage","@id":"https:\/\/vosgesinfo.fr\/gerardmerinfo\/2025\/10\/las-gerardmer-canoe-kayak-cloture-sa-saison-a-la-3eme-place-du-classement-des-clubs-francais\/","url":"https:\/\/vosgesinfo.fr\/gerardmerinfo\/2025\/10\/las-gerardmer-canoe-kayak-cloture-sa-saison-a-la-3eme-place-du-classement-des-clubs-francais\/","name":"L\u2019AS G\u00e9rardmer Cano\u00eb Kayak cl\u00f4ture sa saison \u00e0 la 3eme place du classement des clubs Fran\u00e7ais - Gerardmer Info","isPartOf":{"@id":"https:\/\/vosgesinfo.fr\/gerardmerinfo\/#website"},"primaryImageOfPage":{"@id":"https:\/\/vosgesinfo.fr\/gerardmerinfo\/2025\/10\/las-gerardmer-canoe-kayak-cloture-sa-saison-a-la-3eme-place-du-classement-des-clubs-francais\/#primaryimage"},"image":{"@id":"https:\/\/vosgesinfo.fr\/gerardmerinfo\/2025\/10\/las-gerardmer-canoe-kayak-cloture-sa-saison-a-la-3eme-place-du-classement-des-clubs-francais\/#primaryimage"},"thumbnailUrl":"https:\/\/vosgesinfo.fr\/app\/uploads\/sites\/6\/2025\/10\/charlene-le-corvaisier-asg-canoe-kayak-ck.jpeg","datePublished":"2025-10-26T18:05:16+00:00","dateModified":"2025-10-26T17:48:19+00:00","breadcrumb":{"@id":"https:\/\/vosgesinfo.fr\/gerardmerinfo\/2025\/10\/las-gerardmer-canoe-kayak-cloture-sa-saison-a-la-3eme-place-du-classement-des-clubs-francais\/#breadcrumb"},"inLanguage":"fr-FR","potentialAction":[{"@type":"ReadAction","target":["https:\/\/vosgesinfo.fr\/gerardmerinfo\/2025\/10\/las-gerardmer-canoe-kayak-cloture-sa-saison-a-la-3eme-place-du-classement-des-clubs-francais\/"]}]},{"@type":"ImageObject","inLanguage":"fr-FR","@id":"https:\/\/vosgesinfo.fr\/gerardmerinfo\/2025\/10\/las-gerardmer-canoe-kayak-cloture-sa-saison-a-la-3eme-place-du-classement-des-clubs-francais\/#primaryimage","url":"https:\/\/vosgesinfo.fr\/app\/uploads\/sites\/6\/2025\/10\/charlene-le-corvaisier-asg-canoe-kayak-ck.jpeg","contentUrl":"https:\/\/vosgesinfo.fr\/app\/uploads\/sites\/6\/2025\/10\/charlene-le-corvaisier-asg-canoe-kayak-ck.jpeg","width":1620,"height":1080,"caption":"Charlene Le Corvaisier, (vice championne du monde 2014), championne de France sprint 2025 en Master pour l\u2019ASG CK."},{"@type":"BreadcrumbList","@id":"https:\/\/vosgesinfo.fr\/gerardmerinfo\/2025\/10\/las-gerardmer-canoe-kayak-cloture-sa-saison-a-la-3eme-place-du-classement-des-clubs-francais\/#breadcrumb","itemListElement":[{"@type":"ListItem","position":1,"name":"Home","item":"https:\/\/vosgesinfo.fr\/gerardmerinfo\/"},{"@type":"ListItem","position":2,"name":"L\u2019AS G\u00e9rardmer Cano\u00eb Kayak cl\u00f4ture sa saison \u00e0 la 3eme place du classement des clubs Fran\u00e7ais"}]},{"@type":"WebSite","@id":"https:\/\/vosgesinfo.fr\/gerardmerinfo\/#website","url":"https:\/\/vosgesinfo.fr\/gerardmerinfo\/","name":"Gerardmer Info","description":"Toute l&#039;actualit\u00e9 de G\u00e9rardmer","publisher":{"@id":"https:\/\/vosgesinfo.fr\/gerardmerinfo\/#organization"},"alternateName":"Toute l'actualit\u00e9 de G\u00e9rardmer","potentialAction":[{"@type":"SearchAction","target":{"@type":"EntryPoint","urlTemplate":"https:\/\/vosgesinfo.fr\/gerardmerinfo\/?s={search_term_string}"},"query-input":"required name=search_term_string"}],"inLanguage":"fr-FR"},{"@type":"Organization","@id":"https:\/\/vosgesinfo.fr\/gerardmerinfo\/#organization","name":"Gerardmer Info","url":"https:\/\/vosgesinfo.fr\/gerardmerinfo\/","logo":{"@type":"ImageObject","inLanguage":"fr-FR","@id":"https:\/\/vosgesinfo.fr\/gerardmerinfo\/#\/schema\/logo\/image\/","url":"https:\/\/vosgesinfo.fr\/app\/uploads\/sites\/6\/2023\/08\/favicon-gerardmerinfo.png","contentUrl":"https:\/\/vosgesinfo.fr\/app\/uploads\/sites\/6\/2023\/08\/favicon-gerardmerinfo.png","width":512,"height":512,"caption":"Gerardmer Info"},"image":{"@id":"https:\/\/vosgesinfo.fr\/gerardmerinfo\/#\/schema\/logo\/image\/"},"sameAs":["https:\/\/www.facebook.com\/profile.php?id=100049475262660","https:\/\/x.com\/VosgesInfo88","https:\/\/www.youtube.com\/@vosgesinfo"]},{"@type":"Person","@id":"https:\/\/vosgesinfo.fr\/gerardmerinfo\/#\/schema\/person\/27a3695b06db98895b354c0765cdfc31","name":"La redaction","image":{"@type":"ImageObject","inLanguage":"fr-FR","@id":"https:\/\/vosgesinfo.fr\/gerardmerinfo\/#\/schema\/person\/image\/","url":"https:\/\/secure.gravatar.com\/avatar\/64c76a78e501cedee55736f43f332df901e1896ae9cd8fad269ae2236dd0e8b6?s=96&d=mm&r=g","contentUrl":"https:\/\/secure.gravatar.com\/avatar\/64c76a78e501cedee55736f43f332df901e1896ae9cd8fad269ae2236dd0e8b6?s=96&d=mm&r=g","caption":"La redaction"},"url":"https:\/\/vosgesinfo.fr\/gerardmerinfo\/author\/la-redaction\/"}]}},"_links":{"self":[{"href":"https:\/\/vosgesinfo.fr\/gerardmerinfo\/wp-json\/wp\/v2\/posts\/84060","targetHints":{"allow":["GET"]}}],"collection":[{"href":"https:\/\/vosgesinfo.fr\/gerardmerinfo\/wp-json\/wp\/v2\/posts"}],"about":[{"href":"https:\/\/vosgesinfo.fr\/gerardmerinfo\/wp-json\/wp\/v2\/types\/post"}],"author":[{"embeddable":true,"href":"https:\/\/vosgesinfo.fr\/gerardmerinfo\/wp-json\/wp\/v2\/users\/391"}],"replies":[{"embeddable":true,"href":"https:\/\/vosgesinfo.fr\/gerardmerinfo\/wp-json\/wp\/v2\/comments?post=84060"}],"version-history":[{"count":1,"href":"https:\/\/vosgesinfo.fr\/gerardmerinfo\/wp-json\/wp\/v2\/posts\/84060\/revisions"}],"predecessor-version":[{"id":84062,"href":"https:\/\/vosgesinfo.fr\/gerardmerinfo\/wp-json\/wp\/v2\/posts\/84060\/revisions\/84062"}],"wp:featuredmedia":[{"embeddable":true,"href":"https:\/\/vosgesinfo.fr\/gerardmerinfo\/wp-json\/wp\/v2\/media\/84061"}],"wp:attachment":[{"href":"https:\/\/vosgesinfo.fr\/gerardmerinfo\/wp-json\/wp\/v2\/media?parent=84060"}],"wp:term":[{"taxonomy":"category","embeddable":true,"href":"https:\/\/vosgesinfo.fr\/gerardmerinfo\/wp-json\/wp\/v2\/categories?post=84060"},{"taxonomy":"post_tag","embeddable":true,"href":"https:\/\/vosgesinfo.fr\/gerardmerinfo\/wp-json\/wp\/v2\/tags?post=84060"}],"curies":[{"name":"wp","href":"https:\/\/api.w.org\/{rel}","templated":true}]}}