{"id":84894,"date":"2025-12-15T05:55:10","date_gmt":"2025-12-15T04:55:10","guid":{"rendered":"https:\/\/vosgesinfo.fr\/gerardmerinfo\/?p=84894"},"modified":"2025-12-15T09:27:28","modified_gmt":"2025-12-15T08:27:28","slug":"fin-dannee-en-beaute-avec-lecole-de-musique-intercommunale","status":"publish","type":"post","link":"https:\/\/vosgesinfo.fr\/gerardmerinfo\/2025\/12\/fin-dannee-en-beaute-avec-lecole-de-musique-intercommunale\/","title":{"rendered":"Fin d&rsquo;ann\u00e9e en beaut\u00e9 avec l&rsquo;\u00e9cole de musique intercommunale"},"content":{"rendered":"<h3><a href=\"https:\/\/vosgesinfo.fr\/app\/uploads\/sites\/6\/2025\/11\/les-concerts-de-noel-20251.jpg\"><img decoding=\"async\" class=\"aligncenter size-medium wp-image-84897\" src=\"https:\/\/vosgesinfo.fr\/app\/uploads\/sites\/6\/2025\/11\/les-concerts-de-noel-20251-212x300.jpg\" alt=\"\" width=\"212\" height=\"300\" srcset=\"https:\/\/vosgesinfo.fr\/app\/uploads\/sites\/6\/2025\/11\/les-concerts-de-noel-20251-212x300.jpg 212w, https:\/\/vosgesinfo.fr\/app\/uploads\/sites\/6\/2025\/11\/les-concerts-de-noel-20251-723x1024.jpg 723w, https:\/\/vosgesinfo.fr\/app\/uploads\/sites\/6\/2025\/11\/les-concerts-de-noel-20251.jpg 763w\" sizes=\"(max-width: 212px) 100vw, 212px\" \/><\/a><\/h3>\n<h3>Retrouvez le programme du mois de d\u00e9cembre de l\u2019\u00e9cole de musique intercommunale G\u00e9rardmer Hautes Vosges :<\/h3>\n<p>&nbsp;<\/p>\n<p><a href=\"https:\/\/vosgesinfo.fr\/app\/uploads\/sites\/6\/2025\/11\/les-concerts-de-noel-20252.jpg\"><img decoding=\"async\" class=\"alignright size-medium wp-image-84896\" src=\"https:\/\/vosgesinfo.fr\/app\/uploads\/sites\/6\/2025\/11\/les-concerts-de-noel-20252-212x300.jpg\" alt=\"\" width=\"212\" height=\"300\" srcset=\"https:\/\/vosgesinfo.fr\/app\/uploads\/sites\/6\/2025\/11\/les-concerts-de-noel-20252-212x300.jpg 212w, https:\/\/vosgesinfo.fr\/app\/uploads\/sites\/6\/2025\/11\/les-concerts-de-noel-20252-723x1024.jpg 723w, https:\/\/vosgesinfo.fr\/app\/uploads\/sites\/6\/2025\/11\/les-concerts-de-noel-20252.jpg 763w\" sizes=\"(max-width: 212px) 100vw, 212px\" \/><\/a>*Samedi 6 d\u00e9cembre \u00e0 20h00 \u2013 Eglise Saint-Joseph de Le Tholy : concert classique de No\u00ebl avec l\u2019ensemble de guitares classiques, la chorale \u00ab Accord et \u00e0 Chant \u00bb, la classe d\u2019orgue, la classe de piano et des \u00e9l\u00e8ves des autres classes instrumentales.<\/p>\n<p>*Vendredi 12 d\u00e9cembre \u00e0 20h00 \u2013 Espace Lac \u00e0 G\u00e9rardmer : Grand Concert de No\u00ebl avec l\u2019ensemble de guitares classiques, la chorale \u00ab Chant\u2019Actus \u00bb accompagn\u00e9e par le Old School Orchestra, un ensemble fl\u00fbtes et cordes, un Grand Ensemble de Bois et le Grand Ensemble de Cuivres.<\/p>\n<p>*Samedi 13 d\u00e9cembre entre 16h15 et 18h30 \u2013 Aumontzey : participation de la Batucada au march\u00e9 de No\u00ebl d\u2019Aumontzey.<\/p>\n<p>*Lundi 15 d\u00e9cembre \u00e0 18h30 \u2013 Auditorium de la Maison de la Musique \u00e0 G\u00e9rardmer : la Musicale #3<\/p>\n<p>*Mercredi 17 d\u00e9cembre \u00e0 15h00 \u2013 EHPAD l\u2019accueil de la Vologne \u00e0 Granges-Aumontzey : Conte Musical le petit Sapin Bleu avec les enfants des classes de formation musicale accompagn\u00e9s au piano par J\u00e9r\u00e9my Marchal. Ce conte enchanteur nous plonge dans l\u2019univers f\u00e9erique d\u2019un petit sapin qui r\u00eave de briller \u00e0 No\u00ebl.<\/p>\n<p>*Vendredi 19 d\u00e9cembre \u00e0 18h00 \u2013 salle de spectacle du Joa Casino de G\u00e9rardmer : Conte Musical le petit Sapin Bleu avec les enfants des classes de formation musicale accompagn\u00e9s au piano par J\u00e9r\u00e9my Marchal. Ce conte enchanteur nous plonge dans l\u2019univers f\u00e9erique d\u2019un petit sapin qui r\u00eave de briller \u00e0 No\u00ebl.<\/p>\n<p><a href=\"https:\/\/vosgesinfo.fr\/app\/uploads\/sites\/6\/2025\/11\/les-concerts-de-noel-20253.jpg\"><img decoding=\"async\" class=\"aligncenter size-large wp-image-84895\" src=\"https:\/\/vosgesinfo.fr\/app\/uploads\/sites\/6\/2025\/11\/les-concerts-de-noel-20253-723x1024.jpg\" alt=\"\" width=\"723\" height=\"1024\" srcset=\"https:\/\/vosgesinfo.fr\/app\/uploads\/sites\/6\/2025\/11\/les-concerts-de-noel-20253-723x1024.jpg 723w, https:\/\/vosgesinfo.fr\/app\/uploads\/sites\/6\/2025\/11\/les-concerts-de-noel-20253-212x300.jpg 212w, https:\/\/vosgesinfo.fr\/app\/uploads\/sites\/6\/2025\/11\/les-concerts-de-noel-20253.jpg 763w\" sizes=\"(max-width: 723px) 100vw, 723px\" \/><\/a><\/p>\n","protected":false},"excerpt":{"rendered":"<p>Retrouvez le programme du mois de d\u00e9cembre de l\u2019\u00e9cole de musique intercommunale G\u00e9rardmer Hautes Vosges : &nbsp; *Samedi 6 d\u00e9cembre [&hellip;]<\/p>\n","protected":false},"author":391,"featured_media":84897,"comment_status":"open","ping_status":"open","sticky":false,"template":"","format":"standard","meta":{"footnotes":""},"categories":[20,34,25,5647],"tags":[],"class_list":["post-84894","post","type-post","status-publish","format-standard","has-post-thumbnail","hentry","category-a-la-une","category-concert","category-gerardmer","category-gerardmer-autres-sites"],"acf":[],"yoast_head":"<!-- This site is optimized with the Yoast SEO plugin v22.5 - https:\/\/yoast.com\/wordpress\/plugins\/seo\/ -->\n<title>Fin d&#039;ann\u00e9e en beaut\u00e9 avec l&#039;\u00e9cole de musique intercommunale - Gerardmer Info<\/title>\n<meta name=\"robots\" content=\"index, follow, max-snippet:-1, max-image-preview:large, max-video-preview:-1\" \/>\n<link rel=\"canonical\" href=\"https:\/\/vosgesinfo.fr\/gerardmerinfo\/2025\/12\/fin-dannee-en-beaute-avec-lecole-de-musique-intercommunale\/\" \/>\n<meta name=\"twitter:card\" content=\"summary_large_image\" \/>\n<meta name=\"twitter:title\" content=\"Fin d&#039;ann\u00e9e en beaut\u00e9 avec l&#039;\u00e9cole de musique intercommunale - Gerardmer Info\" \/>\n<meta name=\"twitter:description\" content=\"Retrouvez le programme du mois de d\u00e9cembre de l\u2019\u00e9cole de musique intercommunale G\u00e9rardmer Hautes Vosges : &nbsp; *Samedi 6 d\u00e9cembre [&hellip;]\" \/>\n<meta name=\"twitter:image\" content=\"https:\/\/vosgesinfo.fr\/app\/uploads\/sites\/6\/2025\/11\/les-concerts-de-noel-20251.jpg\" \/>\n<meta name=\"twitter:creator\" content=\"@VosgesInfo88\" \/>\n<meta name=\"twitter:site\" content=\"@VosgesInfo88\" \/>\n<meta name=\"twitter:label1\" content=\"\u00c9crit par\" \/>\n\t<meta name=\"twitter:data1\" content=\"La redaction\" \/>\n\t<meta name=\"twitter:label2\" content=\"Dur\u00e9e de lecture estim\u00e9e\" \/>\n\t<meta name=\"twitter:data2\" content=\"2 minutes\" \/>\n<script type=\"application\/ld+json\" class=\"yoast-schema-graph\">{\"@context\":\"https:\/\/schema.org\",\"@graph\":[{\"@type\":\"Article\",\"@id\":\"https:\/\/vosgesinfo.fr\/gerardmerinfo\/2025\/12\/fin-dannee-en-beaute-avec-lecole-de-musique-intercommunale\/#article\",\"isPartOf\":{\"@id\":\"https:\/\/vosgesinfo.fr\/gerardmerinfo\/2025\/12\/fin-dannee-en-beaute-avec-lecole-de-musique-intercommunale\/\"},\"author\":{\"name\":\"La redaction\",\"@id\":\"https:\/\/vosgesinfo.fr\/gerardmerinfo\/#\/schema\/person\/27a3695b06db98895b354c0765cdfc31\"},\"headline\":\"Fin d&rsquo;ann\u00e9e en beaut\u00e9 avec l&rsquo;\u00e9cole de musique intercommunale\",\"datePublished\":\"2025-12-15T04:55:10+00:00\",\"dateModified\":\"2025-12-15T08:27:28+00:00\",\"mainEntityOfPage\":{\"@id\":\"https:\/\/vosgesinfo.fr\/gerardmerinfo\/2025\/12\/fin-dannee-en-beaute-avec-lecole-de-musique-intercommunale\/\"},\"wordCount\":265,\"commentCount\":0,\"publisher\":{\"@id\":\"https:\/\/vosgesinfo.fr\/gerardmerinfo\/#organization\"},\"image\":{\"@id\":\"https:\/\/vosgesinfo.fr\/gerardmerinfo\/2025\/12\/fin-dannee-en-beaute-avec-lecole-de-musique-intercommunale\/#primaryimage\"},\"thumbnailUrl\":\"https:\/\/vosgesinfo.fr\/app\/uploads\/sites\/6\/2025\/11\/les-concerts-de-noel-20251.jpg\",\"articleSection\":[\"A la une\",\"Concert\",\"G\u00e9rardmer\",\"Gerardmer\"],\"inLanguage\":\"fr-FR\",\"potentialAction\":[{\"@type\":\"CommentAction\",\"name\":\"Comment\",\"target\":[\"https:\/\/vosgesinfo.fr\/gerardmerinfo\/2025\/12\/fin-dannee-en-beaute-avec-lecole-de-musique-intercommunale\/#respond\"]}]},{\"@type\":\"WebPage\",\"@id\":\"https:\/\/vosgesinfo.fr\/gerardmerinfo\/2025\/12\/fin-dannee-en-beaute-avec-lecole-de-musique-intercommunale\/\",\"url\":\"https:\/\/vosgesinfo.fr\/gerardmerinfo\/2025\/12\/fin-dannee-en-beaute-avec-lecole-de-musique-intercommunale\/\",\"name\":\"Fin d'ann\u00e9e en beaut\u00e9 avec l'\u00e9cole de musique intercommunale - Gerardmer Info\",\"isPartOf\":{\"@id\":\"https:\/\/vosgesinfo.fr\/gerardmerinfo\/#website\"},\"primaryImageOfPage\":{\"@id\":\"https:\/\/vosgesinfo.fr\/gerardmerinfo\/2025\/12\/fin-dannee-en-beaute-avec-lecole-de-musique-intercommunale\/#primaryimage\"},\"image\":{\"@id\":\"https:\/\/vosgesinfo.fr\/gerardmerinfo\/2025\/12\/fin-dannee-en-beaute-avec-lecole-de-musique-intercommunale\/#primaryimage\"},\"thumbnailUrl\":\"https:\/\/vosgesinfo.fr\/app\/uploads\/sites\/6\/2025\/11\/les-concerts-de-noel-20251.jpg\",\"datePublished\":\"2025-12-15T04:55:10+00:00\",\"dateModified\":\"2025-12-15T08:27:28+00:00\",\"breadcrumb\":{\"@id\":\"https:\/\/vosgesinfo.fr\/gerardmerinfo\/2025\/12\/fin-dannee-en-beaute-avec-lecole-de-musique-intercommunale\/#breadcrumb\"},\"inLanguage\":\"fr-FR\",\"potentialAction\":[{\"@type\":\"ReadAction\",\"target\":[\"https:\/\/vosgesinfo.fr\/gerardmerinfo\/2025\/12\/fin-dannee-en-beaute-avec-lecole-de-musique-intercommunale\/\"]}]},{\"@type\":\"ImageObject\",\"inLanguage\":\"fr-FR\",\"@id\":\"https:\/\/vosgesinfo.fr\/gerardmerinfo\/2025\/12\/fin-dannee-en-beaute-avec-lecole-de-musique-intercommunale\/#primaryimage\",\"url\":\"https:\/\/vosgesinfo.fr\/app\/uploads\/sites\/6\/2025\/11\/les-concerts-de-noel-20251.jpg\",\"contentUrl\":\"https:\/\/vosgesinfo.fr\/app\/uploads\/sites\/6\/2025\/11\/les-concerts-de-noel-20251.jpg\",\"width\":763,\"height\":1080},{\"@type\":\"BreadcrumbList\",\"@id\":\"https:\/\/vosgesinfo.fr\/gerardmerinfo\/2025\/12\/fin-dannee-en-beaute-avec-lecole-de-musique-intercommunale\/#breadcrumb\",\"itemListElement\":[{\"@type\":\"ListItem\",\"position\":1,\"name\":\"Home\",\"item\":\"https:\/\/vosgesinfo.fr\/gerardmerinfo\/\"},{\"@type\":\"ListItem\",\"position\":2,\"name\":\"Fin d&#8217;ann\u00e9e en beaut\u00e9 avec l&#8217;\u00e9cole de musique intercommunale\"}]},{\"@type\":\"WebSite\",\"@id\":\"https:\/\/vosgesinfo.fr\/gerardmerinfo\/#website\",\"url\":\"https:\/\/vosgesinfo.fr\/gerardmerinfo\/\",\"name\":\"Gerardmer Info\",\"description\":\"Toute l&#039;actualit\u00e9 de G\u00e9rardmer\",\"publisher\":{\"@id\":\"https:\/\/vosgesinfo.fr\/gerardmerinfo\/#organization\"},\"alternateName\":\"Toute l'actualit\u00e9 de G\u00e9rardmer\",\"potentialAction\":[{\"@type\":\"SearchAction\",\"target\":{\"@type\":\"EntryPoint\",\"urlTemplate\":\"https:\/\/vosgesinfo.fr\/gerardmerinfo\/?s={search_term_string}\"},\"query-input\":\"required name=search_term_string\"}],\"inLanguage\":\"fr-FR\"},{\"@type\":\"Organization\",\"@id\":\"https:\/\/vosgesinfo.fr\/gerardmerinfo\/#organization\",\"name\":\"Gerardmer Info\",\"url\":\"https:\/\/vosgesinfo.fr\/gerardmerinfo\/\",\"logo\":{\"@type\":\"ImageObject\",\"inLanguage\":\"fr-FR\",\"@id\":\"https:\/\/vosgesinfo.fr\/gerardmerinfo\/#\/schema\/logo\/image\/\",\"url\":\"https:\/\/vosgesinfo.fr\/app\/uploads\/sites\/6\/2023\/08\/favicon-gerardmerinfo.png\",\"contentUrl\":\"https:\/\/vosgesinfo.fr\/app\/uploads\/sites\/6\/2023\/08\/favicon-gerardmerinfo.png\",\"width\":512,\"height\":512,\"caption\":\"Gerardmer Info\"},\"image\":{\"@id\":\"https:\/\/vosgesinfo.fr\/gerardmerinfo\/#\/schema\/logo\/image\/\"},\"sameAs\":[\"https:\/\/www.facebook.com\/profile.php?id=100049475262660\",\"https:\/\/x.com\/VosgesInfo88\",\"https:\/\/www.youtube.com\/@vosgesinfo\"]},{\"@type\":\"Person\",\"@id\":\"https:\/\/vosgesinfo.fr\/gerardmerinfo\/#\/schema\/person\/27a3695b06db98895b354c0765cdfc31\",\"name\":\"La redaction\",\"image\":{\"@type\":\"ImageObject\",\"inLanguage\":\"fr-FR\",\"@id\":\"https:\/\/vosgesinfo.fr\/gerardmerinfo\/#\/schema\/person\/image\/\",\"url\":\"https:\/\/secure.gravatar.com\/avatar\/64c76a78e501cedee55736f43f332df901e1896ae9cd8fad269ae2236dd0e8b6?s=96&d=mm&r=g\",\"contentUrl\":\"https:\/\/secure.gravatar.com\/avatar\/64c76a78e501cedee55736f43f332df901e1896ae9cd8fad269ae2236dd0e8b6?s=96&d=mm&r=g\",\"caption\":\"La redaction\"},\"url\":\"https:\/\/vosgesinfo.fr\/gerardmerinfo\/author\/la-redaction\/\"}]}<\/script>\n<!-- \/ Yoast SEO plugin. -->","yoast_head_json":{"title":"Fin d'ann\u00e9e en beaut\u00e9 avec l'\u00e9cole de musique intercommunale - Gerardmer Info","robots":{"index":"index","follow":"follow","max-snippet":"max-snippet:-1","max-image-preview":"max-image-preview:large","max-video-preview":"max-video-preview:-1"},"canonical":"https:\/\/vosgesinfo.fr\/gerardmerinfo\/2025\/12\/fin-dannee-en-beaute-avec-lecole-de-musique-intercommunale\/","twitter_card":"summary_large_image","twitter_title":"Fin d'ann\u00e9e en beaut\u00e9 avec l'\u00e9cole de musique intercommunale - Gerardmer Info","twitter_description":"Retrouvez le programme du mois de d\u00e9cembre de l\u2019\u00e9cole de musique intercommunale G\u00e9rardmer Hautes Vosges : &nbsp; *Samedi 6 d\u00e9cembre [&hellip;]","twitter_image":"https:\/\/vosgesinfo.fr\/app\/uploads\/sites\/6\/2025\/11\/les-concerts-de-noel-20251.jpg","twitter_creator":"@VosgesInfo88","twitter_site":"@VosgesInfo88","twitter_misc":{"\u00c9crit par":"La redaction","Dur\u00e9e de lecture estim\u00e9e":"2 minutes"},"schema":{"@context":"https:\/\/schema.org","@graph":[{"@type":"Article","@id":"https:\/\/vosgesinfo.fr\/gerardmerinfo\/2025\/12\/fin-dannee-en-beaute-avec-lecole-de-musique-intercommunale\/#article","isPartOf":{"@id":"https:\/\/vosgesinfo.fr\/gerardmerinfo\/2025\/12\/fin-dannee-en-beaute-avec-lecole-de-musique-intercommunale\/"},"author":{"name":"La redaction","@id":"https:\/\/vosgesinfo.fr\/gerardmerinfo\/#\/schema\/person\/27a3695b06db98895b354c0765cdfc31"},"headline":"Fin d&rsquo;ann\u00e9e en beaut\u00e9 avec l&rsquo;\u00e9cole de musique intercommunale","datePublished":"2025-12-15T04:55:10+00:00","dateModified":"2025-12-15T08:27:28+00:00","mainEntityOfPage":{"@id":"https:\/\/vosgesinfo.fr\/gerardmerinfo\/2025\/12\/fin-dannee-en-beaute-avec-lecole-de-musique-intercommunale\/"},"wordCount":265,"commentCount":0,"publisher":{"@id":"https:\/\/vosgesinfo.fr\/gerardmerinfo\/#organization"},"image":{"@id":"https:\/\/vosgesinfo.fr\/gerardmerinfo\/2025\/12\/fin-dannee-en-beaute-avec-lecole-de-musique-intercommunale\/#primaryimage"},"thumbnailUrl":"https:\/\/vosgesinfo.fr\/app\/uploads\/sites\/6\/2025\/11\/les-concerts-de-noel-20251.jpg","articleSection":["A la une","Concert","G\u00e9rardmer","Gerardmer"],"inLanguage":"fr-FR","potentialAction":[{"@type":"CommentAction","name":"Comment","target":["https:\/\/vosgesinfo.fr\/gerardmerinfo\/2025\/12\/fin-dannee-en-beaute-avec-lecole-de-musique-intercommunale\/#respond"]}]},{"@type":"WebPage","@id":"https:\/\/vosgesinfo.fr\/gerardmerinfo\/2025\/12\/fin-dannee-en-beaute-avec-lecole-de-musique-intercommunale\/","url":"https:\/\/vosgesinfo.fr\/gerardmerinfo\/2025\/12\/fin-dannee-en-beaute-avec-lecole-de-musique-intercommunale\/","name":"Fin d'ann\u00e9e en beaut\u00e9 avec l'\u00e9cole de musique intercommunale - Gerardmer Info","isPartOf":{"@id":"https:\/\/vosgesinfo.fr\/gerardmerinfo\/#website"},"primaryImageOfPage":{"@id":"https:\/\/vosgesinfo.fr\/gerardmerinfo\/2025\/12\/fin-dannee-en-beaute-avec-lecole-de-musique-intercommunale\/#primaryimage"},"image":{"@id":"https:\/\/vosgesinfo.fr\/gerardmerinfo\/2025\/12\/fin-dannee-en-beaute-avec-lecole-de-musique-intercommunale\/#primaryimage"},"thumbnailUrl":"https:\/\/vosgesinfo.fr\/app\/uploads\/sites\/6\/2025\/11\/les-concerts-de-noel-20251.jpg","datePublished":"2025-12-15T04:55:10+00:00","dateModified":"2025-12-15T08:27:28+00:00","breadcrumb":{"@id":"https:\/\/vosgesinfo.fr\/gerardmerinfo\/2025\/12\/fin-dannee-en-beaute-avec-lecole-de-musique-intercommunale\/#breadcrumb"},"inLanguage":"fr-FR","potentialAction":[{"@type":"ReadAction","target":["https:\/\/vosgesinfo.fr\/gerardmerinfo\/2025\/12\/fin-dannee-en-beaute-avec-lecole-de-musique-intercommunale\/"]}]},{"@type":"ImageObject","inLanguage":"fr-FR","@id":"https:\/\/vosgesinfo.fr\/gerardmerinfo\/2025\/12\/fin-dannee-en-beaute-avec-lecole-de-musique-intercommunale\/#primaryimage","url":"https:\/\/vosgesinfo.fr\/app\/uploads\/sites\/6\/2025\/11\/les-concerts-de-noel-20251.jpg","contentUrl":"https:\/\/vosgesinfo.fr\/app\/uploads\/sites\/6\/2025\/11\/les-concerts-de-noel-20251.jpg","width":763,"height":1080},{"@type":"BreadcrumbList","@id":"https:\/\/vosgesinfo.fr\/gerardmerinfo\/2025\/12\/fin-dannee-en-beaute-avec-lecole-de-musique-intercommunale\/#breadcrumb","itemListElement":[{"@type":"ListItem","position":1,"name":"Home","item":"https:\/\/vosgesinfo.fr\/gerardmerinfo\/"},{"@type":"ListItem","position":2,"name":"Fin d&#8217;ann\u00e9e en beaut\u00e9 avec l&#8217;\u00e9cole de musique intercommunale"}]},{"@type":"WebSite","@id":"https:\/\/vosgesinfo.fr\/gerardmerinfo\/#website","url":"https:\/\/vosgesinfo.fr\/gerardmerinfo\/","name":"Gerardmer Info","description":"Toute l&#039;actualit\u00e9 de G\u00e9rardmer","publisher":{"@id":"https:\/\/vosgesinfo.fr\/gerardmerinfo\/#organization"},"alternateName":"Toute l'actualit\u00e9 de G\u00e9rardmer","potentialAction":[{"@type":"SearchAction","target":{"@type":"EntryPoint","urlTemplate":"https:\/\/vosgesinfo.fr\/gerardmerinfo\/?s={search_term_string}"},"query-input":"required name=search_term_string"}],"inLanguage":"fr-FR"},{"@type":"Organization","@id":"https:\/\/vosgesinfo.fr\/gerardmerinfo\/#organization","name":"Gerardmer Info","url":"https:\/\/vosgesinfo.fr\/gerardmerinfo\/","logo":{"@type":"ImageObject","inLanguage":"fr-FR","@id":"https:\/\/vosgesinfo.fr\/gerardmerinfo\/#\/schema\/logo\/image\/","url":"https:\/\/vosgesinfo.fr\/app\/uploads\/sites\/6\/2023\/08\/favicon-gerardmerinfo.png","contentUrl":"https:\/\/vosgesinfo.fr\/app\/uploads\/sites\/6\/2023\/08\/favicon-gerardmerinfo.png","width":512,"height":512,"caption":"Gerardmer Info"},"image":{"@id":"https:\/\/vosgesinfo.fr\/gerardmerinfo\/#\/schema\/logo\/image\/"},"sameAs":["https:\/\/www.facebook.com\/profile.php?id=100049475262660","https:\/\/x.com\/VosgesInfo88","https:\/\/www.youtube.com\/@vosgesinfo"]},{"@type":"Person","@id":"https:\/\/vosgesinfo.fr\/gerardmerinfo\/#\/schema\/person\/27a3695b06db98895b354c0765cdfc31","name":"La redaction","image":{"@type":"ImageObject","inLanguage":"fr-FR","@id":"https:\/\/vosgesinfo.fr\/gerardmerinfo\/#\/schema\/person\/image\/","url":"https:\/\/secure.gravatar.com\/avatar\/64c76a78e501cedee55736f43f332df901e1896ae9cd8fad269ae2236dd0e8b6?s=96&d=mm&r=g","contentUrl":"https:\/\/secure.gravatar.com\/avatar\/64c76a78e501cedee55736f43f332df901e1896ae9cd8fad269ae2236dd0e8b6?s=96&d=mm&r=g","caption":"La redaction"},"url":"https:\/\/vosgesinfo.fr\/gerardmerinfo\/author\/la-redaction\/"}]}},"_links":{"self":[{"href":"https:\/\/vosgesinfo.fr\/gerardmerinfo\/wp-json\/wp\/v2\/posts\/84894","targetHints":{"allow":["GET"]}}],"collection":[{"href":"https:\/\/vosgesinfo.fr\/gerardmerinfo\/wp-json\/wp\/v2\/posts"}],"about":[{"href":"https:\/\/vosgesinfo.fr\/gerardmerinfo\/wp-json\/wp\/v2\/types\/post"}],"author":[{"embeddable":true,"href":"https:\/\/vosgesinfo.fr\/gerardmerinfo\/wp-json\/wp\/v2\/users\/391"}],"replies":[{"embeddable":true,"href":"https:\/\/vosgesinfo.fr\/gerardmerinfo\/wp-json\/wp\/v2\/comments?post=84894"}],"version-history":[{"count":1,"href":"https:\/\/vosgesinfo.fr\/gerardmerinfo\/wp-json\/wp\/v2\/posts\/84894\/revisions"}],"predecessor-version":[{"id":84898,"href":"https:\/\/vosgesinfo.fr\/gerardmerinfo\/wp-json\/wp\/v2\/posts\/84894\/revisions\/84898"}],"wp:featuredmedia":[{"embeddable":true,"href":"https:\/\/vosgesinfo.fr\/gerardmerinfo\/wp-json\/wp\/v2\/media\/84897"}],"wp:attachment":[{"href":"https:\/\/vosgesinfo.fr\/gerardmerinfo\/wp-json\/wp\/v2\/media?parent=84894"}],"wp:term":[{"taxonomy":"category","embeddable":true,"href":"https:\/\/vosgesinfo.fr\/gerardmerinfo\/wp-json\/wp\/v2\/categories?post=84894"},{"taxonomy":"post_tag","embeddable":true,"href":"https:\/\/vosgesinfo.fr\/gerardmerinfo\/wp-json\/wp\/v2\/tags?post=84894"}],"curies":[{"name":"wp","href":"https:\/\/api.w.org\/{rel}","templated":true}]}}