{"id":85191,"date":"2025-11-30T18:44:13","date_gmt":"2025-11-30T17:44:13","guid":{"rendered":"https:\/\/vosgesinfo.fr\/gerardmerinfo\/?p=85191"},"modified":"2025-11-30T18:44:13","modified_gmt":"2025-11-30T17:44:13","slug":"j-5-avant-la-deuxieme-edition-du-gerardmer-aventure-film-festival","status":"publish","type":"post","link":"https:\/\/vosgesinfo.fr\/gerardmerinfo\/2025\/11\/j-5-avant-la-deuxieme-edition-du-gerardmer-aventure-film-festival\/","title":{"rendered":"J-5 avant la deuxi\u00e8me \u00e9dition du G\u00e9rardmer Aventure Film Festival"},"content":{"rendered":"<p><a href=\"https:\/\/vosgesinfo.fr\/app\/uploads\/sites\/6\/2025\/11\/teaser-gerardmer-aventure-film-festival-2025-youtube.jpg\"><img decoding=\"async\" class=\"aligncenter size-large wp-image-84749\" src=\"https:\/\/vosgesinfo.fr\/app\/uploads\/sites\/6\/2025\/11\/teaser-gerardmer-aventure-film-festival-2025-youtube-1024x576.jpg\" alt=\"\" width=\"1024\" height=\"576\" srcset=\"https:\/\/vosgesinfo.fr\/app\/uploads\/sites\/6\/2025\/11\/teaser-gerardmer-aventure-film-festival-2025-youtube-1024x576.jpg 1024w, https:\/\/vosgesinfo.fr\/app\/uploads\/sites\/6\/2025\/11\/teaser-gerardmer-aventure-film-festival-2025-youtube-300x169.jpg 300w, https:\/\/vosgesinfo.fr\/app\/uploads\/sites\/6\/2025\/11\/teaser-gerardmer-aventure-film-festival-2025-youtube-768x432.jpg 768w, https:\/\/vosgesinfo.fr\/app\/uploads\/sites\/6\/2025\/11\/teaser-gerardmer-aventure-film-festival-2025-youtube.jpg 1242w\" sizes=\"(max-width: 1024px) 100vw, 1024px\" \/><\/a><br \/>\nJ-5 avant l\u2019aventure : le GAFF 2025 transforme G\u00e9rardmer en capitale du film outdoor. Le compte \u00e0 rebours est lanc\u00e9 : dans 5 jours, G\u00e9rardmer vibrera au rythme du G\u00e9rardmer Aventure<br \/>\nFilm Festival (GAFF), qui se tiendra du 5 au 7 d\u00e9cembre 2025.<br \/>\nPendant trois jours, la MCL de G\u00e9rardmer accueillera projections, \u00e9changes avec les r\u00e9alisateurs et protagonistes, et moments de partage autour d\u2019histoires humaines et d\u2019exploits hors du commun.<br \/>\nUne douzaine de r\u00e9alisateurs et protagonistes sont attendus dans la cit\u00e9 g\u00e9romoise tout au long du festival.<br \/>\nPour prolonger l\u2019exp\u00e9rience, une exposition photo d\u00e9di\u00e9e \u00e0 l\u2019aventure sera ouverte au public durant tout le week-end et jusqu\u2019au 29 D\u00e9cembre 2025.<br \/>\nPort\u00e9 par le Club Alpin Fran\u00e7ais des Hautes Vosges, le GAFF confirme G\u00e9rardmer comme nouveau rendez-vous incontournable de l\u2019aventure et du cin\u00e9ma outdoor.<\/p>\n<p><strong>Programmation :<\/strong><\/p>\n<p>Vendredi 5 d\u00e9cembre 2025<br \/>\n\u25cf 19 h : projections de Le Cavalier sans t\u00eate, Seul Libre, Ruby Frequency, Les Jours<br \/>\nSauvages<br \/>\n\u25cf 22 h 30 : concert MowJo<\/p>\n<p>Samedi 6 d\u00e9cembre 2025<br \/>\n\u25cf 15 h : projections de Mercantour sous nos pieds, R\u00eaves de Gangstang, Montagn\u2019Art<br \/>\n\u25cf 17 h 30 : concert La Friche et le Chauve<br \/>\n\u25cf 19 h : projection de La Madone, Sweven, \u00c0 force d\u2019y croire, Banana Pepper, Vrang<\/p>\n<p>Dimanche 7 d\u00e9cembre 2025<br \/>\n\u25cf 15 h : projections + c\u00e9r\u00e9monie de remise des prix<br \/>\nFils du vent, Align\u00e9e, Far Enough, K2 Mon Amour, La Ligne 2<\/p>\n<p><strong>Informations pratiques :\u00a0<\/strong><br \/>\nDates : du vendredi 5 au dimanche 7 d\u00e9cembre 2025<br \/>\nLieu : MCL (Maison de la Culture et des Loisirs), G\u00e9rardmer<br \/>\nBilletterie &amp; programmation : https:\/\/gaff-festival.fr\/<br \/>\nTarif par s\u00e9ance : plein 9\u20ac, -18 ans 4,50\u20ac<\/p>\n","protected":false},"excerpt":{"rendered":"<p>J-5 avant l\u2019aventure : le GAFF 2025 transforme G\u00e9rardmer en capitale du film outdoor. Le compte \u00e0 rebours est lanc\u00e9 [&hellip;]<\/p>\n","protected":false},"author":391,"featured_media":84749,"comment_status":"open","ping_status":"open","sticky":false,"template":"","format":"standard","meta":{"footnotes":""},"categories":[20,5647,25,14,18],"tags":[],"class_list":["post-85191","post","type-post","status-publish","format-standard","has-post-thumbnail","hentry","category-a-la-une","category-gerardmer-autres-sites","category-gerardmer","category-sport","category-vosges"],"acf":[],"yoast_head":"<!-- This site is optimized with the Yoast SEO plugin v22.5 - https:\/\/yoast.com\/wordpress\/plugins\/seo\/ -->\n<title>J-5 avant la deuxi\u00e8me \u00e9dition du G\u00e9rardmer Aventure Film Festival - Gerardmer Info<\/title>\n<meta name=\"robots\" content=\"index, follow, max-snippet:-1, max-image-preview:large, max-video-preview:-1\" \/>\n<link rel=\"canonical\" href=\"https:\/\/vosgesinfo.fr\/gerardmerinfo\/?p=85191\" \/>\n<meta name=\"twitter:card\" content=\"summary_large_image\" \/>\n<meta name=\"twitter:title\" content=\"J-5 avant la deuxi\u00e8me \u00e9dition du G\u00e9rardmer Aventure Film Festival - Gerardmer Info\" \/>\n<meta name=\"twitter:description\" content=\"J-5 avant l\u2019aventure : le GAFF 2025 transforme G\u00e9rardmer en capitale du film outdoor. Le compte \u00e0 rebours est lanc\u00e9 [&hellip;]\" \/>\n<meta name=\"twitter:creator\" content=\"@VosgesInfo88\" \/>\n<meta name=\"twitter:site\" content=\"@VosgesInfo88\" \/>\n<meta name=\"twitter:label1\" content=\"\u00c9crit par\" \/>\n\t<meta name=\"twitter:data1\" content=\"La redaction\" \/>\n\t<meta name=\"twitter:label2\" content=\"Dur\u00e9e de lecture estim\u00e9e\" \/>\n\t<meta name=\"twitter:data2\" content=\"1 minute\" \/>\n<script type=\"application\/ld+json\" class=\"yoast-schema-graph\">{\"@context\":\"https:\/\/schema.org\",\"@graph\":[{\"@type\":\"Article\",\"@id\":\"https:\/\/vosgesinfo.fr\/gerardmerinfo\/?p=85191#article\",\"isPartOf\":{\"@id\":\"https:\/\/vosgesinfo.fr\/gerardmerinfo\/?p=85191\"},\"author\":{\"name\":\"La redaction\",\"@id\":\"https:\/\/vosgesinfo.fr\/gerardmerinfo\/#\/schema\/person\/27a3695b06db98895b354c0765cdfc31\"},\"headline\":\"J-5 avant la deuxi\u00e8me \u00e9dition du G\u00e9rardmer Aventure Film Festival\",\"datePublished\":\"2025-11-30T17:44:13+00:00\",\"dateModified\":\"2025-11-30T17:44:13+00:00\",\"mainEntityOfPage\":{\"@id\":\"https:\/\/vosgesinfo.fr\/gerardmerinfo\/?p=85191\"},\"wordCount\":270,\"commentCount\":0,\"publisher\":{\"@id\":\"https:\/\/vosgesinfo.fr\/gerardmerinfo\/#organization\"},\"image\":{\"@id\":\"https:\/\/vosgesinfo.fr\/gerardmerinfo\/?p=85191#primaryimage\"},\"thumbnailUrl\":\"https:\/\/vosgesinfo.fr\/app\/uploads\/sites\/6\/2025\/11\/teaser-gerardmer-aventure-film-festival-2025-youtube.jpg\",\"articleSection\":[\"A la une\",\"Gerardmer\",\"G\u00e9rardmer\",\"Sport\",\"Vosges\"],\"inLanguage\":\"fr-FR\",\"potentialAction\":[{\"@type\":\"CommentAction\",\"name\":\"Comment\",\"target\":[\"https:\/\/vosgesinfo.fr\/gerardmerinfo\/?p=85191#respond\"]}]},{\"@type\":\"WebPage\",\"@id\":\"https:\/\/vosgesinfo.fr\/gerardmerinfo\/?p=85191\",\"url\":\"https:\/\/vosgesinfo.fr\/gerardmerinfo\/?p=85191\",\"name\":\"J-5 avant la deuxi\u00e8me \u00e9dition du G\u00e9rardmer Aventure Film Festival - Gerardmer Info\",\"isPartOf\":{\"@id\":\"https:\/\/vosgesinfo.fr\/gerardmerinfo\/#website\"},\"primaryImageOfPage\":{\"@id\":\"https:\/\/vosgesinfo.fr\/gerardmerinfo\/?p=85191#primaryimage\"},\"image\":{\"@id\":\"https:\/\/vosgesinfo.fr\/gerardmerinfo\/?p=85191#primaryimage\"},\"thumbnailUrl\":\"https:\/\/vosgesinfo.fr\/app\/uploads\/sites\/6\/2025\/11\/teaser-gerardmer-aventure-film-festival-2025-youtube.jpg\",\"datePublished\":\"2025-11-30T17:44:13+00:00\",\"dateModified\":\"2025-11-30T17:44:13+00:00\",\"breadcrumb\":{\"@id\":\"https:\/\/vosgesinfo.fr\/gerardmerinfo\/?p=85191#breadcrumb\"},\"inLanguage\":\"fr-FR\",\"potentialAction\":[{\"@type\":\"ReadAction\",\"target\":[\"https:\/\/vosgesinfo.fr\/gerardmerinfo\/?p=85191\"]}]},{\"@type\":\"ImageObject\",\"inLanguage\":\"fr-FR\",\"@id\":\"https:\/\/vosgesinfo.fr\/gerardmerinfo\/?p=85191#primaryimage\",\"url\":\"https:\/\/vosgesinfo.fr\/app\/uploads\/sites\/6\/2025\/11\/teaser-gerardmer-aventure-film-festival-2025-youtube.jpg\",\"contentUrl\":\"https:\/\/vosgesinfo.fr\/app\/uploads\/sites\/6\/2025\/11\/teaser-gerardmer-aventure-film-festival-2025-youtube.jpg\",\"width\":1242,\"height\":699},{\"@type\":\"BreadcrumbList\",\"@id\":\"https:\/\/vosgesinfo.fr\/gerardmerinfo\/?p=85191#breadcrumb\",\"itemListElement\":[{\"@type\":\"ListItem\",\"position\":1,\"name\":\"Home\",\"item\":\"https:\/\/vosgesinfo.fr\/gerardmerinfo\/\"},{\"@type\":\"ListItem\",\"position\":2,\"name\":\"J-5 avant la deuxi\u00e8me \u00e9dition du G\u00e9rardmer Aventure Film Festival\"}]},{\"@type\":\"WebSite\",\"@id\":\"https:\/\/vosgesinfo.fr\/gerardmerinfo\/#website\",\"url\":\"https:\/\/vosgesinfo.fr\/gerardmerinfo\/\",\"name\":\"Gerardmer Info\",\"description\":\"Toute l&#039;actualit\u00e9 de G\u00e9rardmer\",\"publisher\":{\"@id\":\"https:\/\/vosgesinfo.fr\/gerardmerinfo\/#organization\"},\"alternateName\":\"Toute l'actualit\u00e9 de G\u00e9rardmer\",\"potentialAction\":[{\"@type\":\"SearchAction\",\"target\":{\"@type\":\"EntryPoint\",\"urlTemplate\":\"https:\/\/vosgesinfo.fr\/gerardmerinfo\/?s={search_term_string}\"},\"query-input\":\"required name=search_term_string\"}],\"inLanguage\":\"fr-FR\"},{\"@type\":\"Organization\",\"@id\":\"https:\/\/vosgesinfo.fr\/gerardmerinfo\/#organization\",\"name\":\"Gerardmer Info\",\"url\":\"https:\/\/vosgesinfo.fr\/gerardmerinfo\/\",\"logo\":{\"@type\":\"ImageObject\",\"inLanguage\":\"fr-FR\",\"@id\":\"https:\/\/vosgesinfo.fr\/gerardmerinfo\/#\/schema\/logo\/image\/\",\"url\":\"https:\/\/vosgesinfo.fr\/app\/uploads\/sites\/6\/2023\/08\/favicon-gerardmerinfo.png\",\"contentUrl\":\"https:\/\/vosgesinfo.fr\/app\/uploads\/sites\/6\/2023\/08\/favicon-gerardmerinfo.png\",\"width\":512,\"height\":512,\"caption\":\"Gerardmer Info\"},\"image\":{\"@id\":\"https:\/\/vosgesinfo.fr\/gerardmerinfo\/#\/schema\/logo\/image\/\"},\"sameAs\":[\"https:\/\/www.facebook.com\/profile.php?id=100049475262660\",\"https:\/\/x.com\/VosgesInfo88\",\"https:\/\/www.youtube.com\/@vosgesinfo\"]},{\"@type\":\"Person\",\"@id\":\"https:\/\/vosgesinfo.fr\/gerardmerinfo\/#\/schema\/person\/27a3695b06db98895b354c0765cdfc31\",\"name\":\"La redaction\",\"image\":{\"@type\":\"ImageObject\",\"inLanguage\":\"fr-FR\",\"@id\":\"https:\/\/vosgesinfo.fr\/gerardmerinfo\/#\/schema\/person\/image\/\",\"url\":\"https:\/\/secure.gravatar.com\/avatar\/64c76a78e501cedee55736f43f332df901e1896ae9cd8fad269ae2236dd0e8b6?s=96&d=mm&r=g\",\"contentUrl\":\"https:\/\/secure.gravatar.com\/avatar\/64c76a78e501cedee55736f43f332df901e1896ae9cd8fad269ae2236dd0e8b6?s=96&d=mm&r=g\",\"caption\":\"La redaction\"},\"url\":\"https:\/\/vosgesinfo.fr\/gerardmerinfo\/author\/la-redaction\/\"}]}<\/script>\n<!-- \/ Yoast SEO plugin. -->","yoast_head_json":{"title":"J-5 avant la deuxi\u00e8me \u00e9dition du G\u00e9rardmer Aventure Film Festival - Gerardmer Info","robots":{"index":"index","follow":"follow","max-snippet":"max-snippet:-1","max-image-preview":"max-image-preview:large","max-video-preview":"max-video-preview:-1"},"canonical":"https:\/\/vosgesinfo.fr\/gerardmerinfo\/?p=85191","twitter_card":"summary_large_image","twitter_title":"J-5 avant la deuxi\u00e8me \u00e9dition du G\u00e9rardmer Aventure Film Festival - Gerardmer Info","twitter_description":"J-5 avant l\u2019aventure : le GAFF 2025 transforme G\u00e9rardmer en capitale du film outdoor. Le compte \u00e0 rebours est lanc\u00e9 [&hellip;]","twitter_creator":"@VosgesInfo88","twitter_site":"@VosgesInfo88","twitter_misc":{"\u00c9crit par":"La redaction","Dur\u00e9e de lecture estim\u00e9e":"1 minute"},"schema":{"@context":"https:\/\/schema.org","@graph":[{"@type":"Article","@id":"https:\/\/vosgesinfo.fr\/gerardmerinfo\/?p=85191#article","isPartOf":{"@id":"https:\/\/vosgesinfo.fr\/gerardmerinfo\/?p=85191"},"author":{"name":"La redaction","@id":"https:\/\/vosgesinfo.fr\/gerardmerinfo\/#\/schema\/person\/27a3695b06db98895b354c0765cdfc31"},"headline":"J-5 avant la deuxi\u00e8me \u00e9dition du G\u00e9rardmer Aventure Film Festival","datePublished":"2025-11-30T17:44:13+00:00","dateModified":"2025-11-30T17:44:13+00:00","mainEntityOfPage":{"@id":"https:\/\/vosgesinfo.fr\/gerardmerinfo\/?p=85191"},"wordCount":270,"commentCount":0,"publisher":{"@id":"https:\/\/vosgesinfo.fr\/gerardmerinfo\/#organization"},"image":{"@id":"https:\/\/vosgesinfo.fr\/gerardmerinfo\/?p=85191#primaryimage"},"thumbnailUrl":"https:\/\/vosgesinfo.fr\/app\/uploads\/sites\/6\/2025\/11\/teaser-gerardmer-aventure-film-festival-2025-youtube.jpg","articleSection":["A la une","Gerardmer","G\u00e9rardmer","Sport","Vosges"],"inLanguage":"fr-FR","potentialAction":[{"@type":"CommentAction","name":"Comment","target":["https:\/\/vosgesinfo.fr\/gerardmerinfo\/?p=85191#respond"]}]},{"@type":"WebPage","@id":"https:\/\/vosgesinfo.fr\/gerardmerinfo\/?p=85191","url":"https:\/\/vosgesinfo.fr\/gerardmerinfo\/?p=85191","name":"J-5 avant la deuxi\u00e8me \u00e9dition du G\u00e9rardmer Aventure Film Festival - Gerardmer Info","isPartOf":{"@id":"https:\/\/vosgesinfo.fr\/gerardmerinfo\/#website"},"primaryImageOfPage":{"@id":"https:\/\/vosgesinfo.fr\/gerardmerinfo\/?p=85191#primaryimage"},"image":{"@id":"https:\/\/vosgesinfo.fr\/gerardmerinfo\/?p=85191#primaryimage"},"thumbnailUrl":"https:\/\/vosgesinfo.fr\/app\/uploads\/sites\/6\/2025\/11\/teaser-gerardmer-aventure-film-festival-2025-youtube.jpg","datePublished":"2025-11-30T17:44:13+00:00","dateModified":"2025-11-30T17:44:13+00:00","breadcrumb":{"@id":"https:\/\/vosgesinfo.fr\/gerardmerinfo\/?p=85191#breadcrumb"},"inLanguage":"fr-FR","potentialAction":[{"@type":"ReadAction","target":["https:\/\/vosgesinfo.fr\/gerardmerinfo\/?p=85191"]}]},{"@type":"ImageObject","inLanguage":"fr-FR","@id":"https:\/\/vosgesinfo.fr\/gerardmerinfo\/?p=85191#primaryimage","url":"https:\/\/vosgesinfo.fr\/app\/uploads\/sites\/6\/2025\/11\/teaser-gerardmer-aventure-film-festival-2025-youtube.jpg","contentUrl":"https:\/\/vosgesinfo.fr\/app\/uploads\/sites\/6\/2025\/11\/teaser-gerardmer-aventure-film-festival-2025-youtube.jpg","width":1242,"height":699},{"@type":"BreadcrumbList","@id":"https:\/\/vosgesinfo.fr\/gerardmerinfo\/?p=85191#breadcrumb","itemListElement":[{"@type":"ListItem","position":1,"name":"Home","item":"https:\/\/vosgesinfo.fr\/gerardmerinfo\/"},{"@type":"ListItem","position":2,"name":"J-5 avant la deuxi\u00e8me \u00e9dition du G\u00e9rardmer Aventure Film Festival"}]},{"@type":"WebSite","@id":"https:\/\/vosgesinfo.fr\/gerardmerinfo\/#website","url":"https:\/\/vosgesinfo.fr\/gerardmerinfo\/","name":"Gerardmer Info","description":"Toute l&#039;actualit\u00e9 de G\u00e9rardmer","publisher":{"@id":"https:\/\/vosgesinfo.fr\/gerardmerinfo\/#organization"},"alternateName":"Toute l'actualit\u00e9 de G\u00e9rardmer","potentialAction":[{"@type":"SearchAction","target":{"@type":"EntryPoint","urlTemplate":"https:\/\/vosgesinfo.fr\/gerardmerinfo\/?s={search_term_string}"},"query-input":"required name=search_term_string"}],"inLanguage":"fr-FR"},{"@type":"Organization","@id":"https:\/\/vosgesinfo.fr\/gerardmerinfo\/#organization","name":"Gerardmer Info","url":"https:\/\/vosgesinfo.fr\/gerardmerinfo\/","logo":{"@type":"ImageObject","inLanguage":"fr-FR","@id":"https:\/\/vosgesinfo.fr\/gerardmerinfo\/#\/schema\/logo\/image\/","url":"https:\/\/vosgesinfo.fr\/app\/uploads\/sites\/6\/2023\/08\/favicon-gerardmerinfo.png","contentUrl":"https:\/\/vosgesinfo.fr\/app\/uploads\/sites\/6\/2023\/08\/favicon-gerardmerinfo.png","width":512,"height":512,"caption":"Gerardmer Info"},"image":{"@id":"https:\/\/vosgesinfo.fr\/gerardmerinfo\/#\/schema\/logo\/image\/"},"sameAs":["https:\/\/www.facebook.com\/profile.php?id=100049475262660","https:\/\/x.com\/VosgesInfo88","https:\/\/www.youtube.com\/@vosgesinfo"]},{"@type":"Person","@id":"https:\/\/vosgesinfo.fr\/gerardmerinfo\/#\/schema\/person\/27a3695b06db98895b354c0765cdfc31","name":"La redaction","image":{"@type":"ImageObject","inLanguage":"fr-FR","@id":"https:\/\/vosgesinfo.fr\/gerardmerinfo\/#\/schema\/person\/image\/","url":"https:\/\/secure.gravatar.com\/avatar\/64c76a78e501cedee55736f43f332df901e1896ae9cd8fad269ae2236dd0e8b6?s=96&d=mm&r=g","contentUrl":"https:\/\/secure.gravatar.com\/avatar\/64c76a78e501cedee55736f43f332df901e1896ae9cd8fad269ae2236dd0e8b6?s=96&d=mm&r=g","caption":"La redaction"},"url":"https:\/\/vosgesinfo.fr\/gerardmerinfo\/author\/la-redaction\/"}]}},"_links":{"self":[{"href":"https:\/\/vosgesinfo.fr\/gerardmerinfo\/wp-json\/wp\/v2\/posts\/85191","targetHints":{"allow":["GET"]}}],"collection":[{"href":"https:\/\/vosgesinfo.fr\/gerardmerinfo\/wp-json\/wp\/v2\/posts"}],"about":[{"href":"https:\/\/vosgesinfo.fr\/gerardmerinfo\/wp-json\/wp\/v2\/types\/post"}],"author":[{"embeddable":true,"href":"https:\/\/vosgesinfo.fr\/gerardmerinfo\/wp-json\/wp\/v2\/users\/391"}],"replies":[{"embeddable":true,"href":"https:\/\/vosgesinfo.fr\/gerardmerinfo\/wp-json\/wp\/v2\/comments?post=85191"}],"version-history":[{"count":1,"href":"https:\/\/vosgesinfo.fr\/gerardmerinfo\/wp-json\/wp\/v2\/posts\/85191\/revisions"}],"predecessor-version":[{"id":85192,"href":"https:\/\/vosgesinfo.fr\/gerardmerinfo\/wp-json\/wp\/v2\/posts\/85191\/revisions\/85192"}],"wp:featuredmedia":[{"embeddable":true,"href":"https:\/\/vosgesinfo.fr\/gerardmerinfo\/wp-json\/wp\/v2\/media\/84749"}],"wp:attachment":[{"href":"https:\/\/vosgesinfo.fr\/gerardmerinfo\/wp-json\/wp\/v2\/media?parent=85191"}],"wp:term":[{"taxonomy":"category","embeddable":true,"href":"https:\/\/vosgesinfo.fr\/gerardmerinfo\/wp-json\/wp\/v2\/categories?post=85191"},{"taxonomy":"post_tag","embeddable":true,"href":"https:\/\/vosgesinfo.fr\/gerardmerinfo\/wp-json\/wp\/v2\/tags?post=85191"}],"curies":[{"name":"wp","href":"https:\/\/api.w.org\/{rel}","templated":true}]}}