{"id":85193,"date":"2025-12-01T05:56:32","date_gmt":"2025-12-01T04:56:32","guid":{"rendered":"https:\/\/vosgesinfo.fr\/gerardmerinfo\/?p=85193"},"modified":"2025-12-01T09:42:45","modified_gmt":"2025-12-01T08:42:45","slug":"a-gerardmer-les-dirigeantes-vosgiennes-se-rassemblent-au-jacquard-francais-pour-leur-rencontre-annuelle","status":"publish","type":"post","link":"https:\/\/vosgesinfo.fr\/gerardmerinfo\/2025\/12\/a-gerardmer-les-dirigeantes-vosgiennes-se-rassemblent-au-jacquard-francais-pour-leur-rencontre-annuelle\/","title":{"rendered":"\u00c0 G\u00e9rardmer, les dirigeantes vosgiennes se rassemblent au Jacquard Fran\u00e7ais pour leur rencontre annuelle"},"content":{"rendered":"<div id=\"attachment_85198\" style=\"width: 1034px\" class=\"wp-caption aligncenter\"><a href=\"https:\/\/vosgesinfo.fr\/app\/uploads\/sites\/6\/2025\/11\/visite-cci-jacquard-francais-2.jpg\"><img decoding=\"async\" aria-describedby=\"caption-attachment-85198\" class=\"size-large wp-image-85198\" src=\"https:\/\/vosgesinfo.fr\/app\/uploads\/sites\/6\/2025\/11\/visite-cci-jacquard-francais-2-1024x768.jpg\" alt=\"\" width=\"1024\" height=\"768\" srcset=\"https:\/\/vosgesinfo.fr\/app\/uploads\/sites\/6\/2025\/11\/visite-cci-jacquard-francais-2-1024x768.jpg 1024w, https:\/\/vosgesinfo.fr\/app\/uploads\/sites\/6\/2025\/11\/visite-cci-jacquard-francais-2-300x225.jpg 300w, https:\/\/vosgesinfo.fr\/app\/uploads\/sites\/6\/2025\/11\/visite-cci-jacquard-francais-2-768x576.jpg 768w, https:\/\/vosgesinfo.fr\/app\/uploads\/sites\/6\/2025\/11\/visite-cci-jacquard-francais-2.jpg 1440w\" sizes=\"(max-width: 1024px) 100vw, 1024px\" \/><\/a><p id=\"caption-attachment-85198\" class=\"wp-caption-text\">La directrice g\u00e9n\u00e9rale du Jacquard Fran\u00e7ais B\u00e9atrice Brandt (au 1er plan) en compagnie d&rsquo;Anne-Christine Fr\u00e8re, pr\u00e9sidente de la CCI Vosges, lors du mot d&rsquo;accueil.<\/p><\/div>\n\n\t\t<style type=\"text\/css\">\n\t\t\t#gallery-1 {\n\t\t\t\tmargin: auto;\n\t\t\t}\n\t\t\t#gallery-1 .gallery-item {\n\t\t\t\tfloat: left;\n\t\t\t\tmargin-top: 10px;\n\t\t\t\ttext-align: center;\n\t\t\t\twidth: 50%;\n\t\t\t}\n\t\t\t#gallery-1 img {\n\t\t\t\tborder: 2px solid #cfcfcf;\n\t\t\t}\n\t\t\t#gallery-1 .gallery-caption {\n\t\t\t\tmargin-left: 0;\n\t\t\t}\n\t\t\t\/* see gallery_shortcode() in wp-includes\/media.php *\/\n\t\t<\/style>\n\t\t<div id='gallery-1' class='gallery galleryid-85193 gallery-columns-2 gallery-size-medium'><dl class='gallery-item'>\n\t\t\t<dt class='gallery-icon landscape'>\n\t\t\t\t<a href='https:\/\/vosgesinfo.fr\/app\/uploads\/sites\/6\/2025\/11\/visite-cci-jacquard-francais-1.jpg'><img decoding=\"async\" width=\"300\" height=\"225\" src=\"https:\/\/vosgesinfo.fr\/app\/uploads\/sites\/6\/2025\/11\/visite-cci-jacquard-francais-1-300x225.jpg\" class=\"attachment-medium size-medium\" alt=\"\" srcset=\"https:\/\/vosgesinfo.fr\/app\/uploads\/sites\/6\/2025\/11\/visite-cci-jacquard-francais-1-300x225.jpg 300w, https:\/\/vosgesinfo.fr\/app\/uploads\/sites\/6\/2025\/11\/visite-cci-jacquard-francais-1-1024x768.jpg 1024w, https:\/\/vosgesinfo.fr\/app\/uploads\/sites\/6\/2025\/11\/visite-cci-jacquard-francais-1-768x576.jpg 768w, https:\/\/vosgesinfo.fr\/app\/uploads\/sites\/6\/2025\/11\/visite-cci-jacquard-francais-1.jpg 1440w\" sizes=\"(max-width: 300px) 100vw, 300px\" \/><\/a>\n\t\t\t<\/dt><\/dl><dl class='gallery-item'>\n\t\t\t<dt class='gallery-icon landscape'>\n\t\t\t\t<a href='https:\/\/vosgesinfo.fr\/app\/uploads\/sites\/6\/2025\/11\/cci-jacquard-francais.jpg'><img decoding=\"async\" width=\"300\" height=\"225\" src=\"https:\/\/vosgesinfo.fr\/app\/uploads\/sites\/6\/2025\/11\/cci-jacquard-francais-300x225.jpg\" class=\"attachment-medium size-medium\" alt=\"\" srcset=\"https:\/\/vosgesinfo.fr\/app\/uploads\/sites\/6\/2025\/11\/cci-jacquard-francais-300x225.jpg 300w, https:\/\/vosgesinfo.fr\/app\/uploads\/sites\/6\/2025\/11\/cci-jacquard-francais-1024x768.jpg 1024w, https:\/\/vosgesinfo.fr\/app\/uploads\/sites\/6\/2025\/11\/cci-jacquard-francais-768x576.jpg 768w, https:\/\/vosgesinfo.fr\/app\/uploads\/sites\/6\/2025\/11\/cci-jacquard-francais.jpg 1440w\" sizes=\"(max-width: 300px) 100vw, 300px\" \/><\/a>\n\t\t\t<\/dt><\/dl><br style=\"clear: both\" \/><dl class='gallery-item'>\n\t\t\t<dt class='gallery-icon portrait'>\n\t\t\t\t<a href='https:\/\/vosgesinfo.fr\/app\/uploads\/sites\/6\/2025\/11\/visite-cci-jacquard-francais-3.jpg'><img decoding=\"async\" width=\"225\" height=\"300\" src=\"https:\/\/vosgesinfo.fr\/app\/uploads\/sites\/6\/2025\/11\/visite-cci-jacquard-francais-3-225x300.jpg\" class=\"attachment-medium size-medium\" alt=\"\" srcset=\"https:\/\/vosgesinfo.fr\/app\/uploads\/sites\/6\/2025\/11\/visite-cci-jacquard-francais-3-225x300.jpg 225w, https:\/\/vosgesinfo.fr\/app\/uploads\/sites\/6\/2025\/11\/visite-cci-jacquard-francais-3-768x1024.jpg 768w, https:\/\/vosgesinfo.fr\/app\/uploads\/sites\/6\/2025\/11\/visite-cci-jacquard-francais-3.jpg 810w\" sizes=\"(max-width: 225px) 100vw, 225px\" \/><\/a>\n\t\t\t<\/dt><\/dl><dl class='gallery-item'>\n\t\t\t<dt class='gallery-icon landscape'>\n\t\t\t\t<a href='https:\/\/vosgesinfo.fr\/app\/uploads\/sites\/6\/2025\/11\/visite-cci-jacquard-francais-4.jpg'><img decoding=\"async\" width=\"300\" height=\"225\" src=\"https:\/\/vosgesinfo.fr\/app\/uploads\/sites\/6\/2025\/11\/visite-cci-jacquard-francais-4-300x225.jpg\" class=\"attachment-medium size-medium\" alt=\"\" srcset=\"https:\/\/vosgesinfo.fr\/app\/uploads\/sites\/6\/2025\/11\/visite-cci-jacquard-francais-4-300x225.jpg 300w, https:\/\/vosgesinfo.fr\/app\/uploads\/sites\/6\/2025\/11\/visite-cci-jacquard-francais-4-1024x768.jpg 1024w, https:\/\/vosgesinfo.fr\/app\/uploads\/sites\/6\/2025\/11\/visite-cci-jacquard-francais-4-768x576.jpg 768w, https:\/\/vosgesinfo.fr\/app\/uploads\/sites\/6\/2025\/11\/visite-cci-jacquard-francais-4.jpg 1440w\" sizes=\"(max-width: 300px) 100vw, 300px\" \/><\/a>\n\t\t\t<\/dt><\/dl><br style=\"clear: both\" \/>\n\t\t<\/div>\n\n<p data-start=\"347\" data-end=\"673\"><br data-start=\"389\" data-end=\"392\" \/><strong>C\u2019est au c\u0153ur des ateliers du Jacquard Fran\u00e7ais, embl\u00e8me du textile vosgien, que le Club \u00ab Cheffes d\u2019entreprises et Cadres dirigeantes \u00bb de la CCI des Vosges a tenu ce vendredi sa troisi\u00e8me rencontre annuelle. Une matin\u00e9e riche en d\u00e9couvertes, en \u00e9changes\u2026 et en fiert\u00e9 locale. cet \u00e9v\u00e9nement \u00e9tait marqu\u00e9 par la pr\u00e9sence d&rsquo;Anne-Christine Fr\u00e8re, Pr\u00e9sidente CCI VOSGES, G\u00e9r\u00f4moise d&rsquo;origine, et don la grand-m\u00e8re Germaine Chipot\u00a0 fut en son temps ouvri\u00e8re au sein du Jacquard Fran\u00e7ais !\u00a0<\/strong><\/p>\n<p data-start=\"732\" data-end=\"1099\">D\u00e8s 9 h 30, treize cheffes d\u2019entreprises et cadres dirigeantes ont franchi les portes du site industriel de la marque, fond\u00e9e en 1888. Accueillies par St\u00e9phanie Muller, Directrice de l\u2019usine, les participantes ont parcouru les ateliers o\u00f9 s\u2019activent les m\u00e9tiers Jacquard, ces imposantes machines qui tissent chaque ann\u00e9e plus de 800 000 m\u00e8tres de tissu. Entre d\u00e9monstrations techniques et explications passionn\u00e9es, les dirigeantes ont pu mesurer l\u2019ampleur du savoir-faire inscrit dans les murs. \u00ab Ici, chaque pi\u00e8ce raconte une histoire \u00bb, a rappel\u00e9 B\u00e9atrice Brandt, Directrice g\u00e9n\u00e9rale, en soulignant l\u2019importance du label Entreprise du Patrimoine Vivant, d\u00e9tenu par le Jacquard Fran\u00e7ais.<\/p>\n<p data-start=\"732\" data-end=\"1099\">Le jacquard Fran\u00e7ais, un choix qui s&rsquo;imposait pour cette rencontre, car au-del\u00e0 de son savoir-faire et de son prestige, la maison peut s\u2019enorgueillir d&rsquo;un personnel en grande partie f\u00e9minin : \u00ab\u00a0Nous tournons en deux 8 avec fin de la journ\u00e9e \u00e0 21 heures et nous ne travaillons pas le week-end, ce qui est pratique notamment pour les mamans\u00a0\u00bb pr\u00e9cise ainsi B\u00e9atrice Brandt, ravie d&rsquo;accueillir ces rencontres.<\/p>\n<p data-start=\"1447\" data-end=\"1497\"><strong data-start=\"1451\" data-end=\"1497\">Un moment fort autour du patrimoine vivant<\/strong><\/p>\n<p data-start=\"1499\" data-end=\"2021\"><a href=\"https:\/\/vosgesinfo.fr\/app\/uploads\/sites\/6\/2025\/11\/visite-cci-jacquard-francais-6.jpg\"><img decoding=\"async\" class=\"alignright size-medium wp-image-85202\" src=\"https:\/\/vosgesinfo.fr\/app\/uploads\/sites\/6\/2025\/11\/visite-cci-jacquard-francais-6-300x225.jpg\" alt=\"\" width=\"300\" height=\"225\" srcset=\"https:\/\/vosgesinfo.fr\/app\/uploads\/sites\/6\/2025\/11\/visite-cci-jacquard-francais-6-300x225.jpg 300w, https:\/\/vosgesinfo.fr\/app\/uploads\/sites\/6\/2025\/11\/visite-cci-jacquard-francais-6-1024x768.jpg 1024w, https:\/\/vosgesinfo.fr\/app\/uploads\/sites\/6\/2025\/11\/visite-cci-jacquard-francais-6-768x576.jpg 768w, https:\/\/vosgesinfo.fr\/app\/uploads\/sites\/6\/2025\/11\/visite-cci-jacquard-francais-6.jpg 1440w\" sizes=\"(max-width: 300px) 100vw, 300px\" \/><\/a>La matin\u00e9e s\u2019est poursuivie \u00e0 l\u2019Espace LAC, o\u00f9 une conf\u00e9rence consacr\u00e9e au th\u00e8me \u00ab Entreprise du Patrimoine Vivant et savoir-faire \u00bb a permis d\u2019\u00e9largir la r\u00e9flexion. L\u2019exemple du Jacquard Fran\u00e7ais a servi de fil conducteur pour \u00e9voquer la transmission, l\u2019innovation et la p\u00e9rennit\u00e9 des m\u00e9tiers d\u2019excellence. Autant de sujets qui ont fortement r\u00e9sonn\u00e9 aupr\u00e8s des participantes, elles-m\u00eames engag\u00e9es dans des secteurs vari\u00e9s mais partageant les m\u00eames enjeux : pr\u00e9server, moderniser et faire rayonner leurs activit\u00e9s.<\/p>\n<p data-start=\"2023\" data-end=\"2067\"><strong data-start=\"2027\" data-end=\"2067\">Les Vosges, un territoire qui compte<\/strong><\/p>\n<p data-start=\"2069\" data-end=\"2531\">Preuve de l\u2019int\u00e9r\u00eat croissant port\u00e9 au r\u00e9seau vosgien, une d\u00e9l\u00e9gation de la CCI Grand Est ainsi qu\u2019une d\u00e9l\u00e9gation nationale de CCI France avaient fait le d\u00e9placement. Un signal fort pour la Pr\u00e9sidente de la CCI des Vosges, Anne-Christine Fr\u00e8re, pr\u00e9sente pour saluer l\u2019engagement des dirigeantes locales. Le message est clair : le territoire vosgien n\u2019a rien \u00e0 envier aux grandes m\u00e9tropoles en mati\u00e8re d\u2019initiatives f\u00e9minines et entrepreneuriales.<\/p>\n<p data-start=\"2533\" data-end=\"2563\"><strong data-start=\"2537\" data-end=\"2563\">Un club en plein essor<\/strong><\/p>\n<p data-start=\"2565\" data-end=\"3013\"><a href=\"https:\/\/vosgesinfo.fr\/app\/uploads\/sites\/6\/2025\/11\/visite-cci-jacquard-francais-5.jpg\"><img decoding=\"async\" class=\"alignright size-medium wp-image-85201\" src=\"https:\/\/vosgesinfo.fr\/app\/uploads\/sites\/6\/2025\/11\/visite-cci-jacquard-francais-5-300x225.jpg\" alt=\"\" width=\"300\" height=\"225\" srcset=\"https:\/\/vosgesinfo.fr\/app\/uploads\/sites\/6\/2025\/11\/visite-cci-jacquard-francais-5-300x225.jpg 300w, https:\/\/vosgesinfo.fr\/app\/uploads\/sites\/6\/2025\/11\/visite-cci-jacquard-francais-5-1024x768.jpg 1024w, https:\/\/vosgesinfo.fr\/app\/uploads\/sites\/6\/2025\/11\/visite-cci-jacquard-francais-5-768x576.jpg 768w, https:\/\/vosgesinfo.fr\/app\/uploads\/sites\/6\/2025\/11\/visite-cci-jacquard-francais-5.jpg 1440w\" sizes=\"(max-width: 300px) 100vw, 300px\" \/><\/a>Cr\u00e9\u00e9 en 2021, le Club \u00ab Cheffes d\u2019entreprises et Cadres dirigeantes \u00bb s\u2019impose d\u00e9sormais comme un rendez-vous incontournable. Trois fois par an, il permet aux dirigeantes de se r\u00e9unir autour de th\u00e9matiques inspirantes, en alternant visites d\u2019entreprises, ateliers et interventions d\u2019experts. L\u2019objectif reste inchang\u00e9 : favoriser les \u00e9changes, encourager les collaborations et donner de la visibilit\u00e9 aux femmes qui entreprennent dans les Vosges.<\/p>\n<p data-start=\"3074\" data-end=\"3436\">En accueillant cette rencontre, le Jacquard Fran\u00e7ais a une nouvelle fois d\u00e9montr\u00e9 son r\u00f4le moteur dans le rayonnement \u00e9conomique du d\u00e9partement. Entre tradition, innovation et leadership f\u00e9minin, cette matinale aura illustr\u00e9 un point essentiel : les Vosges peuvent compter sur un r\u00e9seau de dirigeantes engag\u00e9es, curieuses\u2026 et r\u00e9solument tourn\u00e9es vers l\u2019avenir.<\/p>\n","protected":false},"excerpt":{"rendered":"<p>C\u2019est au c\u0153ur des ateliers du Jacquard Fran\u00e7ais, embl\u00e8me du textile vosgien, que le Club \u00ab Cheffes d\u2019entreprises et Cadres [&hellip;]<\/p>\n","protected":false},"author":42,"featured_media":85197,"comment_status":"open","ping_status":"open","sticky":false,"template":"","format":"standard","meta":{"footnotes":""},"categories":[20,5,25,5647,18],"tags":[8050,4480,8049,22],"class_list":["post-85193","post","type-post","status-publish","format-standard","has-post-thumbnail","hentry","category-a-la-une","category-economie","category-gerardmer","category-gerardmer-autres-sites","category-vosges","tag-beatrice-brandt","tag-cci-des-vosges","tag-jacquard","tag-jacquard-francais"],"acf":[],"yoast_head":"<!-- This site is optimized with the Yoast SEO plugin v22.5 - https:\/\/yoast.com\/wordpress\/plugins\/seo\/ -->\n<title>\u00c0 G\u00e9rardmer, les dirigeantes vosgiennes se rassemblent au Jacquard Fran\u00e7ais pour leur rencontre annuelle - Gerardmer Info<\/title>\n<meta name=\"robots\" content=\"index, follow, max-snippet:-1, max-image-preview:large, max-video-preview:-1\" \/>\n<link rel=\"canonical\" href=\"https:\/\/vosgesinfo.fr\/gerardmerinfo\/2025\/12\/a-gerardmer-les-dirigeantes-vosgiennes-se-rassemblent-au-jacquard-francais-pour-leur-rencontre-annuelle\/\" \/>\n<meta name=\"twitter:card\" content=\"summary_large_image\" \/>\n<meta name=\"twitter:title\" content=\"\u00c0 G\u00e9rardmer, les dirigeantes vosgiennes se rassemblent au Jacquard Fran\u00e7ais pour leur rencontre annuelle - Gerardmer Info\" \/>\n<meta name=\"twitter:description\" content=\"C\u2019est au c\u0153ur des ateliers du Jacquard Fran\u00e7ais, embl\u00e8me du textile vosgien, que le Club \u00ab Cheffes d\u2019entreprises et Cadres [&hellip;]\" \/>\n<meta name=\"twitter:image\" content=\"https:\/\/vosgesinfo.fr\/app\/uploads\/sites\/6\/2025\/11\/visite-cci-jacquard-francais-1.jpg\" \/>\n<meta name=\"twitter:creator\" content=\"@VosgesInfo88\" \/>\n<meta name=\"twitter:site\" content=\"@VosgesInfo88\" \/>\n<meta name=\"twitter:label1\" content=\"\u00c9crit par\" \/>\n\t<meta name=\"twitter:data1\" content=\"QG\" \/>\n\t<meta name=\"twitter:label2\" content=\"Dur\u00e9e de lecture estim\u00e9e\" \/>\n\t<meta name=\"twitter:data2\" content=\"4 minutes\" \/>\n<script type=\"application\/ld+json\" class=\"yoast-schema-graph\">{\"@context\":\"https:\/\/schema.org\",\"@graph\":[{\"@type\":\"Article\",\"@id\":\"https:\/\/vosgesinfo.fr\/gerardmerinfo\/2025\/12\/a-gerardmer-les-dirigeantes-vosgiennes-se-rassemblent-au-jacquard-francais-pour-leur-rencontre-annuelle\/#article\",\"isPartOf\":{\"@id\":\"https:\/\/vosgesinfo.fr\/gerardmerinfo\/2025\/12\/a-gerardmer-les-dirigeantes-vosgiennes-se-rassemblent-au-jacquard-francais-pour-leur-rencontre-annuelle\/\"},\"author\":{\"name\":\"QG\",\"@id\":\"https:\/\/vosgesinfo.fr\/gerardmerinfo\/#\/schema\/person\/db5605779a843dad16b5368f3e7613a5\"},\"headline\":\"\u00c0 G\u00e9rardmer, les dirigeantes vosgiennes se rassemblent au Jacquard Fran\u00e7ais pour leur rencontre annuelle\",\"datePublished\":\"2025-12-01T04:56:32+00:00\",\"dateModified\":\"2025-12-01T08:42:45+00:00\",\"mainEntityOfPage\":{\"@id\":\"https:\/\/vosgesinfo.fr\/gerardmerinfo\/2025\/12\/a-gerardmer-les-dirigeantes-vosgiennes-se-rassemblent-au-jacquard-francais-pour-leur-rencontre-annuelle\/\"},\"wordCount\":660,\"commentCount\":0,\"publisher\":{\"@id\":\"https:\/\/vosgesinfo.fr\/gerardmerinfo\/#organization\"},\"image\":{\"@id\":\"https:\/\/vosgesinfo.fr\/gerardmerinfo\/2025\/12\/a-gerardmer-les-dirigeantes-vosgiennes-se-rassemblent-au-jacquard-francais-pour-leur-rencontre-annuelle\/#primaryimage\"},\"thumbnailUrl\":\"https:\/\/vosgesinfo.fr\/app\/uploads\/sites\/6\/2025\/11\/visite-cci-jacquard-francais-1.jpg\",\"keywords\":[\"B\u00e9atrice Brandt\",\"CCI des Vosges\",\"jacquard\",\"jacquard fran\u00e7ais\"],\"articleSection\":[\"A la une\",\"\u00c9conomie\",\"G\u00e9rardmer\",\"Gerardmer\",\"Vosges\"],\"inLanguage\":\"fr-FR\",\"potentialAction\":[{\"@type\":\"CommentAction\",\"name\":\"Comment\",\"target\":[\"https:\/\/vosgesinfo.fr\/gerardmerinfo\/2025\/12\/a-gerardmer-les-dirigeantes-vosgiennes-se-rassemblent-au-jacquard-francais-pour-leur-rencontre-annuelle\/#respond\"]}]},{\"@type\":\"WebPage\",\"@id\":\"https:\/\/vosgesinfo.fr\/gerardmerinfo\/2025\/12\/a-gerardmer-les-dirigeantes-vosgiennes-se-rassemblent-au-jacquard-francais-pour-leur-rencontre-annuelle\/\",\"url\":\"https:\/\/vosgesinfo.fr\/gerardmerinfo\/2025\/12\/a-gerardmer-les-dirigeantes-vosgiennes-se-rassemblent-au-jacquard-francais-pour-leur-rencontre-annuelle\/\",\"name\":\"\u00c0 G\u00e9rardmer, les dirigeantes vosgiennes se rassemblent au Jacquard Fran\u00e7ais pour leur rencontre annuelle - Gerardmer Info\",\"isPartOf\":{\"@id\":\"https:\/\/vosgesinfo.fr\/gerardmerinfo\/#website\"},\"primaryImageOfPage\":{\"@id\":\"https:\/\/vosgesinfo.fr\/gerardmerinfo\/2025\/12\/a-gerardmer-les-dirigeantes-vosgiennes-se-rassemblent-au-jacquard-francais-pour-leur-rencontre-annuelle\/#primaryimage\"},\"image\":{\"@id\":\"https:\/\/vosgesinfo.fr\/gerardmerinfo\/2025\/12\/a-gerardmer-les-dirigeantes-vosgiennes-se-rassemblent-au-jacquard-francais-pour-leur-rencontre-annuelle\/#primaryimage\"},\"thumbnailUrl\":\"https:\/\/vosgesinfo.fr\/app\/uploads\/sites\/6\/2025\/11\/visite-cci-jacquard-francais-1.jpg\",\"datePublished\":\"2025-12-01T04:56:32+00:00\",\"dateModified\":\"2025-12-01T08:42:45+00:00\",\"breadcrumb\":{\"@id\":\"https:\/\/vosgesinfo.fr\/gerardmerinfo\/2025\/12\/a-gerardmer-les-dirigeantes-vosgiennes-se-rassemblent-au-jacquard-francais-pour-leur-rencontre-annuelle\/#breadcrumb\"},\"inLanguage\":\"fr-FR\",\"potentialAction\":[{\"@type\":\"ReadAction\",\"target\":[\"https:\/\/vosgesinfo.fr\/gerardmerinfo\/2025\/12\/a-gerardmer-les-dirigeantes-vosgiennes-se-rassemblent-au-jacquard-francais-pour-leur-rencontre-annuelle\/\"]}]},{\"@type\":\"ImageObject\",\"inLanguage\":\"fr-FR\",\"@id\":\"https:\/\/vosgesinfo.fr\/gerardmerinfo\/2025\/12\/a-gerardmer-les-dirigeantes-vosgiennes-se-rassemblent-au-jacquard-francais-pour-leur-rencontre-annuelle\/#primaryimage\",\"url\":\"https:\/\/vosgesinfo.fr\/app\/uploads\/sites\/6\/2025\/11\/visite-cci-jacquard-francais-1.jpg\",\"contentUrl\":\"https:\/\/vosgesinfo.fr\/app\/uploads\/sites\/6\/2025\/11\/visite-cci-jacquard-francais-1.jpg\",\"width\":1440,\"height\":1080},{\"@type\":\"BreadcrumbList\",\"@id\":\"https:\/\/vosgesinfo.fr\/gerardmerinfo\/2025\/12\/a-gerardmer-les-dirigeantes-vosgiennes-se-rassemblent-au-jacquard-francais-pour-leur-rencontre-annuelle\/#breadcrumb\",\"itemListElement\":[{\"@type\":\"ListItem\",\"position\":1,\"name\":\"Home\",\"item\":\"https:\/\/vosgesinfo.fr\/gerardmerinfo\/\"},{\"@type\":\"ListItem\",\"position\":2,\"name\":\"\u00c0 G\u00e9rardmer, les dirigeantes vosgiennes se rassemblent au Jacquard Fran\u00e7ais pour leur rencontre annuelle\"}]},{\"@type\":\"WebSite\",\"@id\":\"https:\/\/vosgesinfo.fr\/gerardmerinfo\/#website\",\"url\":\"https:\/\/vosgesinfo.fr\/gerardmerinfo\/\",\"name\":\"Gerardmer Info\",\"description\":\"Toute l&#039;actualit\u00e9 de G\u00e9rardmer\",\"publisher\":{\"@id\":\"https:\/\/vosgesinfo.fr\/gerardmerinfo\/#organization\"},\"alternateName\":\"Toute l'actualit\u00e9 de G\u00e9rardmer\",\"potentialAction\":[{\"@type\":\"SearchAction\",\"target\":{\"@type\":\"EntryPoint\",\"urlTemplate\":\"https:\/\/vosgesinfo.fr\/gerardmerinfo\/?s={search_term_string}\"},\"query-input\":\"required name=search_term_string\"}],\"inLanguage\":\"fr-FR\"},{\"@type\":\"Organization\",\"@id\":\"https:\/\/vosgesinfo.fr\/gerardmerinfo\/#organization\",\"name\":\"Gerardmer Info\",\"url\":\"https:\/\/vosgesinfo.fr\/gerardmerinfo\/\",\"logo\":{\"@type\":\"ImageObject\",\"inLanguage\":\"fr-FR\",\"@id\":\"https:\/\/vosgesinfo.fr\/gerardmerinfo\/#\/schema\/logo\/image\/\",\"url\":\"https:\/\/vosgesinfo.fr\/app\/uploads\/sites\/6\/2023\/08\/favicon-gerardmerinfo.png\",\"contentUrl\":\"https:\/\/vosgesinfo.fr\/app\/uploads\/sites\/6\/2023\/08\/favicon-gerardmerinfo.png\",\"width\":512,\"height\":512,\"caption\":\"Gerardmer Info\"},\"image\":{\"@id\":\"https:\/\/vosgesinfo.fr\/gerardmerinfo\/#\/schema\/logo\/image\/\"},\"sameAs\":[\"https:\/\/www.facebook.com\/profile.php?id=100049475262660\",\"https:\/\/x.com\/VosgesInfo88\",\"https:\/\/www.youtube.com\/@vosgesinfo\"]},{\"@type\":\"Person\",\"@id\":\"https:\/\/vosgesinfo.fr\/gerardmerinfo\/#\/schema\/person\/db5605779a843dad16b5368f3e7613a5\",\"name\":\"QG\",\"image\":{\"@type\":\"ImageObject\",\"inLanguage\":\"fr-FR\",\"@id\":\"https:\/\/vosgesinfo.fr\/gerardmerinfo\/#\/schema\/person\/image\/\",\"url\":\"https:\/\/secure.gravatar.com\/avatar\/ea80c42c204b534408512832fde52504ecabb9706bcb6151cf6175e5b64e6793?s=96&d=mm&r=g\",\"contentUrl\":\"https:\/\/secure.gravatar.com\/avatar\/ea80c42c204b534408512832fde52504ecabb9706bcb6151cf6175e5b64e6793?s=96&d=mm&r=g\",\"caption\":\"QG\"},\"url\":\"https:\/\/vosgesinfo.fr\/gerardmerinfo\/author\/quentin88\/\"}]}<\/script>\n<!-- \/ Yoast SEO plugin. -->","yoast_head_json":{"title":"\u00c0 G\u00e9rardmer, les dirigeantes vosgiennes se rassemblent au Jacquard Fran\u00e7ais pour leur rencontre annuelle - Gerardmer Info","robots":{"index":"index","follow":"follow","max-snippet":"max-snippet:-1","max-image-preview":"max-image-preview:large","max-video-preview":"max-video-preview:-1"},"canonical":"https:\/\/vosgesinfo.fr\/gerardmerinfo\/2025\/12\/a-gerardmer-les-dirigeantes-vosgiennes-se-rassemblent-au-jacquard-francais-pour-leur-rencontre-annuelle\/","twitter_card":"summary_large_image","twitter_title":"\u00c0 G\u00e9rardmer, les dirigeantes vosgiennes se rassemblent au Jacquard Fran\u00e7ais pour leur rencontre annuelle - Gerardmer Info","twitter_description":"C\u2019est au c\u0153ur des ateliers du Jacquard Fran\u00e7ais, embl\u00e8me du textile vosgien, que le Club \u00ab Cheffes d\u2019entreprises et Cadres [&hellip;]","twitter_image":"https:\/\/vosgesinfo.fr\/app\/uploads\/sites\/6\/2025\/11\/visite-cci-jacquard-francais-1.jpg","twitter_creator":"@VosgesInfo88","twitter_site":"@VosgesInfo88","twitter_misc":{"\u00c9crit par":"QG","Dur\u00e9e de lecture estim\u00e9e":"4 minutes"},"schema":{"@context":"https:\/\/schema.org","@graph":[{"@type":"Article","@id":"https:\/\/vosgesinfo.fr\/gerardmerinfo\/2025\/12\/a-gerardmer-les-dirigeantes-vosgiennes-se-rassemblent-au-jacquard-francais-pour-leur-rencontre-annuelle\/#article","isPartOf":{"@id":"https:\/\/vosgesinfo.fr\/gerardmerinfo\/2025\/12\/a-gerardmer-les-dirigeantes-vosgiennes-se-rassemblent-au-jacquard-francais-pour-leur-rencontre-annuelle\/"},"author":{"name":"QG","@id":"https:\/\/vosgesinfo.fr\/gerardmerinfo\/#\/schema\/person\/db5605779a843dad16b5368f3e7613a5"},"headline":"\u00c0 G\u00e9rardmer, les dirigeantes vosgiennes se rassemblent au Jacquard Fran\u00e7ais pour leur rencontre annuelle","datePublished":"2025-12-01T04:56:32+00:00","dateModified":"2025-12-01T08:42:45+00:00","mainEntityOfPage":{"@id":"https:\/\/vosgesinfo.fr\/gerardmerinfo\/2025\/12\/a-gerardmer-les-dirigeantes-vosgiennes-se-rassemblent-au-jacquard-francais-pour-leur-rencontre-annuelle\/"},"wordCount":660,"commentCount":0,"publisher":{"@id":"https:\/\/vosgesinfo.fr\/gerardmerinfo\/#organization"},"image":{"@id":"https:\/\/vosgesinfo.fr\/gerardmerinfo\/2025\/12\/a-gerardmer-les-dirigeantes-vosgiennes-se-rassemblent-au-jacquard-francais-pour-leur-rencontre-annuelle\/#primaryimage"},"thumbnailUrl":"https:\/\/vosgesinfo.fr\/app\/uploads\/sites\/6\/2025\/11\/visite-cci-jacquard-francais-1.jpg","keywords":["B\u00e9atrice Brandt","CCI des Vosges","jacquard","jacquard fran\u00e7ais"],"articleSection":["A la une","\u00c9conomie","G\u00e9rardmer","Gerardmer","Vosges"],"inLanguage":"fr-FR","potentialAction":[{"@type":"CommentAction","name":"Comment","target":["https:\/\/vosgesinfo.fr\/gerardmerinfo\/2025\/12\/a-gerardmer-les-dirigeantes-vosgiennes-se-rassemblent-au-jacquard-francais-pour-leur-rencontre-annuelle\/#respond"]}]},{"@type":"WebPage","@id":"https:\/\/vosgesinfo.fr\/gerardmerinfo\/2025\/12\/a-gerardmer-les-dirigeantes-vosgiennes-se-rassemblent-au-jacquard-francais-pour-leur-rencontre-annuelle\/","url":"https:\/\/vosgesinfo.fr\/gerardmerinfo\/2025\/12\/a-gerardmer-les-dirigeantes-vosgiennes-se-rassemblent-au-jacquard-francais-pour-leur-rencontre-annuelle\/","name":"\u00c0 G\u00e9rardmer, les dirigeantes vosgiennes se rassemblent au Jacquard Fran\u00e7ais pour leur rencontre annuelle - Gerardmer Info","isPartOf":{"@id":"https:\/\/vosgesinfo.fr\/gerardmerinfo\/#website"},"primaryImageOfPage":{"@id":"https:\/\/vosgesinfo.fr\/gerardmerinfo\/2025\/12\/a-gerardmer-les-dirigeantes-vosgiennes-se-rassemblent-au-jacquard-francais-pour-leur-rencontre-annuelle\/#primaryimage"},"image":{"@id":"https:\/\/vosgesinfo.fr\/gerardmerinfo\/2025\/12\/a-gerardmer-les-dirigeantes-vosgiennes-se-rassemblent-au-jacquard-francais-pour-leur-rencontre-annuelle\/#primaryimage"},"thumbnailUrl":"https:\/\/vosgesinfo.fr\/app\/uploads\/sites\/6\/2025\/11\/visite-cci-jacquard-francais-1.jpg","datePublished":"2025-12-01T04:56:32+00:00","dateModified":"2025-12-01T08:42:45+00:00","breadcrumb":{"@id":"https:\/\/vosgesinfo.fr\/gerardmerinfo\/2025\/12\/a-gerardmer-les-dirigeantes-vosgiennes-se-rassemblent-au-jacquard-francais-pour-leur-rencontre-annuelle\/#breadcrumb"},"inLanguage":"fr-FR","potentialAction":[{"@type":"ReadAction","target":["https:\/\/vosgesinfo.fr\/gerardmerinfo\/2025\/12\/a-gerardmer-les-dirigeantes-vosgiennes-se-rassemblent-au-jacquard-francais-pour-leur-rencontre-annuelle\/"]}]},{"@type":"ImageObject","inLanguage":"fr-FR","@id":"https:\/\/vosgesinfo.fr\/gerardmerinfo\/2025\/12\/a-gerardmer-les-dirigeantes-vosgiennes-se-rassemblent-au-jacquard-francais-pour-leur-rencontre-annuelle\/#primaryimage","url":"https:\/\/vosgesinfo.fr\/app\/uploads\/sites\/6\/2025\/11\/visite-cci-jacquard-francais-1.jpg","contentUrl":"https:\/\/vosgesinfo.fr\/app\/uploads\/sites\/6\/2025\/11\/visite-cci-jacquard-francais-1.jpg","width":1440,"height":1080},{"@type":"BreadcrumbList","@id":"https:\/\/vosgesinfo.fr\/gerardmerinfo\/2025\/12\/a-gerardmer-les-dirigeantes-vosgiennes-se-rassemblent-au-jacquard-francais-pour-leur-rencontre-annuelle\/#breadcrumb","itemListElement":[{"@type":"ListItem","position":1,"name":"Home","item":"https:\/\/vosgesinfo.fr\/gerardmerinfo\/"},{"@type":"ListItem","position":2,"name":"\u00c0 G\u00e9rardmer, les dirigeantes vosgiennes se rassemblent au Jacquard Fran\u00e7ais pour leur rencontre annuelle"}]},{"@type":"WebSite","@id":"https:\/\/vosgesinfo.fr\/gerardmerinfo\/#website","url":"https:\/\/vosgesinfo.fr\/gerardmerinfo\/","name":"Gerardmer Info","description":"Toute l&#039;actualit\u00e9 de G\u00e9rardmer","publisher":{"@id":"https:\/\/vosgesinfo.fr\/gerardmerinfo\/#organization"},"alternateName":"Toute l'actualit\u00e9 de G\u00e9rardmer","potentialAction":[{"@type":"SearchAction","target":{"@type":"EntryPoint","urlTemplate":"https:\/\/vosgesinfo.fr\/gerardmerinfo\/?s={search_term_string}"},"query-input":"required name=search_term_string"}],"inLanguage":"fr-FR"},{"@type":"Organization","@id":"https:\/\/vosgesinfo.fr\/gerardmerinfo\/#organization","name":"Gerardmer Info","url":"https:\/\/vosgesinfo.fr\/gerardmerinfo\/","logo":{"@type":"ImageObject","inLanguage":"fr-FR","@id":"https:\/\/vosgesinfo.fr\/gerardmerinfo\/#\/schema\/logo\/image\/","url":"https:\/\/vosgesinfo.fr\/app\/uploads\/sites\/6\/2023\/08\/favicon-gerardmerinfo.png","contentUrl":"https:\/\/vosgesinfo.fr\/app\/uploads\/sites\/6\/2023\/08\/favicon-gerardmerinfo.png","width":512,"height":512,"caption":"Gerardmer Info"},"image":{"@id":"https:\/\/vosgesinfo.fr\/gerardmerinfo\/#\/schema\/logo\/image\/"},"sameAs":["https:\/\/www.facebook.com\/profile.php?id=100049475262660","https:\/\/x.com\/VosgesInfo88","https:\/\/www.youtube.com\/@vosgesinfo"]},{"@type":"Person","@id":"https:\/\/vosgesinfo.fr\/gerardmerinfo\/#\/schema\/person\/db5605779a843dad16b5368f3e7613a5","name":"QG","image":{"@type":"ImageObject","inLanguage":"fr-FR","@id":"https:\/\/vosgesinfo.fr\/gerardmerinfo\/#\/schema\/person\/image\/","url":"https:\/\/secure.gravatar.com\/avatar\/ea80c42c204b534408512832fde52504ecabb9706bcb6151cf6175e5b64e6793?s=96&d=mm&r=g","contentUrl":"https:\/\/secure.gravatar.com\/avatar\/ea80c42c204b534408512832fde52504ecabb9706bcb6151cf6175e5b64e6793?s=96&d=mm&r=g","caption":"QG"},"url":"https:\/\/vosgesinfo.fr\/gerardmerinfo\/author\/quentin88\/"}]}},"_links":{"self":[{"href":"https:\/\/vosgesinfo.fr\/gerardmerinfo\/wp-json\/wp\/v2\/posts\/85193","targetHints":{"allow":["GET"]}}],"collection":[{"href":"https:\/\/vosgesinfo.fr\/gerardmerinfo\/wp-json\/wp\/v2\/posts"}],"about":[{"href":"https:\/\/vosgesinfo.fr\/gerardmerinfo\/wp-json\/wp\/v2\/types\/post"}],"author":[{"embeddable":true,"href":"https:\/\/vosgesinfo.fr\/gerardmerinfo\/wp-json\/wp\/v2\/users\/42"}],"replies":[{"embeddable":true,"href":"https:\/\/vosgesinfo.fr\/gerardmerinfo\/wp-json\/wp\/v2\/comments?post=85193"}],"version-history":[{"count":4,"href":"https:\/\/vosgesinfo.fr\/gerardmerinfo\/wp-json\/wp\/v2\/posts\/85193\/revisions"}],"predecessor-version":[{"id":85210,"href":"https:\/\/vosgesinfo.fr\/gerardmerinfo\/wp-json\/wp\/v2\/posts\/85193\/revisions\/85210"}],"wp:featuredmedia":[{"embeddable":true,"href":"https:\/\/vosgesinfo.fr\/gerardmerinfo\/wp-json\/wp\/v2\/media\/85197"}],"wp:attachment":[{"href":"https:\/\/vosgesinfo.fr\/gerardmerinfo\/wp-json\/wp\/v2\/media?parent=85193"}],"wp:term":[{"taxonomy":"category","embeddable":true,"href":"https:\/\/vosgesinfo.fr\/gerardmerinfo\/wp-json\/wp\/v2\/categories?post=85193"},{"taxonomy":"post_tag","embeddable":true,"href":"https:\/\/vosgesinfo.fr\/gerardmerinfo\/wp-json\/wp\/v2\/tags?post=85193"}],"curies":[{"name":"wp","href":"https:\/\/api.w.org\/{rel}","templated":true}]}}