{"id":852,"date":"2024-01-22T05:00:47","date_gmt":"2024-01-22T04:00:47","guid":{"rendered":"https:\/\/vosgesinfo.fr\/gerardmerinfo\/2024\/01\/2024-une-annee-charniere-pour-le-club-vosgien-de-gerardmer\/"},"modified":"2024-01-22T05:00:47","modified_gmt":"2024-01-22T04:00:47","slug":"2024-une-annee-charniere-pour-le-club-vosgien-de-gerardmer","status":"publish","type":"post","link":"https:\/\/vosgesinfo.fr\/gerardmerinfo\/2024\/01\/2024-une-annee-charniere-pour-le-club-vosgien-de-gerardmer\/","title":{"rendered":"2024, une ann\u00e9e charni\u00e8re pour le Club Vosgien de G\u00e9rardmer"},"content":{"rendered":"<div id=\"attachment_214797\" style=\"width: 349px\" class=\"wp-caption aligncenter\"><a href=\"https:\/\/gerardmerinfo.fr\/wp-content\/uploads\/2024\/01\/AG-club-vogien-Patrick-roux-3.jpg\"><img decoding=\"async\" aria-describedby=\"caption-attachment-214797\" class=\"size-medium wp-image-214797\" src=\"https:\/\/vosgesinfo.fr\/app\/uploads\/sites\/6\/2024\/01\/ag-club-vogien-patrick-roux-3.jpg\" alt=\"Patrick Roux.\" width=\"339\" height=\"255\" \/><\/a><p id=\"caption-attachment-214797\" class=\"wp-caption-text\">Patrick Roux.<\/p><\/div>\n<h3><strong>L&rsquo;assembl\u00e9e g\u00e9n\u00e9rale du Club Vosgien de G\u00e9rardmer s&rsquo;est d\u00e9roul\u00e9e ce dimanche matin \u00e0 la salle des Armes de l&rsquo;h\u00f4tel de ville o\u00f9 le pr\u00e9sident Patrick Roux avait r\u00e9uni ses amis marcheurs qui ont pu profiter d&rsquo;un sympathique diaporama en ouverture de cette r\u00e9union annuelle.<\/strong><\/h3>\n<p>Apr\u00e8s cette belle r\u00e9trospective en image des temps forts de l&rsquo;ann\u00e9e 2023 et un hommage aux membres du club r\u00e9cemment disparus, Patrick Roux est entr\u00e9 dans le vif du sujet en \u00e9voquant une ann\u00e9e 2023 o\u00f9 les marcheurs ont bien arpent\u00e9 les sentiers. Des sentiers qu&rsquo;il faut parfois prot\u00e9ger en modifiant certains circuits pour faire face \u00e0 une fr\u00e9quentation particuli\u00e8rement importante. Des modifications en partenariat avec les services de la commune, de l&rsquo;ONF, des services de police et de secours pr\u00e9cise Patrick Roux : \u00ab\u00a0<em>Il y aura certainement d&rsquo;autres r\u00e9flexions \u00e0 venir. Ce sont des d\u00e9cisions que nous ne pouvons pas prendre seuls<\/em>\u00ab\u00a0.<\/p>\n<p><a href=\"https:\/\/gerardmerinfo.fr\/wp-content\/uploads\/2024\/01\/AG-club-vogien-Patrick-roux-2.jpg\"><img decoding=\"async\" class=\"alignright size-medium wp-image-214799\" src=\"https:\/\/vosgesinfo.fr\/app\/uploads\/sites\/6\/2024\/01\/ag-club-vogien-patrick-roux-2.jpg\" alt=\"AG club vogien Patrick roux (2)\" width=\"339\" height=\"255\" \/><\/a>2023 aura \u00e9galement vu la signature d&rsquo;un partenariat entre le Club Vosgien ainsi que diff\u00e9rents clubs de marcheurs avec l&rsquo;Office de Tourisme Intercommunal (lire notre article <a href=\"https:\/\/gerardmerinfo.fr\/2023\/10\/entretien-sentiers-de-randonnee-clubs-loffice-de-tourisme-marchent-main-main\/\" target=\"_blank\" rel=\"noopener\">ICI !<\/a>). Un projet lanc\u00e9 il y a plus de deux ans et qui va se concr\u00e9tiser dans un premier temps en renfor\u00e7ant les liens entre ces diff\u00e9rents acteurs au profit de la qualit\u00e9 de services qu&rsquo;offre la randonn\u00e9e en tant qu&rsquo;activit\u00e9 touristique. incontournable. Ce partenariat se concr\u00e9tisera \u00e9galement par une subvention annuelle afin que les trois clubs concern\u00e9s continuent d&rsquo;assurer l&rsquo;entretien courant des sentiers pour la s\u00e9curit\u00e9 et le plaisir des visiteurs. Une aide qui va\u00a0 valoriser et faciliter l&rsquo;action des 47 baliseurs et inspecteurs des sentiers. Une belle avanc\u00e9e, \u00ab\u00a0<em>mais pas une fin en soi<\/em>\u00a0\u00bb rappelait n\u00e9anmoins Patrick Roux.<\/p>\n<p>\u00ab\u00a0<em>2024 sera une ann\u00e9e charni\u00e8re. Une ann\u00e9e de restructuration avec la mise en place de responsables d&rsquo;\u00e9quipe par secteur, une nouvelle organisation tout en respectant et en \u00e9coutant les baliseurs(es). Rien n&rsquo;est arr\u00eat\u00e9. Maintenant il va falloir aller au charbon pour chercher d&rsquo;autres partenaires acteurs du tourisme, je pense au slogan<\/em> Je Vois La Vois en Vosges.<em> Il ne s&rsquo;agira plus de convaincre car nous sommes reconnus, il est aujourd&rsquo;hui indispensable que le lien soit cr\u00e9\u00e9 avec le D\u00e9partement et qu&rsquo;il y ait enfin des actes concrets<\/em>\u00a0\u00bb ajoute Patrick Roux. Le pr\u00e9sident qui a \u00e9galement \u00e9galement d\u00e9voil\u00e9 une piste de r\u00e9flexion autour d&rsquo;une id\u00e9e qui f\u00e9d\u00e8re les quelques 220 adh\u00e9rents du club : \u00ab\u00a0<em>Proposer aux montagnards que nous sommes d&rsquo;organiser un accueil dans nos territoires, dans nos paysages, respectueux de ceux-ci, par des pratiques de la randonn\u00e9e le moins impactant possible. Bien \u00e9videmment, l&rsquo;action a certes des retomb\u00e9es \u00e9conomiques fortes, voire attendues et souhait\u00e9es. Mais au-del\u00e0, c&rsquo;est l&rsquo;\u00e9change, le partage, la rencontre, la d\u00e9couverte, la convivialit\u00e9 qui sont les fers de lance !<\/em>\u00a0\u00bb<\/p>\n<p>Le Club Vosgien et ses forces vives sont donc toujours aussi dynamiques et r\u00e9solument tourn\u00e9s vers l&rsquo;avenir. Le calendrier 2024 est \u00e0 ce propos d\u00e9j\u00e0 bien garni avec plusieurs s\u00e9jours et sorties au programme, \u00e0 Mouthe dans le Jura, au petite Ballon ou dans le secteur de Ventron, sans oublier une journ\u00e9e au palatinat ou au Colorado de Roppeviller et la citadelle de Bitche. La semaine Cap France au Torr\u00e8s del Far dans les Pyr\u00e9n\u00e9es-Orientales en mai prochain fera \u00e9galement partie des temps forts, sans oublier l&rsquo;incontournable Marche Populaire organis\u00e9e chaque ann\u00e9e par le Club Vosgien et programm\u00e9e le dimanche 21 juillet.<\/p>\n<p>&nbsp;<\/p>\n","protected":false},"excerpt":{"rendered":"<p>L&rsquo;assembl\u00e9e g\u00e9n\u00e9rale du Club Vosgien de G\u00e9rardmer s&rsquo;est d\u00e9roul\u00e9e ce dimanche matin \u00e0 la salle des Armes de l&rsquo;h\u00f4tel de [&hellip;]<\/p>\n","protected":false},"author":42,"featured_media":853,"comment_status":"open","ping_status":"open","sticky":false,"template":"","format":"standard","meta":{"footnotes":""},"categories":[20,25,17],"tags":[194,195],"class_list":["post-852","post","type-post","status-publish","format-standard","has-post-thumbnail","hentry","category-a-la-une","category-gerardmer","category-vie-associative","tag-club-vosgien-gerardmer","tag-patrick-roux"],"acf":[],"yoast_head":"<!-- This site is optimized with the Yoast SEO plugin v22.5 - https:\/\/yoast.com\/wordpress\/plugins\/seo\/ -->\n<title>2024, une ann\u00e9e charni\u00e8re pour le Club Vosgien de G\u00e9rardmer - Gerardmer Info<\/title>\n<meta name=\"robots\" content=\"index, follow, max-snippet:-1, max-image-preview:large, max-video-preview:-1\" \/>\n<link rel=\"canonical\" href=\"https:\/\/vosgesinfo.fr\/gerardmerinfo\/2024\/01\/2024-une-annee-charniere-pour-le-club-vosgien-de-gerardmer\/\" \/>\n<meta name=\"twitter:card\" content=\"summary_large_image\" \/>\n<meta name=\"twitter:title\" content=\"2024, une ann\u00e9e charni\u00e8re pour le Club Vosgien de G\u00e9rardmer - Gerardmer Info\" \/>\n<meta name=\"twitter:description\" content=\"L&rsquo;assembl\u00e9e g\u00e9n\u00e9rale du Club Vosgien de G\u00e9rardmer s&rsquo;est d\u00e9roul\u00e9e ce dimanche matin \u00e0 la salle des Armes de l&rsquo;h\u00f4tel de [&hellip;]\" \/>\n<meta name=\"twitter:image\" content=\"https:\/\/vosgesinfo.fr\/app\/uploads\/sites\/6\/2024\/01\/ag-club-vogien-patrick-roux-1.jpg\" \/>\n<meta name=\"twitter:creator\" content=\"@VosgesInfo88\" \/>\n<meta name=\"twitter:site\" content=\"@VosgesInfo88\" \/>\n<meta name=\"twitter:label1\" content=\"\u00c9crit par\" \/>\n\t<meta name=\"twitter:data1\" content=\"QG\" \/>\n\t<meta name=\"twitter:label2\" content=\"Dur\u00e9e de lecture estim\u00e9e\" \/>\n\t<meta name=\"twitter:data2\" content=\"3 minutes\" \/>\n<script type=\"application\/ld+json\" class=\"yoast-schema-graph\">{\"@context\":\"https:\/\/schema.org\",\"@graph\":[{\"@type\":\"Article\",\"@id\":\"https:\/\/vosgesinfo.fr\/gerardmerinfo\/2024\/01\/2024-une-annee-charniere-pour-le-club-vosgien-de-gerardmer\/#article\",\"isPartOf\":{\"@id\":\"https:\/\/vosgesinfo.fr\/gerardmerinfo\/2024\/01\/2024-une-annee-charniere-pour-le-club-vosgien-de-gerardmer\/\"},\"author\":{\"name\":\"QG\",\"@id\":\"https:\/\/vosgesinfo.fr\/gerardmerinfo\/#\/schema\/person\/db5605779a843dad16b5368f3e7613a5\"},\"headline\":\"2024, une ann\u00e9e charni\u00e8re pour le Club Vosgien de G\u00e9rardmer\",\"datePublished\":\"2024-01-22T04:00:47+00:00\",\"dateModified\":\"2024-01-22T04:00:47+00:00\",\"mainEntityOfPage\":{\"@id\":\"https:\/\/vosgesinfo.fr\/gerardmerinfo\/2024\/01\/2024-une-annee-charniere-pour-le-club-vosgien-de-gerardmer\/\"},\"wordCount\":641,\"commentCount\":0,\"publisher\":{\"@id\":\"https:\/\/vosgesinfo.fr\/gerardmerinfo\/#organization\"},\"image\":{\"@id\":\"https:\/\/vosgesinfo.fr\/gerardmerinfo\/2024\/01\/2024-une-annee-charniere-pour-le-club-vosgien-de-gerardmer\/#primaryimage\"},\"thumbnailUrl\":\"https:\/\/vosgesinfo.fr\/app\/uploads\/sites\/6\/2024\/01\/ag-club-vogien-patrick-roux-1.jpg\",\"keywords\":[\"Club Vosgien G\u00e9rardmer\",\"Patrick roux\"],\"articleSection\":[\"A la une\",\"G\u00e9rardmer\",\"Vie Associative\"],\"inLanguage\":\"fr-FR\",\"potentialAction\":[{\"@type\":\"CommentAction\",\"name\":\"Comment\",\"target\":[\"https:\/\/vosgesinfo.fr\/gerardmerinfo\/2024\/01\/2024-une-annee-charniere-pour-le-club-vosgien-de-gerardmer\/#respond\"]}]},{\"@type\":\"WebPage\",\"@id\":\"https:\/\/vosgesinfo.fr\/gerardmerinfo\/2024\/01\/2024-une-annee-charniere-pour-le-club-vosgien-de-gerardmer\/\",\"url\":\"https:\/\/vosgesinfo.fr\/gerardmerinfo\/2024\/01\/2024-une-annee-charniere-pour-le-club-vosgien-de-gerardmer\/\",\"name\":\"2024, une ann\u00e9e charni\u00e8re pour le Club Vosgien de G\u00e9rardmer - Gerardmer Info\",\"isPartOf\":{\"@id\":\"https:\/\/vosgesinfo.fr\/gerardmerinfo\/#website\"},\"primaryImageOfPage\":{\"@id\":\"https:\/\/vosgesinfo.fr\/gerardmerinfo\/2024\/01\/2024-une-annee-charniere-pour-le-club-vosgien-de-gerardmer\/#primaryimage\"},\"image\":{\"@id\":\"https:\/\/vosgesinfo.fr\/gerardmerinfo\/2024\/01\/2024-une-annee-charniere-pour-le-club-vosgien-de-gerardmer\/#primaryimage\"},\"thumbnailUrl\":\"https:\/\/vosgesinfo.fr\/app\/uploads\/sites\/6\/2024\/01\/ag-club-vogien-patrick-roux-1.jpg\",\"datePublished\":\"2024-01-22T04:00:47+00:00\",\"dateModified\":\"2024-01-22T04:00:47+00:00\",\"breadcrumb\":{\"@id\":\"https:\/\/vosgesinfo.fr\/gerardmerinfo\/2024\/01\/2024-une-annee-charniere-pour-le-club-vosgien-de-gerardmer\/#breadcrumb\"},\"inLanguage\":\"fr-FR\",\"potentialAction\":[{\"@type\":\"ReadAction\",\"target\":[\"https:\/\/vosgesinfo.fr\/gerardmerinfo\/2024\/01\/2024-une-annee-charniere-pour-le-club-vosgien-de-gerardmer\/\"]}]},{\"@type\":\"ImageObject\",\"inLanguage\":\"fr-FR\",\"@id\":\"https:\/\/vosgesinfo.fr\/gerardmerinfo\/2024\/01\/2024-une-annee-charniere-pour-le-club-vosgien-de-gerardmer\/#primaryimage\",\"url\":\"https:\/\/vosgesinfo.fr\/app\/uploads\/sites\/6\/2024\/01\/ag-club-vogien-patrick-roux-1.jpg\",\"contentUrl\":\"https:\/\/vosgesinfo.fr\/app\/uploads\/sites\/6\/2024\/01\/ag-club-vogien-patrick-roux-1.jpg\",\"width\":1600,\"height\":1205},{\"@type\":\"BreadcrumbList\",\"@id\":\"https:\/\/vosgesinfo.fr\/gerardmerinfo\/2024\/01\/2024-une-annee-charniere-pour-le-club-vosgien-de-gerardmer\/#breadcrumb\",\"itemListElement\":[{\"@type\":\"ListItem\",\"position\":1,\"name\":\"Home\",\"item\":\"https:\/\/vosgesinfo.fr\/gerardmerinfo\/\"},{\"@type\":\"ListItem\",\"position\":2,\"name\":\"2024, une ann\u00e9e charni\u00e8re pour le Club Vosgien de G\u00e9rardmer\"}]},{\"@type\":\"WebSite\",\"@id\":\"https:\/\/vosgesinfo.fr\/gerardmerinfo\/#website\",\"url\":\"https:\/\/vosgesinfo.fr\/gerardmerinfo\/\",\"name\":\"Gerardmer Info\",\"description\":\"Toute l&#039;actualit\u00e9 de G\u00e9rardmer\",\"publisher\":{\"@id\":\"https:\/\/vosgesinfo.fr\/gerardmerinfo\/#organization\"},\"alternateName\":\"Toute l'actualit\u00e9 de G\u00e9rardmer\",\"potentialAction\":[{\"@type\":\"SearchAction\",\"target\":{\"@type\":\"EntryPoint\",\"urlTemplate\":\"https:\/\/vosgesinfo.fr\/gerardmerinfo\/?s={search_term_string}\"},\"query-input\":\"required name=search_term_string\"}],\"inLanguage\":\"fr-FR\"},{\"@type\":\"Organization\",\"@id\":\"https:\/\/vosgesinfo.fr\/gerardmerinfo\/#organization\",\"name\":\"Gerardmer Info\",\"url\":\"https:\/\/vosgesinfo.fr\/gerardmerinfo\/\",\"logo\":{\"@type\":\"ImageObject\",\"inLanguage\":\"fr-FR\",\"@id\":\"https:\/\/vosgesinfo.fr\/gerardmerinfo\/#\/schema\/logo\/image\/\",\"url\":\"https:\/\/vosgesinfo.fr\/app\/uploads\/sites\/6\/2023\/08\/favicon-gerardmerinfo.png\",\"contentUrl\":\"https:\/\/vosgesinfo.fr\/app\/uploads\/sites\/6\/2023\/08\/favicon-gerardmerinfo.png\",\"width\":512,\"height\":512,\"caption\":\"Gerardmer Info\"},\"image\":{\"@id\":\"https:\/\/vosgesinfo.fr\/gerardmerinfo\/#\/schema\/logo\/image\/\"},\"sameAs\":[\"https:\/\/www.facebook.com\/profile.php?id=100049475262660\",\"https:\/\/x.com\/VosgesInfo88\",\"https:\/\/www.youtube.com\/@vosgesinfo\"]},{\"@type\":\"Person\",\"@id\":\"https:\/\/vosgesinfo.fr\/gerardmerinfo\/#\/schema\/person\/db5605779a843dad16b5368f3e7613a5\",\"name\":\"QG\",\"image\":{\"@type\":\"ImageObject\",\"inLanguage\":\"fr-FR\",\"@id\":\"https:\/\/vosgesinfo.fr\/gerardmerinfo\/#\/schema\/person\/image\/\",\"url\":\"https:\/\/secure.gravatar.com\/avatar\/ea80c42c204b534408512832fde52504ecabb9706bcb6151cf6175e5b64e6793?s=96&d=mm&r=g\",\"contentUrl\":\"https:\/\/secure.gravatar.com\/avatar\/ea80c42c204b534408512832fde52504ecabb9706bcb6151cf6175e5b64e6793?s=96&d=mm&r=g\",\"caption\":\"QG\"},\"url\":\"https:\/\/vosgesinfo.fr\/gerardmerinfo\/author\/quentin88\/\"}]}<\/script>\n<!-- \/ Yoast SEO plugin. -->","yoast_head_json":{"title":"2024, une ann\u00e9e charni\u00e8re pour le Club Vosgien de G\u00e9rardmer - Gerardmer Info","robots":{"index":"index","follow":"follow","max-snippet":"max-snippet:-1","max-image-preview":"max-image-preview:large","max-video-preview":"max-video-preview:-1"},"canonical":"https:\/\/vosgesinfo.fr\/gerardmerinfo\/2024\/01\/2024-une-annee-charniere-pour-le-club-vosgien-de-gerardmer\/","twitter_card":"summary_large_image","twitter_title":"2024, une ann\u00e9e charni\u00e8re pour le Club Vosgien de G\u00e9rardmer - Gerardmer Info","twitter_description":"L&rsquo;assembl\u00e9e g\u00e9n\u00e9rale du Club Vosgien de G\u00e9rardmer s&rsquo;est d\u00e9roul\u00e9e ce dimanche matin \u00e0 la salle des Armes de l&rsquo;h\u00f4tel de [&hellip;]","twitter_image":"https:\/\/vosgesinfo.fr\/app\/uploads\/sites\/6\/2024\/01\/ag-club-vogien-patrick-roux-1.jpg","twitter_creator":"@VosgesInfo88","twitter_site":"@VosgesInfo88","twitter_misc":{"\u00c9crit par":"QG","Dur\u00e9e de lecture estim\u00e9e":"3 minutes"},"schema":{"@context":"https:\/\/schema.org","@graph":[{"@type":"Article","@id":"https:\/\/vosgesinfo.fr\/gerardmerinfo\/2024\/01\/2024-une-annee-charniere-pour-le-club-vosgien-de-gerardmer\/#article","isPartOf":{"@id":"https:\/\/vosgesinfo.fr\/gerardmerinfo\/2024\/01\/2024-une-annee-charniere-pour-le-club-vosgien-de-gerardmer\/"},"author":{"name":"QG","@id":"https:\/\/vosgesinfo.fr\/gerardmerinfo\/#\/schema\/person\/db5605779a843dad16b5368f3e7613a5"},"headline":"2024, une ann\u00e9e charni\u00e8re pour le Club Vosgien de G\u00e9rardmer","datePublished":"2024-01-22T04:00:47+00:00","dateModified":"2024-01-22T04:00:47+00:00","mainEntityOfPage":{"@id":"https:\/\/vosgesinfo.fr\/gerardmerinfo\/2024\/01\/2024-une-annee-charniere-pour-le-club-vosgien-de-gerardmer\/"},"wordCount":641,"commentCount":0,"publisher":{"@id":"https:\/\/vosgesinfo.fr\/gerardmerinfo\/#organization"},"image":{"@id":"https:\/\/vosgesinfo.fr\/gerardmerinfo\/2024\/01\/2024-une-annee-charniere-pour-le-club-vosgien-de-gerardmer\/#primaryimage"},"thumbnailUrl":"https:\/\/vosgesinfo.fr\/app\/uploads\/sites\/6\/2024\/01\/ag-club-vogien-patrick-roux-1.jpg","keywords":["Club Vosgien G\u00e9rardmer","Patrick roux"],"articleSection":["A la une","G\u00e9rardmer","Vie Associative"],"inLanguage":"fr-FR","potentialAction":[{"@type":"CommentAction","name":"Comment","target":["https:\/\/vosgesinfo.fr\/gerardmerinfo\/2024\/01\/2024-une-annee-charniere-pour-le-club-vosgien-de-gerardmer\/#respond"]}]},{"@type":"WebPage","@id":"https:\/\/vosgesinfo.fr\/gerardmerinfo\/2024\/01\/2024-une-annee-charniere-pour-le-club-vosgien-de-gerardmer\/","url":"https:\/\/vosgesinfo.fr\/gerardmerinfo\/2024\/01\/2024-une-annee-charniere-pour-le-club-vosgien-de-gerardmer\/","name":"2024, une ann\u00e9e charni\u00e8re pour le Club Vosgien de G\u00e9rardmer - Gerardmer Info","isPartOf":{"@id":"https:\/\/vosgesinfo.fr\/gerardmerinfo\/#website"},"primaryImageOfPage":{"@id":"https:\/\/vosgesinfo.fr\/gerardmerinfo\/2024\/01\/2024-une-annee-charniere-pour-le-club-vosgien-de-gerardmer\/#primaryimage"},"image":{"@id":"https:\/\/vosgesinfo.fr\/gerardmerinfo\/2024\/01\/2024-une-annee-charniere-pour-le-club-vosgien-de-gerardmer\/#primaryimage"},"thumbnailUrl":"https:\/\/vosgesinfo.fr\/app\/uploads\/sites\/6\/2024\/01\/ag-club-vogien-patrick-roux-1.jpg","datePublished":"2024-01-22T04:00:47+00:00","dateModified":"2024-01-22T04:00:47+00:00","breadcrumb":{"@id":"https:\/\/vosgesinfo.fr\/gerardmerinfo\/2024\/01\/2024-une-annee-charniere-pour-le-club-vosgien-de-gerardmer\/#breadcrumb"},"inLanguage":"fr-FR","potentialAction":[{"@type":"ReadAction","target":["https:\/\/vosgesinfo.fr\/gerardmerinfo\/2024\/01\/2024-une-annee-charniere-pour-le-club-vosgien-de-gerardmer\/"]}]},{"@type":"ImageObject","inLanguage":"fr-FR","@id":"https:\/\/vosgesinfo.fr\/gerardmerinfo\/2024\/01\/2024-une-annee-charniere-pour-le-club-vosgien-de-gerardmer\/#primaryimage","url":"https:\/\/vosgesinfo.fr\/app\/uploads\/sites\/6\/2024\/01\/ag-club-vogien-patrick-roux-1.jpg","contentUrl":"https:\/\/vosgesinfo.fr\/app\/uploads\/sites\/6\/2024\/01\/ag-club-vogien-patrick-roux-1.jpg","width":1600,"height":1205},{"@type":"BreadcrumbList","@id":"https:\/\/vosgesinfo.fr\/gerardmerinfo\/2024\/01\/2024-une-annee-charniere-pour-le-club-vosgien-de-gerardmer\/#breadcrumb","itemListElement":[{"@type":"ListItem","position":1,"name":"Home","item":"https:\/\/vosgesinfo.fr\/gerardmerinfo\/"},{"@type":"ListItem","position":2,"name":"2024, une ann\u00e9e charni\u00e8re pour le Club Vosgien de G\u00e9rardmer"}]},{"@type":"WebSite","@id":"https:\/\/vosgesinfo.fr\/gerardmerinfo\/#website","url":"https:\/\/vosgesinfo.fr\/gerardmerinfo\/","name":"Gerardmer Info","description":"Toute l&#039;actualit\u00e9 de G\u00e9rardmer","publisher":{"@id":"https:\/\/vosgesinfo.fr\/gerardmerinfo\/#organization"},"alternateName":"Toute l'actualit\u00e9 de G\u00e9rardmer","potentialAction":[{"@type":"SearchAction","target":{"@type":"EntryPoint","urlTemplate":"https:\/\/vosgesinfo.fr\/gerardmerinfo\/?s={search_term_string}"},"query-input":"required name=search_term_string"}],"inLanguage":"fr-FR"},{"@type":"Organization","@id":"https:\/\/vosgesinfo.fr\/gerardmerinfo\/#organization","name":"Gerardmer Info","url":"https:\/\/vosgesinfo.fr\/gerardmerinfo\/","logo":{"@type":"ImageObject","inLanguage":"fr-FR","@id":"https:\/\/vosgesinfo.fr\/gerardmerinfo\/#\/schema\/logo\/image\/","url":"https:\/\/vosgesinfo.fr\/app\/uploads\/sites\/6\/2023\/08\/favicon-gerardmerinfo.png","contentUrl":"https:\/\/vosgesinfo.fr\/app\/uploads\/sites\/6\/2023\/08\/favicon-gerardmerinfo.png","width":512,"height":512,"caption":"Gerardmer Info"},"image":{"@id":"https:\/\/vosgesinfo.fr\/gerardmerinfo\/#\/schema\/logo\/image\/"},"sameAs":["https:\/\/www.facebook.com\/profile.php?id=100049475262660","https:\/\/x.com\/VosgesInfo88","https:\/\/www.youtube.com\/@vosgesinfo"]},{"@type":"Person","@id":"https:\/\/vosgesinfo.fr\/gerardmerinfo\/#\/schema\/person\/db5605779a843dad16b5368f3e7613a5","name":"QG","image":{"@type":"ImageObject","inLanguage":"fr-FR","@id":"https:\/\/vosgesinfo.fr\/gerardmerinfo\/#\/schema\/person\/image\/","url":"https:\/\/secure.gravatar.com\/avatar\/ea80c42c204b534408512832fde52504ecabb9706bcb6151cf6175e5b64e6793?s=96&d=mm&r=g","contentUrl":"https:\/\/secure.gravatar.com\/avatar\/ea80c42c204b534408512832fde52504ecabb9706bcb6151cf6175e5b64e6793?s=96&d=mm&r=g","caption":"QG"},"url":"https:\/\/vosgesinfo.fr\/gerardmerinfo\/author\/quentin88\/"}]}},"_links":{"self":[{"href":"https:\/\/vosgesinfo.fr\/gerardmerinfo\/wp-json\/wp\/v2\/posts\/852","targetHints":{"allow":["GET"]}}],"collection":[{"href":"https:\/\/vosgesinfo.fr\/gerardmerinfo\/wp-json\/wp\/v2\/posts"}],"about":[{"href":"https:\/\/vosgesinfo.fr\/gerardmerinfo\/wp-json\/wp\/v2\/types\/post"}],"author":[{"embeddable":true,"href":"https:\/\/vosgesinfo.fr\/gerardmerinfo\/wp-json\/wp\/v2\/users\/42"}],"replies":[{"embeddable":true,"href":"https:\/\/vosgesinfo.fr\/gerardmerinfo\/wp-json\/wp\/v2\/comments?post=852"}],"version-history":[{"count":0,"href":"https:\/\/vosgesinfo.fr\/gerardmerinfo\/wp-json\/wp\/v2\/posts\/852\/revisions"}],"wp:featuredmedia":[{"embeddable":true,"href":"https:\/\/vosgesinfo.fr\/gerardmerinfo\/wp-json\/wp\/v2\/media\/853"}],"wp:attachment":[{"href":"https:\/\/vosgesinfo.fr\/gerardmerinfo\/wp-json\/wp\/v2\/media?parent=852"}],"wp:term":[{"taxonomy":"category","embeddable":true,"href":"https:\/\/vosgesinfo.fr\/gerardmerinfo\/wp-json\/wp\/v2\/categories?post=852"},{"taxonomy":"post_tag","embeddable":true,"href":"https:\/\/vosgesinfo.fr\/gerardmerinfo\/wp-json\/wp\/v2\/tags?post=852"}],"curies":[{"name":"wp","href":"https:\/\/api.w.org\/{rel}","templated":true}]}}