{"id":85208,"date":"2025-12-01T12:02:14","date_gmt":"2025-12-01T11:02:14","guid":{"rendered":"https:\/\/vosgesinfo.fr\/gerardmerinfo\/?p=85208"},"modified":"2025-12-01T10:50:58","modified_gmt":"2025-12-01T09:50:58","slug":"lamicale-du-quartier-kleber-a-encore-fait-des-heureux","status":"publish","type":"post","link":"https:\/\/vosgesinfo.fr\/gerardmerinfo\/2025\/12\/lamicale-du-quartier-kleber-a-encore-fait-des-heureux\/","title":{"rendered":"L\u2019Amicale du quartier Kleber a encore fait des heureux"},"content":{"rendered":"<p><strong><a href=\"https:\/\/vosgesinfo.fr\/app\/uploads\/sites\/6\/2025\/12\/gouter-et-colis-mille-club-2.jpeg\"><img decoding=\"async\" class=\"aligncenter size-large wp-image-85211\" src=\"https:\/\/vosgesinfo.fr\/app\/uploads\/sites\/6\/2025\/12\/gouter-et-colis-mille-club-2-1024x764.jpeg\" alt=\"\" width=\"1024\" height=\"764\" srcset=\"https:\/\/vosgesinfo.fr\/app\/uploads\/sites\/6\/2025\/12\/gouter-et-colis-mille-club-2-1024x764.jpeg 1024w, https:\/\/vosgesinfo.fr\/app\/uploads\/sites\/6\/2025\/12\/gouter-et-colis-mille-club-2-300x224.jpeg 300w, https:\/\/vosgesinfo.fr\/app\/uploads\/sites\/6\/2025\/12\/gouter-et-colis-mille-club-2-768x573.jpeg 768w, https:\/\/vosgesinfo.fr\/app\/uploads\/sites\/6\/2025\/12\/gouter-et-colis-mille-club-2.jpeg 1448w\" sizes=\"(max-width: 1024px) 100vw, 1024px\" \/><\/a><\/strong><\/p>\n<p>&nbsp;<\/p>\n<p><strong>L\u2019Amicale du quartier Kl\u00e9ber organisait son traditionnel go\u00fbter avec remise de colis pour les anciens du quartier le 29 novembre dernier au Mille Club. L&rsquo;association a \u00e9galement profit\u00e9 de cette occasion pour effectuer un don \u00e0 l&rsquo;EHPAD ainsi qu&rsquo;\u00e0 un ancien du quartier r\u00e9cemment frapp\u00e9 de c\u00e9cit\u00e9.<\/strong><\/p>\n<p>&nbsp;<\/p>\n<p><a href=\"https:\/\/vosgesinfo.fr\/app\/uploads\/sites\/6\/2025\/12\/gouter-et-colis-mille-club-5.jpeg\"><img decoding=\"async\" class=\"alignright size-medium wp-image-85214\" src=\"https:\/\/vosgesinfo.fr\/app\/uploads\/sites\/6\/2025\/12\/gouter-et-colis-mille-club-5-300x224.jpeg\" alt=\"\" width=\"300\" height=\"224\" srcset=\"https:\/\/vosgesinfo.fr\/app\/uploads\/sites\/6\/2025\/12\/gouter-et-colis-mille-club-5-300x224.jpeg 300w, https:\/\/vosgesinfo.fr\/app\/uploads\/sites\/6\/2025\/12\/gouter-et-colis-mille-club-5-1024x764.jpeg 1024w, https:\/\/vosgesinfo.fr\/app\/uploads\/sites\/6\/2025\/12\/gouter-et-colis-mille-club-5-768x573.jpeg 768w, https:\/\/vosgesinfo.fr\/app\/uploads\/sites\/6\/2025\/12\/gouter-et-colis-mille-club-5.jpeg 1448w\" sizes=\"(max-width: 300px) 100vw, 300px\" \/><\/a>Une soixantaine de personnes \u00e9tait donc venue partager cet apr\u00e8s-midi convivial autour d\u2019un fameux go\u00fbter et ce sont 78 colis compos\u00e9s de 15 produits alimentaires de premi\u00e8re n\u00e9cessit\u00e9 qui ont \u00e9t\u00e9 distribu\u00e9s. Les habitants du quartier sont toujours heureux de se retrouver et, cette ann\u00e9e, le pr\u00e9sident de l\u2019Amicale Christian Martin remettait 2 ch\u00e8ques en pr\u00e9sence du maire Stessy Speissmann Mozas et de son adjointe Fabienne Cr\u00e9teur Cl\u00e9ment. les \u00e9diles ont tenu \u00e0 excuser Jamel Ghom\u00e9rani, enfant du quartier et habituellement toujours pr\u00e9sent, retenu dans sa famille. La directrice du centre hospitalier de G\u00e9rardmer Karine Legrand \u00e9tait \u00e9galement invit\u00e9e et s&rsquo;est vue remettre un ch\u00e8que de 500\u20ac\u00a0 pour une animation \u00e0 l\u2019Ehpad L\u00e9a Andr\u00e9. Puis ce fut le tour de Bernard Luezas, bien connu du quartier Kleber puisqu\u2019il y a v\u00e9cu toute son enfance. Ce dernier est malheureusement devenu aveugle cette ann\u00e9e suite \u00e0 une agression. Il a re\u00e7u \u00e9galement un ch\u00e8que du m\u00eame montant pour lui apporter une aide mat\u00e9rielle.<\/p>\n<p>L\u2019Amicale du quartier Kl\u00e9ber compte dans ses rangs une quinzaine de b\u00e9n\u00e9voles actifs. Ce go\u00fbter, ces colis et ces dons sont possibles gr\u00e2ce aux b\u00e9n\u00e9fices du feu de la St Jean. Les membres du bureau soulignent que \u00ab tout ce qui est gagn\u00e9 au feu est redistribu\u00e9\u00a0\u00bb, sachant qu\u2019il y a certaines ann\u00e9es o\u00f9 ils ne gagnent rien. Ils tiennent \u00e0 remercier chaleureusement Michel Claude dit Michou et \u00c9ric Poirot pour la garde de la chavande avant les feux, et tous ceux qui \u0153uvrent pour le bon d\u00e9roulement de cette manifestation, ainsi que les services techniques et de communication de la mairie.<\/p>\n\n\t\t<style type=\"text\/css\">\n\t\t\t#gallery-1 {\n\t\t\t\tmargin: auto;\n\t\t\t}\n\t\t\t#gallery-1 .gallery-item {\n\t\t\t\tfloat: left;\n\t\t\t\tmargin-top: 10px;\n\t\t\t\ttext-align: center;\n\t\t\t\twidth: 50%;\n\t\t\t}\n\t\t\t#gallery-1 img {\n\t\t\t\tborder: 2px solid #cfcfcf;\n\t\t\t}\n\t\t\t#gallery-1 .gallery-caption {\n\t\t\t\tmargin-left: 0;\n\t\t\t}\n\t\t\t\/* see gallery_shortcode() in wp-includes\/media.php *\/\n\t\t<\/style>\n\t\t<div id='gallery-1' class='gallery galleryid-85208 gallery-columns-2 gallery-size-medium'><dl class='gallery-item'>\n\t\t\t<dt class='gallery-icon landscape'>\n\t\t\t\t<a href='https:\/\/vosgesinfo.fr\/app\/uploads\/sites\/6\/2025\/12\/gouter-et-colis-mille-club-7.jpeg'><img decoding=\"async\" width=\"300\" height=\"224\" src=\"https:\/\/vosgesinfo.fr\/app\/uploads\/sites\/6\/2025\/12\/gouter-et-colis-mille-club-7-300x224.jpeg\" class=\"attachment-medium size-medium\" alt=\"\" srcset=\"https:\/\/vosgesinfo.fr\/app\/uploads\/sites\/6\/2025\/12\/gouter-et-colis-mille-club-7-300x224.jpeg 300w, https:\/\/vosgesinfo.fr\/app\/uploads\/sites\/6\/2025\/12\/gouter-et-colis-mille-club-7-1024x764.jpeg 1024w, https:\/\/vosgesinfo.fr\/app\/uploads\/sites\/6\/2025\/12\/gouter-et-colis-mille-club-7-768x573.jpeg 768w, https:\/\/vosgesinfo.fr\/app\/uploads\/sites\/6\/2025\/12\/gouter-et-colis-mille-club-7.jpeg 1448w\" sizes=\"(max-width: 300px) 100vw, 300px\" \/><\/a>\n\t\t\t<\/dt><\/dl><dl class='gallery-item'>\n\t\t\t<dt class='gallery-icon landscape'>\n\t\t\t\t<a href='https:\/\/vosgesinfo.fr\/app\/uploads\/sites\/6\/2025\/12\/gouter-et-colis-mille-club-1.jpeg'><img decoding=\"async\" width=\"300\" height=\"224\" src=\"https:\/\/vosgesinfo.fr\/app\/uploads\/sites\/6\/2025\/12\/gouter-et-colis-mille-club-1-300x224.jpeg\" class=\"attachment-medium size-medium\" alt=\"\" srcset=\"https:\/\/vosgesinfo.fr\/app\/uploads\/sites\/6\/2025\/12\/gouter-et-colis-mille-club-1-300x224.jpeg 300w, https:\/\/vosgesinfo.fr\/app\/uploads\/sites\/6\/2025\/12\/gouter-et-colis-mille-club-1-1024x764.jpeg 1024w, https:\/\/vosgesinfo.fr\/app\/uploads\/sites\/6\/2025\/12\/gouter-et-colis-mille-club-1-768x573.jpeg 768w, https:\/\/vosgesinfo.fr\/app\/uploads\/sites\/6\/2025\/12\/gouter-et-colis-mille-club-1.jpeg 1448w\" sizes=\"(max-width: 300px) 100vw, 300px\" \/><\/a>\n\t\t\t<\/dt><\/dl><br style=\"clear: both\" \/>\n\t\t<\/div>\n\n","protected":false},"excerpt":{"rendered":"<p>&nbsp; L\u2019Amicale du quartier Kl\u00e9ber organisait son traditionnel go\u00fbter avec remise de colis pour les anciens du quartier le 29 [&hellip;]<\/p>\n","protected":false},"author":258,"featured_media":85211,"comment_status":"open","ping_status":"open","sticky":false,"template":"","format":"standard","meta":{"footnotes":""},"categories":[20,5647,326,17],"tags":[8051,2715],"class_list":["post-85208","post","type-post","status-publish","format-standard","has-post-thumbnail","hentry","category-a-la-une","category-gerardmer-autres-sites","category-social","category-vie-associative","tag-amicale-du-quartier-kleber","tag-mille-club-gerardmer"],"acf":[],"yoast_head":"<!-- This site is optimized with the Yoast SEO plugin v22.5 - https:\/\/yoast.com\/wordpress\/plugins\/seo\/ -->\n<title>L\u2019Amicale du quartier Kleber a encore fait des heureux - Gerardmer Info<\/title>\n<meta name=\"robots\" content=\"index, follow, max-snippet:-1, max-image-preview:large, max-video-preview:-1\" \/>\n<link rel=\"canonical\" href=\"https:\/\/vosgesinfo.fr\/gerardmerinfo\/2025\/12\/lamicale-du-quartier-kleber-a-encore-fait-des-heureux\/\" \/>\n<meta name=\"twitter:card\" content=\"summary_large_image\" \/>\n<meta name=\"twitter:title\" content=\"L\u2019Amicale du quartier Kleber a encore fait des heureux - Gerardmer Info\" \/>\n<meta name=\"twitter:description\" content=\"&nbsp; L\u2019Amicale du quartier Kl\u00e9ber organisait son traditionnel go\u00fbter avec remise de colis pour les anciens du quartier le 29 [&hellip;]\" \/>\n<meta name=\"twitter:image\" content=\"https:\/\/vosgesinfo.fr\/app\/uploads\/sites\/6\/2025\/12\/gouter-et-colis-mille-club-2.jpeg\" \/>\n<meta name=\"twitter:creator\" content=\"@VosgesInfo88\" \/>\n<meta name=\"twitter:site\" content=\"@VosgesInfo88\" \/>\n<meta name=\"twitter:label1\" content=\"\u00c9crit par\" \/>\n\t<meta name=\"twitter:data1\" content=\"I.N\" \/>\n\t<meta name=\"twitter:label2\" content=\"Dur\u00e9e de lecture estim\u00e9e\" \/>\n\t<meta name=\"twitter:data2\" content=\"3 minutes\" \/>\n<script type=\"application\/ld+json\" class=\"yoast-schema-graph\">{\"@context\":\"https:\/\/schema.org\",\"@graph\":[{\"@type\":\"Article\",\"@id\":\"https:\/\/vosgesinfo.fr\/gerardmerinfo\/2025\/12\/lamicale-du-quartier-kleber-a-encore-fait-des-heureux\/#article\",\"isPartOf\":{\"@id\":\"https:\/\/vosgesinfo.fr\/gerardmerinfo\/2025\/12\/lamicale-du-quartier-kleber-a-encore-fait-des-heureux\/\"},\"author\":{\"name\":\"I.N\",\"@id\":\"https:\/\/vosgesinfo.fr\/gerardmerinfo\/#\/schema\/person\/bb210d3430e59ff5cd247deaccb63615\"},\"headline\":\"L\u2019Amicale du quartier Kleber a encore fait des heureux\",\"datePublished\":\"2025-12-01T11:02:14+00:00\",\"dateModified\":\"2025-12-01T09:50:58+00:00\",\"mainEntityOfPage\":{\"@id\":\"https:\/\/vosgesinfo.fr\/gerardmerinfo\/2025\/12\/lamicale-du-quartier-kleber-a-encore-fait-des-heureux\/\"},\"wordCount\":365,\"commentCount\":3,\"publisher\":{\"@id\":\"https:\/\/vosgesinfo.fr\/gerardmerinfo\/#organization\"},\"image\":{\"@id\":\"https:\/\/vosgesinfo.fr\/gerardmerinfo\/2025\/12\/lamicale-du-quartier-kleber-a-encore-fait-des-heureux\/#primaryimage\"},\"thumbnailUrl\":\"https:\/\/vosgesinfo.fr\/app\/uploads\/sites\/6\/2025\/12\/gouter-et-colis-mille-club-2.jpeg\",\"keywords\":[\"Amicale du quartier Kleber\",\"Mille club G\u00e9rardmer\"],\"articleSection\":[\"A la une\",\"Gerardmer\",\"social\",\"Vie Associative\"],\"inLanguage\":\"fr-FR\",\"potentialAction\":[{\"@type\":\"CommentAction\",\"name\":\"Comment\",\"target\":[\"https:\/\/vosgesinfo.fr\/gerardmerinfo\/2025\/12\/lamicale-du-quartier-kleber-a-encore-fait-des-heureux\/#respond\"]}]},{\"@type\":\"WebPage\",\"@id\":\"https:\/\/vosgesinfo.fr\/gerardmerinfo\/2025\/12\/lamicale-du-quartier-kleber-a-encore-fait-des-heureux\/\",\"url\":\"https:\/\/vosgesinfo.fr\/gerardmerinfo\/2025\/12\/lamicale-du-quartier-kleber-a-encore-fait-des-heureux\/\",\"name\":\"L\u2019Amicale du quartier Kleber a encore fait des heureux - Gerardmer Info\",\"isPartOf\":{\"@id\":\"https:\/\/vosgesinfo.fr\/gerardmerinfo\/#website\"},\"primaryImageOfPage\":{\"@id\":\"https:\/\/vosgesinfo.fr\/gerardmerinfo\/2025\/12\/lamicale-du-quartier-kleber-a-encore-fait-des-heureux\/#primaryimage\"},\"image\":{\"@id\":\"https:\/\/vosgesinfo.fr\/gerardmerinfo\/2025\/12\/lamicale-du-quartier-kleber-a-encore-fait-des-heureux\/#primaryimage\"},\"thumbnailUrl\":\"https:\/\/vosgesinfo.fr\/app\/uploads\/sites\/6\/2025\/12\/gouter-et-colis-mille-club-2.jpeg\",\"datePublished\":\"2025-12-01T11:02:14+00:00\",\"dateModified\":\"2025-12-01T09:50:58+00:00\",\"breadcrumb\":{\"@id\":\"https:\/\/vosgesinfo.fr\/gerardmerinfo\/2025\/12\/lamicale-du-quartier-kleber-a-encore-fait-des-heureux\/#breadcrumb\"},\"inLanguage\":\"fr-FR\",\"potentialAction\":[{\"@type\":\"ReadAction\",\"target\":[\"https:\/\/vosgesinfo.fr\/gerardmerinfo\/2025\/12\/lamicale-du-quartier-kleber-a-encore-fait-des-heureux\/\"]}]},{\"@type\":\"ImageObject\",\"inLanguage\":\"fr-FR\",\"@id\":\"https:\/\/vosgesinfo.fr\/gerardmerinfo\/2025\/12\/lamicale-du-quartier-kleber-a-encore-fait-des-heureux\/#primaryimage\",\"url\":\"https:\/\/vosgesinfo.fr\/app\/uploads\/sites\/6\/2025\/12\/gouter-et-colis-mille-club-2.jpeg\",\"contentUrl\":\"https:\/\/vosgesinfo.fr\/app\/uploads\/sites\/6\/2025\/12\/gouter-et-colis-mille-club-2.jpeg\",\"width\":1448,\"height\":1080},{\"@type\":\"BreadcrumbList\",\"@id\":\"https:\/\/vosgesinfo.fr\/gerardmerinfo\/2025\/12\/lamicale-du-quartier-kleber-a-encore-fait-des-heureux\/#breadcrumb\",\"itemListElement\":[{\"@type\":\"ListItem\",\"position\":1,\"name\":\"Home\",\"item\":\"https:\/\/vosgesinfo.fr\/gerardmerinfo\/\"},{\"@type\":\"ListItem\",\"position\":2,\"name\":\"L\u2019Amicale du quartier Kleber a encore fait des heureux\"}]},{\"@type\":\"WebSite\",\"@id\":\"https:\/\/vosgesinfo.fr\/gerardmerinfo\/#website\",\"url\":\"https:\/\/vosgesinfo.fr\/gerardmerinfo\/\",\"name\":\"Gerardmer Info\",\"description\":\"Toute l&#039;actualit\u00e9 de G\u00e9rardmer\",\"publisher\":{\"@id\":\"https:\/\/vosgesinfo.fr\/gerardmerinfo\/#organization\"},\"alternateName\":\"Toute l'actualit\u00e9 de G\u00e9rardmer\",\"potentialAction\":[{\"@type\":\"SearchAction\",\"target\":{\"@type\":\"EntryPoint\",\"urlTemplate\":\"https:\/\/vosgesinfo.fr\/gerardmerinfo\/?s={search_term_string}\"},\"query-input\":\"required name=search_term_string\"}],\"inLanguage\":\"fr-FR\"},{\"@type\":\"Organization\",\"@id\":\"https:\/\/vosgesinfo.fr\/gerardmerinfo\/#organization\",\"name\":\"Gerardmer Info\",\"url\":\"https:\/\/vosgesinfo.fr\/gerardmerinfo\/\",\"logo\":{\"@type\":\"ImageObject\",\"inLanguage\":\"fr-FR\",\"@id\":\"https:\/\/vosgesinfo.fr\/gerardmerinfo\/#\/schema\/logo\/image\/\",\"url\":\"https:\/\/vosgesinfo.fr\/app\/uploads\/sites\/6\/2023\/08\/favicon-gerardmerinfo.png\",\"contentUrl\":\"https:\/\/vosgesinfo.fr\/app\/uploads\/sites\/6\/2023\/08\/favicon-gerardmerinfo.png\",\"width\":512,\"height\":512,\"caption\":\"Gerardmer Info\"},\"image\":{\"@id\":\"https:\/\/vosgesinfo.fr\/gerardmerinfo\/#\/schema\/logo\/image\/\"},\"sameAs\":[\"https:\/\/www.facebook.com\/profile.php?id=100049475262660\",\"https:\/\/x.com\/VosgesInfo88\",\"https:\/\/www.youtube.com\/@vosgesinfo\"]},{\"@type\":\"Person\",\"@id\":\"https:\/\/vosgesinfo.fr\/gerardmerinfo\/#\/schema\/person\/bb210d3430e59ff5cd247deaccb63615\",\"name\":\"I.N\",\"image\":{\"@type\":\"ImageObject\",\"inLanguage\":\"fr-FR\",\"@id\":\"https:\/\/vosgesinfo.fr\/gerardmerinfo\/#\/schema\/person\/image\/\",\"url\":\"https:\/\/secure.gravatar.com\/avatar\/612d5c20a39b1c8bc5675cc8e3d99e120730e7d080423fdafec485619845af71?s=96&d=mm&r=g\",\"contentUrl\":\"https:\/\/secure.gravatar.com\/avatar\/612d5c20a39b1c8bc5675cc8e3d99e120730e7d080423fdafec485619845af71?s=96&d=mm&r=g\",\"caption\":\"I.N\"},\"url\":\"https:\/\/vosgesinfo.fr\/gerardmerinfo\/author\/i-ngerardmer\/\"}]}<\/script>\n<!-- \/ Yoast SEO plugin. -->","yoast_head_json":{"title":"L\u2019Amicale du quartier Kleber a encore fait des heureux - Gerardmer Info","robots":{"index":"index","follow":"follow","max-snippet":"max-snippet:-1","max-image-preview":"max-image-preview:large","max-video-preview":"max-video-preview:-1"},"canonical":"https:\/\/vosgesinfo.fr\/gerardmerinfo\/2025\/12\/lamicale-du-quartier-kleber-a-encore-fait-des-heureux\/","twitter_card":"summary_large_image","twitter_title":"L\u2019Amicale du quartier Kleber a encore fait des heureux - Gerardmer Info","twitter_description":"&nbsp; L\u2019Amicale du quartier Kl\u00e9ber organisait son traditionnel go\u00fbter avec remise de colis pour les anciens du quartier le 29 [&hellip;]","twitter_image":"https:\/\/vosgesinfo.fr\/app\/uploads\/sites\/6\/2025\/12\/gouter-et-colis-mille-club-2.jpeg","twitter_creator":"@VosgesInfo88","twitter_site":"@VosgesInfo88","twitter_misc":{"\u00c9crit par":"I.N","Dur\u00e9e de lecture estim\u00e9e":"3 minutes"},"schema":{"@context":"https:\/\/schema.org","@graph":[{"@type":"Article","@id":"https:\/\/vosgesinfo.fr\/gerardmerinfo\/2025\/12\/lamicale-du-quartier-kleber-a-encore-fait-des-heureux\/#article","isPartOf":{"@id":"https:\/\/vosgesinfo.fr\/gerardmerinfo\/2025\/12\/lamicale-du-quartier-kleber-a-encore-fait-des-heureux\/"},"author":{"name":"I.N","@id":"https:\/\/vosgesinfo.fr\/gerardmerinfo\/#\/schema\/person\/bb210d3430e59ff5cd247deaccb63615"},"headline":"L\u2019Amicale du quartier Kleber a encore fait des heureux","datePublished":"2025-12-01T11:02:14+00:00","dateModified":"2025-12-01T09:50:58+00:00","mainEntityOfPage":{"@id":"https:\/\/vosgesinfo.fr\/gerardmerinfo\/2025\/12\/lamicale-du-quartier-kleber-a-encore-fait-des-heureux\/"},"wordCount":365,"commentCount":3,"publisher":{"@id":"https:\/\/vosgesinfo.fr\/gerardmerinfo\/#organization"},"image":{"@id":"https:\/\/vosgesinfo.fr\/gerardmerinfo\/2025\/12\/lamicale-du-quartier-kleber-a-encore-fait-des-heureux\/#primaryimage"},"thumbnailUrl":"https:\/\/vosgesinfo.fr\/app\/uploads\/sites\/6\/2025\/12\/gouter-et-colis-mille-club-2.jpeg","keywords":["Amicale du quartier Kleber","Mille club G\u00e9rardmer"],"articleSection":["A la une","Gerardmer","social","Vie Associative"],"inLanguage":"fr-FR","potentialAction":[{"@type":"CommentAction","name":"Comment","target":["https:\/\/vosgesinfo.fr\/gerardmerinfo\/2025\/12\/lamicale-du-quartier-kleber-a-encore-fait-des-heureux\/#respond"]}]},{"@type":"WebPage","@id":"https:\/\/vosgesinfo.fr\/gerardmerinfo\/2025\/12\/lamicale-du-quartier-kleber-a-encore-fait-des-heureux\/","url":"https:\/\/vosgesinfo.fr\/gerardmerinfo\/2025\/12\/lamicale-du-quartier-kleber-a-encore-fait-des-heureux\/","name":"L\u2019Amicale du quartier Kleber a encore fait des heureux - Gerardmer Info","isPartOf":{"@id":"https:\/\/vosgesinfo.fr\/gerardmerinfo\/#website"},"primaryImageOfPage":{"@id":"https:\/\/vosgesinfo.fr\/gerardmerinfo\/2025\/12\/lamicale-du-quartier-kleber-a-encore-fait-des-heureux\/#primaryimage"},"image":{"@id":"https:\/\/vosgesinfo.fr\/gerardmerinfo\/2025\/12\/lamicale-du-quartier-kleber-a-encore-fait-des-heureux\/#primaryimage"},"thumbnailUrl":"https:\/\/vosgesinfo.fr\/app\/uploads\/sites\/6\/2025\/12\/gouter-et-colis-mille-club-2.jpeg","datePublished":"2025-12-01T11:02:14+00:00","dateModified":"2025-12-01T09:50:58+00:00","breadcrumb":{"@id":"https:\/\/vosgesinfo.fr\/gerardmerinfo\/2025\/12\/lamicale-du-quartier-kleber-a-encore-fait-des-heureux\/#breadcrumb"},"inLanguage":"fr-FR","potentialAction":[{"@type":"ReadAction","target":["https:\/\/vosgesinfo.fr\/gerardmerinfo\/2025\/12\/lamicale-du-quartier-kleber-a-encore-fait-des-heureux\/"]}]},{"@type":"ImageObject","inLanguage":"fr-FR","@id":"https:\/\/vosgesinfo.fr\/gerardmerinfo\/2025\/12\/lamicale-du-quartier-kleber-a-encore-fait-des-heureux\/#primaryimage","url":"https:\/\/vosgesinfo.fr\/app\/uploads\/sites\/6\/2025\/12\/gouter-et-colis-mille-club-2.jpeg","contentUrl":"https:\/\/vosgesinfo.fr\/app\/uploads\/sites\/6\/2025\/12\/gouter-et-colis-mille-club-2.jpeg","width":1448,"height":1080},{"@type":"BreadcrumbList","@id":"https:\/\/vosgesinfo.fr\/gerardmerinfo\/2025\/12\/lamicale-du-quartier-kleber-a-encore-fait-des-heureux\/#breadcrumb","itemListElement":[{"@type":"ListItem","position":1,"name":"Home","item":"https:\/\/vosgesinfo.fr\/gerardmerinfo\/"},{"@type":"ListItem","position":2,"name":"L\u2019Amicale du quartier Kleber a encore fait des heureux"}]},{"@type":"WebSite","@id":"https:\/\/vosgesinfo.fr\/gerardmerinfo\/#website","url":"https:\/\/vosgesinfo.fr\/gerardmerinfo\/","name":"Gerardmer Info","description":"Toute l&#039;actualit\u00e9 de G\u00e9rardmer","publisher":{"@id":"https:\/\/vosgesinfo.fr\/gerardmerinfo\/#organization"},"alternateName":"Toute l'actualit\u00e9 de G\u00e9rardmer","potentialAction":[{"@type":"SearchAction","target":{"@type":"EntryPoint","urlTemplate":"https:\/\/vosgesinfo.fr\/gerardmerinfo\/?s={search_term_string}"},"query-input":"required name=search_term_string"}],"inLanguage":"fr-FR"},{"@type":"Organization","@id":"https:\/\/vosgesinfo.fr\/gerardmerinfo\/#organization","name":"Gerardmer Info","url":"https:\/\/vosgesinfo.fr\/gerardmerinfo\/","logo":{"@type":"ImageObject","inLanguage":"fr-FR","@id":"https:\/\/vosgesinfo.fr\/gerardmerinfo\/#\/schema\/logo\/image\/","url":"https:\/\/vosgesinfo.fr\/app\/uploads\/sites\/6\/2023\/08\/favicon-gerardmerinfo.png","contentUrl":"https:\/\/vosgesinfo.fr\/app\/uploads\/sites\/6\/2023\/08\/favicon-gerardmerinfo.png","width":512,"height":512,"caption":"Gerardmer Info"},"image":{"@id":"https:\/\/vosgesinfo.fr\/gerardmerinfo\/#\/schema\/logo\/image\/"},"sameAs":["https:\/\/www.facebook.com\/profile.php?id=100049475262660","https:\/\/x.com\/VosgesInfo88","https:\/\/www.youtube.com\/@vosgesinfo"]},{"@type":"Person","@id":"https:\/\/vosgesinfo.fr\/gerardmerinfo\/#\/schema\/person\/bb210d3430e59ff5cd247deaccb63615","name":"I.N","image":{"@type":"ImageObject","inLanguage":"fr-FR","@id":"https:\/\/vosgesinfo.fr\/gerardmerinfo\/#\/schema\/person\/image\/","url":"https:\/\/secure.gravatar.com\/avatar\/612d5c20a39b1c8bc5675cc8e3d99e120730e7d080423fdafec485619845af71?s=96&d=mm&r=g","contentUrl":"https:\/\/secure.gravatar.com\/avatar\/612d5c20a39b1c8bc5675cc8e3d99e120730e7d080423fdafec485619845af71?s=96&d=mm&r=g","caption":"I.N"},"url":"https:\/\/vosgesinfo.fr\/gerardmerinfo\/author\/i-ngerardmer\/"}]}},"_links":{"self":[{"href":"https:\/\/vosgesinfo.fr\/gerardmerinfo\/wp-json\/wp\/v2\/posts\/85208","targetHints":{"allow":["GET"]}}],"collection":[{"href":"https:\/\/vosgesinfo.fr\/gerardmerinfo\/wp-json\/wp\/v2\/posts"}],"about":[{"href":"https:\/\/vosgesinfo.fr\/gerardmerinfo\/wp-json\/wp\/v2\/types\/post"}],"author":[{"embeddable":true,"href":"https:\/\/vosgesinfo.fr\/gerardmerinfo\/wp-json\/wp\/v2\/users\/258"}],"replies":[{"embeddable":true,"href":"https:\/\/vosgesinfo.fr\/gerardmerinfo\/wp-json\/wp\/v2\/comments?post=85208"}],"version-history":[{"count":4,"href":"https:\/\/vosgesinfo.fr\/gerardmerinfo\/wp-json\/wp\/v2\/posts\/85208\/revisions"}],"predecessor-version":[{"id":85220,"href":"https:\/\/vosgesinfo.fr\/gerardmerinfo\/wp-json\/wp\/v2\/posts\/85208\/revisions\/85220"}],"wp:featuredmedia":[{"embeddable":true,"href":"https:\/\/vosgesinfo.fr\/gerardmerinfo\/wp-json\/wp\/v2\/media\/85211"}],"wp:attachment":[{"href":"https:\/\/vosgesinfo.fr\/gerardmerinfo\/wp-json\/wp\/v2\/media?parent=85208"}],"wp:term":[{"taxonomy":"category","embeddable":true,"href":"https:\/\/vosgesinfo.fr\/gerardmerinfo\/wp-json\/wp\/v2\/categories?post=85208"},{"taxonomy":"post_tag","embeddable":true,"href":"https:\/\/vosgesinfo.fr\/gerardmerinfo\/wp-json\/wp\/v2\/tags?post=85208"}],"curies":[{"name":"wp","href":"https:\/\/api.w.org\/{rel}","templated":true}]}}