{"id":85221,"date":"2025-12-01T11:05:26","date_gmt":"2025-12-01T10:05:26","guid":{"rendered":"https:\/\/vosgesinfo.fr\/gerardmerinfo\/?p=85221"},"modified":"2025-12-01T11:07:57","modified_gmt":"2025-12-01T10:07:57","slug":"nage-avec-palmes-les-geromoises-se-mesurent-a-lelite-regionale","status":"publish","type":"post","link":"https:\/\/vosgesinfo.fr\/gerardmerinfo\/2025\/12\/nage-avec-palmes-les-geromoises-se-mesurent-a-lelite-regionale\/","title":{"rendered":"Nage avec palmes : les g\u00e9r\u00f4mois(es) se mesurent \u00e0 l&rsquo;\u00e9lite r\u00e9gionale"},"content":{"rendered":"<p><a href=\"https:\/\/vosgesinfo.fr\/app\/uploads\/sites\/6\/2025\/12\/img-20251130-183419-12.jpg\"><img decoding=\"async\" class=\"aligncenter size-large wp-image-85223\" src=\"https:\/\/vosgesinfo.fr\/app\/uploads\/sites\/6\/2025\/12\/img-20251130-183419-12-1024x646.jpg\" alt=\"\" width=\"1024\" height=\"646\" srcset=\"https:\/\/vosgesinfo.fr\/app\/uploads\/sites\/6\/2025\/12\/img-20251130-183419-12-1024x646.jpg 1024w, https:\/\/vosgesinfo.fr\/app\/uploads\/sites\/6\/2025\/12\/img-20251130-183419-12-300x189.jpg 300w, https:\/\/vosgesinfo.fr\/app\/uploads\/sites\/6\/2025\/12\/img-20251130-183419-12-768x484.jpg 768w, https:\/\/vosgesinfo.fr\/app\/uploads\/sites\/6\/2025\/12\/img-20251130-183419-12-1536x968.jpg 1536w, https:\/\/vosgesinfo.fr\/app\/uploads\/sites\/6\/2025\/12\/img-20251130-183419-12.jpg 1713w\" sizes=\"(max-width: 1024px) 100vw, 1024px\" \/><\/a><\/p>\n<p>&nbsp;<\/p>\n<p><strong>Ce dimanche 30 novembre, six nageurs du club de nage avec palmes se sont rendus \u00e0 la piscine des Remparts de S\u00e9lestat pour participer au championnat du Bas Rhin.<\/strong><\/p>\n<p><a href=\"https:\/\/vosgesinfo.fr\/app\/uploads\/sites\/6\/2025\/12\/img-20251130-182028.jpg\"><img decoding=\"async\" class=\"alignright size-medium wp-image-85222\" src=\"https:\/\/vosgesinfo.fr\/app\/uploads\/sites\/6\/2025\/12\/img-20251130-182028-208x300.jpg\" alt=\"\" width=\"208\" height=\"300\" srcset=\"https:\/\/vosgesinfo.fr\/app\/uploads\/sites\/6\/2025\/12\/img-20251130-182028-208x300.jpg 208w, https:\/\/vosgesinfo.fr\/app\/uploads\/sites\/6\/2025\/12\/img-20251130-182028-711x1024.jpg 711w, https:\/\/vosgesinfo.fr\/app\/uploads\/sites\/6\/2025\/12\/img-20251130-182028.jpg 750w\" sizes=\"(max-width: 208px) 100vw, 208px\" \/><\/a>Une comp\u00e9tition au niveau \u00e9lev\u00e9 au cours de laquelle les nageurs g\u00e9r\u00f4mois se sont courageusement mesur\u00e9s \u00e0 l&rsquo;\u00e9lite r\u00e9gionale en bi palmes, monopalme, apn\u00e9e et immersion.<\/p>\n<p>Cette rencontre, tr\u00e8s enrichissante leur a \u00e9galement permis de s&rsquo;illustrer au palmar\u00e8s, ainsi:<\/p>\n<p>&#8211; H\u00e9lo\u00efse Maz\u00e9rat en minime et Louis Beausire en cadet occupent chacun la quatri\u00e8me place de leur cat\u00e9gorie.<br \/>\n&#8211; Aimeline Schmitt se classe troisi\u00e8me cadette et Aub\u00e9ri Trimborn troisi\u00e8me s\u00e9niore.<br \/>\n&#8211; Sandrine Ferreira et Val\u00e9rie Georgeon occupent quant \u00e0 elles les deux plus hautes marches du podium en master 50+.<\/p>\n<p>Une belle rencontre interg\u00e9n\u00e9rationnelle et comme toujours conviviale, rendue possible gr\u00e2ce \u00e0 la pr\u00e9sence du fid\u00e8le juge et chronom\u00e9treuse du club g\u00e9r\u00f4mois : Patricia Plust.<\/p>\n<p>La saison des comp\u00e9titions en bassins est donc bel est bien lanc\u00e9e avec plusieurs dates au calendrier, notamment le championnat des Vosges organis\u00e9 par le club \u00e0 G\u00e9rardmer le 29 mars prochain&#8230; Avant de retrouver l&rsquo;eau libre au printemps !<\/p>\n<p><a href=\"https:\/\/vosgesinfo.fr\/app\/uploads\/sites\/6\/2025\/12\/img-20251130-181606.jpg\"><img decoding=\"async\" class=\"aligncenter size-large wp-image-85224\" src=\"https:\/\/vosgesinfo.fr\/app\/uploads\/sites\/6\/2025\/12\/img-20251130-181606-737x1024.jpg\" alt=\"\" width=\"737\" height=\"1024\" srcset=\"https:\/\/vosgesinfo.fr\/app\/uploads\/sites\/6\/2025\/12\/img-20251130-181606-737x1024.jpg 737w, https:\/\/vosgesinfo.fr\/app\/uploads\/sites\/6\/2025\/12\/img-20251130-181606-216x300.jpg 216w, https:\/\/vosgesinfo.fr\/app\/uploads\/sites\/6\/2025\/12\/img-20251130-181606-768x1067.jpg 768w, https:\/\/vosgesinfo.fr\/app\/uploads\/sites\/6\/2025\/12\/img-20251130-181606.jpg 777w\" sizes=\"(max-width: 737px) 100vw, 737px\" \/><\/a><\/p>\n","protected":false},"excerpt":{"rendered":"<p>&nbsp; Ce dimanche 30 novembre, six nageurs du club de nage avec palmes se sont rendus \u00e0 la piscine des [&hellip;]<\/p>\n","protected":false},"author":42,"featured_media":85223,"comment_status":"open","ping_status":"open","sticky":false,"template":"","format":"standard","meta":{"footnotes":""},"categories":[20,5647,25,14],"tags":[217],"class_list":["post-85221","post","type-post","status-publish","format-standard","has-post-thumbnail","hentry","category-a-la-une","category-gerardmer-autres-sites","category-gerardmer","category-sport","tag-nage-avec-palmes"],"acf":[],"yoast_head":"<!-- This site is optimized with the Yoast SEO plugin v22.5 - https:\/\/yoast.com\/wordpress\/plugins\/seo\/ -->\n<title>Nage avec palmes : les g\u00e9r\u00f4mois(es) se mesurent \u00e0 l&#039;\u00e9lite r\u00e9gionale - Gerardmer Info<\/title>\n<meta name=\"robots\" content=\"index, follow, max-snippet:-1, max-image-preview:large, max-video-preview:-1\" \/>\n<link rel=\"canonical\" href=\"https:\/\/vosgesinfo.fr\/gerardmerinfo\/2025\/12\/nage-avec-palmes-les-geromoises-se-mesurent-a-lelite-regionale\/\" \/>\n<meta name=\"twitter:card\" content=\"summary_large_image\" \/>\n<meta name=\"twitter:title\" content=\"Nage avec palmes : les g\u00e9r\u00f4mois(es) se mesurent \u00e0 l&#039;\u00e9lite r\u00e9gionale - Gerardmer Info\" \/>\n<meta name=\"twitter:description\" content=\"&nbsp; Ce dimanche 30 novembre, six nageurs du club de nage avec palmes se sont rendus \u00e0 la piscine des [&hellip;]\" \/>\n<meta name=\"twitter:image\" content=\"https:\/\/vosgesinfo.fr\/app\/uploads\/sites\/6\/2025\/12\/img-20251130-183419-12.jpg\" \/>\n<meta name=\"twitter:creator\" content=\"@VosgesInfo88\" \/>\n<meta name=\"twitter:site\" content=\"@VosgesInfo88\" \/>\n<meta name=\"twitter:label1\" content=\"\u00c9crit par\" \/>\n\t<meta name=\"twitter:data1\" content=\"QG\" \/>\n\t<meta name=\"twitter:label2\" content=\"Dur\u00e9e de lecture estim\u00e9e\" \/>\n\t<meta name=\"twitter:data2\" content=\"2 minutes\" \/>\n<script type=\"application\/ld+json\" class=\"yoast-schema-graph\">{\"@context\":\"https:\/\/schema.org\",\"@graph\":[{\"@type\":\"Article\",\"@id\":\"https:\/\/vosgesinfo.fr\/gerardmerinfo\/2025\/12\/nage-avec-palmes-les-geromoises-se-mesurent-a-lelite-regionale\/#article\",\"isPartOf\":{\"@id\":\"https:\/\/vosgesinfo.fr\/gerardmerinfo\/2025\/12\/nage-avec-palmes-les-geromoises-se-mesurent-a-lelite-regionale\/\"},\"author\":{\"name\":\"QG\",\"@id\":\"https:\/\/vosgesinfo.fr\/gerardmerinfo\/#\/schema\/person\/db5605779a843dad16b5368f3e7613a5\"},\"headline\":\"Nage avec palmes : les g\u00e9r\u00f4mois(es) se mesurent \u00e0 l&rsquo;\u00e9lite r\u00e9gionale\",\"datePublished\":\"2025-12-01T10:05:26+00:00\",\"dateModified\":\"2025-12-01T10:07:57+00:00\",\"mainEntityOfPage\":{\"@id\":\"https:\/\/vosgesinfo.fr\/gerardmerinfo\/2025\/12\/nage-avec-palmes-les-geromoises-se-mesurent-a-lelite-regionale\/\"},\"wordCount\":221,\"commentCount\":0,\"publisher\":{\"@id\":\"https:\/\/vosgesinfo.fr\/gerardmerinfo\/#organization\"},\"image\":{\"@id\":\"https:\/\/vosgesinfo.fr\/gerardmerinfo\/2025\/12\/nage-avec-palmes-les-geromoises-se-mesurent-a-lelite-regionale\/#primaryimage\"},\"thumbnailUrl\":\"https:\/\/vosgesinfo.fr\/app\/uploads\/sites\/6\/2025\/12\/img-20251130-183419-12.jpg\",\"keywords\":[\"nage avec palmes\"],\"articleSection\":[\"A la une\",\"Gerardmer\",\"G\u00e9rardmer\",\"Sport\"],\"inLanguage\":\"fr-FR\",\"potentialAction\":[{\"@type\":\"CommentAction\",\"name\":\"Comment\",\"target\":[\"https:\/\/vosgesinfo.fr\/gerardmerinfo\/2025\/12\/nage-avec-palmes-les-geromoises-se-mesurent-a-lelite-regionale\/#respond\"]}]},{\"@type\":\"WebPage\",\"@id\":\"https:\/\/vosgesinfo.fr\/gerardmerinfo\/2025\/12\/nage-avec-palmes-les-geromoises-se-mesurent-a-lelite-regionale\/\",\"url\":\"https:\/\/vosgesinfo.fr\/gerardmerinfo\/2025\/12\/nage-avec-palmes-les-geromoises-se-mesurent-a-lelite-regionale\/\",\"name\":\"Nage avec palmes : les g\u00e9r\u00f4mois(es) se mesurent \u00e0 l'\u00e9lite r\u00e9gionale - Gerardmer Info\",\"isPartOf\":{\"@id\":\"https:\/\/vosgesinfo.fr\/gerardmerinfo\/#website\"},\"primaryImageOfPage\":{\"@id\":\"https:\/\/vosgesinfo.fr\/gerardmerinfo\/2025\/12\/nage-avec-palmes-les-geromoises-se-mesurent-a-lelite-regionale\/#primaryimage\"},\"image\":{\"@id\":\"https:\/\/vosgesinfo.fr\/gerardmerinfo\/2025\/12\/nage-avec-palmes-les-geromoises-se-mesurent-a-lelite-regionale\/#primaryimage\"},\"thumbnailUrl\":\"https:\/\/vosgesinfo.fr\/app\/uploads\/sites\/6\/2025\/12\/img-20251130-183419-12.jpg\",\"datePublished\":\"2025-12-01T10:05:26+00:00\",\"dateModified\":\"2025-12-01T10:07:57+00:00\",\"breadcrumb\":{\"@id\":\"https:\/\/vosgesinfo.fr\/gerardmerinfo\/2025\/12\/nage-avec-palmes-les-geromoises-se-mesurent-a-lelite-regionale\/#breadcrumb\"},\"inLanguage\":\"fr-FR\",\"potentialAction\":[{\"@type\":\"ReadAction\",\"target\":[\"https:\/\/vosgesinfo.fr\/gerardmerinfo\/2025\/12\/nage-avec-palmes-les-geromoises-se-mesurent-a-lelite-regionale\/\"]}]},{\"@type\":\"ImageObject\",\"inLanguage\":\"fr-FR\",\"@id\":\"https:\/\/vosgesinfo.fr\/gerardmerinfo\/2025\/12\/nage-avec-palmes-les-geromoises-se-mesurent-a-lelite-regionale\/#primaryimage\",\"url\":\"https:\/\/vosgesinfo.fr\/app\/uploads\/sites\/6\/2025\/12\/img-20251130-183419-12.jpg\",\"contentUrl\":\"https:\/\/vosgesinfo.fr\/app\/uploads\/sites\/6\/2025\/12\/img-20251130-183419-12.jpg\",\"width\":1713,\"height\":1080},{\"@type\":\"BreadcrumbList\",\"@id\":\"https:\/\/vosgesinfo.fr\/gerardmerinfo\/2025\/12\/nage-avec-palmes-les-geromoises-se-mesurent-a-lelite-regionale\/#breadcrumb\",\"itemListElement\":[{\"@type\":\"ListItem\",\"position\":1,\"name\":\"Home\",\"item\":\"https:\/\/vosgesinfo.fr\/gerardmerinfo\/\"},{\"@type\":\"ListItem\",\"position\":2,\"name\":\"Nage avec palmes : les g\u00e9r\u00f4mois(es) se mesurent \u00e0 l&#8217;\u00e9lite r\u00e9gionale\"}]},{\"@type\":\"WebSite\",\"@id\":\"https:\/\/vosgesinfo.fr\/gerardmerinfo\/#website\",\"url\":\"https:\/\/vosgesinfo.fr\/gerardmerinfo\/\",\"name\":\"Gerardmer Info\",\"description\":\"Toute l&#039;actualit\u00e9 de G\u00e9rardmer\",\"publisher\":{\"@id\":\"https:\/\/vosgesinfo.fr\/gerardmerinfo\/#organization\"},\"alternateName\":\"Toute l'actualit\u00e9 de G\u00e9rardmer\",\"potentialAction\":[{\"@type\":\"SearchAction\",\"target\":{\"@type\":\"EntryPoint\",\"urlTemplate\":\"https:\/\/vosgesinfo.fr\/gerardmerinfo\/?s={search_term_string}\"},\"query-input\":\"required name=search_term_string\"}],\"inLanguage\":\"fr-FR\"},{\"@type\":\"Organization\",\"@id\":\"https:\/\/vosgesinfo.fr\/gerardmerinfo\/#organization\",\"name\":\"Gerardmer Info\",\"url\":\"https:\/\/vosgesinfo.fr\/gerardmerinfo\/\",\"logo\":{\"@type\":\"ImageObject\",\"inLanguage\":\"fr-FR\",\"@id\":\"https:\/\/vosgesinfo.fr\/gerardmerinfo\/#\/schema\/logo\/image\/\",\"url\":\"https:\/\/vosgesinfo.fr\/app\/uploads\/sites\/6\/2023\/08\/favicon-gerardmerinfo.png\",\"contentUrl\":\"https:\/\/vosgesinfo.fr\/app\/uploads\/sites\/6\/2023\/08\/favicon-gerardmerinfo.png\",\"width\":512,\"height\":512,\"caption\":\"Gerardmer Info\"},\"image\":{\"@id\":\"https:\/\/vosgesinfo.fr\/gerardmerinfo\/#\/schema\/logo\/image\/\"},\"sameAs\":[\"https:\/\/www.facebook.com\/profile.php?id=100049475262660\",\"https:\/\/x.com\/VosgesInfo88\",\"https:\/\/www.youtube.com\/@vosgesinfo\"]},{\"@type\":\"Person\",\"@id\":\"https:\/\/vosgesinfo.fr\/gerardmerinfo\/#\/schema\/person\/db5605779a843dad16b5368f3e7613a5\",\"name\":\"QG\",\"image\":{\"@type\":\"ImageObject\",\"inLanguage\":\"fr-FR\",\"@id\":\"https:\/\/vosgesinfo.fr\/gerardmerinfo\/#\/schema\/person\/image\/\",\"url\":\"https:\/\/secure.gravatar.com\/avatar\/ea80c42c204b534408512832fde52504ecabb9706bcb6151cf6175e5b64e6793?s=96&d=mm&r=g\",\"contentUrl\":\"https:\/\/secure.gravatar.com\/avatar\/ea80c42c204b534408512832fde52504ecabb9706bcb6151cf6175e5b64e6793?s=96&d=mm&r=g\",\"caption\":\"QG\"},\"url\":\"https:\/\/vosgesinfo.fr\/gerardmerinfo\/author\/quentin88\/\"}]}<\/script>\n<!-- \/ Yoast SEO plugin. -->","yoast_head_json":{"title":"Nage avec palmes : les g\u00e9r\u00f4mois(es) se mesurent \u00e0 l'\u00e9lite r\u00e9gionale - Gerardmer Info","robots":{"index":"index","follow":"follow","max-snippet":"max-snippet:-1","max-image-preview":"max-image-preview:large","max-video-preview":"max-video-preview:-1"},"canonical":"https:\/\/vosgesinfo.fr\/gerardmerinfo\/2025\/12\/nage-avec-palmes-les-geromoises-se-mesurent-a-lelite-regionale\/","twitter_card":"summary_large_image","twitter_title":"Nage avec palmes : les g\u00e9r\u00f4mois(es) se mesurent \u00e0 l'\u00e9lite r\u00e9gionale - Gerardmer Info","twitter_description":"&nbsp; Ce dimanche 30 novembre, six nageurs du club de nage avec palmes se sont rendus \u00e0 la piscine des [&hellip;]","twitter_image":"https:\/\/vosgesinfo.fr\/app\/uploads\/sites\/6\/2025\/12\/img-20251130-183419-12.jpg","twitter_creator":"@VosgesInfo88","twitter_site":"@VosgesInfo88","twitter_misc":{"\u00c9crit par":"QG","Dur\u00e9e de lecture estim\u00e9e":"2 minutes"},"schema":{"@context":"https:\/\/schema.org","@graph":[{"@type":"Article","@id":"https:\/\/vosgesinfo.fr\/gerardmerinfo\/2025\/12\/nage-avec-palmes-les-geromoises-se-mesurent-a-lelite-regionale\/#article","isPartOf":{"@id":"https:\/\/vosgesinfo.fr\/gerardmerinfo\/2025\/12\/nage-avec-palmes-les-geromoises-se-mesurent-a-lelite-regionale\/"},"author":{"name":"QG","@id":"https:\/\/vosgesinfo.fr\/gerardmerinfo\/#\/schema\/person\/db5605779a843dad16b5368f3e7613a5"},"headline":"Nage avec palmes : les g\u00e9r\u00f4mois(es) se mesurent \u00e0 l&rsquo;\u00e9lite r\u00e9gionale","datePublished":"2025-12-01T10:05:26+00:00","dateModified":"2025-12-01T10:07:57+00:00","mainEntityOfPage":{"@id":"https:\/\/vosgesinfo.fr\/gerardmerinfo\/2025\/12\/nage-avec-palmes-les-geromoises-se-mesurent-a-lelite-regionale\/"},"wordCount":221,"commentCount":0,"publisher":{"@id":"https:\/\/vosgesinfo.fr\/gerardmerinfo\/#organization"},"image":{"@id":"https:\/\/vosgesinfo.fr\/gerardmerinfo\/2025\/12\/nage-avec-palmes-les-geromoises-se-mesurent-a-lelite-regionale\/#primaryimage"},"thumbnailUrl":"https:\/\/vosgesinfo.fr\/app\/uploads\/sites\/6\/2025\/12\/img-20251130-183419-12.jpg","keywords":["nage avec palmes"],"articleSection":["A la une","Gerardmer","G\u00e9rardmer","Sport"],"inLanguage":"fr-FR","potentialAction":[{"@type":"CommentAction","name":"Comment","target":["https:\/\/vosgesinfo.fr\/gerardmerinfo\/2025\/12\/nage-avec-palmes-les-geromoises-se-mesurent-a-lelite-regionale\/#respond"]}]},{"@type":"WebPage","@id":"https:\/\/vosgesinfo.fr\/gerardmerinfo\/2025\/12\/nage-avec-palmes-les-geromoises-se-mesurent-a-lelite-regionale\/","url":"https:\/\/vosgesinfo.fr\/gerardmerinfo\/2025\/12\/nage-avec-palmes-les-geromoises-se-mesurent-a-lelite-regionale\/","name":"Nage avec palmes : les g\u00e9r\u00f4mois(es) se mesurent \u00e0 l'\u00e9lite r\u00e9gionale - Gerardmer Info","isPartOf":{"@id":"https:\/\/vosgesinfo.fr\/gerardmerinfo\/#website"},"primaryImageOfPage":{"@id":"https:\/\/vosgesinfo.fr\/gerardmerinfo\/2025\/12\/nage-avec-palmes-les-geromoises-se-mesurent-a-lelite-regionale\/#primaryimage"},"image":{"@id":"https:\/\/vosgesinfo.fr\/gerardmerinfo\/2025\/12\/nage-avec-palmes-les-geromoises-se-mesurent-a-lelite-regionale\/#primaryimage"},"thumbnailUrl":"https:\/\/vosgesinfo.fr\/app\/uploads\/sites\/6\/2025\/12\/img-20251130-183419-12.jpg","datePublished":"2025-12-01T10:05:26+00:00","dateModified":"2025-12-01T10:07:57+00:00","breadcrumb":{"@id":"https:\/\/vosgesinfo.fr\/gerardmerinfo\/2025\/12\/nage-avec-palmes-les-geromoises-se-mesurent-a-lelite-regionale\/#breadcrumb"},"inLanguage":"fr-FR","potentialAction":[{"@type":"ReadAction","target":["https:\/\/vosgesinfo.fr\/gerardmerinfo\/2025\/12\/nage-avec-palmes-les-geromoises-se-mesurent-a-lelite-regionale\/"]}]},{"@type":"ImageObject","inLanguage":"fr-FR","@id":"https:\/\/vosgesinfo.fr\/gerardmerinfo\/2025\/12\/nage-avec-palmes-les-geromoises-se-mesurent-a-lelite-regionale\/#primaryimage","url":"https:\/\/vosgesinfo.fr\/app\/uploads\/sites\/6\/2025\/12\/img-20251130-183419-12.jpg","contentUrl":"https:\/\/vosgesinfo.fr\/app\/uploads\/sites\/6\/2025\/12\/img-20251130-183419-12.jpg","width":1713,"height":1080},{"@type":"BreadcrumbList","@id":"https:\/\/vosgesinfo.fr\/gerardmerinfo\/2025\/12\/nage-avec-palmes-les-geromoises-se-mesurent-a-lelite-regionale\/#breadcrumb","itemListElement":[{"@type":"ListItem","position":1,"name":"Home","item":"https:\/\/vosgesinfo.fr\/gerardmerinfo\/"},{"@type":"ListItem","position":2,"name":"Nage avec palmes : les g\u00e9r\u00f4mois(es) se mesurent \u00e0 l&#8217;\u00e9lite r\u00e9gionale"}]},{"@type":"WebSite","@id":"https:\/\/vosgesinfo.fr\/gerardmerinfo\/#website","url":"https:\/\/vosgesinfo.fr\/gerardmerinfo\/","name":"Gerardmer Info","description":"Toute l&#039;actualit\u00e9 de G\u00e9rardmer","publisher":{"@id":"https:\/\/vosgesinfo.fr\/gerardmerinfo\/#organization"},"alternateName":"Toute l'actualit\u00e9 de G\u00e9rardmer","potentialAction":[{"@type":"SearchAction","target":{"@type":"EntryPoint","urlTemplate":"https:\/\/vosgesinfo.fr\/gerardmerinfo\/?s={search_term_string}"},"query-input":"required name=search_term_string"}],"inLanguage":"fr-FR"},{"@type":"Organization","@id":"https:\/\/vosgesinfo.fr\/gerardmerinfo\/#organization","name":"Gerardmer Info","url":"https:\/\/vosgesinfo.fr\/gerardmerinfo\/","logo":{"@type":"ImageObject","inLanguage":"fr-FR","@id":"https:\/\/vosgesinfo.fr\/gerardmerinfo\/#\/schema\/logo\/image\/","url":"https:\/\/vosgesinfo.fr\/app\/uploads\/sites\/6\/2023\/08\/favicon-gerardmerinfo.png","contentUrl":"https:\/\/vosgesinfo.fr\/app\/uploads\/sites\/6\/2023\/08\/favicon-gerardmerinfo.png","width":512,"height":512,"caption":"Gerardmer Info"},"image":{"@id":"https:\/\/vosgesinfo.fr\/gerardmerinfo\/#\/schema\/logo\/image\/"},"sameAs":["https:\/\/www.facebook.com\/profile.php?id=100049475262660","https:\/\/x.com\/VosgesInfo88","https:\/\/www.youtube.com\/@vosgesinfo"]},{"@type":"Person","@id":"https:\/\/vosgesinfo.fr\/gerardmerinfo\/#\/schema\/person\/db5605779a843dad16b5368f3e7613a5","name":"QG","image":{"@type":"ImageObject","inLanguage":"fr-FR","@id":"https:\/\/vosgesinfo.fr\/gerardmerinfo\/#\/schema\/person\/image\/","url":"https:\/\/secure.gravatar.com\/avatar\/ea80c42c204b534408512832fde52504ecabb9706bcb6151cf6175e5b64e6793?s=96&d=mm&r=g","contentUrl":"https:\/\/secure.gravatar.com\/avatar\/ea80c42c204b534408512832fde52504ecabb9706bcb6151cf6175e5b64e6793?s=96&d=mm&r=g","caption":"QG"},"url":"https:\/\/vosgesinfo.fr\/gerardmerinfo\/author\/quentin88\/"}]}},"_links":{"self":[{"href":"https:\/\/vosgesinfo.fr\/gerardmerinfo\/wp-json\/wp\/v2\/posts\/85221","targetHints":{"allow":["GET"]}}],"collection":[{"href":"https:\/\/vosgesinfo.fr\/gerardmerinfo\/wp-json\/wp\/v2\/posts"}],"about":[{"href":"https:\/\/vosgesinfo.fr\/gerardmerinfo\/wp-json\/wp\/v2\/types\/post"}],"author":[{"embeddable":true,"href":"https:\/\/vosgesinfo.fr\/gerardmerinfo\/wp-json\/wp\/v2\/users\/42"}],"replies":[{"embeddable":true,"href":"https:\/\/vosgesinfo.fr\/gerardmerinfo\/wp-json\/wp\/v2\/comments?post=85221"}],"version-history":[{"count":2,"href":"https:\/\/vosgesinfo.fr\/gerardmerinfo\/wp-json\/wp\/v2\/posts\/85221\/revisions"}],"predecessor-version":[{"id":85226,"href":"https:\/\/vosgesinfo.fr\/gerardmerinfo\/wp-json\/wp\/v2\/posts\/85221\/revisions\/85226"}],"wp:featuredmedia":[{"embeddable":true,"href":"https:\/\/vosgesinfo.fr\/gerardmerinfo\/wp-json\/wp\/v2\/media\/85223"}],"wp:attachment":[{"href":"https:\/\/vosgesinfo.fr\/gerardmerinfo\/wp-json\/wp\/v2\/media?parent=85221"}],"wp:term":[{"taxonomy":"category","embeddable":true,"href":"https:\/\/vosgesinfo.fr\/gerardmerinfo\/wp-json\/wp\/v2\/categories?post=85221"},{"taxonomy":"post_tag","embeddable":true,"href":"https:\/\/vosgesinfo.fr\/gerardmerinfo\/wp-json\/wp\/v2\/tags?post=85221"}],"curies":[{"name":"wp","href":"https:\/\/api.w.org\/{rel}","templated":true}]}}