{"id":85401,"date":"2025-12-21T11:56:11","date_gmt":"2025-12-21T10:56:11","guid":{"rendered":"https:\/\/vosgesinfo.fr\/gerardmerinfo\/?p=85401"},"modified":"2025-12-21T12:14:05","modified_gmt":"2025-12-21T11:14:05","slug":"marche-nocturne-avec-le-club-vosgien-flammenkuche-buvette-a-larrivee","status":"publish","type":"post","link":"https:\/\/vosgesinfo.fr\/gerardmerinfo\/2025\/12\/marche-nocturne-avec-le-club-vosgien-flammenkuche-buvette-a-larrivee\/","title":{"rendered":"Marche nocturne avec le Club Vosgien &#8211; flammenk\u00fcche &#038; buvette \u00e0 l&rsquo;arriv\u00e9e"},"content":{"rendered":"<p style=\"text-align: center;\"><strong>Communiqu\u00e9<\/strong><\/p>\n<p data-olk-copy-source=\"MessageBody\">Le Club Vosgien de G\u00e9rardmer organise le <strong>lundi 22\/12\/2025 \u00e0 partir de 16H30 une marche nocturne au d\u00e9part de l&rsquo;Espace Lac.<\/strong><\/p>\n<p><strong>Circuit de 7Km pour rejoindre la Roche du Renard, La Dros\u00e9ra (boissons chaudes offertes aux marcheurs) et retour \u00e0 l&rsquo;Espace Lac par la Vierge de la Creuse.<\/strong><\/p>\n<p>D\u00e9parts group\u00e9s et encadr\u00e9s par les animateurs du Club Vosgien de G\u00e9rardmer.<\/p>\n<p>Inscriptions \u00e0 partir de 16H : 3\u20ac par personne et 5\u20ac par Famille.<\/p>\n<p aria-hidden=\"true\">\n<p>A l&rsquo;arriv\u00e9e, d\u00e8s 18h30 et jusqu&rsquo;\u00e0 21H30,\u00a0Restauration avec Flammekueche sal\u00e9es et sucr\u00e9es et boissons.<\/p>\n<p><a href=\"https:\/\/vosgesinfo.fr\/app\/uploads\/sites\/6\/2025\/12\/afffiche-marche-nocturne-2025-v6-3.jpg\"><img decoding=\"async\" class=\"aligncenter size-full wp-image-85402\" src=\"https:\/\/vosgesinfo.fr\/app\/uploads\/sites\/6\/2025\/12\/afffiche-marche-nocturne-2025-v6-3.jpg\" alt=\"\" width=\"377\" height=\"552\" srcset=\"https:\/\/vosgesinfo.fr\/app\/uploads\/sites\/6\/2025\/12\/afffiche-marche-nocturne-2025-v6-3.jpg 377w, https:\/\/vosgesinfo.fr\/app\/uploads\/sites\/6\/2025\/12\/afffiche-marche-nocturne-2025-v6-3-205x300.jpg 205w\" sizes=\"(max-width: 377px) 100vw, 377px\" \/><\/a><\/p>\n","protected":false},"excerpt":{"rendered":"<p>Communiqu\u00e9 Le Club Vosgien de G\u00e9rardmer organise le lundi 22\/12\/2025 \u00e0 partir de 16H30 une marche nocturne au d\u00e9part de [&hellip;]<\/p>\n","protected":false},"author":391,"featured_media":85402,"comment_status":"open","ping_status":"open","sticky":false,"template":"","format":"standard","meta":{"footnotes":""},"categories":[20,25,5647],"tags":[194,1329],"class_list":["post-85401","post","type-post","status-publish","format-standard","has-post-thumbnail","hentry","category-a-la-une","category-gerardmer","category-gerardmer-autres-sites","tag-club-vosgien-gerardmer","tag-marche-nocturne"],"acf":[],"yoast_head":"<!-- This site is optimized with the Yoast SEO plugin v22.5 - https:\/\/yoast.com\/wordpress\/plugins\/seo\/ -->\n<title>Marche nocturne avec le Club Vosgien - flammenk\u00fcche &amp; buvette \u00e0 l&#039;arriv\u00e9e - Gerardmer Info<\/title>\n<meta name=\"robots\" content=\"index, follow, max-snippet:-1, max-image-preview:large, max-video-preview:-1\" \/>\n<link rel=\"canonical\" href=\"https:\/\/vosgesinfo.fr\/gerardmerinfo\/2025\/12\/marche-nocturne-avec-le-club-vosgien-flammenkuche-buvette-a-larrivee\/\" \/>\n<meta name=\"twitter:card\" content=\"summary_large_image\" \/>\n<meta name=\"twitter:title\" content=\"Marche nocturne avec le Club Vosgien - flammenk\u00fcche &amp; buvette \u00e0 l&#039;arriv\u00e9e - Gerardmer Info\" \/>\n<meta name=\"twitter:description\" content=\"Communiqu\u00e9 Le Club Vosgien de G\u00e9rardmer organise le lundi 22\/12\/2025 \u00e0 partir de 16H30 une marche nocturne au d\u00e9part de [&hellip;]\" \/>\n<meta name=\"twitter:image\" content=\"https:\/\/vosgesinfo.fr\/app\/uploads\/sites\/6\/2025\/12\/afffiche-marche-nocturne-2025-v6-3.jpg\" \/>\n<meta name=\"twitter:creator\" content=\"@VosgesInfo88\" \/>\n<meta name=\"twitter:site\" content=\"@VosgesInfo88\" \/>\n<meta name=\"twitter:label1\" content=\"\u00c9crit par\" \/>\n\t<meta name=\"twitter:data1\" content=\"La redaction\" \/>\n\t<meta name=\"twitter:label2\" content=\"Dur\u00e9e de lecture estim\u00e9e\" \/>\n\t<meta name=\"twitter:data2\" content=\"1 minute\" \/>\n<script type=\"application\/ld+json\" class=\"yoast-schema-graph\">{\"@context\":\"https:\/\/schema.org\",\"@graph\":[{\"@type\":\"Article\",\"@id\":\"https:\/\/vosgesinfo.fr\/gerardmerinfo\/2025\/12\/marche-nocturne-avec-le-club-vosgien-flammenkuche-buvette-a-larrivee\/#article\",\"isPartOf\":{\"@id\":\"https:\/\/vosgesinfo.fr\/gerardmerinfo\/2025\/12\/marche-nocturne-avec-le-club-vosgien-flammenkuche-buvette-a-larrivee\/\"},\"author\":{\"name\":\"La redaction\",\"@id\":\"https:\/\/vosgesinfo.fr\/gerardmerinfo\/#\/schema\/person\/27a3695b06db98895b354c0765cdfc31\"},\"headline\":\"Marche nocturne avec le Club Vosgien &#8211; flammenk\u00fcche &#038; buvette \u00e0 l&rsquo;arriv\u00e9e\",\"datePublished\":\"2025-12-21T10:56:11+00:00\",\"dateModified\":\"2025-12-21T11:14:05+00:00\",\"mainEntityOfPage\":{\"@id\":\"https:\/\/vosgesinfo.fr\/gerardmerinfo\/2025\/12\/marche-nocturne-avec-le-club-vosgien-flammenkuche-buvette-a-larrivee\/\"},\"wordCount\":109,\"commentCount\":0,\"publisher\":{\"@id\":\"https:\/\/vosgesinfo.fr\/gerardmerinfo\/#organization\"},\"image\":{\"@id\":\"https:\/\/vosgesinfo.fr\/gerardmerinfo\/2025\/12\/marche-nocturne-avec-le-club-vosgien-flammenkuche-buvette-a-larrivee\/#primaryimage\"},\"thumbnailUrl\":\"https:\/\/vosgesinfo.fr\/app\/uploads\/sites\/6\/2025\/12\/afffiche-marche-nocturne-2025-v6-3.jpg\",\"keywords\":[\"Club Vosgien G\u00e9rardmer\",\"march\u00e9 nocturne\"],\"articleSection\":[\"A la une\",\"G\u00e9rardmer\",\"Gerardmer\"],\"inLanguage\":\"fr-FR\",\"potentialAction\":[{\"@type\":\"CommentAction\",\"name\":\"Comment\",\"target\":[\"https:\/\/vosgesinfo.fr\/gerardmerinfo\/2025\/12\/marche-nocturne-avec-le-club-vosgien-flammenkuche-buvette-a-larrivee\/#respond\"]}]},{\"@type\":\"WebPage\",\"@id\":\"https:\/\/vosgesinfo.fr\/gerardmerinfo\/2025\/12\/marche-nocturne-avec-le-club-vosgien-flammenkuche-buvette-a-larrivee\/\",\"url\":\"https:\/\/vosgesinfo.fr\/gerardmerinfo\/2025\/12\/marche-nocturne-avec-le-club-vosgien-flammenkuche-buvette-a-larrivee\/\",\"name\":\"Marche nocturne avec le Club Vosgien - flammenk\u00fcche & buvette \u00e0 l'arriv\u00e9e - Gerardmer Info\",\"isPartOf\":{\"@id\":\"https:\/\/vosgesinfo.fr\/gerardmerinfo\/#website\"},\"primaryImageOfPage\":{\"@id\":\"https:\/\/vosgesinfo.fr\/gerardmerinfo\/2025\/12\/marche-nocturne-avec-le-club-vosgien-flammenkuche-buvette-a-larrivee\/#primaryimage\"},\"image\":{\"@id\":\"https:\/\/vosgesinfo.fr\/gerardmerinfo\/2025\/12\/marche-nocturne-avec-le-club-vosgien-flammenkuche-buvette-a-larrivee\/#primaryimage\"},\"thumbnailUrl\":\"https:\/\/vosgesinfo.fr\/app\/uploads\/sites\/6\/2025\/12\/afffiche-marche-nocturne-2025-v6-3.jpg\",\"datePublished\":\"2025-12-21T10:56:11+00:00\",\"dateModified\":\"2025-12-21T11:14:05+00:00\",\"breadcrumb\":{\"@id\":\"https:\/\/vosgesinfo.fr\/gerardmerinfo\/2025\/12\/marche-nocturne-avec-le-club-vosgien-flammenkuche-buvette-a-larrivee\/#breadcrumb\"},\"inLanguage\":\"fr-FR\",\"potentialAction\":[{\"@type\":\"ReadAction\",\"target\":[\"https:\/\/vosgesinfo.fr\/gerardmerinfo\/2025\/12\/marche-nocturne-avec-le-club-vosgien-flammenkuche-buvette-a-larrivee\/\"]}]},{\"@type\":\"ImageObject\",\"inLanguage\":\"fr-FR\",\"@id\":\"https:\/\/vosgesinfo.fr\/gerardmerinfo\/2025\/12\/marche-nocturne-avec-le-club-vosgien-flammenkuche-buvette-a-larrivee\/#primaryimage\",\"url\":\"https:\/\/vosgesinfo.fr\/app\/uploads\/sites\/6\/2025\/12\/afffiche-marche-nocturne-2025-v6-3.jpg\",\"contentUrl\":\"https:\/\/vosgesinfo.fr\/app\/uploads\/sites\/6\/2025\/12\/afffiche-marche-nocturne-2025-v6-3.jpg\",\"width\":377,\"height\":552},{\"@type\":\"BreadcrumbList\",\"@id\":\"https:\/\/vosgesinfo.fr\/gerardmerinfo\/2025\/12\/marche-nocturne-avec-le-club-vosgien-flammenkuche-buvette-a-larrivee\/#breadcrumb\",\"itemListElement\":[{\"@type\":\"ListItem\",\"position\":1,\"name\":\"Home\",\"item\":\"https:\/\/vosgesinfo.fr\/gerardmerinfo\/\"},{\"@type\":\"ListItem\",\"position\":2,\"name\":\"Marche nocturne avec le Club Vosgien &#8211; flammenk\u00fcche &#038; buvette \u00e0 l&#8217;arriv\u00e9e\"}]},{\"@type\":\"WebSite\",\"@id\":\"https:\/\/vosgesinfo.fr\/gerardmerinfo\/#website\",\"url\":\"https:\/\/vosgesinfo.fr\/gerardmerinfo\/\",\"name\":\"Gerardmer Info\",\"description\":\"Toute l&#039;actualit\u00e9 de G\u00e9rardmer\",\"publisher\":{\"@id\":\"https:\/\/vosgesinfo.fr\/gerardmerinfo\/#organization\"},\"alternateName\":\"Toute l'actualit\u00e9 de G\u00e9rardmer\",\"potentialAction\":[{\"@type\":\"SearchAction\",\"target\":{\"@type\":\"EntryPoint\",\"urlTemplate\":\"https:\/\/vosgesinfo.fr\/gerardmerinfo\/?s={search_term_string}\"},\"query-input\":\"required name=search_term_string\"}],\"inLanguage\":\"fr-FR\"},{\"@type\":\"Organization\",\"@id\":\"https:\/\/vosgesinfo.fr\/gerardmerinfo\/#organization\",\"name\":\"Gerardmer Info\",\"url\":\"https:\/\/vosgesinfo.fr\/gerardmerinfo\/\",\"logo\":{\"@type\":\"ImageObject\",\"inLanguage\":\"fr-FR\",\"@id\":\"https:\/\/vosgesinfo.fr\/gerardmerinfo\/#\/schema\/logo\/image\/\",\"url\":\"https:\/\/vosgesinfo.fr\/app\/uploads\/sites\/6\/2023\/08\/favicon-gerardmerinfo.png\",\"contentUrl\":\"https:\/\/vosgesinfo.fr\/app\/uploads\/sites\/6\/2023\/08\/favicon-gerardmerinfo.png\",\"width\":512,\"height\":512,\"caption\":\"Gerardmer Info\"},\"image\":{\"@id\":\"https:\/\/vosgesinfo.fr\/gerardmerinfo\/#\/schema\/logo\/image\/\"},\"sameAs\":[\"https:\/\/www.facebook.com\/profile.php?id=100049475262660\",\"https:\/\/x.com\/VosgesInfo88\",\"https:\/\/www.youtube.com\/@vosgesinfo\"]},{\"@type\":\"Person\",\"@id\":\"https:\/\/vosgesinfo.fr\/gerardmerinfo\/#\/schema\/person\/27a3695b06db98895b354c0765cdfc31\",\"name\":\"La redaction\",\"image\":{\"@type\":\"ImageObject\",\"inLanguage\":\"fr-FR\",\"@id\":\"https:\/\/vosgesinfo.fr\/gerardmerinfo\/#\/schema\/person\/image\/\",\"url\":\"https:\/\/secure.gravatar.com\/avatar\/64c76a78e501cedee55736f43f332df901e1896ae9cd8fad269ae2236dd0e8b6?s=96&d=mm&r=g\",\"contentUrl\":\"https:\/\/secure.gravatar.com\/avatar\/64c76a78e501cedee55736f43f332df901e1896ae9cd8fad269ae2236dd0e8b6?s=96&d=mm&r=g\",\"caption\":\"La redaction\"},\"url\":\"https:\/\/vosgesinfo.fr\/gerardmerinfo\/author\/la-redaction\/\"}]}<\/script>\n<!-- \/ Yoast SEO plugin. -->","yoast_head_json":{"title":"Marche nocturne avec le Club Vosgien - flammenk\u00fcche & buvette \u00e0 l'arriv\u00e9e - Gerardmer Info","robots":{"index":"index","follow":"follow","max-snippet":"max-snippet:-1","max-image-preview":"max-image-preview:large","max-video-preview":"max-video-preview:-1"},"canonical":"https:\/\/vosgesinfo.fr\/gerardmerinfo\/2025\/12\/marche-nocturne-avec-le-club-vosgien-flammenkuche-buvette-a-larrivee\/","twitter_card":"summary_large_image","twitter_title":"Marche nocturne avec le Club Vosgien - flammenk\u00fcche & buvette \u00e0 l'arriv\u00e9e - Gerardmer Info","twitter_description":"Communiqu\u00e9 Le Club Vosgien de G\u00e9rardmer organise le lundi 22\/12\/2025 \u00e0 partir de 16H30 une marche nocturne au d\u00e9part de [&hellip;]","twitter_image":"https:\/\/vosgesinfo.fr\/app\/uploads\/sites\/6\/2025\/12\/afffiche-marche-nocturne-2025-v6-3.jpg","twitter_creator":"@VosgesInfo88","twitter_site":"@VosgesInfo88","twitter_misc":{"\u00c9crit par":"La redaction","Dur\u00e9e de lecture estim\u00e9e":"1 minute"},"schema":{"@context":"https:\/\/schema.org","@graph":[{"@type":"Article","@id":"https:\/\/vosgesinfo.fr\/gerardmerinfo\/2025\/12\/marche-nocturne-avec-le-club-vosgien-flammenkuche-buvette-a-larrivee\/#article","isPartOf":{"@id":"https:\/\/vosgesinfo.fr\/gerardmerinfo\/2025\/12\/marche-nocturne-avec-le-club-vosgien-flammenkuche-buvette-a-larrivee\/"},"author":{"name":"La redaction","@id":"https:\/\/vosgesinfo.fr\/gerardmerinfo\/#\/schema\/person\/27a3695b06db98895b354c0765cdfc31"},"headline":"Marche nocturne avec le Club Vosgien &#8211; flammenk\u00fcche &#038; buvette \u00e0 l&rsquo;arriv\u00e9e","datePublished":"2025-12-21T10:56:11+00:00","dateModified":"2025-12-21T11:14:05+00:00","mainEntityOfPage":{"@id":"https:\/\/vosgesinfo.fr\/gerardmerinfo\/2025\/12\/marche-nocturne-avec-le-club-vosgien-flammenkuche-buvette-a-larrivee\/"},"wordCount":109,"commentCount":0,"publisher":{"@id":"https:\/\/vosgesinfo.fr\/gerardmerinfo\/#organization"},"image":{"@id":"https:\/\/vosgesinfo.fr\/gerardmerinfo\/2025\/12\/marche-nocturne-avec-le-club-vosgien-flammenkuche-buvette-a-larrivee\/#primaryimage"},"thumbnailUrl":"https:\/\/vosgesinfo.fr\/app\/uploads\/sites\/6\/2025\/12\/afffiche-marche-nocturne-2025-v6-3.jpg","keywords":["Club Vosgien G\u00e9rardmer","march\u00e9 nocturne"],"articleSection":["A la une","G\u00e9rardmer","Gerardmer"],"inLanguage":"fr-FR","potentialAction":[{"@type":"CommentAction","name":"Comment","target":["https:\/\/vosgesinfo.fr\/gerardmerinfo\/2025\/12\/marche-nocturne-avec-le-club-vosgien-flammenkuche-buvette-a-larrivee\/#respond"]}]},{"@type":"WebPage","@id":"https:\/\/vosgesinfo.fr\/gerardmerinfo\/2025\/12\/marche-nocturne-avec-le-club-vosgien-flammenkuche-buvette-a-larrivee\/","url":"https:\/\/vosgesinfo.fr\/gerardmerinfo\/2025\/12\/marche-nocturne-avec-le-club-vosgien-flammenkuche-buvette-a-larrivee\/","name":"Marche nocturne avec le Club Vosgien - flammenk\u00fcche & buvette \u00e0 l'arriv\u00e9e - Gerardmer Info","isPartOf":{"@id":"https:\/\/vosgesinfo.fr\/gerardmerinfo\/#website"},"primaryImageOfPage":{"@id":"https:\/\/vosgesinfo.fr\/gerardmerinfo\/2025\/12\/marche-nocturne-avec-le-club-vosgien-flammenkuche-buvette-a-larrivee\/#primaryimage"},"image":{"@id":"https:\/\/vosgesinfo.fr\/gerardmerinfo\/2025\/12\/marche-nocturne-avec-le-club-vosgien-flammenkuche-buvette-a-larrivee\/#primaryimage"},"thumbnailUrl":"https:\/\/vosgesinfo.fr\/app\/uploads\/sites\/6\/2025\/12\/afffiche-marche-nocturne-2025-v6-3.jpg","datePublished":"2025-12-21T10:56:11+00:00","dateModified":"2025-12-21T11:14:05+00:00","breadcrumb":{"@id":"https:\/\/vosgesinfo.fr\/gerardmerinfo\/2025\/12\/marche-nocturne-avec-le-club-vosgien-flammenkuche-buvette-a-larrivee\/#breadcrumb"},"inLanguage":"fr-FR","potentialAction":[{"@type":"ReadAction","target":["https:\/\/vosgesinfo.fr\/gerardmerinfo\/2025\/12\/marche-nocturne-avec-le-club-vosgien-flammenkuche-buvette-a-larrivee\/"]}]},{"@type":"ImageObject","inLanguage":"fr-FR","@id":"https:\/\/vosgesinfo.fr\/gerardmerinfo\/2025\/12\/marche-nocturne-avec-le-club-vosgien-flammenkuche-buvette-a-larrivee\/#primaryimage","url":"https:\/\/vosgesinfo.fr\/app\/uploads\/sites\/6\/2025\/12\/afffiche-marche-nocturne-2025-v6-3.jpg","contentUrl":"https:\/\/vosgesinfo.fr\/app\/uploads\/sites\/6\/2025\/12\/afffiche-marche-nocturne-2025-v6-3.jpg","width":377,"height":552},{"@type":"BreadcrumbList","@id":"https:\/\/vosgesinfo.fr\/gerardmerinfo\/2025\/12\/marche-nocturne-avec-le-club-vosgien-flammenkuche-buvette-a-larrivee\/#breadcrumb","itemListElement":[{"@type":"ListItem","position":1,"name":"Home","item":"https:\/\/vosgesinfo.fr\/gerardmerinfo\/"},{"@type":"ListItem","position":2,"name":"Marche nocturne avec le Club Vosgien &#8211; flammenk\u00fcche &#038; buvette \u00e0 l&#8217;arriv\u00e9e"}]},{"@type":"WebSite","@id":"https:\/\/vosgesinfo.fr\/gerardmerinfo\/#website","url":"https:\/\/vosgesinfo.fr\/gerardmerinfo\/","name":"Gerardmer Info","description":"Toute l&#039;actualit\u00e9 de G\u00e9rardmer","publisher":{"@id":"https:\/\/vosgesinfo.fr\/gerardmerinfo\/#organization"},"alternateName":"Toute l'actualit\u00e9 de G\u00e9rardmer","potentialAction":[{"@type":"SearchAction","target":{"@type":"EntryPoint","urlTemplate":"https:\/\/vosgesinfo.fr\/gerardmerinfo\/?s={search_term_string}"},"query-input":"required name=search_term_string"}],"inLanguage":"fr-FR"},{"@type":"Organization","@id":"https:\/\/vosgesinfo.fr\/gerardmerinfo\/#organization","name":"Gerardmer Info","url":"https:\/\/vosgesinfo.fr\/gerardmerinfo\/","logo":{"@type":"ImageObject","inLanguage":"fr-FR","@id":"https:\/\/vosgesinfo.fr\/gerardmerinfo\/#\/schema\/logo\/image\/","url":"https:\/\/vosgesinfo.fr\/app\/uploads\/sites\/6\/2023\/08\/favicon-gerardmerinfo.png","contentUrl":"https:\/\/vosgesinfo.fr\/app\/uploads\/sites\/6\/2023\/08\/favicon-gerardmerinfo.png","width":512,"height":512,"caption":"Gerardmer Info"},"image":{"@id":"https:\/\/vosgesinfo.fr\/gerardmerinfo\/#\/schema\/logo\/image\/"},"sameAs":["https:\/\/www.facebook.com\/profile.php?id=100049475262660","https:\/\/x.com\/VosgesInfo88","https:\/\/www.youtube.com\/@vosgesinfo"]},{"@type":"Person","@id":"https:\/\/vosgesinfo.fr\/gerardmerinfo\/#\/schema\/person\/27a3695b06db98895b354c0765cdfc31","name":"La redaction","image":{"@type":"ImageObject","inLanguage":"fr-FR","@id":"https:\/\/vosgesinfo.fr\/gerardmerinfo\/#\/schema\/person\/image\/","url":"https:\/\/secure.gravatar.com\/avatar\/64c76a78e501cedee55736f43f332df901e1896ae9cd8fad269ae2236dd0e8b6?s=96&d=mm&r=g","contentUrl":"https:\/\/secure.gravatar.com\/avatar\/64c76a78e501cedee55736f43f332df901e1896ae9cd8fad269ae2236dd0e8b6?s=96&d=mm&r=g","caption":"La redaction"},"url":"https:\/\/vosgesinfo.fr\/gerardmerinfo\/author\/la-redaction\/"}]}},"_links":{"self":[{"href":"https:\/\/vosgesinfo.fr\/gerardmerinfo\/wp-json\/wp\/v2\/posts\/85401","targetHints":{"allow":["GET"]}}],"collection":[{"href":"https:\/\/vosgesinfo.fr\/gerardmerinfo\/wp-json\/wp\/v2\/posts"}],"about":[{"href":"https:\/\/vosgesinfo.fr\/gerardmerinfo\/wp-json\/wp\/v2\/types\/post"}],"author":[{"embeddable":true,"href":"https:\/\/vosgesinfo.fr\/gerardmerinfo\/wp-json\/wp\/v2\/users\/391"}],"replies":[{"embeddable":true,"href":"https:\/\/vosgesinfo.fr\/gerardmerinfo\/wp-json\/wp\/v2\/comments?post=85401"}],"version-history":[{"count":2,"href":"https:\/\/vosgesinfo.fr\/gerardmerinfo\/wp-json\/wp\/v2\/posts\/85401\/revisions"}],"predecessor-version":[{"id":85633,"href":"https:\/\/vosgesinfo.fr\/gerardmerinfo\/wp-json\/wp\/v2\/posts\/85401\/revisions\/85633"}],"wp:featuredmedia":[{"embeddable":true,"href":"https:\/\/vosgesinfo.fr\/gerardmerinfo\/wp-json\/wp\/v2\/media\/85402"}],"wp:attachment":[{"href":"https:\/\/vosgesinfo.fr\/gerardmerinfo\/wp-json\/wp\/v2\/media?parent=85401"}],"wp:term":[{"taxonomy":"category","embeddable":true,"href":"https:\/\/vosgesinfo.fr\/gerardmerinfo\/wp-json\/wp\/v2\/categories?post=85401"},{"taxonomy":"post_tag","embeddable":true,"href":"https:\/\/vosgesinfo.fr\/gerardmerinfo\/wp-json\/wp\/v2\/tags?post=85401"}],"curies":[{"name":"wp","href":"https:\/\/api.w.org\/{rel}","templated":true}]}}