{"id":85579,"date":"2025-12-10T05:52:47","date_gmt":"2025-12-10T04:52:47","guid":{"rendered":"https:\/\/vosgesinfo.fr\/gerardmerinfo\/?p=85579"},"modified":"2025-12-08T20:46:48","modified_gmt":"2025-12-08T19:46:48","slug":"festival-la-vosgpatte-samedi-20-decembre-a-la-mcl-de-gerardmer","status":"publish","type":"post","link":"https:\/\/vosgesinfo.fr\/gerardmerinfo\/2025\/12\/festival-la-vosgpatte-samedi-20-decembre-a-la-mcl-de-gerardmer\/","title":{"rendered":"Festival La Vosg&rsquo;patte &#8211; samedi 20 d\u00e9cembre \u00e0 la MCL de G\u00e9rardmer"},"content":{"rendered":"<div>\n<div>\n<div>\n<div>\n<p style=\"text-align: center;\"><strong><span style=\"font-size: large;\" data-olk-copy-source=\"MessageBody\">CONCERT &#8211; FESTIVAL LA VOSG\u2019PATTE<\/span><\/strong><\/p>\n<p><span style=\"font-size: large;\">SAMEDI 20 D\u00c9CEMBRE \u00c0 20H30<\/span><\/p>\n<\/div>\n<\/div>\n<\/div>\n<p>La Vosg\u2019patte est un festival visant \u00e0 mettre en valeur les groupes du d\u00e9partement en leur proposant une sc\u00e8ne en condition professionnelle en son et en lumi\u00e8res.<\/p>\n<p>&nbsp;<\/p>\n<p>CLEM\u2019Z<\/p>\n<p>&nbsp;<\/p>\n<p>Cl\u00e9mence alias Clem\u2019Z est une chanteuse autodidacte qui se produit depuis une dizaine d\u2019ann\u00e9es maintenant. Passionn\u00e9e de chant depuis toujours, elle a particip\u00e9 \u00e0 divers concours fran\u00e7ais et a notamment remport\u00e9 cette ann\u00e9e le Challenge de la chanson internationale dans les Ardennes. Elle a sorti un EP en 2017 qui se nomme \u00ab Tu Capital \u00bb, mais chante \u00e9galement des reprises Pop-Rock. Vous pouvez \u00e9galement la retrouver avec les groupes Vintage (rock\u2019n roll) et Vendest pour le plaisir de tous.<\/p>\n<p>&nbsp;<\/p>\n<p>DES RAISONS<\/p>\n<p>&nbsp;<\/p>\n<p>Collectif musical aux influences diverses, des textes en fran\u00e7ais qui, sur des musiques entra\u00eenantes, parlent du monde d\u2019aujourd\u2019hui\u2026 et invitent \u00e0 penser celui de demain. Texte, accord\u00e9on, chant : Cayu. Balafon, ch\u0153ur : Fabien Diehl. Guitare, ch\u0153ur : J\u00e9r\u00e9my Rouz\u00e9. Ch\u0153ur : Romain Jeanvoine.<\/p>\n<p>&nbsp;<\/p>\n<p>ST\u00c9PHANE MENET<\/p>\n<p>&nbsp;<\/p>\n<p>Artiste local aux multiples projets, passionn\u00e9 de montagne et de musique, St\u00e9phane Menet vient de sortir son premier EP nomm\u00e9 \u201cRouge Exquis\u201d, disponible sur toutes les plateformes de streaming. Le musicien pr\u00e9sentera ses compositions entre rock Noisy et ballade rock.<\/p>\n<\/div>\n<div>TARIFS : 10\u20ac adultes \/ 8\u20ac adh. MCL \/ 5\u20ac &#8211; de 12 ans<\/div>\n<div><\/div>\n<div><a title=\"https:\/\/billetterie.seetickets.fr\/festival-la-vosg-patte-concert-mcl-gerardmer-20-decembre-2025-css5-mclgerardmer-pg101-ri11383171.html\" href=\"https:\/\/billetterie.seetickets.fr\/festival-la-vosg-patte-concert-mcl-gerardmer-20-decembre-2025-css5-mclgerardmer-pg101-ri11383171.html\" target=\"_blank\" rel=\"noopener noreferrer\" data-auth=\"NotApplicable\" data-linkindex=\"0\">https:\/\/billetterie.seetickets.fr\/festival-la-vosg-patte-concert-mcl-gerardmer-20-decembre-2025-css5-mclgerardmer-pg101-ri11383171.html<\/a><\/div>\n<div><\/div>\n","protected":false},"excerpt":{"rendered":"<p>CONCERT &#8211; FESTIVAL LA VOSG\u2019PATTE SAMEDI 20 D\u00c9CEMBRE \u00c0 20H30 La Vosg\u2019patte est un festival visant \u00e0 mettre en valeur [&hellip;]<\/p>\n","protected":false},"author":391,"featured_media":61501,"comment_status":"open","ping_status":"open","sticky":false,"template":"","format":"standard","meta":{"footnotes":""},"categories":[20,34,25,5647,18],"tags":[],"class_list":["post-85579","post","type-post","status-publish","format-standard","has-post-thumbnail","hentry","category-a-la-une","category-concert","category-gerardmer","category-gerardmer-autres-sites","category-vosges"],"acf":[],"yoast_head":"<!-- This site is optimized with the Yoast SEO plugin v22.5 - https:\/\/yoast.com\/wordpress\/plugins\/seo\/ -->\n<title>Festival La Vosg&#039;patte - samedi 20 d\u00e9cembre \u00e0 la MCL de G\u00e9rardmer - Gerardmer Info<\/title>\n<meta name=\"robots\" content=\"index, follow, max-snippet:-1, max-image-preview:large, max-video-preview:-1\" \/>\n<link rel=\"canonical\" href=\"https:\/\/vosgesinfo.fr\/gerardmerinfo\/2025\/12\/festival-la-vosgpatte-samedi-20-decembre-a-la-mcl-de-gerardmer\/\" \/>\n<meta name=\"twitter:card\" content=\"summary_large_image\" \/>\n<meta name=\"twitter:title\" content=\"Festival La Vosg&#039;patte - samedi 20 d\u00e9cembre \u00e0 la MCL de G\u00e9rardmer - Gerardmer Info\" \/>\n<meta name=\"twitter:description\" content=\"CONCERT &#8211; FESTIVAL LA VOSG\u2019PATTE SAMEDI 20 D\u00c9CEMBRE \u00c0 20H30 La Vosg\u2019patte est un festival visant \u00e0 mettre en valeur [&hellip;]\" \/>\n<meta name=\"twitter:image\" content=\"https:\/\/vosgesinfo.fr\/app\/uploads\/sites\/6\/2024\/07\/202209logo-mcl-2022-2.jpg\" \/>\n<meta name=\"twitter:creator\" content=\"@VosgesInfo88\" \/>\n<meta name=\"twitter:site\" content=\"@VosgesInfo88\" \/>\n<meta name=\"twitter:label1\" content=\"\u00c9crit par\" \/>\n\t<meta name=\"twitter:data1\" content=\"La redaction\" \/>\n\t<meta name=\"twitter:label2\" content=\"Dur\u00e9e de lecture estim\u00e9e\" \/>\n\t<meta name=\"twitter:data2\" content=\"2 minutes\" \/>\n<script type=\"application\/ld+json\" class=\"yoast-schema-graph\">{\"@context\":\"https:\/\/schema.org\",\"@graph\":[{\"@type\":\"Article\",\"@id\":\"https:\/\/vosgesinfo.fr\/gerardmerinfo\/2025\/12\/festival-la-vosgpatte-samedi-20-decembre-a-la-mcl-de-gerardmer\/#article\",\"isPartOf\":{\"@id\":\"https:\/\/vosgesinfo.fr\/gerardmerinfo\/2025\/12\/festival-la-vosgpatte-samedi-20-decembre-a-la-mcl-de-gerardmer\/\"},\"author\":{\"name\":\"La redaction\",\"@id\":\"https:\/\/vosgesinfo.fr\/gerardmerinfo\/#\/schema\/person\/27a3695b06db98895b354c0765cdfc31\"},\"headline\":\"Festival La Vosg&rsquo;patte &#8211; samedi 20 d\u00e9cembre \u00e0 la MCL de G\u00e9rardmer\",\"datePublished\":\"2025-12-10T04:52:47+00:00\",\"dateModified\":\"2025-12-08T19:46:48+00:00\",\"mainEntityOfPage\":{\"@id\":\"https:\/\/vosgesinfo.fr\/gerardmerinfo\/2025\/12\/festival-la-vosgpatte-samedi-20-decembre-a-la-mcl-de-gerardmer\/\"},\"wordCount\":258,\"commentCount\":0,\"publisher\":{\"@id\":\"https:\/\/vosgesinfo.fr\/gerardmerinfo\/#organization\"},\"image\":{\"@id\":\"https:\/\/vosgesinfo.fr\/gerardmerinfo\/2025\/12\/festival-la-vosgpatte-samedi-20-decembre-a-la-mcl-de-gerardmer\/#primaryimage\"},\"thumbnailUrl\":\"https:\/\/vosgesinfo.fr\/app\/uploads\/sites\/6\/2024\/07\/202209logo-mcl-2022-2.jpg\",\"articleSection\":[\"A la une\",\"Concert\",\"G\u00e9rardmer\",\"Gerardmer\",\"Vosges\"],\"inLanguage\":\"fr-FR\",\"potentialAction\":[{\"@type\":\"CommentAction\",\"name\":\"Comment\",\"target\":[\"https:\/\/vosgesinfo.fr\/gerardmerinfo\/2025\/12\/festival-la-vosgpatte-samedi-20-decembre-a-la-mcl-de-gerardmer\/#respond\"]}]},{\"@type\":\"WebPage\",\"@id\":\"https:\/\/vosgesinfo.fr\/gerardmerinfo\/2025\/12\/festival-la-vosgpatte-samedi-20-decembre-a-la-mcl-de-gerardmer\/\",\"url\":\"https:\/\/vosgesinfo.fr\/gerardmerinfo\/2025\/12\/festival-la-vosgpatte-samedi-20-decembre-a-la-mcl-de-gerardmer\/\",\"name\":\"Festival La Vosg'patte - samedi 20 d\u00e9cembre \u00e0 la MCL de G\u00e9rardmer - Gerardmer Info\",\"isPartOf\":{\"@id\":\"https:\/\/vosgesinfo.fr\/gerardmerinfo\/#website\"},\"primaryImageOfPage\":{\"@id\":\"https:\/\/vosgesinfo.fr\/gerardmerinfo\/2025\/12\/festival-la-vosgpatte-samedi-20-decembre-a-la-mcl-de-gerardmer\/#primaryimage\"},\"image\":{\"@id\":\"https:\/\/vosgesinfo.fr\/gerardmerinfo\/2025\/12\/festival-la-vosgpatte-samedi-20-decembre-a-la-mcl-de-gerardmer\/#primaryimage\"},\"thumbnailUrl\":\"https:\/\/vosgesinfo.fr\/app\/uploads\/sites\/6\/2024\/07\/202209logo-mcl-2022-2.jpg\",\"datePublished\":\"2025-12-10T04:52:47+00:00\",\"dateModified\":\"2025-12-08T19:46:48+00:00\",\"breadcrumb\":{\"@id\":\"https:\/\/vosgesinfo.fr\/gerardmerinfo\/2025\/12\/festival-la-vosgpatte-samedi-20-decembre-a-la-mcl-de-gerardmer\/#breadcrumb\"},\"inLanguage\":\"fr-FR\",\"potentialAction\":[{\"@type\":\"ReadAction\",\"target\":[\"https:\/\/vosgesinfo.fr\/gerardmerinfo\/2025\/12\/festival-la-vosgpatte-samedi-20-decembre-a-la-mcl-de-gerardmer\/\"]}]},{\"@type\":\"ImageObject\",\"inLanguage\":\"fr-FR\",\"@id\":\"https:\/\/vosgesinfo.fr\/gerardmerinfo\/2025\/12\/festival-la-vosgpatte-samedi-20-decembre-a-la-mcl-de-gerardmer\/#primaryimage\",\"url\":\"https:\/\/vosgesinfo.fr\/app\/uploads\/sites\/6\/2024\/07\/202209logo-mcl-2022-2.jpg\",\"contentUrl\":\"https:\/\/vosgesinfo.fr\/app\/uploads\/sites\/6\/2024\/07\/202209logo-mcl-2022-2.jpg\",\"width\":576,\"height\":532},{\"@type\":\"BreadcrumbList\",\"@id\":\"https:\/\/vosgesinfo.fr\/gerardmerinfo\/2025\/12\/festival-la-vosgpatte-samedi-20-decembre-a-la-mcl-de-gerardmer\/#breadcrumb\",\"itemListElement\":[{\"@type\":\"ListItem\",\"position\":1,\"name\":\"Home\",\"item\":\"https:\/\/vosgesinfo.fr\/gerardmerinfo\/\"},{\"@type\":\"ListItem\",\"position\":2,\"name\":\"Festival La Vosg&rsquo;patte &#8211; samedi 20 d\u00e9cembre \u00e0 la MCL de G\u00e9rardmer\"}]},{\"@type\":\"WebSite\",\"@id\":\"https:\/\/vosgesinfo.fr\/gerardmerinfo\/#website\",\"url\":\"https:\/\/vosgesinfo.fr\/gerardmerinfo\/\",\"name\":\"Gerardmer Info\",\"description\":\"Toute l&#039;actualit\u00e9 de G\u00e9rardmer\",\"publisher\":{\"@id\":\"https:\/\/vosgesinfo.fr\/gerardmerinfo\/#organization\"},\"alternateName\":\"Toute l'actualit\u00e9 de G\u00e9rardmer\",\"potentialAction\":[{\"@type\":\"SearchAction\",\"target\":{\"@type\":\"EntryPoint\",\"urlTemplate\":\"https:\/\/vosgesinfo.fr\/gerardmerinfo\/?s={search_term_string}\"},\"query-input\":\"required name=search_term_string\"}],\"inLanguage\":\"fr-FR\"},{\"@type\":\"Organization\",\"@id\":\"https:\/\/vosgesinfo.fr\/gerardmerinfo\/#organization\",\"name\":\"Gerardmer Info\",\"url\":\"https:\/\/vosgesinfo.fr\/gerardmerinfo\/\",\"logo\":{\"@type\":\"ImageObject\",\"inLanguage\":\"fr-FR\",\"@id\":\"https:\/\/vosgesinfo.fr\/gerardmerinfo\/#\/schema\/logo\/image\/\",\"url\":\"https:\/\/vosgesinfo.fr\/app\/uploads\/sites\/6\/2023\/08\/favicon-gerardmerinfo.png\",\"contentUrl\":\"https:\/\/vosgesinfo.fr\/app\/uploads\/sites\/6\/2023\/08\/favicon-gerardmerinfo.png\",\"width\":512,\"height\":512,\"caption\":\"Gerardmer Info\"},\"image\":{\"@id\":\"https:\/\/vosgesinfo.fr\/gerardmerinfo\/#\/schema\/logo\/image\/\"},\"sameAs\":[\"https:\/\/www.facebook.com\/profile.php?id=100049475262660\",\"https:\/\/x.com\/VosgesInfo88\",\"https:\/\/www.youtube.com\/@vosgesinfo\"]},{\"@type\":\"Person\",\"@id\":\"https:\/\/vosgesinfo.fr\/gerardmerinfo\/#\/schema\/person\/27a3695b06db98895b354c0765cdfc31\",\"name\":\"La redaction\",\"image\":{\"@type\":\"ImageObject\",\"inLanguage\":\"fr-FR\",\"@id\":\"https:\/\/vosgesinfo.fr\/gerardmerinfo\/#\/schema\/person\/image\/\",\"url\":\"https:\/\/secure.gravatar.com\/avatar\/64c76a78e501cedee55736f43f332df901e1896ae9cd8fad269ae2236dd0e8b6?s=96&d=mm&r=g\",\"contentUrl\":\"https:\/\/secure.gravatar.com\/avatar\/64c76a78e501cedee55736f43f332df901e1896ae9cd8fad269ae2236dd0e8b6?s=96&d=mm&r=g\",\"caption\":\"La redaction\"},\"url\":\"https:\/\/vosgesinfo.fr\/gerardmerinfo\/author\/la-redaction\/\"}]}<\/script>\n<!-- \/ Yoast SEO plugin. -->","yoast_head_json":{"title":"Festival La Vosg'patte - samedi 20 d\u00e9cembre \u00e0 la MCL de G\u00e9rardmer - Gerardmer Info","robots":{"index":"index","follow":"follow","max-snippet":"max-snippet:-1","max-image-preview":"max-image-preview:large","max-video-preview":"max-video-preview:-1"},"canonical":"https:\/\/vosgesinfo.fr\/gerardmerinfo\/2025\/12\/festival-la-vosgpatte-samedi-20-decembre-a-la-mcl-de-gerardmer\/","twitter_card":"summary_large_image","twitter_title":"Festival La Vosg'patte - samedi 20 d\u00e9cembre \u00e0 la MCL de G\u00e9rardmer - Gerardmer Info","twitter_description":"CONCERT &#8211; FESTIVAL LA VOSG\u2019PATTE SAMEDI 20 D\u00c9CEMBRE \u00c0 20H30 La Vosg\u2019patte est un festival visant \u00e0 mettre en valeur [&hellip;]","twitter_image":"https:\/\/vosgesinfo.fr\/app\/uploads\/sites\/6\/2024\/07\/202209logo-mcl-2022-2.jpg","twitter_creator":"@VosgesInfo88","twitter_site":"@VosgesInfo88","twitter_misc":{"\u00c9crit par":"La redaction","Dur\u00e9e de lecture estim\u00e9e":"2 minutes"},"schema":{"@context":"https:\/\/schema.org","@graph":[{"@type":"Article","@id":"https:\/\/vosgesinfo.fr\/gerardmerinfo\/2025\/12\/festival-la-vosgpatte-samedi-20-decembre-a-la-mcl-de-gerardmer\/#article","isPartOf":{"@id":"https:\/\/vosgesinfo.fr\/gerardmerinfo\/2025\/12\/festival-la-vosgpatte-samedi-20-decembre-a-la-mcl-de-gerardmer\/"},"author":{"name":"La redaction","@id":"https:\/\/vosgesinfo.fr\/gerardmerinfo\/#\/schema\/person\/27a3695b06db98895b354c0765cdfc31"},"headline":"Festival La Vosg&rsquo;patte &#8211; samedi 20 d\u00e9cembre \u00e0 la MCL de G\u00e9rardmer","datePublished":"2025-12-10T04:52:47+00:00","dateModified":"2025-12-08T19:46:48+00:00","mainEntityOfPage":{"@id":"https:\/\/vosgesinfo.fr\/gerardmerinfo\/2025\/12\/festival-la-vosgpatte-samedi-20-decembre-a-la-mcl-de-gerardmer\/"},"wordCount":258,"commentCount":0,"publisher":{"@id":"https:\/\/vosgesinfo.fr\/gerardmerinfo\/#organization"},"image":{"@id":"https:\/\/vosgesinfo.fr\/gerardmerinfo\/2025\/12\/festival-la-vosgpatte-samedi-20-decembre-a-la-mcl-de-gerardmer\/#primaryimage"},"thumbnailUrl":"https:\/\/vosgesinfo.fr\/app\/uploads\/sites\/6\/2024\/07\/202209logo-mcl-2022-2.jpg","articleSection":["A la une","Concert","G\u00e9rardmer","Gerardmer","Vosges"],"inLanguage":"fr-FR","potentialAction":[{"@type":"CommentAction","name":"Comment","target":["https:\/\/vosgesinfo.fr\/gerardmerinfo\/2025\/12\/festival-la-vosgpatte-samedi-20-decembre-a-la-mcl-de-gerardmer\/#respond"]}]},{"@type":"WebPage","@id":"https:\/\/vosgesinfo.fr\/gerardmerinfo\/2025\/12\/festival-la-vosgpatte-samedi-20-decembre-a-la-mcl-de-gerardmer\/","url":"https:\/\/vosgesinfo.fr\/gerardmerinfo\/2025\/12\/festival-la-vosgpatte-samedi-20-decembre-a-la-mcl-de-gerardmer\/","name":"Festival La Vosg'patte - samedi 20 d\u00e9cembre \u00e0 la MCL de G\u00e9rardmer - Gerardmer Info","isPartOf":{"@id":"https:\/\/vosgesinfo.fr\/gerardmerinfo\/#website"},"primaryImageOfPage":{"@id":"https:\/\/vosgesinfo.fr\/gerardmerinfo\/2025\/12\/festival-la-vosgpatte-samedi-20-decembre-a-la-mcl-de-gerardmer\/#primaryimage"},"image":{"@id":"https:\/\/vosgesinfo.fr\/gerardmerinfo\/2025\/12\/festival-la-vosgpatte-samedi-20-decembre-a-la-mcl-de-gerardmer\/#primaryimage"},"thumbnailUrl":"https:\/\/vosgesinfo.fr\/app\/uploads\/sites\/6\/2024\/07\/202209logo-mcl-2022-2.jpg","datePublished":"2025-12-10T04:52:47+00:00","dateModified":"2025-12-08T19:46:48+00:00","breadcrumb":{"@id":"https:\/\/vosgesinfo.fr\/gerardmerinfo\/2025\/12\/festival-la-vosgpatte-samedi-20-decembre-a-la-mcl-de-gerardmer\/#breadcrumb"},"inLanguage":"fr-FR","potentialAction":[{"@type":"ReadAction","target":["https:\/\/vosgesinfo.fr\/gerardmerinfo\/2025\/12\/festival-la-vosgpatte-samedi-20-decembre-a-la-mcl-de-gerardmer\/"]}]},{"@type":"ImageObject","inLanguage":"fr-FR","@id":"https:\/\/vosgesinfo.fr\/gerardmerinfo\/2025\/12\/festival-la-vosgpatte-samedi-20-decembre-a-la-mcl-de-gerardmer\/#primaryimage","url":"https:\/\/vosgesinfo.fr\/app\/uploads\/sites\/6\/2024\/07\/202209logo-mcl-2022-2.jpg","contentUrl":"https:\/\/vosgesinfo.fr\/app\/uploads\/sites\/6\/2024\/07\/202209logo-mcl-2022-2.jpg","width":576,"height":532},{"@type":"BreadcrumbList","@id":"https:\/\/vosgesinfo.fr\/gerardmerinfo\/2025\/12\/festival-la-vosgpatte-samedi-20-decembre-a-la-mcl-de-gerardmer\/#breadcrumb","itemListElement":[{"@type":"ListItem","position":1,"name":"Home","item":"https:\/\/vosgesinfo.fr\/gerardmerinfo\/"},{"@type":"ListItem","position":2,"name":"Festival La Vosg&rsquo;patte &#8211; samedi 20 d\u00e9cembre \u00e0 la MCL de G\u00e9rardmer"}]},{"@type":"WebSite","@id":"https:\/\/vosgesinfo.fr\/gerardmerinfo\/#website","url":"https:\/\/vosgesinfo.fr\/gerardmerinfo\/","name":"Gerardmer Info","description":"Toute l&#039;actualit\u00e9 de G\u00e9rardmer","publisher":{"@id":"https:\/\/vosgesinfo.fr\/gerardmerinfo\/#organization"},"alternateName":"Toute l'actualit\u00e9 de G\u00e9rardmer","potentialAction":[{"@type":"SearchAction","target":{"@type":"EntryPoint","urlTemplate":"https:\/\/vosgesinfo.fr\/gerardmerinfo\/?s={search_term_string}"},"query-input":"required name=search_term_string"}],"inLanguage":"fr-FR"},{"@type":"Organization","@id":"https:\/\/vosgesinfo.fr\/gerardmerinfo\/#organization","name":"Gerardmer Info","url":"https:\/\/vosgesinfo.fr\/gerardmerinfo\/","logo":{"@type":"ImageObject","inLanguage":"fr-FR","@id":"https:\/\/vosgesinfo.fr\/gerardmerinfo\/#\/schema\/logo\/image\/","url":"https:\/\/vosgesinfo.fr\/app\/uploads\/sites\/6\/2023\/08\/favicon-gerardmerinfo.png","contentUrl":"https:\/\/vosgesinfo.fr\/app\/uploads\/sites\/6\/2023\/08\/favicon-gerardmerinfo.png","width":512,"height":512,"caption":"Gerardmer Info"},"image":{"@id":"https:\/\/vosgesinfo.fr\/gerardmerinfo\/#\/schema\/logo\/image\/"},"sameAs":["https:\/\/www.facebook.com\/profile.php?id=100049475262660","https:\/\/x.com\/VosgesInfo88","https:\/\/www.youtube.com\/@vosgesinfo"]},{"@type":"Person","@id":"https:\/\/vosgesinfo.fr\/gerardmerinfo\/#\/schema\/person\/27a3695b06db98895b354c0765cdfc31","name":"La redaction","image":{"@type":"ImageObject","inLanguage":"fr-FR","@id":"https:\/\/vosgesinfo.fr\/gerardmerinfo\/#\/schema\/person\/image\/","url":"https:\/\/secure.gravatar.com\/avatar\/64c76a78e501cedee55736f43f332df901e1896ae9cd8fad269ae2236dd0e8b6?s=96&d=mm&r=g","contentUrl":"https:\/\/secure.gravatar.com\/avatar\/64c76a78e501cedee55736f43f332df901e1896ae9cd8fad269ae2236dd0e8b6?s=96&d=mm&r=g","caption":"La redaction"},"url":"https:\/\/vosgesinfo.fr\/gerardmerinfo\/author\/la-redaction\/"}]}},"_links":{"self":[{"href":"https:\/\/vosgesinfo.fr\/gerardmerinfo\/wp-json\/wp\/v2\/posts\/85579","targetHints":{"allow":["GET"]}}],"collection":[{"href":"https:\/\/vosgesinfo.fr\/gerardmerinfo\/wp-json\/wp\/v2\/posts"}],"about":[{"href":"https:\/\/vosgesinfo.fr\/gerardmerinfo\/wp-json\/wp\/v2\/types\/post"}],"author":[{"embeddable":true,"href":"https:\/\/vosgesinfo.fr\/gerardmerinfo\/wp-json\/wp\/v2\/users\/391"}],"replies":[{"embeddable":true,"href":"https:\/\/vosgesinfo.fr\/gerardmerinfo\/wp-json\/wp\/v2\/comments?post=85579"}],"version-history":[{"count":3,"href":"https:\/\/vosgesinfo.fr\/gerardmerinfo\/wp-json\/wp\/v2\/posts\/85579\/revisions"}],"predecessor-version":[{"id":85587,"href":"https:\/\/vosgesinfo.fr\/gerardmerinfo\/wp-json\/wp\/v2\/posts\/85579\/revisions\/85587"}],"wp:featuredmedia":[{"embeddable":true,"href":"https:\/\/vosgesinfo.fr\/gerardmerinfo\/wp-json\/wp\/v2\/media\/61501"}],"wp:attachment":[{"href":"https:\/\/vosgesinfo.fr\/gerardmerinfo\/wp-json\/wp\/v2\/media?parent=85579"}],"wp:term":[{"taxonomy":"category","embeddable":true,"href":"https:\/\/vosgesinfo.fr\/gerardmerinfo\/wp-json\/wp\/v2\/categories?post=85579"},{"taxonomy":"post_tag","embeddable":true,"href":"https:\/\/vosgesinfo.fr\/gerardmerinfo\/wp-json\/wp\/v2\/tags?post=85579"}],"curies":[{"name":"wp","href":"https:\/\/api.w.org\/{rel}","templated":true}]}}